{"id":100,"date":"2024-08-01T12:50:34","date_gmt":"2024-08-01T10:50:34","guid":{"rendered":"http:\/\/ludzieikrajobrazy.muzeumleszno.pl\/?p=100"},"modified":"2024-09-16T13:32:17","modified_gmt":"2024-09-16T11:32:17","slug":"hello-world","status":"publish","type":"post","link":"http:\/\/ludzieikrajobrazy.muzeumleszno.pl\/?p=100","title":{"rendered":"Boszkowo. Pla\u017ca, oko\u0142o 1928\u20131929 roku"},"content":{"rendered":"\n<p class=\"p1\">Boszkowo i Jezioro Dominickie od dekad nale\u017c\u0105 do ulubionych miejsc wypoczynku mieszka\u0144c\u00f3w Leszna. Tradycje te si\u0119gaj\u0105 pocz\u0105tk\u00f3w XX wieku. Szybki rozw\u00f3j infrastruktury turystycznej datuje si\u0119 od okresu mi\u0119dzywojennego, ale szczeg\u00f3lnie znaczenie o\u015brodek zyska\u0142 po 1945 roku. Najbardziej znanym miejscem by\u0142o letnisko \u201eSyrena\u201d, stworzone z inicjatywy doktora Bystrzy\u0144skiego z W\u0142oszakowic. Na brzegu zacz\u0119to wznosi\u0107 obiekty rekreacyjne, w tym restauracj\u0119 i will\u0119 dla letnik\u00f3w, a tak\u017ce pomosty i punkty wynajmu sprz\u0119tu wodnego. Jezioro o \u0142agodnie opadaj\u0105cym piaszczystym brzegu zapewnia wszystkim bezpieczny wypoczynek i zach\u0119ca do cz\u0119stych odwiedzin. Dla wczasowicz\u00f3w organizowano r\u00f3\u017cne imprezy, m.in. Dni Morza. Pozytywne opinie o walorach wypoczynkowych miejscowo\u015bci dociera\u0142y r\u00f3wnie\u017c do stolicy regionu \u2013 Poznania. W okresie letnim uruchamiano nawet bezpo\u015brednie po\u0142\u0105czenia kolejowe Pozna\u0144-Boszkowo.<\/p>\n\n\n\n<p class=\"p1\">Pla\u017ca w Boszkowie by\u0142a miejscem wypoczynku i kole\u017ce\u0144skich spotka\u0144 m.in. dla cz\u0142onk\u00f3w Ko\u0142a \u015apiewu \u201eDembi\u0144ski\u201d z Leszna. Na k\u0105pielisko przyje\u017cd\u017cali wraz z dzie\u0107mi zapewniaj\u0105c im wakacyjny wypoczynek i odrobin\u0119 luksusu.<\/p>\n\n\n\n<figure data-wp-context=\"{&quot;imageId&quot;:&quot;69f1ccd247ac8&quot;}\" data-wp-interactive=\"core\/image\" data-wp-key=\"69f1ccd247ac8\" class=\"wp-block-image size-full wp-lightbox-container\"><img fetchpriority=\"high\" decoding=\"async\" width=\"2560\" height=\"1663\" data-wp-class--hide=\"state.isContentHidden\" data-wp-class--show=\"state.isContentVisible\" data-wp-init=\"callbacks.setButtonStyles\" data-wp-on--click=\"actions.showLightbox\" data-wp-on--load=\"callbacks.setButtonStyles\" data-wp-on-window--resize=\"callbacks.setButtonStyles\" src=\"http:\/\/ludzieikrajobrazy.muzeumleszno.pl\/wp-content\/uploads\/2018\/03\/1_MLFa-711-scaled.jpg\" alt=\"Ko\u0142o \u015apiewu Dembi\u0144ski w Boszkowie. wys. 8,9 cm x szer. 13,7 cm; papier fotograficzny, odbitka srebrowo - \u017celatynowa; lata 20. XX w.; Muzeum Okr\u0119gowe w Lesznie; MLFa711\" class=\"wp-image-113\" srcset=\"http:\/\/ludzieikrajobrazy.muzeumleszno.pl\/wp-content\/uploads\/2018\/03\/1_MLFa-711-scaled.jpg 2560w, http:\/\/ludzieikrajobrazy.muzeumleszno.pl\/wp-content\/uploads\/2018\/03\/1_MLFa-711-1536x998.jpg 1536w, http:\/\/ludzieikrajobrazy.muzeumleszno.pl\/wp-content\/uploads\/2018\/03\/1_MLFa-711-2048x1331.jpg 2048w, http:\/\/ludzieikrajobrazy.muzeumleszno.pl\/wp-content\/uploads\/2018\/03\/1_MLFa-711-200x130.jpg 200w\" sizes=\"(max-width: 2560px) 100vw, 2560px\" \/><button\n\t\t\tclass=\"lightbox-trigger\"\n\t\t\ttype=\"button\"\n\t\t\taria-haspopup=\"dialog\"\n\t\t\taria-label=\"Powi\u0119ksz\"\n\t\t\tdata-wp-init=\"callbacks.initTriggerButton\"\n\t\t\tdata-wp-on--click=\"actions.showLightbox\"\n\t\t\tdata-wp-style--right=\"state.imageButtonRight\"\n\t\t\tdata-wp-style--top=\"state.imageButtonTop\"\n\t\t>\n\t\t\t<svg xmlns=\"http:\/\/www.w3.org\/2000\/svg\" width=\"12\" height=\"12\" fill=\"none\" viewBox=\"0 0 12 12\">\n\t\t\t\t<path fill=\"#fff\" d=\"M2 0a2 2 0 0 0-2 2v2h1.5V2a.5.5 0 0 1 .5-.5h2V0H2Zm2 10.5H2a.5.5 0 0 1-.5-.5V8H0v2a2 2 0 0 0 2 2h2v-1.5ZM8 12v-1.5h2a.5.5 0 0 0 .5-.5V8H12v2a2 2 0 0 1-2 2H8Zm2-12a2 2 0 0 1 2 2v2h-1.5V2a.5.5 0 0 0-.5-.5H8V0h2Z\" \/>\n\t\t\t<\/svg>\n\t\t<\/button><figcaption class=\"wp-element-caption\">Ko\u0142o \u015apiewu Dembi\u0144ski w Boszkowie. wys. 8,9 cm x szer. 13,7 cm; papier fotograficzny, odbitka srebrowo &#8211; \u017celatynowa; lata 20. XX w.; Muzeum Okr\u0119gowe w Lesznie; MLFa711<\/figcaption><\/figure>\n\n\n\n<p class=\"p1 has-small-font-size\">nr inw. MLFa 711<br>W zbiorach Muzeum Okr\u0119gowego w Lesznie od 2002 roku, dar<\/p>\n\n\n\n<p class=\"p1\">D.Cz.<\/p>\n\n\n\n<figure class=\"wp-block-embed is-type-video is-provider-youtube wp-block-embed-youtube wp-embed-aspect-16-9 wp-has-aspect-ratio\"><div class=\"wp-block-embed__wrapper\">\n<iframe title=\"Boszkowo  Plaz\u0307a, oko\u0142o 1928\u20131929 roku\" width=\"620\" height=\"349\" src=\"https:\/\/www.youtube.com\/embed\/l2hF0TvHZH0?feature=oembed\" frameborder=\"0\" allow=\"accelerometer; autoplay; clipboard-write; encrypted-media; gyroscope; picture-in-picture; web-share\" referrerpolicy=\"strict-origin-when-cross-origin\" allowfullscreen><\/iframe>\n<\/div><\/figure>\n","protected":false},"excerpt":{"rendered":"<p>Boszkowo i Jezioro Dominickie od dekad nale\u017c\u0105 do ulubionych miejsc wypoczynku mieszka\u0144c\u00f3w Leszna. Tradycje te si\u0119gaj\u0105 pocz\u0105tk\u00f3w XX wieku. Szybki rozw\u00f3j infrastruktury turystycznej datuje si\u0119 od okresu mi\u0119dzywojennego,&#8230;<\/p>\n","protected":false},"author":1,"featured_media":113,"comment_status":"closed","ping_status":"closed","sticky":false,"template":"","format":"standard","meta":{"cybocfi_hide_featured_image":"yes","footnotes":""},"categories":[13],"tags":[999,219,14,1013,1009,1015,736,201,1000,1018,407,1016,1011,357,1012,1007,1008,1019,215,1006,960,274,362,1003,964,1017,1004,800,1002,785,1014,1010,1005,1001,784],"class_list":["post-100","post","type-post","status-publish","format-standard","has-post-thumbnail","hentry","category-boszkowo","tag-999","tag-akwen","tag-boszkowo","tag-brzeg","tag-bystrzewski","tag-dni-morza","tag-drzewa","tag-fotografia-grupowa","tag-jezioro-dominickie","tag-kolo-spiewu","tag-krajobraz","tag-lato","tag-leszczynianie","tag-leszno","tag-letnicy","tag-letnisko","tag-letnisko-syrena","tag-luksus","tag-miedzywojnie","tag-osrodek","tag-plaza","tag-poznan","tag-reklreacja","tag-relaks","tag-restauracja","tag-spotkanie","tag-stroj-kapielowy","tag-towarzystwo","tag-turystyka","tag-usmiech","tag-wczasy","tag-willa","tag-woda","tag-wypoczynek","tag-zabawa"],"yoast_head":"<!-- This site is optimized with the Yoast SEO plugin v27.5 - https:\/\/yoast.com\/product\/yoast-seo-wordpress\/ -->\n<title>Boszkowo. Pla\u017ca, oko\u0142o 1928\u20131929 roku - Ludzie i krajobrazy. Powiat Leszczy\u0144ski w ikonografii<\/title>\n<meta name=\"robots\" content=\"index, follow, max-snippet:-1, max-image-preview:large, max-video-preview:-1\" \/>\n<link rel=\"canonical\" href=\"http:\/\/ludzieikrajobrazy.muzeumleszno.pl\/?p=100\" \/>\n<meta property=\"og:locale\" content=\"pl_PL\" \/>\n<meta property=\"og:type\" content=\"article\" \/>\n<meta property=\"og:title\" content=\"Boszkowo. Pla\u017ca, oko\u0142o 1928\u20131929 roku - Ludzie i krajobrazy. Powiat Leszczy\u0144ski w ikonografii\" \/>\n<meta property=\"og:description\" content=\"Boszkowo i Jezioro Dominickie od dekad nale\u017c\u0105 do ulubionych miejsc wypoczynku mieszka\u0144c\u00f3w Leszna. Tradycje te si\u0119gaj\u0105 pocz\u0105tk\u00f3w XX wieku. Szybki rozw\u00f3j infrastruktury turystycznej datuje si\u0119 od okresu mi\u0119dzywojennego,...\" \/>\n<meta property=\"og:url\" content=\"http:\/\/ludzieikrajobrazy.muzeumleszno.pl\/?p=100\" \/>\n<meta property=\"og:site_name\" content=\"Ludzie i krajobrazy. Powiat Leszczy\u0144ski w ikonografii\" \/>\n<meta property=\"article:published_time\" content=\"2024-08-01T10:50:34+00:00\" \/>\n<meta property=\"article:modified_time\" content=\"2024-09-16T11:32:17+00:00\" \/>\n<meta property=\"og:image\" content=\"http:\/\/ludzieikrajobrazy.muzeumleszno.pl\/wp-content\/uploads\/2018\/03\/1_MLFa-711-scaled.jpg\" \/>\n\t<meta property=\"og:image:width\" content=\"2560\" \/>\n\t<meta property=\"og:image:height\" content=\"1663\" \/>\n\t<meta property=\"og:image:type\" content=\"image\/jpeg\" \/>\n<meta name=\"author\" content=\"Pan_Admin\" \/>\n<meta name=\"twitter:card\" content=\"summary_large_image\" \/>\n<meta name=\"twitter:label1\" content=\"Napisane przez\" \/>\n\t<meta name=\"twitter:data1\" content=\"Pan_Admin\" \/>\n\t<meta name=\"twitter:label2\" content=\"Szacowany czas czytania\" \/>\n\t<meta name=\"twitter:data2\" content=\"2 minuty\" \/>\n<script type=\"application\/ld+json\" class=\"yoast-schema-graph\">{\"@context\":\"https:\\\/\\\/schema.org\",\"@graph\":[{\"@type\":\"Article\",\"@id\":\"http:\\\/\\\/ludzieikrajobrazy.muzeumleszno.pl\\\/?p=100#article\",\"isPartOf\":{\"@id\":\"http:\\\/\\\/ludzieikrajobrazy.muzeumleszno.pl\\\/?p=100\"},\"author\":{\"name\":\"Pan_Admin\",\"@id\":\"https:\\\/\\\/ludzieikrajobrazy.muzeumleszno.pl\\\/#\\\/schema\\\/person\\\/fc2bc20e2b51efc3202ac1f0cdcd06c0\"},\"headline\":\"Boszkowo. Pla\u017ca, oko\u0142o 1928\u20131929 roku\",\"datePublished\":\"2024-08-01T10:50:34+00:00\",\"dateModified\":\"2024-09-16T11:32:17+00:00\",\"mainEntityOfPage\":{\"@id\":\"http:\\\/\\\/ludzieikrajobrazy.muzeumleszno.pl\\\/?p=100\"},\"wordCount\":241,\"image\":{\"@id\":\"http:\\\/\\\/ludzieikrajobrazy.muzeumleszno.pl\\\/?p=100#primaryimage\"},\"thumbnailUrl\":\"http:\\\/\\\/ludzieikrajobrazy.muzeumleszno.pl\\\/wp-content\\\/uploads\\\/2018\\\/03\\\/1_MLFa-711-scaled.jpg\",\"keywords\":[\"1928\",\"akwen\",\"Boszkowo\",\"brzeg\",\"Bystrzewski\",\"Dni Morza\",\"drzewa\",\"fotografia grupowa\",\"Jezioro Dominickie\",\"Ko\u0142o \u015apiewu\",\"krajobraz\",\"lato\",\"Leszczynianie\",\"Leszno\",\"letnicy\",\"letnisko\",\"letnisko \u201eSyrena\u201d\",\"luksus\",\"mi\u0119dzywojnie\",\"o\u015brodek\",\"pla\u017ca\",\"Pozna\u0144\",\"rekreacja\",\"relaks\",\"restauracja\",\"spotkanie\",\"str\u00f3j k\u0105pielowy\",\"towarzystwo\",\"turystyka\",\"u\u015bmiech\",\"wczasy\",\"willa\",\"woda\",\"wypoczynek\",\"zabawa\"],\"articleSection\":[\"Boszkowo\"],\"inLanguage\":\"pl-PL\"},{\"@type\":\"WebPage\",\"@id\":\"http:\\\/\\\/ludzieikrajobrazy.muzeumleszno.pl\\\/?p=100\",\"url\":\"http:\\\/\\\/ludzieikrajobrazy.muzeumleszno.pl\\\/?p=100\",\"name\":\"Boszkowo. Pla\u017ca, oko\u0142o 1928\u20131929 roku - Ludzie i krajobrazy. Powiat Leszczy\u0144ski w ikonografii\",\"isPartOf\":{\"@id\":\"https:\\\/\\\/ludzieikrajobrazy.muzeumleszno.pl\\\/#website\"},\"primaryImageOfPage\":{\"@id\":\"http:\\\/\\\/ludzieikrajobrazy.muzeumleszno.pl\\\/?p=100#primaryimage\"},\"image\":{\"@id\":\"http:\\\/\\\/ludzieikrajobrazy.muzeumleszno.pl\\\/?p=100#primaryimage\"},\"thumbnailUrl\":\"http:\\\/\\\/ludzieikrajobrazy.muzeumleszno.pl\\\/wp-content\\\/uploads\\\/2018\\\/03\\\/1_MLFa-711-scaled.jpg\",\"datePublished\":\"2024-08-01T10:50:34+00:00\",\"dateModified\":\"2024-09-16T11:32:17+00:00\",\"author\":{\"@id\":\"https:\\\/\\\/ludzieikrajobrazy.muzeumleszno.pl\\\/#\\\/schema\\\/person\\\/fc2bc20e2b51efc3202ac1f0cdcd06c0\"},\"breadcrumb\":{\"@id\":\"http:\\\/\\\/ludzieikrajobrazy.muzeumleszno.pl\\\/?p=100#breadcrumb\"},\"inLanguage\":\"pl-PL\",\"potentialAction\":[{\"@type\":\"ReadAction\",\"target\":[\"http:\\\/\\\/ludzieikrajobrazy.muzeumleszno.pl\\\/?p=100\"]}]},{\"@type\":\"BreadcrumbList\",\"@id\":\"http:\\\/\\\/ludzieikrajobrazy.muzeumleszno.pl\\\/?p=100#breadcrumb\",\"itemListElement\":[{\"@type\":\"ListItem\",\"position\":1,\"name\":\"Home\",\"item\":\"https:\\\/\\\/ludzieikrajobrazy.muzeumleszno.pl\\\/\"},{\"@type\":\"ListItem\",\"position\":2,\"name\":\"Boszkowo. Pla\u017ca, oko\u0142o 1928\u20131929 roku\"}]},{\"@type\":\"WebSite\",\"@id\":\"https:\\\/\\\/ludzieikrajobrazy.muzeumleszno.pl\\\/#website\",\"url\":\"https:\\\/\\\/ludzieikrajobrazy.muzeumleszno.pl\\\/\",\"name\":\"Ludzie i krajobrazy. Powiat Leszczy\u0144ski w ikonografii\",\"description\":\"Powiat Leszczy\u0144ski w ikonografii\",\"potentialAction\":[{\"@type\":\"SearchAction\",\"target\":{\"@type\":\"EntryPoint\",\"urlTemplate\":\"https:\\\/\\\/ludzieikrajobrazy.muzeumleszno.pl\\\/?s={search_term_string}\"},\"query-input\":{\"@type\":\"PropertyValueSpecification\",\"valueRequired\":true,\"valueName\":\"search_term_string\"}}],\"inLanguage\":\"pl-PL\"},{\"@type\":\"Person\",\"@id\":\"https:\\\/\\\/ludzieikrajobrazy.muzeumleszno.pl\\\/#\\\/schema\\\/person\\\/fc2bc20e2b51efc3202ac1f0cdcd06c0\",\"name\":\"Pan_Admin\",\"image\":{\"@type\":\"ImageObject\",\"inLanguage\":\"pl-PL\",\"@id\":\"https:\\\/\\\/secure.gravatar.com\\\/avatar\\\/d109d485abe889ecc32dbdb971b715ad9d4596bd0e2353626451db3e04099822?s=96&d=mm&r=g\",\"url\":\"https:\\\/\\\/secure.gravatar.com\\\/avatar\\\/d109d485abe889ecc32dbdb971b715ad9d4596bd0e2353626451db3e04099822?s=96&d=mm&r=g\",\"contentUrl\":\"https:\\\/\\\/secure.gravatar.com\\\/avatar\\\/d109d485abe889ecc32dbdb971b715ad9d4596bd0e2353626451db3e04099822?s=96&d=mm&r=g\",\"caption\":\"Pan_Admin\"},\"sameAs\":[\"http:\\\/\\\/ludzieikrajobrazy.muzeumleszno.pl\"],\"url\":\"http:\\\/\\\/ludzieikrajobrazy.muzeumleszno.pl\\\/?author=1\"}]}<\/script>\n<!-- \/ Yoast SEO plugin. -->","yoast_head_json":{"title":"Boszkowo. Pla\u017ca, oko\u0142o 1928\u20131929 roku - Ludzie i krajobrazy. Powiat Leszczy\u0144ski w ikonografii","robots":{"index":"index","follow":"follow","max-snippet":"max-snippet:-1","max-image-preview":"max-image-preview:large","max-video-preview":"max-video-preview:-1"},"canonical":"http:\/\/ludzieikrajobrazy.muzeumleszno.pl\/?p=100","og_locale":"pl_PL","og_type":"article","og_title":"Boszkowo. Pla\u017ca, oko\u0142o 1928\u20131929 roku - Ludzie i krajobrazy. Powiat Leszczy\u0144ski w ikonografii","og_description":"Boszkowo i Jezioro Dominickie od dekad nale\u017c\u0105 do ulubionych miejsc wypoczynku mieszka\u0144c\u00f3w Leszna. Tradycje te si\u0119gaj\u0105 pocz\u0105tk\u00f3w XX wieku. Szybki rozw\u00f3j infrastruktury turystycznej datuje si\u0119 od okresu mi\u0119dzywojennego,...","og_url":"http:\/\/ludzieikrajobrazy.muzeumleszno.pl\/?p=100","og_site_name":"Ludzie i krajobrazy. Powiat Leszczy\u0144ski w ikonografii","article_published_time":"2024-08-01T10:50:34+00:00","article_modified_time":"2024-09-16T11:32:17+00:00","og_image":[{"width":2560,"height":1663,"url":"http:\/\/ludzieikrajobrazy.muzeumleszno.pl\/wp-content\/uploads\/2018\/03\/1_MLFa-711-scaled.jpg","type":"image\/jpeg"}],"author":"Pan_Admin","twitter_card":"summary_large_image","twitter_misc":{"Napisane przez":"Pan_Admin","Szacowany czas czytania":"2 minuty"},"schema":{"@context":"https:\/\/schema.org","@graph":[{"@type":"Article","@id":"http:\/\/ludzieikrajobrazy.muzeumleszno.pl\/?p=100#article","isPartOf":{"@id":"http:\/\/ludzieikrajobrazy.muzeumleszno.pl\/?p=100"},"author":{"name":"Pan_Admin","@id":"https:\/\/ludzieikrajobrazy.muzeumleszno.pl\/#\/schema\/person\/fc2bc20e2b51efc3202ac1f0cdcd06c0"},"headline":"Boszkowo. Pla\u017ca, oko\u0142o 1928\u20131929 roku","datePublished":"2024-08-01T10:50:34+00:00","dateModified":"2024-09-16T11:32:17+00:00","mainEntityOfPage":{"@id":"http:\/\/ludzieikrajobrazy.muzeumleszno.pl\/?p=100"},"wordCount":241,"image":{"@id":"http:\/\/ludzieikrajobrazy.muzeumleszno.pl\/?p=100#primaryimage"},"thumbnailUrl":"http:\/\/ludzieikrajobrazy.muzeumleszno.pl\/wp-content\/uploads\/2018\/03\/1_MLFa-711-scaled.jpg","keywords":["1928","akwen","Boszkowo","brzeg","Bystrzewski","Dni Morza","drzewa","fotografia grupowa","Jezioro Dominickie","Ko\u0142o \u015apiewu","krajobraz","lato","Leszczynianie","Leszno","letnicy","letnisko","letnisko \u201eSyrena\u201d","luksus","mi\u0119dzywojnie","o\u015brodek","pla\u017ca","Pozna\u0144","rekreacja","relaks","restauracja","spotkanie","str\u00f3j k\u0105pielowy","towarzystwo","turystyka","u\u015bmiech","wczasy","willa","woda","wypoczynek","zabawa"],"articleSection":["Boszkowo"],"inLanguage":"pl-PL"},{"@type":"WebPage","@id":"http:\/\/ludzieikrajobrazy.muzeumleszno.pl\/?p=100","url":"http:\/\/ludzieikrajobrazy.muzeumleszno.pl\/?p=100","name":"Boszkowo. Pla\u017ca, oko\u0142o 1928\u20131929 roku - Ludzie i krajobrazy. Powiat Leszczy\u0144ski w ikonografii","isPartOf":{"@id":"https:\/\/ludzieikrajobrazy.muzeumleszno.pl\/#website"},"primaryImageOfPage":{"@id":"http:\/\/ludzieikrajobrazy.muzeumleszno.pl\/?p=100#primaryimage"},"image":{"@id":"http:\/\/ludzieikrajobrazy.muzeumleszno.pl\/?p=100#primaryimage"},"thumbnailUrl":"http:\/\/ludzieikrajobrazy.muzeumleszno.pl\/wp-content\/uploads\/2018\/03\/1_MLFa-711-scaled.jpg","datePublished":"2024-08-01T10:50:34+00:00","dateModified":"2024-09-16T11:32:17+00:00","author":{"@id":"https:\/\/ludzieikrajobrazy.muzeumleszno.pl\/#\/schema\/person\/fc2bc20e2b51efc3202ac1f0cdcd06c0"},"breadcrumb":{"@id":"http:\/\/ludzieikrajobrazy.muzeumleszno.pl\/?p=100#breadcrumb"},"inLanguage":"pl-PL","potentialAction":[{"@type":"ReadAction","target":["http:\/\/ludzieikrajobrazy.muzeumleszno.pl\/?p=100"]}]},{"@type":"BreadcrumbList","@id":"http:\/\/ludzieikrajobrazy.muzeumleszno.pl\/?p=100#breadcrumb","itemListElement":[{"@type":"ListItem","position":1,"name":"Home","item":"https:\/\/ludzieikrajobrazy.muzeumleszno.pl\/"},{"@type":"ListItem","position":2,"name":"Boszkowo. Pla\u017ca, oko\u0142o 1928\u20131929 roku"}]},{"@type":"WebSite","@id":"https:\/\/ludzieikrajobrazy.muzeumleszno.pl\/#website","url":"https:\/\/ludzieikrajobrazy.muzeumleszno.pl\/","name":"Ludzie i krajobrazy. Powiat Leszczy\u0144ski w ikonografii","description":"Powiat Leszczy\u0144ski w ikonografii","potentialAction":[{"@type":"SearchAction","target":{"@type":"EntryPoint","urlTemplate":"https:\/\/ludzieikrajobrazy.muzeumleszno.pl\/?s={search_term_string}"},"query-input":{"@type":"PropertyValueSpecification","valueRequired":true,"valueName":"search_term_string"}}],"inLanguage":"pl-PL"},{"@type":"Person","@id":"https:\/\/ludzieikrajobrazy.muzeumleszno.pl\/#\/schema\/person\/fc2bc20e2b51efc3202ac1f0cdcd06c0","name":"Pan_Admin","image":{"@type":"ImageObject","inLanguage":"pl-PL","@id":"https:\/\/secure.gravatar.com\/avatar\/d109d485abe889ecc32dbdb971b715ad9d4596bd0e2353626451db3e04099822?s=96&d=mm&r=g","url":"https:\/\/secure.gravatar.com\/avatar\/d109d485abe889ecc32dbdb971b715ad9d4596bd0e2353626451db3e04099822?s=96&d=mm&r=g","contentUrl":"https:\/\/secure.gravatar.com\/avatar\/d109d485abe889ecc32dbdb971b715ad9d4596bd0e2353626451db3e04099822?s=96&d=mm&r=g","caption":"Pan_Admin"},"sameAs":["http:\/\/ludzieikrajobrazy.muzeumleszno.pl"],"url":"http:\/\/ludzieikrajobrazy.muzeumleszno.pl\/?author=1"}]}},"_links":{"self":[{"href":"http:\/\/ludzieikrajobrazy.muzeumleszno.pl\/index.php?rest_route=\/wp\/v2\/posts\/100","targetHints":{"allow":["GET"]}}],"collection":[{"href":"http:\/\/ludzieikrajobrazy.muzeumleszno.pl\/index.php?rest_route=\/wp\/v2\/posts"}],"about":[{"href":"http:\/\/ludzieikrajobrazy.muzeumleszno.pl\/index.php?rest_route=\/wp\/v2\/types\/post"}],"author":[{"embeddable":true,"href":"http:\/\/ludzieikrajobrazy.muzeumleszno.pl\/index.php?rest_route=\/wp\/v2\/users\/1"}],"replies":[{"embeddable":true,"href":"http:\/\/ludzieikrajobrazy.muzeumleszno.pl\/index.php?rest_route=%2Fwp%2Fv2%2Fcomments&post=100"}],"version-history":[{"count":12,"href":"http:\/\/ludzieikrajobrazy.muzeumleszno.pl\/index.php?rest_route=\/wp\/v2\/posts\/100\/revisions"}],"predecessor-version":[{"id":1137,"href":"http:\/\/ludzieikrajobrazy.muzeumleszno.pl\/index.php?rest_route=\/wp\/v2\/posts\/100\/revisions\/1137"}],"wp:featuredmedia":[{"embeddable":true,"href":"http:\/\/ludzieikrajobrazy.muzeumleszno.pl\/index.php?rest_route=\/wp\/v2\/media\/113"}],"wp:attachment":[{"href":"http:\/\/ludzieikrajobrazy.muzeumleszno.pl\/index.php?rest_route=%2Fwp%2Fv2%2Fmedia&parent=100"}],"wp:term":[{"taxonomy":"category","embeddable":true,"href":"http:\/\/ludzieikrajobrazy.muzeumleszno.pl\/index.php?rest_route=%2Fwp%2Fv2%2Fcategories&post=100"},{"taxonomy":"post_tag","embeddable":true,"href":"http:\/\/ludzieikrajobrazy.muzeumleszno.pl\/index.php?rest_route=%2Fwp%2Fv2%2Ftags&post=100"}],"curies":[{"name":"wp","href":"https:\/\/api.w.org\/{rel}","templated":true}]}}