{"id":128,"date":"2024-08-01T12:49:56","date_gmt":"2024-08-01T10:49:56","guid":{"rendered":"http:\/\/ludzieikrajobrazy.muzeumleszno.pl\/?p=128"},"modified":"2024-09-17T10:14:08","modified_gmt":"2024-09-17T08:14:08","slug":"boszkowo-grupa-wczasowiczow-lata-20-xx-wieku","status":"publish","type":"post","link":"http:\/\/ludzieikrajobrazy.muzeumleszno.pl\/?p=128","title":{"rendered":"Boszkowo. Grupa wczasowicz\u00f3w, lata 20. XX wieku\u00a0"},"content":{"rendered":"\n<p>Od 1991 roku kompleks jezior w okolicach Boszkowa wchodzi w sk\u0142ad Przem\u0119ckiego Parku Krajobrazowego. Utworzono go w celu ochrony i zachowania jednego z najciekawszych fragment\u00f3w krajobrazu polodowcowego w Wielkopolsce. Walory turystyczne okolicy i bogactwo przyrody stanowi\u0105 magnes przyci\u0105gaj\u0105cy tysi\u0105ce wczasowicz\u00f3w. Skutkiem popularno\u015bci Boszkowa jest trwaj\u0105cy od lat 50. XX wieku proces budowy domk\u00f3w letniskowych. Zlokalizowano tam r\u00f3wnie\u017c liczne zak\u0142adowe o\u015brodki wypoczynkowe. Obecnie coraz cz\u0119\u015bciej dochodzi do podzia\u0142u grunt\u00f3w rolnych, i ich sprzeda\u017cy na dzia\u0142ki budowlane. Naukowcy i ekolodzy ostrzegaj\u0105, \u017ce na brzegach jeziora Dominickiego wyros\u0142o ju\u017c miasto \u015bredniej wielko\u015bci, co w coraz wi\u0119kszym stopniu zagra\u017ca ekosystemowi.<\/p>\n\n\n\n<p>Fotografia pochodzi z czas\u00f3w, gdy Boszkowo by\u0142o jeszcze spokojnym \u201ekurortem\u201d pozwalaj\u0105cym na wypoczynek w ciszy nad brzegiem jeziora. Mieszka\u0144cy Leszna stanowili w\u00f3wczas najliczniejsz\u0105 grup\u0119 wczasowicz\u00f3w. W\u015br\u00f3d nich by\u0142a r\u00f3wnie\u017c leszczy\u0144ska m\u0142odzie\u017c. Z lewej strony na krze\u015ble siedzi Marta Walig\u00f3ra.<\/p>\n\n\n\n<p><\/p>\n\n\n\n<figure data-wp-context=\"{&quot;imageId&quot;:&quot;69f1c68ae7b3b&quot;}\" data-wp-interactive=\"core\/image\" data-wp-key=\"69f1c68ae7b3b\" class=\"wp-block-image size-large wp-lightbox-container\"><img fetchpriority=\"high\" decoding=\"async\" width=\"1024\" height=\"1024\" data-wp-class--hide=\"state.isContentHidden\" data-wp-class--show=\"state.isContentVisible\" data-wp-init=\"callbacks.setButtonStyles\" data-wp-on--click=\"actions.showLightbox\" data-wp-on--load=\"callbacks.setButtonStyles\" data-wp-on-window--resize=\"callbacks.setButtonStyles\" src=\"http:\/\/ludzieikrajobrazy.muzeumleszno.pl\/wp-content\/uploads\/2024\/07\/2_MLFa-721-1024x1024.jpg\" alt=\"Boszkowo - wycieczka\" class=\"wp-image-129\" srcset=\"http:\/\/ludzieikrajobrazy.muzeumleszno.pl\/wp-content\/uploads\/2024\/07\/2_MLFa-721-1024x1024.jpg 1024w, http:\/\/ludzieikrajobrazy.muzeumleszno.pl\/wp-content\/uploads\/2024\/07\/2_MLFa-721-300x300.jpg 300w, http:\/\/ludzieikrajobrazy.muzeumleszno.pl\/wp-content\/uploads\/2024\/07\/2_MLFa-721-150x150.jpg 150w, http:\/\/ludzieikrajobrazy.muzeumleszno.pl\/wp-content\/uploads\/2024\/07\/2_MLFa-721-768x768.jpg 768w, http:\/\/ludzieikrajobrazy.muzeumleszno.pl\/wp-content\/uploads\/2024\/07\/2_MLFa-721-75x75.jpg 75w\" sizes=\"(max-width: 1024px) 100vw, 1024px\" \/><button\n\t\t\tclass=\"lightbox-trigger\"\n\t\t\ttype=\"button\"\n\t\t\taria-haspopup=\"dialog\"\n\t\t\taria-label=\"Powi\u0119ksz\"\n\t\t\tdata-wp-init=\"callbacks.initTriggerButton\"\n\t\t\tdata-wp-on--click=\"actions.showLightbox\"\n\t\t\tdata-wp-style--right=\"state.imageButtonRight\"\n\t\t\tdata-wp-style--top=\"state.imageButtonTop\"\n\t\t>\n\t\t\t<svg xmlns=\"http:\/\/www.w3.org\/2000\/svg\" width=\"12\" height=\"12\" fill=\"none\" viewBox=\"0 0 12 12\">\n\t\t\t\t<path fill=\"#fff\" d=\"M2 0a2 2 0 0 0-2 2v2h1.5V2a.5.5 0 0 1 .5-.5h2V0H2Zm2 10.5H2a.5.5 0 0 1-.5-.5V8H0v2a2 2 0 0 0 2 2h2v-1.5ZM8 12v-1.5h2a.5.5 0 0 0 .5-.5V8H12v2a2 2 0 0 1-2 2H8Zm2-12a2 2 0 0 1 2 2v2h-1.5V2a.5.5 0 0 0-.5-.5H8V0h2Z\" \/>\n\t\t\t<\/svg>\n\t\t<\/button><figcaption class=\"wp-element-caption\">Boszkowo &#8211; wycieczka. wys. 13,9 cm x szer. 8,7 cm; papier fotograficzny, odbitka srebrowo &#8211; \u017celatynowa; lata 20. XX w.; Muzeum Okr\u0119gowe w Lesznie; MLFa721<\/figcaption><\/figure>\n\n\n\n<p class=\"has-small-font-size\">nr inw. MLFa 721<br>W zbiorach Muzeum Okr\u0119gowego w Lesznie od 2002 roku, dar<\/p>\n\n\n\n<p>D.Cz.<\/p>\n\n\n\n<figure class=\"wp-block-embed is-type-video is-provider-youtube wp-block-embed-youtube wp-embed-aspect-16-9 wp-has-aspect-ratio\"><div class=\"wp-block-embed__wrapper\">\n<iframe title=\"Boszkowo  Grupa wczasowiczo\u0301w lata 20  XX w\" width=\"620\" height=\"349\" src=\"https:\/\/www.youtube.com\/embed\/8hooafFiNEI?feature=oembed\" frameborder=\"0\" allow=\"accelerometer; autoplay; clipboard-write; encrypted-media; gyroscope; picture-in-picture; web-share\" referrerpolicy=\"strict-origin-when-cross-origin\" allowfullscreen><\/iframe>\n<\/div><\/figure>\n","protected":false},"excerpt":{"rendered":"<p>Od 1991 roku kompleks jezior w okolicach Boszkowa wchodzi w sk\u0142ad Przem\u0119ckiego Parku Krajobrazowego. Utworzono go w celu ochrony i zachowania jednego z najciekawszych fragment\u00f3w krajobrazu polodowcowego w&#8230;<\/p>\n","protected":false},"author":1,"featured_media":129,"comment_status":"closed","ping_status":"closed","sticky":false,"template":"","format":"standard","meta":{"cybocfi_hide_featured_image":"yes","footnotes":""},"categories":[13],"tags":[808,1749,14,1013,1032,1029,1024,736,855,1752,1026,417,337,804,1020,1753,1021,1000,1289,1318,407,1220,1028,222,357,803,1755,1167,354,1464,1751,1102,1044,1025,1715,1251,1750,1754,1023,1014],"class_list":["post-128","post","type-post","status-publish","format-standard","has-post-thumbnail","hentry","category-boszkowo","tag-biala-sukienka","tag-bogactwo","tag-boszkowo","tag-brzeg","tag-chlopiec","tag-cisza","tag-domki-letniskowe","tag-drzewa","tag-dziewczynka","tag-ekolog","tag-ekosystem","tag-fotografia","tag-fotografia-portretowa","tag-gra","tag-grupa-wczasowiczow","tag-habitat","tag-jezioro","tag-jezioro-dominickie","tag-kobieta","tag-kobiety","tag-krajobraz","tag-krzeslo","tag-kurort","tag-lata-20-xx-wieku","tag-leszno","tag-mandolina","tag-marta-waligora","tag-mieszkancy","tag-mlodziez","tag-muzyka","tag-naukowiec","tag-ochrona","tag-odpoczynek","tag-osrodek-wypoczynkowy","tag-plener","tag-powaga","tag-roznorodnosc","tag-spokoj","tag-walory-turystyczne","tag-wczasy"],"yoast_head":"<!-- This site is optimized with the Yoast SEO plugin v27.5 - https:\/\/yoast.com\/product\/yoast-seo-wordpress\/ -->\n<title>Boszkowo. Grupa wczasowicz\u00f3w, lata 20. XX wieku\u00a0 - Ludzie i krajobrazy. Powiat Leszczy\u0144ski w ikonografii<\/title>\n<meta name=\"robots\" content=\"index, follow, max-snippet:-1, max-image-preview:large, max-video-preview:-1\" \/>\n<link rel=\"canonical\" href=\"http:\/\/ludzieikrajobrazy.muzeumleszno.pl\/?p=128\" \/>\n<meta property=\"og:locale\" content=\"pl_PL\" \/>\n<meta property=\"og:type\" content=\"article\" \/>\n<meta property=\"og:title\" content=\"Boszkowo. Grupa wczasowicz\u00f3w, lata 20. XX wieku\u00a0 - Ludzie i krajobrazy. Powiat Leszczy\u0144ski w ikonografii\" \/>\n<meta property=\"og:description\" content=\"Od 1991 roku kompleks jezior w okolicach Boszkowa wchodzi w sk\u0142ad Przem\u0119ckiego Parku Krajobrazowego. Utworzono go w celu ochrony i zachowania jednego z najciekawszych fragment\u00f3w krajobrazu polodowcowego w...\" \/>\n<meta property=\"og:url\" content=\"http:\/\/ludzieikrajobrazy.muzeumleszno.pl\/?p=128\" \/>\n<meta property=\"og:site_name\" content=\"Ludzie i krajobrazy. Powiat Leszczy\u0144ski w ikonografii\" \/>\n<meta property=\"article:published_time\" content=\"2024-08-01T10:49:56+00:00\" \/>\n<meta property=\"article:modified_time\" content=\"2024-09-17T08:14:08+00:00\" \/>\n<meta property=\"og:image\" content=\"http:\/\/ludzieikrajobrazy.muzeumleszno.pl\/wp-content\/uploads\/2024\/07\/2_MLFa-721.jpg\" \/>\n\t<meta property=\"og:image:width\" content=\"1278\" \/>\n\t<meta property=\"og:image:height\" content=\"2000\" \/>\n\t<meta property=\"og:image:type\" content=\"image\/jpeg\" \/>\n<meta name=\"author\" content=\"Pan_Admin\" \/>\n<meta name=\"twitter:card\" content=\"summary_large_image\" \/>\n<meta name=\"twitter:label1\" content=\"Napisane przez\" \/>\n\t<meta name=\"twitter:data1\" content=\"Pan_Admin\" \/>\n\t<meta name=\"twitter:label2\" content=\"Szacowany czas czytania\" \/>\n\t<meta name=\"twitter:data2\" content=\"2 minuty\" \/>\n<script type=\"application\/ld+json\" class=\"yoast-schema-graph\">{\"@context\":\"https:\\\/\\\/schema.org\",\"@graph\":[{\"@type\":\"Article\",\"@id\":\"http:\\\/\\\/ludzieikrajobrazy.muzeumleszno.pl\\\/?p=128#article\",\"isPartOf\":{\"@id\":\"http:\\\/\\\/ludzieikrajobrazy.muzeumleszno.pl\\\/?p=128\"},\"author\":{\"name\":\"Pan_Admin\",\"@id\":\"https:\\\/\\\/ludzieikrajobrazy.muzeumleszno.pl\\\/#\\\/schema\\\/person\\\/fc2bc20e2b51efc3202ac1f0cdcd06c0\"},\"headline\":\"Boszkowo. Grupa wczasowicz\u00f3w, lata 20. XX wieku\u00a0\",\"datePublished\":\"2024-08-01T10:49:56+00:00\",\"dateModified\":\"2024-09-17T08:14:08+00:00\",\"mainEntityOfPage\":{\"@id\":\"http:\\\/\\\/ludzieikrajobrazy.muzeumleszno.pl\\\/?p=128\"},\"wordCount\":218,\"image\":{\"@id\":\"http:\\\/\\\/ludzieikrajobrazy.muzeumleszno.pl\\\/?p=128#primaryimage\"},\"thumbnailUrl\":\"http:\\\/\\\/ludzieikrajobrazy.muzeumleszno.pl\\\/wp-content\\\/uploads\\\/2024\\\/07\\\/2_MLFa-721.jpg\",\"keywords\":[\"bia\u0142a sukienka\",\"bogactwo\",\"Boszkowo\",\"brzeg\",\"ch\u0142opiec\",\"cisza\",\"domek letniskowy\",\"drzewa\",\"dziewczynka\",\"ekolog\",\"ekosystem\",\"fotografia\",\"fotografia portretowa\",\"gra\",\"grupa wczasowicz\u00f3w\",\"habitat\",\"jezioro\",\"Jezioro Dominickie\",\"kobieta\",\"kobiety\",\"krajobraz\",\"krzes\u0142o\",\"kurort\",\"lata 20. XX wieku\",\"Leszno\",\"mandolina\",\"Marta Walig\u00f3ra\",\"mieszka\u0144cy\",\"m\u0142odzie\u017c\",\"muzyka\",\"naukowiec\",\"ochrona\",\"odpoczynek\",\"o\u015brodek wypoczynkowy\",\"plener\",\"powaga\",\"r\u00f3\u017cnorodno\u015b\u0107\",\"spok\u00f3j\",\"walory turystyczne\",\"wczasy\"],\"articleSection\":[\"Boszkowo\"],\"inLanguage\":\"pl-PL\"},{\"@type\":\"WebPage\",\"@id\":\"http:\\\/\\\/ludzieikrajobrazy.muzeumleszno.pl\\\/?p=128\",\"url\":\"http:\\\/\\\/ludzieikrajobrazy.muzeumleszno.pl\\\/?p=128\",\"name\":\"Boszkowo. Grupa wczasowicz\u00f3w, lata 20. XX wieku\u00a0 - Ludzie i krajobrazy. Powiat Leszczy\u0144ski w ikonografii\",\"isPartOf\":{\"@id\":\"https:\\\/\\\/ludzieikrajobrazy.muzeumleszno.pl\\\/#website\"},\"primaryImageOfPage\":{\"@id\":\"http:\\\/\\\/ludzieikrajobrazy.muzeumleszno.pl\\\/?p=128#primaryimage\"},\"image\":{\"@id\":\"http:\\\/\\\/ludzieikrajobrazy.muzeumleszno.pl\\\/?p=128#primaryimage\"},\"thumbnailUrl\":\"http:\\\/\\\/ludzieikrajobrazy.muzeumleszno.pl\\\/wp-content\\\/uploads\\\/2024\\\/07\\\/2_MLFa-721.jpg\",\"datePublished\":\"2024-08-01T10:49:56+00:00\",\"dateModified\":\"2024-09-17T08:14:08+00:00\",\"author\":{\"@id\":\"https:\\\/\\\/ludzieikrajobrazy.muzeumleszno.pl\\\/#\\\/schema\\\/person\\\/fc2bc20e2b51efc3202ac1f0cdcd06c0\"},\"breadcrumb\":{\"@id\":\"http:\\\/\\\/ludzieikrajobrazy.muzeumleszno.pl\\\/?p=128#breadcrumb\"},\"inLanguage\":\"pl-PL\",\"potentialAction\":[{\"@type\":\"ReadAction\",\"target\":[\"http:\\\/\\\/ludzieikrajobrazy.muzeumleszno.pl\\\/?p=128\"]}]},{\"@type\":\"BreadcrumbList\",\"@id\":\"http:\\\/\\\/ludzieikrajobrazy.muzeumleszno.pl\\\/?p=128#breadcrumb\",\"itemListElement\":[{\"@type\":\"ListItem\",\"position\":1,\"name\":\"Home\",\"item\":\"https:\\\/\\\/ludzieikrajobrazy.muzeumleszno.pl\\\/\"},{\"@type\":\"ListItem\",\"position\":2,\"name\":\"Boszkowo. Grupa wczasowicz\u00f3w, lata 20. XX wieku\u00a0\"}]},{\"@type\":\"WebSite\",\"@id\":\"https:\\\/\\\/ludzieikrajobrazy.muzeumleszno.pl\\\/#website\",\"url\":\"https:\\\/\\\/ludzieikrajobrazy.muzeumleszno.pl\\\/\",\"name\":\"Ludzie i krajobrazy. Powiat Leszczy\u0144ski w ikonografii\",\"description\":\"Powiat Leszczy\u0144ski w ikonografii\",\"potentialAction\":[{\"@type\":\"SearchAction\",\"target\":{\"@type\":\"EntryPoint\",\"urlTemplate\":\"https:\\\/\\\/ludzieikrajobrazy.muzeumleszno.pl\\\/?s={search_term_string}\"},\"query-input\":{\"@type\":\"PropertyValueSpecification\",\"valueRequired\":true,\"valueName\":\"search_term_string\"}}],\"inLanguage\":\"pl-PL\"},{\"@type\":\"Person\",\"@id\":\"https:\\\/\\\/ludzieikrajobrazy.muzeumleszno.pl\\\/#\\\/schema\\\/person\\\/fc2bc20e2b51efc3202ac1f0cdcd06c0\",\"name\":\"Pan_Admin\",\"image\":{\"@type\":\"ImageObject\",\"inLanguage\":\"pl-PL\",\"@id\":\"https:\\\/\\\/secure.gravatar.com\\\/avatar\\\/d109d485abe889ecc32dbdb971b715ad9d4596bd0e2353626451db3e04099822?s=96&d=mm&r=g\",\"url\":\"https:\\\/\\\/secure.gravatar.com\\\/avatar\\\/d109d485abe889ecc32dbdb971b715ad9d4596bd0e2353626451db3e04099822?s=96&d=mm&r=g\",\"contentUrl\":\"https:\\\/\\\/secure.gravatar.com\\\/avatar\\\/d109d485abe889ecc32dbdb971b715ad9d4596bd0e2353626451db3e04099822?s=96&d=mm&r=g\",\"caption\":\"Pan_Admin\"},\"sameAs\":[\"http:\\\/\\\/ludzieikrajobrazy.muzeumleszno.pl\"],\"url\":\"http:\\\/\\\/ludzieikrajobrazy.muzeumleszno.pl\\\/?author=1\"}]}<\/script>\n<!-- \/ Yoast SEO plugin. -->","yoast_head_json":{"title":"Boszkowo. Grupa wczasowicz\u00f3w, lata 20. XX wieku\u00a0 - Ludzie i krajobrazy. Powiat Leszczy\u0144ski w ikonografii","robots":{"index":"index","follow":"follow","max-snippet":"max-snippet:-1","max-image-preview":"max-image-preview:large","max-video-preview":"max-video-preview:-1"},"canonical":"http:\/\/ludzieikrajobrazy.muzeumleszno.pl\/?p=128","og_locale":"pl_PL","og_type":"article","og_title":"Boszkowo. Grupa wczasowicz\u00f3w, lata 20. XX wieku\u00a0 - Ludzie i krajobrazy. Powiat Leszczy\u0144ski w ikonografii","og_description":"Od 1991 roku kompleks jezior w okolicach Boszkowa wchodzi w sk\u0142ad Przem\u0119ckiego Parku Krajobrazowego. Utworzono go w celu ochrony i zachowania jednego z najciekawszych fragment\u00f3w krajobrazu polodowcowego w...","og_url":"http:\/\/ludzieikrajobrazy.muzeumleszno.pl\/?p=128","og_site_name":"Ludzie i krajobrazy. Powiat Leszczy\u0144ski w ikonografii","article_published_time":"2024-08-01T10:49:56+00:00","article_modified_time":"2024-09-17T08:14:08+00:00","og_image":[{"width":1278,"height":2000,"url":"http:\/\/ludzieikrajobrazy.muzeumleszno.pl\/wp-content\/uploads\/2024\/07\/2_MLFa-721.jpg","type":"image\/jpeg"}],"author":"Pan_Admin","twitter_card":"summary_large_image","twitter_misc":{"Napisane przez":"Pan_Admin","Szacowany czas czytania":"2 minuty"},"schema":{"@context":"https:\/\/schema.org","@graph":[{"@type":"Article","@id":"http:\/\/ludzieikrajobrazy.muzeumleszno.pl\/?p=128#article","isPartOf":{"@id":"http:\/\/ludzieikrajobrazy.muzeumleszno.pl\/?p=128"},"author":{"name":"Pan_Admin","@id":"https:\/\/ludzieikrajobrazy.muzeumleszno.pl\/#\/schema\/person\/fc2bc20e2b51efc3202ac1f0cdcd06c0"},"headline":"Boszkowo. Grupa wczasowicz\u00f3w, lata 20. XX wieku\u00a0","datePublished":"2024-08-01T10:49:56+00:00","dateModified":"2024-09-17T08:14:08+00:00","mainEntityOfPage":{"@id":"http:\/\/ludzieikrajobrazy.muzeumleszno.pl\/?p=128"},"wordCount":218,"image":{"@id":"http:\/\/ludzieikrajobrazy.muzeumleszno.pl\/?p=128#primaryimage"},"thumbnailUrl":"http:\/\/ludzieikrajobrazy.muzeumleszno.pl\/wp-content\/uploads\/2024\/07\/2_MLFa-721.jpg","keywords":["bia\u0142a sukienka","bogactwo","Boszkowo","brzeg","ch\u0142opiec","cisza","domek letniskowy","drzewa","dziewczynka","ekolog","ekosystem","fotografia","fotografia portretowa","gra","grupa wczasowicz\u00f3w","habitat","jezioro","Jezioro Dominickie","kobieta","kobiety","krajobraz","krzes\u0142o","kurort","lata 20. XX wieku","Leszno","mandolina","Marta Walig\u00f3ra","mieszka\u0144cy","m\u0142odzie\u017c","muzyka","naukowiec","ochrona","odpoczynek","o\u015brodek wypoczynkowy","plener","powaga","r\u00f3\u017cnorodno\u015b\u0107","spok\u00f3j","walory turystyczne","wczasy"],"articleSection":["Boszkowo"],"inLanguage":"pl-PL"},{"@type":"WebPage","@id":"http:\/\/ludzieikrajobrazy.muzeumleszno.pl\/?p=128","url":"http:\/\/ludzieikrajobrazy.muzeumleszno.pl\/?p=128","name":"Boszkowo. Grupa wczasowicz\u00f3w, lata 20. XX wieku\u00a0 - Ludzie i krajobrazy. Powiat Leszczy\u0144ski w ikonografii","isPartOf":{"@id":"https:\/\/ludzieikrajobrazy.muzeumleszno.pl\/#website"},"primaryImageOfPage":{"@id":"http:\/\/ludzieikrajobrazy.muzeumleszno.pl\/?p=128#primaryimage"},"image":{"@id":"http:\/\/ludzieikrajobrazy.muzeumleszno.pl\/?p=128#primaryimage"},"thumbnailUrl":"http:\/\/ludzieikrajobrazy.muzeumleszno.pl\/wp-content\/uploads\/2024\/07\/2_MLFa-721.jpg","datePublished":"2024-08-01T10:49:56+00:00","dateModified":"2024-09-17T08:14:08+00:00","author":{"@id":"https:\/\/ludzieikrajobrazy.muzeumleszno.pl\/#\/schema\/person\/fc2bc20e2b51efc3202ac1f0cdcd06c0"},"breadcrumb":{"@id":"http:\/\/ludzieikrajobrazy.muzeumleszno.pl\/?p=128#breadcrumb"},"inLanguage":"pl-PL","potentialAction":[{"@type":"ReadAction","target":["http:\/\/ludzieikrajobrazy.muzeumleszno.pl\/?p=128"]}]},{"@type":"BreadcrumbList","@id":"http:\/\/ludzieikrajobrazy.muzeumleszno.pl\/?p=128#breadcrumb","itemListElement":[{"@type":"ListItem","position":1,"name":"Home","item":"https:\/\/ludzieikrajobrazy.muzeumleszno.pl\/"},{"@type":"ListItem","position":2,"name":"Boszkowo. Grupa wczasowicz\u00f3w, lata 20. XX wieku\u00a0"}]},{"@type":"WebSite","@id":"https:\/\/ludzieikrajobrazy.muzeumleszno.pl\/#website","url":"https:\/\/ludzieikrajobrazy.muzeumleszno.pl\/","name":"Ludzie i krajobrazy. Powiat Leszczy\u0144ski w ikonografii","description":"Powiat Leszczy\u0144ski w ikonografii","potentialAction":[{"@type":"SearchAction","target":{"@type":"EntryPoint","urlTemplate":"https:\/\/ludzieikrajobrazy.muzeumleszno.pl\/?s={search_term_string}"},"query-input":{"@type":"PropertyValueSpecification","valueRequired":true,"valueName":"search_term_string"}}],"inLanguage":"pl-PL"},{"@type":"Person","@id":"https:\/\/ludzieikrajobrazy.muzeumleszno.pl\/#\/schema\/person\/fc2bc20e2b51efc3202ac1f0cdcd06c0","name":"Pan_Admin","image":{"@type":"ImageObject","inLanguage":"pl-PL","@id":"https:\/\/secure.gravatar.com\/avatar\/d109d485abe889ecc32dbdb971b715ad9d4596bd0e2353626451db3e04099822?s=96&d=mm&r=g","url":"https:\/\/secure.gravatar.com\/avatar\/d109d485abe889ecc32dbdb971b715ad9d4596bd0e2353626451db3e04099822?s=96&d=mm&r=g","contentUrl":"https:\/\/secure.gravatar.com\/avatar\/d109d485abe889ecc32dbdb971b715ad9d4596bd0e2353626451db3e04099822?s=96&d=mm&r=g","caption":"Pan_Admin"},"sameAs":["http:\/\/ludzieikrajobrazy.muzeumleszno.pl"],"url":"http:\/\/ludzieikrajobrazy.muzeumleszno.pl\/?author=1"}]}},"_links":{"self":[{"href":"http:\/\/ludzieikrajobrazy.muzeumleszno.pl\/index.php?rest_route=\/wp\/v2\/posts\/128","targetHints":{"allow":["GET"]}}],"collection":[{"href":"http:\/\/ludzieikrajobrazy.muzeumleszno.pl\/index.php?rest_route=\/wp\/v2\/posts"}],"about":[{"href":"http:\/\/ludzieikrajobrazy.muzeumleszno.pl\/index.php?rest_route=\/wp\/v2\/types\/post"}],"author":[{"embeddable":true,"href":"http:\/\/ludzieikrajobrazy.muzeumleszno.pl\/index.php?rest_route=\/wp\/v2\/users\/1"}],"replies":[{"embeddable":true,"href":"http:\/\/ludzieikrajobrazy.muzeumleszno.pl\/index.php?rest_route=%2Fwp%2Fv2%2Fcomments&post=128"}],"version-history":[{"count":5,"href":"http:\/\/ludzieikrajobrazy.muzeumleszno.pl\/index.php?rest_route=\/wp\/v2\/posts\/128\/revisions"}],"predecessor-version":[{"id":1141,"href":"http:\/\/ludzieikrajobrazy.muzeumleszno.pl\/index.php?rest_route=\/wp\/v2\/posts\/128\/revisions\/1141"}],"wp:featuredmedia":[{"embeddable":true,"href":"http:\/\/ludzieikrajobrazy.muzeumleszno.pl\/index.php?rest_route=\/wp\/v2\/media\/129"}],"wp:attachment":[{"href":"http:\/\/ludzieikrajobrazy.muzeumleszno.pl\/index.php?rest_route=%2Fwp%2Fv2%2Fmedia&parent=128"}],"wp:term":[{"taxonomy":"category","embeddable":true,"href":"http:\/\/ludzieikrajobrazy.muzeumleszno.pl\/index.php?rest_route=%2Fwp%2Fv2%2Fcategories&post=128"},{"taxonomy":"post_tag","embeddable":true,"href":"http:\/\/ludzieikrajobrazy.muzeumleszno.pl\/index.php?rest_route=%2Fwp%2Fv2%2Ftags&post=128"}],"curies":[{"name":"wp","href":"https:\/\/api.w.org\/{rel}","templated":true}]}}