{"id":204,"date":"2024-07-30T12:00:51","date_gmt":"2024-07-30T10:00:51","guid":{"rendered":"http:\/\/ludzieikrajobrazy.muzeumleszno.pl\/?p=204"},"modified":"2024-09-17T10:58:43","modified_gmt":"2024-09-17T08:58:43","slug":"brylewo-dozynki-1931-rok","status":"publish","type":"post","link":"http:\/\/ludzieikrajobrazy.muzeumleszno.pl\/?p=204","title":{"rendered":"Brylewo. Do\u017cynki, 1931 rok"},"content":{"rendered":"\n<p>Do\u017cynki, inaczej Wie\u0144ce lub Okr\u0119\u017cne, to tradycyjna uroczysto\u015b\u0107 ludowa z okazji zako\u0144czenia \u017cniw. W uroczystym, barwnym korowodzie niesione s\u0105 z pola wie\u0144ce, uplecione z k\u0142os\u00f3w zb\u00f3\u017c i zi\u00f3\u0142, nazywane koronami. Dawniej, w niekt\u00f3rych rejonach kraju g\u0142\u00f3wny wieniec wnosi\u0142a na g\u0142owie kobieta zwana Postaciank\u0105 lub Przodownic\u0105. Pochodowi towarzyszyli muzykanci, \u015bpiewano do\u017cynkowe pie\u015bni ludowe, na koniec odbywa\u0142a si\u0119 zabawa taneczna i wsp\u00f3lne biesiadowanie w podzi\u0119kowaniu za plony. \u015awi\u0119to ma pochodzenie przedchrze\u015bcija\u0144skie (etnicznie s\u0142owia\u0144skie) i przypada\u0142o w okresie r\u00f3wnonocy jesiennej (23 wrze\u015bnia). Stanowi relikt dawnych zwyczaj\u00f3w o charakterze magicznym, maj\u0105cych zapewni\u0107 urodzaj i dostatek na przysz\u0142y rok.&nbsp;<\/p>\n\n\n\n<p>Pod koniec XIX wieku urz\u0105dzano do\u017cynki dworskie i do\u017cynki ch\u0142opskie, gospodarskie. W okresie mi\u0119dzywojennym organizowano do\u017cynki gminne, powiatowe i parafialne. Fotografia stanowi pami\u0105tk\u0119 z jednej z takich uroczysto\u015bci, przygotowanej przez mieszka\u0144c\u00f3w Brylewa. Ludowe stroje i wie\u0144ce podkre\u015blaj\u0105 przywi\u0105zanie do tradycji.&nbsp;<\/p>\n\n\n\n<figure data-wp-context=\"{&quot;imageId&quot;:&quot;69f1ccd153bb2&quot;}\" data-wp-interactive=\"core\/image\" data-wp-key=\"69f1ccd153bb2\" class=\"wp-block-image size-full wp-lightbox-container\"><img fetchpriority=\"high\" decoding=\"async\" width=\"2560\" height=\"1636\" data-wp-class--hide=\"state.isContentHidden\" data-wp-class--show=\"state.isContentVisible\" data-wp-init=\"callbacks.setButtonStyles\" data-wp-on--click=\"actions.showLightbox\" data-wp-on--load=\"callbacks.setButtonStyles\" data-wp-on-window--resize=\"callbacks.setButtonStyles\" src=\"http:\/\/ludzieikrajobrazy.muzeumleszno.pl\/wp-content\/uploads\/2024\/07\/6_MLFa-3766-scaled.jpg\" alt=\"\" class=\"wp-image-205\" srcset=\"http:\/\/ludzieikrajobrazy.muzeumleszno.pl\/wp-content\/uploads\/2024\/07\/6_MLFa-3766-scaled.jpg 2560w, http:\/\/ludzieikrajobrazy.muzeumleszno.pl\/wp-content\/uploads\/2024\/07\/6_MLFa-3766-1536x982.jpg 1536w, http:\/\/ludzieikrajobrazy.muzeumleszno.pl\/wp-content\/uploads\/2024\/07\/6_MLFa-3766-2048x1309.jpg 2048w, http:\/\/ludzieikrajobrazy.muzeumleszno.pl\/wp-content\/uploads\/2024\/07\/6_MLFa-3766-200x128.jpg 200w, http:\/\/ludzieikrajobrazy.muzeumleszno.pl\/wp-content\/uploads\/2024\/07\/6_MLFa-3766-973x622.jpg 973w, http:\/\/ludzieikrajobrazy.muzeumleszno.pl\/wp-content\/uploads\/2024\/07\/6_MLFa-3766-508x325.jpg 508w\" sizes=\"(max-width: 2560px) 100vw, 2560px\" \/><button\n\t\t\tclass=\"lightbox-trigger\"\n\t\t\ttype=\"button\"\n\t\t\taria-haspopup=\"dialog\"\n\t\t\taria-label=\"Powi\u0119ksz\"\n\t\t\tdata-wp-init=\"callbacks.initTriggerButton\"\n\t\t\tdata-wp-on--click=\"actions.showLightbox\"\n\t\t\tdata-wp-style--right=\"state.imageButtonRight\"\n\t\t\tdata-wp-style--top=\"state.imageButtonTop\"\n\t\t>\n\t\t\t<svg xmlns=\"http:\/\/www.w3.org\/2000\/svg\" width=\"12\" height=\"12\" fill=\"none\" viewBox=\"0 0 12 12\">\n\t\t\t\t<path fill=\"#fff\" d=\"M2 0a2 2 0 0 0-2 2v2h1.5V2a.5.5 0 0 1 .5-.5h2V0H2Zm2 10.5H2a.5.5 0 0 1-.5-.5V8H0v2a2 2 0 0 0 2 2h2v-1.5ZM8 12v-1.5h2a.5.5 0 0 0 .5-.5V8H12v2a2 2 0 0 1-2 2H8Zm2-12a2 2 0 0 1 2 2v2h-1.5V2a.5.5 0 0 0-.5-.5H8V0h2Z\" \/>\n\t\t\t<\/svg>\n\t\t<\/button><figcaption class=\"wp-element-caption\">wys. 9,7 cm x szer. 14,7 cm; odbitka srebrowo-\u017celatynowa, papier fotograficzny; autor nieznany, przed 1939 rokiem; Muzeum Okr\u0119gowe w Lesznie; MLFa3766<\/figcaption><\/figure>\n\n\n\n<p class=\"has-small-font-size\">nr inw. MLFa 3766<br>W zbiorach Muzeum Okr\u0119gowego w Lesznie od 2024 roku, dar<\/p>\n\n\n\n<p>D.Cz.<\/p>\n\n\n\n<figure class=\"wp-block-embed is-type-video is-provider-youtube wp-block-embed-youtube wp-embed-aspect-16-9 wp-has-aspect-ratio\"><div class=\"wp-block-embed__wrapper\">\n<iframe title=\"Brylewo  Doz\u0307ynki, 1931 rok\" width=\"620\" height=\"349\" src=\"https:\/\/www.youtube.com\/embed\/fjkSb5NBrGY?feature=oembed\" frameborder=\"0\" allow=\"accelerometer; autoplay; clipboard-write; encrypted-media; gyroscope; picture-in-picture; web-share\" referrerpolicy=\"strict-origin-when-cross-origin\" allowfullscreen><\/iframe>\n<\/div><\/figure>\n","protected":false},"excerpt":{"rendered":"<p>Do\u017cynki, inaczej Wie\u0144ce lub Okr\u0119\u017cne, to tradycyjna uroczysto\u015b\u0107 ludowa z okazji zako\u0144czenia \u017cniw. W uroczystym, barwnym korowodzie niesione s\u0105 z pola wie\u0144ce, uplecione z k\u0142os\u00f3w zb\u00f3\u017c i zi\u00f3\u0142,&#8230;<\/p>\n","protected":false},"author":1,"featured_media":205,"comment_status":"closed","ping_status":"closed","sticky":false,"template":"","format":"standard","meta":{"cybocfi_hide_featured_image":"yes","footnotes":""},"categories":[19],"tags":[227,1305,808,1297,1298,20,165,456,1187,1310,520,1309,1273,1312,1311,1314,1313,1316,1315,1104,201,247,1290,413,1283,1289,1318,1286,1280,1307,1079,796,1167,783,1292,1291,1116,1275,1163,1295,1294,1299,259,714,1287,1301,1288,1304,1303,1302,1165,1185,1317,1300,1103,589,1296,801,1169,250,1276,1308,1213,1281,1282,1274,875,1212,1201,784,1279,1284,1278,1285,1277,1306],"class_list":["post-204","post","type-post","status-publish","format-standard","has-post-thumbnail","hentry","category-brylewo","tag-227","tag-23-wrzesnia","tag-biala-sukienka","tag-biesiada","tag-biesiadowanie","tag-brylewo","tag-budownictwo-murowane","tag-budynek-gospodarczy","tag-cegla","tag-charakter-magiczny","tag-dokumentacja","tag-dostatek","tag-dozynki","tag-dozynki-chlopskie","tag-dozynki-dworskie","tag-dozynki-gminne","tag-dozynki-gospodarskie","tag-dozynki-parafialne","tag-dozynki-powiatowe","tag-dziekczynienie","tag-fotografia-grupowa","tag-garnitur","tag-glowa","tag-gospodarstwo","tag-klosy","tag-kobieta","tag-kobiety","tag-korony","tag-korowod","tag-magia","tag-mezczyzna","tag-mezczyzni","tag-mieszkancy","tag-mucha","tag-muzykanci","tag-na-glowie","tag-obrzed","tag-okrezne","tag-piesn","tag-piesn-ludowa","tag-piesni-2","tag-plony","tag-pochod","tag-pole","tag-postacianka","tag-przedchrzescijanizm","tag-przodownica","tag-rownonoc-jesienna","tag-slowianie","tag-slowianstwo","tag-spiew","tag-stroj-odswietny","tag-stroje-ludowe","tag-swieto","tag-symbol","tag-symbolika","tag-tance","tag-taniec","tag-tradycja","tag-uroczystosc","tag-uroczystosc-ludowa","tag-urodzaj","tag-wiara","tag-wielobarwnosc","tag-wielobarwny","tag-wience","tag-wieniec","tag-wierzenia","tag-wies","tag-zabawa","tag-zakonczenie-zniw","tag-zboze","tag-zebranie-zniw","tag-ziola","tag-zniwa","tag-zwyczaje"],"yoast_head":"<!-- This site is optimized with the Yoast SEO plugin v27.5 - https:\/\/yoast.com\/product\/yoast-seo-wordpress\/ -->\n<title>Brylewo. Do\u017cynki, 1931 rok - Ludzie i krajobrazy. Powiat Leszczy\u0144ski w ikonografii<\/title>\n<meta name=\"robots\" content=\"index, follow, max-snippet:-1, max-image-preview:large, max-video-preview:-1\" \/>\n<link rel=\"canonical\" href=\"http:\/\/ludzieikrajobrazy.muzeumleszno.pl\/?p=204\" \/>\n<meta property=\"og:locale\" content=\"pl_PL\" \/>\n<meta property=\"og:type\" content=\"article\" \/>\n<meta property=\"og:title\" content=\"Brylewo. Do\u017cynki, 1931 rok - Ludzie i krajobrazy. Powiat Leszczy\u0144ski w ikonografii\" \/>\n<meta property=\"og:description\" content=\"Do\u017cynki, inaczej Wie\u0144ce lub Okr\u0119\u017cne, to tradycyjna uroczysto\u015b\u0107 ludowa z okazji zako\u0144czenia \u017cniw. W uroczystym, barwnym korowodzie niesione s\u0105 z pola wie\u0144ce, uplecione z k\u0142os\u00f3w zb\u00f3\u017c i zi\u00f3\u0142,...\" \/>\n<meta property=\"og:url\" content=\"http:\/\/ludzieikrajobrazy.muzeumleszno.pl\/?p=204\" \/>\n<meta property=\"og:site_name\" content=\"Ludzie i krajobrazy. Powiat Leszczy\u0144ski w ikonografii\" \/>\n<meta property=\"article:published_time\" content=\"2024-07-30T10:00:51+00:00\" \/>\n<meta property=\"article:modified_time\" content=\"2024-09-17T08:58:43+00:00\" \/>\n<meta property=\"og:image\" content=\"http:\/\/ludzieikrajobrazy.muzeumleszno.pl\/wp-content\/uploads\/2024\/07\/6_MLFa-3766-scaled.jpg\" \/>\n\t<meta property=\"og:image:width\" content=\"2560\" \/>\n\t<meta property=\"og:image:height\" content=\"1636\" \/>\n\t<meta property=\"og:image:type\" content=\"image\/jpeg\" \/>\n<meta name=\"author\" content=\"Pan_Admin\" \/>\n<meta name=\"twitter:card\" content=\"summary_large_image\" \/>\n<meta name=\"twitter:label1\" content=\"Napisane przez\" \/>\n\t<meta name=\"twitter:data1\" content=\"Pan_Admin\" \/>\n\t<meta name=\"twitter:label2\" content=\"Szacowany czas czytania\" \/>\n\t<meta name=\"twitter:data2\" content=\"2 minuty\" \/>\n<script type=\"application\/ld+json\" class=\"yoast-schema-graph\">{\"@context\":\"https:\\\/\\\/schema.org\",\"@graph\":[{\"@type\":\"Article\",\"@id\":\"http:\\\/\\\/ludzieikrajobrazy.muzeumleszno.pl\\\/?p=204#article\",\"isPartOf\":{\"@id\":\"http:\\\/\\\/ludzieikrajobrazy.muzeumleszno.pl\\\/?p=204\"},\"author\":{\"name\":\"Pan_Admin\",\"@id\":\"https:\\\/\\\/ludzieikrajobrazy.muzeumleszno.pl\\\/#\\\/schema\\\/person\\\/fc2bc20e2b51efc3202ac1f0cdcd06c0\"},\"headline\":\"Brylewo. Do\u017cynki, 1931 rok\",\"datePublished\":\"2024-07-30T10:00:51+00:00\",\"dateModified\":\"2024-09-17T08:58:43+00:00\",\"mainEntityOfPage\":{\"@id\":\"http:\\\/\\\/ludzieikrajobrazy.muzeumleszno.pl\\\/?p=204\"},\"wordCount\":219,\"image\":{\"@id\":\"http:\\\/\\\/ludzieikrajobrazy.muzeumleszno.pl\\\/?p=204#primaryimage\"},\"thumbnailUrl\":\"http:\\\/\\\/ludzieikrajobrazy.muzeumleszno.pl\\\/wp-content\\\/uploads\\\/2024\\\/07\\\/6_MLFa-3766-scaled.jpg\",\"keywords\":[\"1931\",\"23 wrze\u015bnia\",\"bia\u0142a sukienka\",\"biesiada\",\"biesiadowanie\",\"Brylewo\",\"budownictwo murowane\",\"budynek gospodarczy\",\"ceg\u0142a\",\"charakter magiczny\",\"dokumentacja\",\"dostatek\",\"do\u017cynki\",\"do\u017cynki ch\u0142opskie\",\"do\u017cynki dworskie\",\"do\u017cynki gminne\",\"do\u017cynki gospodarskie\",\"do\u017cynki parafialne\",\"dozynki powiatowe\",\"dzi\u0119kczynienie\",\"fotografia grupowa\",\"garnitur\",\"g\u0142owa\",\"gospodarstwo\",\"k\u0142osy\",\"kobieta\",\"kobiety\",\"korony\",\"korow\u00f3d\",\"magia\",\"m\u0119\u017cczyzna\",\"m\u0119\u017cczy\u017ani\",\"mieszka\u0144cy\",\"mucha\",\"muzykanci\",\"na g\u0142owie\",\"obrz\u0119d\",\"Okr\u0119\u017cne\",\"pie\u015b\u0144\",\"pie\u015b\u0144 ludowa\",\"pie\u015bni\",\"plony\",\"poch\u00f3d\",\"pole\",\"Postacianka\",\"przedchrze\u015bcijanizm\",\"Przodownica\",\"r\u00f3wnonoc jesienna\",\"s\u0142owianie\",\"s\u0142owia\u0144stwo\",\"\u015bpiew\",\"str\u00f3j od\u015bwi\u0119tny\",\"stroje ludowe\",\"\u015bwi\u0119to\",\"symbol\",\"symbolika\",\"ta\u0144ce\",\"taniec\",\"tradycja\",\"uroczysto\u015b\u0107\",\"uroczysto\u015b\u0107 ludowa\",\"urodzaj\",\"wiara\",\"wielobarwno\u015b\u0107\",\"wielobarwny\",\"Wie\u0144ce\",\"wieniec\",\"wierzenia\",\"wie\u015b\",\"zabawa\",\"zako\u0144czenie \u017cniw\",\"zbo\u017ce\",\"zebranie \u017cniw\",\"zio\u0142a\",\"\u017cniwa\",\"zwyczaje\"],\"articleSection\":[\"Brylewo\"],\"inLanguage\":\"pl-PL\"},{\"@type\":\"WebPage\",\"@id\":\"http:\\\/\\\/ludzieikrajobrazy.muzeumleszno.pl\\\/?p=204\",\"url\":\"http:\\\/\\\/ludzieikrajobrazy.muzeumleszno.pl\\\/?p=204\",\"name\":\"Brylewo. Do\u017cynki, 1931 rok - Ludzie i krajobrazy. Powiat Leszczy\u0144ski w ikonografii\",\"isPartOf\":{\"@id\":\"https:\\\/\\\/ludzieikrajobrazy.muzeumleszno.pl\\\/#website\"},\"primaryImageOfPage\":{\"@id\":\"http:\\\/\\\/ludzieikrajobrazy.muzeumleszno.pl\\\/?p=204#primaryimage\"},\"image\":{\"@id\":\"http:\\\/\\\/ludzieikrajobrazy.muzeumleszno.pl\\\/?p=204#primaryimage\"},\"thumbnailUrl\":\"http:\\\/\\\/ludzieikrajobrazy.muzeumleszno.pl\\\/wp-content\\\/uploads\\\/2024\\\/07\\\/6_MLFa-3766-scaled.jpg\",\"datePublished\":\"2024-07-30T10:00:51+00:00\",\"dateModified\":\"2024-09-17T08:58:43+00:00\",\"author\":{\"@id\":\"https:\\\/\\\/ludzieikrajobrazy.muzeumleszno.pl\\\/#\\\/schema\\\/person\\\/fc2bc20e2b51efc3202ac1f0cdcd06c0\"},\"breadcrumb\":{\"@id\":\"http:\\\/\\\/ludzieikrajobrazy.muzeumleszno.pl\\\/?p=204#breadcrumb\"},\"inLanguage\":\"pl-PL\",\"potentialAction\":[{\"@type\":\"ReadAction\",\"target\":[\"http:\\\/\\\/ludzieikrajobrazy.muzeumleszno.pl\\\/?p=204\"]}]},{\"@type\":\"BreadcrumbList\",\"@id\":\"http:\\\/\\\/ludzieikrajobrazy.muzeumleszno.pl\\\/?p=204#breadcrumb\",\"itemListElement\":[{\"@type\":\"ListItem\",\"position\":1,\"name\":\"Home\",\"item\":\"https:\\\/\\\/ludzieikrajobrazy.muzeumleszno.pl\\\/\"},{\"@type\":\"ListItem\",\"position\":2,\"name\":\"Brylewo. Do\u017cynki, 1931 rok\"}]},{\"@type\":\"WebSite\",\"@id\":\"https:\\\/\\\/ludzieikrajobrazy.muzeumleszno.pl\\\/#website\",\"url\":\"https:\\\/\\\/ludzieikrajobrazy.muzeumleszno.pl\\\/\",\"name\":\"Ludzie i krajobrazy. Powiat Leszczy\u0144ski w ikonografii\",\"description\":\"Powiat Leszczy\u0144ski w ikonografii\",\"potentialAction\":[{\"@type\":\"SearchAction\",\"target\":{\"@type\":\"EntryPoint\",\"urlTemplate\":\"https:\\\/\\\/ludzieikrajobrazy.muzeumleszno.pl\\\/?s={search_term_string}\"},\"query-input\":{\"@type\":\"PropertyValueSpecification\",\"valueRequired\":true,\"valueName\":\"search_term_string\"}}],\"inLanguage\":\"pl-PL\"},{\"@type\":\"Person\",\"@id\":\"https:\\\/\\\/ludzieikrajobrazy.muzeumleszno.pl\\\/#\\\/schema\\\/person\\\/fc2bc20e2b51efc3202ac1f0cdcd06c0\",\"name\":\"Pan_Admin\",\"image\":{\"@type\":\"ImageObject\",\"inLanguage\":\"pl-PL\",\"@id\":\"https:\\\/\\\/secure.gravatar.com\\\/avatar\\\/d109d485abe889ecc32dbdb971b715ad9d4596bd0e2353626451db3e04099822?s=96&d=mm&r=g\",\"url\":\"https:\\\/\\\/secure.gravatar.com\\\/avatar\\\/d109d485abe889ecc32dbdb971b715ad9d4596bd0e2353626451db3e04099822?s=96&d=mm&r=g\",\"contentUrl\":\"https:\\\/\\\/secure.gravatar.com\\\/avatar\\\/d109d485abe889ecc32dbdb971b715ad9d4596bd0e2353626451db3e04099822?s=96&d=mm&r=g\",\"caption\":\"Pan_Admin\"},\"sameAs\":[\"http:\\\/\\\/ludzieikrajobrazy.muzeumleszno.pl\"],\"url\":\"http:\\\/\\\/ludzieikrajobrazy.muzeumleszno.pl\\\/?author=1\"}]}<\/script>\n<!-- \/ Yoast SEO plugin. -->","yoast_head_json":{"title":"Brylewo. Do\u017cynki, 1931 rok - Ludzie i krajobrazy. Powiat Leszczy\u0144ski w ikonografii","robots":{"index":"index","follow":"follow","max-snippet":"max-snippet:-1","max-image-preview":"max-image-preview:large","max-video-preview":"max-video-preview:-1"},"canonical":"http:\/\/ludzieikrajobrazy.muzeumleszno.pl\/?p=204","og_locale":"pl_PL","og_type":"article","og_title":"Brylewo. Do\u017cynki, 1931 rok - Ludzie i krajobrazy. Powiat Leszczy\u0144ski w ikonografii","og_description":"Do\u017cynki, inaczej Wie\u0144ce lub Okr\u0119\u017cne, to tradycyjna uroczysto\u015b\u0107 ludowa z okazji zako\u0144czenia \u017cniw. W uroczystym, barwnym korowodzie niesione s\u0105 z pola wie\u0144ce, uplecione z k\u0142os\u00f3w zb\u00f3\u017c i zi\u00f3\u0142,...","og_url":"http:\/\/ludzieikrajobrazy.muzeumleszno.pl\/?p=204","og_site_name":"Ludzie i krajobrazy. Powiat Leszczy\u0144ski w ikonografii","article_published_time":"2024-07-30T10:00:51+00:00","article_modified_time":"2024-09-17T08:58:43+00:00","og_image":[{"width":2560,"height":1636,"url":"http:\/\/ludzieikrajobrazy.muzeumleszno.pl\/wp-content\/uploads\/2024\/07\/6_MLFa-3766-scaled.jpg","type":"image\/jpeg"}],"author":"Pan_Admin","twitter_card":"summary_large_image","twitter_misc":{"Napisane przez":"Pan_Admin","Szacowany czas czytania":"2 minuty"},"schema":{"@context":"https:\/\/schema.org","@graph":[{"@type":"Article","@id":"http:\/\/ludzieikrajobrazy.muzeumleszno.pl\/?p=204#article","isPartOf":{"@id":"http:\/\/ludzieikrajobrazy.muzeumleszno.pl\/?p=204"},"author":{"name":"Pan_Admin","@id":"https:\/\/ludzieikrajobrazy.muzeumleszno.pl\/#\/schema\/person\/fc2bc20e2b51efc3202ac1f0cdcd06c0"},"headline":"Brylewo. Do\u017cynki, 1931 rok","datePublished":"2024-07-30T10:00:51+00:00","dateModified":"2024-09-17T08:58:43+00:00","mainEntityOfPage":{"@id":"http:\/\/ludzieikrajobrazy.muzeumleszno.pl\/?p=204"},"wordCount":219,"image":{"@id":"http:\/\/ludzieikrajobrazy.muzeumleszno.pl\/?p=204#primaryimage"},"thumbnailUrl":"http:\/\/ludzieikrajobrazy.muzeumleszno.pl\/wp-content\/uploads\/2024\/07\/6_MLFa-3766-scaled.jpg","keywords":["1931","23 wrze\u015bnia","bia\u0142a sukienka","biesiada","biesiadowanie","Brylewo","budownictwo murowane","budynek gospodarczy","ceg\u0142a","charakter magiczny","dokumentacja","dostatek","do\u017cynki","do\u017cynki ch\u0142opskie","do\u017cynki dworskie","do\u017cynki gminne","do\u017cynki gospodarskie","do\u017cynki parafialne","dozynki powiatowe","dzi\u0119kczynienie","fotografia grupowa","garnitur","g\u0142owa","gospodarstwo","k\u0142osy","kobieta","kobiety","korony","korow\u00f3d","magia","m\u0119\u017cczyzna","m\u0119\u017cczy\u017ani","mieszka\u0144cy","mucha","muzykanci","na g\u0142owie","obrz\u0119d","Okr\u0119\u017cne","pie\u015b\u0144","pie\u015b\u0144 ludowa","pie\u015bni","plony","poch\u00f3d","pole","Postacianka","przedchrze\u015bcijanizm","Przodownica","r\u00f3wnonoc jesienna","s\u0142owianie","s\u0142owia\u0144stwo","\u015bpiew","str\u00f3j od\u015bwi\u0119tny","stroje ludowe","\u015bwi\u0119to","symbol","symbolika","ta\u0144ce","taniec","tradycja","uroczysto\u015b\u0107","uroczysto\u015b\u0107 ludowa","urodzaj","wiara","wielobarwno\u015b\u0107","wielobarwny","Wie\u0144ce","wieniec","wierzenia","wie\u015b","zabawa","zako\u0144czenie \u017cniw","zbo\u017ce","zebranie \u017cniw","zio\u0142a","\u017cniwa","zwyczaje"],"articleSection":["Brylewo"],"inLanguage":"pl-PL"},{"@type":"WebPage","@id":"http:\/\/ludzieikrajobrazy.muzeumleszno.pl\/?p=204","url":"http:\/\/ludzieikrajobrazy.muzeumleszno.pl\/?p=204","name":"Brylewo. Do\u017cynki, 1931 rok - Ludzie i krajobrazy. Powiat Leszczy\u0144ski w ikonografii","isPartOf":{"@id":"https:\/\/ludzieikrajobrazy.muzeumleszno.pl\/#website"},"primaryImageOfPage":{"@id":"http:\/\/ludzieikrajobrazy.muzeumleszno.pl\/?p=204#primaryimage"},"image":{"@id":"http:\/\/ludzieikrajobrazy.muzeumleszno.pl\/?p=204#primaryimage"},"thumbnailUrl":"http:\/\/ludzieikrajobrazy.muzeumleszno.pl\/wp-content\/uploads\/2024\/07\/6_MLFa-3766-scaled.jpg","datePublished":"2024-07-30T10:00:51+00:00","dateModified":"2024-09-17T08:58:43+00:00","author":{"@id":"https:\/\/ludzieikrajobrazy.muzeumleszno.pl\/#\/schema\/person\/fc2bc20e2b51efc3202ac1f0cdcd06c0"},"breadcrumb":{"@id":"http:\/\/ludzieikrajobrazy.muzeumleszno.pl\/?p=204#breadcrumb"},"inLanguage":"pl-PL","potentialAction":[{"@type":"ReadAction","target":["http:\/\/ludzieikrajobrazy.muzeumleszno.pl\/?p=204"]}]},{"@type":"BreadcrumbList","@id":"http:\/\/ludzieikrajobrazy.muzeumleszno.pl\/?p=204#breadcrumb","itemListElement":[{"@type":"ListItem","position":1,"name":"Home","item":"https:\/\/ludzieikrajobrazy.muzeumleszno.pl\/"},{"@type":"ListItem","position":2,"name":"Brylewo. Do\u017cynki, 1931 rok"}]},{"@type":"WebSite","@id":"https:\/\/ludzieikrajobrazy.muzeumleszno.pl\/#website","url":"https:\/\/ludzieikrajobrazy.muzeumleszno.pl\/","name":"Ludzie i krajobrazy. Powiat Leszczy\u0144ski w ikonografii","description":"Powiat Leszczy\u0144ski w ikonografii","potentialAction":[{"@type":"SearchAction","target":{"@type":"EntryPoint","urlTemplate":"https:\/\/ludzieikrajobrazy.muzeumleszno.pl\/?s={search_term_string}"},"query-input":{"@type":"PropertyValueSpecification","valueRequired":true,"valueName":"search_term_string"}}],"inLanguage":"pl-PL"},{"@type":"Person","@id":"https:\/\/ludzieikrajobrazy.muzeumleszno.pl\/#\/schema\/person\/fc2bc20e2b51efc3202ac1f0cdcd06c0","name":"Pan_Admin","image":{"@type":"ImageObject","inLanguage":"pl-PL","@id":"https:\/\/secure.gravatar.com\/avatar\/d109d485abe889ecc32dbdb971b715ad9d4596bd0e2353626451db3e04099822?s=96&d=mm&r=g","url":"https:\/\/secure.gravatar.com\/avatar\/d109d485abe889ecc32dbdb971b715ad9d4596bd0e2353626451db3e04099822?s=96&d=mm&r=g","contentUrl":"https:\/\/secure.gravatar.com\/avatar\/d109d485abe889ecc32dbdb971b715ad9d4596bd0e2353626451db3e04099822?s=96&d=mm&r=g","caption":"Pan_Admin"},"sameAs":["http:\/\/ludzieikrajobrazy.muzeumleszno.pl"],"url":"http:\/\/ludzieikrajobrazy.muzeumleszno.pl\/?author=1"}]}},"_links":{"self":[{"href":"http:\/\/ludzieikrajobrazy.muzeumleszno.pl\/index.php?rest_route=\/wp\/v2\/posts\/204","targetHints":{"allow":["GET"]}}],"collection":[{"href":"http:\/\/ludzieikrajobrazy.muzeumleszno.pl\/index.php?rest_route=\/wp\/v2\/posts"}],"about":[{"href":"http:\/\/ludzieikrajobrazy.muzeumleszno.pl\/index.php?rest_route=\/wp\/v2\/types\/post"}],"author":[{"embeddable":true,"href":"http:\/\/ludzieikrajobrazy.muzeumleszno.pl\/index.php?rest_route=\/wp\/v2\/users\/1"}],"replies":[{"embeddable":true,"href":"http:\/\/ludzieikrajobrazy.muzeumleszno.pl\/index.php?rest_route=%2Fwp%2Fv2%2Fcomments&post=204"}],"version-history":[{"count":2,"href":"http:\/\/ludzieikrajobrazy.muzeumleszno.pl\/index.php?rest_route=\/wp\/v2\/posts\/204\/revisions"}],"predecessor-version":[{"id":1146,"href":"http:\/\/ludzieikrajobrazy.muzeumleszno.pl\/index.php?rest_route=\/wp\/v2\/posts\/204\/revisions\/1146"}],"wp:featuredmedia":[{"embeddable":true,"href":"http:\/\/ludzieikrajobrazy.muzeumleszno.pl\/index.php?rest_route=\/wp\/v2\/media\/205"}],"wp:attachment":[{"href":"http:\/\/ludzieikrajobrazy.muzeumleszno.pl\/index.php?rest_route=%2Fwp%2Fv2%2Fmedia&parent=204"}],"wp:term":[{"taxonomy":"category","embeddable":true,"href":"http:\/\/ludzieikrajobrazy.muzeumleszno.pl\/index.php?rest_route=%2Fwp%2Fv2%2Fcategories&post=204"},{"taxonomy":"post_tag","embeddable":true,"href":"http:\/\/ludzieikrajobrazy.muzeumleszno.pl\/index.php?rest_route=%2Fwp%2Fv2%2Ftags&post=204"}],"curies":[{"name":"wp","href":"https:\/\/api.w.org\/{rel}","templated":true}]}}