{"id":221,"date":"2024-07-30T11:57:57","date_gmt":"2024-07-30T09:57:57","guid":{"rendered":"http:\/\/ludzieikrajobrazy.muzeumleszno.pl\/?p=221"},"modified":"2024-09-17T11:24:53","modified_gmt":"2024-09-17T09:24:53","slug":"brylewo-tadeusz-semrau-portret-jozefa-ponikiewskiego-przed-1937-rokiem","status":"publish","type":"post","link":"http:\/\/ludzieikrajobrazy.muzeumleszno.pl\/?p=221","title":{"rendered":"Brylewo. Tadeusz Semrau, Portret J\u00f3zefa Ponikiewskiego, przed 1937 rokiem"},"content":{"rendered":"\n<p>J\u00f3zef Stanis\u0142aw Ponikiewski (1916\u20131943) by\u0142 synem w\u0142a\u015bciciela maj\u0105tku w Brylewie Hipolita (1889\u20131944) i El\u017cbiety z K\u0119szyckich (1896\u20131977). Po uko\u0144czeniu gimnazjum w Gostyniu studiowa\u0142 w Wy\u017cszej Szkole Handlowej w Poznaniu, a nast\u0119pnie w Szkole Podchor\u0105\u017cych Marynarki Wojennej w Toruniu. Po jej uko\u0144czeniu s\u0142u\u017cy\u0142 na torpedowcu ORP \u201eMazur\u201d, a nast\u0119pnie na niszczycielu OPR \u201eGrom\u201d jako oficer artylerii.&nbsp;<\/p>\n\n\n\n<p>30 sierpnia 1939 roku niszczyciele \u201eGrom\u201d, \u201eBurza\u201d i \u201eB\u0142yskawica\u201d opu\u015bci\u0142y port w Gdyni i uda\u0142y si\u0119 do Anglii. Po dw\u00f3ch latach s\u0142u\u017cby i awansie na porucznika Ponikiewski zosta\u0142 ordynansem, a nast\u0119pnie adiutantem Naczelnego Wodza genera\u0142a W\u0142adys\u0142awa Sikorskiego (1881\u20131943). Towarzyszy\u0142 mu m.in. podczas wizytacji polskich oddzia\u0142\u00f3w stacjonuj\u0105cych w Iraku. Droga powrotna wiod\u0142a przez Bejrut, Palestyn\u0119 i Kair do Gibraltaru. J\u00f3zef Ponikiewski zgin\u0105\u0142 wraz z genera\u0142em Sikorskim 4 lipca 1943 roku w katastrofie lotniczej w Gibraltarze. Jego cia\u0142o odnaleziono i z\u0142o\u017cono na Cmentarzu Lotnik\u00f3w Polskich w Newark. W 2010 roku szcz\u0105tki zosta\u0142y ekshumowane i przeniesione do rodzinnej krypty grobowej przy ko\u015bciele w Oporowie.&nbsp;<\/p>\n\n\n\n<figure data-wp-context=\"{&quot;imageId&quot;:&quot;69f1d429e6804&quot;}\" data-wp-interactive=\"core\/image\" data-wp-key=\"69f1d429e6804\" class=\"wp-block-image size-full wp-lightbox-container\"><img fetchpriority=\"high\" decoding=\"async\" width=\"1264\" height=\"2000\" data-wp-class--hide=\"state.isContentHidden\" data-wp-class--show=\"state.isContentVisible\" data-wp-init=\"callbacks.setButtonStyles\" data-wp-on--click=\"actions.showLightbox\" data-wp-on--load=\"callbacks.setButtonStyles\" data-wp-on-window--resize=\"callbacks.setButtonStyles\" src=\"http:\/\/ludzieikrajobrazy.muzeumleszno.pl\/wp-content\/uploads\/2024\/07\/9_MLFa-1417-1.jpg\" alt=\"J\u00f3zef Ponikiewski z Brylewa\" class=\"wp-image-222\" srcset=\"http:\/\/ludzieikrajobrazy.muzeumleszno.pl\/wp-content\/uploads\/2024\/07\/9_MLFa-1417-1.jpg 1264w, http:\/\/ludzieikrajobrazy.muzeumleszno.pl\/wp-content\/uploads\/2024\/07\/9_MLFa-1417-1-971x1536.jpg 971w, http:\/\/ludzieikrajobrazy.muzeumleszno.pl\/wp-content\/uploads\/2024\/07\/9_MLFa-1417-1-200x316.jpg 200w, http:\/\/ludzieikrajobrazy.muzeumleszno.pl\/wp-content\/uploads\/2024\/07\/9_MLFa-1417-1-973x1540.jpg 973w, http:\/\/ludzieikrajobrazy.muzeumleszno.pl\/wp-content\/uploads\/2024\/07\/9_MLFa-1417-1-508x804.jpg 508w\" sizes=\"(max-width: 1264px) 100vw, 1264px\" \/><button\n\t\t\tclass=\"lightbox-trigger\"\n\t\t\ttype=\"button\"\n\t\t\taria-haspopup=\"dialog\"\n\t\t\taria-label=\"Powi\u0119ksz\"\n\t\t\tdata-wp-init=\"callbacks.initTriggerButton\"\n\t\t\tdata-wp-on--click=\"actions.showLightbox\"\n\t\t\tdata-wp-style--right=\"state.imageButtonRight\"\n\t\t\tdata-wp-style--top=\"state.imageButtonTop\"\n\t\t>\n\t\t\t<svg xmlns=\"http:\/\/www.w3.org\/2000\/svg\" width=\"12\" height=\"12\" fill=\"none\" viewBox=\"0 0 12 12\">\n\t\t\t\t<path fill=\"#fff\" d=\"M2 0a2 2 0 0 0-2 2v2h1.5V2a.5.5 0 0 1 .5-.5h2V0H2Zm2 10.5H2a.5.5 0 0 1-.5-.5V8H0v2a2 2 0 0 0 2 2h2v-1.5ZM8 12v-1.5h2a.5.5 0 0 0 .5-.5V8H12v2a2 2 0 0 1-2 2H8Zm2-12a2 2 0 0 1 2 2v2h-1.5V2a.5.5 0 0 0-.5-.5H8V0h2Z\" \/>\n\t\t\t<\/svg>\n\t\t<\/button><figcaption class=\"wp-element-caption\">wys. 8,7 cm x szer. 13,5 cm; odbitka srebrowo-\u017celatynowa, papier fotograficzny, 1939 rok; Muzeum Okr\u0119gowe w Lesznie; MLFa1417<\/figcaption><\/figure>\n\n\n\n<p class=\"has-small-font-size\">nr inw. MLFa 1417<br>W zbiorach Muzeum Okr\u0119gowego w Lesznie od 2009 roku, dar<\/p>\n\n\n\n<p>D.Cz.<\/p>\n\n\n\n<figure class=\"wp-block-embed is-type-video is-provider-youtube wp-block-embed-youtube wp-embed-aspect-16-9 wp-has-aspect-ratio\"><div class=\"wp-block-embed__wrapper\">\n<iframe title=\"Brylewo  Tadeusz Semrau, Portret Jo\u0301zefa Ponikiewskiego, przed 1937 rokiem\" width=\"620\" height=\"349\" src=\"https:\/\/www.youtube.com\/embed\/iW4uz2KdmUQ?feature=oembed\" frameborder=\"0\" allow=\"accelerometer; autoplay; clipboard-write; encrypted-media; gyroscope; picture-in-picture; web-share\" referrerpolicy=\"strict-origin-when-cross-origin\" allowfullscreen><\/iframe>\n<\/div><\/figure>\n","protected":false},"excerpt":{"rendered":"<p>J\u00f3zef Stanis\u0142aw Ponikiewski (1916\u20131943) by\u0142 synem w\u0142a\u015bciciela maj\u0105tku w Brylewie Hipolita (1889\u20131944) i El\u017cbiety z K\u0119szyckich (1896\u20131977). Po uko\u0144czeniu gimnazjum w Gostyniu studiowa\u0142 w Wy\u017cszej Szkole Handlowej w&#8230;<\/p>\n","protected":false},"author":1,"featured_media":222,"comment_status":"closed","ping_status":"closed","sticky":false,"template":"","format":"standard","meta":{"cybocfi_hide_featured_image":"yes","footnotes":""},"categories":[19],"tags":[1506,1505,1504,459,1511,1507,1222,1509,20,1519,1518,1255,1496,337,353,247,1517,1498,1495,1514,1494,209,1516,1497,1521,1079,1512,1502,1503,1510,867,1515,1074,1508,1522,1520,1143,1242,1500,252,1501,1349,1513,1499],"class_list":["post-221","post","type-post","status-publish","format-standard","has-post-thumbnail","hentry","category-brylewo","tag-blyskawica","tag-burza","tag-grom","tag-459","tag-adiutant","tag-anglia","tag-atelier-fotograficzne","tag-awans","tag-brylewo","tag-cialo","tag-cmentarz-lotnikow-polskich-w-newark","tag-ekshumacja","tag-elzbieta-keszycka","tag-fotografia-portretowa","tag-fotografia-studyjna","tag-garnitur","tag-gibraltar","tag-gimnazjum","tag-hipolit-keszycki","tag-irak","tag-jozef-ponikiewski","tag-kapelusz","tag-katastrofa-lotnicza","tag-keszyccy","tag-kosciol-w-oporowie","tag-mezczyzna","tag-naczelny-wodz","tag-niszczyciel-opr-grom","tag-oficer-artylerii","tag-ordynans","tag-pochowek","tag-polski-oddzial","tag-portret","tag-porucznik","tag-ptzypinka","tag-rodzinna-krypta","tag-smierc","tag-szczatki","tag-szkola-podchorazych-marynarki-wojennej-w-toruniu","tag-tadeusz-semrau","tag-torpedowiec-orp-mazur","tag-wizytacja","tag-wladyslaw-sikorski","tag-wyzsza-szkola-handlowa"],"yoast_head":"<!-- This site is optimized with the Yoast SEO plugin v27.5 - https:\/\/yoast.com\/product\/yoast-seo-wordpress\/ -->\n<title>Brylewo. Tadeusz Semrau, Portret J\u00f3zefa Ponikiewskiego, przed 1937 rokiem - Ludzie i krajobrazy. Powiat Leszczy\u0144ski w ikonografii<\/title>\n<meta name=\"robots\" content=\"index, follow, max-snippet:-1, max-image-preview:large, max-video-preview:-1\" \/>\n<link rel=\"canonical\" href=\"http:\/\/ludzieikrajobrazy.muzeumleszno.pl\/?p=221\" \/>\n<meta property=\"og:locale\" content=\"pl_PL\" \/>\n<meta property=\"og:type\" content=\"article\" \/>\n<meta property=\"og:title\" content=\"Brylewo. Tadeusz Semrau, Portret J\u00f3zefa Ponikiewskiego, przed 1937 rokiem - Ludzie i krajobrazy. Powiat Leszczy\u0144ski w ikonografii\" \/>\n<meta property=\"og:description\" content=\"J\u00f3zef Stanis\u0142aw Ponikiewski (1916\u20131943) by\u0142 synem w\u0142a\u015bciciela maj\u0105tku w Brylewie Hipolita (1889\u20131944) i El\u017cbiety z K\u0119szyckich (1896\u20131977). Po uko\u0144czeniu gimnazjum w Gostyniu studiowa\u0142 w Wy\u017cszej Szkole Handlowej w...\" \/>\n<meta property=\"og:url\" content=\"http:\/\/ludzieikrajobrazy.muzeumleszno.pl\/?p=221\" \/>\n<meta property=\"og:site_name\" content=\"Ludzie i krajobrazy. Powiat Leszczy\u0144ski w ikonografii\" \/>\n<meta property=\"article:published_time\" content=\"2024-07-30T09:57:57+00:00\" \/>\n<meta property=\"article:modified_time\" content=\"2024-09-17T09:24:53+00:00\" \/>\n<meta property=\"og:image\" content=\"http:\/\/ludzieikrajobrazy.muzeumleszno.pl\/wp-content\/uploads\/2024\/07\/9_MLFa-1417-1.jpg\" \/>\n\t<meta property=\"og:image:width\" content=\"1264\" \/>\n\t<meta property=\"og:image:height\" content=\"2000\" \/>\n\t<meta property=\"og:image:type\" content=\"image\/jpeg\" \/>\n<meta name=\"author\" content=\"Pan_Admin\" \/>\n<meta name=\"twitter:card\" content=\"summary_large_image\" \/>\n<meta name=\"twitter:label1\" content=\"Napisane przez\" \/>\n\t<meta name=\"twitter:data1\" content=\"Pan_Admin\" \/>\n\t<meta name=\"twitter:label2\" content=\"Szacowany czas czytania\" \/>\n\t<meta name=\"twitter:data2\" content=\"2 minuty\" \/>\n<script type=\"application\/ld+json\" class=\"yoast-schema-graph\">{\"@context\":\"https:\\\/\\\/schema.org\",\"@graph\":[{\"@type\":\"Article\",\"@id\":\"http:\\\/\\\/ludzieikrajobrazy.muzeumleszno.pl\\\/?p=221#article\",\"isPartOf\":{\"@id\":\"http:\\\/\\\/ludzieikrajobrazy.muzeumleszno.pl\\\/?p=221\"},\"author\":{\"name\":\"Pan_Admin\",\"@id\":\"https:\\\/\\\/ludzieikrajobrazy.muzeumleszno.pl\\\/#\\\/schema\\\/person\\\/fc2bc20e2b51efc3202ac1f0cdcd06c0\"},\"headline\":\"Brylewo. Tadeusz Semrau, Portret J\u00f3zefa Ponikiewskiego, przed 1937 rokiem\",\"datePublished\":\"2024-07-30T09:57:57+00:00\",\"dateModified\":\"2024-09-17T09:24:53+00:00\",\"mainEntityOfPage\":{\"@id\":\"http:\\\/\\\/ludzieikrajobrazy.muzeumleszno.pl\\\/?p=221\"},\"wordCount\":235,\"image\":{\"@id\":\"http:\\\/\\\/ludzieikrajobrazy.muzeumleszno.pl\\\/?p=221#primaryimage\"},\"thumbnailUrl\":\"http:\\\/\\\/ludzieikrajobrazy.muzeumleszno.pl\\\/wp-content\\\/uploads\\\/2024\\\/07\\\/9_MLFa-1417-1.jpg\",\"keywords\":[\"\\\"B\u0142yskawica\\\"\",\"\\\"Burza\\\"\",\"\\\"Grom\\\"\",\"1937\",\"adiutant\",\"Anglia\",\"atelier fotograficzne\",\"awans\",\"Brylewo\",\"cia\u0142o\",\"Cmentarz Lotnik\u00f3w Polskich w Newark\",\"ekshumacja\",\"El\u017cbieta K\u0119szycka\",\"fotografia portretowa\",\"fotografia studyjna\",\"garnitur\",\"Gibraltar\",\"gimnazjum\",\"Hipolit K\u0119szycki\",\"Irak\",\"J\u00f3zef Ponikiewski\",\"kapelusz\",\"katastrofa lotnicza\",\"K\u0119szyccy\",\"ko\u015bci\u00f3\u0142 w Oporowie\",\"m\u0119\u017cczyzna\",\"Naczelny W\u00f3dz\",\"niszczyciel OPR \\\"Grom\\\"\",\"oficer artylerii\",\"ordynans\",\"poch\u00f3wek\",\"polski oddzia\u0142\",\"portret\",\"porucznik\",\"ptzypinka\",\"rodzinna krypta\",\"\u015bmier\u0107\",\"szcz\u0105tki\",\"Szko\u0142a Podchor\u0105\u017cych Marynarki Wojennej w Toruniu\",\"Tadeusz Semrau\",\"torpedowiec ORP \\\"Mazur\\\"\",\"wizytacja\",\"W\u0142adys\u0142aw Sikorski\",\"Wy\u017csza Szko\u0142a Handlowa\"],\"articleSection\":[\"Brylewo\"],\"inLanguage\":\"pl-PL\"},{\"@type\":\"WebPage\",\"@id\":\"http:\\\/\\\/ludzieikrajobrazy.muzeumleszno.pl\\\/?p=221\",\"url\":\"http:\\\/\\\/ludzieikrajobrazy.muzeumleszno.pl\\\/?p=221\",\"name\":\"Brylewo. Tadeusz Semrau, Portret J\u00f3zefa Ponikiewskiego, przed 1937 rokiem - Ludzie i krajobrazy. Powiat Leszczy\u0144ski w ikonografii\",\"isPartOf\":{\"@id\":\"https:\\\/\\\/ludzieikrajobrazy.muzeumleszno.pl\\\/#website\"},\"primaryImageOfPage\":{\"@id\":\"http:\\\/\\\/ludzieikrajobrazy.muzeumleszno.pl\\\/?p=221#primaryimage\"},\"image\":{\"@id\":\"http:\\\/\\\/ludzieikrajobrazy.muzeumleszno.pl\\\/?p=221#primaryimage\"},\"thumbnailUrl\":\"http:\\\/\\\/ludzieikrajobrazy.muzeumleszno.pl\\\/wp-content\\\/uploads\\\/2024\\\/07\\\/9_MLFa-1417-1.jpg\",\"datePublished\":\"2024-07-30T09:57:57+00:00\",\"dateModified\":\"2024-09-17T09:24:53+00:00\",\"author\":{\"@id\":\"https:\\\/\\\/ludzieikrajobrazy.muzeumleszno.pl\\\/#\\\/schema\\\/person\\\/fc2bc20e2b51efc3202ac1f0cdcd06c0\"},\"breadcrumb\":{\"@id\":\"http:\\\/\\\/ludzieikrajobrazy.muzeumleszno.pl\\\/?p=221#breadcrumb\"},\"inLanguage\":\"pl-PL\",\"potentialAction\":[{\"@type\":\"ReadAction\",\"target\":[\"http:\\\/\\\/ludzieikrajobrazy.muzeumleszno.pl\\\/?p=221\"]}]},{\"@type\":\"BreadcrumbList\",\"@id\":\"http:\\\/\\\/ludzieikrajobrazy.muzeumleszno.pl\\\/?p=221#breadcrumb\",\"itemListElement\":[{\"@type\":\"ListItem\",\"position\":1,\"name\":\"Home\",\"item\":\"https:\\\/\\\/ludzieikrajobrazy.muzeumleszno.pl\\\/\"},{\"@type\":\"ListItem\",\"position\":2,\"name\":\"Brylewo. Tadeusz Semrau, Portret J\u00f3zefa Ponikiewskiego, przed 1937 rokiem\"}]},{\"@type\":\"WebSite\",\"@id\":\"https:\\\/\\\/ludzieikrajobrazy.muzeumleszno.pl\\\/#website\",\"url\":\"https:\\\/\\\/ludzieikrajobrazy.muzeumleszno.pl\\\/\",\"name\":\"Ludzie i krajobrazy. Powiat Leszczy\u0144ski w ikonografii\",\"description\":\"Powiat Leszczy\u0144ski w ikonografii\",\"potentialAction\":[{\"@type\":\"SearchAction\",\"target\":{\"@type\":\"EntryPoint\",\"urlTemplate\":\"https:\\\/\\\/ludzieikrajobrazy.muzeumleszno.pl\\\/?s={search_term_string}\"},\"query-input\":{\"@type\":\"PropertyValueSpecification\",\"valueRequired\":true,\"valueName\":\"search_term_string\"}}],\"inLanguage\":\"pl-PL\"},{\"@type\":\"Person\",\"@id\":\"https:\\\/\\\/ludzieikrajobrazy.muzeumleszno.pl\\\/#\\\/schema\\\/person\\\/fc2bc20e2b51efc3202ac1f0cdcd06c0\",\"name\":\"Pan_Admin\",\"image\":{\"@type\":\"ImageObject\",\"inLanguage\":\"pl-PL\",\"@id\":\"https:\\\/\\\/secure.gravatar.com\\\/avatar\\\/d109d485abe889ecc32dbdb971b715ad9d4596bd0e2353626451db3e04099822?s=96&d=mm&r=g\",\"url\":\"https:\\\/\\\/secure.gravatar.com\\\/avatar\\\/d109d485abe889ecc32dbdb971b715ad9d4596bd0e2353626451db3e04099822?s=96&d=mm&r=g\",\"contentUrl\":\"https:\\\/\\\/secure.gravatar.com\\\/avatar\\\/d109d485abe889ecc32dbdb971b715ad9d4596bd0e2353626451db3e04099822?s=96&d=mm&r=g\",\"caption\":\"Pan_Admin\"},\"sameAs\":[\"http:\\\/\\\/ludzieikrajobrazy.muzeumleszno.pl\"],\"url\":\"http:\\\/\\\/ludzieikrajobrazy.muzeumleszno.pl\\\/?author=1\"}]}<\/script>\n<!-- \/ Yoast SEO plugin. -->","yoast_head_json":{"title":"Brylewo. Tadeusz Semrau, Portret J\u00f3zefa Ponikiewskiego, przed 1937 rokiem - Ludzie i krajobrazy. Powiat Leszczy\u0144ski w ikonografii","robots":{"index":"index","follow":"follow","max-snippet":"max-snippet:-1","max-image-preview":"max-image-preview:large","max-video-preview":"max-video-preview:-1"},"canonical":"http:\/\/ludzieikrajobrazy.muzeumleszno.pl\/?p=221","og_locale":"pl_PL","og_type":"article","og_title":"Brylewo. Tadeusz Semrau, Portret J\u00f3zefa Ponikiewskiego, przed 1937 rokiem - Ludzie i krajobrazy. Powiat Leszczy\u0144ski w ikonografii","og_description":"J\u00f3zef Stanis\u0142aw Ponikiewski (1916\u20131943) by\u0142 synem w\u0142a\u015bciciela maj\u0105tku w Brylewie Hipolita (1889\u20131944) i El\u017cbiety z K\u0119szyckich (1896\u20131977). Po uko\u0144czeniu gimnazjum w Gostyniu studiowa\u0142 w Wy\u017cszej Szkole Handlowej w...","og_url":"http:\/\/ludzieikrajobrazy.muzeumleszno.pl\/?p=221","og_site_name":"Ludzie i krajobrazy. Powiat Leszczy\u0144ski w ikonografii","article_published_time":"2024-07-30T09:57:57+00:00","article_modified_time":"2024-09-17T09:24:53+00:00","og_image":[{"width":1264,"height":2000,"url":"http:\/\/ludzieikrajobrazy.muzeumleszno.pl\/wp-content\/uploads\/2024\/07\/9_MLFa-1417-1.jpg","type":"image\/jpeg"}],"author":"Pan_Admin","twitter_card":"summary_large_image","twitter_misc":{"Napisane przez":"Pan_Admin","Szacowany czas czytania":"2 minuty"},"schema":{"@context":"https:\/\/schema.org","@graph":[{"@type":"Article","@id":"http:\/\/ludzieikrajobrazy.muzeumleszno.pl\/?p=221#article","isPartOf":{"@id":"http:\/\/ludzieikrajobrazy.muzeumleszno.pl\/?p=221"},"author":{"name":"Pan_Admin","@id":"https:\/\/ludzieikrajobrazy.muzeumleszno.pl\/#\/schema\/person\/fc2bc20e2b51efc3202ac1f0cdcd06c0"},"headline":"Brylewo. Tadeusz Semrau, Portret J\u00f3zefa Ponikiewskiego, przed 1937 rokiem","datePublished":"2024-07-30T09:57:57+00:00","dateModified":"2024-09-17T09:24:53+00:00","mainEntityOfPage":{"@id":"http:\/\/ludzieikrajobrazy.muzeumleszno.pl\/?p=221"},"wordCount":235,"image":{"@id":"http:\/\/ludzieikrajobrazy.muzeumleszno.pl\/?p=221#primaryimage"},"thumbnailUrl":"http:\/\/ludzieikrajobrazy.muzeumleszno.pl\/wp-content\/uploads\/2024\/07\/9_MLFa-1417-1.jpg","keywords":["\"B\u0142yskawica\"","\"Burza\"","\"Grom\"","1937","adiutant","Anglia","atelier fotograficzne","awans","Brylewo","cia\u0142o","Cmentarz Lotnik\u00f3w Polskich w Newark","ekshumacja","El\u017cbieta K\u0119szycka","fotografia portretowa","fotografia studyjna","garnitur","Gibraltar","gimnazjum","Hipolit K\u0119szycki","Irak","J\u00f3zef Ponikiewski","kapelusz","katastrofa lotnicza","K\u0119szyccy","ko\u015bci\u00f3\u0142 w Oporowie","m\u0119\u017cczyzna","Naczelny W\u00f3dz","niszczyciel OPR \"Grom\"","oficer artylerii","ordynans","poch\u00f3wek","polski oddzia\u0142","portret","porucznik","ptzypinka","rodzinna krypta","\u015bmier\u0107","szcz\u0105tki","Szko\u0142a Podchor\u0105\u017cych Marynarki Wojennej w Toruniu","Tadeusz Semrau","torpedowiec ORP \"Mazur\"","wizytacja","W\u0142adys\u0142aw Sikorski","Wy\u017csza Szko\u0142a Handlowa"],"articleSection":["Brylewo"],"inLanguage":"pl-PL"},{"@type":"WebPage","@id":"http:\/\/ludzieikrajobrazy.muzeumleszno.pl\/?p=221","url":"http:\/\/ludzieikrajobrazy.muzeumleszno.pl\/?p=221","name":"Brylewo. Tadeusz Semrau, Portret J\u00f3zefa Ponikiewskiego, przed 1937 rokiem - Ludzie i krajobrazy. Powiat Leszczy\u0144ski w ikonografii","isPartOf":{"@id":"https:\/\/ludzieikrajobrazy.muzeumleszno.pl\/#website"},"primaryImageOfPage":{"@id":"http:\/\/ludzieikrajobrazy.muzeumleszno.pl\/?p=221#primaryimage"},"image":{"@id":"http:\/\/ludzieikrajobrazy.muzeumleszno.pl\/?p=221#primaryimage"},"thumbnailUrl":"http:\/\/ludzieikrajobrazy.muzeumleszno.pl\/wp-content\/uploads\/2024\/07\/9_MLFa-1417-1.jpg","datePublished":"2024-07-30T09:57:57+00:00","dateModified":"2024-09-17T09:24:53+00:00","author":{"@id":"https:\/\/ludzieikrajobrazy.muzeumleszno.pl\/#\/schema\/person\/fc2bc20e2b51efc3202ac1f0cdcd06c0"},"breadcrumb":{"@id":"http:\/\/ludzieikrajobrazy.muzeumleszno.pl\/?p=221#breadcrumb"},"inLanguage":"pl-PL","potentialAction":[{"@type":"ReadAction","target":["http:\/\/ludzieikrajobrazy.muzeumleszno.pl\/?p=221"]}]},{"@type":"BreadcrumbList","@id":"http:\/\/ludzieikrajobrazy.muzeumleszno.pl\/?p=221#breadcrumb","itemListElement":[{"@type":"ListItem","position":1,"name":"Home","item":"https:\/\/ludzieikrajobrazy.muzeumleszno.pl\/"},{"@type":"ListItem","position":2,"name":"Brylewo. Tadeusz Semrau, Portret J\u00f3zefa Ponikiewskiego, przed 1937 rokiem"}]},{"@type":"WebSite","@id":"https:\/\/ludzieikrajobrazy.muzeumleszno.pl\/#website","url":"https:\/\/ludzieikrajobrazy.muzeumleszno.pl\/","name":"Ludzie i krajobrazy. Powiat Leszczy\u0144ski w ikonografii","description":"Powiat Leszczy\u0144ski w ikonografii","potentialAction":[{"@type":"SearchAction","target":{"@type":"EntryPoint","urlTemplate":"https:\/\/ludzieikrajobrazy.muzeumleszno.pl\/?s={search_term_string}"},"query-input":{"@type":"PropertyValueSpecification","valueRequired":true,"valueName":"search_term_string"}}],"inLanguage":"pl-PL"},{"@type":"Person","@id":"https:\/\/ludzieikrajobrazy.muzeumleszno.pl\/#\/schema\/person\/fc2bc20e2b51efc3202ac1f0cdcd06c0","name":"Pan_Admin","image":{"@type":"ImageObject","inLanguage":"pl-PL","@id":"https:\/\/secure.gravatar.com\/avatar\/d109d485abe889ecc32dbdb971b715ad9d4596bd0e2353626451db3e04099822?s=96&d=mm&r=g","url":"https:\/\/secure.gravatar.com\/avatar\/d109d485abe889ecc32dbdb971b715ad9d4596bd0e2353626451db3e04099822?s=96&d=mm&r=g","contentUrl":"https:\/\/secure.gravatar.com\/avatar\/d109d485abe889ecc32dbdb971b715ad9d4596bd0e2353626451db3e04099822?s=96&d=mm&r=g","caption":"Pan_Admin"},"sameAs":["http:\/\/ludzieikrajobrazy.muzeumleszno.pl"],"url":"http:\/\/ludzieikrajobrazy.muzeumleszno.pl\/?author=1"}]}},"_links":{"self":[{"href":"http:\/\/ludzieikrajobrazy.muzeumleszno.pl\/index.php?rest_route=\/wp\/v2\/posts\/221","targetHints":{"allow":["GET"]}}],"collection":[{"href":"http:\/\/ludzieikrajobrazy.muzeumleszno.pl\/index.php?rest_route=\/wp\/v2\/posts"}],"about":[{"href":"http:\/\/ludzieikrajobrazy.muzeumleszno.pl\/index.php?rest_route=\/wp\/v2\/types\/post"}],"author":[{"embeddable":true,"href":"http:\/\/ludzieikrajobrazy.muzeumleszno.pl\/index.php?rest_route=\/wp\/v2\/users\/1"}],"replies":[{"embeddable":true,"href":"http:\/\/ludzieikrajobrazy.muzeumleszno.pl\/index.php?rest_route=%2Fwp%2Fv2%2Fcomments&post=221"}],"version-history":[{"count":3,"href":"http:\/\/ludzieikrajobrazy.muzeumleszno.pl\/index.php?rest_route=\/wp\/v2\/posts\/221\/revisions"}],"predecessor-version":[{"id":1150,"href":"http:\/\/ludzieikrajobrazy.muzeumleszno.pl\/index.php?rest_route=\/wp\/v2\/posts\/221\/revisions\/1150"}],"wp:featuredmedia":[{"embeddable":true,"href":"http:\/\/ludzieikrajobrazy.muzeumleszno.pl\/index.php?rest_route=\/wp\/v2\/media\/222"}],"wp:attachment":[{"href":"http:\/\/ludzieikrajobrazy.muzeumleszno.pl\/index.php?rest_route=%2Fwp%2Fv2%2Fmedia&parent=221"}],"wp:term":[{"taxonomy":"category","embeddable":true,"href":"http:\/\/ludzieikrajobrazy.muzeumleszno.pl\/index.php?rest_route=%2Fwp%2Fv2%2Fcategories&post=221"},{"taxonomy":"post_tag","embeddable":true,"href":"http:\/\/ludzieikrajobrazy.muzeumleszno.pl\/index.php?rest_route=%2Fwp%2Fv2%2Ftags&post=221"}],"curies":[{"name":"wp","href":"https:\/\/api.w.org\/{rel}","templated":true}]}}