{"id":227,"date":"2024-07-29T11:59:29","date_gmt":"2024-07-29T09:59:29","guid":{"rendered":"http:\/\/ludzieikrajobrazy.muzeumleszno.pl\/?p=227"},"modified":"2024-09-17T12:55:13","modified_gmt":"2024-09-17T10:55:13","slug":"bukowiec-gorny-kolo-wloscianek-1921-rok","status":"publish","type":"post","link":"http:\/\/ludzieikrajobrazy.muzeumleszno.pl\/?p=227","title":{"rendered":"Buk\u00f3wiec G\u00f3rny. Ko\u0142o W\u0142o\u015bcianek, 1921 rok"},"content":{"rendered":"\n<p>Ko\u0142o W\u0142o\u015bcianek powsta\u0142o w 1921 roku, a jego za\u0142o\u017cycielk\u0105 by\u0142a siostra zakonna El\u017cbieta Tymkowska (1878\u20131952), kierowniczka miejscowej szko\u0142y. Zrzeszenie skupia\u0142o wiejskie gospodynie. W ramach dzia\u0142alno\u015bci prowadzono kursy praktyczne, np. kroju, szycia, haftu, gotowania i serowarstwa, szerzono o\u015bwiat\u0119 sanitarn\u0105 i rolnicz\u0105 oraz organizowano \u017cycie kulturalne. W latach 1936\u20131939 przewodnictwo nad organizacj\u0105 przej\u0119\u0142a Maria Poloch\u00f3wna (1904\u20131960). W\u0142o\u015bcianki wielokrotnie prowadzi\u0142y zbi\u00f3rki pieni\u0119\u017cne na cele spo\u0142eczne, na biednych, na do\u017cywianie dzieci, na po\u017cyczki pa\u0144stwowe i wojskowe. Ich zas\u0142ug\u0105 by\u0142o r\u00f3wnie\u017c utworzenie pierwszego przedszkola, tzw. \u201edzieci\u0144ca\u201d, w kt\u00f3rym w okresie letnim do\u017cywiano dzieci i zapewniano im opiek\u0119. Ko\u0142o istnia\u0142o do wybuchu II wojny \u015bwiatowej.&nbsp;<\/p>\n\n\n\n<p>W ramach Ko\u0142a W\u0142o\u015bcianek istnia\u0142 zesp\u00f3\u0142 regionalny, kt\u00f3rego stroje zosta\u0142y op\u0142acone z kasy cz\u0142onkowskiej. Co roku przygotowywano przedstawienia nawi\u0105zuj\u0105ce do obrz\u0119dowo\u015bci wsi i tradycji religijnych, np.: \u201eStarodawne wesele buk\u00f3wiecki\u201d, czy \u201eR\u00f3\u017ce \u015bw. El\u017cbiety\u201d. Na fotografii cz\u0142onkinie zespo\u0142u w strojach ludowych. W \u015brodku siedzi proboszcz, ksi\u0105dz Ryszard Platz (1872\u20131954).&nbsp;<\/p>\n\n\n\n<figure data-wp-context=\"{&quot;imageId&quot;:&quot;69f1c68a71b59&quot;}\" data-wp-interactive=\"core\/image\" data-wp-key=\"69f1c68a71b59\" class=\"wp-block-image size-full wp-lightbox-container\"><img fetchpriority=\"high\" decoding=\"async\" width=\"2560\" height=\"1534\" data-wp-class--hide=\"state.isContentHidden\" data-wp-class--show=\"state.isContentVisible\" data-wp-init=\"callbacks.setButtonStyles\" data-wp-on--click=\"actions.showLightbox\" data-wp-on--load=\"callbacks.setButtonStyles\" data-wp-on-window--resize=\"callbacks.setButtonStyles\" src=\"http:\/\/ludzieikrajobrazy.muzeumleszno.pl\/wp-content\/uploads\/2024\/07\/11_B.6703-scaled.jpg\" alt=\"Buk\u00f3wiec G\u00f3rny. Ko\u0142o W\u0142o\u015bcianek, 1921 rok\" class=\"wp-image-209\" srcset=\"http:\/\/ludzieikrajobrazy.muzeumleszno.pl\/wp-content\/uploads\/2024\/07\/11_B.6703-scaled.jpg 2560w, http:\/\/ludzieikrajobrazy.muzeumleszno.pl\/wp-content\/uploads\/2024\/07\/11_B.6703-1536x921.jpg 1536w, http:\/\/ludzieikrajobrazy.muzeumleszno.pl\/wp-content\/uploads\/2024\/07\/11_B.6703-2048x1227.jpg 2048w, http:\/\/ludzieikrajobrazy.muzeumleszno.pl\/wp-content\/uploads\/2024\/07\/11_B.6703-200x120.jpg 200w, http:\/\/ludzieikrajobrazy.muzeumleszno.pl\/wp-content\/uploads\/2024\/07\/11_B.6703-973x583.jpg 973w, http:\/\/ludzieikrajobrazy.muzeumleszno.pl\/wp-content\/uploads\/2024\/07\/11_B.6703-508x304.jpg 508w\" sizes=\"(max-width: 2560px) 100vw, 2560px\" \/><button\n\t\t\tclass=\"lightbox-trigger\"\n\t\t\ttype=\"button\"\n\t\t\taria-haspopup=\"dialog\"\n\t\t\taria-label=\"Powi\u0119ksz\"\n\t\t\tdata-wp-init=\"callbacks.initTriggerButton\"\n\t\t\tdata-wp-on--click=\"actions.showLightbox\"\n\t\t\tdata-wp-style--right=\"state.imageButtonRight\"\n\t\t\tdata-wp-style--top=\"state.imageButtonTop\"\n\t\t>\n\t\t\t<svg xmlns=\"http:\/\/www.w3.org\/2000\/svg\" width=\"12\" height=\"12\" fill=\"none\" viewBox=\"0 0 12 12\">\n\t\t\t\t<path fill=\"#fff\" d=\"M2 0a2 2 0 0 0-2 2v2h1.5V2a.5.5 0 0 1 .5-.5h2V0H2Zm2 10.5H2a.5.5 0 0 1-.5-.5V8H0v2a2 2 0 0 0 2 2h2v-1.5ZM8 12v-1.5h2a.5.5 0 0 0 .5-.5V8H12v2a2 2 0 0 1-2 2H8Zm2-12a2 2 0 0 1 2 2v2h-1.5V2a.5.5 0 0 0-.5-.5H8V0h2Z\" \/>\n\t\t\t<\/svg>\n\t\t<\/button><figcaption class=\"wp-element-caption\">Buk\u00f3wiec G\u00f3rny. Ko\u0142o W\u0142o\u015bcianek, 1921 rok\n<\/figcaption><\/figure>\n\n\n\n<p class=\"has-small-font-size\">nr inw. B.6703&nbsp;<br>W zbiorach Muzeum Okr\u0119gowego w Lesznie od 1994 roku, dar<\/p>\n\n\n\n<p>D.Cz.<\/p>\n\n\n\n<figure class=\"wp-block-embed is-type-video is-provider-youtube wp-block-embed-youtube wp-embed-aspect-16-9 wp-has-aspect-ratio\"><div class=\"wp-block-embed__wrapper\">\n<iframe title=\"Buko\u0301wiec Go\u0301rny  Ko\u0142o W\u0142os\u0301cianek, 1921 rok\" width=\"620\" height=\"349\" src=\"https:\/\/www.youtube.com\/embed\/X5xX9k34h20?feature=oembed\" frameborder=\"0\" allow=\"accelerometer; autoplay; clipboard-write; encrypted-media; gyroscope; picture-in-picture; web-share\" referrerpolicy=\"strict-origin-when-cross-origin\" allowfullscreen><\/iframe>\n<\/div><\/figure>\n","protected":false},"excerpt":{"rendered":"<p>Ko\u0142o W\u0142o\u015bcianek powsta\u0142o w 1921 roku, a jego za\u0142o\u017cycielk\u0105 by\u0142a siostra zakonna El\u017cbieta Tymkowska (1878\u20131952), kierowniczka miejscowej szko\u0142y. Zrzeszenie skupia\u0142o wiejskie gospodynie. W ramach dzia\u0142alno\u015bci prowadzono kursy praktyczne,&#8230;<\/p>\n","protected":false},"author":1,"featured_media":209,"comment_status":"closed","ping_status":"closed","sticky":false,"template":"","format":"standard","meta":{"cybocfi_hide_featured_image":"yes","footnotes":""},"categories":[21],"tags":[1571,1577,1576,1551,808,22,400,1436,520,1570,1554,201,413,1557,1555,1559,427,363,1574,1550,333,1564,893,1556,1565,648,1575,1572,1561,1568,1569,920,834,110,1396,1562,1578,1560,1552,1433,1533,1579,210,82,1558,1169,1567,1201,1580,1566,1573,1172,1563],"class_list":["post-227","post","type-post","status-publish","format-standard","has-post-thumbnail","hentry","category-bukowiec-gorny","tag-dzieciniec","tag-roze-sw-elzbiety","tag-starodawne-wesele-bukowiecki","tag-1551","tag-biala-sukienka","tag-bukowiec","tag-bukowiec-gorny","tag-cele-spoleczne","tag-dokumentacja","tag-dozywianie","tag-elzbieta-tymkowska","tag-fotografia-grupowa","tag-gospodarstwo","tag-gospodyni","tag-gospodynie-wiejskie","tag-gotowanie","tag-haft","tag-ii-wojna-swiatowa","tag-kasa-czlonkowska","tag-kolo-wloscianek","tag-korale","tag-krawiectwo","tag-ksiadz","tag-kurs-praktyczny","tag-maria-polochowna","tag-obraz","tag-obrzedy","tag-opieka","tag-oswiata-sanitarna","tag-pozyczki-panstwowe","tag-pozyczki-wojskowe","tag-proboszcz","tag-przedstawienie","tag-przedszkole","tag-religia","tag-rolnictwo","tag-ryszard-platz","tag-serowarstwo","tag-siostra-zakonna","tag-stroj","tag-stroj-ludowy","tag-suknia","tag-surdut","tag-szkola","tag-szycie","tag-tradycja","tag-ubostwo","tag-wies","tag-wizerunek","tag-zbiorka-pieniezna","tag-zespol-regionalny","tag-zwyczaj","tag-zycie-kulturalne"],"yoast_head":"<!-- This site is optimized with the Yoast SEO plugin v27.5 - https:\/\/yoast.com\/product\/yoast-seo-wordpress\/ -->\n<title>Buk\u00f3wiec G\u00f3rny. Ko\u0142o W\u0142o\u015bcianek, 1921 rok - Ludzie i krajobrazy. Powiat Leszczy\u0144ski w ikonografii<\/title>\n<meta name=\"robots\" content=\"index, follow, max-snippet:-1, max-image-preview:large, max-video-preview:-1\" \/>\n<link rel=\"canonical\" href=\"http:\/\/ludzieikrajobrazy.muzeumleszno.pl\/?p=227\" \/>\n<meta property=\"og:locale\" content=\"pl_PL\" \/>\n<meta property=\"og:type\" content=\"article\" \/>\n<meta property=\"og:title\" content=\"Buk\u00f3wiec G\u00f3rny. Ko\u0142o W\u0142o\u015bcianek, 1921 rok - Ludzie i krajobrazy. Powiat Leszczy\u0144ski w ikonografii\" \/>\n<meta property=\"og:description\" content=\"Ko\u0142o W\u0142o\u015bcianek powsta\u0142o w 1921 roku, a jego za\u0142o\u017cycielk\u0105 by\u0142a siostra zakonna El\u017cbieta Tymkowska (1878\u20131952), kierowniczka miejscowej szko\u0142y. Zrzeszenie skupia\u0142o wiejskie gospodynie. W ramach dzia\u0142alno\u015bci prowadzono kursy praktyczne,...\" \/>\n<meta property=\"og:url\" content=\"http:\/\/ludzieikrajobrazy.muzeumleszno.pl\/?p=227\" \/>\n<meta property=\"og:site_name\" content=\"Ludzie i krajobrazy. Powiat Leszczy\u0144ski w ikonografii\" \/>\n<meta property=\"article:published_time\" content=\"2024-07-29T09:59:29+00:00\" \/>\n<meta property=\"article:modified_time\" content=\"2024-09-17T10:55:13+00:00\" \/>\n<meta property=\"og:image\" content=\"http:\/\/ludzieikrajobrazy.muzeumleszno.pl\/wp-content\/uploads\/2024\/07\/11_B.6703-scaled.jpg\" \/>\n\t<meta property=\"og:image:width\" content=\"2560\" \/>\n\t<meta property=\"og:image:height\" content=\"1534\" \/>\n\t<meta property=\"og:image:type\" content=\"image\/jpeg\" \/>\n<meta name=\"author\" content=\"Pan_Admin\" \/>\n<meta name=\"twitter:card\" content=\"summary_large_image\" \/>\n<meta name=\"twitter:label1\" content=\"Napisane przez\" \/>\n\t<meta name=\"twitter:data1\" content=\"Pan_Admin\" \/>\n\t<meta name=\"twitter:label2\" content=\"Szacowany czas czytania\" \/>\n\t<meta name=\"twitter:data2\" content=\"2 minuty\" \/>\n<script type=\"application\/ld+json\" class=\"yoast-schema-graph\">{\"@context\":\"https:\\\/\\\/schema.org\",\"@graph\":[{\"@type\":\"Article\",\"@id\":\"http:\\\/\\\/ludzieikrajobrazy.muzeumleszno.pl\\\/?p=227#article\",\"isPartOf\":{\"@id\":\"http:\\\/\\\/ludzieikrajobrazy.muzeumleszno.pl\\\/?p=227\"},\"author\":{\"name\":\"Pan_Admin\",\"@id\":\"https:\\\/\\\/ludzieikrajobrazy.muzeumleszno.pl\\\/#\\\/schema\\\/person\\\/fc2bc20e2b51efc3202ac1f0cdcd06c0\"},\"headline\":\"Buk\u00f3wiec G\u00f3rny. Ko\u0142o W\u0142o\u015bcianek, 1921 rok\",\"datePublished\":\"2024-07-29T09:59:29+00:00\",\"dateModified\":\"2024-09-17T10:55:13+00:00\",\"mainEntityOfPage\":{\"@id\":\"http:\\\/\\\/ludzieikrajobrazy.muzeumleszno.pl\\\/?p=227\"},\"wordCount\":236,\"image\":{\"@id\":\"http:\\\/\\\/ludzieikrajobrazy.muzeumleszno.pl\\\/?p=227#primaryimage\"},\"thumbnailUrl\":\"http:\\\/\\\/ludzieikrajobrazy.muzeumleszno.pl\\\/wp-content\\\/uploads\\\/2024\\\/07\\\/11_B.6703-scaled.jpg\",\"keywords\":[\"\\\"dzieciniec\\\"\",\"\\\"R\u00f3\u017ce \u015bw. El\u017cbiety\\\"\",\"\\\"starodawne wesele buk\u00f3wiecki\\\"\",\"1921\",\"bia\u0142a sukienka\",\"Buk\u00f3wiec\",\"Buk\u00f3wiec G\u00f3rny\",\"cele spo\u0142eczne\",\"dokumentacja\",\"do\u017cywianie\",\"El\u017cbieta Tymkowska\",\"fotografia grupowa\",\"gospodarstwo\",\"gospodyni\",\"gospodynie wiejskie\",\"gotowanie\",\"haft\",\"II Wojna \u015awiatowa\",\"kasa cz\u0142onkowska\",\"ko\u0142o W\u0142o\u015bcianek\",\"korale\",\"krawiectwo\",\"ksi\u0105dz\",\"kurs praktyczny\",\"Maria Poloch\u00f3wna\",\"obraz\",\"obrz\u0119dy\",\"opieka\",\"o\u015bwiata sanitarna\",\"po\u017cyczki pa\u0144stwowe\",\"po\u017cyczki wojskowe\",\"proboszcz\",\"przedstawienie\",\"przedszkole\",\"religia\",\"rolnictwo\",\"Ryszard Platz\",\"serowarstwo\",\"siostra zakonna\",\"str\u00f3j\",\"str\u00f3j ludowy\",\"suknia\",\"surdut\",\"szko\u0142a\",\"szycie\",\"tradycja\",\"ub\u00f3stwo\",\"wie\u015b\",\"wizerunek\",\"zbi\u00f3rka pieni\u0119\u017cna\",\"zesp\u00f3\u0142 regionalny\",\"zwyczaj\",\"\u017cycie kulturalne\"],\"articleSection\":[\"Buk\u00f3wiec G\u00f3rny\"],\"inLanguage\":\"pl-PL\"},{\"@type\":\"WebPage\",\"@id\":\"http:\\\/\\\/ludzieikrajobrazy.muzeumleszno.pl\\\/?p=227\",\"url\":\"http:\\\/\\\/ludzieikrajobrazy.muzeumleszno.pl\\\/?p=227\",\"name\":\"Buk\u00f3wiec G\u00f3rny. Ko\u0142o W\u0142o\u015bcianek, 1921 rok - Ludzie i krajobrazy. Powiat Leszczy\u0144ski w ikonografii\",\"isPartOf\":{\"@id\":\"https:\\\/\\\/ludzieikrajobrazy.muzeumleszno.pl\\\/#website\"},\"primaryImageOfPage\":{\"@id\":\"http:\\\/\\\/ludzieikrajobrazy.muzeumleszno.pl\\\/?p=227#primaryimage\"},\"image\":{\"@id\":\"http:\\\/\\\/ludzieikrajobrazy.muzeumleszno.pl\\\/?p=227#primaryimage\"},\"thumbnailUrl\":\"http:\\\/\\\/ludzieikrajobrazy.muzeumleszno.pl\\\/wp-content\\\/uploads\\\/2024\\\/07\\\/11_B.6703-scaled.jpg\",\"datePublished\":\"2024-07-29T09:59:29+00:00\",\"dateModified\":\"2024-09-17T10:55:13+00:00\",\"author\":{\"@id\":\"https:\\\/\\\/ludzieikrajobrazy.muzeumleszno.pl\\\/#\\\/schema\\\/person\\\/fc2bc20e2b51efc3202ac1f0cdcd06c0\"},\"breadcrumb\":{\"@id\":\"http:\\\/\\\/ludzieikrajobrazy.muzeumleszno.pl\\\/?p=227#breadcrumb\"},\"inLanguage\":\"pl-PL\",\"potentialAction\":[{\"@type\":\"ReadAction\",\"target\":[\"http:\\\/\\\/ludzieikrajobrazy.muzeumleszno.pl\\\/?p=227\"]}]},{\"@type\":\"BreadcrumbList\",\"@id\":\"http:\\\/\\\/ludzieikrajobrazy.muzeumleszno.pl\\\/?p=227#breadcrumb\",\"itemListElement\":[{\"@type\":\"ListItem\",\"position\":1,\"name\":\"Home\",\"item\":\"https:\\\/\\\/ludzieikrajobrazy.muzeumleszno.pl\\\/\"},{\"@type\":\"ListItem\",\"position\":2,\"name\":\"Buk\u00f3wiec G\u00f3rny. Ko\u0142o W\u0142o\u015bcianek, 1921 rok\"}]},{\"@type\":\"WebSite\",\"@id\":\"https:\\\/\\\/ludzieikrajobrazy.muzeumleszno.pl\\\/#website\",\"url\":\"https:\\\/\\\/ludzieikrajobrazy.muzeumleszno.pl\\\/\",\"name\":\"Ludzie i krajobrazy. Powiat Leszczy\u0144ski w ikonografii\",\"description\":\"Powiat Leszczy\u0144ski w ikonografii\",\"potentialAction\":[{\"@type\":\"SearchAction\",\"target\":{\"@type\":\"EntryPoint\",\"urlTemplate\":\"https:\\\/\\\/ludzieikrajobrazy.muzeumleszno.pl\\\/?s={search_term_string}\"},\"query-input\":{\"@type\":\"PropertyValueSpecification\",\"valueRequired\":true,\"valueName\":\"search_term_string\"}}],\"inLanguage\":\"pl-PL\"},{\"@type\":\"Person\",\"@id\":\"https:\\\/\\\/ludzieikrajobrazy.muzeumleszno.pl\\\/#\\\/schema\\\/person\\\/fc2bc20e2b51efc3202ac1f0cdcd06c0\",\"name\":\"Pan_Admin\",\"image\":{\"@type\":\"ImageObject\",\"inLanguage\":\"pl-PL\",\"@id\":\"https:\\\/\\\/secure.gravatar.com\\\/avatar\\\/d109d485abe889ecc32dbdb971b715ad9d4596bd0e2353626451db3e04099822?s=96&d=mm&r=g\",\"url\":\"https:\\\/\\\/secure.gravatar.com\\\/avatar\\\/d109d485abe889ecc32dbdb971b715ad9d4596bd0e2353626451db3e04099822?s=96&d=mm&r=g\",\"contentUrl\":\"https:\\\/\\\/secure.gravatar.com\\\/avatar\\\/d109d485abe889ecc32dbdb971b715ad9d4596bd0e2353626451db3e04099822?s=96&d=mm&r=g\",\"caption\":\"Pan_Admin\"},\"sameAs\":[\"http:\\\/\\\/ludzieikrajobrazy.muzeumleszno.pl\"],\"url\":\"http:\\\/\\\/ludzieikrajobrazy.muzeumleszno.pl\\\/?author=1\"}]}<\/script>\n<!-- \/ Yoast SEO plugin. -->","yoast_head_json":{"title":"Buk\u00f3wiec G\u00f3rny. Ko\u0142o W\u0142o\u015bcianek, 1921 rok - Ludzie i krajobrazy. Powiat Leszczy\u0144ski w ikonografii","robots":{"index":"index","follow":"follow","max-snippet":"max-snippet:-1","max-image-preview":"max-image-preview:large","max-video-preview":"max-video-preview:-1"},"canonical":"http:\/\/ludzieikrajobrazy.muzeumleszno.pl\/?p=227","og_locale":"pl_PL","og_type":"article","og_title":"Buk\u00f3wiec G\u00f3rny. Ko\u0142o W\u0142o\u015bcianek, 1921 rok - Ludzie i krajobrazy. Powiat Leszczy\u0144ski w ikonografii","og_description":"Ko\u0142o W\u0142o\u015bcianek powsta\u0142o w 1921 roku, a jego za\u0142o\u017cycielk\u0105 by\u0142a siostra zakonna El\u017cbieta Tymkowska (1878\u20131952), kierowniczka miejscowej szko\u0142y. Zrzeszenie skupia\u0142o wiejskie gospodynie. W ramach dzia\u0142alno\u015bci prowadzono kursy praktyczne,...","og_url":"http:\/\/ludzieikrajobrazy.muzeumleszno.pl\/?p=227","og_site_name":"Ludzie i krajobrazy. Powiat Leszczy\u0144ski w ikonografii","article_published_time":"2024-07-29T09:59:29+00:00","article_modified_time":"2024-09-17T10:55:13+00:00","og_image":[{"width":2560,"height":1534,"url":"http:\/\/ludzieikrajobrazy.muzeumleszno.pl\/wp-content\/uploads\/2024\/07\/11_B.6703-scaled.jpg","type":"image\/jpeg"}],"author":"Pan_Admin","twitter_card":"summary_large_image","twitter_misc":{"Napisane przez":"Pan_Admin","Szacowany czas czytania":"2 minuty"},"schema":{"@context":"https:\/\/schema.org","@graph":[{"@type":"Article","@id":"http:\/\/ludzieikrajobrazy.muzeumleszno.pl\/?p=227#article","isPartOf":{"@id":"http:\/\/ludzieikrajobrazy.muzeumleszno.pl\/?p=227"},"author":{"name":"Pan_Admin","@id":"https:\/\/ludzieikrajobrazy.muzeumleszno.pl\/#\/schema\/person\/fc2bc20e2b51efc3202ac1f0cdcd06c0"},"headline":"Buk\u00f3wiec G\u00f3rny. Ko\u0142o W\u0142o\u015bcianek, 1921 rok","datePublished":"2024-07-29T09:59:29+00:00","dateModified":"2024-09-17T10:55:13+00:00","mainEntityOfPage":{"@id":"http:\/\/ludzieikrajobrazy.muzeumleszno.pl\/?p=227"},"wordCount":236,"image":{"@id":"http:\/\/ludzieikrajobrazy.muzeumleszno.pl\/?p=227#primaryimage"},"thumbnailUrl":"http:\/\/ludzieikrajobrazy.muzeumleszno.pl\/wp-content\/uploads\/2024\/07\/11_B.6703-scaled.jpg","keywords":["\"dzieciniec\"","\"R\u00f3\u017ce \u015bw. El\u017cbiety\"","\"starodawne wesele buk\u00f3wiecki\"","1921","bia\u0142a sukienka","Buk\u00f3wiec","Buk\u00f3wiec G\u00f3rny","cele spo\u0142eczne","dokumentacja","do\u017cywianie","El\u017cbieta Tymkowska","fotografia grupowa","gospodarstwo","gospodyni","gospodynie wiejskie","gotowanie","haft","II Wojna \u015awiatowa","kasa cz\u0142onkowska","ko\u0142o W\u0142o\u015bcianek","korale","krawiectwo","ksi\u0105dz","kurs praktyczny","Maria Poloch\u00f3wna","obraz","obrz\u0119dy","opieka","o\u015bwiata sanitarna","po\u017cyczki pa\u0144stwowe","po\u017cyczki wojskowe","proboszcz","przedstawienie","przedszkole","religia","rolnictwo","Ryszard Platz","serowarstwo","siostra zakonna","str\u00f3j","str\u00f3j ludowy","suknia","surdut","szko\u0142a","szycie","tradycja","ub\u00f3stwo","wie\u015b","wizerunek","zbi\u00f3rka pieni\u0119\u017cna","zesp\u00f3\u0142 regionalny","zwyczaj","\u017cycie kulturalne"],"articleSection":["Buk\u00f3wiec G\u00f3rny"],"inLanguage":"pl-PL"},{"@type":"WebPage","@id":"http:\/\/ludzieikrajobrazy.muzeumleszno.pl\/?p=227","url":"http:\/\/ludzieikrajobrazy.muzeumleszno.pl\/?p=227","name":"Buk\u00f3wiec G\u00f3rny. Ko\u0142o W\u0142o\u015bcianek, 1921 rok - Ludzie i krajobrazy. Powiat Leszczy\u0144ski w ikonografii","isPartOf":{"@id":"https:\/\/ludzieikrajobrazy.muzeumleszno.pl\/#website"},"primaryImageOfPage":{"@id":"http:\/\/ludzieikrajobrazy.muzeumleszno.pl\/?p=227#primaryimage"},"image":{"@id":"http:\/\/ludzieikrajobrazy.muzeumleszno.pl\/?p=227#primaryimage"},"thumbnailUrl":"http:\/\/ludzieikrajobrazy.muzeumleszno.pl\/wp-content\/uploads\/2024\/07\/11_B.6703-scaled.jpg","datePublished":"2024-07-29T09:59:29+00:00","dateModified":"2024-09-17T10:55:13+00:00","author":{"@id":"https:\/\/ludzieikrajobrazy.muzeumleszno.pl\/#\/schema\/person\/fc2bc20e2b51efc3202ac1f0cdcd06c0"},"breadcrumb":{"@id":"http:\/\/ludzieikrajobrazy.muzeumleszno.pl\/?p=227#breadcrumb"},"inLanguage":"pl-PL","potentialAction":[{"@type":"ReadAction","target":["http:\/\/ludzieikrajobrazy.muzeumleszno.pl\/?p=227"]}]},{"@type":"BreadcrumbList","@id":"http:\/\/ludzieikrajobrazy.muzeumleszno.pl\/?p=227#breadcrumb","itemListElement":[{"@type":"ListItem","position":1,"name":"Home","item":"https:\/\/ludzieikrajobrazy.muzeumleszno.pl\/"},{"@type":"ListItem","position":2,"name":"Buk\u00f3wiec G\u00f3rny. Ko\u0142o W\u0142o\u015bcianek, 1921 rok"}]},{"@type":"WebSite","@id":"https:\/\/ludzieikrajobrazy.muzeumleszno.pl\/#website","url":"https:\/\/ludzieikrajobrazy.muzeumleszno.pl\/","name":"Ludzie i krajobrazy. Powiat Leszczy\u0144ski w ikonografii","description":"Powiat Leszczy\u0144ski w ikonografii","potentialAction":[{"@type":"SearchAction","target":{"@type":"EntryPoint","urlTemplate":"https:\/\/ludzieikrajobrazy.muzeumleszno.pl\/?s={search_term_string}"},"query-input":{"@type":"PropertyValueSpecification","valueRequired":true,"valueName":"search_term_string"}}],"inLanguage":"pl-PL"},{"@type":"Person","@id":"https:\/\/ludzieikrajobrazy.muzeumleszno.pl\/#\/schema\/person\/fc2bc20e2b51efc3202ac1f0cdcd06c0","name":"Pan_Admin","image":{"@type":"ImageObject","inLanguage":"pl-PL","@id":"https:\/\/secure.gravatar.com\/avatar\/d109d485abe889ecc32dbdb971b715ad9d4596bd0e2353626451db3e04099822?s=96&d=mm&r=g","url":"https:\/\/secure.gravatar.com\/avatar\/d109d485abe889ecc32dbdb971b715ad9d4596bd0e2353626451db3e04099822?s=96&d=mm&r=g","contentUrl":"https:\/\/secure.gravatar.com\/avatar\/d109d485abe889ecc32dbdb971b715ad9d4596bd0e2353626451db3e04099822?s=96&d=mm&r=g","caption":"Pan_Admin"},"sameAs":["http:\/\/ludzieikrajobrazy.muzeumleszno.pl"],"url":"http:\/\/ludzieikrajobrazy.muzeumleszno.pl\/?author=1"}]}},"_links":{"self":[{"href":"http:\/\/ludzieikrajobrazy.muzeumleszno.pl\/index.php?rest_route=\/wp\/v2\/posts\/227","targetHints":{"allow":["GET"]}}],"collection":[{"href":"http:\/\/ludzieikrajobrazy.muzeumleszno.pl\/index.php?rest_route=\/wp\/v2\/posts"}],"about":[{"href":"http:\/\/ludzieikrajobrazy.muzeumleszno.pl\/index.php?rest_route=\/wp\/v2\/types\/post"}],"author":[{"embeddable":true,"href":"http:\/\/ludzieikrajobrazy.muzeumleszno.pl\/index.php?rest_route=\/wp\/v2\/users\/1"}],"replies":[{"embeddable":true,"href":"http:\/\/ludzieikrajobrazy.muzeumleszno.pl\/index.php?rest_route=%2Fwp%2Fv2%2Fcomments&post=227"}],"version-history":[{"count":2,"href":"http:\/\/ludzieikrajobrazy.muzeumleszno.pl\/index.php?rest_route=\/wp\/v2\/posts\/227\/revisions"}],"predecessor-version":[{"id":1152,"href":"http:\/\/ludzieikrajobrazy.muzeumleszno.pl\/index.php?rest_route=\/wp\/v2\/posts\/227\/revisions\/1152"}],"wp:featuredmedia":[{"embeddable":true,"href":"http:\/\/ludzieikrajobrazy.muzeumleszno.pl\/index.php?rest_route=\/wp\/v2\/media\/209"}],"wp:attachment":[{"href":"http:\/\/ludzieikrajobrazy.muzeumleszno.pl\/index.php?rest_route=%2Fwp%2Fv2%2Fmedia&parent=227"}],"wp:term":[{"taxonomy":"category","embeddable":true,"href":"http:\/\/ludzieikrajobrazy.muzeumleszno.pl\/index.php?rest_route=%2Fwp%2Fv2%2Fcategories&post=227"},{"taxonomy":"post_tag","embeddable":true,"href":"http:\/\/ludzieikrajobrazy.muzeumleszno.pl\/index.php?rest_route=%2Fwp%2Fv2%2Ftags&post=227"}],"curies":[{"name":"wp","href":"https:\/\/api.w.org\/{rel}","templated":true}]}}