{"id":231,"date":"2024-07-29T11:57:05","date_gmt":"2024-07-29T09:57:05","guid":{"rendered":"http:\/\/ludzieikrajobrazy.muzeumleszno.pl\/?p=231"},"modified":"2024-09-18T10:24:35","modified_gmt":"2024-09-18T08:24:35","slug":"bukowiec-gorny-klub-muzyczny-chopin-lata-1925-1930","status":"publish","type":"post","link":"http:\/\/ludzieikrajobrazy.muzeumleszno.pl\/?p=231","title":{"rendered":"Buk\u00f3wiec G\u00f3rny. Klub Muzyczny \u201eChopin\u201d, lata 1925\u20131930\u00a0"},"content":{"rendered":"\n<p>Pocz\u0105tki Klubu Muzycznego \u201eChopin\u201d w Buk\u00f3wcu G\u00f3rnym si\u0119gaj\u0105 1900 roku. To w\u0142a\u015bnie w\u00f3wczas, z inicjatywy Franciszka Fenglera II (1874\u20131960), utworzono zesp\u00f3\u0142 muzyczny z\u0142o\u017cony wy\u0142\u0105cznie z Polak\u00f3w. Pocz\u0105tkowo grywali tylko na wiejskich zabawach, na weselach, na imprezach ko\u015bcielnych i przed przedstawieniami amatorskimi. W 1907 roku orkiestra nazywana \u201eOrkiestr\u0105 Fenglera\u201d liczy\u0142a 8 muzyk\u00f3w. W 1925 roku powsta\u0142 drugi zesp\u00f3\u0142 d\u0119ty kierowany przez Adama Grzesieckiego. Z ich po\u0142\u0105czenia narodzi\u0142 si\u0119 Klub Muzyczny. Poza pasj\u0105 muzyczn\u0105 Klub rozwija\u0142 szerok\u0105 dzia\u0142alno\u015b\u0107 spo\u0142eczn\u0105. Urz\u0105dza\u0142 wieczorki taneczne i coroczne bale maskowe w ostatni\u0105 niedziel\u0119 karnawa\u0142u. W orkiestrze prowadzono nauk\u0119 gry na instrumentach z nut, kszta\u0142c\u0105c m\u0142odzie\u017c z okolicznych miejscowo\u015bci. Klub dzia\u0142a\u0142 czynnie do 1938 roku. Po II wojnie \u015bwiatowej nie podj\u0105\u0142 pr\u00f3by reaktywacji.<\/p>\n\n\n\n<p>Grupa muzyk\u00f3w na fotografii wyst\u0119puje w plenerze \u2013 by\u0107 mo\u017ce podczas pr\u00f3by. Z prawej strony stoi Adam Grzesiecki, dyrygent zespo\u0142u.&nbsp;<\/p>\n\n\n\n<figure data-wp-context=\"{&quot;imageId&quot;:&quot;69f1acc55cf5e&quot;}\" data-wp-interactive=\"core\/image\" data-wp-key=\"69f1acc55cf5e\" class=\"wp-block-image size-full wp-lightbox-container\"><img fetchpriority=\"high\" decoding=\"async\" width=\"2560\" height=\"1554\" data-wp-class--hide=\"state.isContentHidden\" data-wp-class--show=\"state.isContentVisible\" data-wp-init=\"callbacks.setButtonStyles\" data-wp-on--click=\"actions.showLightbox\" data-wp-on--load=\"callbacks.setButtonStyles\" data-wp-on-window--resize=\"callbacks.setButtonStyles\" src=\"http:\/\/ludzieikrajobrazy.muzeumleszno.pl\/wp-content\/uploads\/2024\/07\/13_B.6703-scaled.jpg\" alt=\"\" class=\"wp-image-214\" srcset=\"http:\/\/ludzieikrajobrazy.muzeumleszno.pl\/wp-content\/uploads\/2024\/07\/13_B.6703-scaled.jpg 2560w, http:\/\/ludzieikrajobrazy.muzeumleszno.pl\/wp-content\/uploads\/2024\/07\/13_B.6703-1536x932.jpg 1536w, http:\/\/ludzieikrajobrazy.muzeumleszno.pl\/wp-content\/uploads\/2024\/07\/13_B.6703-2048x1243.jpg 2048w, http:\/\/ludzieikrajobrazy.muzeumleszno.pl\/wp-content\/uploads\/2024\/07\/13_B.6703-200x121.jpg 200w, http:\/\/ludzieikrajobrazy.muzeumleszno.pl\/wp-content\/uploads\/2024\/07\/13_B.6703-973x591.jpg 973w, http:\/\/ludzieikrajobrazy.muzeumleszno.pl\/wp-content\/uploads\/2024\/07\/13_B.6703-508x308.jpg 508w\" sizes=\"(max-width: 2560px) 100vw, 2560px\" \/><button\n\t\t\tclass=\"lightbox-trigger\"\n\t\t\ttype=\"button\"\n\t\t\taria-haspopup=\"dialog\"\n\t\t\taria-label=\"Powi\u0119ksz\"\n\t\t\tdata-wp-init=\"callbacks.initTriggerButton\"\n\t\t\tdata-wp-on--click=\"actions.showLightbox\"\n\t\t\tdata-wp-style--right=\"state.imageButtonRight\"\n\t\t\tdata-wp-style--top=\"state.imageButtonTop\"\n\t\t>\n\t\t\t<svg xmlns=\"http:\/\/www.w3.org\/2000\/svg\" width=\"12\" height=\"12\" fill=\"none\" viewBox=\"0 0 12 12\">\n\t\t\t\t<path fill=\"#fff\" d=\"M2 0a2 2 0 0 0-2 2v2h1.5V2a.5.5 0 0 1 .5-.5h2V0H2Zm2 10.5H2a.5.5 0 0 1-.5-.5V8H0v2a2 2 0 0 0 2 2h2v-1.5ZM8 12v-1.5h2a.5.5 0 0 0 .5-.5V8H12v2a2 2 0 0 1-2 2H8Zm2-12a2 2 0 0 1 2 2v2h-1.5V2a.5.5 0 0 0-.5-.5H8V0h2Z\" \/>\n\t\t\t<\/svg>\n\t\t<\/button><\/figure>\n\n\n\n<p class=\"has-small-font-size\">nr inw. B.6703&nbsp;<br>W zbiorach Muzeum Okr\u0119gowego w Lesznie od 1994 roku, dar<\/p>\n\n\n\n<p>D.Cz.<\/p>\n\n\n\n<figure class=\"wp-block-embed is-type-video is-provider-youtube wp-block-embed-youtube wp-embed-aspect-16-9 wp-has-aspect-ratio\"><div class=\"wp-block-embed__wrapper\">\n<iframe title=\"Buko\u0301wiec Go\u0301rny  Klub Muzyczny \u201eChopin\u201d, lata 1925\u20131930\" width=\"620\" height=\"349\" src=\"https:\/\/www.youtube.com\/embed\/mbGwMfULjtg?feature=oembed\" frameborder=\"0\" allow=\"accelerometer; autoplay; clipboard-write; encrypted-media; gyroscope; picture-in-picture; web-share\" referrerpolicy=\"strict-origin-when-cross-origin\" allowfullscreen><\/iframe>\n<\/div><\/figure>\n","protected":false},"excerpt":{"rendered":"<p>Pocz\u0105tki Klubu Muzycznego \u201eChopin\u201d w Buk\u00f3wcu G\u00f3rnym si\u0119gaj\u0105 1900 roku. To w\u0142a\u015bnie w\u00f3wczas, z inicjatywy Franciszka Fenglera II (1874\u20131960), utworzono zesp\u00f3\u0142 muzyczny z\u0142o\u017cony wy\u0142\u0105cznie z Polak\u00f3w. Pocz\u0105tkowo grywali&#8230;<\/p>\n","protected":false},"author":1,"featured_media":214,"comment_status":"closed","ping_status":"closed","sticky":false,"template":"","format":"standard","meta":{"cybocfi_hide_featured_image":"yes","footnotes":""},"categories":[21],"tags":[1610,907,1612,1616,1626,22,400,520,736,795,1614,417,1604,363,1607,779,1617,1624,1603,1628,1540,1539,1464,1618,1619,1609,1249,1613,1620,1608,1627,320,1621,1625,1547,1615,1605,1460,1611],"class_list":["post-231","post","type-post","status-publish","format-standard","has-post-thumbnail","hentry","category-bukowiec-gorny","tag-orkiestra-fenglera","tag-907","tag-adam-grzesiecki","tag-bal-maskowy","tag-beben","tag-bukowiec","tag-bukowiec-gorny","tag-dokumentacja","tag-drzewa","tag-dyrygent","tag-dzialalnosc-spoleczne","tag-fotografia","tag-franciszek-fengler-ii","tag-ii-wojna-swiatowa","tag-impreza-koscielna","tag-instrument","tag-karnawal","tag-klarnet","tag-klub-muzyczny-chopin","tag-ludzie-w-tle","tag-muzycy","tag-muzyk","tag-muzyka","tag-nauka-gry-na-instrumentach","tag-nuty","tag-orkiestra","tag-polacy","tag-polak","tag-proba","tag-przedstawienie-amatorskie","tag-pulpit","tag-scena-rodzajowa","tag-trabka","tag-tuba","tag-wesele","tag-wieczorek-taneczny","tag-wiejska-zabawa","tag-zespol","tag-zespol-dety"],"yoast_head":"<!-- This site is optimized with the Yoast SEO plugin v27.5 - https:\/\/yoast.com\/product\/yoast-seo-wordpress\/ -->\n<title>Buk\u00f3wiec G\u00f3rny. Klub Muzyczny \u201eChopin\u201d, lata 1925\u20131930\u00a0 - Ludzie i krajobrazy. Powiat Leszczy\u0144ski w ikonografii<\/title>\n<meta name=\"robots\" content=\"index, follow, max-snippet:-1, max-image-preview:large, max-video-preview:-1\" \/>\n<link rel=\"canonical\" href=\"http:\/\/ludzieikrajobrazy.muzeumleszno.pl\/?p=231\" \/>\n<meta property=\"og:locale\" content=\"pl_PL\" \/>\n<meta property=\"og:type\" content=\"article\" \/>\n<meta property=\"og:title\" content=\"Buk\u00f3wiec G\u00f3rny. Klub Muzyczny \u201eChopin\u201d, lata 1925\u20131930\u00a0 - Ludzie i krajobrazy. Powiat Leszczy\u0144ski w ikonografii\" \/>\n<meta property=\"og:description\" content=\"Pocz\u0105tki Klubu Muzycznego \u201eChopin\u201d w Buk\u00f3wcu G\u00f3rnym si\u0119gaj\u0105 1900 roku. To w\u0142a\u015bnie w\u00f3wczas, z inicjatywy Franciszka Fenglera II (1874\u20131960), utworzono zesp\u00f3\u0142 muzyczny z\u0142o\u017cony wy\u0142\u0105cznie z Polak\u00f3w. Pocz\u0105tkowo grywali...\" \/>\n<meta property=\"og:url\" content=\"http:\/\/ludzieikrajobrazy.muzeumleszno.pl\/?p=231\" \/>\n<meta property=\"og:site_name\" content=\"Ludzie i krajobrazy. Powiat Leszczy\u0144ski w ikonografii\" \/>\n<meta property=\"article:published_time\" content=\"2024-07-29T09:57:05+00:00\" \/>\n<meta property=\"article:modified_time\" content=\"2024-09-18T08:24:35+00:00\" \/>\n<meta property=\"og:image\" content=\"http:\/\/ludzieikrajobrazy.muzeumleszno.pl\/wp-content\/uploads\/2024\/07\/13_B.6703-scaled.jpg\" \/>\n\t<meta property=\"og:image:width\" content=\"2560\" \/>\n\t<meta property=\"og:image:height\" content=\"1554\" \/>\n\t<meta property=\"og:image:type\" content=\"image\/jpeg\" \/>\n<meta name=\"author\" content=\"Pan_Admin\" \/>\n<meta name=\"twitter:card\" content=\"summary_large_image\" \/>\n<meta name=\"twitter:label1\" content=\"Napisane przez\" \/>\n\t<meta name=\"twitter:data1\" content=\"Pan_Admin\" \/>\n\t<meta name=\"twitter:label2\" content=\"Szacowany czas czytania\" \/>\n\t<meta name=\"twitter:data2\" content=\"2 minuty\" \/>\n<script type=\"application\/ld+json\" class=\"yoast-schema-graph\">{\"@context\":\"https:\\\/\\\/schema.org\",\"@graph\":[{\"@type\":\"Article\",\"@id\":\"http:\\\/\\\/ludzieikrajobrazy.muzeumleszno.pl\\\/?p=231#article\",\"isPartOf\":{\"@id\":\"http:\\\/\\\/ludzieikrajobrazy.muzeumleszno.pl\\\/?p=231\"},\"author\":{\"name\":\"Pan_Admin\",\"@id\":\"https:\\\/\\\/ludzieikrajobrazy.muzeumleszno.pl\\\/#\\\/schema\\\/person\\\/fc2bc20e2b51efc3202ac1f0cdcd06c0\"},\"headline\":\"Buk\u00f3wiec G\u00f3rny. Klub Muzyczny \u201eChopin\u201d, lata 1925\u20131930\u00a0\",\"datePublished\":\"2024-07-29T09:57:05+00:00\",\"dateModified\":\"2024-09-18T08:24:35+00:00\",\"mainEntityOfPage\":{\"@id\":\"http:\\\/\\\/ludzieikrajobrazy.muzeumleszno.pl\\\/?p=231\"},\"wordCount\":190,\"image\":{\"@id\":\"http:\\\/\\\/ludzieikrajobrazy.muzeumleszno.pl\\\/?p=231#primaryimage\"},\"thumbnailUrl\":\"http:\\\/\\\/ludzieikrajobrazy.muzeumleszno.pl\\\/wp-content\\\/uploads\\\/2024\\\/07\\\/13_B.6703-scaled.jpg\",\"keywords\":[\"\\\"Orkiestra Fenglera\\\"\",\"1925\",\"Adam Grzesiecki\",\"bal maskowy\",\"b\u0119ben\",\"Buk\u00f3wiec\",\"Buk\u00f3wiec G\u00f3rny\",\"dokumentacja\",\"drzewa\",\"dyrygent\",\"dzia\u0142alno\u015b\u0107 spo\u0142eczna\",\"fotografia\",\"Franciszek Fengler II\",\"II Wojna \u015awiatowa\",\"impreza ko\u015bcielna\",\"instrument\",\"karnawa\u0142\",\"klarnet\",\"Klub Muzyczny \\\"Chopin\\\"\",\"ludzie w tle\",\"muzycy\",\"muzyk\",\"muzyka\",\"nauka gry na instrumentach\",\"nuty\",\"orkiestra\",\"Polacy\",\"Polak\",\"pr\u00f3ba\",\"przedstawienie amatorskie\",\"pulpit\",\"scena rodzajowa\",\"tr\u0105bka\",\"tuba\",\"wesele\",\"wieczorek taneczny\",\"wiejska zabawa\",\"zesp\u00f3\u0142\",\"zesp\u00f3\u0142 d\u0119ty\"],\"articleSection\":[\"Buk\u00f3wiec G\u00f3rny\"],\"inLanguage\":\"pl-PL\"},{\"@type\":\"WebPage\",\"@id\":\"http:\\\/\\\/ludzieikrajobrazy.muzeumleszno.pl\\\/?p=231\",\"url\":\"http:\\\/\\\/ludzieikrajobrazy.muzeumleszno.pl\\\/?p=231\",\"name\":\"Buk\u00f3wiec G\u00f3rny. Klub Muzyczny \u201eChopin\u201d, lata 1925\u20131930\u00a0 - Ludzie i krajobrazy. Powiat Leszczy\u0144ski w ikonografii\",\"isPartOf\":{\"@id\":\"https:\\\/\\\/ludzieikrajobrazy.muzeumleszno.pl\\\/#website\"},\"primaryImageOfPage\":{\"@id\":\"http:\\\/\\\/ludzieikrajobrazy.muzeumleszno.pl\\\/?p=231#primaryimage\"},\"image\":{\"@id\":\"http:\\\/\\\/ludzieikrajobrazy.muzeumleszno.pl\\\/?p=231#primaryimage\"},\"thumbnailUrl\":\"http:\\\/\\\/ludzieikrajobrazy.muzeumleszno.pl\\\/wp-content\\\/uploads\\\/2024\\\/07\\\/13_B.6703-scaled.jpg\",\"datePublished\":\"2024-07-29T09:57:05+00:00\",\"dateModified\":\"2024-09-18T08:24:35+00:00\",\"author\":{\"@id\":\"https:\\\/\\\/ludzieikrajobrazy.muzeumleszno.pl\\\/#\\\/schema\\\/person\\\/fc2bc20e2b51efc3202ac1f0cdcd06c0\"},\"breadcrumb\":{\"@id\":\"http:\\\/\\\/ludzieikrajobrazy.muzeumleszno.pl\\\/?p=231#breadcrumb\"},\"inLanguage\":\"pl-PL\",\"potentialAction\":[{\"@type\":\"ReadAction\",\"target\":[\"http:\\\/\\\/ludzieikrajobrazy.muzeumleszno.pl\\\/?p=231\"]}]},{\"@type\":\"BreadcrumbList\",\"@id\":\"http:\\\/\\\/ludzieikrajobrazy.muzeumleszno.pl\\\/?p=231#breadcrumb\",\"itemListElement\":[{\"@type\":\"ListItem\",\"position\":1,\"name\":\"Home\",\"item\":\"https:\\\/\\\/ludzieikrajobrazy.muzeumleszno.pl\\\/\"},{\"@type\":\"ListItem\",\"position\":2,\"name\":\"Buk\u00f3wiec G\u00f3rny. Klub Muzyczny \u201eChopin\u201d, lata 1925\u20131930\u00a0\"}]},{\"@type\":\"WebSite\",\"@id\":\"https:\\\/\\\/ludzieikrajobrazy.muzeumleszno.pl\\\/#website\",\"url\":\"https:\\\/\\\/ludzieikrajobrazy.muzeumleszno.pl\\\/\",\"name\":\"Ludzie i krajobrazy. Powiat Leszczy\u0144ski w ikonografii\",\"description\":\"Powiat Leszczy\u0144ski w ikonografii\",\"potentialAction\":[{\"@type\":\"SearchAction\",\"target\":{\"@type\":\"EntryPoint\",\"urlTemplate\":\"https:\\\/\\\/ludzieikrajobrazy.muzeumleszno.pl\\\/?s={search_term_string}\"},\"query-input\":{\"@type\":\"PropertyValueSpecification\",\"valueRequired\":true,\"valueName\":\"search_term_string\"}}],\"inLanguage\":\"pl-PL\"},{\"@type\":\"Person\",\"@id\":\"https:\\\/\\\/ludzieikrajobrazy.muzeumleszno.pl\\\/#\\\/schema\\\/person\\\/fc2bc20e2b51efc3202ac1f0cdcd06c0\",\"name\":\"Pan_Admin\",\"image\":{\"@type\":\"ImageObject\",\"inLanguage\":\"pl-PL\",\"@id\":\"https:\\\/\\\/secure.gravatar.com\\\/avatar\\\/d109d485abe889ecc32dbdb971b715ad9d4596bd0e2353626451db3e04099822?s=96&d=mm&r=g\",\"url\":\"https:\\\/\\\/secure.gravatar.com\\\/avatar\\\/d109d485abe889ecc32dbdb971b715ad9d4596bd0e2353626451db3e04099822?s=96&d=mm&r=g\",\"contentUrl\":\"https:\\\/\\\/secure.gravatar.com\\\/avatar\\\/d109d485abe889ecc32dbdb971b715ad9d4596bd0e2353626451db3e04099822?s=96&d=mm&r=g\",\"caption\":\"Pan_Admin\"},\"sameAs\":[\"http:\\\/\\\/ludzieikrajobrazy.muzeumleszno.pl\"],\"url\":\"http:\\\/\\\/ludzieikrajobrazy.muzeumleszno.pl\\\/?author=1\"}]}<\/script>\n<!-- \/ Yoast SEO plugin. -->","yoast_head_json":{"title":"Buk\u00f3wiec G\u00f3rny. Klub Muzyczny \u201eChopin\u201d, lata 1925\u20131930\u00a0 - Ludzie i krajobrazy. Powiat Leszczy\u0144ski w ikonografii","robots":{"index":"index","follow":"follow","max-snippet":"max-snippet:-1","max-image-preview":"max-image-preview:large","max-video-preview":"max-video-preview:-1"},"canonical":"http:\/\/ludzieikrajobrazy.muzeumleszno.pl\/?p=231","og_locale":"pl_PL","og_type":"article","og_title":"Buk\u00f3wiec G\u00f3rny. Klub Muzyczny \u201eChopin\u201d, lata 1925\u20131930\u00a0 - Ludzie i krajobrazy. Powiat Leszczy\u0144ski w ikonografii","og_description":"Pocz\u0105tki Klubu Muzycznego \u201eChopin\u201d w Buk\u00f3wcu G\u00f3rnym si\u0119gaj\u0105 1900 roku. To w\u0142a\u015bnie w\u00f3wczas, z inicjatywy Franciszka Fenglera II (1874\u20131960), utworzono zesp\u00f3\u0142 muzyczny z\u0142o\u017cony wy\u0142\u0105cznie z Polak\u00f3w. Pocz\u0105tkowo grywali...","og_url":"http:\/\/ludzieikrajobrazy.muzeumleszno.pl\/?p=231","og_site_name":"Ludzie i krajobrazy. Powiat Leszczy\u0144ski w ikonografii","article_published_time":"2024-07-29T09:57:05+00:00","article_modified_time":"2024-09-18T08:24:35+00:00","og_image":[{"width":2560,"height":1554,"url":"http:\/\/ludzieikrajobrazy.muzeumleszno.pl\/wp-content\/uploads\/2024\/07\/13_B.6703-scaled.jpg","type":"image\/jpeg"}],"author":"Pan_Admin","twitter_card":"summary_large_image","twitter_misc":{"Napisane przez":"Pan_Admin","Szacowany czas czytania":"2 minuty"},"schema":{"@context":"https:\/\/schema.org","@graph":[{"@type":"Article","@id":"http:\/\/ludzieikrajobrazy.muzeumleszno.pl\/?p=231#article","isPartOf":{"@id":"http:\/\/ludzieikrajobrazy.muzeumleszno.pl\/?p=231"},"author":{"name":"Pan_Admin","@id":"https:\/\/ludzieikrajobrazy.muzeumleszno.pl\/#\/schema\/person\/fc2bc20e2b51efc3202ac1f0cdcd06c0"},"headline":"Buk\u00f3wiec G\u00f3rny. Klub Muzyczny \u201eChopin\u201d, lata 1925\u20131930\u00a0","datePublished":"2024-07-29T09:57:05+00:00","dateModified":"2024-09-18T08:24:35+00:00","mainEntityOfPage":{"@id":"http:\/\/ludzieikrajobrazy.muzeumleszno.pl\/?p=231"},"wordCount":190,"image":{"@id":"http:\/\/ludzieikrajobrazy.muzeumleszno.pl\/?p=231#primaryimage"},"thumbnailUrl":"http:\/\/ludzieikrajobrazy.muzeumleszno.pl\/wp-content\/uploads\/2024\/07\/13_B.6703-scaled.jpg","keywords":["\"Orkiestra Fenglera\"","1925","Adam Grzesiecki","bal maskowy","b\u0119ben","Buk\u00f3wiec","Buk\u00f3wiec G\u00f3rny","dokumentacja","drzewa","dyrygent","dzia\u0142alno\u015b\u0107 spo\u0142eczna","fotografia","Franciszek Fengler II","II Wojna \u015awiatowa","impreza ko\u015bcielna","instrument","karnawa\u0142","klarnet","Klub Muzyczny \"Chopin\"","ludzie w tle","muzycy","muzyk","muzyka","nauka gry na instrumentach","nuty","orkiestra","Polacy","Polak","pr\u00f3ba","przedstawienie amatorskie","pulpit","scena rodzajowa","tr\u0105bka","tuba","wesele","wieczorek taneczny","wiejska zabawa","zesp\u00f3\u0142","zesp\u00f3\u0142 d\u0119ty"],"articleSection":["Buk\u00f3wiec G\u00f3rny"],"inLanguage":"pl-PL"},{"@type":"WebPage","@id":"http:\/\/ludzieikrajobrazy.muzeumleszno.pl\/?p=231","url":"http:\/\/ludzieikrajobrazy.muzeumleszno.pl\/?p=231","name":"Buk\u00f3wiec G\u00f3rny. Klub Muzyczny \u201eChopin\u201d, lata 1925\u20131930\u00a0 - Ludzie i krajobrazy. Powiat Leszczy\u0144ski w ikonografii","isPartOf":{"@id":"https:\/\/ludzieikrajobrazy.muzeumleszno.pl\/#website"},"primaryImageOfPage":{"@id":"http:\/\/ludzieikrajobrazy.muzeumleszno.pl\/?p=231#primaryimage"},"image":{"@id":"http:\/\/ludzieikrajobrazy.muzeumleszno.pl\/?p=231#primaryimage"},"thumbnailUrl":"http:\/\/ludzieikrajobrazy.muzeumleszno.pl\/wp-content\/uploads\/2024\/07\/13_B.6703-scaled.jpg","datePublished":"2024-07-29T09:57:05+00:00","dateModified":"2024-09-18T08:24:35+00:00","author":{"@id":"https:\/\/ludzieikrajobrazy.muzeumleszno.pl\/#\/schema\/person\/fc2bc20e2b51efc3202ac1f0cdcd06c0"},"breadcrumb":{"@id":"http:\/\/ludzieikrajobrazy.muzeumleszno.pl\/?p=231#breadcrumb"},"inLanguage":"pl-PL","potentialAction":[{"@type":"ReadAction","target":["http:\/\/ludzieikrajobrazy.muzeumleszno.pl\/?p=231"]}]},{"@type":"BreadcrumbList","@id":"http:\/\/ludzieikrajobrazy.muzeumleszno.pl\/?p=231#breadcrumb","itemListElement":[{"@type":"ListItem","position":1,"name":"Home","item":"https:\/\/ludzieikrajobrazy.muzeumleszno.pl\/"},{"@type":"ListItem","position":2,"name":"Buk\u00f3wiec G\u00f3rny. Klub Muzyczny \u201eChopin\u201d, lata 1925\u20131930\u00a0"}]},{"@type":"WebSite","@id":"https:\/\/ludzieikrajobrazy.muzeumleszno.pl\/#website","url":"https:\/\/ludzieikrajobrazy.muzeumleszno.pl\/","name":"Ludzie i krajobrazy. Powiat Leszczy\u0144ski w ikonografii","description":"Powiat Leszczy\u0144ski w ikonografii","potentialAction":[{"@type":"SearchAction","target":{"@type":"EntryPoint","urlTemplate":"https:\/\/ludzieikrajobrazy.muzeumleszno.pl\/?s={search_term_string}"},"query-input":{"@type":"PropertyValueSpecification","valueRequired":true,"valueName":"search_term_string"}}],"inLanguage":"pl-PL"},{"@type":"Person","@id":"https:\/\/ludzieikrajobrazy.muzeumleszno.pl\/#\/schema\/person\/fc2bc20e2b51efc3202ac1f0cdcd06c0","name":"Pan_Admin","image":{"@type":"ImageObject","inLanguage":"pl-PL","@id":"https:\/\/secure.gravatar.com\/avatar\/d109d485abe889ecc32dbdb971b715ad9d4596bd0e2353626451db3e04099822?s=96&d=mm&r=g","url":"https:\/\/secure.gravatar.com\/avatar\/d109d485abe889ecc32dbdb971b715ad9d4596bd0e2353626451db3e04099822?s=96&d=mm&r=g","contentUrl":"https:\/\/secure.gravatar.com\/avatar\/d109d485abe889ecc32dbdb971b715ad9d4596bd0e2353626451db3e04099822?s=96&d=mm&r=g","caption":"Pan_Admin"},"sameAs":["http:\/\/ludzieikrajobrazy.muzeumleszno.pl"],"url":"http:\/\/ludzieikrajobrazy.muzeumleszno.pl\/?author=1"}]}},"_links":{"self":[{"href":"http:\/\/ludzieikrajobrazy.muzeumleszno.pl\/index.php?rest_route=\/wp\/v2\/posts\/231","targetHints":{"allow":["GET"]}}],"collection":[{"href":"http:\/\/ludzieikrajobrazy.muzeumleszno.pl\/index.php?rest_route=\/wp\/v2\/posts"}],"about":[{"href":"http:\/\/ludzieikrajobrazy.muzeumleszno.pl\/index.php?rest_route=\/wp\/v2\/types\/post"}],"author":[{"embeddable":true,"href":"http:\/\/ludzieikrajobrazy.muzeumleszno.pl\/index.php?rest_route=\/wp\/v2\/users\/1"}],"replies":[{"embeddable":true,"href":"http:\/\/ludzieikrajobrazy.muzeumleszno.pl\/index.php?rest_route=%2Fwp%2Fv2%2Fcomments&post=231"}],"version-history":[{"count":2,"href":"http:\/\/ludzieikrajobrazy.muzeumleszno.pl\/index.php?rest_route=\/wp\/v2\/posts\/231\/revisions"}],"predecessor-version":[{"id":1154,"href":"http:\/\/ludzieikrajobrazy.muzeumleszno.pl\/index.php?rest_route=\/wp\/v2\/posts\/231\/revisions\/1154"}],"wp:featuredmedia":[{"embeddable":true,"href":"http:\/\/ludzieikrajobrazy.muzeumleszno.pl\/index.php?rest_route=\/wp\/v2\/media\/214"}],"wp:attachment":[{"href":"http:\/\/ludzieikrajobrazy.muzeumleszno.pl\/index.php?rest_route=%2Fwp%2Fv2%2Fmedia&parent=231"}],"wp:term":[{"taxonomy":"category","embeddable":true,"href":"http:\/\/ludzieikrajobrazy.muzeumleszno.pl\/index.php?rest_route=%2Fwp%2Fv2%2Fcategories&post=231"},{"taxonomy":"post_tag","embeddable":true,"href":"http:\/\/ludzieikrajobrazy.muzeumleszno.pl\/index.php?rest_route=%2Fwp%2Fv2%2Ftags&post=231"}],"curies":[{"name":"wp","href":"https:\/\/api.w.org\/{rel}","templated":true}]}}