{"id":233,"date":"2024-07-29T11:56:28","date_gmt":"2024-07-29T09:56:28","guid":{"rendered":"http:\/\/ludzieikrajobrazy.muzeumleszno.pl\/?p=233"},"modified":"2024-09-18T10:44:43","modified_gmt":"2024-09-18T08:44:43","slug":"bukowiec-gorny-klub-muzyczny-chopin-1928-rok","status":"publish","type":"post","link":"http:\/\/ludzieikrajobrazy.muzeumleszno.pl\/?p=233","title":{"rendered":"Buk\u00f3wiec G\u00f3rny. Klub Muzyczny \u201eChopin\u201d, 1928 rok\u00a0"},"content":{"rendered":"\n<p>Klub Muzyczny \u201eChopin\u201d powsta\u0142 w 1926 roku. Po\u0142\u0105czono w\u00f3wczas dwie istniej\u0105ce ju\u017c wcze\u015bniej orkiestry: Orkiestr\u0119 Fenglera i zesp\u00f3\u0142 d\u0119ty Adama Grzesieckiego. Instrumenty by\u0142y w\u0142asno\u015bci\u0105 poszczeg\u00f3lnych muzyk\u00f3w, natomiast nuty kupowano za wsp\u00f3lnie zarobione pieni\u0105dze. Zesp\u00f3\u0142 grywa\u0142 z okazji \u015bwi\u0105t pa\u0144stwowych, w szczeg\u00f3lno\u015bci 3 Maja i 11 Listopada, podczas \u015bwi\u0105t ko\u015bcielnych, na uroczysto\u015bciach gromadzkich i pogrzebach powsta\u0144c\u00f3w. Wyst\u0119powa\u0142 w wielu pobliskich miejscowo\u015bciach, m.in. w \u015amiglu, Czaczu i Wilkowicach.&nbsp; Klub dzia\u0142a\u0142 czynnie do ko\u0144ca 1938 roku. W czasie okupacji Niemcy skonfiskowali wszystkie instrumenty.&nbsp;<\/p>\n\n\n\n<p>Na fotografii cz\u0142onkowie orkiestry pozuj\u0105 do okoliczno\u015bciowego zdj\u0119cia na tle budynku, by\u0107 mo\u017ce wiejskiej sali. Stoj\u0105cy w \u015brodku m\u0119\u017cczyzna trzymaj\u0105cy batut\u0119 to kapelmistrz \u2013 Adam Grzesiecki. Z przodu znajduje si\u0119 tabliczka z napisem: Klub Muzyczny \u201eChopie\u0144\u201d Bukowiec G\u00f3rny , dn[ia] 7 XI [19]28.&nbsp;<\/p>\n\n\n\n<figure data-wp-context=\"{&quot;imageId&quot;:&quot;69f1b860736eb&quot;}\" data-wp-interactive=\"core\/image\" data-wp-key=\"69f1b860736eb\" class=\"wp-block-image size-full wp-lightbox-container\"><img fetchpriority=\"high\" decoding=\"async\" width=\"2560\" height=\"1743\" data-wp-class--hide=\"state.isContentHidden\" data-wp-class--show=\"state.isContentVisible\" data-wp-init=\"callbacks.setButtonStyles\" data-wp-on--click=\"actions.showLightbox\" data-wp-on--load=\"callbacks.setButtonStyles\" data-wp-on-window--resize=\"callbacks.setButtonStyles\" src=\"http:\/\/ludzieikrajobrazy.muzeumleszno.pl\/wp-content\/uploads\/2024\/07\/14_B.6703-scaled.jpg\" alt=\"Buk\u00f3wiec G\u00f3rny. Klub Muzyczny \u201eChopin\u201d, 1928 rok \" class=\"wp-image-210\" srcset=\"http:\/\/ludzieikrajobrazy.muzeumleszno.pl\/wp-content\/uploads\/2024\/07\/14_B.6703-scaled.jpg 2560w, http:\/\/ludzieikrajobrazy.muzeumleszno.pl\/wp-content\/uploads\/2024\/07\/14_B.6703-1536x1046.jpg 1536w, http:\/\/ludzieikrajobrazy.muzeumleszno.pl\/wp-content\/uploads\/2024\/07\/14_B.6703-2048x1395.jpg 2048w, http:\/\/ludzieikrajobrazy.muzeumleszno.pl\/wp-content\/uploads\/2024\/07\/14_B.6703-200x136.jpg 200w, http:\/\/ludzieikrajobrazy.muzeumleszno.pl\/wp-content\/uploads\/2024\/07\/14_B.6703-973x663.jpg 973w, http:\/\/ludzieikrajobrazy.muzeumleszno.pl\/wp-content\/uploads\/2024\/07\/14_B.6703-508x346.jpg 508w\" sizes=\"(max-width: 2560px) 100vw, 2560px\" \/><button\n\t\t\tclass=\"lightbox-trigger\"\n\t\t\ttype=\"button\"\n\t\t\taria-haspopup=\"dialog\"\n\t\t\taria-label=\"Powi\u0119ksz\"\n\t\t\tdata-wp-init=\"callbacks.initTriggerButton\"\n\t\t\tdata-wp-on--click=\"actions.showLightbox\"\n\t\t\tdata-wp-style--right=\"state.imageButtonRight\"\n\t\t\tdata-wp-style--top=\"state.imageButtonTop\"\n\t\t>\n\t\t\t<svg xmlns=\"http:\/\/www.w3.org\/2000\/svg\" width=\"12\" height=\"12\" fill=\"none\" viewBox=\"0 0 12 12\">\n\t\t\t\t<path fill=\"#fff\" d=\"M2 0a2 2 0 0 0-2 2v2h1.5V2a.5.5 0 0 1 .5-.5h2V0H2Zm2 10.5H2a.5.5 0 0 1-.5-.5V8H0v2a2 2 0 0 0 2 2h2v-1.5ZM8 12v-1.5h2a.5.5 0 0 0 .5-.5V8H12v2a2 2 0 0 1-2 2H8Zm2-12a2 2 0 0 1 2 2v2h-1.5V2a.5.5 0 0 0-.5-.5H8V0h2Z\" \/>\n\t\t\t<\/svg>\n\t\t<\/button><figcaption class=\"wp-element-caption\">Buk\u00f3wiec G\u00f3rny. Klub Muzyczny \u201eChopin\u201d, 1928 rok <\/figcaption><\/figure>\n\n\n\n<p class=\"has-small-font-size\">nr inw. B.6703<br>W zbiorach Muzeum Okr\u0119gowego w Lesznie od 1994, dar<\/p>\n\n\n\n<p>D.Cz.<\/p>\n\n\n\n<figure class=\"wp-block-embed is-type-video is-provider-youtube wp-block-embed-youtube wp-embed-aspect-16-9 wp-has-aspect-ratio\"><div class=\"wp-block-embed__wrapper\">\n<iframe title=\"Buko\u0301wiec Go\u0301rny  Klub Muzyczny \u201eChopin\u201d, 1928 rok\" width=\"620\" height=\"349\" src=\"https:\/\/www.youtube.com\/embed\/YUL_VFBBx2A?feature=oembed\" frameborder=\"0\" allow=\"accelerometer; autoplay; clipboard-write; encrypted-media; gyroscope; picture-in-picture; web-share\" referrerpolicy=\"strict-origin-when-cross-origin\" allowfullscreen><\/iframe>\n<\/div><\/figure>\n","protected":false},"excerpt":{"rendered":"<p>Klub Muzyczny \u201eChopin\u201d powsta\u0142 w 1926 roku. Po\u0142\u0105czono w\u00f3wczas dwie istniej\u0105ce ju\u017c wcze\u015bniej orkiestry: Orkiestr\u0119 Fenglera i zesp\u00f3\u0142 d\u0119ty Adama Grzesieckiego. Instrumenty by\u0142y w\u0142asno\u015bci\u0105 poszczeg\u00f3lnych muzyk\u00f3w, natomiast nuty&#8230;<\/p>\n","protected":false},"author":1,"featured_media":210,"comment_status":"closed","ping_status":"closed","sticky":false,"template":"","format":"standard","meta":{"cybocfi_hide_featured_image":"yes","footnotes":""},"categories":[21],"tags":[1610,1632,999,1631,1612,378,1861,1626,22,400,1866,520,417,201,1525,1137,779,1629,1862,1624,1603,1860,1540,1539,1619,1234,1609,1859,1456,1185,1864,1633,1630,1863,1865,1621,1625,1634,1460,1611],"class_list":["post-233","post","type-post","status-publish","format-standard","has-post-thumbnail","hentry","category-bukowiec-gorny","tag-orkiestra-fenglera","tag-11-listopada","tag-999","tag-3-maja","tag-adam-grzesiecki","tag-architektura","tag-batuta","tag-beben","tag-bukowiec","tag-bukowiec-gorny","tag-czynel","tag-dokumentacja","tag-fotografia","tag-fotografia-grupowa","tag-fotografia-okolicznosciowa","tag-grupa-ludzi","tag-instrument","tag-instrumenty","tag-kapelmistrz","tag-klarnet","tag-klub-muzyczny-chopin","tag-konfiskata","tag-muzycy","tag-muzyk","tag-nuty","tag-okupacja","tag-orkiestra","tag-pogrzeb","tag-powstaniec","tag-stroj-odswietny","tag-suzafon","tag-swieto-koscielne","tag-swieto-panstwowe","tag-tabliczka-informacyjna","tag-talerz","tag-trabka","tag-tuba","tag-uroczystosc-gromadzka","tag-zespol","tag-zespol-dety"],"yoast_head":"<!-- This site is optimized with the Yoast SEO plugin v27.5 - https:\/\/yoast.com\/product\/yoast-seo-wordpress\/ -->\n<title>Buk\u00f3wiec G\u00f3rny. Klub Muzyczny \u201eChopin\u201d, 1928 rok\u00a0 - Ludzie i krajobrazy. Powiat Leszczy\u0144ski w ikonografii<\/title>\n<meta name=\"robots\" content=\"index, follow, max-snippet:-1, max-image-preview:large, max-video-preview:-1\" \/>\n<link rel=\"canonical\" href=\"http:\/\/ludzieikrajobrazy.muzeumleszno.pl\/?p=233\" \/>\n<meta property=\"og:locale\" content=\"pl_PL\" \/>\n<meta property=\"og:type\" content=\"article\" \/>\n<meta property=\"og:title\" content=\"Buk\u00f3wiec G\u00f3rny. Klub Muzyczny \u201eChopin\u201d, 1928 rok\u00a0 - Ludzie i krajobrazy. Powiat Leszczy\u0144ski w ikonografii\" \/>\n<meta property=\"og:description\" content=\"Klub Muzyczny \u201eChopin\u201d powsta\u0142 w 1926 roku. Po\u0142\u0105czono w\u00f3wczas dwie istniej\u0105ce ju\u017c wcze\u015bniej orkiestry: Orkiestr\u0119 Fenglera i zesp\u00f3\u0142 d\u0119ty Adama Grzesieckiego. Instrumenty by\u0142y w\u0142asno\u015bci\u0105 poszczeg\u00f3lnych muzyk\u00f3w, natomiast nuty...\" \/>\n<meta property=\"og:url\" content=\"http:\/\/ludzieikrajobrazy.muzeumleszno.pl\/?p=233\" \/>\n<meta property=\"og:site_name\" content=\"Ludzie i krajobrazy. Powiat Leszczy\u0144ski w ikonografii\" \/>\n<meta property=\"article:published_time\" content=\"2024-07-29T09:56:28+00:00\" \/>\n<meta property=\"article:modified_time\" content=\"2024-09-18T08:44:43+00:00\" \/>\n<meta property=\"og:image\" content=\"http:\/\/ludzieikrajobrazy.muzeumleszno.pl\/wp-content\/uploads\/2024\/07\/14_B.6703-scaled.jpg\" \/>\n\t<meta property=\"og:image:width\" content=\"2560\" \/>\n\t<meta property=\"og:image:height\" content=\"1743\" \/>\n\t<meta property=\"og:image:type\" content=\"image\/jpeg\" \/>\n<meta name=\"author\" content=\"Pan_Admin\" \/>\n<meta name=\"twitter:card\" content=\"summary_large_image\" \/>\n<meta name=\"twitter:label1\" content=\"Napisane przez\" \/>\n\t<meta name=\"twitter:data1\" content=\"Pan_Admin\" \/>\n\t<meta name=\"twitter:label2\" content=\"Szacowany czas czytania\" \/>\n\t<meta name=\"twitter:data2\" content=\"2 minuty\" \/>\n<script type=\"application\/ld+json\" class=\"yoast-schema-graph\">{\"@context\":\"https:\\\/\\\/schema.org\",\"@graph\":[{\"@type\":\"Article\",\"@id\":\"http:\\\/\\\/ludzieikrajobrazy.muzeumleszno.pl\\\/?p=233#article\",\"isPartOf\":{\"@id\":\"http:\\\/\\\/ludzieikrajobrazy.muzeumleszno.pl\\\/?p=233\"},\"author\":{\"name\":\"Pan_Admin\",\"@id\":\"https:\\\/\\\/ludzieikrajobrazy.muzeumleszno.pl\\\/#\\\/schema\\\/person\\\/fc2bc20e2b51efc3202ac1f0cdcd06c0\"},\"headline\":\"Buk\u00f3wiec G\u00f3rny. Klub Muzyczny \u201eChopin\u201d, 1928 rok\u00a0\",\"datePublished\":\"2024-07-29T09:56:28+00:00\",\"dateModified\":\"2024-09-18T08:44:43+00:00\",\"mainEntityOfPage\":{\"@id\":\"http:\\\/\\\/ludzieikrajobrazy.muzeumleszno.pl\\\/?p=233\"},\"wordCount\":189,\"image\":{\"@id\":\"http:\\\/\\\/ludzieikrajobrazy.muzeumleszno.pl\\\/?p=233#primaryimage\"},\"thumbnailUrl\":\"http:\\\/\\\/ludzieikrajobrazy.muzeumleszno.pl\\\/wp-content\\\/uploads\\\/2024\\\/07\\\/14_B.6703-scaled.jpg\",\"keywords\":[\"\\\"Orkiestra Fenglera\\\"\",\"11 listopada\",\"1928\",\"3 maja\",\"Adam Grzesiecki\",\"architektura\",\"batuta\",\"b\u0119ben\",\"Buk\u00f3wiec\",\"Buk\u00f3wiec G\u00f3rny\",\"czynel\",\"dokumentacja\",\"fotografia\",\"fotografia grupowa\",\"fotografia okoliczno\u015bciowa\",\"grupa ludzi\",\"instrument\",\"instrumenty\",\"kapelmistrz\",\"klarnet\",\"Klub Muzyczny \\\"Chopin\\\"\",\"konfiskata\",\"muzycy\",\"muzyk\",\"nuty\",\"okupacja\",\"orkiestra\",\"pogrzeb\",\"powstaniec\",\"str\u00f3j od\u015bwi\u0119tny\",\"suzafon\",\"\u015bwi\u0119to ko\u015bcielne\",\"\u015bwi\u0119to pa\u0144stwowe\",\"tabliczka informacyjna\",\"talerz\",\"tr\u0105bka\",\"tuba\",\"uroczysto\u015bc gromadzka\",\"zesp\u00f3\u0142\",\"zesp\u00f3\u0142 d\u0119ty\"],\"articleSection\":[\"Buk\u00f3wiec G\u00f3rny\"],\"inLanguage\":\"pl-PL\"},{\"@type\":\"WebPage\",\"@id\":\"http:\\\/\\\/ludzieikrajobrazy.muzeumleszno.pl\\\/?p=233\",\"url\":\"http:\\\/\\\/ludzieikrajobrazy.muzeumleszno.pl\\\/?p=233\",\"name\":\"Buk\u00f3wiec G\u00f3rny. Klub Muzyczny \u201eChopin\u201d, 1928 rok\u00a0 - Ludzie i krajobrazy. Powiat Leszczy\u0144ski w ikonografii\",\"isPartOf\":{\"@id\":\"https:\\\/\\\/ludzieikrajobrazy.muzeumleszno.pl\\\/#website\"},\"primaryImageOfPage\":{\"@id\":\"http:\\\/\\\/ludzieikrajobrazy.muzeumleszno.pl\\\/?p=233#primaryimage\"},\"image\":{\"@id\":\"http:\\\/\\\/ludzieikrajobrazy.muzeumleszno.pl\\\/?p=233#primaryimage\"},\"thumbnailUrl\":\"http:\\\/\\\/ludzieikrajobrazy.muzeumleszno.pl\\\/wp-content\\\/uploads\\\/2024\\\/07\\\/14_B.6703-scaled.jpg\",\"datePublished\":\"2024-07-29T09:56:28+00:00\",\"dateModified\":\"2024-09-18T08:44:43+00:00\",\"author\":{\"@id\":\"https:\\\/\\\/ludzieikrajobrazy.muzeumleszno.pl\\\/#\\\/schema\\\/person\\\/fc2bc20e2b51efc3202ac1f0cdcd06c0\"},\"breadcrumb\":{\"@id\":\"http:\\\/\\\/ludzieikrajobrazy.muzeumleszno.pl\\\/?p=233#breadcrumb\"},\"inLanguage\":\"pl-PL\",\"potentialAction\":[{\"@type\":\"ReadAction\",\"target\":[\"http:\\\/\\\/ludzieikrajobrazy.muzeumleszno.pl\\\/?p=233\"]}]},{\"@type\":\"BreadcrumbList\",\"@id\":\"http:\\\/\\\/ludzieikrajobrazy.muzeumleszno.pl\\\/?p=233#breadcrumb\",\"itemListElement\":[{\"@type\":\"ListItem\",\"position\":1,\"name\":\"Home\",\"item\":\"https:\\\/\\\/ludzieikrajobrazy.muzeumleszno.pl\\\/\"},{\"@type\":\"ListItem\",\"position\":2,\"name\":\"Buk\u00f3wiec G\u00f3rny. Klub Muzyczny \u201eChopin\u201d, 1928 rok\u00a0\"}]},{\"@type\":\"WebSite\",\"@id\":\"https:\\\/\\\/ludzieikrajobrazy.muzeumleszno.pl\\\/#website\",\"url\":\"https:\\\/\\\/ludzieikrajobrazy.muzeumleszno.pl\\\/\",\"name\":\"Ludzie i krajobrazy. Powiat Leszczy\u0144ski w ikonografii\",\"description\":\"Powiat Leszczy\u0144ski w ikonografii\",\"potentialAction\":[{\"@type\":\"SearchAction\",\"target\":{\"@type\":\"EntryPoint\",\"urlTemplate\":\"https:\\\/\\\/ludzieikrajobrazy.muzeumleszno.pl\\\/?s={search_term_string}\"},\"query-input\":{\"@type\":\"PropertyValueSpecification\",\"valueRequired\":true,\"valueName\":\"search_term_string\"}}],\"inLanguage\":\"pl-PL\"},{\"@type\":\"Person\",\"@id\":\"https:\\\/\\\/ludzieikrajobrazy.muzeumleszno.pl\\\/#\\\/schema\\\/person\\\/fc2bc20e2b51efc3202ac1f0cdcd06c0\",\"name\":\"Pan_Admin\",\"image\":{\"@type\":\"ImageObject\",\"inLanguage\":\"pl-PL\",\"@id\":\"https:\\\/\\\/secure.gravatar.com\\\/avatar\\\/d109d485abe889ecc32dbdb971b715ad9d4596bd0e2353626451db3e04099822?s=96&d=mm&r=g\",\"url\":\"https:\\\/\\\/secure.gravatar.com\\\/avatar\\\/d109d485abe889ecc32dbdb971b715ad9d4596bd0e2353626451db3e04099822?s=96&d=mm&r=g\",\"contentUrl\":\"https:\\\/\\\/secure.gravatar.com\\\/avatar\\\/d109d485abe889ecc32dbdb971b715ad9d4596bd0e2353626451db3e04099822?s=96&d=mm&r=g\",\"caption\":\"Pan_Admin\"},\"sameAs\":[\"http:\\\/\\\/ludzieikrajobrazy.muzeumleszno.pl\"],\"url\":\"http:\\\/\\\/ludzieikrajobrazy.muzeumleszno.pl\\\/?author=1\"}]}<\/script>\n<!-- \/ Yoast SEO plugin. -->","yoast_head_json":{"title":"Buk\u00f3wiec G\u00f3rny. Klub Muzyczny \u201eChopin\u201d, 1928 rok\u00a0 - Ludzie i krajobrazy. Powiat Leszczy\u0144ski w ikonografii","robots":{"index":"index","follow":"follow","max-snippet":"max-snippet:-1","max-image-preview":"max-image-preview:large","max-video-preview":"max-video-preview:-1"},"canonical":"http:\/\/ludzieikrajobrazy.muzeumleszno.pl\/?p=233","og_locale":"pl_PL","og_type":"article","og_title":"Buk\u00f3wiec G\u00f3rny. Klub Muzyczny \u201eChopin\u201d, 1928 rok\u00a0 - Ludzie i krajobrazy. Powiat Leszczy\u0144ski w ikonografii","og_description":"Klub Muzyczny \u201eChopin\u201d powsta\u0142 w 1926 roku. Po\u0142\u0105czono w\u00f3wczas dwie istniej\u0105ce ju\u017c wcze\u015bniej orkiestry: Orkiestr\u0119 Fenglera i zesp\u00f3\u0142 d\u0119ty Adama Grzesieckiego. Instrumenty by\u0142y w\u0142asno\u015bci\u0105 poszczeg\u00f3lnych muzyk\u00f3w, natomiast nuty...","og_url":"http:\/\/ludzieikrajobrazy.muzeumleszno.pl\/?p=233","og_site_name":"Ludzie i krajobrazy. Powiat Leszczy\u0144ski w ikonografii","article_published_time":"2024-07-29T09:56:28+00:00","article_modified_time":"2024-09-18T08:44:43+00:00","og_image":[{"width":2560,"height":1743,"url":"http:\/\/ludzieikrajobrazy.muzeumleszno.pl\/wp-content\/uploads\/2024\/07\/14_B.6703-scaled.jpg","type":"image\/jpeg"}],"author":"Pan_Admin","twitter_card":"summary_large_image","twitter_misc":{"Napisane przez":"Pan_Admin","Szacowany czas czytania":"2 minuty"},"schema":{"@context":"https:\/\/schema.org","@graph":[{"@type":"Article","@id":"http:\/\/ludzieikrajobrazy.muzeumleszno.pl\/?p=233#article","isPartOf":{"@id":"http:\/\/ludzieikrajobrazy.muzeumleszno.pl\/?p=233"},"author":{"name":"Pan_Admin","@id":"https:\/\/ludzieikrajobrazy.muzeumleszno.pl\/#\/schema\/person\/fc2bc20e2b51efc3202ac1f0cdcd06c0"},"headline":"Buk\u00f3wiec G\u00f3rny. Klub Muzyczny \u201eChopin\u201d, 1928 rok\u00a0","datePublished":"2024-07-29T09:56:28+00:00","dateModified":"2024-09-18T08:44:43+00:00","mainEntityOfPage":{"@id":"http:\/\/ludzieikrajobrazy.muzeumleszno.pl\/?p=233"},"wordCount":189,"image":{"@id":"http:\/\/ludzieikrajobrazy.muzeumleszno.pl\/?p=233#primaryimage"},"thumbnailUrl":"http:\/\/ludzieikrajobrazy.muzeumleszno.pl\/wp-content\/uploads\/2024\/07\/14_B.6703-scaled.jpg","keywords":["\"Orkiestra Fenglera\"","11 listopada","1928","3 maja","Adam Grzesiecki","architektura","batuta","b\u0119ben","Buk\u00f3wiec","Buk\u00f3wiec G\u00f3rny","czynel","dokumentacja","fotografia","fotografia grupowa","fotografia okoliczno\u015bciowa","grupa ludzi","instrument","instrumenty","kapelmistrz","klarnet","Klub Muzyczny \"Chopin\"","konfiskata","muzycy","muzyk","nuty","okupacja","orkiestra","pogrzeb","powstaniec","str\u00f3j od\u015bwi\u0119tny","suzafon","\u015bwi\u0119to ko\u015bcielne","\u015bwi\u0119to pa\u0144stwowe","tabliczka informacyjna","talerz","tr\u0105bka","tuba","uroczysto\u015bc gromadzka","zesp\u00f3\u0142","zesp\u00f3\u0142 d\u0119ty"],"articleSection":["Buk\u00f3wiec G\u00f3rny"],"inLanguage":"pl-PL"},{"@type":"WebPage","@id":"http:\/\/ludzieikrajobrazy.muzeumleszno.pl\/?p=233","url":"http:\/\/ludzieikrajobrazy.muzeumleszno.pl\/?p=233","name":"Buk\u00f3wiec G\u00f3rny. Klub Muzyczny \u201eChopin\u201d, 1928 rok\u00a0 - Ludzie i krajobrazy. Powiat Leszczy\u0144ski w ikonografii","isPartOf":{"@id":"https:\/\/ludzieikrajobrazy.muzeumleszno.pl\/#website"},"primaryImageOfPage":{"@id":"http:\/\/ludzieikrajobrazy.muzeumleszno.pl\/?p=233#primaryimage"},"image":{"@id":"http:\/\/ludzieikrajobrazy.muzeumleszno.pl\/?p=233#primaryimage"},"thumbnailUrl":"http:\/\/ludzieikrajobrazy.muzeumleszno.pl\/wp-content\/uploads\/2024\/07\/14_B.6703-scaled.jpg","datePublished":"2024-07-29T09:56:28+00:00","dateModified":"2024-09-18T08:44:43+00:00","author":{"@id":"https:\/\/ludzieikrajobrazy.muzeumleszno.pl\/#\/schema\/person\/fc2bc20e2b51efc3202ac1f0cdcd06c0"},"breadcrumb":{"@id":"http:\/\/ludzieikrajobrazy.muzeumleszno.pl\/?p=233#breadcrumb"},"inLanguage":"pl-PL","potentialAction":[{"@type":"ReadAction","target":["http:\/\/ludzieikrajobrazy.muzeumleszno.pl\/?p=233"]}]},{"@type":"BreadcrumbList","@id":"http:\/\/ludzieikrajobrazy.muzeumleszno.pl\/?p=233#breadcrumb","itemListElement":[{"@type":"ListItem","position":1,"name":"Home","item":"https:\/\/ludzieikrajobrazy.muzeumleszno.pl\/"},{"@type":"ListItem","position":2,"name":"Buk\u00f3wiec G\u00f3rny. Klub Muzyczny \u201eChopin\u201d, 1928 rok\u00a0"}]},{"@type":"WebSite","@id":"https:\/\/ludzieikrajobrazy.muzeumleszno.pl\/#website","url":"https:\/\/ludzieikrajobrazy.muzeumleszno.pl\/","name":"Ludzie i krajobrazy. Powiat Leszczy\u0144ski w ikonografii","description":"Powiat Leszczy\u0144ski w ikonografii","potentialAction":[{"@type":"SearchAction","target":{"@type":"EntryPoint","urlTemplate":"https:\/\/ludzieikrajobrazy.muzeumleszno.pl\/?s={search_term_string}"},"query-input":{"@type":"PropertyValueSpecification","valueRequired":true,"valueName":"search_term_string"}}],"inLanguage":"pl-PL"},{"@type":"Person","@id":"https:\/\/ludzieikrajobrazy.muzeumleszno.pl\/#\/schema\/person\/fc2bc20e2b51efc3202ac1f0cdcd06c0","name":"Pan_Admin","image":{"@type":"ImageObject","inLanguage":"pl-PL","@id":"https:\/\/secure.gravatar.com\/avatar\/d109d485abe889ecc32dbdb971b715ad9d4596bd0e2353626451db3e04099822?s=96&d=mm&r=g","url":"https:\/\/secure.gravatar.com\/avatar\/d109d485abe889ecc32dbdb971b715ad9d4596bd0e2353626451db3e04099822?s=96&d=mm&r=g","contentUrl":"https:\/\/secure.gravatar.com\/avatar\/d109d485abe889ecc32dbdb971b715ad9d4596bd0e2353626451db3e04099822?s=96&d=mm&r=g","caption":"Pan_Admin"},"sameAs":["http:\/\/ludzieikrajobrazy.muzeumleszno.pl"],"url":"http:\/\/ludzieikrajobrazy.muzeumleszno.pl\/?author=1"}]}},"_links":{"self":[{"href":"http:\/\/ludzieikrajobrazy.muzeumleszno.pl\/index.php?rest_route=\/wp\/v2\/posts\/233","targetHints":{"allow":["GET"]}}],"collection":[{"href":"http:\/\/ludzieikrajobrazy.muzeumleszno.pl\/index.php?rest_route=\/wp\/v2\/posts"}],"about":[{"href":"http:\/\/ludzieikrajobrazy.muzeumleszno.pl\/index.php?rest_route=\/wp\/v2\/types\/post"}],"author":[{"embeddable":true,"href":"http:\/\/ludzieikrajobrazy.muzeumleszno.pl\/index.php?rest_route=\/wp\/v2\/users\/1"}],"replies":[{"embeddable":true,"href":"http:\/\/ludzieikrajobrazy.muzeumleszno.pl\/index.php?rest_route=%2Fwp%2Fv2%2Fcomments&post=233"}],"version-history":[{"count":2,"href":"http:\/\/ludzieikrajobrazy.muzeumleszno.pl\/index.php?rest_route=\/wp\/v2\/posts\/233\/revisions"}],"predecessor-version":[{"id":1155,"href":"http:\/\/ludzieikrajobrazy.muzeumleszno.pl\/index.php?rest_route=\/wp\/v2\/posts\/233\/revisions\/1155"}],"wp:featuredmedia":[{"embeddable":true,"href":"http:\/\/ludzieikrajobrazy.muzeumleszno.pl\/index.php?rest_route=\/wp\/v2\/media\/210"}],"wp:attachment":[{"href":"http:\/\/ludzieikrajobrazy.muzeumleszno.pl\/index.php?rest_route=%2Fwp%2Fv2%2Fmedia&parent=233"}],"wp:term":[{"taxonomy":"category","embeddable":true,"href":"http:\/\/ludzieikrajobrazy.muzeumleszno.pl\/index.php?rest_route=%2Fwp%2Fv2%2Fcategories&post=233"},{"taxonomy":"post_tag","embeddable":true,"href":"http:\/\/ludzieikrajobrazy.muzeumleszno.pl\/index.php?rest_route=%2Fwp%2Fv2%2Ftags&post=233"}],"curies":[{"name":"wp","href":"https:\/\/api.w.org\/{rel}","templated":true}]}}