{"id":235,"date":"2024-07-29T11:55:17","date_gmt":"2024-07-29T09:55:17","guid":{"rendered":"http:\/\/ludzieikrajobrazy.muzeumleszno.pl\/?p=235"},"modified":"2024-09-18T11:04:39","modified_gmt":"2024-09-18T09:04:39","slug":"bukowiec-gorny-towarzystwo-powstancow-i-wojakow-okolo-1930-roku","status":"publish","type":"post","link":"http:\/\/ludzieikrajobrazy.muzeumleszno.pl\/?p=235","title":{"rendered":"Buk\u00f3wiec G\u00f3rny. Towarzystwo Powsta\u0144c\u00f3w i Wojak\u00f3w, oko\u0142o 1930 roku\u00a0"},"content":{"rendered":"\n<p>Towarzystwo Powsta\u0144c\u00f3w i Wojak\u00f3w utworzono w Buk\u00f3wcu w 1922 roku. Cz\u0142onkami za\u0142o\u017cycielami byli: Franciszek Fengler (1874\u20131960) \u2013 prezes, Franciszek Apolinarski (1889\u20131977) \u2013 komendant, Jan Ratajczak \u2013 sekretarz i Jan Rydlichowski \u2013 skarbnik. W 1923 roku Towarzystwo zorganizowa\u0142o uroczysto\u015bci z okazji po\u015bwi\u0119cenia swojego sztandaru. Nast\u0119pnie wmurowano na&nbsp; murze ko\u015bcio\u0142a parafialnego tablic\u0119&nbsp; pami\u0105tkow\u0105 ku czci mieszka\u0144c\u00f3w poleg\u0142ych podczas I wojny \u015bwiatowej. Towarzystwo co roku \u2013 6 stycznia \u2013 urz\u0105dza\u0142o uroczysto\u015b\u0107 po\u0142\u0105czon\u0105 z wystawieniem sztuki teatralnej. By\u0142y to najcz\u0119\u015bciej utwory o tematyce historycznej i patriotycznej, np.: \u201eObrona Trembowli\u201d W\u0142adys\u0142awy Przyjemskiej (1856\u20131929), \u201eKo\u015bciuszko w Petersburgu\u201d Adama Staszczyka (1850\u20131909) czy \u201eGwiazda Syberii\u201d Leopolda Starze\u0144skiego (1835\u20131904). Towarzystwo istnia\u0142o do 1939 roku i liczy\u0142o 65 cz\u0142onk\u00f3w. W czasie niemieckiej okupacji archiwum stowarzyszenia uleg\u0142o zniszczeniu.&nbsp;<\/p>\n\n\n\n<p>Na zdj\u0119ciu prezentuje si\u0119 liczna grupa kombatant\u00f3w: uczestnik\u00f3w I wojny \u015bwiatowej, powstania wielkopolskiego i wojny polsko-bolszewickiej z lat 1919\u20131920. Ludzi \u015bwiadomych ceny, kt\u00f3r\u0105 zap\u0142acono za niepodleg\u0142o\u015b\u0107 Polski.&nbsp;<\/p>\n\n\n\n<figure data-wp-context=\"{&quot;imageId&quot;:&quot;69f1c6876be22&quot;}\" data-wp-interactive=\"core\/image\" data-wp-key=\"69f1c6876be22\" class=\"wp-block-image size-full wp-lightbox-container\"><img fetchpriority=\"high\" decoding=\"async\" width=\"2560\" height=\"1524\" data-wp-class--hide=\"state.isContentHidden\" data-wp-class--show=\"state.isContentVisible\" data-wp-init=\"callbacks.setButtonStyles\" data-wp-on--click=\"actions.showLightbox\" data-wp-on--load=\"callbacks.setButtonStyles\" data-wp-on-window--resize=\"callbacks.setButtonStyles\" src=\"http:\/\/ludzieikrajobrazy.muzeumleszno.pl\/wp-content\/uploads\/2024\/07\/15_B.6703-scaled.jpg\" alt=\"Buk\u00f3wiec G\u00f3rny. Towarzystwo Powsta\u0144c\u00f3w i Wojak\u00f3w , oko\u0142o 1930 roku\" class=\"wp-image-213\" srcset=\"http:\/\/ludzieikrajobrazy.muzeumleszno.pl\/wp-content\/uploads\/2024\/07\/15_B.6703-scaled.jpg 2560w, http:\/\/ludzieikrajobrazy.muzeumleszno.pl\/wp-content\/uploads\/2024\/07\/15_B.6703-1536x914.jpg 1536w, http:\/\/ludzieikrajobrazy.muzeumleszno.pl\/wp-content\/uploads\/2024\/07\/15_B.6703-2048x1219.jpg 2048w, http:\/\/ludzieikrajobrazy.muzeumleszno.pl\/wp-content\/uploads\/2024\/07\/15_B.6703-200x119.jpg 200w, http:\/\/ludzieikrajobrazy.muzeumleszno.pl\/wp-content\/uploads\/2024\/07\/15_B.6703-973x579.jpg 973w, http:\/\/ludzieikrajobrazy.muzeumleszno.pl\/wp-content\/uploads\/2024\/07\/15_B.6703-508x302.jpg 508w\" sizes=\"(max-width: 2560px) 100vw, 2560px\" \/><button\n\t\t\tclass=\"lightbox-trigger\"\n\t\t\ttype=\"button\"\n\t\t\taria-haspopup=\"dialog\"\n\t\t\taria-label=\"Powi\u0119ksz\"\n\t\t\tdata-wp-init=\"callbacks.initTriggerButton\"\n\t\t\tdata-wp-on--click=\"actions.showLightbox\"\n\t\t\tdata-wp-style--right=\"state.imageButtonRight\"\n\t\t\tdata-wp-style--top=\"state.imageButtonTop\"\n\t\t>\n\t\t\t<svg xmlns=\"http:\/\/www.w3.org\/2000\/svg\" width=\"12\" height=\"12\" fill=\"none\" viewBox=\"0 0 12 12\">\n\t\t\t\t<path fill=\"#fff\" d=\"M2 0a2 2 0 0 0-2 2v2h1.5V2a.5.5 0 0 1 .5-.5h2V0H2Zm2 10.5H2a.5.5 0 0 1-.5-.5V8H0v2a2 2 0 0 0 2 2h2v-1.5ZM8 12v-1.5h2a.5.5 0 0 0 .5-.5V8H12v2a2 2 0 0 1-2 2H8Zm2-12a2 2 0 0 1 2 2v2h-1.5V2a.5.5 0 0 0-.5-.5H8V0h2Z\" \/>\n\t\t\t<\/svg>\n\t\t<\/button><figcaption class=\"wp-element-caption\">Buk\u00f3wiec G\u00f3rny. Towarzystwo Powsta\u0144c\u00f3w i Wojak\u00f3w , oko\u0142o 1930 roku \n<\/figcaption><\/figure>\n\n\n\n<p class=\"has-small-font-size\">nr inw. B.6703&nbsp;<br>W zbiorach Muzeum Okr\u0119gowego w Lesznie od 1994 roku, dar&nbsp;<\/p>\n\n\n\n<p>D.Cz.<\/p>\n\n\n\n<figure class=\"wp-block-embed is-type-video is-provider-youtube wp-block-embed-youtube wp-embed-aspect-16-9 wp-has-aspect-ratio\"><div class=\"wp-block-embed__wrapper\">\n<iframe title=\"Buko\u0301wiec Go\u0301rny  Towarzystwo Powstan\u0301co\u0301w i Wojako\u0301w, oko\u0142o 1930 roku\" width=\"620\" height=\"349\" src=\"https:\/\/www.youtube.com\/embed\/WMpCmTTLTe0?feature=oembed\" frameborder=\"0\" allow=\"accelerometer; autoplay; clipboard-write; encrypted-media; gyroscope; picture-in-picture; web-share\" referrerpolicy=\"strict-origin-when-cross-origin\" allowfullscreen><\/iframe>\n<\/div><\/figure>\n","protected":false},"excerpt":{"rendered":"<p>Towarzystwo Powsta\u0144c\u00f3w i Wojak\u00f3w utworzono w Buk\u00f3wcu w 1922 roku. Cz\u0142onkami za\u0142o\u017cycielami byli: Franciszek Fengler (1874\u20131960) \u2013 prezes, Franciszek Apolinarski (1889\u20131977) \u2013 komendant, Jan Ratajczak \u2013 sekretarz i&#8230;<\/p>\n","protected":false},"author":1,"featured_media":213,"comment_status":"closed","ping_status":"closed","sticky":false,"template":"","format":"standard","meta":{"cybocfi_hide_featured_image":"yes","footnotes":""},"categories":[21],"tags":[1880,1878,1876,94,1879,378,1883,165,22,400,1187,520,1884,736,417,201,1525,1868,1867,247,1137,196,1869,1870,1885,1881,1092,1079,796,1679,770,437,1234,1871,339,1456,1185,1873,1872,1874,1875,930,250,1877,1886,1882],"class_list":["post-235","post","type-post","status-publish","format-standard","has-post-thumbnail","hentry","category-bukowiec-gorny","tag-gwiazda-syberii","tag-kosciuszko-w-petersburgu","tag-obrona-trembowli","tag-94","tag-adam-staszczyk","tag-architektura","tag-archiwum","tag-budownictwo-murowane","tag-bukowiec","tag-bukowiec-gorny","tag-cegla","tag-dokumentacja","tag-dokumenty","tag-drzewa","tag-fotografia","tag-fotografia-grupowa","tag-fotografia-okolicznosciowa","tag-franciszek-apolinarski","tag-franciszek-fengler","tag-garnitur","tag-grupa-ludzi","tag-i-wojna-swiatowa","tag-jan-ratajczak","tag-jan-rydlichowski","tag-kombatant","tag-leopold-starzenski","tag-medal","tag-mezczyzna","tag-mezczyzni","tag-nakrycie-glowy","tag-niepodleglosc","tag-odznaczenie","tag-okupacja","tag-poswiecenie-sztandaru","tag-powstanie-wielkopolskie","tag-powstaniec","tag-stroj-odswietny","tag-sztuka-teatralna","tag-tablica-pamiatkowa","tag-tematyka-historyczna","tag-tematyka-patriotyczna","tag-towarzystwo-powstancow-i-wojakow","tag-uroczystosc","tag-wladyslawa-przyjemska","tag-wojna-polsko-bolszewicka","tag-zniszczenie"],"yoast_head":"<!-- This site is optimized with the Yoast SEO plugin v27.5 - https:\/\/yoast.com\/product\/yoast-seo-wordpress\/ -->\n<title>Buk\u00f3wiec G\u00f3rny. Towarzystwo Powsta\u0144c\u00f3w i Wojak\u00f3w, oko\u0142o 1930 roku\u00a0 - Ludzie i krajobrazy. Powiat Leszczy\u0144ski w ikonografii<\/title>\n<meta name=\"robots\" content=\"index, follow, max-snippet:-1, max-image-preview:large, max-video-preview:-1\" \/>\n<link rel=\"canonical\" href=\"http:\/\/ludzieikrajobrazy.muzeumleszno.pl\/?p=235\" \/>\n<meta property=\"og:locale\" content=\"pl_PL\" \/>\n<meta property=\"og:type\" content=\"article\" \/>\n<meta property=\"og:title\" content=\"Buk\u00f3wiec G\u00f3rny. Towarzystwo Powsta\u0144c\u00f3w i Wojak\u00f3w, oko\u0142o 1930 roku\u00a0 - Ludzie i krajobrazy. Powiat Leszczy\u0144ski w ikonografii\" \/>\n<meta property=\"og:description\" content=\"Towarzystwo Powsta\u0144c\u00f3w i Wojak\u00f3w utworzono w Buk\u00f3wcu w 1922 roku. Cz\u0142onkami za\u0142o\u017cycielami byli: Franciszek Fengler (1874\u20131960) \u2013 prezes, Franciszek Apolinarski (1889\u20131977) \u2013 komendant, Jan Ratajczak \u2013 sekretarz i...\" \/>\n<meta property=\"og:url\" content=\"http:\/\/ludzieikrajobrazy.muzeumleszno.pl\/?p=235\" \/>\n<meta property=\"og:site_name\" content=\"Ludzie i krajobrazy. Powiat Leszczy\u0144ski w ikonografii\" \/>\n<meta property=\"article:published_time\" content=\"2024-07-29T09:55:17+00:00\" \/>\n<meta property=\"article:modified_time\" content=\"2024-09-18T09:04:39+00:00\" \/>\n<meta property=\"og:image\" content=\"http:\/\/ludzieikrajobrazy.muzeumleszno.pl\/wp-content\/uploads\/2024\/07\/15_B.6703-scaled.jpg\" \/>\n\t<meta property=\"og:image:width\" content=\"2560\" \/>\n\t<meta property=\"og:image:height\" content=\"1524\" \/>\n\t<meta property=\"og:image:type\" content=\"image\/jpeg\" \/>\n<meta name=\"author\" content=\"Pan_Admin\" \/>\n<meta name=\"twitter:card\" content=\"summary_large_image\" \/>\n<meta name=\"twitter:label1\" content=\"Napisane przez\" \/>\n\t<meta name=\"twitter:data1\" content=\"Pan_Admin\" \/>\n\t<meta name=\"twitter:label2\" content=\"Szacowany czas czytania\" \/>\n\t<meta name=\"twitter:data2\" content=\"2 minuty\" \/>\n<script type=\"application\/ld+json\" class=\"yoast-schema-graph\">{\"@context\":\"https:\\\/\\\/schema.org\",\"@graph\":[{\"@type\":\"Article\",\"@id\":\"http:\\\/\\\/ludzieikrajobrazy.muzeumleszno.pl\\\/?p=235#article\",\"isPartOf\":{\"@id\":\"http:\\\/\\\/ludzieikrajobrazy.muzeumleszno.pl\\\/?p=235\"},\"author\":{\"name\":\"Pan_Admin\",\"@id\":\"https:\\\/\\\/ludzieikrajobrazy.muzeumleszno.pl\\\/#\\\/schema\\\/person\\\/fc2bc20e2b51efc3202ac1f0cdcd06c0\"},\"headline\":\"Buk\u00f3wiec G\u00f3rny. Towarzystwo Powsta\u0144c\u00f3w i Wojak\u00f3w, oko\u0142o 1930 roku\u00a0\",\"datePublished\":\"2024-07-29T09:55:17+00:00\",\"dateModified\":\"2024-09-18T09:04:39+00:00\",\"mainEntityOfPage\":{\"@id\":\"http:\\\/\\\/ludzieikrajobrazy.muzeumleszno.pl\\\/?p=235\"},\"wordCount\":218,\"image\":{\"@id\":\"http:\\\/\\\/ludzieikrajobrazy.muzeumleszno.pl\\\/?p=235#primaryimage\"},\"thumbnailUrl\":\"http:\\\/\\\/ludzieikrajobrazy.muzeumleszno.pl\\\/wp-content\\\/uploads\\\/2024\\\/07\\\/15_B.6703-scaled.jpg\",\"keywords\":[\"\\\"Gwiazda Syberii\\\"\",\"\\\"Ko\u015bciuszko w Petersburgu\\\"\",\"\\\"Obrona Trembowli\\\"\",\"1930\",\"Adam Staszczyk\",\"architektura\",\"archiwum\",\"budownictwo murowane\",\"Buk\u00f3wiec\",\"Buk\u00f3wiec G\u00f3rny\",\"ceg\u0142a\",\"dokumentacja\",\"dokumenty\",\"drzewa\",\"fotografia\",\"fotografia grupowa\",\"fotografia okoliczno\u015bciowa\",\"Franciszek Apolinarski\",\"Franciszek Fengler\",\"garnitur\",\"grupa ludzi\",\"I Wojna \u015awiatowa\",\"Jan Ratajczak\",\"Jan Rydlichowski\",\"kombatant\",\"Leopold Starze\u0144ski\",\"medal\",\"m\u0119\u017cczyzna\",\"m\u0119\u017cczy\u017ani\",\"nakrycie g\u0142owy\",\"niepodleg\u0142o\u015b\u0107\",\"odznaczenie\",\"okupacja\",\"po\u015bwi\u0119cenie sztandaru\",\"powstanie wielkopolskie\",\"powstaniec\",\"str\u00f3j od\u015bwi\u0119tny\",\"sztuka teatralna\",\"tablica pami\u0105tkowa\",\"tematyka historyczna\",\"tematyka patriotyczna\",\"Towarzystwo Powsta\u0144c\u00f3w i Wojak\u00f3w\",\"uroczysto\u015b\u0107\",\"W\u0142adys\u0142awa Przyjemska\",\"wojna polsko-bolszewicka\",\"zniszczenie\"],\"articleSection\":[\"Buk\u00f3wiec G\u00f3rny\"],\"inLanguage\":\"pl-PL\"},{\"@type\":\"WebPage\",\"@id\":\"http:\\\/\\\/ludzieikrajobrazy.muzeumleszno.pl\\\/?p=235\",\"url\":\"http:\\\/\\\/ludzieikrajobrazy.muzeumleszno.pl\\\/?p=235\",\"name\":\"Buk\u00f3wiec G\u00f3rny. Towarzystwo Powsta\u0144c\u00f3w i Wojak\u00f3w, oko\u0142o 1930 roku\u00a0 - Ludzie i krajobrazy. Powiat Leszczy\u0144ski w ikonografii\",\"isPartOf\":{\"@id\":\"https:\\\/\\\/ludzieikrajobrazy.muzeumleszno.pl\\\/#website\"},\"primaryImageOfPage\":{\"@id\":\"http:\\\/\\\/ludzieikrajobrazy.muzeumleszno.pl\\\/?p=235#primaryimage\"},\"image\":{\"@id\":\"http:\\\/\\\/ludzieikrajobrazy.muzeumleszno.pl\\\/?p=235#primaryimage\"},\"thumbnailUrl\":\"http:\\\/\\\/ludzieikrajobrazy.muzeumleszno.pl\\\/wp-content\\\/uploads\\\/2024\\\/07\\\/15_B.6703-scaled.jpg\",\"datePublished\":\"2024-07-29T09:55:17+00:00\",\"dateModified\":\"2024-09-18T09:04:39+00:00\",\"author\":{\"@id\":\"https:\\\/\\\/ludzieikrajobrazy.muzeumleszno.pl\\\/#\\\/schema\\\/person\\\/fc2bc20e2b51efc3202ac1f0cdcd06c0\"},\"breadcrumb\":{\"@id\":\"http:\\\/\\\/ludzieikrajobrazy.muzeumleszno.pl\\\/?p=235#breadcrumb\"},\"inLanguage\":\"pl-PL\",\"potentialAction\":[{\"@type\":\"ReadAction\",\"target\":[\"http:\\\/\\\/ludzieikrajobrazy.muzeumleszno.pl\\\/?p=235\"]}]},{\"@type\":\"BreadcrumbList\",\"@id\":\"http:\\\/\\\/ludzieikrajobrazy.muzeumleszno.pl\\\/?p=235#breadcrumb\",\"itemListElement\":[{\"@type\":\"ListItem\",\"position\":1,\"name\":\"Home\",\"item\":\"https:\\\/\\\/ludzieikrajobrazy.muzeumleszno.pl\\\/\"},{\"@type\":\"ListItem\",\"position\":2,\"name\":\"Buk\u00f3wiec G\u00f3rny. Towarzystwo Powsta\u0144c\u00f3w i Wojak\u00f3w, oko\u0142o 1930 roku\u00a0\"}]},{\"@type\":\"WebSite\",\"@id\":\"https:\\\/\\\/ludzieikrajobrazy.muzeumleszno.pl\\\/#website\",\"url\":\"https:\\\/\\\/ludzieikrajobrazy.muzeumleszno.pl\\\/\",\"name\":\"Ludzie i krajobrazy. Powiat Leszczy\u0144ski w ikonografii\",\"description\":\"Powiat Leszczy\u0144ski w ikonografii\",\"potentialAction\":[{\"@type\":\"SearchAction\",\"target\":{\"@type\":\"EntryPoint\",\"urlTemplate\":\"https:\\\/\\\/ludzieikrajobrazy.muzeumleszno.pl\\\/?s={search_term_string}\"},\"query-input\":{\"@type\":\"PropertyValueSpecification\",\"valueRequired\":true,\"valueName\":\"search_term_string\"}}],\"inLanguage\":\"pl-PL\"},{\"@type\":\"Person\",\"@id\":\"https:\\\/\\\/ludzieikrajobrazy.muzeumleszno.pl\\\/#\\\/schema\\\/person\\\/fc2bc20e2b51efc3202ac1f0cdcd06c0\",\"name\":\"Pan_Admin\",\"image\":{\"@type\":\"ImageObject\",\"inLanguage\":\"pl-PL\",\"@id\":\"https:\\\/\\\/secure.gravatar.com\\\/avatar\\\/d109d485abe889ecc32dbdb971b715ad9d4596bd0e2353626451db3e04099822?s=96&d=mm&r=g\",\"url\":\"https:\\\/\\\/secure.gravatar.com\\\/avatar\\\/d109d485abe889ecc32dbdb971b715ad9d4596bd0e2353626451db3e04099822?s=96&d=mm&r=g\",\"contentUrl\":\"https:\\\/\\\/secure.gravatar.com\\\/avatar\\\/d109d485abe889ecc32dbdb971b715ad9d4596bd0e2353626451db3e04099822?s=96&d=mm&r=g\",\"caption\":\"Pan_Admin\"},\"sameAs\":[\"http:\\\/\\\/ludzieikrajobrazy.muzeumleszno.pl\"],\"url\":\"http:\\\/\\\/ludzieikrajobrazy.muzeumleszno.pl\\\/?author=1\"}]}<\/script>\n<!-- \/ Yoast SEO plugin. -->","yoast_head_json":{"title":"Buk\u00f3wiec G\u00f3rny. Towarzystwo Powsta\u0144c\u00f3w i Wojak\u00f3w, oko\u0142o 1930 roku\u00a0 - Ludzie i krajobrazy. Powiat Leszczy\u0144ski w ikonografii","robots":{"index":"index","follow":"follow","max-snippet":"max-snippet:-1","max-image-preview":"max-image-preview:large","max-video-preview":"max-video-preview:-1"},"canonical":"http:\/\/ludzieikrajobrazy.muzeumleszno.pl\/?p=235","og_locale":"pl_PL","og_type":"article","og_title":"Buk\u00f3wiec G\u00f3rny. Towarzystwo Powsta\u0144c\u00f3w i Wojak\u00f3w, oko\u0142o 1930 roku\u00a0 - Ludzie i krajobrazy. Powiat Leszczy\u0144ski w ikonografii","og_description":"Towarzystwo Powsta\u0144c\u00f3w i Wojak\u00f3w utworzono w Buk\u00f3wcu w 1922 roku. Cz\u0142onkami za\u0142o\u017cycielami byli: Franciszek Fengler (1874\u20131960) \u2013 prezes, Franciszek Apolinarski (1889\u20131977) \u2013 komendant, Jan Ratajczak \u2013 sekretarz i...","og_url":"http:\/\/ludzieikrajobrazy.muzeumleszno.pl\/?p=235","og_site_name":"Ludzie i krajobrazy. Powiat Leszczy\u0144ski w ikonografii","article_published_time":"2024-07-29T09:55:17+00:00","article_modified_time":"2024-09-18T09:04:39+00:00","og_image":[{"width":2560,"height":1524,"url":"http:\/\/ludzieikrajobrazy.muzeumleszno.pl\/wp-content\/uploads\/2024\/07\/15_B.6703-scaled.jpg","type":"image\/jpeg"}],"author":"Pan_Admin","twitter_card":"summary_large_image","twitter_misc":{"Napisane przez":"Pan_Admin","Szacowany czas czytania":"2 minuty"},"schema":{"@context":"https:\/\/schema.org","@graph":[{"@type":"Article","@id":"http:\/\/ludzieikrajobrazy.muzeumleszno.pl\/?p=235#article","isPartOf":{"@id":"http:\/\/ludzieikrajobrazy.muzeumleszno.pl\/?p=235"},"author":{"name":"Pan_Admin","@id":"https:\/\/ludzieikrajobrazy.muzeumleszno.pl\/#\/schema\/person\/fc2bc20e2b51efc3202ac1f0cdcd06c0"},"headline":"Buk\u00f3wiec G\u00f3rny. Towarzystwo Powsta\u0144c\u00f3w i Wojak\u00f3w, oko\u0142o 1930 roku\u00a0","datePublished":"2024-07-29T09:55:17+00:00","dateModified":"2024-09-18T09:04:39+00:00","mainEntityOfPage":{"@id":"http:\/\/ludzieikrajobrazy.muzeumleszno.pl\/?p=235"},"wordCount":218,"image":{"@id":"http:\/\/ludzieikrajobrazy.muzeumleszno.pl\/?p=235#primaryimage"},"thumbnailUrl":"http:\/\/ludzieikrajobrazy.muzeumleszno.pl\/wp-content\/uploads\/2024\/07\/15_B.6703-scaled.jpg","keywords":["\"Gwiazda Syberii\"","\"Ko\u015bciuszko w Petersburgu\"","\"Obrona Trembowli\"","1930","Adam Staszczyk","architektura","archiwum","budownictwo murowane","Buk\u00f3wiec","Buk\u00f3wiec G\u00f3rny","ceg\u0142a","dokumentacja","dokumenty","drzewa","fotografia","fotografia grupowa","fotografia okoliczno\u015bciowa","Franciszek Apolinarski","Franciszek Fengler","garnitur","grupa ludzi","I Wojna \u015awiatowa","Jan Ratajczak","Jan Rydlichowski","kombatant","Leopold Starze\u0144ski","medal","m\u0119\u017cczyzna","m\u0119\u017cczy\u017ani","nakrycie g\u0142owy","niepodleg\u0142o\u015b\u0107","odznaczenie","okupacja","po\u015bwi\u0119cenie sztandaru","powstanie wielkopolskie","powstaniec","str\u00f3j od\u015bwi\u0119tny","sztuka teatralna","tablica pami\u0105tkowa","tematyka historyczna","tematyka patriotyczna","Towarzystwo Powsta\u0144c\u00f3w i Wojak\u00f3w","uroczysto\u015b\u0107","W\u0142adys\u0142awa Przyjemska","wojna polsko-bolszewicka","zniszczenie"],"articleSection":["Buk\u00f3wiec G\u00f3rny"],"inLanguage":"pl-PL"},{"@type":"WebPage","@id":"http:\/\/ludzieikrajobrazy.muzeumleszno.pl\/?p=235","url":"http:\/\/ludzieikrajobrazy.muzeumleszno.pl\/?p=235","name":"Buk\u00f3wiec G\u00f3rny. Towarzystwo Powsta\u0144c\u00f3w i Wojak\u00f3w, oko\u0142o 1930 roku\u00a0 - Ludzie i krajobrazy. Powiat Leszczy\u0144ski w ikonografii","isPartOf":{"@id":"https:\/\/ludzieikrajobrazy.muzeumleszno.pl\/#website"},"primaryImageOfPage":{"@id":"http:\/\/ludzieikrajobrazy.muzeumleszno.pl\/?p=235#primaryimage"},"image":{"@id":"http:\/\/ludzieikrajobrazy.muzeumleszno.pl\/?p=235#primaryimage"},"thumbnailUrl":"http:\/\/ludzieikrajobrazy.muzeumleszno.pl\/wp-content\/uploads\/2024\/07\/15_B.6703-scaled.jpg","datePublished":"2024-07-29T09:55:17+00:00","dateModified":"2024-09-18T09:04:39+00:00","author":{"@id":"https:\/\/ludzieikrajobrazy.muzeumleszno.pl\/#\/schema\/person\/fc2bc20e2b51efc3202ac1f0cdcd06c0"},"breadcrumb":{"@id":"http:\/\/ludzieikrajobrazy.muzeumleszno.pl\/?p=235#breadcrumb"},"inLanguage":"pl-PL","potentialAction":[{"@type":"ReadAction","target":["http:\/\/ludzieikrajobrazy.muzeumleszno.pl\/?p=235"]}]},{"@type":"BreadcrumbList","@id":"http:\/\/ludzieikrajobrazy.muzeumleszno.pl\/?p=235#breadcrumb","itemListElement":[{"@type":"ListItem","position":1,"name":"Home","item":"https:\/\/ludzieikrajobrazy.muzeumleszno.pl\/"},{"@type":"ListItem","position":2,"name":"Buk\u00f3wiec G\u00f3rny. Towarzystwo Powsta\u0144c\u00f3w i Wojak\u00f3w, oko\u0142o 1930 roku\u00a0"}]},{"@type":"WebSite","@id":"https:\/\/ludzieikrajobrazy.muzeumleszno.pl\/#website","url":"https:\/\/ludzieikrajobrazy.muzeumleszno.pl\/","name":"Ludzie i krajobrazy. Powiat Leszczy\u0144ski w ikonografii","description":"Powiat Leszczy\u0144ski w ikonografii","potentialAction":[{"@type":"SearchAction","target":{"@type":"EntryPoint","urlTemplate":"https:\/\/ludzieikrajobrazy.muzeumleszno.pl\/?s={search_term_string}"},"query-input":{"@type":"PropertyValueSpecification","valueRequired":true,"valueName":"search_term_string"}}],"inLanguage":"pl-PL"},{"@type":"Person","@id":"https:\/\/ludzieikrajobrazy.muzeumleszno.pl\/#\/schema\/person\/fc2bc20e2b51efc3202ac1f0cdcd06c0","name":"Pan_Admin","image":{"@type":"ImageObject","inLanguage":"pl-PL","@id":"https:\/\/secure.gravatar.com\/avatar\/d109d485abe889ecc32dbdb971b715ad9d4596bd0e2353626451db3e04099822?s=96&d=mm&r=g","url":"https:\/\/secure.gravatar.com\/avatar\/d109d485abe889ecc32dbdb971b715ad9d4596bd0e2353626451db3e04099822?s=96&d=mm&r=g","contentUrl":"https:\/\/secure.gravatar.com\/avatar\/d109d485abe889ecc32dbdb971b715ad9d4596bd0e2353626451db3e04099822?s=96&d=mm&r=g","caption":"Pan_Admin"},"sameAs":["http:\/\/ludzieikrajobrazy.muzeumleszno.pl"],"url":"http:\/\/ludzieikrajobrazy.muzeumleszno.pl\/?author=1"}]}},"_links":{"self":[{"href":"http:\/\/ludzieikrajobrazy.muzeumleszno.pl\/index.php?rest_route=\/wp\/v2\/posts\/235","targetHints":{"allow":["GET"]}}],"collection":[{"href":"http:\/\/ludzieikrajobrazy.muzeumleszno.pl\/index.php?rest_route=\/wp\/v2\/posts"}],"about":[{"href":"http:\/\/ludzieikrajobrazy.muzeumleszno.pl\/index.php?rest_route=\/wp\/v2\/types\/post"}],"author":[{"embeddable":true,"href":"http:\/\/ludzieikrajobrazy.muzeumleszno.pl\/index.php?rest_route=\/wp\/v2\/users\/1"}],"replies":[{"embeddable":true,"href":"http:\/\/ludzieikrajobrazy.muzeumleszno.pl\/index.php?rest_route=%2Fwp%2Fv2%2Fcomments&post=235"}],"version-history":[{"count":3,"href":"http:\/\/ludzieikrajobrazy.muzeumleszno.pl\/index.php?rest_route=\/wp\/v2\/posts\/235\/revisions"}],"predecessor-version":[{"id":1156,"href":"http:\/\/ludzieikrajobrazy.muzeumleszno.pl\/index.php?rest_route=\/wp\/v2\/posts\/235\/revisions\/1156"}],"wp:featuredmedia":[{"embeddable":true,"href":"http:\/\/ludzieikrajobrazy.muzeumleszno.pl\/index.php?rest_route=\/wp\/v2\/media\/213"}],"wp:attachment":[{"href":"http:\/\/ludzieikrajobrazy.muzeumleszno.pl\/index.php?rest_route=%2Fwp%2Fv2%2Fmedia&parent=235"}],"wp:term":[{"taxonomy":"category","embeddable":true,"href":"http:\/\/ludzieikrajobrazy.muzeumleszno.pl\/index.php?rest_route=%2Fwp%2Fv2%2Fcategories&post=235"},{"taxonomy":"post_tag","embeddable":true,"href":"http:\/\/ludzieikrajobrazy.muzeumleszno.pl\/index.php?rest_route=%2Fwp%2Fv2%2Ftags&post=235"}],"curies":[{"name":"wp","href":"https:\/\/api.w.org\/{rel}","templated":true}]}}