{"id":238,"date":"2024-07-29T11:54:35","date_gmt":"2024-07-29T09:54:35","guid":{"rendered":"http:\/\/ludzieikrajobrazy.muzeumleszno.pl\/?p=238"},"modified":"2024-09-18T11:48:10","modified_gmt":"2024-09-18T09:48:10","slug":"bukowiec-gorny-katolickie-towarzystwo-robotnikow-polskich-przed-1939-rokiem","status":"publish","type":"post","link":"http:\/\/ludzieikrajobrazy.muzeumleszno.pl\/?p=238","title":{"rendered":"Buk\u00f3wiec G\u00f3rny. Katolickie Towarzystwo Robotnik\u00f3w Polskich, przed 1939 rokiem"},"content":{"rendered":"\n<p>Za\u0142o\u017cycielem oddzia\u0142u Towarzystwa by\u0142 proboszcz miejscowej parafii ks. Pawe\u0142 Kitzmann (1871\u20131914), a cz\u0142onkami powracaj\u0105cy do Buk\u00f3wca tzw. \u201ewestfalocy\u201d, czyli emigranci zarobkowi z Westfalii. Celem utworzonego w 1908 roku stowarzyszenia by\u0142o propagowanie akcji katolickiej w\u015br\u00f3d robotnik\u00f3w, krzewienie kultury i mowy polskiej oraz dzia\u0142alno\u015b\u0107 patriotyczna. Sporadycznie urz\u0105dzano wyk\u0142ady i pogadanki na tematy sadownicze. Organizacja by\u0142a jedn\u0105 z najliczniejszych w Buk\u00f3wcu i liczy\u0142a oko\u0142o 50\u201360 os\u00f3b, a zdarza\u0142o si\u0119, \u017ce nawet powy\u017cej 100. Jej wieloletnim prezesem by\u0142 Jan Apolinarski (1886\u20131952). Stowarzyszenie organizowa\u0142o zabawy taneczne i uroczy\u015bcie obchodzi\u0142o wszystkie rocznice swojego powstania. Z kasy stowarzyszenia op\u0142acano stypendia na utrzymanie w seminariach duchownych m\u0142odzie\u017cy z biednych ch\u0142opskich rodzin. Towarzystwo istnia\u0142o do 1939 roku.<\/p>\n\n\n\n<p>Na fotografii utrwalono zbiorowy portret kilkudziesi\u0119ciu cz\u0142onk\u00f3w Towarzystwa. W\u015br\u00f3d m\u0119\u017cczyzn w r\u00f3\u017cnym wieku siedzi ksi\u0105dz patron Ryszard Platz (1872-1954). Zdj\u0119cie wykonano najprawdopodobniej przed sal\u0105 Marcina Polocha (1872\u20131940). Raz w miesi\u0105cu odbywa\u0142y si\u0119 w niej zebrania Towarzystwa.&nbsp;<\/p>\n\n\n\n<figure data-wp-context=\"{&quot;imageId&quot;:&quot;69f1c687e50d1&quot;}\" data-wp-interactive=\"core\/image\" data-wp-key=\"69f1c687e50d1\" class=\"wp-block-image size-full wp-lightbox-container\"><img fetchpriority=\"high\" decoding=\"async\" width=\"2560\" height=\"1694\" data-wp-class--hide=\"state.isContentHidden\" data-wp-class--show=\"state.isContentVisible\" data-wp-init=\"callbacks.setButtonStyles\" data-wp-on--click=\"actions.showLightbox\" data-wp-on--load=\"callbacks.setButtonStyles\" data-wp-on-window--resize=\"callbacks.setButtonStyles\" src=\"http:\/\/ludzieikrajobrazy.muzeumleszno.pl\/wp-content\/uploads\/2024\/07\/16_B.6703-scaled.jpg\" alt=\"Buk\u00f3wiec G\u00f3rny. Katolickie Towarzystwo Robotnik\u00f3w Polskich, przed 1939 rokiem\" class=\"wp-image-212\" srcset=\"http:\/\/ludzieikrajobrazy.muzeumleszno.pl\/wp-content\/uploads\/2024\/07\/16_B.6703-scaled.jpg 2560w, http:\/\/ludzieikrajobrazy.muzeumleszno.pl\/wp-content\/uploads\/2024\/07\/16_B.6703-1536x1016.jpg 1536w, http:\/\/ludzieikrajobrazy.muzeumleszno.pl\/wp-content\/uploads\/2024\/07\/16_B.6703-2048x1355.jpg 2048w, http:\/\/ludzieikrajobrazy.muzeumleszno.pl\/wp-content\/uploads\/2024\/07\/16_B.6703-200x132.jpg 200w, http:\/\/ludzieikrajobrazy.muzeumleszno.pl\/wp-content\/uploads\/2024\/07\/16_B.6703-973x644.jpg 973w, http:\/\/ludzieikrajobrazy.muzeumleszno.pl\/wp-content\/uploads\/2024\/07\/16_B.6703-508x336.jpg 508w\" sizes=\"(max-width: 2560px) 100vw, 2560px\" \/><button\n\t\t\tclass=\"lightbox-trigger\"\n\t\t\ttype=\"button\"\n\t\t\taria-haspopup=\"dialog\"\n\t\t\taria-label=\"Powi\u0119ksz\"\n\t\t\tdata-wp-init=\"callbacks.initTriggerButton\"\n\t\t\tdata-wp-on--click=\"actions.showLightbox\"\n\t\t\tdata-wp-style--right=\"state.imageButtonRight\"\n\t\t\tdata-wp-style--top=\"state.imageButtonTop\"\n\t\t>\n\t\t\t<svg xmlns=\"http:\/\/www.w3.org\/2000\/svg\" width=\"12\" height=\"12\" fill=\"none\" viewBox=\"0 0 12 12\">\n\t\t\t\t<path fill=\"#fff\" d=\"M2 0a2 2 0 0 0-2 2v2h1.5V2a.5.5 0 0 1 .5-.5h2V0H2Zm2 10.5H2a.5.5 0 0 1-.5-.5V8H0v2a2 2 0 0 0 2 2h2v-1.5ZM8 12v-1.5h2a.5.5 0 0 0 .5-.5V8H12v2a2 2 0 0 1-2 2H8Zm2-12a2 2 0 0 1 2 2v2h-1.5V2a.5.5 0 0 0-.5-.5H8V0h2Z\" \/>\n\t\t\t<\/svg>\n\t\t<\/button><figcaption class=\"wp-element-caption\">Buk\u00f3wiec G\u00f3rny. Katolickie Towarzystwo Robotnik\u00f3w Polskich, przed 1939 rokiem\n<\/figcaption><\/figure>\n\n\n\n<p class=\"has-small-font-size\">nr inw. B.6703&nbsp;<br>W zbiorach Muzeum Okr\u0119gowego w Lesznie od 1994 roku, dar<\/p>\n\n\n\n<p>D.Cz.<\/p>\n\n\n\n<figure class=\"wp-block-embed is-type-video is-provider-youtube wp-block-embed-youtube wp-embed-aspect-16-9 wp-has-aspect-ratio\"><div class=\"wp-block-embed__wrapper\">\n<iframe title=\"Buko\u0301wiec Go\u0301rny  Katolickie Towarzystwo Robotniko\u0301w Polskich, przed 1939 rokiem\" width=\"620\" height=\"349\" src=\"https:\/\/www.youtube.com\/embed\/RYa5POqsb2E?feature=oembed\" frameborder=\"0\" allow=\"accelerometer; autoplay; clipboard-write; encrypted-media; gyroscope; picture-in-picture; web-share\" referrerpolicy=\"strict-origin-when-cross-origin\" allowfullscreen><\/iframe>\n<\/div><\/figure>\n","protected":false},"excerpt":{"rendered":"<p>Za\u0142o\u017cycielem oddzia\u0142u Towarzystwa by\u0142 proboszcz miejscowej parafii ks. Pawe\u0142 Kitzmann (1871\u20131914), a cz\u0142onkami powracaj\u0105cy do Buk\u00f3wca tzw. \u201ewestfalocy\u201d, czyli emigranci zarobkowi z Westfalii. Celem utworzonego w 1908 roku&#8230;<\/p>\n","protected":false},"author":1,"featured_media":212,"comment_status":"closed","ping_status":"closed","sticky":false,"template":"","format":"standard","meta":{"cybocfi_hide_featured_image":"yes","footnotes":""},"categories":[21],"tags":[378,165,22,400,520,736,1905,1895,1889,417,201,1525,247,1137,1664,1887,1892,1904,1079,796,1893,783,741,1888,1897,1251,1761,1899,1902,1578,1431,1901,1185,1900,212,1296,1567,250,1891,1446,1890,1896,784,1903],"class_list":["post-238","post","type-post","status-publish","format-standard","has-post-thumbnail","hentry","category-bukowiec-gorny","tag-architektura","tag-budownictwo-murowane","tag-bukowiec","tag-bukowiec-gorny","tag-dokumentacja","tag-drzewa","tag-drzwi","tag-dzialalnosc-patriotyczna","tag-emigrant","tag-fotografia","tag-fotografia-grupowa","tag-fotografia-okolicznosciowa","tag-garnitur","tag-grupa-ludzi","tag-jezyk-polski","tag-katolickie-towarzystwo-robotnikow-polskich","tag-kultura-polska","tag-marcin-poloch","tag-mezczyzna","tag-mezczyzni","tag-mowa-polska","tag-mucha","tag-patriotyzm","tag-pawel-kitzmann","tag-pogadanka","tag-powaga","tag-robotnik","tag-rocznica","tag-rodzina-chlopska","tag-ryszard-platz","tag-sala","tag-seminarium-duchowe","tag-stroj-odswietny","tag-stypendium","tag-sztandar","tag-tance","tag-ubostwo","tag-uroczystosc","tag-wartosci-katolickie","tag-was","tag-westfalia","tag-wyklad","tag-zabawa","tag-zebranie"],"yoast_head":"<!-- This site is optimized with the Yoast SEO plugin v27.5 - https:\/\/yoast.com\/product\/yoast-seo-wordpress\/ -->\n<title>Buk\u00f3wiec G\u00f3rny. Katolickie Towarzystwo Robotnik\u00f3w Polskich, przed 1939 rokiem - Ludzie i krajobrazy. Powiat Leszczy\u0144ski w ikonografii<\/title>\n<meta name=\"robots\" content=\"index, follow, max-snippet:-1, max-image-preview:large, max-video-preview:-1\" \/>\n<link rel=\"canonical\" href=\"http:\/\/ludzieikrajobrazy.muzeumleszno.pl\/?p=238\" \/>\n<meta property=\"og:locale\" content=\"pl_PL\" \/>\n<meta property=\"og:type\" content=\"article\" \/>\n<meta property=\"og:title\" content=\"Buk\u00f3wiec G\u00f3rny. Katolickie Towarzystwo Robotnik\u00f3w Polskich, przed 1939 rokiem - Ludzie i krajobrazy. Powiat Leszczy\u0144ski w ikonografii\" \/>\n<meta property=\"og:description\" content=\"Za\u0142o\u017cycielem oddzia\u0142u Towarzystwa by\u0142 proboszcz miejscowej parafii ks. Pawe\u0142 Kitzmann (1871\u20131914), a cz\u0142onkami powracaj\u0105cy do Buk\u00f3wca tzw. \u201ewestfalocy\u201d, czyli emigranci zarobkowi z Westfalii. Celem utworzonego w 1908 roku...\" \/>\n<meta property=\"og:url\" content=\"http:\/\/ludzieikrajobrazy.muzeumleszno.pl\/?p=238\" \/>\n<meta property=\"og:site_name\" content=\"Ludzie i krajobrazy. Powiat Leszczy\u0144ski w ikonografii\" \/>\n<meta property=\"article:published_time\" content=\"2024-07-29T09:54:35+00:00\" \/>\n<meta property=\"article:modified_time\" content=\"2024-09-18T09:48:10+00:00\" \/>\n<meta property=\"og:image\" content=\"http:\/\/ludzieikrajobrazy.muzeumleszno.pl\/wp-content\/uploads\/2024\/07\/16_B.6703-scaled.jpg\" \/>\n\t<meta property=\"og:image:width\" content=\"2560\" \/>\n\t<meta property=\"og:image:height\" content=\"1694\" \/>\n\t<meta property=\"og:image:type\" content=\"image\/jpeg\" \/>\n<meta name=\"author\" content=\"Pan_Admin\" \/>\n<meta name=\"twitter:card\" content=\"summary_large_image\" \/>\n<meta name=\"twitter:label1\" content=\"Napisane przez\" \/>\n\t<meta name=\"twitter:data1\" content=\"Pan_Admin\" \/>\n\t<meta name=\"twitter:label2\" content=\"Szacowany czas czytania\" \/>\n\t<meta name=\"twitter:data2\" content=\"2 minuty\" \/>\n<script type=\"application\/ld+json\" class=\"yoast-schema-graph\">{\"@context\":\"https:\\\/\\\/schema.org\",\"@graph\":[{\"@type\":\"Article\",\"@id\":\"http:\\\/\\\/ludzieikrajobrazy.muzeumleszno.pl\\\/?p=238#article\",\"isPartOf\":{\"@id\":\"http:\\\/\\\/ludzieikrajobrazy.muzeumleszno.pl\\\/?p=238\"},\"author\":{\"name\":\"Pan_Admin\",\"@id\":\"https:\\\/\\\/ludzieikrajobrazy.muzeumleszno.pl\\\/#\\\/schema\\\/person\\\/fc2bc20e2b51efc3202ac1f0cdcd06c0\"},\"headline\":\"Buk\u00f3wiec G\u00f3rny. Katolickie Towarzystwo Robotnik\u00f3w Polskich, przed 1939 rokiem\",\"datePublished\":\"2024-07-29T09:54:35+00:00\",\"dateModified\":\"2024-09-18T09:48:10+00:00\",\"mainEntityOfPage\":{\"@id\":\"http:\\\/\\\/ludzieikrajobrazy.muzeumleszno.pl\\\/?p=238\"},\"wordCount\":221,\"image\":{\"@id\":\"http:\\\/\\\/ludzieikrajobrazy.muzeumleszno.pl\\\/?p=238#primaryimage\"},\"thumbnailUrl\":\"http:\\\/\\\/ludzieikrajobrazy.muzeumleszno.pl\\\/wp-content\\\/uploads\\\/2024\\\/07\\\/16_B.6703-scaled.jpg\",\"keywords\":[\"architektura\",\"budownictwo murowane\",\"Buk\u00f3wiec\",\"Buk\u00f3wiec G\u00f3rny\",\"dokumentacja\",\"drzewa\",\"drzwi\",\"dzia\u0142alno\u015bc patriotyczna\",\"emigrant\",\"fotografia\",\"fotografia grupowa\",\"fotografia okoliczno\u015bciowa\",\"garnitur\",\"grupa ludzi\",\"j\u0119zyk polski\",\"Katolickie Towarzystwo Robotnik\u00f3w Polskich\",\"kultura polska\",\"Marcin Poloch\",\"m\u0119\u017cczyzna\",\"m\u0119\u017cczy\u017ani\",\"mowa polska\",\"mucha\",\"patriotyzm\",\"Pawe\u0142 Kitzmann\",\"pogadanka\",\"powaga\",\"robotnik\",\"rocznica\",\"rodzina ch\u0142opska\",\"Ryszard Platz\",\"sala\",\"seminarium duchowe\",\"str\u00f3j od\u015bwi\u0119tny\",\"stypendium\",\"sztandar\",\"ta\u0144ce\",\"ub\u00f3stwo\",\"uroczysto\u015b\u0107\",\"warto\u015bci katolickie\",\"w\u0105s\",\"Westfalia\",\"wyk\u0142ad\",\"zabawa\",\"zebranie\"],\"articleSection\":[\"Buk\u00f3wiec G\u00f3rny\"],\"inLanguage\":\"pl-PL\"},{\"@type\":\"WebPage\",\"@id\":\"http:\\\/\\\/ludzieikrajobrazy.muzeumleszno.pl\\\/?p=238\",\"url\":\"http:\\\/\\\/ludzieikrajobrazy.muzeumleszno.pl\\\/?p=238\",\"name\":\"Buk\u00f3wiec G\u00f3rny. Katolickie Towarzystwo Robotnik\u00f3w Polskich, przed 1939 rokiem - Ludzie i krajobrazy. Powiat Leszczy\u0144ski w ikonografii\",\"isPartOf\":{\"@id\":\"https:\\\/\\\/ludzieikrajobrazy.muzeumleszno.pl\\\/#website\"},\"primaryImageOfPage\":{\"@id\":\"http:\\\/\\\/ludzieikrajobrazy.muzeumleszno.pl\\\/?p=238#primaryimage\"},\"image\":{\"@id\":\"http:\\\/\\\/ludzieikrajobrazy.muzeumleszno.pl\\\/?p=238#primaryimage\"},\"thumbnailUrl\":\"http:\\\/\\\/ludzieikrajobrazy.muzeumleszno.pl\\\/wp-content\\\/uploads\\\/2024\\\/07\\\/16_B.6703-scaled.jpg\",\"datePublished\":\"2024-07-29T09:54:35+00:00\",\"dateModified\":\"2024-09-18T09:48:10+00:00\",\"author\":{\"@id\":\"https:\\\/\\\/ludzieikrajobrazy.muzeumleszno.pl\\\/#\\\/schema\\\/person\\\/fc2bc20e2b51efc3202ac1f0cdcd06c0\"},\"breadcrumb\":{\"@id\":\"http:\\\/\\\/ludzieikrajobrazy.muzeumleszno.pl\\\/?p=238#breadcrumb\"},\"inLanguage\":\"pl-PL\",\"potentialAction\":[{\"@type\":\"ReadAction\",\"target\":[\"http:\\\/\\\/ludzieikrajobrazy.muzeumleszno.pl\\\/?p=238\"]}]},{\"@type\":\"BreadcrumbList\",\"@id\":\"http:\\\/\\\/ludzieikrajobrazy.muzeumleszno.pl\\\/?p=238#breadcrumb\",\"itemListElement\":[{\"@type\":\"ListItem\",\"position\":1,\"name\":\"Home\",\"item\":\"https:\\\/\\\/ludzieikrajobrazy.muzeumleszno.pl\\\/\"},{\"@type\":\"ListItem\",\"position\":2,\"name\":\"Buk\u00f3wiec G\u00f3rny. Katolickie Towarzystwo Robotnik\u00f3w Polskich, przed 1939 rokiem\"}]},{\"@type\":\"WebSite\",\"@id\":\"https:\\\/\\\/ludzieikrajobrazy.muzeumleszno.pl\\\/#website\",\"url\":\"https:\\\/\\\/ludzieikrajobrazy.muzeumleszno.pl\\\/\",\"name\":\"Ludzie i krajobrazy. Powiat Leszczy\u0144ski w ikonografii\",\"description\":\"Powiat Leszczy\u0144ski w ikonografii\",\"potentialAction\":[{\"@type\":\"SearchAction\",\"target\":{\"@type\":\"EntryPoint\",\"urlTemplate\":\"https:\\\/\\\/ludzieikrajobrazy.muzeumleszno.pl\\\/?s={search_term_string}\"},\"query-input\":{\"@type\":\"PropertyValueSpecification\",\"valueRequired\":true,\"valueName\":\"search_term_string\"}}],\"inLanguage\":\"pl-PL\"},{\"@type\":\"Person\",\"@id\":\"https:\\\/\\\/ludzieikrajobrazy.muzeumleszno.pl\\\/#\\\/schema\\\/person\\\/fc2bc20e2b51efc3202ac1f0cdcd06c0\",\"name\":\"Pan_Admin\",\"image\":{\"@type\":\"ImageObject\",\"inLanguage\":\"pl-PL\",\"@id\":\"https:\\\/\\\/secure.gravatar.com\\\/avatar\\\/d109d485abe889ecc32dbdb971b715ad9d4596bd0e2353626451db3e04099822?s=96&d=mm&r=g\",\"url\":\"https:\\\/\\\/secure.gravatar.com\\\/avatar\\\/d109d485abe889ecc32dbdb971b715ad9d4596bd0e2353626451db3e04099822?s=96&d=mm&r=g\",\"contentUrl\":\"https:\\\/\\\/secure.gravatar.com\\\/avatar\\\/d109d485abe889ecc32dbdb971b715ad9d4596bd0e2353626451db3e04099822?s=96&d=mm&r=g\",\"caption\":\"Pan_Admin\"},\"sameAs\":[\"http:\\\/\\\/ludzieikrajobrazy.muzeumleszno.pl\"],\"url\":\"http:\\\/\\\/ludzieikrajobrazy.muzeumleszno.pl\\\/?author=1\"}]}<\/script>\n<!-- \/ Yoast SEO plugin. -->","yoast_head_json":{"title":"Buk\u00f3wiec G\u00f3rny. Katolickie Towarzystwo Robotnik\u00f3w Polskich, przed 1939 rokiem - Ludzie i krajobrazy. Powiat Leszczy\u0144ski w ikonografii","robots":{"index":"index","follow":"follow","max-snippet":"max-snippet:-1","max-image-preview":"max-image-preview:large","max-video-preview":"max-video-preview:-1"},"canonical":"http:\/\/ludzieikrajobrazy.muzeumleszno.pl\/?p=238","og_locale":"pl_PL","og_type":"article","og_title":"Buk\u00f3wiec G\u00f3rny. Katolickie Towarzystwo Robotnik\u00f3w Polskich, przed 1939 rokiem - Ludzie i krajobrazy. Powiat Leszczy\u0144ski w ikonografii","og_description":"Za\u0142o\u017cycielem oddzia\u0142u Towarzystwa by\u0142 proboszcz miejscowej parafii ks. Pawe\u0142 Kitzmann (1871\u20131914), a cz\u0142onkami powracaj\u0105cy do Buk\u00f3wca tzw. \u201ewestfalocy\u201d, czyli emigranci zarobkowi z Westfalii. Celem utworzonego w 1908 roku...","og_url":"http:\/\/ludzieikrajobrazy.muzeumleszno.pl\/?p=238","og_site_name":"Ludzie i krajobrazy. Powiat Leszczy\u0144ski w ikonografii","article_published_time":"2024-07-29T09:54:35+00:00","article_modified_time":"2024-09-18T09:48:10+00:00","og_image":[{"width":2560,"height":1694,"url":"http:\/\/ludzieikrajobrazy.muzeumleszno.pl\/wp-content\/uploads\/2024\/07\/16_B.6703-scaled.jpg","type":"image\/jpeg"}],"author":"Pan_Admin","twitter_card":"summary_large_image","twitter_misc":{"Napisane przez":"Pan_Admin","Szacowany czas czytania":"2 minuty"},"schema":{"@context":"https:\/\/schema.org","@graph":[{"@type":"Article","@id":"http:\/\/ludzieikrajobrazy.muzeumleszno.pl\/?p=238#article","isPartOf":{"@id":"http:\/\/ludzieikrajobrazy.muzeumleszno.pl\/?p=238"},"author":{"name":"Pan_Admin","@id":"https:\/\/ludzieikrajobrazy.muzeumleszno.pl\/#\/schema\/person\/fc2bc20e2b51efc3202ac1f0cdcd06c0"},"headline":"Buk\u00f3wiec G\u00f3rny. Katolickie Towarzystwo Robotnik\u00f3w Polskich, przed 1939 rokiem","datePublished":"2024-07-29T09:54:35+00:00","dateModified":"2024-09-18T09:48:10+00:00","mainEntityOfPage":{"@id":"http:\/\/ludzieikrajobrazy.muzeumleszno.pl\/?p=238"},"wordCount":221,"image":{"@id":"http:\/\/ludzieikrajobrazy.muzeumleszno.pl\/?p=238#primaryimage"},"thumbnailUrl":"http:\/\/ludzieikrajobrazy.muzeumleszno.pl\/wp-content\/uploads\/2024\/07\/16_B.6703-scaled.jpg","keywords":["architektura","budownictwo murowane","Buk\u00f3wiec","Buk\u00f3wiec G\u00f3rny","dokumentacja","drzewa","drzwi","dzia\u0142alno\u015bc patriotyczna","emigrant","fotografia","fotografia grupowa","fotografia okoliczno\u015bciowa","garnitur","grupa ludzi","j\u0119zyk polski","Katolickie Towarzystwo Robotnik\u00f3w Polskich","kultura polska","Marcin Poloch","m\u0119\u017cczyzna","m\u0119\u017cczy\u017ani","mowa polska","mucha","patriotyzm","Pawe\u0142 Kitzmann","pogadanka","powaga","robotnik","rocznica","rodzina ch\u0142opska","Ryszard Platz","sala","seminarium duchowe","str\u00f3j od\u015bwi\u0119tny","stypendium","sztandar","ta\u0144ce","ub\u00f3stwo","uroczysto\u015b\u0107","warto\u015bci katolickie","w\u0105s","Westfalia","wyk\u0142ad","zabawa","zebranie"],"articleSection":["Buk\u00f3wiec G\u00f3rny"],"inLanguage":"pl-PL"},{"@type":"WebPage","@id":"http:\/\/ludzieikrajobrazy.muzeumleszno.pl\/?p=238","url":"http:\/\/ludzieikrajobrazy.muzeumleszno.pl\/?p=238","name":"Buk\u00f3wiec G\u00f3rny. Katolickie Towarzystwo Robotnik\u00f3w Polskich, przed 1939 rokiem - Ludzie i krajobrazy. Powiat Leszczy\u0144ski w ikonografii","isPartOf":{"@id":"https:\/\/ludzieikrajobrazy.muzeumleszno.pl\/#website"},"primaryImageOfPage":{"@id":"http:\/\/ludzieikrajobrazy.muzeumleszno.pl\/?p=238#primaryimage"},"image":{"@id":"http:\/\/ludzieikrajobrazy.muzeumleszno.pl\/?p=238#primaryimage"},"thumbnailUrl":"http:\/\/ludzieikrajobrazy.muzeumleszno.pl\/wp-content\/uploads\/2024\/07\/16_B.6703-scaled.jpg","datePublished":"2024-07-29T09:54:35+00:00","dateModified":"2024-09-18T09:48:10+00:00","author":{"@id":"https:\/\/ludzieikrajobrazy.muzeumleszno.pl\/#\/schema\/person\/fc2bc20e2b51efc3202ac1f0cdcd06c0"},"breadcrumb":{"@id":"http:\/\/ludzieikrajobrazy.muzeumleszno.pl\/?p=238#breadcrumb"},"inLanguage":"pl-PL","potentialAction":[{"@type":"ReadAction","target":["http:\/\/ludzieikrajobrazy.muzeumleszno.pl\/?p=238"]}]},{"@type":"BreadcrumbList","@id":"http:\/\/ludzieikrajobrazy.muzeumleszno.pl\/?p=238#breadcrumb","itemListElement":[{"@type":"ListItem","position":1,"name":"Home","item":"https:\/\/ludzieikrajobrazy.muzeumleszno.pl\/"},{"@type":"ListItem","position":2,"name":"Buk\u00f3wiec G\u00f3rny. Katolickie Towarzystwo Robotnik\u00f3w Polskich, przed 1939 rokiem"}]},{"@type":"WebSite","@id":"https:\/\/ludzieikrajobrazy.muzeumleszno.pl\/#website","url":"https:\/\/ludzieikrajobrazy.muzeumleszno.pl\/","name":"Ludzie i krajobrazy. Powiat Leszczy\u0144ski w ikonografii","description":"Powiat Leszczy\u0144ski w ikonografii","potentialAction":[{"@type":"SearchAction","target":{"@type":"EntryPoint","urlTemplate":"https:\/\/ludzieikrajobrazy.muzeumleszno.pl\/?s={search_term_string}"},"query-input":{"@type":"PropertyValueSpecification","valueRequired":true,"valueName":"search_term_string"}}],"inLanguage":"pl-PL"},{"@type":"Person","@id":"https:\/\/ludzieikrajobrazy.muzeumleszno.pl\/#\/schema\/person\/fc2bc20e2b51efc3202ac1f0cdcd06c0","name":"Pan_Admin","image":{"@type":"ImageObject","inLanguage":"pl-PL","@id":"https:\/\/secure.gravatar.com\/avatar\/d109d485abe889ecc32dbdb971b715ad9d4596bd0e2353626451db3e04099822?s=96&d=mm&r=g","url":"https:\/\/secure.gravatar.com\/avatar\/d109d485abe889ecc32dbdb971b715ad9d4596bd0e2353626451db3e04099822?s=96&d=mm&r=g","contentUrl":"https:\/\/secure.gravatar.com\/avatar\/d109d485abe889ecc32dbdb971b715ad9d4596bd0e2353626451db3e04099822?s=96&d=mm&r=g","caption":"Pan_Admin"},"sameAs":["http:\/\/ludzieikrajobrazy.muzeumleszno.pl"],"url":"http:\/\/ludzieikrajobrazy.muzeumleszno.pl\/?author=1"}]}},"_links":{"self":[{"href":"http:\/\/ludzieikrajobrazy.muzeumleszno.pl\/index.php?rest_route=\/wp\/v2\/posts\/238","targetHints":{"allow":["GET"]}}],"collection":[{"href":"http:\/\/ludzieikrajobrazy.muzeumleszno.pl\/index.php?rest_route=\/wp\/v2\/posts"}],"about":[{"href":"http:\/\/ludzieikrajobrazy.muzeumleszno.pl\/index.php?rest_route=\/wp\/v2\/types\/post"}],"author":[{"embeddable":true,"href":"http:\/\/ludzieikrajobrazy.muzeumleszno.pl\/index.php?rest_route=\/wp\/v2\/users\/1"}],"replies":[{"embeddable":true,"href":"http:\/\/ludzieikrajobrazy.muzeumleszno.pl\/index.php?rest_route=%2Fwp%2Fv2%2Fcomments&post=238"}],"version-history":[{"count":2,"href":"http:\/\/ludzieikrajobrazy.muzeumleszno.pl\/index.php?rest_route=\/wp\/v2\/posts\/238\/revisions"}],"predecessor-version":[{"id":1157,"href":"http:\/\/ludzieikrajobrazy.muzeumleszno.pl\/index.php?rest_route=\/wp\/v2\/posts\/238\/revisions\/1157"}],"wp:featuredmedia":[{"embeddable":true,"href":"http:\/\/ludzieikrajobrazy.muzeumleszno.pl\/index.php?rest_route=\/wp\/v2\/media\/212"}],"wp:attachment":[{"href":"http:\/\/ludzieikrajobrazy.muzeumleszno.pl\/index.php?rest_route=%2Fwp%2Fv2%2Fmedia&parent=238"}],"wp:term":[{"taxonomy":"category","embeddable":true,"href":"http:\/\/ludzieikrajobrazy.muzeumleszno.pl\/index.php?rest_route=%2Fwp%2Fv2%2Fcategories&post=238"},{"taxonomy":"post_tag","embeddable":true,"href":"http:\/\/ludzieikrajobrazy.muzeumleszno.pl\/index.php?rest_route=%2Fwp%2Fv2%2Ftags&post=238"}],"curies":[{"name":"wp","href":"https:\/\/api.w.org\/{rel}","templated":true}]}}