{"id":245,"date":"2024-07-28T11:59:35","date_gmt":"2024-07-28T09:59:35","guid":{"rendered":"http:\/\/ludzieikrajobrazy.muzeumleszno.pl\/?p=245"},"modified":"2024-09-18T12:23:48","modified_gmt":"2024-09-18T10:23:48","slug":"dabcze-pocztowka-wielotematyczna-1912-rok-bytom-odrzanski-photographie-und-verlag-m-goebel","status":"publish","type":"post","link":"http:\/\/ludzieikrajobrazy.muzeumleszno.pl\/?p=245","title":{"rendered":"D\u0105bcze. Poczt\u00f3wka wielotematyczna, 1912 rok, Bytom Odrza\u0144ski, Photographie und Verlag M. Goebel"},"content":{"rendered":"\n<p>Poczt\u00f3wka adresowana do Elsy Wittke z Charottenburga. Datowana: D\u0105bcze, 30.07.1912.<\/p>\n\n\n\n<p><em>Droga c\u00f3rko! Dotarli\u015bmy tu bezpiecznie ju\u017c wyruszamy w drog\u0119 do Rydzyny. Serdeczne pozdrowienia! Pozdrawiamy r\u00f3wnie\u017c wujka i cioci\u0119. Twoi rodzice.&nbsp;<\/em><\/p>\n\n\n\n<p>Szachulcowy ko\u015bci\u00f3\u0142 pw. \u015bw. Katarzyny Aleksandryjskiej stanowi najcenniejszy zabytek w D\u0105bczu. We wn\u0119trzu \u015bwi\u0105tyni umieszczono pochodz\u0105c\u0105 z ko\u015bcio\u0142a w K\u0142odzie rokokow\u0105 ambon\u0119, by\u0107 mo\u017ce dzie\u0142o \u015bl\u0105skiego rze\u017abiarza Christiana Grunewalda (1700\u2013po 1771) i wczesnobarokow\u0105 chrzcielnic\u0119 przeniesion\u0105 z Bojanowa. O\u0142tarz g\u0142\u00f3wny ufundowano w 1591 roku.&nbsp;<\/p>\n\n\n\n<p>Karczma w D\u0105bczu istnia\u0142a ju\u017c w XVI wieku. Potwierdzaj\u0105 to rejestry podatkowe z 1566 roku. Ober\u017ca widoczna na poczt\u00f3wce nale\u017ca\u0142a do Augusta Scheibe i jak wiele jej podobnych \u0142\u0105czy\u0142a funkcje publiczne \u2013 wyszynk i sal\u0119 zabaw, z prywatnymi \u2013 mieszkanie w\u0142a\u015bciciela.&nbsp;<\/p>\n\n\n\n<p>Szko\u0142a w D\u0105bczu mia\u0142a najcz\u0119\u015bciej na etacie tylko jednego nauczyciela. Kierowa\u0142 on plac\u00f3wk\u0105 i uczy\u0142 dzieci wszystkich przedmiot\u00f3w. Po 1920 roku uczniowie podzieleni zostali na dwa oddzia\u0142y: niemiecki i polski, a w 1925 roku utworzono dwuklasow\u0105 szko\u0142\u0119 z polskim j\u0119zykiem wyk\u0142adowym.&nbsp;<\/p>\n\n\n\n<p>Folwark w D\u0105bczu gospodarowa\u0142 na ponad 1700 hektarach grunt\u00f3w. Dla jego prawid\u0142owego funkcjonowania, poza rz\u0105dc\u0105 i oficjalistami, potrzebna by\u0142a rzesza pracownik\u00f3w \u2013 robotnik\u00f3w rolnych i wykwalifikowanych rzemie\u015blnik\u00f3w: kowali, stelmach\u00f3w, mechanik\u00f3w. Za wykonywan\u0105 prac\u0119 pobierali wynagrodzenie w naturaliach oraz w pieni\u0105dzach. Do naturali\u00f3w zaliczano ziemi\u0119 pod upraw\u0119 ziemniak\u00f3w i warzyw, opa\u0142 oraz utrzymanie w\u0142asnych kr\u00f3w.&nbsp;<\/p>\n\n\n\n<figure data-wp-context=\"{&quot;imageId&quot;:&quot;69f1cde171db1&quot;}\" data-wp-interactive=\"core\/image\" data-wp-key=\"69f1cde171db1\" class=\"wp-block-image size-full wp-lightbox-container\"><img fetchpriority=\"high\" decoding=\"async\" width=\"2560\" height=\"1687\" data-wp-class--hide=\"state.isContentHidden\" data-wp-class--show=\"state.isContentVisible\" data-wp-init=\"callbacks.setButtonStyles\" data-wp-on--click=\"actions.showLightbox\" data-wp-on--load=\"callbacks.setButtonStyles\" data-wp-on-window--resize=\"callbacks.setButtonStyles\" src=\"http:\/\/ludzieikrajobrazy.muzeumleszno.pl\/wp-content\/uploads\/2024\/07\/18_MLH-4636-scaled.jpg\" alt=\"Poczt\u00f3wka - Gruss aus Dambitsch bei Reisen i. Posen\" class=\"wp-image-246\" srcset=\"http:\/\/ludzieikrajobrazy.muzeumleszno.pl\/wp-content\/uploads\/2024\/07\/18_MLH-4636-scaled.jpg 2560w, http:\/\/ludzieikrajobrazy.muzeumleszno.pl\/wp-content\/uploads\/2024\/07\/18_MLH-4636-1536x1012.jpg 1536w, http:\/\/ludzieikrajobrazy.muzeumleszno.pl\/wp-content\/uploads\/2024\/07\/18_MLH-4636-2048x1350.jpg 2048w, http:\/\/ludzieikrajobrazy.muzeumleszno.pl\/wp-content\/uploads\/2024\/07\/18_MLH-4636-200x132.jpg 200w, http:\/\/ludzieikrajobrazy.muzeumleszno.pl\/wp-content\/uploads\/2024\/07\/18_MLH-4636-973x641.jpg 973w, http:\/\/ludzieikrajobrazy.muzeumleszno.pl\/wp-content\/uploads\/2024\/07\/18_MLH-4636-508x335.jpg 508w\" sizes=\"(max-width: 2560px) 100vw, 2560px\" \/><button\n\t\t\tclass=\"lightbox-trigger\"\n\t\t\ttype=\"button\"\n\t\t\taria-haspopup=\"dialog\"\n\t\t\taria-label=\"Powi\u0119ksz\"\n\t\t\tdata-wp-init=\"callbacks.initTriggerButton\"\n\t\t\tdata-wp-on--click=\"actions.showLightbox\"\n\t\t\tdata-wp-style--right=\"state.imageButtonRight\"\n\t\t\tdata-wp-style--top=\"state.imageButtonTop\"\n\t\t>\n\t\t\t<svg xmlns=\"http:\/\/www.w3.org\/2000\/svg\" width=\"12\" height=\"12\" fill=\"none\" viewBox=\"0 0 12 12\">\n\t\t\t\t<path fill=\"#fff\" d=\"M2 0a2 2 0 0 0-2 2v2h1.5V2a.5.5 0 0 1 .5-.5h2V0H2Zm2 10.5H2a.5.5 0 0 1-.5-.5V8H0v2a2 2 0 0 0 2 2h2v-1.5ZM8 12v-1.5h2a.5.5 0 0 0 .5-.5V8H12v2a2 2 0 0 1-2 2H8Zm2-12a2 2 0 0 1 2 2v2h-1.5V2a.5.5 0 0 0-.5-.5H8V0h2Z\" \/>\n\t\t\t<\/svg>\n\t\t<\/button><figcaption class=\"wp-element-caption\">Poczt\u00f3wka &#8211; Gruss aus Dambitsch bei Reisen i. Posen. wys. 9 cm x szer. 13,8 cm; papier, druk; M. Goebel, 1912 rok; Muzeum Okr\u0119gowe w Lesznie; MLH4636<\/figcaption><\/figure>\n\n\n\n<p class=\"has-small-font-size\">nr inw. MLH 4636<br>W zbiorach Muzeum Okr\u0119gowego w Lesznie od 2007 roku, zakup<\/p>\n\n\n\n<p>D.Cz.<\/p>\n\n\n\n<figure class=\"wp-block-embed is-type-video is-provider-youtube wp-block-embed-youtube wp-embed-aspect-16-9 wp-has-aspect-ratio\"><div class=\"wp-block-embed__wrapper\">\n<iframe title=\"Da\u0328bcze  Poczto\u0301wka wielotematyczna, 1912 rok, Bytom Odrzan\u0301ski, Photographie und Verlag M  Goebel\" width=\"620\" height=\"349\" src=\"https:\/\/www.youtube.com\/embed\/ZB5-UzIaKjg?feature=oembed\" frameborder=\"0\" allow=\"accelerometer; autoplay; clipboard-write; encrypted-media; gyroscope; picture-in-picture; web-share\" referrerpolicy=\"strict-origin-when-cross-origin\" allowfullscreen><\/iframe>\n<\/div><\/figure>\n","protected":false},"excerpt":{"rendered":"<p>Poczt\u00f3wka adresowana do Elsy Wittke z Charottenburga. Datowana: D\u0105bcze, 30.07.1912. Droga c\u00f3rko! Dotarli\u015bmy tu bezpiecznie ju\u017c wyruszamy w drog\u0119 do Rydzyny. Serdeczne pozdrowienia! Pozdrawiamy r\u00f3wnie\u017c wujka i cioci\u0119&#8230;.<\/p>\n","protected":false},"author":1,"featured_media":246,"comment_status":"closed","ping_status":"closed","sticky":false,"template":"","format":"standard","meta":{"cybocfi_hide_featured_image":"yes","footnotes":""},"categories":[23],"tags":[208,1802,1808,165,140,1797,1803,1805,24,1271,598,736,447,1799,991,1809,413,1816,1137,1664,1806,1801,1818,407,1820,1812,1821,1695,619,1813,1814,626,984,365,1807,422,1688,1817,630,1811,1819,661,1800,82,1815,1798,1823,1804,1810,1822,1824],"class_list":["post-245","post","type-post","status-publish","format-standard","has-post-thumbnail","hentry","category-dabcze","tag-208","tag-ambona","tag-august-scheibe","tag-budownictwo-murowane","tag-budynek-sakralny","tag-bytom-odrzanski","tag-christian-grunewald","tag-chrzcielnica","tag-dabcze","tag-dach","tag-droga","tag-drzewa","tag-edukacja","tag-elsa-wittke","tag-folwark","tag-funkcje-publiczne","tag-gospodarstwo","tag-grunt","tag-grupa-ludzi","tag-jezyk-polski","tag-karczma","tag-katarzyna-alekandryjska","tag-kowal","tag-krajobraz","tag-mechanik","tag-mieszkanie","tag-naturalia","tag-nauka","tag-oberza","tag-oddzial-niemiecki","tag-oddzial-polski","tag-oltarz-glowny","tag-plot","tag-pocztowka-wielotematyczna","tag-rejestr-podatkowy","tag-rokoko","tag-rolnik","tag-rzemieslnik","tag-rzezbiarz","tag-sala-zabaw","tag-stelmach","tag-swiatynia","tag-szachulcowy-kosciol-pod-wezwaniem-sw-katarzyny","tag-szkola","tag-szkola-dwuklasowa","tag-verlag-m-goebel","tag-warzywa","tag-wczesny-barok","tag-wyszynk","tag-ziemia-uprawna","tag-ziemniaki"],"yoast_head":"<!-- This site is optimized with the Yoast SEO plugin v27.5 - https:\/\/yoast.com\/product\/yoast-seo-wordpress\/ -->\n<title>D\u0105bcze. Poczt\u00f3wka wielotematyczna, 1912 rok, Bytom Odrza\u0144ski, Photographie und Verlag M. Goebel - Ludzie i krajobrazy. Powiat Leszczy\u0144ski w ikonografii<\/title>\n<meta name=\"robots\" content=\"index, follow, max-snippet:-1, max-image-preview:large, max-video-preview:-1\" \/>\n<link rel=\"canonical\" href=\"https:\/\/ludzieikrajobrazy.muzeumleszno.pl\/?p=245\" \/>\n<meta property=\"og:locale\" content=\"pl_PL\" \/>\n<meta property=\"og:type\" content=\"article\" \/>\n<meta property=\"og:title\" content=\"D\u0105bcze. Poczt\u00f3wka wielotematyczna, 1912 rok, Bytom Odrza\u0144ski, Photographie und Verlag M. Goebel - Ludzie i krajobrazy. Powiat Leszczy\u0144ski w ikonografii\" \/>\n<meta property=\"og:description\" content=\"Poczt\u00f3wka adresowana do Elsy Wittke z Charottenburga. Datowana: D\u0105bcze, 30.07.1912. Droga c\u00f3rko! Dotarli\u015bmy tu bezpiecznie ju\u017c wyruszamy w drog\u0119 do Rydzyny. Serdeczne pozdrowienia! Pozdrawiamy r\u00f3wnie\u017c wujka i cioci\u0119....\" \/>\n<meta property=\"og:url\" content=\"https:\/\/ludzieikrajobrazy.muzeumleszno.pl\/?p=245\" \/>\n<meta property=\"og:site_name\" content=\"Ludzie i krajobrazy. Powiat Leszczy\u0144ski w ikonografii\" \/>\n<meta property=\"article:published_time\" content=\"2024-07-28T09:59:35+00:00\" \/>\n<meta property=\"article:modified_time\" content=\"2024-09-18T10:23:48+00:00\" \/>\n<meta property=\"og:image\" content=\"https:\/\/ludzieikrajobrazy.muzeumleszno.pl\/wp-content\/uploads\/2024\/07\/18_MLH-4636-scaled.jpg\" \/>\n\t<meta property=\"og:image:width\" content=\"2560\" \/>\n\t<meta property=\"og:image:height\" content=\"1687\" \/>\n\t<meta property=\"og:image:type\" content=\"image\/jpeg\" \/>\n<meta name=\"author\" content=\"Pan_Admin\" \/>\n<meta name=\"twitter:card\" content=\"summary_large_image\" \/>\n<meta name=\"twitter:label1\" content=\"Napisane przez\" \/>\n\t<meta name=\"twitter:data1\" content=\"Pan_Admin\" \/>\n\t<meta name=\"twitter:label2\" content=\"Szacowany czas czytania\" \/>\n\t<meta name=\"twitter:data2\" content=\"2 minuty\" \/>\n<script type=\"application\/ld+json\" class=\"yoast-schema-graph\">{\"@context\":\"https:\\\/\\\/schema.org\",\"@graph\":[{\"@type\":\"Article\",\"@id\":\"https:\\\/\\\/ludzieikrajobrazy.muzeumleszno.pl\\\/?p=245#article\",\"isPartOf\":{\"@id\":\"https:\\\/\\\/ludzieikrajobrazy.muzeumleszno.pl\\\/?p=245\"},\"author\":{\"name\":\"Pan_Admin\",\"@id\":\"https:\\\/\\\/ludzieikrajobrazy.muzeumleszno.pl\\\/#\\\/schema\\\/person\\\/fc2bc20e2b51efc3202ac1f0cdcd06c0\"},\"headline\":\"D\u0105bcze. Poczt\u00f3wka wielotematyczna, 1912 rok, Bytom Odrza\u0144ski, Photographie und Verlag M. Goebel\",\"datePublished\":\"2024-07-28T09:59:35+00:00\",\"dateModified\":\"2024-09-18T10:23:48+00:00\",\"mainEntityOfPage\":{\"@id\":\"https:\\\/\\\/ludzieikrajobrazy.muzeumleszno.pl\\\/?p=245\"},\"wordCount\":317,\"image\":{\"@id\":\"https:\\\/\\\/ludzieikrajobrazy.muzeumleszno.pl\\\/?p=245#primaryimage\"},\"thumbnailUrl\":\"http:\\\/\\\/ludzieikrajobrazy.muzeumleszno.pl\\\/wp-content\\\/uploads\\\/2024\\\/07\\\/18_MLH-4636-scaled.jpg\",\"keywords\":[\"1912\",\"ambona\",\"August Scheibe\",\"budownictwo murowane\",\"budynek sakralny\",\"Bytom Odrza\u0144ski\",\"Christian Grunewald\",\"chrzcielnica\",\"D\u0105bcze\",\"dach\",\"droga\",\"drzewa\",\"edukacja\",\"Elsa Wittke\",\"folwark\",\"funkcje publiczne\",\"gospodarstwo\",\"grunt\",\"grupa ludzi\",\"j\u0119zyk polski\",\"karczma\",\"Katarzyna Alekandryjska\",\"kowal\",\"krajobraz\",\"mechanik\",\"mieszkanie\",\"naturalia\",\"nauka\",\"ober\u017ca\",\"oddzia\u0142 niemiecki\",\"oddzia\u0142 polski\",\"o\u0142tarz g\u0142\u00f3wny\",\"p\u0142ot\",\"poczt\u00f3wka wielotematyczna\",\"rejestr podatkowy\",\"rokoko\",\"rolnik\",\"rzemie\u015blnik\",\"rze\u017abiarz\",\"sala zabaw\",\"stelmach\",\"\u015bwiatynia\",\"szachulcowy ko\u015bci\u00f3\u0142 pod wezwaniem \u015aw. Katarzyny\",\"szko\u0142a\",\"szko\u0142a dwuklasowa\",\"Verlag M. Goebel\",\"warzywa\",\"wczesny barok\",\"wyszynk\",\"ziemia uprawna\",\"ziemniaki\"],\"articleSection\":[\"D\u0105bcze\"],\"inLanguage\":\"pl-PL\"},{\"@type\":\"WebPage\",\"@id\":\"https:\\\/\\\/ludzieikrajobrazy.muzeumleszno.pl\\\/?p=245\",\"url\":\"https:\\\/\\\/ludzieikrajobrazy.muzeumleszno.pl\\\/?p=245\",\"name\":\"D\u0105bcze. Poczt\u00f3wka wielotematyczna, 1912 rok, Bytom Odrza\u0144ski, Photographie und Verlag M. Goebel - Ludzie i krajobrazy. Powiat Leszczy\u0144ski w ikonografii\",\"isPartOf\":{\"@id\":\"https:\\\/\\\/ludzieikrajobrazy.muzeumleszno.pl\\\/#website\"},\"primaryImageOfPage\":{\"@id\":\"https:\\\/\\\/ludzieikrajobrazy.muzeumleszno.pl\\\/?p=245#primaryimage\"},\"image\":{\"@id\":\"https:\\\/\\\/ludzieikrajobrazy.muzeumleszno.pl\\\/?p=245#primaryimage\"},\"thumbnailUrl\":\"http:\\\/\\\/ludzieikrajobrazy.muzeumleszno.pl\\\/wp-content\\\/uploads\\\/2024\\\/07\\\/18_MLH-4636-scaled.jpg\",\"datePublished\":\"2024-07-28T09:59:35+00:00\",\"dateModified\":\"2024-09-18T10:23:48+00:00\",\"author\":{\"@id\":\"https:\\\/\\\/ludzieikrajobrazy.muzeumleszno.pl\\\/#\\\/schema\\\/person\\\/fc2bc20e2b51efc3202ac1f0cdcd06c0\"},\"breadcrumb\":{\"@id\":\"https:\\\/\\\/ludzieikrajobrazy.muzeumleszno.pl\\\/?p=245#breadcrumb\"},\"inLanguage\":\"pl-PL\",\"potentialAction\":[{\"@type\":\"ReadAction\",\"target\":[\"https:\\\/\\\/ludzieikrajobrazy.muzeumleszno.pl\\\/?p=245\"]}]},{\"@type\":\"BreadcrumbList\",\"@id\":\"https:\\\/\\\/ludzieikrajobrazy.muzeumleszno.pl\\\/?p=245#breadcrumb\",\"itemListElement\":[{\"@type\":\"ListItem\",\"position\":1,\"name\":\"Home\",\"item\":\"https:\\\/\\\/ludzieikrajobrazy.muzeumleszno.pl\\\/\"},{\"@type\":\"ListItem\",\"position\":2,\"name\":\"D\u0105bcze. Poczt\u00f3wka wielotematyczna, 1912 rok, Bytom Odrza\u0144ski, Photographie und Verlag M. Goebel\"}]},{\"@type\":\"WebSite\",\"@id\":\"https:\\\/\\\/ludzieikrajobrazy.muzeumleszno.pl\\\/#website\",\"url\":\"https:\\\/\\\/ludzieikrajobrazy.muzeumleszno.pl\\\/\",\"name\":\"Ludzie i krajobrazy. Powiat Leszczy\u0144ski w ikonografii\",\"description\":\"Powiat Leszczy\u0144ski w ikonografii\",\"potentialAction\":[{\"@type\":\"SearchAction\",\"target\":{\"@type\":\"EntryPoint\",\"urlTemplate\":\"https:\\\/\\\/ludzieikrajobrazy.muzeumleszno.pl\\\/?s={search_term_string}\"},\"query-input\":{\"@type\":\"PropertyValueSpecification\",\"valueRequired\":true,\"valueName\":\"search_term_string\"}}],\"inLanguage\":\"pl-PL\"},{\"@type\":\"Person\",\"@id\":\"https:\\\/\\\/ludzieikrajobrazy.muzeumleszno.pl\\\/#\\\/schema\\\/person\\\/fc2bc20e2b51efc3202ac1f0cdcd06c0\",\"name\":\"Pan_Admin\",\"image\":{\"@type\":\"ImageObject\",\"inLanguage\":\"pl-PL\",\"@id\":\"https:\\\/\\\/secure.gravatar.com\\\/avatar\\\/d109d485abe889ecc32dbdb971b715ad9d4596bd0e2353626451db3e04099822?s=96&d=mm&r=g\",\"url\":\"https:\\\/\\\/secure.gravatar.com\\\/avatar\\\/d109d485abe889ecc32dbdb971b715ad9d4596bd0e2353626451db3e04099822?s=96&d=mm&r=g\",\"contentUrl\":\"https:\\\/\\\/secure.gravatar.com\\\/avatar\\\/d109d485abe889ecc32dbdb971b715ad9d4596bd0e2353626451db3e04099822?s=96&d=mm&r=g\",\"caption\":\"Pan_Admin\"},\"sameAs\":[\"http:\\\/\\\/ludzieikrajobrazy.muzeumleszno.pl\"],\"url\":\"http:\\\/\\\/ludzieikrajobrazy.muzeumleszno.pl\\\/?author=1\"}]}<\/script>\n<!-- \/ Yoast SEO plugin. -->","yoast_head_json":{"title":"D\u0105bcze. Poczt\u00f3wka wielotematyczna, 1912 rok, Bytom Odrza\u0144ski, Photographie und Verlag M. Goebel - Ludzie i krajobrazy. Powiat Leszczy\u0144ski w ikonografii","robots":{"index":"index","follow":"follow","max-snippet":"max-snippet:-1","max-image-preview":"max-image-preview:large","max-video-preview":"max-video-preview:-1"},"canonical":"https:\/\/ludzieikrajobrazy.muzeumleszno.pl\/?p=245","og_locale":"pl_PL","og_type":"article","og_title":"D\u0105bcze. Poczt\u00f3wka wielotematyczna, 1912 rok, Bytom Odrza\u0144ski, Photographie und Verlag M. Goebel - Ludzie i krajobrazy. Powiat Leszczy\u0144ski w ikonografii","og_description":"Poczt\u00f3wka adresowana do Elsy Wittke z Charottenburga. Datowana: D\u0105bcze, 30.07.1912. Droga c\u00f3rko! Dotarli\u015bmy tu bezpiecznie ju\u017c wyruszamy w drog\u0119 do Rydzyny. Serdeczne pozdrowienia! Pozdrawiamy r\u00f3wnie\u017c wujka i cioci\u0119....","og_url":"https:\/\/ludzieikrajobrazy.muzeumleszno.pl\/?p=245","og_site_name":"Ludzie i krajobrazy. Powiat Leszczy\u0144ski w ikonografii","article_published_time":"2024-07-28T09:59:35+00:00","article_modified_time":"2024-09-18T10:23:48+00:00","og_image":[{"width":2560,"height":1687,"url":"https:\/\/ludzieikrajobrazy.muzeumleszno.pl\/wp-content\/uploads\/2024\/07\/18_MLH-4636-scaled.jpg","type":"image\/jpeg"}],"author":"Pan_Admin","twitter_card":"summary_large_image","twitter_misc":{"Napisane przez":"Pan_Admin","Szacowany czas czytania":"2 minuty"},"schema":{"@context":"https:\/\/schema.org","@graph":[{"@type":"Article","@id":"https:\/\/ludzieikrajobrazy.muzeumleszno.pl\/?p=245#article","isPartOf":{"@id":"https:\/\/ludzieikrajobrazy.muzeumleszno.pl\/?p=245"},"author":{"name":"Pan_Admin","@id":"https:\/\/ludzieikrajobrazy.muzeumleszno.pl\/#\/schema\/person\/fc2bc20e2b51efc3202ac1f0cdcd06c0"},"headline":"D\u0105bcze. Poczt\u00f3wka wielotematyczna, 1912 rok, Bytom Odrza\u0144ski, Photographie und Verlag M. Goebel","datePublished":"2024-07-28T09:59:35+00:00","dateModified":"2024-09-18T10:23:48+00:00","mainEntityOfPage":{"@id":"https:\/\/ludzieikrajobrazy.muzeumleszno.pl\/?p=245"},"wordCount":317,"image":{"@id":"https:\/\/ludzieikrajobrazy.muzeumleszno.pl\/?p=245#primaryimage"},"thumbnailUrl":"http:\/\/ludzieikrajobrazy.muzeumleszno.pl\/wp-content\/uploads\/2024\/07\/18_MLH-4636-scaled.jpg","keywords":["1912","ambona","August Scheibe","budownictwo murowane","budynek sakralny","Bytom Odrza\u0144ski","Christian Grunewald","chrzcielnica","D\u0105bcze","dach","droga","drzewa","edukacja","Elsa Wittke","folwark","funkcje publiczne","gospodarstwo","grunt","grupa ludzi","j\u0119zyk polski","karczma","Katarzyna Alekandryjska","kowal","krajobraz","mechanik","mieszkanie","naturalia","nauka","ober\u017ca","oddzia\u0142 niemiecki","oddzia\u0142 polski","o\u0142tarz g\u0142\u00f3wny","p\u0142ot","poczt\u00f3wka wielotematyczna","rejestr podatkowy","rokoko","rolnik","rzemie\u015blnik","rze\u017abiarz","sala zabaw","stelmach","\u015bwiatynia","szachulcowy ko\u015bci\u00f3\u0142 pod wezwaniem \u015aw. Katarzyny","szko\u0142a","szko\u0142a dwuklasowa","Verlag M. Goebel","warzywa","wczesny barok","wyszynk","ziemia uprawna","ziemniaki"],"articleSection":["D\u0105bcze"],"inLanguage":"pl-PL"},{"@type":"WebPage","@id":"https:\/\/ludzieikrajobrazy.muzeumleszno.pl\/?p=245","url":"https:\/\/ludzieikrajobrazy.muzeumleszno.pl\/?p=245","name":"D\u0105bcze. Poczt\u00f3wka wielotematyczna, 1912 rok, Bytom Odrza\u0144ski, Photographie und Verlag M. Goebel - Ludzie i krajobrazy. Powiat Leszczy\u0144ski w ikonografii","isPartOf":{"@id":"https:\/\/ludzieikrajobrazy.muzeumleszno.pl\/#website"},"primaryImageOfPage":{"@id":"https:\/\/ludzieikrajobrazy.muzeumleszno.pl\/?p=245#primaryimage"},"image":{"@id":"https:\/\/ludzieikrajobrazy.muzeumleszno.pl\/?p=245#primaryimage"},"thumbnailUrl":"http:\/\/ludzieikrajobrazy.muzeumleszno.pl\/wp-content\/uploads\/2024\/07\/18_MLH-4636-scaled.jpg","datePublished":"2024-07-28T09:59:35+00:00","dateModified":"2024-09-18T10:23:48+00:00","author":{"@id":"https:\/\/ludzieikrajobrazy.muzeumleszno.pl\/#\/schema\/person\/fc2bc20e2b51efc3202ac1f0cdcd06c0"},"breadcrumb":{"@id":"https:\/\/ludzieikrajobrazy.muzeumleszno.pl\/?p=245#breadcrumb"},"inLanguage":"pl-PL","potentialAction":[{"@type":"ReadAction","target":["https:\/\/ludzieikrajobrazy.muzeumleszno.pl\/?p=245"]}]},{"@type":"BreadcrumbList","@id":"https:\/\/ludzieikrajobrazy.muzeumleszno.pl\/?p=245#breadcrumb","itemListElement":[{"@type":"ListItem","position":1,"name":"Home","item":"https:\/\/ludzieikrajobrazy.muzeumleszno.pl\/"},{"@type":"ListItem","position":2,"name":"D\u0105bcze. Poczt\u00f3wka wielotematyczna, 1912 rok, Bytom Odrza\u0144ski, Photographie und Verlag M. Goebel"}]},{"@type":"WebSite","@id":"https:\/\/ludzieikrajobrazy.muzeumleszno.pl\/#website","url":"https:\/\/ludzieikrajobrazy.muzeumleszno.pl\/","name":"Ludzie i krajobrazy. Powiat Leszczy\u0144ski w ikonografii","description":"Powiat Leszczy\u0144ski w ikonografii","potentialAction":[{"@type":"SearchAction","target":{"@type":"EntryPoint","urlTemplate":"https:\/\/ludzieikrajobrazy.muzeumleszno.pl\/?s={search_term_string}"},"query-input":{"@type":"PropertyValueSpecification","valueRequired":true,"valueName":"search_term_string"}}],"inLanguage":"pl-PL"},{"@type":"Person","@id":"https:\/\/ludzieikrajobrazy.muzeumleszno.pl\/#\/schema\/person\/fc2bc20e2b51efc3202ac1f0cdcd06c0","name":"Pan_Admin","image":{"@type":"ImageObject","inLanguage":"pl-PL","@id":"https:\/\/secure.gravatar.com\/avatar\/d109d485abe889ecc32dbdb971b715ad9d4596bd0e2353626451db3e04099822?s=96&d=mm&r=g","url":"https:\/\/secure.gravatar.com\/avatar\/d109d485abe889ecc32dbdb971b715ad9d4596bd0e2353626451db3e04099822?s=96&d=mm&r=g","contentUrl":"https:\/\/secure.gravatar.com\/avatar\/d109d485abe889ecc32dbdb971b715ad9d4596bd0e2353626451db3e04099822?s=96&d=mm&r=g","caption":"Pan_Admin"},"sameAs":["http:\/\/ludzieikrajobrazy.muzeumleszno.pl"],"url":"http:\/\/ludzieikrajobrazy.muzeumleszno.pl\/?author=1"}]}},"_links":{"self":[{"href":"http:\/\/ludzieikrajobrazy.muzeumleszno.pl\/index.php?rest_route=\/wp\/v2\/posts\/245","targetHints":{"allow":["GET"]}}],"collection":[{"href":"http:\/\/ludzieikrajobrazy.muzeumleszno.pl\/index.php?rest_route=\/wp\/v2\/posts"}],"about":[{"href":"http:\/\/ludzieikrajobrazy.muzeumleszno.pl\/index.php?rest_route=\/wp\/v2\/types\/post"}],"author":[{"embeddable":true,"href":"http:\/\/ludzieikrajobrazy.muzeumleszno.pl\/index.php?rest_route=\/wp\/v2\/users\/1"}],"replies":[{"embeddable":true,"href":"http:\/\/ludzieikrajobrazy.muzeumleszno.pl\/index.php?rest_route=%2Fwp%2Fv2%2Fcomments&post=245"}],"version-history":[{"count":2,"href":"http:\/\/ludzieikrajobrazy.muzeumleszno.pl\/index.php?rest_route=\/wp\/v2\/posts\/245\/revisions"}],"predecessor-version":[{"id":1159,"href":"http:\/\/ludzieikrajobrazy.muzeumleszno.pl\/index.php?rest_route=\/wp\/v2\/posts\/245\/revisions\/1159"}],"wp:featuredmedia":[{"embeddable":true,"href":"http:\/\/ludzieikrajobrazy.muzeumleszno.pl\/index.php?rest_route=\/wp\/v2\/media\/246"}],"wp:attachment":[{"href":"http:\/\/ludzieikrajobrazy.muzeumleszno.pl\/index.php?rest_route=%2Fwp%2Fv2%2Fmedia&parent=245"}],"wp:term":[{"taxonomy":"category","embeddable":true,"href":"http:\/\/ludzieikrajobrazy.muzeumleszno.pl\/index.php?rest_route=%2Fwp%2Fv2%2Fcategories&post=245"},{"taxonomy":"post_tag","embeddable":true,"href":"http:\/\/ludzieikrajobrazy.muzeumleszno.pl\/index.php?rest_route=%2Fwp%2Fv2%2Ftags&post=245"}],"curies":[{"name":"wp","href":"https:\/\/api.w.org\/{rel}","templated":true}]}}