{"id":248,"date":"2024-07-28T11:58:57","date_gmt":"2024-07-28T09:58:57","guid":{"rendered":"http:\/\/ludzieikrajobrazy.muzeumleszno.pl\/?p=248"},"modified":"2024-09-18T12:34:56","modified_gmt":"2024-09-18T10:34:56","slug":"dabcze-kosciol-pw-sw-katarzyny-1945-rok-jozef-skoracki","status":"publish","type":"post","link":"http:\/\/ludzieikrajobrazy.muzeumleszno.pl\/?p=248","title":{"rendered":"D\u0105bcze. Ko\u015bci\u00f3\u0142 pw. \u015bw. Katarzyny, 1945 rok, J\u00f3zef Skoracki"},"content":{"rendered":"\n<p>Wyobra\u017ania artysty pozwala mu odczytywa\u0107 i odwzorowywa\u0107 \u015bwiat w spos\u00f3b r\u00f3\u017cny od tego, jak postrzegaj\u0105 go inni, ci mniej utalentowani. Z grona najbardziej znanych leszczy\u0144skich plastyk\u00f3w wyr\u00f3\u017cnia\u0142 si\u0119 J\u00f3zef Skoracki (1920\u20132005), autor ilustracji do ponad 2000 ksi\u0105\u017cek i album\u00f3w. Jako plastyk i absolwent Wy\u017cszej Szko\u0142y Sztuk Plastycznych w Poznaniu uprawia\u0142 przede wszystkim grafik\u0119 i fotografi\u0119, rysowa\u0142, zajmowa\u0142 si\u0119 filmem i aran\u017cacj\u0105 wn\u0119trz.&nbsp;<\/p>\n\n\n\n<p>Jego spu\u015bcizna obejmuje setki prac, mi\u0119dzy innymi seri\u0119 drzeworyt\u00f3w przedstawiaj\u0105cych architektur\u0119 Leszna i okolicznych miejscowo\u015bci. W\u015br\u00f3d nich urzekaj\u0105cy i na sw\u00f3j spos\u00f3b ba\u015bniowy widok ko\u015bcio\u0142a pw. \u015bw. Katarzyny w D\u0105bczu. Szachulcow\u0105 budowl\u0119 ukaza\u0142 w spos\u00f3b wizjonerski, pe\u0142en pasji i artyzmu. Przekszta\u0142caj\u0105c wizerunek i nadaj\u0105c mu indywidualne cechy, podkre\u015bli\u0142 znaczenie ko\u015bcio\u0142a jako miejsca skupienia i dokonuj\u0105cej si\u0119 w cz\u0142owieku duchowej przemiany.<\/p>\n\n\n\n<p>J\u00f3zef Skoracki by\u0142 w 1945 roku wsp\u00f3\u0142za\u0142o\u017cycielem Stowarzyszenia Plastyk\u00f3w Leszczy\u0144skich, a od 1950 roku cz\u0142onkiem Zwi\u0105zku Polskich Artyst\u00f3w Plastyk\u00f3w Okr\u0119gu Pozna\u0144skiego.&nbsp;<\/p>\n\n\n\n<figure data-wp-context=\"{&quot;imageId&quot;:&quot;69f1cde1c0f3c&quot;}\" data-wp-interactive=\"core\/image\" data-wp-key=\"69f1cde1c0f3c\" class=\"wp-block-image size-full wp-lightbox-container\"><img fetchpriority=\"high\" decoding=\"async\" width=\"2560\" height=\"1848\" data-wp-class--hide=\"state.isContentHidden\" data-wp-class--show=\"state.isContentVisible\" data-wp-init=\"callbacks.setButtonStyles\" data-wp-on--click=\"actions.showLightbox\" data-wp-on--load=\"callbacks.setButtonStyles\" data-wp-on-window--resize=\"callbacks.setButtonStyles\" src=\"http:\/\/ludzieikrajobrazy.muzeumleszno.pl\/wp-content\/uploads\/2024\/07\/19_MLS-1388-scaled.jpg\" alt=\"Ko\u015bcio\u0142 szachulcowy\" class=\"wp-image-249\" srcset=\"http:\/\/ludzieikrajobrazy.muzeumleszno.pl\/wp-content\/uploads\/2024\/07\/19_MLS-1388-scaled.jpg 2560w, http:\/\/ludzieikrajobrazy.muzeumleszno.pl\/wp-content\/uploads\/2024\/07\/19_MLS-1388-1536x1109.jpg 1536w, http:\/\/ludzieikrajobrazy.muzeumleszno.pl\/wp-content\/uploads\/2024\/07\/19_MLS-1388-2048x1478.jpg 2048w, http:\/\/ludzieikrajobrazy.muzeumleszno.pl\/wp-content\/uploads\/2024\/07\/19_MLS-1388-200x144.jpg 200w, http:\/\/ludzieikrajobrazy.muzeumleszno.pl\/wp-content\/uploads\/2024\/07\/19_MLS-1388-973x702.jpg 973w, http:\/\/ludzieikrajobrazy.muzeumleszno.pl\/wp-content\/uploads\/2024\/07\/19_MLS-1388-508x367.jpg 508w\" sizes=\"(max-width: 2560px) 100vw, 2560px\" \/><button\n\t\t\tclass=\"lightbox-trigger\"\n\t\t\ttype=\"button\"\n\t\t\taria-haspopup=\"dialog\"\n\t\t\taria-label=\"Powi\u0119ksz\"\n\t\t\tdata-wp-init=\"callbacks.initTriggerButton\"\n\t\t\tdata-wp-on--click=\"actions.showLightbox\"\n\t\t\tdata-wp-style--right=\"state.imageButtonRight\"\n\t\t\tdata-wp-style--top=\"state.imageButtonTop\"\n\t\t>\n\t\t\t<svg xmlns=\"http:\/\/www.w3.org\/2000\/svg\" width=\"12\" height=\"12\" fill=\"none\" viewBox=\"0 0 12 12\">\n\t\t\t\t<path fill=\"#fff\" d=\"M2 0a2 2 0 0 0-2 2v2h1.5V2a.5.5 0 0 1 .5-.5h2V0H2Zm2 10.5H2a.5.5 0 0 1-.5-.5V8H0v2a2 2 0 0 0 2 2h2v-1.5ZM8 12v-1.5h2a.5.5 0 0 0 .5-.5V8H12v2a2 2 0 0 1-2 2H8Zm2-12a2 2 0 0 1 2 2v2h-1.5V2a.5.5 0 0 0-.5-.5H8V0h2Z\" \/>\n\t\t\t<\/svg>\n\t\t<\/button><figcaption class=\"wp-element-caption\">Ko\u015bci\u00f3\u0142 szachulcowy, Jozef Skoracki; 1945 r.; papier, drzeworyt; wys. 17,7, szer. 23 cm; Muzeum Okr\u0119gowe w Lesznie; MLS1388<\/figcaption><\/figure>\n\n\n\n<p class=\"has-small-font-size\">nr inw. MLS 1388<br>w zbiorach Muzeum Okr\u0119gowego w Lesznie od 2005 roku, dar<\/p>\n\n\n\n<p>D.Cz.<\/p>\n\n\n\n<figure class=\"wp-block-embed is-type-video is-provider-youtube wp-block-embed-youtube wp-embed-aspect-16-9 wp-has-aspect-ratio\"><div class=\"wp-block-embed__wrapper\">\n<iframe title=\"Da\u0328bcze  Kos\u0301cio\u0301\u0142 pw  s\u0301w  Katarzyny, 1945 rok, Jo\u0301zef Skoracki\" width=\"620\" height=\"349\" src=\"https:\/\/www.youtube.com\/embed\/Qljb6jLHzGg?feature=oembed\" frameborder=\"0\" allow=\"accelerometer; autoplay; clipboard-write; encrypted-media; gyroscope; picture-in-picture; web-share\" referrerpolicy=\"strict-origin-when-cross-origin\" allowfullscreen><\/iframe>\n<\/div><\/figure>\n","protected":false},"excerpt":{"rendered":"<p>Wyobra\u017ania artysty pozwala mu odczytywa\u0107 i odwzorowywa\u0107 \u015bwiat w spos\u00f3b r\u00f3\u017cny od tego, jak postrzegaj\u0105 go inni, ci mniej utalentowani. Z grona najbardziej znanych leszczy\u0144skich plastyk\u00f3w wyr\u00f3\u017cnia\u0142 si\u0119&#8230;<\/p>\n","protected":false},"author":1,"featured_media":249,"comment_status":"closed","ping_status":"closed","sticky":false,"template":"","format":"standard","meta":{"cybocfi_hide_featured_image":"yes","footnotes":""},"categories":[23],"tags":[127,1831,378,341,1838,1836,581,140,1835,1837,392,24,1848,736,1833,1841,1843,1830,1828,417,1827,1829,702,403,1839,411,658,575,1832,407,357,1846,1847,1825,984,1840,1844,818,1849,1826,1845],"class_list":["post-248","post","type-post","status-publish","format-standard","has-post-thumbnail","hentry","category-dabcze","tag-127","tag-aranzacja-wnetrz","tag-architektura","tag-artysta","tag-artyzm","tag-budowla-szachulcowa","tag-budownictwo-drewniane","tag-budynek-sakralny","tag-charakter-basniowy","tag-charakter-wizjonerski","tag-cmentarz","tag-dabcze","tag-dramatyzm","tag-drzewa","tag-drzeworyt","tag-duchowa-przemiana","tag-duchowosc-2","tag-film","tag-fotograf","tag-fotografia","tag-grafik","tag-grafika","tag-grafika-warsztatowa","tag-ilustrator","tag-indywidualne-cechy","tag-jozef-skoracki","tag-kapliczka","tag-kosciol","tag-kosciol-pod-wezwaniem-sw-katarzyny","tag-krajobraz","tag-leszno","tag-okreg-poznanski","tag-papier","tag-plastyk","tag-plot","tag-skupienie","tag-stowarzyszenie-plastykow-leszczynskich","tag-swiatynia-2","tag-szachulec","tag-wyzsza-szkola-sztuk-plastycznych-w-poznaniu","tag-zwiazek-polskich-artystow-plastykow"],"yoast_head":"<!-- This site is optimized with the Yoast SEO plugin v27.5 - https:\/\/yoast.com\/product\/yoast-seo-wordpress\/ -->\n<title>D\u0105bcze. Ko\u015bci\u00f3\u0142 pw. \u015bw. Katarzyny, 1945 rok, J\u00f3zef Skoracki - Ludzie i krajobrazy. Powiat Leszczy\u0144ski w ikonografii<\/title>\n<meta name=\"robots\" content=\"index, follow, max-snippet:-1, max-image-preview:large, max-video-preview:-1\" \/>\n<link rel=\"canonical\" href=\"http:\/\/ludzieikrajobrazy.muzeumleszno.pl\/?p=248\" \/>\n<meta property=\"og:locale\" content=\"pl_PL\" \/>\n<meta property=\"og:type\" content=\"article\" \/>\n<meta property=\"og:title\" content=\"D\u0105bcze. Ko\u015bci\u00f3\u0142 pw. \u015bw. Katarzyny, 1945 rok, J\u00f3zef Skoracki - Ludzie i krajobrazy. Powiat Leszczy\u0144ski w ikonografii\" \/>\n<meta property=\"og:description\" content=\"Wyobra\u017ania artysty pozwala mu odczytywa\u0107 i odwzorowywa\u0107 \u015bwiat w spos\u00f3b r\u00f3\u017cny od tego, jak postrzegaj\u0105 go inni, ci mniej utalentowani. Z grona najbardziej znanych leszczy\u0144skich plastyk\u00f3w wyr\u00f3\u017cnia\u0142 si\u0119...\" \/>\n<meta property=\"og:url\" content=\"http:\/\/ludzieikrajobrazy.muzeumleszno.pl\/?p=248\" \/>\n<meta property=\"og:site_name\" content=\"Ludzie i krajobrazy. Powiat Leszczy\u0144ski w ikonografii\" \/>\n<meta property=\"article:published_time\" content=\"2024-07-28T09:58:57+00:00\" \/>\n<meta property=\"article:modified_time\" content=\"2024-09-18T10:34:56+00:00\" \/>\n<meta property=\"og:image\" content=\"http:\/\/ludzieikrajobrazy.muzeumleszno.pl\/wp-content\/uploads\/2024\/07\/19_MLS-1388-scaled.jpg\" \/>\n\t<meta property=\"og:image:width\" content=\"2560\" \/>\n\t<meta property=\"og:image:height\" content=\"1848\" \/>\n\t<meta property=\"og:image:type\" content=\"image\/jpeg\" \/>\n<meta name=\"author\" content=\"Pan_Admin\" \/>\n<meta name=\"twitter:card\" content=\"summary_large_image\" \/>\n<meta name=\"twitter:label1\" content=\"Napisane przez\" \/>\n\t<meta name=\"twitter:data1\" content=\"Pan_Admin\" \/>\n\t<meta name=\"twitter:label2\" content=\"Szacowany czas czytania\" \/>\n\t<meta name=\"twitter:data2\" content=\"2 minuty\" \/>\n<script type=\"application\/ld+json\" class=\"yoast-schema-graph\">{\"@context\":\"https:\\\/\\\/schema.org\",\"@graph\":[{\"@type\":\"Article\",\"@id\":\"http:\\\/\\\/ludzieikrajobrazy.muzeumleszno.pl\\\/?p=248#article\",\"isPartOf\":{\"@id\":\"http:\\\/\\\/ludzieikrajobrazy.muzeumleszno.pl\\\/?p=248\"},\"author\":{\"name\":\"Pan_Admin\",\"@id\":\"https:\\\/\\\/ludzieikrajobrazy.muzeumleszno.pl\\\/#\\\/schema\\\/person\\\/fc2bc20e2b51efc3202ac1f0cdcd06c0\"},\"headline\":\"D\u0105bcze. Ko\u015bci\u00f3\u0142 pw. \u015bw. Katarzyny, 1945 rok, J\u00f3zef Skoracki\",\"datePublished\":\"2024-07-28T09:58:57+00:00\",\"dateModified\":\"2024-09-18T10:34:56+00:00\",\"mainEntityOfPage\":{\"@id\":\"http:\\\/\\\/ludzieikrajobrazy.muzeumleszno.pl\\\/?p=248\"},\"wordCount\":238,\"image\":{\"@id\":\"http:\\\/\\\/ludzieikrajobrazy.muzeumleszno.pl\\\/?p=248#primaryimage\"},\"thumbnailUrl\":\"http:\\\/\\\/ludzieikrajobrazy.muzeumleszno.pl\\\/wp-content\\\/uploads\\\/2024\\\/07\\\/19_MLS-1388-scaled.jpg\",\"keywords\":[\"1945\",\"aran\u017cacja wn\u0119trz\",\"architektura\",\"artysta\",\"artyzm\",\"budowla szachulcowa\",\"budownictwo drewniane\",\"budynek sakralny\",\"charakter ba\u015bniowy\",\"charakter wizjonerski\",\"cmentarz\",\"D\u0105bcze\",\"dramatyzm\",\"drzewa\",\"drzeworyt\",\"duchowa przemiana\",\"duchowo\u015b\u0107\",\"film\",\"fotograf\",\"fotografia\",\"grafik\",\"grafika\",\"grafika warsztatowa\",\"ilustrator\",\"indywidualne cechy\",\"J\u00f3zef Skoracki\",\"kapliczka\",\"ko\u015bci\u00f3\u0142\",\"ko\u015bci\u00f3\u0142 pod wezwaniem \u015bw. Katarzyny\",\"krajobraz\",\"Leszno\",\"Okr\u0119g Pozna\u0144ski\",\"papier\",\"plastyk\",\"p\u0142ot\",\"skupienie\",\"Stowarzyszenie Plastyk\u00f3w Leszczy\u0144skich\",\"\u015bwi\u0105tynia\",\"szachulec\",\"Wy\u017csza Szko\u0142a Sztuk Plastycznych w Poznaniu\",\"Zwi\u0105zek Polskich Artyst\u00f3w Plastyk\u00f3w\"],\"articleSection\":[\"D\u0105bcze\"],\"inLanguage\":\"pl-PL\"},{\"@type\":\"WebPage\",\"@id\":\"http:\\\/\\\/ludzieikrajobrazy.muzeumleszno.pl\\\/?p=248\",\"url\":\"http:\\\/\\\/ludzieikrajobrazy.muzeumleszno.pl\\\/?p=248\",\"name\":\"D\u0105bcze. Ko\u015bci\u00f3\u0142 pw. \u015bw. Katarzyny, 1945 rok, J\u00f3zef Skoracki - Ludzie i krajobrazy. Powiat Leszczy\u0144ski w ikonografii\",\"isPartOf\":{\"@id\":\"https:\\\/\\\/ludzieikrajobrazy.muzeumleszno.pl\\\/#website\"},\"primaryImageOfPage\":{\"@id\":\"http:\\\/\\\/ludzieikrajobrazy.muzeumleszno.pl\\\/?p=248#primaryimage\"},\"image\":{\"@id\":\"http:\\\/\\\/ludzieikrajobrazy.muzeumleszno.pl\\\/?p=248#primaryimage\"},\"thumbnailUrl\":\"http:\\\/\\\/ludzieikrajobrazy.muzeumleszno.pl\\\/wp-content\\\/uploads\\\/2024\\\/07\\\/19_MLS-1388-scaled.jpg\",\"datePublished\":\"2024-07-28T09:58:57+00:00\",\"dateModified\":\"2024-09-18T10:34:56+00:00\",\"author\":{\"@id\":\"https:\\\/\\\/ludzieikrajobrazy.muzeumleszno.pl\\\/#\\\/schema\\\/person\\\/fc2bc20e2b51efc3202ac1f0cdcd06c0\"},\"breadcrumb\":{\"@id\":\"http:\\\/\\\/ludzieikrajobrazy.muzeumleszno.pl\\\/?p=248#breadcrumb\"},\"inLanguage\":\"pl-PL\",\"potentialAction\":[{\"@type\":\"ReadAction\",\"target\":[\"http:\\\/\\\/ludzieikrajobrazy.muzeumleszno.pl\\\/?p=248\"]}]},{\"@type\":\"BreadcrumbList\",\"@id\":\"http:\\\/\\\/ludzieikrajobrazy.muzeumleszno.pl\\\/?p=248#breadcrumb\",\"itemListElement\":[{\"@type\":\"ListItem\",\"position\":1,\"name\":\"Home\",\"item\":\"https:\\\/\\\/ludzieikrajobrazy.muzeumleszno.pl\\\/\"},{\"@type\":\"ListItem\",\"position\":2,\"name\":\"D\u0105bcze. Ko\u015bci\u00f3\u0142 pw. \u015bw. Katarzyny, 1945 rok, J\u00f3zef Skoracki\"}]},{\"@type\":\"WebSite\",\"@id\":\"https:\\\/\\\/ludzieikrajobrazy.muzeumleszno.pl\\\/#website\",\"url\":\"https:\\\/\\\/ludzieikrajobrazy.muzeumleszno.pl\\\/\",\"name\":\"Ludzie i krajobrazy. Powiat Leszczy\u0144ski w ikonografii\",\"description\":\"Powiat Leszczy\u0144ski w ikonografii\",\"potentialAction\":[{\"@type\":\"SearchAction\",\"target\":{\"@type\":\"EntryPoint\",\"urlTemplate\":\"https:\\\/\\\/ludzieikrajobrazy.muzeumleszno.pl\\\/?s={search_term_string}\"},\"query-input\":{\"@type\":\"PropertyValueSpecification\",\"valueRequired\":true,\"valueName\":\"search_term_string\"}}],\"inLanguage\":\"pl-PL\"},{\"@type\":\"Person\",\"@id\":\"https:\\\/\\\/ludzieikrajobrazy.muzeumleszno.pl\\\/#\\\/schema\\\/person\\\/fc2bc20e2b51efc3202ac1f0cdcd06c0\",\"name\":\"Pan_Admin\",\"image\":{\"@type\":\"ImageObject\",\"inLanguage\":\"pl-PL\",\"@id\":\"https:\\\/\\\/secure.gravatar.com\\\/avatar\\\/d109d485abe889ecc32dbdb971b715ad9d4596bd0e2353626451db3e04099822?s=96&d=mm&r=g\",\"url\":\"https:\\\/\\\/secure.gravatar.com\\\/avatar\\\/d109d485abe889ecc32dbdb971b715ad9d4596bd0e2353626451db3e04099822?s=96&d=mm&r=g\",\"contentUrl\":\"https:\\\/\\\/secure.gravatar.com\\\/avatar\\\/d109d485abe889ecc32dbdb971b715ad9d4596bd0e2353626451db3e04099822?s=96&d=mm&r=g\",\"caption\":\"Pan_Admin\"},\"sameAs\":[\"http:\\\/\\\/ludzieikrajobrazy.muzeumleszno.pl\"],\"url\":\"http:\\\/\\\/ludzieikrajobrazy.muzeumleszno.pl\\\/?author=1\"}]}<\/script>\n<!-- \/ Yoast SEO plugin. -->","yoast_head_json":{"title":"D\u0105bcze. Ko\u015bci\u00f3\u0142 pw. \u015bw. Katarzyny, 1945 rok, J\u00f3zef Skoracki - Ludzie i krajobrazy. Powiat Leszczy\u0144ski w ikonografii","robots":{"index":"index","follow":"follow","max-snippet":"max-snippet:-1","max-image-preview":"max-image-preview:large","max-video-preview":"max-video-preview:-1"},"canonical":"http:\/\/ludzieikrajobrazy.muzeumleszno.pl\/?p=248","og_locale":"pl_PL","og_type":"article","og_title":"D\u0105bcze. Ko\u015bci\u00f3\u0142 pw. \u015bw. Katarzyny, 1945 rok, J\u00f3zef Skoracki - Ludzie i krajobrazy. Powiat Leszczy\u0144ski w ikonografii","og_description":"Wyobra\u017ania artysty pozwala mu odczytywa\u0107 i odwzorowywa\u0107 \u015bwiat w spos\u00f3b r\u00f3\u017cny od tego, jak postrzegaj\u0105 go inni, ci mniej utalentowani. Z grona najbardziej znanych leszczy\u0144skich plastyk\u00f3w wyr\u00f3\u017cnia\u0142 si\u0119...","og_url":"http:\/\/ludzieikrajobrazy.muzeumleszno.pl\/?p=248","og_site_name":"Ludzie i krajobrazy. Powiat Leszczy\u0144ski w ikonografii","article_published_time":"2024-07-28T09:58:57+00:00","article_modified_time":"2024-09-18T10:34:56+00:00","og_image":[{"width":2560,"height":1848,"url":"http:\/\/ludzieikrajobrazy.muzeumleszno.pl\/wp-content\/uploads\/2024\/07\/19_MLS-1388-scaled.jpg","type":"image\/jpeg"}],"author":"Pan_Admin","twitter_card":"summary_large_image","twitter_misc":{"Napisane przez":"Pan_Admin","Szacowany czas czytania":"2 minuty"},"schema":{"@context":"https:\/\/schema.org","@graph":[{"@type":"Article","@id":"http:\/\/ludzieikrajobrazy.muzeumleszno.pl\/?p=248#article","isPartOf":{"@id":"http:\/\/ludzieikrajobrazy.muzeumleszno.pl\/?p=248"},"author":{"name":"Pan_Admin","@id":"https:\/\/ludzieikrajobrazy.muzeumleszno.pl\/#\/schema\/person\/fc2bc20e2b51efc3202ac1f0cdcd06c0"},"headline":"D\u0105bcze. Ko\u015bci\u00f3\u0142 pw. \u015bw. Katarzyny, 1945 rok, J\u00f3zef Skoracki","datePublished":"2024-07-28T09:58:57+00:00","dateModified":"2024-09-18T10:34:56+00:00","mainEntityOfPage":{"@id":"http:\/\/ludzieikrajobrazy.muzeumleszno.pl\/?p=248"},"wordCount":238,"image":{"@id":"http:\/\/ludzieikrajobrazy.muzeumleszno.pl\/?p=248#primaryimage"},"thumbnailUrl":"http:\/\/ludzieikrajobrazy.muzeumleszno.pl\/wp-content\/uploads\/2024\/07\/19_MLS-1388-scaled.jpg","keywords":["1945","aran\u017cacja wn\u0119trz","architektura","artysta","artyzm","budowla szachulcowa","budownictwo drewniane","budynek sakralny","charakter ba\u015bniowy","charakter wizjonerski","cmentarz","D\u0105bcze","dramatyzm","drzewa","drzeworyt","duchowa przemiana","duchowo\u015b\u0107","film","fotograf","fotografia","grafik","grafika","grafika warsztatowa","ilustrator","indywidualne cechy","J\u00f3zef Skoracki","kapliczka","ko\u015bci\u00f3\u0142","ko\u015bci\u00f3\u0142 pod wezwaniem \u015bw. Katarzyny","krajobraz","Leszno","Okr\u0119g Pozna\u0144ski","papier","plastyk","p\u0142ot","skupienie","Stowarzyszenie Plastyk\u00f3w Leszczy\u0144skich","\u015bwi\u0105tynia","szachulec","Wy\u017csza Szko\u0142a Sztuk Plastycznych w Poznaniu","Zwi\u0105zek Polskich Artyst\u00f3w Plastyk\u00f3w"],"articleSection":["D\u0105bcze"],"inLanguage":"pl-PL"},{"@type":"WebPage","@id":"http:\/\/ludzieikrajobrazy.muzeumleszno.pl\/?p=248","url":"http:\/\/ludzieikrajobrazy.muzeumleszno.pl\/?p=248","name":"D\u0105bcze. Ko\u015bci\u00f3\u0142 pw. \u015bw. Katarzyny, 1945 rok, J\u00f3zef Skoracki - Ludzie i krajobrazy. Powiat Leszczy\u0144ski w ikonografii","isPartOf":{"@id":"https:\/\/ludzieikrajobrazy.muzeumleszno.pl\/#website"},"primaryImageOfPage":{"@id":"http:\/\/ludzieikrajobrazy.muzeumleszno.pl\/?p=248#primaryimage"},"image":{"@id":"http:\/\/ludzieikrajobrazy.muzeumleszno.pl\/?p=248#primaryimage"},"thumbnailUrl":"http:\/\/ludzieikrajobrazy.muzeumleszno.pl\/wp-content\/uploads\/2024\/07\/19_MLS-1388-scaled.jpg","datePublished":"2024-07-28T09:58:57+00:00","dateModified":"2024-09-18T10:34:56+00:00","author":{"@id":"https:\/\/ludzieikrajobrazy.muzeumleszno.pl\/#\/schema\/person\/fc2bc20e2b51efc3202ac1f0cdcd06c0"},"breadcrumb":{"@id":"http:\/\/ludzieikrajobrazy.muzeumleszno.pl\/?p=248#breadcrumb"},"inLanguage":"pl-PL","potentialAction":[{"@type":"ReadAction","target":["http:\/\/ludzieikrajobrazy.muzeumleszno.pl\/?p=248"]}]},{"@type":"BreadcrumbList","@id":"http:\/\/ludzieikrajobrazy.muzeumleszno.pl\/?p=248#breadcrumb","itemListElement":[{"@type":"ListItem","position":1,"name":"Home","item":"https:\/\/ludzieikrajobrazy.muzeumleszno.pl\/"},{"@type":"ListItem","position":2,"name":"D\u0105bcze. Ko\u015bci\u00f3\u0142 pw. \u015bw. Katarzyny, 1945 rok, J\u00f3zef Skoracki"}]},{"@type":"WebSite","@id":"https:\/\/ludzieikrajobrazy.muzeumleszno.pl\/#website","url":"https:\/\/ludzieikrajobrazy.muzeumleszno.pl\/","name":"Ludzie i krajobrazy. Powiat Leszczy\u0144ski w ikonografii","description":"Powiat Leszczy\u0144ski w ikonografii","potentialAction":[{"@type":"SearchAction","target":{"@type":"EntryPoint","urlTemplate":"https:\/\/ludzieikrajobrazy.muzeumleszno.pl\/?s={search_term_string}"},"query-input":{"@type":"PropertyValueSpecification","valueRequired":true,"valueName":"search_term_string"}}],"inLanguage":"pl-PL"},{"@type":"Person","@id":"https:\/\/ludzieikrajobrazy.muzeumleszno.pl\/#\/schema\/person\/fc2bc20e2b51efc3202ac1f0cdcd06c0","name":"Pan_Admin","image":{"@type":"ImageObject","inLanguage":"pl-PL","@id":"https:\/\/secure.gravatar.com\/avatar\/d109d485abe889ecc32dbdb971b715ad9d4596bd0e2353626451db3e04099822?s=96&d=mm&r=g","url":"https:\/\/secure.gravatar.com\/avatar\/d109d485abe889ecc32dbdb971b715ad9d4596bd0e2353626451db3e04099822?s=96&d=mm&r=g","contentUrl":"https:\/\/secure.gravatar.com\/avatar\/d109d485abe889ecc32dbdb971b715ad9d4596bd0e2353626451db3e04099822?s=96&d=mm&r=g","caption":"Pan_Admin"},"sameAs":["http:\/\/ludzieikrajobrazy.muzeumleszno.pl"],"url":"http:\/\/ludzieikrajobrazy.muzeumleszno.pl\/?author=1"}]}},"_links":{"self":[{"href":"http:\/\/ludzieikrajobrazy.muzeumleszno.pl\/index.php?rest_route=\/wp\/v2\/posts\/248","targetHints":{"allow":["GET"]}}],"collection":[{"href":"http:\/\/ludzieikrajobrazy.muzeumleszno.pl\/index.php?rest_route=\/wp\/v2\/posts"}],"about":[{"href":"http:\/\/ludzieikrajobrazy.muzeumleszno.pl\/index.php?rest_route=\/wp\/v2\/types\/post"}],"author":[{"embeddable":true,"href":"http:\/\/ludzieikrajobrazy.muzeumleszno.pl\/index.php?rest_route=\/wp\/v2\/users\/1"}],"replies":[{"embeddable":true,"href":"http:\/\/ludzieikrajobrazy.muzeumleszno.pl\/index.php?rest_route=%2Fwp%2Fv2%2Fcomments&post=248"}],"version-history":[{"count":3,"href":"http:\/\/ludzieikrajobrazy.muzeumleszno.pl\/index.php?rest_route=\/wp\/v2\/posts\/248\/revisions"}],"predecessor-version":[{"id":1161,"href":"http:\/\/ludzieikrajobrazy.muzeumleszno.pl\/index.php?rest_route=\/wp\/v2\/posts\/248\/revisions\/1161"}],"wp:featuredmedia":[{"embeddable":true,"href":"http:\/\/ludzieikrajobrazy.muzeumleszno.pl\/index.php?rest_route=\/wp\/v2\/media\/249"}],"wp:attachment":[{"href":"http:\/\/ludzieikrajobrazy.muzeumleszno.pl\/index.php?rest_route=%2Fwp%2Fv2%2Fmedia&parent=248"}],"wp:term":[{"taxonomy":"category","embeddable":true,"href":"http:\/\/ludzieikrajobrazy.muzeumleszno.pl\/index.php?rest_route=%2Fwp%2Fv2%2Fcategories&post=248"},{"taxonomy":"post_tag","embeddable":true,"href":"http:\/\/ludzieikrajobrazy.muzeumleszno.pl\/index.php?rest_route=%2Fwp%2Fv2%2Ftags&post=248"}],"curies":[{"name":"wp","href":"https:\/\/api.w.org\/{rel}","templated":true}]}}