{"id":251,"date":"2024-07-28T11:57:48","date_gmt":"2024-07-28T09:57:48","guid":{"rendered":"http:\/\/ludzieikrajobrazy.muzeumleszno.pl\/?p=251"},"modified":"2024-09-18T12:51:11","modified_gmt":"2024-09-18T10:51:11","slug":"dabcze-kosciol-pw-sw-katarzyny-aleksandryjskiej-1950-rok","status":"publish","type":"post","link":"http:\/\/ludzieikrajobrazy.muzeumleszno.pl\/?p=251","title":{"rendered":"D\u0105bcze. Ko\u015bci\u00f3\u0142 pw. \u015bw. Katarzyny Aleksandryjskiej, 1950 rok\u00a0"},"content":{"rendered":"\n<p>Osiedlenie si\u0119 Jana z Czerniny (1360\u20131423) w Wielkopolsce przynios\u0142o nie tylko lokacj\u0119 Rydzyny, ale tak\u017ce skupienie w jego r\u0119kach licznych d\u00f3br po\u0142o\u017conych w okolicach nowo powsta\u0142ego miasta. D\u0105bcze, po raz pierwszy odnotowane w \u017ar\u00f3d\u0142ach w 1391 roku, we w\u0142adaniu starosty wschowskiego znalaz\u0142o si\u0119 trzy lata p\u00f3\u017aniej. W r\u0119kach Rydzy\u0144skich pozostawa\u0142o przez kilka stuleci.&nbsp;<\/p>\n\n\n\n<p>Pocz\u0105tki ko\u015bcio\u0142a w D\u0105bczu si\u0119gaj\u0105 XIV wieku. W 1410 roku, po za\u0142o\u017ceniu parafii w Rydzynie, ko\u015bci\u00f3\u0142 zamieniono na sukursalny. Niewiele o&nbsp; nim wiadomo. Obecny zbudowano w latach 1666\u20131668 staraniem \u00f3wczesnego proboszcza rydzy\u0144skiego, ks. Wawrzy\u0144ca Wieczorkowskiego(\u20131702). \u015awi\u0105tynia ma konstrukcj\u0119 szkieletow\u0105 i posiada dwupoziomow\u0105 wie\u017c\u0105 oszalowan\u0105 deskami. Na chor\u0105giewce znajduje si\u0119 data 1666 i litery \u201eM. L.\u201d Wok\u00f3\u0142 ko\u015bcio\u0142a znajduje si\u0119 cmentarz. Na fotografii wida\u0107 rz\u0119dy grob\u00f3w i p\u0142yty nagrobne pochodz\u0105ce sprzed 1945 roku.&nbsp;<\/p>\n\n\n\n<figure data-wp-context=\"{&quot;imageId&quot;:&quot;69f46384643bb&quot;}\" data-wp-interactive=\"core\/image\" data-wp-key=\"69f46384643bb\" class=\"wp-block-image size-full wp-lightbox-container\"><img fetchpriority=\"high\" decoding=\"async\" width=\"1611\" height=\"2000\" data-wp-class--hide=\"state.isContentHidden\" data-wp-class--show=\"state.isContentVisible\" data-wp-init=\"callbacks.setButtonStyles\" data-wp-on--click=\"actions.showLightbox\" data-wp-on--load=\"callbacks.setButtonStyles\" data-wp-on-window--resize=\"callbacks.setButtonStyles\" src=\"http:\/\/ludzieikrajobrazy.muzeumleszno.pl\/wp-content\/uploads\/2024\/07\/20_MLFa-243.jpg\" alt=\"\" class=\"wp-image-252\" srcset=\"http:\/\/ludzieikrajobrazy.muzeumleszno.pl\/wp-content\/uploads\/2024\/07\/20_MLFa-243.jpg 1611w, http:\/\/ludzieikrajobrazy.muzeumleszno.pl\/wp-content\/uploads\/2024\/07\/20_MLFa-243-1237x1536.jpg 1237w, http:\/\/ludzieikrajobrazy.muzeumleszno.pl\/wp-content\/uploads\/2024\/07\/20_MLFa-243-200x248.jpg 200w, http:\/\/ludzieikrajobrazy.muzeumleszno.pl\/wp-content\/uploads\/2024\/07\/20_MLFa-243-973x1208.jpg 973w, http:\/\/ludzieikrajobrazy.muzeumleszno.pl\/wp-content\/uploads\/2024\/07\/20_MLFa-243-508x631.jpg 508w\" sizes=\"(max-width: 1611px) 100vw, 1611px\" \/><button\n\t\t\tclass=\"lightbox-trigger\"\n\t\t\ttype=\"button\"\n\t\t\taria-haspopup=\"dialog\"\n\t\t\taria-label=\"Powi\u0119ksz\"\n\t\t\tdata-wp-init=\"callbacks.initTriggerButton\"\n\t\t\tdata-wp-on--click=\"actions.showLightbox\"\n\t\t\tdata-wp-style--right=\"state.imageButtonRight\"\n\t\t\tdata-wp-style--top=\"state.imageButtonTop\"\n\t\t>\n\t\t\t<svg xmlns=\"http:\/\/www.w3.org\/2000\/svg\" width=\"12\" height=\"12\" fill=\"none\" viewBox=\"0 0 12 12\">\n\t\t\t\t<path fill=\"#fff\" d=\"M2 0a2 2 0 0 0-2 2v2h1.5V2a.5.5 0 0 1 .5-.5h2V0H2Zm2 10.5H2a.5.5 0 0 1-.5-.5V8H0v2a2 2 0 0 0 2 2h2v-1.5ZM8 12v-1.5h2a.5.5 0 0 0 .5-.5V8H12v2a2 2 0 0 1-2 2H8Zm2-12a2 2 0 0 1 2 2v2h-1.5V2a.5.5 0 0 0-.5-.5H8V0h2Z\" \/>\n\t\t\t<\/svg>\n\t\t<\/button><figcaption class=\"wp-element-caption\">wys. 12,5 cm x szer. 17,5 cm; odbitka srebrowo-\u017celatynowa, papier fotograficzny, 1950 rok, Muzeum Okr\u0119gowe w Lesznie; MLFa243<\/figcaption><\/figure>\n\n\n\n<p class=\"has-small-font-size\">nr inw. MLFa 243<br>W zbiorach Muzeum Okr\u0119gowego w Lesznie od lat 60. XX wieku, dar<\/p>\n\n\n\n<p>D.Cz.<\/p>\n\n\n\n<figure class=\"wp-block-embed is-type-video is-provider-youtube wp-block-embed-youtube wp-embed-aspect-16-9 wp-has-aspect-ratio\"><div class=\"wp-block-embed__wrapper\">\n<iframe title=\"Da\u0328bcze  Kos\u0301cio\u0301\u0142 pw  s\u0301w  Katarzyny Aleksandryjskiej, 1950 rok\" width=\"620\" height=\"349\" src=\"https:\/\/www.youtube.com\/embed\/am6B1WlqFas?feature=oembed\" frameborder=\"0\" allow=\"accelerometer; autoplay; clipboard-write; encrypted-media; gyroscope; picture-in-picture; web-share\" referrerpolicy=\"strict-origin-when-cross-origin\" allowfullscreen><\/iframe>\n<\/div><\/figure>\n","protected":false},"excerpt":{"rendered":"<p>Osiedlenie si\u0119 Jana z Czerniny (1360\u20131423) w Wielkopolsce przynios\u0142o nie tylko lokacj\u0119 Rydzyny, ale tak\u017ce skupienie w jego r\u0119kach licznych d\u00f3br po\u0142o\u017conych w okolicach nowo powsta\u0142ego miasta. D\u0105bcze,&#8230;<\/p>\n","protected":false},"author":1,"featured_media":252,"comment_status":"closed","ping_status":"closed","sticky":false,"template":"","format":"standard","meta":{"cybocfi_hide_featured_image":"yes","footnotes":""},"categories":[23],"tags":[147,378,581,1852,392,24,520,736,1856,417,1857,389,658,1850,1855,1832,407,811,1858,1853,818,1849,1854,1851],"class_list":["post-251","post","type-post","status-publish","format-standard","has-post-thumbnail","hentry","category-dabcze","tag-147","tag-architektura","tag-budownictwo-drewniane","tag-charakter-sukursalny","tag-cmentarz","tag-dabcze","tag-dokumentacja","tag-drzewa","tag-dwupoziomowa-wieza","tag-fotografia","tag-grob","tag-jan-z-czerniny","tag-kapliczka","tag-katarzyna-aleksandryjska","tag-konstrukcja-szkieletowa","tag-kosciol-pod-wezwaniem-sw-katarzyny","tag-krajobraz","tag-parafia","tag-plyta-nagrobna","tag-sukurs","tag-swiatynia-2","tag-szachulec","tag-wawrzyniec-wieczorkowski","tag-wielkopolska"],"yoast_head":"<!-- This site is optimized with the Yoast SEO plugin v27.5 - https:\/\/yoast.com\/product\/yoast-seo-wordpress\/ -->\n<title>D\u0105bcze. Ko\u015bci\u00f3\u0142 pw. \u015bw. Katarzyny Aleksandryjskiej, 1950 rok\u00a0 - Ludzie i krajobrazy. Powiat Leszczy\u0144ski w ikonografii<\/title>\n<meta name=\"robots\" content=\"index, follow, max-snippet:-1, max-image-preview:large, max-video-preview:-1\" \/>\n<link rel=\"canonical\" href=\"http:\/\/ludzieikrajobrazy.muzeumleszno.pl\/?p=251\" \/>\n<meta property=\"og:locale\" content=\"pl_PL\" \/>\n<meta property=\"og:type\" content=\"article\" \/>\n<meta property=\"og:title\" content=\"D\u0105bcze. Ko\u015bci\u00f3\u0142 pw. \u015bw. Katarzyny Aleksandryjskiej, 1950 rok\u00a0 - Ludzie i krajobrazy. Powiat Leszczy\u0144ski w ikonografii\" \/>\n<meta property=\"og:description\" content=\"Osiedlenie si\u0119 Jana z Czerniny (1360\u20131423) w Wielkopolsce przynios\u0142o nie tylko lokacj\u0119 Rydzyny, ale tak\u017ce skupienie w jego r\u0119kach licznych d\u00f3br po\u0142o\u017conych w okolicach nowo powsta\u0142ego miasta. D\u0105bcze,...\" \/>\n<meta property=\"og:url\" content=\"http:\/\/ludzieikrajobrazy.muzeumleszno.pl\/?p=251\" \/>\n<meta property=\"og:site_name\" content=\"Ludzie i krajobrazy. Powiat Leszczy\u0144ski w ikonografii\" \/>\n<meta property=\"article:published_time\" content=\"2024-07-28T09:57:48+00:00\" \/>\n<meta property=\"article:modified_time\" content=\"2024-09-18T10:51:11+00:00\" \/>\n<meta property=\"og:image\" content=\"http:\/\/ludzieikrajobrazy.muzeumleszno.pl\/wp-content\/uploads\/2024\/07\/20_MLFa-243.jpg\" \/>\n\t<meta property=\"og:image:width\" content=\"1611\" \/>\n\t<meta property=\"og:image:height\" content=\"2000\" \/>\n\t<meta property=\"og:image:type\" content=\"image\/jpeg\" \/>\n<meta name=\"author\" content=\"Pan_Admin\" \/>\n<meta name=\"twitter:card\" content=\"summary_large_image\" \/>\n<meta name=\"twitter:label1\" content=\"Napisane przez\" \/>\n\t<meta name=\"twitter:data1\" content=\"Pan_Admin\" \/>\n\t<meta name=\"twitter:label2\" content=\"Szacowany czas czytania\" \/>\n\t<meta name=\"twitter:data2\" content=\"2 minuty\" \/>\n<script type=\"application\/ld+json\" class=\"yoast-schema-graph\">{\"@context\":\"https:\\\/\\\/schema.org\",\"@graph\":[{\"@type\":\"Article\",\"@id\":\"http:\\\/\\\/ludzieikrajobrazy.muzeumleszno.pl\\\/?p=251#article\",\"isPartOf\":{\"@id\":\"http:\\\/\\\/ludzieikrajobrazy.muzeumleszno.pl\\\/?p=251\"},\"author\":{\"name\":\"Pan_Admin\",\"@id\":\"http:\\\/\\\/ludzieikrajobrazy.muzeumleszno.pl\\\/#\\\/schema\\\/person\\\/fc2bc20e2b51efc3202ac1f0cdcd06c0\"},\"headline\":\"D\u0105bcze. Ko\u015bci\u00f3\u0142 pw. \u015bw. Katarzyny Aleksandryjskiej, 1950 rok\u00a0\",\"datePublished\":\"2024-07-28T09:57:48+00:00\",\"dateModified\":\"2024-09-18T10:51:11+00:00\",\"mainEntityOfPage\":{\"@id\":\"http:\\\/\\\/ludzieikrajobrazy.muzeumleszno.pl\\\/?p=251\"},\"wordCount\":205,\"image\":{\"@id\":\"http:\\\/\\\/ludzieikrajobrazy.muzeumleszno.pl\\\/?p=251#primaryimage\"},\"thumbnailUrl\":\"http:\\\/\\\/ludzieikrajobrazy.muzeumleszno.pl\\\/wp-content\\\/uploads\\\/2024\\\/07\\\/20_MLFa-243.jpg\",\"keywords\":[\"1950\",\"architektura\",\"budownictwo drewniane\",\"charakter sukursalny\",\"cmentarz\",\"D\u0105bcze\",\"dokumentacja\",\"drzewa\",\"dwupoziomowa wie\u017ca\",\"fotografia\",\"gr\u00f3b\",\"Jan z Czerniny\",\"kapliczka\",\"Katarzyna Aleksandryjska\",\"konstrukcja szkieletowa\",\"ko\u015bci\u00f3\u0142 pod wezwaniem \u015bw. Katarzyny\",\"krajobraz\",\"parafia\",\"p\u0142yta nagrobna\",\"sukurs\",\"\u015bwi\u0105tynia\",\"szachulec\",\"Wawrzyniec Wieczorkowski\",\"Wielkopolska\"],\"articleSection\":[\"D\u0105bcze\"],\"inLanguage\":\"pl-PL\"},{\"@type\":\"WebPage\",\"@id\":\"http:\\\/\\\/ludzieikrajobrazy.muzeumleszno.pl\\\/?p=251\",\"url\":\"http:\\\/\\\/ludzieikrajobrazy.muzeumleszno.pl\\\/?p=251\",\"name\":\"D\u0105bcze. Ko\u015bci\u00f3\u0142 pw. \u015bw. Katarzyny Aleksandryjskiej, 1950 rok\u00a0 - Ludzie i krajobrazy. Powiat Leszczy\u0144ski w ikonografii\",\"isPartOf\":{\"@id\":\"http:\\\/\\\/ludzieikrajobrazy.muzeumleszno.pl\\\/#website\"},\"primaryImageOfPage\":{\"@id\":\"http:\\\/\\\/ludzieikrajobrazy.muzeumleszno.pl\\\/?p=251#primaryimage\"},\"image\":{\"@id\":\"http:\\\/\\\/ludzieikrajobrazy.muzeumleszno.pl\\\/?p=251#primaryimage\"},\"thumbnailUrl\":\"http:\\\/\\\/ludzieikrajobrazy.muzeumleszno.pl\\\/wp-content\\\/uploads\\\/2024\\\/07\\\/20_MLFa-243.jpg\",\"datePublished\":\"2024-07-28T09:57:48+00:00\",\"dateModified\":\"2024-09-18T10:51:11+00:00\",\"author\":{\"@id\":\"http:\\\/\\\/ludzieikrajobrazy.muzeumleszno.pl\\\/#\\\/schema\\\/person\\\/fc2bc20e2b51efc3202ac1f0cdcd06c0\"},\"breadcrumb\":{\"@id\":\"http:\\\/\\\/ludzieikrajobrazy.muzeumleszno.pl\\\/?p=251#breadcrumb\"},\"inLanguage\":\"pl-PL\",\"potentialAction\":[{\"@type\":\"ReadAction\",\"target\":[\"http:\\\/\\\/ludzieikrajobrazy.muzeumleszno.pl\\\/?p=251\"]}]},{\"@type\":\"BreadcrumbList\",\"@id\":\"http:\\\/\\\/ludzieikrajobrazy.muzeumleszno.pl\\\/?p=251#breadcrumb\",\"itemListElement\":[{\"@type\":\"ListItem\",\"position\":1,\"name\":\"Home\",\"item\":\"http:\\\/\\\/ludzieikrajobrazy.muzeumleszno.pl\\\/\"},{\"@type\":\"ListItem\",\"position\":2,\"name\":\"D\u0105bcze. Ko\u015bci\u00f3\u0142 pw. \u015bw. Katarzyny Aleksandryjskiej, 1950 rok\u00a0\"}]},{\"@type\":\"WebSite\",\"@id\":\"http:\\\/\\\/ludzieikrajobrazy.muzeumleszno.pl\\\/#website\",\"url\":\"http:\\\/\\\/ludzieikrajobrazy.muzeumleszno.pl\\\/\",\"name\":\"Ludzie i krajobrazy. Powiat Leszczy\u0144ski w ikonografii\",\"description\":\"Powiat Leszczy\u0144ski w ikonografii\",\"potentialAction\":[{\"@type\":\"SearchAction\",\"target\":{\"@type\":\"EntryPoint\",\"urlTemplate\":\"http:\\\/\\\/ludzieikrajobrazy.muzeumleszno.pl\\\/?s={search_term_string}\"},\"query-input\":{\"@type\":\"PropertyValueSpecification\",\"valueRequired\":true,\"valueName\":\"search_term_string\"}}],\"inLanguage\":\"pl-PL\"},{\"@type\":\"Person\",\"@id\":\"http:\\\/\\\/ludzieikrajobrazy.muzeumleszno.pl\\\/#\\\/schema\\\/person\\\/fc2bc20e2b51efc3202ac1f0cdcd06c0\",\"name\":\"Pan_Admin\",\"image\":{\"@type\":\"ImageObject\",\"inLanguage\":\"pl-PL\",\"@id\":\"https:\\\/\\\/secure.gravatar.com\\\/avatar\\\/d109d485abe889ecc32dbdb971b715ad9d4596bd0e2353626451db3e04099822?s=96&d=mm&r=g\",\"url\":\"https:\\\/\\\/secure.gravatar.com\\\/avatar\\\/d109d485abe889ecc32dbdb971b715ad9d4596bd0e2353626451db3e04099822?s=96&d=mm&r=g\",\"contentUrl\":\"https:\\\/\\\/secure.gravatar.com\\\/avatar\\\/d109d485abe889ecc32dbdb971b715ad9d4596bd0e2353626451db3e04099822?s=96&d=mm&r=g\",\"caption\":\"Pan_Admin\"},\"sameAs\":[\"http:\\\/\\\/ludzieikrajobrazy.muzeumleszno.pl\"],\"url\":\"http:\\\/\\\/ludzieikrajobrazy.muzeumleszno.pl\\\/?author=1\"}]}<\/script>\n<!-- \/ Yoast SEO plugin. -->","yoast_head_json":{"title":"D\u0105bcze. Ko\u015bci\u00f3\u0142 pw. \u015bw. Katarzyny Aleksandryjskiej, 1950 rok\u00a0 - Ludzie i krajobrazy. Powiat Leszczy\u0144ski w ikonografii","robots":{"index":"index","follow":"follow","max-snippet":"max-snippet:-1","max-image-preview":"max-image-preview:large","max-video-preview":"max-video-preview:-1"},"canonical":"http:\/\/ludzieikrajobrazy.muzeumleszno.pl\/?p=251","og_locale":"pl_PL","og_type":"article","og_title":"D\u0105bcze. Ko\u015bci\u00f3\u0142 pw. \u015bw. Katarzyny Aleksandryjskiej, 1950 rok\u00a0 - Ludzie i krajobrazy. Powiat Leszczy\u0144ski w ikonografii","og_description":"Osiedlenie si\u0119 Jana z Czerniny (1360\u20131423) w Wielkopolsce przynios\u0142o nie tylko lokacj\u0119 Rydzyny, ale tak\u017ce skupienie w jego r\u0119kach licznych d\u00f3br po\u0142o\u017conych w okolicach nowo powsta\u0142ego miasta. D\u0105bcze,...","og_url":"http:\/\/ludzieikrajobrazy.muzeumleszno.pl\/?p=251","og_site_name":"Ludzie i krajobrazy. Powiat Leszczy\u0144ski w ikonografii","article_published_time":"2024-07-28T09:57:48+00:00","article_modified_time":"2024-09-18T10:51:11+00:00","og_image":[{"width":1611,"height":2000,"url":"http:\/\/ludzieikrajobrazy.muzeumleszno.pl\/wp-content\/uploads\/2024\/07\/20_MLFa-243.jpg","type":"image\/jpeg"}],"author":"Pan_Admin","twitter_card":"summary_large_image","twitter_misc":{"Napisane przez":"Pan_Admin","Szacowany czas czytania":"2 minuty"},"schema":{"@context":"https:\/\/schema.org","@graph":[{"@type":"Article","@id":"http:\/\/ludzieikrajobrazy.muzeumleszno.pl\/?p=251#article","isPartOf":{"@id":"http:\/\/ludzieikrajobrazy.muzeumleszno.pl\/?p=251"},"author":{"name":"Pan_Admin","@id":"http:\/\/ludzieikrajobrazy.muzeumleszno.pl\/#\/schema\/person\/fc2bc20e2b51efc3202ac1f0cdcd06c0"},"headline":"D\u0105bcze. Ko\u015bci\u00f3\u0142 pw. \u015bw. Katarzyny Aleksandryjskiej, 1950 rok\u00a0","datePublished":"2024-07-28T09:57:48+00:00","dateModified":"2024-09-18T10:51:11+00:00","mainEntityOfPage":{"@id":"http:\/\/ludzieikrajobrazy.muzeumleszno.pl\/?p=251"},"wordCount":205,"image":{"@id":"http:\/\/ludzieikrajobrazy.muzeumleszno.pl\/?p=251#primaryimage"},"thumbnailUrl":"http:\/\/ludzieikrajobrazy.muzeumleszno.pl\/wp-content\/uploads\/2024\/07\/20_MLFa-243.jpg","keywords":["1950","architektura","budownictwo drewniane","charakter sukursalny","cmentarz","D\u0105bcze","dokumentacja","drzewa","dwupoziomowa wie\u017ca","fotografia","gr\u00f3b","Jan z Czerniny","kapliczka","Katarzyna Aleksandryjska","konstrukcja szkieletowa","ko\u015bci\u00f3\u0142 pod wezwaniem \u015bw. Katarzyny","krajobraz","parafia","p\u0142yta nagrobna","sukurs","\u015bwi\u0105tynia","szachulec","Wawrzyniec Wieczorkowski","Wielkopolska"],"articleSection":["D\u0105bcze"],"inLanguage":"pl-PL"},{"@type":"WebPage","@id":"http:\/\/ludzieikrajobrazy.muzeumleszno.pl\/?p=251","url":"http:\/\/ludzieikrajobrazy.muzeumleszno.pl\/?p=251","name":"D\u0105bcze. Ko\u015bci\u00f3\u0142 pw. \u015bw. Katarzyny Aleksandryjskiej, 1950 rok\u00a0 - Ludzie i krajobrazy. Powiat Leszczy\u0144ski w ikonografii","isPartOf":{"@id":"http:\/\/ludzieikrajobrazy.muzeumleszno.pl\/#website"},"primaryImageOfPage":{"@id":"http:\/\/ludzieikrajobrazy.muzeumleszno.pl\/?p=251#primaryimage"},"image":{"@id":"http:\/\/ludzieikrajobrazy.muzeumleszno.pl\/?p=251#primaryimage"},"thumbnailUrl":"http:\/\/ludzieikrajobrazy.muzeumleszno.pl\/wp-content\/uploads\/2024\/07\/20_MLFa-243.jpg","datePublished":"2024-07-28T09:57:48+00:00","dateModified":"2024-09-18T10:51:11+00:00","author":{"@id":"http:\/\/ludzieikrajobrazy.muzeumleszno.pl\/#\/schema\/person\/fc2bc20e2b51efc3202ac1f0cdcd06c0"},"breadcrumb":{"@id":"http:\/\/ludzieikrajobrazy.muzeumleszno.pl\/?p=251#breadcrumb"},"inLanguage":"pl-PL","potentialAction":[{"@type":"ReadAction","target":["http:\/\/ludzieikrajobrazy.muzeumleszno.pl\/?p=251"]}]},{"@type":"BreadcrumbList","@id":"http:\/\/ludzieikrajobrazy.muzeumleszno.pl\/?p=251#breadcrumb","itemListElement":[{"@type":"ListItem","position":1,"name":"Home","item":"http:\/\/ludzieikrajobrazy.muzeumleszno.pl\/"},{"@type":"ListItem","position":2,"name":"D\u0105bcze. Ko\u015bci\u00f3\u0142 pw. \u015bw. Katarzyny Aleksandryjskiej, 1950 rok\u00a0"}]},{"@type":"WebSite","@id":"http:\/\/ludzieikrajobrazy.muzeumleszno.pl\/#website","url":"http:\/\/ludzieikrajobrazy.muzeumleszno.pl\/","name":"Ludzie i krajobrazy. Powiat Leszczy\u0144ski w ikonografii","description":"Powiat Leszczy\u0144ski w ikonografii","potentialAction":[{"@type":"SearchAction","target":{"@type":"EntryPoint","urlTemplate":"http:\/\/ludzieikrajobrazy.muzeumleszno.pl\/?s={search_term_string}"},"query-input":{"@type":"PropertyValueSpecification","valueRequired":true,"valueName":"search_term_string"}}],"inLanguage":"pl-PL"},{"@type":"Person","@id":"http:\/\/ludzieikrajobrazy.muzeumleszno.pl\/#\/schema\/person\/fc2bc20e2b51efc3202ac1f0cdcd06c0","name":"Pan_Admin","image":{"@type":"ImageObject","inLanguage":"pl-PL","@id":"https:\/\/secure.gravatar.com\/avatar\/d109d485abe889ecc32dbdb971b715ad9d4596bd0e2353626451db3e04099822?s=96&d=mm&r=g","url":"https:\/\/secure.gravatar.com\/avatar\/d109d485abe889ecc32dbdb971b715ad9d4596bd0e2353626451db3e04099822?s=96&d=mm&r=g","contentUrl":"https:\/\/secure.gravatar.com\/avatar\/d109d485abe889ecc32dbdb971b715ad9d4596bd0e2353626451db3e04099822?s=96&d=mm&r=g","caption":"Pan_Admin"},"sameAs":["http:\/\/ludzieikrajobrazy.muzeumleszno.pl"],"url":"http:\/\/ludzieikrajobrazy.muzeumleszno.pl\/?author=1"}]}},"_links":{"self":[{"href":"http:\/\/ludzieikrajobrazy.muzeumleszno.pl\/index.php?rest_route=\/wp\/v2\/posts\/251","targetHints":{"allow":["GET"]}}],"collection":[{"href":"http:\/\/ludzieikrajobrazy.muzeumleszno.pl\/index.php?rest_route=\/wp\/v2\/posts"}],"about":[{"href":"http:\/\/ludzieikrajobrazy.muzeumleszno.pl\/index.php?rest_route=\/wp\/v2\/types\/post"}],"author":[{"embeddable":true,"href":"http:\/\/ludzieikrajobrazy.muzeumleszno.pl\/index.php?rest_route=\/wp\/v2\/users\/1"}],"replies":[{"embeddable":true,"href":"http:\/\/ludzieikrajobrazy.muzeumleszno.pl\/index.php?rest_route=%2Fwp%2Fv2%2Fcomments&post=251"}],"version-history":[{"count":2,"href":"http:\/\/ludzieikrajobrazy.muzeumleszno.pl\/index.php?rest_route=\/wp\/v2\/posts\/251\/revisions"}],"predecessor-version":[{"id":1162,"href":"http:\/\/ludzieikrajobrazy.muzeumleszno.pl\/index.php?rest_route=\/wp\/v2\/posts\/251\/revisions\/1162"}],"wp:featuredmedia":[{"embeddable":true,"href":"http:\/\/ludzieikrajobrazy.muzeumleszno.pl\/index.php?rest_route=\/wp\/v2\/media\/252"}],"wp:attachment":[{"href":"http:\/\/ludzieikrajobrazy.muzeumleszno.pl\/index.php?rest_route=%2Fwp%2Fv2%2Fmedia&parent=251"}],"wp:term":[{"taxonomy":"category","embeddable":true,"href":"http:\/\/ludzieikrajobrazy.muzeumleszno.pl\/index.php?rest_route=%2Fwp%2Fv2%2Fcategories&post=251"},{"taxonomy":"post_tag","embeddable":true,"href":"http:\/\/ludzieikrajobrazy.muzeumleszno.pl\/index.php?rest_route=%2Fwp%2Fv2%2Ftags&post=251"}],"curies":[{"name":"wp","href":"https:\/\/api.w.org\/{rel}","templated":true}]}}