{"id":254,"date":"2024-07-28T11:56:21","date_gmt":"2024-07-28T09:56:21","guid":{"rendered":"http:\/\/ludzieikrajobrazy.muzeumleszno.pl\/?p=254"},"modified":"2024-09-18T12:56:33","modified_gmt":"2024-09-18T10:56:33","slug":"dabcze-fotografia-rodzinna-przed-1939-rokiem","status":"publish","type":"post","link":"http:\/\/ludzieikrajobrazy.muzeumleszno.pl\/?p=254","title":{"rendered":"D\u0105bcze. Fotografia rodzinna, przed 1939 rokiem\u00a0"},"content":{"rendered":"\n<p>G\u0142\u0119bokie przemiany spo\u0142eczne, gospodarcze i kulturowe sprawiaj\u0105, \u017ce tradycyjne poj\u0119cie rodziny i jej model podlegaj\u0105 daleko id\u0105cym zmianom. Rodzina wielopokoleniowa, definiowana jako rodzina, w kt\u00f3rej we wsp\u00f3lnym domu&nbsp; zamieszkuj\u0105 przynajmniej trzy pokolenia: dziadkowie, rodzice i dzieci, nale\u017cy do zjawisk coraz rzadziej spotykanych. Zar\u00f3wno przed II wojn\u0105 \u015bwiatow\u0105, jak i po jej zako\u0144czeniu model taki postrzegano jako gwarancj\u0119 ci\u0105g\u0142o\u015bci rodzinnych tradycji i budowania silnych wi\u0119zi emocjonalnych. Dawa\u0142 on tak\u017ce wi\u0119ksze poczucie bezpiecze\u0144stwa.&nbsp;<\/p>\n\n\n\n<p>Fotografia pochodzi z lat 30. XX wieku i ukazuje anonimow\u0105 rodzin\u0119 z D\u0105bcza. Przedstawione na niej trzy pokolenia s\u0105 dowodem trwanie rodu i jego perspektyw na przysz\u0142o\u015b\u0107.<\/p>\n\n\n\n<figure data-wp-context=\"{&quot;imageId&quot;:&quot;69f1cde24a118&quot;}\" data-wp-interactive=\"core\/image\" data-wp-key=\"69f1cde24a118\" class=\"wp-block-image size-full wp-lightbox-container\"><img fetchpriority=\"high\" decoding=\"async\" width=\"2560\" height=\"1638\" data-wp-class--hide=\"state.isContentHidden\" data-wp-class--show=\"state.isContentVisible\" data-wp-init=\"callbacks.setButtonStyles\" data-wp-on--click=\"actions.showLightbox\" data-wp-on--load=\"callbacks.setButtonStyles\" data-wp-on-window--resize=\"callbacks.setButtonStyles\" src=\"http:\/\/ludzieikrajobrazy.muzeumleszno.pl\/wp-content\/uploads\/2024\/07\/21_MLFa-3608_37-scaled.jpg\" alt=\"D\u0105bcze. Fotografia rodzinna, przed 1939 rokiem\" class=\"wp-image-255\" srcset=\"http:\/\/ludzieikrajobrazy.muzeumleszno.pl\/wp-content\/uploads\/2024\/07\/21_MLFa-3608_37-scaled.jpg 2560w, http:\/\/ludzieikrajobrazy.muzeumleszno.pl\/wp-content\/uploads\/2024\/07\/21_MLFa-3608_37-1536x983.jpg 1536w, http:\/\/ludzieikrajobrazy.muzeumleszno.pl\/wp-content\/uploads\/2024\/07\/21_MLFa-3608_37-2048x1310.jpg 2048w, http:\/\/ludzieikrajobrazy.muzeumleszno.pl\/wp-content\/uploads\/2024\/07\/21_MLFa-3608_37-200x128.jpg 200w, http:\/\/ludzieikrajobrazy.muzeumleszno.pl\/wp-content\/uploads\/2024\/07\/21_MLFa-3608_37-973x622.jpg 973w, http:\/\/ludzieikrajobrazy.muzeumleszno.pl\/wp-content\/uploads\/2024\/07\/21_MLFa-3608_37-508x325.jpg 508w\" sizes=\"(max-width: 2560px) 100vw, 2560px\" \/><button\n\t\t\tclass=\"lightbox-trigger\"\n\t\t\ttype=\"button\"\n\t\t\taria-haspopup=\"dialog\"\n\t\t\taria-label=\"Powi\u0119ksz\"\n\t\t\tdata-wp-init=\"callbacks.initTriggerButton\"\n\t\t\tdata-wp-on--click=\"actions.showLightbox\"\n\t\t\tdata-wp-style--right=\"state.imageButtonRight\"\n\t\t\tdata-wp-style--top=\"state.imageButtonTop\"\n\t\t>\n\t\t\t<svg xmlns=\"http:\/\/www.w3.org\/2000\/svg\" width=\"12\" height=\"12\" fill=\"none\" viewBox=\"0 0 12 12\">\n\t\t\t\t<path fill=\"#fff\" d=\"M2 0a2 2 0 0 0-2 2v2h1.5V2a.5.5 0 0 1 .5-.5h2V0H2Zm2 10.5H2a.5.5 0 0 1-.5-.5V8H0v2a2 2 0 0 0 2 2h2v-1.5ZM8 12v-1.5h2a.5.5 0 0 0 .5-.5V8H12v2a2 2 0 0 1-2 2H8Zm2-12a2 2 0 0 1 2 2v2h-1.5V2a.5.5 0 0 0-.5-.5H8V0h2Z\" \/>\n\t\t\t<\/svg>\n\t\t<\/button><figcaption class=\"wp-element-caption\">D\u0105bcze. Fotografia rodzinna, przed 1939 rokiem. wys. 8,7 cm x szer. 13,7 cm; odbitka srebrowo-\u017celatynowa, papier fotograficzny, okres mi\u0119dzywojenny; Muzeum Okr\u0119gowe w Lesznie; MLFa3608<\/figcaption><\/figure>\n\n\n\n<p class=\"has-small-font-size\">nr inw. MLFa 3608\/37W zbiorach Muzeum Okr\u0119gowego w Lesznie od 2021 roku, dar<\/p>\n\n\n\n<p>D.Cz.<\/p>\n\n\n\n<figure class=\"wp-block-embed is-type-video is-provider-youtube wp-block-embed-youtube wp-embed-aspect-16-9 wp-has-aspect-ratio\"><div class=\"wp-block-embed__wrapper\">\n<iframe title=\"Da\u0328bcze  Fotografia rodzinna, przed 1939 rokiem\" width=\"620\" height=\"349\" src=\"https:\/\/www.youtube.com\/embed\/kiYIhX2yXHg?feature=oembed\" frameborder=\"0\" allow=\"accelerometer; autoplay; clipboard-write; encrypted-media; gyroscope; picture-in-picture; web-share\" referrerpolicy=\"strict-origin-when-cross-origin\" allowfullscreen><\/iframe>\n<\/div><\/figure>\n","protected":false},"excerpt":{"rendered":"<p>G\u0142\u0119bokie przemiany spo\u0142eczne, gospodarcze i kulturowe sprawiaj\u0105, \u017ce tradycyjne poj\u0119cie rodziny i jej model podlegaj\u0105 daleko id\u0105cym zmianom. Rodzina wielopokoleniowa, definiowana jako rodzina, w kt\u00f3rej we wsp\u00f3lnym domu&nbsp;&#8230;<\/p>\n","protected":false},"author":1,"featured_media":255,"comment_status":"closed","ping_status":"closed","sticky":false,"template":"","format":"standard","meta":{"cybocfi_hide_featured_image":"yes","footnotes":""},"categories":[23],"tags":[419,378,2029,165,1186,1187,2027,1221,24,520,736,2024,851,852,417,201,315,247,363,1289,1318,407,998,1079,796,1715,2030,1919,2023,2025,1529,2026,1185,1169,1446,2028],"class_list":["post-254","post","type-post","status-publish","format-standard","has-post-thumbnail","hentry","category-dabcze","tag-419","tag-architektura","tag-bezpieczenstwo","tag-budownictwo-murowane","tag-budynek-ceglany","tag-cegla","tag-ciaglosc","tag-ciemna-suknia","tag-dabcze","tag-dokumentacja","tag-drzewa","tag-dziadkowie","tag-dzieci","tag-dziecko","tag-fotografia","tag-fotografia-grupowa","tag-fotografia-rodzinna","tag-garnitur","tag-ii-wojna-swiatowa","tag-kobieta","tag-kobiety","tag-krajobraz","tag-krzewy","tag-mezczyzna","tag-mezczyzni","tag-plener","tag-poczucie-bezpieczenstwa","tag-podworko","tag-pokolenie","tag-rodzice","tag-rodzina","tag-rodzina-wielopokoleniowa","tag-stroj-odswietny","tag-tradycja","tag-was","tag-wiezi-emocjonalne"],"yoast_head":"<!-- This site is optimized with the Yoast SEO plugin v27.5 - https:\/\/yoast.com\/product\/yoast-seo-wordpress\/ -->\n<title>D\u0105bcze. Fotografia rodzinna, przed 1939 rokiem\u00a0 - Ludzie i krajobrazy. Powiat Leszczy\u0144ski w ikonografii<\/title>\n<meta name=\"robots\" content=\"index, follow, max-snippet:-1, max-image-preview:large, max-video-preview:-1\" \/>\n<link rel=\"canonical\" href=\"http:\/\/ludzieikrajobrazy.muzeumleszno.pl\/?p=254\" \/>\n<meta property=\"og:locale\" content=\"pl_PL\" \/>\n<meta property=\"og:type\" content=\"article\" \/>\n<meta property=\"og:title\" content=\"D\u0105bcze. Fotografia rodzinna, przed 1939 rokiem\u00a0 - Ludzie i krajobrazy. Powiat Leszczy\u0144ski w ikonografii\" \/>\n<meta property=\"og:description\" content=\"G\u0142\u0119bokie przemiany spo\u0142eczne, gospodarcze i kulturowe sprawiaj\u0105, \u017ce tradycyjne poj\u0119cie rodziny i jej model podlegaj\u0105 daleko id\u0105cym zmianom. Rodzina wielopokoleniowa, definiowana jako rodzina, w kt\u00f3rej we wsp\u00f3lnym domu&nbsp;...\" \/>\n<meta property=\"og:url\" content=\"http:\/\/ludzieikrajobrazy.muzeumleszno.pl\/?p=254\" \/>\n<meta property=\"og:site_name\" content=\"Ludzie i krajobrazy. Powiat Leszczy\u0144ski w ikonografii\" \/>\n<meta property=\"article:published_time\" content=\"2024-07-28T09:56:21+00:00\" \/>\n<meta property=\"article:modified_time\" content=\"2024-09-18T10:56:33+00:00\" \/>\n<meta property=\"og:image\" content=\"http:\/\/ludzieikrajobrazy.muzeumleszno.pl\/wp-content\/uploads\/2024\/07\/21_MLFa-3608_37-scaled.jpg\" \/>\n\t<meta property=\"og:image:width\" content=\"2560\" \/>\n\t<meta property=\"og:image:height\" content=\"1638\" \/>\n\t<meta property=\"og:image:type\" content=\"image\/jpeg\" \/>\n<meta name=\"author\" content=\"Pan_Admin\" \/>\n<meta name=\"twitter:card\" content=\"summary_large_image\" \/>\n<meta name=\"twitter:label1\" content=\"Napisane przez\" \/>\n\t<meta name=\"twitter:data1\" content=\"Pan_Admin\" \/>\n\t<meta name=\"twitter:label2\" content=\"Szacowany czas czytania\" \/>\n\t<meta name=\"twitter:data2\" content=\"2 minuty\" \/>\n<script type=\"application\/ld+json\" class=\"yoast-schema-graph\">{\"@context\":\"https:\\\/\\\/schema.org\",\"@graph\":[{\"@type\":\"Article\",\"@id\":\"http:\\\/\\\/ludzieikrajobrazy.muzeumleszno.pl\\\/?p=254#article\",\"isPartOf\":{\"@id\":\"http:\\\/\\\/ludzieikrajobrazy.muzeumleszno.pl\\\/?p=254\"},\"author\":{\"name\":\"Pan_Admin\",\"@id\":\"https:\\\/\\\/ludzieikrajobrazy.muzeumleszno.pl\\\/#\\\/schema\\\/person\\\/fc2bc20e2b51efc3202ac1f0cdcd06c0\"},\"headline\":\"D\u0105bcze. Fotografia rodzinna, przed 1939 rokiem\u00a0\",\"datePublished\":\"2024-07-28T09:56:21+00:00\",\"dateModified\":\"2024-09-18T10:56:33+00:00\",\"mainEntityOfPage\":{\"@id\":\"http:\\\/\\\/ludzieikrajobrazy.muzeumleszno.pl\\\/?p=254\"},\"wordCount\":168,\"image\":{\"@id\":\"http:\\\/\\\/ludzieikrajobrazy.muzeumleszno.pl\\\/?p=254#primaryimage\"},\"thumbnailUrl\":\"http:\\\/\\\/ludzieikrajobrazy.muzeumleszno.pl\\\/wp-content\\\/uploads\\\/2024\\\/07\\\/21_MLFa-3608_37-scaled.jpg\",\"keywords\":[\"1939\",\"architektura\",\"bezpiecze\u0144stwo\",\"budownictwo murowane\",\"budynek ceglany\",\"ceg\u0142a\",\"ci\u0105g\u0142o\u015b\u0107\",\"ciemna suknia\",\"D\u0105bcze\",\"dokumentacja\",\"drzewa\",\"dziadkowie\",\"dzieci\",\"dziecko\",\"fotografia\",\"fotografia grupowa\",\"fotografia rodzinna\",\"garnitur\",\"II Wojna \u015awiatowa\",\"kobieta\",\"kobiety\",\"krajobraz\",\"krzewy\",\"m\u0119\u017cczyzna\",\"m\u0119\u017cczy\u017ani\",\"plener\",\"poczucie bezpiecze\u0144stwa\",\"podw\u00f3rko\",\"pokolenie\",\"rodzice\",\"rodzina\",\"rodzina wielopokoleniowa\",\"str\u00f3j od\u015bwi\u0119tny\",\"tradycja\",\"w\u0105s\",\"wi\u0119zi emocjonalne\"],\"articleSection\":[\"D\u0105bcze\"],\"inLanguage\":\"pl-PL\"},{\"@type\":\"WebPage\",\"@id\":\"http:\\\/\\\/ludzieikrajobrazy.muzeumleszno.pl\\\/?p=254\",\"url\":\"http:\\\/\\\/ludzieikrajobrazy.muzeumleszno.pl\\\/?p=254\",\"name\":\"D\u0105bcze. Fotografia rodzinna, przed 1939 rokiem\u00a0 - Ludzie i krajobrazy. Powiat Leszczy\u0144ski w ikonografii\",\"isPartOf\":{\"@id\":\"https:\\\/\\\/ludzieikrajobrazy.muzeumleszno.pl\\\/#website\"},\"primaryImageOfPage\":{\"@id\":\"http:\\\/\\\/ludzieikrajobrazy.muzeumleszno.pl\\\/?p=254#primaryimage\"},\"image\":{\"@id\":\"http:\\\/\\\/ludzieikrajobrazy.muzeumleszno.pl\\\/?p=254#primaryimage\"},\"thumbnailUrl\":\"http:\\\/\\\/ludzieikrajobrazy.muzeumleszno.pl\\\/wp-content\\\/uploads\\\/2024\\\/07\\\/21_MLFa-3608_37-scaled.jpg\",\"datePublished\":\"2024-07-28T09:56:21+00:00\",\"dateModified\":\"2024-09-18T10:56:33+00:00\",\"author\":{\"@id\":\"https:\\\/\\\/ludzieikrajobrazy.muzeumleszno.pl\\\/#\\\/schema\\\/person\\\/fc2bc20e2b51efc3202ac1f0cdcd06c0\"},\"breadcrumb\":{\"@id\":\"http:\\\/\\\/ludzieikrajobrazy.muzeumleszno.pl\\\/?p=254#breadcrumb\"},\"inLanguage\":\"pl-PL\",\"potentialAction\":[{\"@type\":\"ReadAction\",\"target\":[\"http:\\\/\\\/ludzieikrajobrazy.muzeumleszno.pl\\\/?p=254\"]}]},{\"@type\":\"BreadcrumbList\",\"@id\":\"http:\\\/\\\/ludzieikrajobrazy.muzeumleszno.pl\\\/?p=254#breadcrumb\",\"itemListElement\":[{\"@type\":\"ListItem\",\"position\":1,\"name\":\"Home\",\"item\":\"https:\\\/\\\/ludzieikrajobrazy.muzeumleszno.pl\\\/\"},{\"@type\":\"ListItem\",\"position\":2,\"name\":\"D\u0105bcze. Fotografia rodzinna, przed 1939 rokiem\u00a0\"}]},{\"@type\":\"WebSite\",\"@id\":\"https:\\\/\\\/ludzieikrajobrazy.muzeumleszno.pl\\\/#website\",\"url\":\"https:\\\/\\\/ludzieikrajobrazy.muzeumleszno.pl\\\/\",\"name\":\"Ludzie i krajobrazy. Powiat Leszczy\u0144ski w ikonografii\",\"description\":\"Powiat Leszczy\u0144ski w ikonografii\",\"potentialAction\":[{\"@type\":\"SearchAction\",\"target\":{\"@type\":\"EntryPoint\",\"urlTemplate\":\"https:\\\/\\\/ludzieikrajobrazy.muzeumleszno.pl\\\/?s={search_term_string}\"},\"query-input\":{\"@type\":\"PropertyValueSpecification\",\"valueRequired\":true,\"valueName\":\"search_term_string\"}}],\"inLanguage\":\"pl-PL\"},{\"@type\":\"Person\",\"@id\":\"https:\\\/\\\/ludzieikrajobrazy.muzeumleszno.pl\\\/#\\\/schema\\\/person\\\/fc2bc20e2b51efc3202ac1f0cdcd06c0\",\"name\":\"Pan_Admin\",\"image\":{\"@type\":\"ImageObject\",\"inLanguage\":\"pl-PL\",\"@id\":\"https:\\\/\\\/secure.gravatar.com\\\/avatar\\\/d109d485abe889ecc32dbdb971b715ad9d4596bd0e2353626451db3e04099822?s=96&d=mm&r=g\",\"url\":\"https:\\\/\\\/secure.gravatar.com\\\/avatar\\\/d109d485abe889ecc32dbdb971b715ad9d4596bd0e2353626451db3e04099822?s=96&d=mm&r=g\",\"contentUrl\":\"https:\\\/\\\/secure.gravatar.com\\\/avatar\\\/d109d485abe889ecc32dbdb971b715ad9d4596bd0e2353626451db3e04099822?s=96&d=mm&r=g\",\"caption\":\"Pan_Admin\"},\"sameAs\":[\"http:\\\/\\\/ludzieikrajobrazy.muzeumleszno.pl\"],\"url\":\"http:\\\/\\\/ludzieikrajobrazy.muzeumleszno.pl\\\/?author=1\"}]}<\/script>\n<!-- \/ Yoast SEO plugin. -->","yoast_head_json":{"title":"D\u0105bcze. Fotografia rodzinna, przed 1939 rokiem\u00a0 - Ludzie i krajobrazy. Powiat Leszczy\u0144ski w ikonografii","robots":{"index":"index","follow":"follow","max-snippet":"max-snippet:-1","max-image-preview":"max-image-preview:large","max-video-preview":"max-video-preview:-1"},"canonical":"http:\/\/ludzieikrajobrazy.muzeumleszno.pl\/?p=254","og_locale":"pl_PL","og_type":"article","og_title":"D\u0105bcze. Fotografia rodzinna, przed 1939 rokiem\u00a0 - Ludzie i krajobrazy. Powiat Leszczy\u0144ski w ikonografii","og_description":"G\u0142\u0119bokie przemiany spo\u0142eczne, gospodarcze i kulturowe sprawiaj\u0105, \u017ce tradycyjne poj\u0119cie rodziny i jej model podlegaj\u0105 daleko id\u0105cym zmianom. Rodzina wielopokoleniowa, definiowana jako rodzina, w kt\u00f3rej we wsp\u00f3lnym domu&nbsp;...","og_url":"http:\/\/ludzieikrajobrazy.muzeumleszno.pl\/?p=254","og_site_name":"Ludzie i krajobrazy. Powiat Leszczy\u0144ski w ikonografii","article_published_time":"2024-07-28T09:56:21+00:00","article_modified_time":"2024-09-18T10:56:33+00:00","og_image":[{"width":2560,"height":1638,"url":"http:\/\/ludzieikrajobrazy.muzeumleszno.pl\/wp-content\/uploads\/2024\/07\/21_MLFa-3608_37-scaled.jpg","type":"image\/jpeg"}],"author":"Pan_Admin","twitter_card":"summary_large_image","twitter_misc":{"Napisane przez":"Pan_Admin","Szacowany czas czytania":"2 minuty"},"schema":{"@context":"https:\/\/schema.org","@graph":[{"@type":"Article","@id":"http:\/\/ludzieikrajobrazy.muzeumleszno.pl\/?p=254#article","isPartOf":{"@id":"http:\/\/ludzieikrajobrazy.muzeumleszno.pl\/?p=254"},"author":{"name":"Pan_Admin","@id":"https:\/\/ludzieikrajobrazy.muzeumleszno.pl\/#\/schema\/person\/fc2bc20e2b51efc3202ac1f0cdcd06c0"},"headline":"D\u0105bcze. Fotografia rodzinna, przed 1939 rokiem\u00a0","datePublished":"2024-07-28T09:56:21+00:00","dateModified":"2024-09-18T10:56:33+00:00","mainEntityOfPage":{"@id":"http:\/\/ludzieikrajobrazy.muzeumleszno.pl\/?p=254"},"wordCount":168,"image":{"@id":"http:\/\/ludzieikrajobrazy.muzeumleszno.pl\/?p=254#primaryimage"},"thumbnailUrl":"http:\/\/ludzieikrajobrazy.muzeumleszno.pl\/wp-content\/uploads\/2024\/07\/21_MLFa-3608_37-scaled.jpg","keywords":["1939","architektura","bezpiecze\u0144stwo","budownictwo murowane","budynek ceglany","ceg\u0142a","ci\u0105g\u0142o\u015b\u0107","ciemna suknia","D\u0105bcze","dokumentacja","drzewa","dziadkowie","dzieci","dziecko","fotografia","fotografia grupowa","fotografia rodzinna","garnitur","II Wojna \u015awiatowa","kobieta","kobiety","krajobraz","krzewy","m\u0119\u017cczyzna","m\u0119\u017cczy\u017ani","plener","poczucie bezpiecze\u0144stwa","podw\u00f3rko","pokolenie","rodzice","rodzina","rodzina wielopokoleniowa","str\u00f3j od\u015bwi\u0119tny","tradycja","w\u0105s","wi\u0119zi emocjonalne"],"articleSection":["D\u0105bcze"],"inLanguage":"pl-PL"},{"@type":"WebPage","@id":"http:\/\/ludzieikrajobrazy.muzeumleszno.pl\/?p=254","url":"http:\/\/ludzieikrajobrazy.muzeumleszno.pl\/?p=254","name":"D\u0105bcze. Fotografia rodzinna, przed 1939 rokiem\u00a0 - Ludzie i krajobrazy. Powiat Leszczy\u0144ski w ikonografii","isPartOf":{"@id":"https:\/\/ludzieikrajobrazy.muzeumleszno.pl\/#website"},"primaryImageOfPage":{"@id":"http:\/\/ludzieikrajobrazy.muzeumleszno.pl\/?p=254#primaryimage"},"image":{"@id":"http:\/\/ludzieikrajobrazy.muzeumleszno.pl\/?p=254#primaryimage"},"thumbnailUrl":"http:\/\/ludzieikrajobrazy.muzeumleszno.pl\/wp-content\/uploads\/2024\/07\/21_MLFa-3608_37-scaled.jpg","datePublished":"2024-07-28T09:56:21+00:00","dateModified":"2024-09-18T10:56:33+00:00","author":{"@id":"https:\/\/ludzieikrajobrazy.muzeumleszno.pl\/#\/schema\/person\/fc2bc20e2b51efc3202ac1f0cdcd06c0"},"breadcrumb":{"@id":"http:\/\/ludzieikrajobrazy.muzeumleszno.pl\/?p=254#breadcrumb"},"inLanguage":"pl-PL","potentialAction":[{"@type":"ReadAction","target":["http:\/\/ludzieikrajobrazy.muzeumleszno.pl\/?p=254"]}]},{"@type":"BreadcrumbList","@id":"http:\/\/ludzieikrajobrazy.muzeumleszno.pl\/?p=254#breadcrumb","itemListElement":[{"@type":"ListItem","position":1,"name":"Home","item":"https:\/\/ludzieikrajobrazy.muzeumleszno.pl\/"},{"@type":"ListItem","position":2,"name":"D\u0105bcze. Fotografia rodzinna, przed 1939 rokiem\u00a0"}]},{"@type":"WebSite","@id":"https:\/\/ludzieikrajobrazy.muzeumleszno.pl\/#website","url":"https:\/\/ludzieikrajobrazy.muzeumleszno.pl\/","name":"Ludzie i krajobrazy. Powiat Leszczy\u0144ski w ikonografii","description":"Powiat Leszczy\u0144ski w ikonografii","potentialAction":[{"@type":"SearchAction","target":{"@type":"EntryPoint","urlTemplate":"https:\/\/ludzieikrajobrazy.muzeumleszno.pl\/?s={search_term_string}"},"query-input":{"@type":"PropertyValueSpecification","valueRequired":true,"valueName":"search_term_string"}}],"inLanguage":"pl-PL"},{"@type":"Person","@id":"https:\/\/ludzieikrajobrazy.muzeumleszno.pl\/#\/schema\/person\/fc2bc20e2b51efc3202ac1f0cdcd06c0","name":"Pan_Admin","image":{"@type":"ImageObject","inLanguage":"pl-PL","@id":"https:\/\/secure.gravatar.com\/avatar\/d109d485abe889ecc32dbdb971b715ad9d4596bd0e2353626451db3e04099822?s=96&d=mm&r=g","url":"https:\/\/secure.gravatar.com\/avatar\/d109d485abe889ecc32dbdb971b715ad9d4596bd0e2353626451db3e04099822?s=96&d=mm&r=g","contentUrl":"https:\/\/secure.gravatar.com\/avatar\/d109d485abe889ecc32dbdb971b715ad9d4596bd0e2353626451db3e04099822?s=96&d=mm&r=g","caption":"Pan_Admin"},"sameAs":["http:\/\/ludzieikrajobrazy.muzeumleszno.pl"],"url":"http:\/\/ludzieikrajobrazy.muzeumleszno.pl\/?author=1"}]}},"_links":{"self":[{"href":"http:\/\/ludzieikrajobrazy.muzeumleszno.pl\/index.php?rest_route=\/wp\/v2\/posts\/254","targetHints":{"allow":["GET"]}}],"collection":[{"href":"http:\/\/ludzieikrajobrazy.muzeumleszno.pl\/index.php?rest_route=\/wp\/v2\/posts"}],"about":[{"href":"http:\/\/ludzieikrajobrazy.muzeumleszno.pl\/index.php?rest_route=\/wp\/v2\/types\/post"}],"author":[{"embeddable":true,"href":"http:\/\/ludzieikrajobrazy.muzeumleszno.pl\/index.php?rest_route=\/wp\/v2\/users\/1"}],"replies":[{"embeddable":true,"href":"http:\/\/ludzieikrajobrazy.muzeumleszno.pl\/index.php?rest_route=%2Fwp%2Fv2%2Fcomments&post=254"}],"version-history":[{"count":2,"href":"http:\/\/ludzieikrajobrazy.muzeumleszno.pl\/index.php?rest_route=\/wp\/v2\/posts\/254\/revisions"}],"predecessor-version":[{"id":1164,"href":"http:\/\/ludzieikrajobrazy.muzeumleszno.pl\/index.php?rest_route=\/wp\/v2\/posts\/254\/revisions\/1164"}],"wp:featuredmedia":[{"embeddable":true,"href":"http:\/\/ludzieikrajobrazy.muzeumleszno.pl\/index.php?rest_route=\/wp\/v2\/media\/255"}],"wp:attachment":[{"href":"http:\/\/ludzieikrajobrazy.muzeumleszno.pl\/index.php?rest_route=%2Fwp%2Fv2%2Fmedia&parent=254"}],"wp:term":[{"taxonomy":"category","embeddable":true,"href":"http:\/\/ludzieikrajobrazy.muzeumleszno.pl\/index.php?rest_route=%2Fwp%2Fv2%2Fcategories&post=254"},{"taxonomy":"post_tag","embeddable":true,"href":"http:\/\/ludzieikrajobrazy.muzeumleszno.pl\/index.php?rest_route=%2Fwp%2Fv2%2Ftags&post=254"}],"curies":[{"name":"wp","href":"https:\/\/api.w.org\/{rel}","templated":true}]}}