{"id":257,"date":"2024-07-27T12:00:34","date_gmt":"2024-07-27T10:00:34","guid":{"rendered":"http:\/\/ludzieikrajobrazy.muzeumleszno.pl\/?p=257"},"modified":"2024-09-18T13:01:35","modified_gmt":"2024-09-18T11:01:35","slug":"dlugie-nowe-pocztowka-wielotematyczna-1907-rok-wroclaw-verlag-r-flassig","status":"publish","type":"post","link":"http:\/\/ludzieikrajobrazy.muzeumleszno.pl\/?p=257","title":{"rendered":"D\u0142ugie Nowe. Poczt\u00f3wka wielotematyczna, 1907 rok, Wroc\u0142aw, Verlag R. Flassig\u00a0"},"content":{"rendered":"\n<p>Poczt\u00f3wka adresowana do Anny Hancke(?) z \u0141\u0119gonia (niem. Langenau).&nbsp;<\/p>\n\n\n\n<p>Miejscowo\u015b\u0107 po raz pierwszy odnotowano w 1407 roku. Wie\u015b w r\u00f3\u017cnych okresach nale\u017ca\u0142a do Kotwicz\u00f3w-D\u0142uskich, Wilkowskich, Rokossowskich i Nie\u017cychowskich. Lokowano j\u0105 na prawie niemieckim, a pierwszym so\u0142tysem by\u0142 niejaki Zifridus (Zyfryd).&nbsp;<\/p>\n\n\n\n<p>Na poczt\u00f3wce umieszczono cztery widoki wsi. W lewym g\u00f3rnym rogu budynek wiejskiej szko\u0142y. Plac\u00f3wki edukacyjne w Prowincji Pozna\u0144skiej organizowano w niemal ka\u017cdej miejscowo\u015bci. W XIX wieku mia\u0142y one najcz\u0119\u015bciej charakter wyznaniowy. Szko\u0142a w D\u0142ugich Nowych by\u0142a szko\u0142\u0105 katolick\u0105.&nbsp;<\/p>\n\n\n\n<p>Na uj\u0119ciu \u015brodkowym umieszczono budynek ober\u017cy Dittmanna. Karczmy pe\u0142ni\u0142y w przesz\u0142o\u015bci wa\u017cn\u0105 funkcj\u0119 spo\u0142eczn\u0105. Odbywa\u0142y si\u0119 w nich s\u0105dy, sk\u0142adano daniny, organizowano spotkania gromadzkie i zabawy. By\u0142y tak\u017ce miejscem odpoczynku dla podr\u00f3\u017cnych i zawierania kontrakt\u00f3w handlowych.&nbsp;<\/p>\n\n\n\n<p>W prawym g\u00f3rnym rogu budynek urz\u0119du celnego (<em>Alte Zollkaus<\/em>) przy drodze Leszno-Wschowa. W okresie mi\u0119dzywojennym w miejscowo\u015bci nadal istnia\u0142a plac\u00f3wka batalionu celnego, a nast\u0119pnie plac\u00f3wka polskiej Stra\u017cy Granicznej.&nbsp;<\/p>\n\n\n\n<p>Ostatni widok przedstawia trzy lipy i ustawiony pomi\u0119dzy nimi drewniany krzy\u017c. W XV wieku wioska posiada\u0142a w\u0142asn\u0105 parafi\u0119. By\u0107 mo\u017ce jest to \u015blad po nieistniej\u0105cym ju\u017c ko\u015bciele i cmentarzu. Wed\u0142ug lokalnych przekaz\u00f3w spoczywaj\u0105 pod nim \u017co\u0142nierzy polegli podczas bli\u017cej nieokre\u015blonych dzia\u0142a\u0144 wojennych. Nowy krzy\u017c mieszka\u0144cy postawili w 1958 roku.&nbsp;<\/p>\n\n\n\n<figure data-wp-context=\"{&quot;imageId&quot;:&quot;69f1cb83d9d3b&quot;}\" data-wp-interactive=\"core\/image\" data-wp-key=\"69f1cb83d9d3b\" class=\"wp-block-image size-full wp-lightbox-container\"><img fetchpriority=\"high\" decoding=\"async\" width=\"2560\" height=\"1699\" data-wp-class--hide=\"state.isContentHidden\" data-wp-class--show=\"state.isContentVisible\" data-wp-init=\"callbacks.setButtonStyles\" data-wp-on--click=\"actions.showLightbox\" data-wp-on--load=\"callbacks.setButtonStyles\" data-wp-on-window--resize=\"callbacks.setButtonStyles\" src=\"http:\/\/ludzieikrajobrazy.muzeumleszno.pl\/wp-content\/uploads\/2024\/07\/22_MLPH-568-scaled.jpg\" alt=\"Poczt\u00f3wka - D\u0142ugie Nowe\" class=\"wp-image-258\" srcset=\"http:\/\/ludzieikrajobrazy.muzeumleszno.pl\/wp-content\/uploads\/2024\/07\/22_MLPH-568-scaled.jpg 2560w, http:\/\/ludzieikrajobrazy.muzeumleszno.pl\/wp-content\/uploads\/2024\/07\/22_MLPH-568-1536x1019.jpg 1536w, http:\/\/ludzieikrajobrazy.muzeumleszno.pl\/wp-content\/uploads\/2024\/07\/22_MLPH-568-2048x1359.jpg 2048w, http:\/\/ludzieikrajobrazy.muzeumleszno.pl\/wp-content\/uploads\/2024\/07\/22_MLPH-568-200x133.jpg 200w, http:\/\/ludzieikrajobrazy.muzeumleszno.pl\/wp-content\/uploads\/2024\/07\/22_MLPH-568-973x646.jpg 973w, http:\/\/ludzieikrajobrazy.muzeumleszno.pl\/wp-content\/uploads\/2024\/07\/22_MLPH-568-508x337.jpg 508w\" sizes=\"(max-width: 2560px) 100vw, 2560px\" \/><button\n\t\t\tclass=\"lightbox-trigger\"\n\t\t\ttype=\"button\"\n\t\t\taria-haspopup=\"dialog\"\n\t\t\taria-label=\"Powi\u0119ksz\"\n\t\t\tdata-wp-init=\"callbacks.initTriggerButton\"\n\t\t\tdata-wp-on--click=\"actions.showLightbox\"\n\t\t\tdata-wp-style--right=\"state.imageButtonRight\"\n\t\t\tdata-wp-style--top=\"state.imageButtonTop\"\n\t\t>\n\t\t\t<svg xmlns=\"http:\/\/www.w3.org\/2000\/svg\" width=\"12\" height=\"12\" fill=\"none\" viewBox=\"0 0 12 12\">\n\t\t\t\t<path fill=\"#fff\" d=\"M2 0a2 2 0 0 0-2 2v2h1.5V2a.5.5 0 0 1 .5-.5h2V0H2Zm2 10.5H2a.5.5 0 0 1-.5-.5V8H0v2a2 2 0 0 0 2 2h2v-1.5ZM8 12v-1.5h2a.5.5 0 0 0 .5-.5V8H12v2a2 2 0 0 1-2 2H8Zm2-12a2 2 0 0 1 2 2v2h-1.5V2a.5.5 0 0 0-.5-.5H8V0h2Z\" \/>\n\t\t\t<\/svg>\n\t\t<\/button><figcaption class=\"wp-element-caption\">wys. 9,3 cm x szer. 14 cm; papier, druk; wydawca: R. Flassig, Breslau, oko\u0142o 1907 roku; Muzeum Okr\u0119gowe w Lesznie; MLPH568<\/figcaption><\/figure>\n\n\n\n<p class=\"has-small-font-size\">nr inw. MLPH 568<br>W zbiorach Muzeum Okr\u0119gowego w Lesznie od 2009 roku, dar<\/p>\n\n\n\n<p>D.Cz.<\/p>\n\n\n\n<figure class=\"wp-block-embed is-type-video is-provider-youtube wp-block-embed-youtube wp-embed-aspect-16-9 wp-has-aspect-ratio\"><div class=\"wp-block-embed__wrapper\">\n<iframe title=\"D\u0142ugie Nowe  Poczto\u0301wka wielotematyczna, 1907 rok, Wroc\u0142aw, Verlag R  Flassig\" width=\"620\" height=\"349\" src=\"https:\/\/www.youtube.com\/embed\/GIBLfCMs86E?feature=oembed\" frameborder=\"0\" allow=\"accelerometer; autoplay; clipboard-write; encrypted-media; gyroscope; picture-in-picture; web-share\" referrerpolicy=\"strict-origin-when-cross-origin\" allowfullscreen><\/iframe>\n<\/div><\/figure>\n","protected":false},"excerpt":{"rendered":"<p>Poczt\u00f3wka adresowana do Anny Hancke(?) z \u0141\u0119gonia (niem. Langenau).&nbsp; Miejscowo\u015b\u0107 po raz pierwszy odnotowano w 1407 roku. Wie\u015b w r\u00f3\u017cnych okresach nale\u017ca\u0142a do Kotwicz\u00f3w-D\u0142uskich, Wilkowskich, Rokossowskich i Nie\u017cychowskich&#8230;.<\/p>\n","protected":false},"author":1,"featured_media":258,"comment_status":"closed","ping_status":"closed","sticky":false,"template":"","format":"standard","meta":{"cybocfi_hide_featured_image":"yes","footnotes":""},"categories":[25],"tags":[2031,2034,378,2048,165,1186,1187,2040,392,1271,2044,2041,26,2035,520,598,736,2050,447,2022,2042,1137,2046,575,940,407,828,357,215,1695,1327,619,1044,1944,811,984,365,1454,2049,202,2036,2043,1913,2045,543,2047,2033,683,2039,1201,486,2032,1358,784,2037,1713,2038],"class_list":["post-257","post","type-post","status-publish","format-standard","has-post-thumbnail","hentry","category-dlugie-nowe","tag-2031","tag-anna-hancke","tag-architektura","tag-batalion-celny","tag-budownictwo-murowane","tag-budynek-ceglany","tag-cegla","tag-charakter-wyznaniowy","tag-cmentarz","tag-dach","tag-danina","tag-dittmann","tag-dlugienowe","tag-dluscy","tag-dokumentacja","tag-droga","tag-drzewa","tag-dzialania-wojenne","tag-edukacja","tag-fotogra","tag-funkcja-spoleczna","tag-grupa-ludzi","tag-kontrakt-handlowy","tag-kosciol","tag-kotwicze","tag-krajobraz","tag-krzyz","tag-leszno","tag-miedzywojnie","tag-nauka","tag-niezychowscy","tag-oberza","tag-odpoczynek","tag-okno","tag-parafia","tag-plot","tag-pocztowka-wielotematyczna","tag-podrozny","tag-polska-straz-graniczna","tag-prowincja-poznanska","tag-rokossowscy","tag-sad-2","tag-sciezka","tag-spotkanie-gromadzkie","tag-szkola-katolicka","tag-urzad-celny","tag-verlag-r-flassig","tag-widok","tag-wiejska-szkola","tag-wies","tag-wilkowscy","tag-wroclaw","tag-wschowa","tag-zabawa","tag-zifridus","tag-zolnierz","tag-zyfryd"],"yoast_head":"<!-- This site is optimized with the Yoast SEO plugin v27.5 - https:\/\/yoast.com\/product\/yoast-seo-wordpress\/ -->\n<title>D\u0142ugie Nowe. Poczt\u00f3wka wielotematyczna, 1907 rok, Wroc\u0142aw, Verlag R. Flassig\u00a0 - Ludzie i krajobrazy. Powiat Leszczy\u0144ski w ikonografii<\/title>\n<meta name=\"robots\" content=\"index, follow, max-snippet:-1, max-image-preview:large, max-video-preview:-1\" \/>\n<link rel=\"canonical\" href=\"http:\/\/ludzieikrajobrazy.muzeumleszno.pl\/?p=257\" \/>\n<meta property=\"og:locale\" content=\"pl_PL\" \/>\n<meta property=\"og:type\" content=\"article\" \/>\n<meta property=\"og:title\" content=\"D\u0142ugie Nowe. Poczt\u00f3wka wielotematyczna, 1907 rok, Wroc\u0142aw, Verlag R. Flassig\u00a0 - Ludzie i krajobrazy. Powiat Leszczy\u0144ski w ikonografii\" \/>\n<meta property=\"og:description\" content=\"Poczt\u00f3wka adresowana do Anny Hancke(?) z \u0141\u0119gonia (niem. Langenau).&nbsp; Miejscowo\u015b\u0107 po raz pierwszy odnotowano w 1407 roku. Wie\u015b w r\u00f3\u017cnych okresach nale\u017ca\u0142a do Kotwicz\u00f3w-D\u0142uskich, Wilkowskich, Rokossowskich i Nie\u017cychowskich....\" \/>\n<meta property=\"og:url\" content=\"http:\/\/ludzieikrajobrazy.muzeumleszno.pl\/?p=257\" \/>\n<meta property=\"og:site_name\" content=\"Ludzie i krajobrazy. Powiat Leszczy\u0144ski w ikonografii\" \/>\n<meta property=\"article:published_time\" content=\"2024-07-27T10:00:34+00:00\" \/>\n<meta property=\"article:modified_time\" content=\"2024-09-18T11:01:35+00:00\" \/>\n<meta property=\"og:image\" content=\"http:\/\/ludzieikrajobrazy.muzeumleszno.pl\/wp-content\/uploads\/2024\/07\/22_MLPH-568-scaled.jpg\" \/>\n\t<meta property=\"og:image:width\" content=\"2560\" \/>\n\t<meta property=\"og:image:height\" content=\"1699\" \/>\n\t<meta property=\"og:image:type\" content=\"image\/jpeg\" \/>\n<meta name=\"author\" content=\"Pan_Admin\" \/>\n<meta name=\"twitter:card\" content=\"summary_large_image\" \/>\n<meta name=\"twitter:label1\" content=\"Napisane przez\" \/>\n\t<meta name=\"twitter:data1\" content=\"Pan_Admin\" \/>\n\t<meta name=\"twitter:label2\" content=\"Szacowany czas czytania\" \/>\n\t<meta name=\"twitter:data2\" content=\"2 minuty\" \/>\n<script type=\"application\/ld+json\" class=\"yoast-schema-graph\">{\"@context\":\"https:\\\/\\\/schema.org\",\"@graph\":[{\"@type\":\"Article\",\"@id\":\"http:\\\/\\\/ludzieikrajobrazy.muzeumleszno.pl\\\/?p=257#article\",\"isPartOf\":{\"@id\":\"http:\\\/\\\/ludzieikrajobrazy.muzeumleszno.pl\\\/?p=257\"},\"author\":{\"name\":\"Pan_Admin\",\"@id\":\"https:\\\/\\\/ludzieikrajobrazy.muzeumleszno.pl\\\/#\\\/schema\\\/person\\\/fc2bc20e2b51efc3202ac1f0cdcd06c0\"},\"headline\":\"D\u0142ugie Nowe. Poczt\u00f3wka wielotematyczna, 1907 rok, Wroc\u0142aw, Verlag R. Flassig\u00a0\",\"datePublished\":\"2024-07-27T10:00:34+00:00\",\"dateModified\":\"2024-09-18T11:01:35+00:00\",\"mainEntityOfPage\":{\"@id\":\"http:\\\/\\\/ludzieikrajobrazy.muzeumleszno.pl\\\/?p=257\"},\"wordCount\":304,\"image\":{\"@id\":\"http:\\\/\\\/ludzieikrajobrazy.muzeumleszno.pl\\\/?p=257#primaryimage\"},\"thumbnailUrl\":\"http:\\\/\\\/ludzieikrajobrazy.muzeumleszno.pl\\\/wp-content\\\/uploads\\\/2024\\\/07\\\/22_MLPH-568-scaled.jpg\",\"keywords\":[\"1907\",\"Anna Hancke\",\"architektura\",\"batalion celny\",\"budownictwo murowane\",\"budynek ceglany\",\"ceg\u0142a\",\"charakter wyznaniowy\",\"cmentarz\",\"dach\",\"danina\",\"Dittmann\",\"D\u0142ugie Nowe\",\"D\u0142uscy\",\"dokumentacja\",\"droga\",\"drzewa\",\"dzia\u0142ania wojenne\",\"edukacja\",\"fotogra\",\"funkcja spo\u0142eczna\",\"grupa ludzi\",\"kontrakt handlowy\",\"ko\u015bci\u00f3\u0142\",\"Kotwicze\",\"krajobraz\",\"krzy\u017c\",\"Leszno\",\"mi\u0119dzywojnie\",\"nauka\",\"Nie\u017cychowscy\",\"ober\u017ca\",\"odpoczynek\",\"okno\",\"parafia\",\"p\u0142ot\",\"poczt\u00f3wka wielotematyczna\",\"podr\u00f3\u017cny\",\"polska Stra\u017c Graniczna\",\"Prowincja Pozna\u0144ska\",\"Rokossowscy\",\"s\u0105d\",\"\u015bcie\u017cka\",\"spotkanie gromadzkie\",\"szko\u0142a katolicka\",\"urz\u0105d celny\",\"Verlag R. Flassig\",\"widok\",\"wiejska szko\u0142a\",\"wie\u015b\",\"Wilkowscy\",\"Wroc\u0142aw\",\"Wschowa\",\"zabawa\",\"Zifridus\",\"\u017co\u0142nierz\",\"Zyfryd\"],\"articleSection\":[\"D\u0142ugie Nowe\"],\"inLanguage\":\"pl-PL\"},{\"@type\":\"WebPage\",\"@id\":\"http:\\\/\\\/ludzieikrajobrazy.muzeumleszno.pl\\\/?p=257\",\"url\":\"http:\\\/\\\/ludzieikrajobrazy.muzeumleszno.pl\\\/?p=257\",\"name\":\"D\u0142ugie Nowe. Poczt\u00f3wka wielotematyczna, 1907 rok, Wroc\u0142aw, Verlag R. Flassig\u00a0 - Ludzie i krajobrazy. Powiat Leszczy\u0144ski w ikonografii\",\"isPartOf\":{\"@id\":\"https:\\\/\\\/ludzieikrajobrazy.muzeumleszno.pl\\\/#website\"},\"primaryImageOfPage\":{\"@id\":\"http:\\\/\\\/ludzieikrajobrazy.muzeumleszno.pl\\\/?p=257#primaryimage\"},\"image\":{\"@id\":\"http:\\\/\\\/ludzieikrajobrazy.muzeumleszno.pl\\\/?p=257#primaryimage\"},\"thumbnailUrl\":\"http:\\\/\\\/ludzieikrajobrazy.muzeumleszno.pl\\\/wp-content\\\/uploads\\\/2024\\\/07\\\/22_MLPH-568-scaled.jpg\",\"datePublished\":\"2024-07-27T10:00:34+00:00\",\"dateModified\":\"2024-09-18T11:01:35+00:00\",\"author\":{\"@id\":\"https:\\\/\\\/ludzieikrajobrazy.muzeumleszno.pl\\\/#\\\/schema\\\/person\\\/fc2bc20e2b51efc3202ac1f0cdcd06c0\"},\"breadcrumb\":{\"@id\":\"http:\\\/\\\/ludzieikrajobrazy.muzeumleszno.pl\\\/?p=257#breadcrumb\"},\"inLanguage\":\"pl-PL\",\"potentialAction\":[{\"@type\":\"ReadAction\",\"target\":[\"http:\\\/\\\/ludzieikrajobrazy.muzeumleszno.pl\\\/?p=257\"]}]},{\"@type\":\"BreadcrumbList\",\"@id\":\"http:\\\/\\\/ludzieikrajobrazy.muzeumleszno.pl\\\/?p=257#breadcrumb\",\"itemListElement\":[{\"@type\":\"ListItem\",\"position\":1,\"name\":\"Home\",\"item\":\"https:\\\/\\\/ludzieikrajobrazy.muzeumleszno.pl\\\/\"},{\"@type\":\"ListItem\",\"position\":2,\"name\":\"D\u0142ugie Nowe. Poczt\u00f3wka wielotematyczna, 1907 rok, Wroc\u0142aw, Verlag R. Flassig\u00a0\"}]},{\"@type\":\"WebSite\",\"@id\":\"https:\\\/\\\/ludzieikrajobrazy.muzeumleszno.pl\\\/#website\",\"url\":\"https:\\\/\\\/ludzieikrajobrazy.muzeumleszno.pl\\\/\",\"name\":\"Ludzie i krajobrazy. Powiat Leszczy\u0144ski w ikonografii\",\"description\":\"Powiat Leszczy\u0144ski w ikonografii\",\"potentialAction\":[{\"@type\":\"SearchAction\",\"target\":{\"@type\":\"EntryPoint\",\"urlTemplate\":\"https:\\\/\\\/ludzieikrajobrazy.muzeumleszno.pl\\\/?s={search_term_string}\"},\"query-input\":{\"@type\":\"PropertyValueSpecification\",\"valueRequired\":true,\"valueName\":\"search_term_string\"}}],\"inLanguage\":\"pl-PL\"},{\"@type\":\"Person\",\"@id\":\"https:\\\/\\\/ludzieikrajobrazy.muzeumleszno.pl\\\/#\\\/schema\\\/person\\\/fc2bc20e2b51efc3202ac1f0cdcd06c0\",\"name\":\"Pan_Admin\",\"image\":{\"@type\":\"ImageObject\",\"inLanguage\":\"pl-PL\",\"@id\":\"https:\\\/\\\/secure.gravatar.com\\\/avatar\\\/d109d485abe889ecc32dbdb971b715ad9d4596bd0e2353626451db3e04099822?s=96&d=mm&r=g\",\"url\":\"https:\\\/\\\/secure.gravatar.com\\\/avatar\\\/d109d485abe889ecc32dbdb971b715ad9d4596bd0e2353626451db3e04099822?s=96&d=mm&r=g\",\"contentUrl\":\"https:\\\/\\\/secure.gravatar.com\\\/avatar\\\/d109d485abe889ecc32dbdb971b715ad9d4596bd0e2353626451db3e04099822?s=96&d=mm&r=g\",\"caption\":\"Pan_Admin\"},\"sameAs\":[\"http:\\\/\\\/ludzieikrajobrazy.muzeumleszno.pl\"],\"url\":\"http:\\\/\\\/ludzieikrajobrazy.muzeumleszno.pl\\\/?author=1\"}]}<\/script>\n<!-- \/ Yoast SEO plugin. -->","yoast_head_json":{"title":"D\u0142ugie Nowe. Poczt\u00f3wka wielotematyczna, 1907 rok, Wroc\u0142aw, Verlag R. Flassig\u00a0 - Ludzie i krajobrazy. Powiat Leszczy\u0144ski w ikonografii","robots":{"index":"index","follow":"follow","max-snippet":"max-snippet:-1","max-image-preview":"max-image-preview:large","max-video-preview":"max-video-preview:-1"},"canonical":"http:\/\/ludzieikrajobrazy.muzeumleszno.pl\/?p=257","og_locale":"pl_PL","og_type":"article","og_title":"D\u0142ugie Nowe. Poczt\u00f3wka wielotematyczna, 1907 rok, Wroc\u0142aw, Verlag R. Flassig\u00a0 - Ludzie i krajobrazy. Powiat Leszczy\u0144ski w ikonografii","og_description":"Poczt\u00f3wka adresowana do Anny Hancke(?) z \u0141\u0119gonia (niem. Langenau).&nbsp; Miejscowo\u015b\u0107 po raz pierwszy odnotowano w 1407 roku. Wie\u015b w r\u00f3\u017cnych okresach nale\u017ca\u0142a do Kotwicz\u00f3w-D\u0142uskich, Wilkowskich, Rokossowskich i Nie\u017cychowskich....","og_url":"http:\/\/ludzieikrajobrazy.muzeumleszno.pl\/?p=257","og_site_name":"Ludzie i krajobrazy. Powiat Leszczy\u0144ski w ikonografii","article_published_time":"2024-07-27T10:00:34+00:00","article_modified_time":"2024-09-18T11:01:35+00:00","og_image":[{"width":2560,"height":1699,"url":"http:\/\/ludzieikrajobrazy.muzeumleszno.pl\/wp-content\/uploads\/2024\/07\/22_MLPH-568-scaled.jpg","type":"image\/jpeg"}],"author":"Pan_Admin","twitter_card":"summary_large_image","twitter_misc":{"Napisane przez":"Pan_Admin","Szacowany czas czytania":"2 minuty"},"schema":{"@context":"https:\/\/schema.org","@graph":[{"@type":"Article","@id":"http:\/\/ludzieikrajobrazy.muzeumleszno.pl\/?p=257#article","isPartOf":{"@id":"http:\/\/ludzieikrajobrazy.muzeumleszno.pl\/?p=257"},"author":{"name":"Pan_Admin","@id":"https:\/\/ludzieikrajobrazy.muzeumleszno.pl\/#\/schema\/person\/fc2bc20e2b51efc3202ac1f0cdcd06c0"},"headline":"D\u0142ugie Nowe. Poczt\u00f3wka wielotematyczna, 1907 rok, Wroc\u0142aw, Verlag R. Flassig\u00a0","datePublished":"2024-07-27T10:00:34+00:00","dateModified":"2024-09-18T11:01:35+00:00","mainEntityOfPage":{"@id":"http:\/\/ludzieikrajobrazy.muzeumleszno.pl\/?p=257"},"wordCount":304,"image":{"@id":"http:\/\/ludzieikrajobrazy.muzeumleszno.pl\/?p=257#primaryimage"},"thumbnailUrl":"http:\/\/ludzieikrajobrazy.muzeumleszno.pl\/wp-content\/uploads\/2024\/07\/22_MLPH-568-scaled.jpg","keywords":["1907","Anna Hancke","architektura","batalion celny","budownictwo murowane","budynek ceglany","ceg\u0142a","charakter wyznaniowy","cmentarz","dach","danina","Dittmann","D\u0142ugie Nowe","D\u0142uscy","dokumentacja","droga","drzewa","dzia\u0142ania wojenne","edukacja","fotogra","funkcja spo\u0142eczna","grupa ludzi","kontrakt handlowy","ko\u015bci\u00f3\u0142","Kotwicze","krajobraz","krzy\u017c","Leszno","mi\u0119dzywojnie","nauka","Nie\u017cychowscy","ober\u017ca","odpoczynek","okno","parafia","p\u0142ot","poczt\u00f3wka wielotematyczna","podr\u00f3\u017cny","polska Stra\u017c Graniczna","Prowincja Pozna\u0144ska","Rokossowscy","s\u0105d","\u015bcie\u017cka","spotkanie gromadzkie","szko\u0142a katolicka","urz\u0105d celny","Verlag R. Flassig","widok","wiejska szko\u0142a","wie\u015b","Wilkowscy","Wroc\u0142aw","Wschowa","zabawa","Zifridus","\u017co\u0142nierz","Zyfryd"],"articleSection":["D\u0142ugie Nowe"],"inLanguage":"pl-PL"},{"@type":"WebPage","@id":"http:\/\/ludzieikrajobrazy.muzeumleszno.pl\/?p=257","url":"http:\/\/ludzieikrajobrazy.muzeumleszno.pl\/?p=257","name":"D\u0142ugie Nowe. Poczt\u00f3wka wielotematyczna, 1907 rok, Wroc\u0142aw, Verlag R. Flassig\u00a0 - Ludzie i krajobrazy. Powiat Leszczy\u0144ski w ikonografii","isPartOf":{"@id":"https:\/\/ludzieikrajobrazy.muzeumleszno.pl\/#website"},"primaryImageOfPage":{"@id":"http:\/\/ludzieikrajobrazy.muzeumleszno.pl\/?p=257#primaryimage"},"image":{"@id":"http:\/\/ludzieikrajobrazy.muzeumleszno.pl\/?p=257#primaryimage"},"thumbnailUrl":"http:\/\/ludzieikrajobrazy.muzeumleszno.pl\/wp-content\/uploads\/2024\/07\/22_MLPH-568-scaled.jpg","datePublished":"2024-07-27T10:00:34+00:00","dateModified":"2024-09-18T11:01:35+00:00","author":{"@id":"https:\/\/ludzieikrajobrazy.muzeumleszno.pl\/#\/schema\/person\/fc2bc20e2b51efc3202ac1f0cdcd06c0"},"breadcrumb":{"@id":"http:\/\/ludzieikrajobrazy.muzeumleszno.pl\/?p=257#breadcrumb"},"inLanguage":"pl-PL","potentialAction":[{"@type":"ReadAction","target":["http:\/\/ludzieikrajobrazy.muzeumleszno.pl\/?p=257"]}]},{"@type":"BreadcrumbList","@id":"http:\/\/ludzieikrajobrazy.muzeumleszno.pl\/?p=257#breadcrumb","itemListElement":[{"@type":"ListItem","position":1,"name":"Home","item":"https:\/\/ludzieikrajobrazy.muzeumleszno.pl\/"},{"@type":"ListItem","position":2,"name":"D\u0142ugie Nowe. Poczt\u00f3wka wielotematyczna, 1907 rok, Wroc\u0142aw, Verlag R. Flassig\u00a0"}]},{"@type":"WebSite","@id":"https:\/\/ludzieikrajobrazy.muzeumleszno.pl\/#website","url":"https:\/\/ludzieikrajobrazy.muzeumleszno.pl\/","name":"Ludzie i krajobrazy. Powiat Leszczy\u0144ski w ikonografii","description":"Powiat Leszczy\u0144ski w ikonografii","potentialAction":[{"@type":"SearchAction","target":{"@type":"EntryPoint","urlTemplate":"https:\/\/ludzieikrajobrazy.muzeumleszno.pl\/?s={search_term_string}"},"query-input":{"@type":"PropertyValueSpecification","valueRequired":true,"valueName":"search_term_string"}}],"inLanguage":"pl-PL"},{"@type":"Person","@id":"https:\/\/ludzieikrajobrazy.muzeumleszno.pl\/#\/schema\/person\/fc2bc20e2b51efc3202ac1f0cdcd06c0","name":"Pan_Admin","image":{"@type":"ImageObject","inLanguage":"pl-PL","@id":"https:\/\/secure.gravatar.com\/avatar\/d109d485abe889ecc32dbdb971b715ad9d4596bd0e2353626451db3e04099822?s=96&d=mm&r=g","url":"https:\/\/secure.gravatar.com\/avatar\/d109d485abe889ecc32dbdb971b715ad9d4596bd0e2353626451db3e04099822?s=96&d=mm&r=g","contentUrl":"https:\/\/secure.gravatar.com\/avatar\/d109d485abe889ecc32dbdb971b715ad9d4596bd0e2353626451db3e04099822?s=96&d=mm&r=g","caption":"Pan_Admin"},"sameAs":["http:\/\/ludzieikrajobrazy.muzeumleszno.pl"],"url":"http:\/\/ludzieikrajobrazy.muzeumleszno.pl\/?author=1"}]}},"_links":{"self":[{"href":"http:\/\/ludzieikrajobrazy.muzeumleszno.pl\/index.php?rest_route=\/wp\/v2\/posts\/257","targetHints":{"allow":["GET"]}}],"collection":[{"href":"http:\/\/ludzieikrajobrazy.muzeumleszno.pl\/index.php?rest_route=\/wp\/v2\/posts"}],"about":[{"href":"http:\/\/ludzieikrajobrazy.muzeumleszno.pl\/index.php?rest_route=\/wp\/v2\/types\/post"}],"author":[{"embeddable":true,"href":"http:\/\/ludzieikrajobrazy.muzeumleszno.pl\/index.php?rest_route=\/wp\/v2\/users\/1"}],"replies":[{"embeddable":true,"href":"http:\/\/ludzieikrajobrazy.muzeumleszno.pl\/index.php?rest_route=%2Fwp%2Fv2%2Fcomments&post=257"}],"version-history":[{"count":2,"href":"http:\/\/ludzieikrajobrazy.muzeumleszno.pl\/index.php?rest_route=\/wp\/v2\/posts\/257\/revisions"}],"predecessor-version":[{"id":1165,"href":"http:\/\/ludzieikrajobrazy.muzeumleszno.pl\/index.php?rest_route=\/wp\/v2\/posts\/257\/revisions\/1165"}],"wp:featuredmedia":[{"embeddable":true,"href":"http:\/\/ludzieikrajobrazy.muzeumleszno.pl\/index.php?rest_route=\/wp\/v2\/media\/258"}],"wp:attachment":[{"href":"http:\/\/ludzieikrajobrazy.muzeumleszno.pl\/index.php?rest_route=%2Fwp%2Fv2%2Fmedia&parent=257"}],"wp:term":[{"taxonomy":"category","embeddable":true,"href":"http:\/\/ludzieikrajobrazy.muzeumleszno.pl\/index.php?rest_route=%2Fwp%2Fv2%2Fcategories&post=257"},{"taxonomy":"post_tag","embeddable":true,"href":"http:\/\/ludzieikrajobrazy.muzeumleszno.pl\/index.php?rest_route=%2Fwp%2Fv2%2Ftags&post=257"}],"curies":[{"name":"wp","href":"https:\/\/api.w.org\/{rel}","templated":true}]}}