{"id":263,"date":"2024-07-26T11:59:35","date_gmt":"2024-07-26T09:59:35","guid":{"rendered":"http:\/\/ludzieikrajobrazy.muzeumleszno.pl\/?p=263"},"modified":"2024-09-18T13:20:39","modified_gmt":"2024-09-18T11:20:39","slug":"dlugie-stare-pocztowka-wielotematyczna-okolo-1911-roku-leszno-verlag-albin-janicki","status":"publish","type":"post","link":"http:\/\/ludzieikrajobrazy.muzeumleszno.pl\/?p=263","title":{"rendered":"D\u0142ugie Stare. Poczt\u00f3wka wielotematyczna, oko\u0142o 1911 roku, Leszno, Verlag Albin Janicki"},"content":{"rendered":"\n<p>Poczt\u00f3wka adresowana do Richarda Krehla z Berlina. Datowana, D\u0142ugie Stare, 16.12.19??<\/p>\n\n\n\n<p><em>Drogi Ryszardzie! je\u015bli jeszcze nie wys\u0142a\u0142e\u015b paczki, prze\u015blij prosz\u0119 br\u0105zowe ubranie dla Herberta i niebieski p\u0142aszcz dla Bruna, kt\u00f3ry jest u nas codziennie, \u017ceby ka\u017cdy mia\u0142 os\u0142on\u0119 na zimn\u0105 pogod\u0119. [\u2026]. Jeszcze raz pozdrowienia od nas wszystkich: Matka i Robert, Marie, Bruno, Herbert.&nbsp;<\/em><\/p>\n\n\n\n<p>Najstarsza znana nazwa miejscowo\u015bci zosta\u0142a zapisana w 1322 roku jako \u201eLuba\u201d. W XV wieku utrwali\u0142a si\u0119 \u0142aci\u0144ska i polska nazwa D\u0142ugie Stare, kt\u00f3r\u0105 w wersji niemieckiej odnotowano jako <em>Alt Laube<\/em>.&nbsp;<\/p>\n\n\n\n<p>Pa\u0142ac my\u015bliwski w D\u0142ugich Starych zbudowano dla rodziny Hindersin z Dalkowa na Dolnym \u015al\u0105sku. Stan\u0105\u0142 w miejscu dawnej siedziby Kotwicz\u00f3w-D\u0142uskich. Drug\u0105 kondygnacj\u0119 wzniesiono w konstrukcji ryglowej. Wystr\u00f3j elewacji, drewniany balkon i drewniana nadstawa z poro\u017cem umieszczonym w medalionie mia\u0142y w oczywisty spos\u00f3b nawi\u0105zywa\u0107 do tradycji \u0142owieckich. Po 1945 roku pa\u0142ac u\u017cytkowano jako magazyn. W latach 90. XX wieku zosta\u0142 przebudowany i przeznaczony na szko\u0142\u0119.&nbsp;<\/p>\n\n\n\n<p>Budynek dawnej szko\u0142y ludowej stoi przy wje\u017adzie do wsi od strony Wschowy. Obiekt rozbudowano na prze\u0142omie XIX i XX wieku. W 1924 roku pierwszym polskim kierownikiem plac\u00f3wki zosta\u0142 Ludwik Durka (1864\u20131945).&nbsp;<\/p>\n\n\n\n<p>Ko\u015bci\u00f3\u0142 parafialny pw. \u015bw. Marcina. rozbudowano w 1769 roku staraniem Ludwiki z Jab\u0142onowskich Nie\u017cychowskiej (1718\u20131806), podkomorzyny wschowskiej. Murowany obiekt otrzyma\u0142 w 1809 roku kwadratow\u0105, drewnian\u0105 wie\u017c\u0105 i przylegaj\u0105c\u0105 do niej cylindryczn\u0105 wie\u017cyczk\u0119 schodow\u0105. Teren wok\u00f3\u0142 ko\u015bcio\u0142a pe\u0142ni funkcj\u0119 cmentarza. Do dzisiaj zachowa\u0142y si\u0119 na nim groby dawnych patron\u00f3w i duchownych.&nbsp;<\/p>\n\n\n\n<figure data-wp-context=\"{&quot;imageId&quot;:&quot;69f1cb84bb9c8&quot;}\" data-wp-interactive=\"core\/image\" data-wp-key=\"69f1cb84bb9c8\" class=\"wp-block-image size-full wp-lightbox-container\"><img fetchpriority=\"high\" decoding=\"async\" width=\"2560\" height=\"1637\" data-wp-class--hide=\"state.isContentHidden\" data-wp-class--show=\"state.isContentVisible\" data-wp-init=\"callbacks.setButtonStyles\" data-wp-on--click=\"actions.showLightbox\" data-wp-on--load=\"callbacks.setButtonStyles\" data-wp-on-window--resize=\"callbacks.setButtonStyles\" src=\"http:\/\/ludzieikrajobrazy.muzeumleszno.pl\/wp-content\/uploads\/2024\/07\/24_MLH-4832-scaled.jpg\" alt=\"D\u0142ugie Stare. Poczt\u00f3wka wielotematyczna, oko\u0142o 1911 roku,\" class=\"wp-image-264\" srcset=\"http:\/\/ludzieikrajobrazy.muzeumleszno.pl\/wp-content\/uploads\/2024\/07\/24_MLH-4832-scaled.jpg 2560w, http:\/\/ludzieikrajobrazy.muzeumleszno.pl\/wp-content\/uploads\/2024\/07\/24_MLH-4832-1536x982.jpg 1536w, http:\/\/ludzieikrajobrazy.muzeumleszno.pl\/wp-content\/uploads\/2024\/07\/24_MLH-4832-2048x1309.jpg 2048w, http:\/\/ludzieikrajobrazy.muzeumleszno.pl\/wp-content\/uploads\/2024\/07\/24_MLH-4832-200x128.jpg 200w, http:\/\/ludzieikrajobrazy.muzeumleszno.pl\/wp-content\/uploads\/2024\/07\/24_MLH-4832-973x622.jpg 973w, http:\/\/ludzieikrajobrazy.muzeumleszno.pl\/wp-content\/uploads\/2024\/07\/24_MLH-4832-508x325.jpg 508w\" sizes=\"(max-width: 2560px) 100vw, 2560px\" \/><button\n\t\t\tclass=\"lightbox-trigger\"\n\t\t\ttype=\"button\"\n\t\t\taria-haspopup=\"dialog\"\n\t\t\taria-label=\"Powi\u0119ksz\"\n\t\t\tdata-wp-init=\"callbacks.initTriggerButton\"\n\t\t\tdata-wp-on--click=\"actions.showLightbox\"\n\t\t\tdata-wp-style--right=\"state.imageButtonRight\"\n\t\t\tdata-wp-style--top=\"state.imageButtonTop\"\n\t\t>\n\t\t\t<svg xmlns=\"http:\/\/www.w3.org\/2000\/svg\" width=\"12\" height=\"12\" fill=\"none\" viewBox=\"0 0 12 12\">\n\t\t\t\t<path fill=\"#fff\" d=\"M2 0a2 2 0 0 0-2 2v2h1.5V2a.5.5 0 0 1 .5-.5h2V0H2Zm2 10.5H2a.5.5 0 0 1-.5-.5V8H0v2a2 2 0 0 0 2 2h2v-1.5ZM8 12v-1.5h2a.5.5 0 0 0 .5-.5V8H12v2a2 2 0 0 1-2 2H8Zm2-12a2 2 0 0 1 2 2v2h-1.5V2a.5.5 0 0 0-.5-.5H8V0h2Z\" \/>\n\t\t\t<\/svg>\n\t\t<\/button><figcaption class=\"wp-element-caption\">D\u0142ugie Stare. Poczt\u00f3wka wielotematyczna, oko\u0142o 1911 roku,<\/figcaption><\/figure>\n\n\n\n<p class=\"has-small-font-size\">nr inw. MLH 4832<br>W zbiorach Muzeum Okr\u0119gowego w Lesznie od 2015 roku, zakup<\/p>\n\n\n\n<p>D.Cz.<\/p>\n\n\n\n<figure class=\"wp-block-embed is-type-video is-provider-youtube wp-block-embed-youtube wp-embed-aspect-16-9 wp-has-aspect-ratio\"><div class=\"wp-block-embed__wrapper\">\n<iframe title=\"D\u0142ugie Stare  Poczto\u0301wka wielotematyczna, oko\u0142o 1911 roku, Leszno, Verlag Albin Janicki\" width=\"620\" height=\"349\" src=\"https:\/\/www.youtube.com\/embed\/hYrK-Fwqgf4?feature=oembed\" frameborder=\"0\" allow=\"accelerometer; autoplay; clipboard-write; encrypted-media; gyroscope; picture-in-picture; web-share\" referrerpolicy=\"strict-origin-when-cross-origin\" allowfullscreen><\/iframe>\n<\/div><\/figure>\n","protected":false},"excerpt":{"rendered":"<p>Poczt\u00f3wka adresowana do Richarda Krehla z Berlina. Datowana, D\u0142ugie Stare, 16.12.19?? Drogi Ryszardzie! je\u015bli jeszcze nie wys\u0142a\u0142e\u015b paczki, prze\u015blij prosz\u0119 br\u0105zowe ubranie dla Herberta i niebieski p\u0142aszcz dla&#8230;<\/p>\n","protected":false},"author":1,"featured_media":264,"comment_status":"closed","ping_status":"closed","sticky":false,"template":"","format":"standard","meta":{"cybocfi_hide_featured_image":"yes","footnotes":""},"categories":[27],"tags":[2083,950,2084,378,581,165,392,2101,1271,2087,28,2035,520,1651,2089,2100,2088,598,736,1905,1452,760,417,1857,2086,1998,265,940,407,357,2092,2097,2098,2099,2093,1098,986,1944,380,2085,2102,984,365,2090,2096,2082,2081,2095,1913,82,2094,2091,2080,1924,1201,1358],"class_list":["post-263","post","type-post","status-publish","format-standard","has-post-thumbnail","hentry","category-dlugie-stare","tag-luba","tag-950","tag-alt-laube","tag-architektura","tag-budownictwo-drewniane","tag-budownictwo-murowane","tag-cmentarz","tag-cylindryczna-wiezyczka-schodowa","tag-dach","tag-dalkow","tag-dlugiestare","tag-dluscy","tag-dokumentacja","tag-dolny-slask","tag-drewniana-nadstawa","tag-drewniana-wieza","tag-drewniany-balkon","tag-droga","tag-drzewa","tag-drzwi","tag-duchowny","tag-elewacja","tag-fotografia","tag-grob","tag-hindersin","tag-konstrukcja-ryglowa","tag-kosciol-parafialny","tag-kotwicze","tag-krajobraz","tag-leszno","tag-lowiectwo","tag-ludwik-durka","tag-ludwika-jablonowska","tag-ludwika-niezychowska","tag-magazyn","tag-medalion","tag-mur","tag-okno","tag-palac","tag-palac-mysliwski","tag-patron","tag-plot","tag-pocztowka-wielotematyczna","tag-poroze","tag-przebudowa","tag-richard-krehl","tag-richard-krehla","tag-rozbudowa","tag-sciezka","tag-szkola","tag-szkola-ludowa","tag-tradycje-lowieckie","tag-verlag-albin-janicki","tag-wejscie","tag-wies","tag-wschowa"],"yoast_head":"<!-- This site is optimized with the Yoast SEO plugin v27.5 - https:\/\/yoast.com\/product\/yoast-seo-wordpress\/ -->\n<title>D\u0142ugie Stare. Poczt\u00f3wka wielotematyczna, oko\u0142o 1911 roku, Leszno, Verlag Albin Janicki - Ludzie i krajobrazy. Powiat Leszczy\u0144ski w ikonografii<\/title>\n<meta name=\"robots\" content=\"index, follow, max-snippet:-1, max-image-preview:large, max-video-preview:-1\" \/>\n<link rel=\"canonical\" href=\"http:\/\/ludzieikrajobrazy.muzeumleszno.pl\/?p=263\" \/>\n<meta property=\"og:locale\" content=\"pl_PL\" \/>\n<meta property=\"og:type\" content=\"article\" \/>\n<meta property=\"og:title\" content=\"D\u0142ugie Stare. Poczt\u00f3wka wielotematyczna, oko\u0142o 1911 roku, Leszno, Verlag Albin Janicki - Ludzie i krajobrazy. Powiat Leszczy\u0144ski w ikonografii\" \/>\n<meta property=\"og:description\" content=\"Poczt\u00f3wka adresowana do Richarda Krehla z Berlina. Datowana, D\u0142ugie Stare, 16.12.19?? Drogi Ryszardzie! je\u015bli jeszcze nie wys\u0142a\u0142e\u015b paczki, prze\u015blij prosz\u0119 br\u0105zowe ubranie dla Herberta i niebieski p\u0142aszcz dla...\" \/>\n<meta property=\"og:url\" content=\"http:\/\/ludzieikrajobrazy.muzeumleszno.pl\/?p=263\" \/>\n<meta property=\"og:site_name\" content=\"Ludzie i krajobrazy. Powiat Leszczy\u0144ski w ikonografii\" \/>\n<meta property=\"article:published_time\" content=\"2024-07-26T09:59:35+00:00\" \/>\n<meta property=\"article:modified_time\" content=\"2024-09-18T11:20:39+00:00\" \/>\n<meta property=\"og:image\" content=\"http:\/\/ludzieikrajobrazy.muzeumleszno.pl\/wp-content\/uploads\/2024\/07\/24_MLH-4832-scaled.jpg\" \/>\n\t<meta property=\"og:image:width\" content=\"2560\" \/>\n\t<meta property=\"og:image:height\" content=\"1637\" \/>\n\t<meta property=\"og:image:type\" content=\"image\/jpeg\" \/>\n<meta name=\"author\" content=\"Pan_Admin\" \/>\n<meta name=\"twitter:card\" content=\"summary_large_image\" \/>\n<meta name=\"twitter:label1\" content=\"Napisane przez\" \/>\n\t<meta name=\"twitter:data1\" content=\"Pan_Admin\" \/>\n\t<meta name=\"twitter:label2\" content=\"Szacowany czas czytania\" \/>\n\t<meta name=\"twitter:data2\" content=\"2 minuty\" \/>\n<script type=\"application\/ld+json\" class=\"yoast-schema-graph\">{\"@context\":\"https:\\\/\\\/schema.org\",\"@graph\":[{\"@type\":\"Article\",\"@id\":\"http:\\\/\\\/ludzieikrajobrazy.muzeumleszno.pl\\\/?p=263#article\",\"isPartOf\":{\"@id\":\"http:\\\/\\\/ludzieikrajobrazy.muzeumleszno.pl\\\/?p=263\"},\"author\":{\"name\":\"Pan_Admin\",\"@id\":\"https:\\\/\\\/ludzieikrajobrazy.muzeumleszno.pl\\\/#\\\/schema\\\/person\\\/fc2bc20e2b51efc3202ac1f0cdcd06c0\"},\"headline\":\"D\u0142ugie Stare. Poczt\u00f3wka wielotematyczna, oko\u0142o 1911 roku, Leszno, Verlag Albin Janicki\",\"datePublished\":\"2024-07-26T09:59:35+00:00\",\"dateModified\":\"2024-09-18T11:20:39+00:00\",\"mainEntityOfPage\":{\"@id\":\"http:\\\/\\\/ludzieikrajobrazy.muzeumleszno.pl\\\/?p=263\"},\"wordCount\":309,\"image\":{\"@id\":\"http:\\\/\\\/ludzieikrajobrazy.muzeumleszno.pl\\\/?p=263#primaryimage\"},\"thumbnailUrl\":\"http:\\\/\\\/ludzieikrajobrazy.muzeumleszno.pl\\\/wp-content\\\/uploads\\\/2024\\\/07\\\/24_MLH-4832-scaled.jpg\",\"keywords\":[\"\\\"Luba\\\"\",\"1911\",\"Alt Laube\",\"architektura\",\"budownictwo drewniane\",\"budownictwo murowane\",\"cmentarz\",\"cylindryczna wie\u017cyczka schodowa\",\"dach\",\"Dalk\u00f3w\",\"D\u0142ugie Stare\",\"D\u0142uscy\",\"dokumentacja\",\"Dolny \u015al\u0105sk\",\"drewniana nadstawa\",\"drewniana wie\u017ca\",\"drewniany balkon\",\"droga\",\"drzewa\",\"drzwi\",\"duchowny\",\"elewacja\",\"fotografia\",\"gr\u00f3b\",\"Hindersin\",\"konstrukcja ryglowa\",\"ko\u015bci\u00f3\u0142 parafialny\",\"Kotwicze\",\"krajobraz\",\"Leszno\",\"\u0142owiectwo\",\"Ludwik Durka\",\"Ludwika Jab\u0142onowska\",\"Ludwika Nie\u017cychowska\",\"magazyn\",\"medalion\",\"mur\",\"okno\",\"pa\u0142ac\",\"pa\u0142ac mysliwski\",\"patron\",\"p\u0142ot\",\"poczt\u00f3wka wielotematyczna\",\"poro\u017ce\",\"przebudowa\",\"Richard Krehl\",\"Richard Krehla\",\"rozbudowa\",\"\u015bcie\u017cka\",\"szko\u0142a\",\"szko\u0142a ludowa\",\"tradycje \u0142owieckie\",\"Verlag Albin Janicki\",\"wej\u015bcie\",\"wie\u015b\",\"Wschowa\"],\"articleSection\":[\"D\u0142ugie Stare\"],\"inLanguage\":\"pl-PL\"},{\"@type\":\"WebPage\",\"@id\":\"http:\\\/\\\/ludzieikrajobrazy.muzeumleszno.pl\\\/?p=263\",\"url\":\"http:\\\/\\\/ludzieikrajobrazy.muzeumleszno.pl\\\/?p=263\",\"name\":\"D\u0142ugie Stare. Poczt\u00f3wka wielotematyczna, oko\u0142o 1911 roku, Leszno, Verlag Albin Janicki - Ludzie i krajobrazy. Powiat Leszczy\u0144ski w ikonografii\",\"isPartOf\":{\"@id\":\"https:\\\/\\\/ludzieikrajobrazy.muzeumleszno.pl\\\/#website\"},\"primaryImageOfPage\":{\"@id\":\"http:\\\/\\\/ludzieikrajobrazy.muzeumleszno.pl\\\/?p=263#primaryimage\"},\"image\":{\"@id\":\"http:\\\/\\\/ludzieikrajobrazy.muzeumleszno.pl\\\/?p=263#primaryimage\"},\"thumbnailUrl\":\"http:\\\/\\\/ludzieikrajobrazy.muzeumleszno.pl\\\/wp-content\\\/uploads\\\/2024\\\/07\\\/24_MLH-4832-scaled.jpg\",\"datePublished\":\"2024-07-26T09:59:35+00:00\",\"dateModified\":\"2024-09-18T11:20:39+00:00\",\"author\":{\"@id\":\"https:\\\/\\\/ludzieikrajobrazy.muzeumleszno.pl\\\/#\\\/schema\\\/person\\\/fc2bc20e2b51efc3202ac1f0cdcd06c0\"},\"breadcrumb\":{\"@id\":\"http:\\\/\\\/ludzieikrajobrazy.muzeumleszno.pl\\\/?p=263#breadcrumb\"},\"inLanguage\":\"pl-PL\",\"potentialAction\":[{\"@type\":\"ReadAction\",\"target\":[\"http:\\\/\\\/ludzieikrajobrazy.muzeumleszno.pl\\\/?p=263\"]}]},{\"@type\":\"BreadcrumbList\",\"@id\":\"http:\\\/\\\/ludzieikrajobrazy.muzeumleszno.pl\\\/?p=263#breadcrumb\",\"itemListElement\":[{\"@type\":\"ListItem\",\"position\":1,\"name\":\"Home\",\"item\":\"https:\\\/\\\/ludzieikrajobrazy.muzeumleszno.pl\\\/\"},{\"@type\":\"ListItem\",\"position\":2,\"name\":\"D\u0142ugie Stare. Poczt\u00f3wka wielotematyczna, oko\u0142o 1911 roku, Leszno, Verlag Albin Janicki\"}]},{\"@type\":\"WebSite\",\"@id\":\"https:\\\/\\\/ludzieikrajobrazy.muzeumleszno.pl\\\/#website\",\"url\":\"https:\\\/\\\/ludzieikrajobrazy.muzeumleszno.pl\\\/\",\"name\":\"Ludzie i krajobrazy. Powiat Leszczy\u0144ski w ikonografii\",\"description\":\"Powiat Leszczy\u0144ski w ikonografii\",\"potentialAction\":[{\"@type\":\"SearchAction\",\"target\":{\"@type\":\"EntryPoint\",\"urlTemplate\":\"https:\\\/\\\/ludzieikrajobrazy.muzeumleszno.pl\\\/?s={search_term_string}\"},\"query-input\":{\"@type\":\"PropertyValueSpecification\",\"valueRequired\":true,\"valueName\":\"search_term_string\"}}],\"inLanguage\":\"pl-PL\"},{\"@type\":\"Person\",\"@id\":\"https:\\\/\\\/ludzieikrajobrazy.muzeumleszno.pl\\\/#\\\/schema\\\/person\\\/fc2bc20e2b51efc3202ac1f0cdcd06c0\",\"name\":\"Pan_Admin\",\"image\":{\"@type\":\"ImageObject\",\"inLanguage\":\"pl-PL\",\"@id\":\"https:\\\/\\\/secure.gravatar.com\\\/avatar\\\/d109d485abe889ecc32dbdb971b715ad9d4596bd0e2353626451db3e04099822?s=96&d=mm&r=g\",\"url\":\"https:\\\/\\\/secure.gravatar.com\\\/avatar\\\/d109d485abe889ecc32dbdb971b715ad9d4596bd0e2353626451db3e04099822?s=96&d=mm&r=g\",\"contentUrl\":\"https:\\\/\\\/secure.gravatar.com\\\/avatar\\\/d109d485abe889ecc32dbdb971b715ad9d4596bd0e2353626451db3e04099822?s=96&d=mm&r=g\",\"caption\":\"Pan_Admin\"},\"sameAs\":[\"http:\\\/\\\/ludzieikrajobrazy.muzeumleszno.pl\"],\"url\":\"http:\\\/\\\/ludzieikrajobrazy.muzeumleszno.pl\\\/?author=1\"}]}<\/script>\n<!-- \/ Yoast SEO plugin. -->","yoast_head_json":{"title":"D\u0142ugie Stare. Poczt\u00f3wka wielotematyczna, oko\u0142o 1911 roku, Leszno, Verlag Albin Janicki - Ludzie i krajobrazy. Powiat Leszczy\u0144ski w ikonografii","robots":{"index":"index","follow":"follow","max-snippet":"max-snippet:-1","max-image-preview":"max-image-preview:large","max-video-preview":"max-video-preview:-1"},"canonical":"http:\/\/ludzieikrajobrazy.muzeumleszno.pl\/?p=263","og_locale":"pl_PL","og_type":"article","og_title":"D\u0142ugie Stare. Poczt\u00f3wka wielotematyczna, oko\u0142o 1911 roku, Leszno, Verlag Albin Janicki - Ludzie i krajobrazy. Powiat Leszczy\u0144ski w ikonografii","og_description":"Poczt\u00f3wka adresowana do Richarda Krehla z Berlina. Datowana, D\u0142ugie Stare, 16.12.19?? Drogi Ryszardzie! je\u015bli jeszcze nie wys\u0142a\u0142e\u015b paczki, prze\u015blij prosz\u0119 br\u0105zowe ubranie dla Herberta i niebieski p\u0142aszcz dla...","og_url":"http:\/\/ludzieikrajobrazy.muzeumleszno.pl\/?p=263","og_site_name":"Ludzie i krajobrazy. Powiat Leszczy\u0144ski w ikonografii","article_published_time":"2024-07-26T09:59:35+00:00","article_modified_time":"2024-09-18T11:20:39+00:00","og_image":[{"width":2560,"height":1637,"url":"http:\/\/ludzieikrajobrazy.muzeumleszno.pl\/wp-content\/uploads\/2024\/07\/24_MLH-4832-scaled.jpg","type":"image\/jpeg"}],"author":"Pan_Admin","twitter_card":"summary_large_image","twitter_misc":{"Napisane przez":"Pan_Admin","Szacowany czas czytania":"2 minuty"},"schema":{"@context":"https:\/\/schema.org","@graph":[{"@type":"Article","@id":"http:\/\/ludzieikrajobrazy.muzeumleszno.pl\/?p=263#article","isPartOf":{"@id":"http:\/\/ludzieikrajobrazy.muzeumleszno.pl\/?p=263"},"author":{"name":"Pan_Admin","@id":"https:\/\/ludzieikrajobrazy.muzeumleszno.pl\/#\/schema\/person\/fc2bc20e2b51efc3202ac1f0cdcd06c0"},"headline":"D\u0142ugie Stare. Poczt\u00f3wka wielotematyczna, oko\u0142o 1911 roku, Leszno, Verlag Albin Janicki","datePublished":"2024-07-26T09:59:35+00:00","dateModified":"2024-09-18T11:20:39+00:00","mainEntityOfPage":{"@id":"http:\/\/ludzieikrajobrazy.muzeumleszno.pl\/?p=263"},"wordCount":309,"image":{"@id":"http:\/\/ludzieikrajobrazy.muzeumleszno.pl\/?p=263#primaryimage"},"thumbnailUrl":"http:\/\/ludzieikrajobrazy.muzeumleszno.pl\/wp-content\/uploads\/2024\/07\/24_MLH-4832-scaled.jpg","keywords":["\"Luba\"","1911","Alt Laube","architektura","budownictwo drewniane","budownictwo murowane","cmentarz","cylindryczna wie\u017cyczka schodowa","dach","Dalk\u00f3w","D\u0142ugie Stare","D\u0142uscy","dokumentacja","Dolny \u015al\u0105sk","drewniana nadstawa","drewniana wie\u017ca","drewniany balkon","droga","drzewa","drzwi","duchowny","elewacja","fotografia","gr\u00f3b","Hindersin","konstrukcja ryglowa","ko\u015bci\u00f3\u0142 parafialny","Kotwicze","krajobraz","Leszno","\u0142owiectwo","Ludwik Durka","Ludwika Jab\u0142onowska","Ludwika Nie\u017cychowska","magazyn","medalion","mur","okno","pa\u0142ac","pa\u0142ac mysliwski","patron","p\u0142ot","poczt\u00f3wka wielotematyczna","poro\u017ce","przebudowa","Richard Krehl","Richard Krehla","rozbudowa","\u015bcie\u017cka","szko\u0142a","szko\u0142a ludowa","tradycje \u0142owieckie","Verlag Albin Janicki","wej\u015bcie","wie\u015b","Wschowa"],"articleSection":["D\u0142ugie Stare"],"inLanguage":"pl-PL"},{"@type":"WebPage","@id":"http:\/\/ludzieikrajobrazy.muzeumleszno.pl\/?p=263","url":"http:\/\/ludzieikrajobrazy.muzeumleszno.pl\/?p=263","name":"D\u0142ugie Stare. Poczt\u00f3wka wielotematyczna, oko\u0142o 1911 roku, Leszno, Verlag Albin Janicki - Ludzie i krajobrazy. Powiat Leszczy\u0144ski w ikonografii","isPartOf":{"@id":"https:\/\/ludzieikrajobrazy.muzeumleszno.pl\/#website"},"primaryImageOfPage":{"@id":"http:\/\/ludzieikrajobrazy.muzeumleszno.pl\/?p=263#primaryimage"},"image":{"@id":"http:\/\/ludzieikrajobrazy.muzeumleszno.pl\/?p=263#primaryimage"},"thumbnailUrl":"http:\/\/ludzieikrajobrazy.muzeumleszno.pl\/wp-content\/uploads\/2024\/07\/24_MLH-4832-scaled.jpg","datePublished":"2024-07-26T09:59:35+00:00","dateModified":"2024-09-18T11:20:39+00:00","author":{"@id":"https:\/\/ludzieikrajobrazy.muzeumleszno.pl\/#\/schema\/person\/fc2bc20e2b51efc3202ac1f0cdcd06c0"},"breadcrumb":{"@id":"http:\/\/ludzieikrajobrazy.muzeumleszno.pl\/?p=263#breadcrumb"},"inLanguage":"pl-PL","potentialAction":[{"@type":"ReadAction","target":["http:\/\/ludzieikrajobrazy.muzeumleszno.pl\/?p=263"]}]},{"@type":"BreadcrumbList","@id":"http:\/\/ludzieikrajobrazy.muzeumleszno.pl\/?p=263#breadcrumb","itemListElement":[{"@type":"ListItem","position":1,"name":"Home","item":"https:\/\/ludzieikrajobrazy.muzeumleszno.pl\/"},{"@type":"ListItem","position":2,"name":"D\u0142ugie Stare. Poczt\u00f3wka wielotematyczna, oko\u0142o 1911 roku, Leszno, Verlag Albin Janicki"}]},{"@type":"WebSite","@id":"https:\/\/ludzieikrajobrazy.muzeumleszno.pl\/#website","url":"https:\/\/ludzieikrajobrazy.muzeumleszno.pl\/","name":"Ludzie i krajobrazy. Powiat Leszczy\u0144ski w ikonografii","description":"Powiat Leszczy\u0144ski w ikonografii","potentialAction":[{"@type":"SearchAction","target":{"@type":"EntryPoint","urlTemplate":"https:\/\/ludzieikrajobrazy.muzeumleszno.pl\/?s={search_term_string}"},"query-input":{"@type":"PropertyValueSpecification","valueRequired":true,"valueName":"search_term_string"}}],"inLanguage":"pl-PL"},{"@type":"Person","@id":"https:\/\/ludzieikrajobrazy.muzeumleszno.pl\/#\/schema\/person\/fc2bc20e2b51efc3202ac1f0cdcd06c0","name":"Pan_Admin","image":{"@type":"ImageObject","inLanguage":"pl-PL","@id":"https:\/\/secure.gravatar.com\/avatar\/d109d485abe889ecc32dbdb971b715ad9d4596bd0e2353626451db3e04099822?s=96&d=mm&r=g","url":"https:\/\/secure.gravatar.com\/avatar\/d109d485abe889ecc32dbdb971b715ad9d4596bd0e2353626451db3e04099822?s=96&d=mm&r=g","contentUrl":"https:\/\/secure.gravatar.com\/avatar\/d109d485abe889ecc32dbdb971b715ad9d4596bd0e2353626451db3e04099822?s=96&d=mm&r=g","caption":"Pan_Admin"},"sameAs":["http:\/\/ludzieikrajobrazy.muzeumleszno.pl"],"url":"http:\/\/ludzieikrajobrazy.muzeumleszno.pl\/?author=1"}]}},"_links":{"self":[{"href":"http:\/\/ludzieikrajobrazy.muzeumleszno.pl\/index.php?rest_route=\/wp\/v2\/posts\/263","targetHints":{"allow":["GET"]}}],"collection":[{"href":"http:\/\/ludzieikrajobrazy.muzeumleszno.pl\/index.php?rest_route=\/wp\/v2\/posts"}],"about":[{"href":"http:\/\/ludzieikrajobrazy.muzeumleszno.pl\/index.php?rest_route=\/wp\/v2\/types\/post"}],"author":[{"embeddable":true,"href":"http:\/\/ludzieikrajobrazy.muzeumleszno.pl\/index.php?rest_route=\/wp\/v2\/users\/1"}],"replies":[{"embeddable":true,"href":"http:\/\/ludzieikrajobrazy.muzeumleszno.pl\/index.php?rest_route=%2Fwp%2Fv2%2Fcomments&post=263"}],"version-history":[{"count":2,"href":"http:\/\/ludzieikrajobrazy.muzeumleszno.pl\/index.php?rest_route=\/wp\/v2\/posts\/263\/revisions"}],"predecessor-version":[{"id":1167,"href":"http:\/\/ludzieikrajobrazy.muzeumleszno.pl\/index.php?rest_route=\/wp\/v2\/posts\/263\/revisions\/1167"}],"wp:featuredmedia":[{"embeddable":true,"href":"http:\/\/ludzieikrajobrazy.muzeumleszno.pl\/index.php?rest_route=\/wp\/v2\/media\/264"}],"wp:attachment":[{"href":"http:\/\/ludzieikrajobrazy.muzeumleszno.pl\/index.php?rest_route=%2Fwp%2Fv2%2Fmedia&parent=263"}],"wp:term":[{"taxonomy":"category","embeddable":true,"href":"http:\/\/ludzieikrajobrazy.muzeumleszno.pl\/index.php?rest_route=%2Fwp%2Fv2%2Fcategories&post=263"},{"taxonomy":"post_tag","embeddable":true,"href":"http:\/\/ludzieikrajobrazy.muzeumleszno.pl\/index.php?rest_route=%2Fwp%2Fv2%2Ftags&post=263"}],"curies":[{"name":"wp","href":"https:\/\/api.w.org\/{rel}","templated":true}]}}