{"id":269,"date":"2024-07-26T11:57:51","date_gmt":"2024-07-26T09:57:51","guid":{"rendered":"http:\/\/ludzieikrajobrazy.muzeumleszno.pl\/?p=269"},"modified":"2024-09-19T08:06:42","modified_gmt":"2024-09-19T06:06:42","slug":"dlugie-stare-wizytacja-ks-biskupa-walentego-dymka-1932-rok","status":"publish","type":"post","link":"http:\/\/ludzieikrajobrazy.muzeumleszno.pl\/?p=269","title":{"rendered":"D\u0142ugie Stare. Wizytacja ks. biskupa Walentego Dymka, 1932 rok"},"content":{"rendered":"\n<p>W 1932 roku parafi\u0119 w D\u0142ugich Starych wizytowa\u0142 ks. biskup Walenty Dymek (1888\u20131956). Przyjecha\u0142 w niedziel\u0119 4 wrze\u015bnia. Ca\u0142\u0105 wie\u015b udekorowano chor\u0105gwiami w barwach narodowych i ko\u015bcielnych. Do miejscowo\u015bci przybyli duchowni z okolicznych parafii z ksi\u0119dzem dziekanem Paw\u0142em Steinmetzem (1876\u20131940) na czele. Na go\u015bcia oczekiwa\u0142a kompania honorowa z\u0142o\u017cona z funkcjonariuszy Stra\u017cy Granicznej, cz\u0142onkowie miejscowych stowarzysze\u0144 i organizacji oraz mieszka\u0144cy. Pie\u015bni\u0105 powita\u0142o go\u015bcia Ko\u0142o \u015apiewu \u201eMoniuszko\u201d. Po przej\u015bciu do ko\u015bcio\u0142a odby\u0142o si\u0119 uroczyste nabo\u017ce\u0144stwo, a nast\u0119pnie bierzmowanie. Po kilkugodzinnym pobycie na plebanii ks. biskup powr\u00f3ci\u0142 do \u015awi\u0119ciechowy gdzie przebywa\u0142 od soboty.&nbsp;<\/p>\n\n\n\n<p>Pami\u0105tk\u0105 z wizytacji s\u0105 m.in. dwie fotografie z powitania ks. biskupa Dymka. Obie oddaj\u0105 atmosfer\u0119 towarzysz\u0105c\u0105 podejmowaniu tak szacownego go\u015bcia. Nam wsp\u00f3\u0142czesnym pozwalaj\u0105 spojrze\u0107 w przesz\u0142o\u015b\u0107 i przekona\u0107 si\u0119 o sile ducha obywateli mi\u0119dzywojennej Polski.&nbsp;<\/p>\n\n\n\n<figure data-wp-context=\"{&quot;imageId&quot;:&quot;69f1cde139e4b&quot;}\" data-wp-interactive=\"core\/image\" data-wp-key=\"69f1cde139e4b\" class=\"wp-block-image size-full wp-lightbox-container\"><img fetchpriority=\"high\" decoding=\"async\" width=\"2560\" height=\"1424\" data-wp-class--hide=\"state.isContentHidden\" data-wp-class--show=\"state.isContentVisible\" data-wp-init=\"callbacks.setButtonStyles\" data-wp-on--click=\"actions.showLightbox\" data-wp-on--load=\"callbacks.setButtonStyles\" data-wp-on-window--resize=\"callbacks.setButtonStyles\" src=\"http:\/\/ludzieikrajobrazy.muzeumleszno.pl\/wp-content\/uploads\/2024\/07\/26a_MLFa-3535_8-scaled.jpg\" alt=\"D\u0142ugie Stare. Wizytacja ks. biskupa Walentego Dymka, 1932 rok\" class=\"wp-image-270\" srcset=\"http:\/\/ludzieikrajobrazy.muzeumleszno.pl\/wp-content\/uploads\/2024\/07\/26a_MLFa-3535_8-scaled.jpg 2560w, http:\/\/ludzieikrajobrazy.muzeumleszno.pl\/wp-content\/uploads\/2024\/07\/26a_MLFa-3535_8-1536x855.jpg 1536w, http:\/\/ludzieikrajobrazy.muzeumleszno.pl\/wp-content\/uploads\/2024\/07\/26a_MLFa-3535_8-2048x1139.jpg 2048w, http:\/\/ludzieikrajobrazy.muzeumleszno.pl\/wp-content\/uploads\/2024\/07\/26a_MLFa-3535_8-200x111.jpg 200w, http:\/\/ludzieikrajobrazy.muzeumleszno.pl\/wp-content\/uploads\/2024\/07\/26a_MLFa-3535_8-973x541.jpg 973w, http:\/\/ludzieikrajobrazy.muzeumleszno.pl\/wp-content\/uploads\/2024\/07\/26a_MLFa-3535_8-508x283.jpg 508w\" sizes=\"(max-width: 2560px) 100vw, 2560px\" \/><button\n\t\t\tclass=\"lightbox-trigger\"\n\t\t\ttype=\"button\"\n\t\t\taria-haspopup=\"dialog\"\n\t\t\taria-label=\"Powi\u0119ksz\"\n\t\t\tdata-wp-init=\"callbacks.initTriggerButton\"\n\t\t\tdata-wp-on--click=\"actions.showLightbox\"\n\t\t\tdata-wp-style--right=\"state.imageButtonRight\"\n\t\t\tdata-wp-style--top=\"state.imageButtonTop\"\n\t\t>\n\t\t\t<svg xmlns=\"http:\/\/www.w3.org\/2000\/svg\" width=\"12\" height=\"12\" fill=\"none\" viewBox=\"0 0 12 12\">\n\t\t\t\t<path fill=\"#fff\" d=\"M2 0a2 2 0 0 0-2 2v2h1.5V2a.5.5 0 0 1 .5-.5h2V0H2Zm2 10.5H2a.5.5 0 0 1-.5-.5V8H0v2a2 2 0 0 0 2 2h2v-1.5ZM8 12v-1.5h2a.5.5 0 0 0 .5-.5V8H12v2a2 2 0 0 1-2 2H8Zm2-12a2 2 0 0 1 2 2v2h-1.5V2a.5.5 0 0 0-.5-.5H8V0h2Z\" \/>\n\t\t\t<\/svg>\n\t\t<\/button><figcaption class=\"wp-element-caption\">D\u0142ugie Stare. Wizytacja ks. biskupa Walentego Dymka, 1932 rokwys. 8,5 cm x szer. 13,5 cm; odbitka srebrowo-\u017celatynowa, papier fotograficzny, 1932 rok; Muzeum Okr\u0119gowe w Lesznie; MLFa3535<\/figcaption><\/figure>\n\n\n\n<figure data-wp-context=\"{&quot;imageId&quot;:&quot;69f1cde13a97a&quot;}\" data-wp-interactive=\"core\/image\" data-wp-key=\"69f1cde13a97a\" class=\"wp-block-image size-full wp-lightbox-container\"><img decoding=\"async\" width=\"2560\" height=\"1417\" data-wp-class--hide=\"state.isContentHidden\" data-wp-class--show=\"state.isContentVisible\" data-wp-init=\"callbacks.setButtonStyles\" data-wp-on--click=\"actions.showLightbox\" data-wp-on--load=\"callbacks.setButtonStyles\" data-wp-on-window--resize=\"callbacks.setButtonStyles\" src=\"http:\/\/ludzieikrajobrazy.muzeumleszno.pl\/wp-content\/uploads\/2024\/07\/26b_MLFa-3535_9-scaled.jpg\" alt=\"D\u0142ugie Stare. Wizytacja ks. biskupa Walentego Dymka, 1932 rok\" class=\"wp-image-271\" srcset=\"http:\/\/ludzieikrajobrazy.muzeumleszno.pl\/wp-content\/uploads\/2024\/07\/26b_MLFa-3535_9-scaled.jpg 2560w, http:\/\/ludzieikrajobrazy.muzeumleszno.pl\/wp-content\/uploads\/2024\/07\/26b_MLFa-3535_9-1536x850.jpg 1536w, http:\/\/ludzieikrajobrazy.muzeumleszno.pl\/wp-content\/uploads\/2024\/07\/26b_MLFa-3535_9-2048x1133.jpg 2048w, http:\/\/ludzieikrajobrazy.muzeumleszno.pl\/wp-content\/uploads\/2024\/07\/26b_MLFa-3535_9-200x111.jpg 200w, http:\/\/ludzieikrajobrazy.muzeumleszno.pl\/wp-content\/uploads\/2024\/07\/26b_MLFa-3535_9-973x538.jpg 973w, http:\/\/ludzieikrajobrazy.muzeumleszno.pl\/wp-content\/uploads\/2024\/07\/26b_MLFa-3535_9-508x281.jpg 508w\" sizes=\"(max-width: 2560px) 100vw, 2560px\" \/><button\n\t\t\tclass=\"lightbox-trigger\"\n\t\t\ttype=\"button\"\n\t\t\taria-haspopup=\"dialog\"\n\t\t\taria-label=\"Powi\u0119ksz\"\n\t\t\tdata-wp-init=\"callbacks.initTriggerButton\"\n\t\t\tdata-wp-on--click=\"actions.showLightbox\"\n\t\t\tdata-wp-style--right=\"state.imageButtonRight\"\n\t\t\tdata-wp-style--top=\"state.imageButtonTop\"\n\t\t>\n\t\t\t<svg xmlns=\"http:\/\/www.w3.org\/2000\/svg\" width=\"12\" height=\"12\" fill=\"none\" viewBox=\"0 0 12 12\">\n\t\t\t\t<path fill=\"#fff\" d=\"M2 0a2 2 0 0 0-2 2v2h1.5V2a.5.5 0 0 1 .5-.5h2V0H2Zm2 10.5H2a.5.5 0 0 1-.5-.5V8H0v2a2 2 0 0 0 2 2h2v-1.5ZM8 12v-1.5h2a.5.5 0 0 0 .5-.5V8H12v2a2 2 0 0 1-2 2H8Zm2-12a2 2 0 0 1 2 2v2h-1.5V2a.5.5 0 0 0-.5-.5H8V0h2Z\" \/>\n\t\t\t<\/svg>\n\t\t<\/button><figcaption class=\"wp-element-caption\">D\u0142ugie Stare. Wizytacja ks. biskupa Walentego Dymka, 1932 rok<\/figcaption><\/figure>\n\n\n\n<p>nr inw. MLFa 3535\/8, 9<br>W zbiorach Muzeum Okr\u0119gowego w Lesznie od 2020 roku, dar<\/p>\n\n\n\n<p>D.Cz.<\/p>\n\n\n\n<figure class=\"wp-block-embed is-type-video is-provider-youtube wp-block-embed-youtube wp-embed-aspect-16-9 wp-has-aspect-ratio\"><div class=\"wp-block-embed__wrapper\">\n<iframe title=\"D\u0142ugie Stare  Wizytacja ks  biskupa Walentego Dymka, 1932 rok\" width=\"620\" height=\"349\" src=\"https:\/\/www.youtube.com\/embed\/JxpDD-5oW7o?feature=oembed\" frameborder=\"0\" allow=\"accelerometer; autoplay; clipboard-write; encrypted-media; gyroscope; picture-in-picture; web-share\" referrerpolicy=\"strict-origin-when-cross-origin\" allowfullscreen><\/iframe>\n<\/div><\/figure>\n","protected":false},"excerpt":{"rendered":"<p>W 1932 roku parafi\u0119 w D\u0142ugich Starych wizytowa\u0142 ks. biskup Walenty Dymek (1888\u20131956). Przyjecha\u0142 w niedziel\u0119 4 wrze\u015bnia. Ca\u0142\u0105 wie\u015b udekorowano chor\u0105gwiami w barwach narodowych i ko\u015bcielnych. Do&#8230;<\/p>\n","protected":false},"author":1,"featured_media":270,"comment_status":"closed","ping_status":"closed","sticky":false,"template":"","format":"standard","meta":{"cybocfi_hide_featured_image":"yes","footnotes":""},"categories":[27],"tags":[762,2127,2126,2133,1355,722,1187,2140,2125,2124,28,520,598,736,1452,851,852,417,201,247,2136,2128,1289,1318,979,407,893,1079,796,215,1167,1787,1447,986,2132,811,200,1163,1344,311,1251,2131,1396,1945,1913,2130,2129,2134,2135,2137,2138,250,2139,1348,1213,1349],"class_list":["post-269","post","type-post","status-publish","format-standard","has-post-thumbnail","hentry","category-dlugie-stare","tag-762","tag-barwy-koscielne","tag-barwy-narodowe","tag-bierzmowanie","tag-biskup","tag-bron","tag-cegla","tag-chod","tag-choragiew","tag-dekoracja","tag-dlugiestare","tag-dokumentacja","tag-droga","tag-drzewa","tag-duchowny","tag-dzieci","tag-dziecko","tag-fotografia","tag-fotografia-grupowa","tag-garnitur","tag-gosc","tag-honor","tag-kobieta","tag-kobiety","tag-kon","tag-krajobraz","tag-ksiadz","tag-mezczyzna","tag-mezczyzni","tag-miedzywojnie","tag-mieszkancy","tag-mieszkaniec","tag-mundur","tag-mur","tag-nabozenstwo","tag-parafia","tag-pawel-steinmetz","tag-piesn","tag-plebania","tag-polska","tag-powaga","tag-powitanie","tag-religia","tag-ruch","tag-sciezka","tag-stowarzyszenie","tag-straz-graniczna","tag-swieciechowa","tag-szacunek","tag-szereg","tag-uklon","tag-uroczystosc","tag-uscisk-dloni","tag-walenty-dymek","tag-wiara","tag-wizytacja"],"yoast_head":"<!-- This site is optimized with the Yoast SEO plugin v27.5 - https:\/\/yoast.com\/product\/yoast-seo-wordpress\/ -->\n<title>D\u0142ugie Stare. Wizytacja ks. biskupa Walentego Dymka, 1932 rok - Ludzie i krajobrazy. Powiat Leszczy\u0144ski w ikonografii<\/title>\n<meta name=\"robots\" content=\"index, follow, max-snippet:-1, max-image-preview:large, max-video-preview:-1\" \/>\n<link rel=\"canonical\" href=\"http:\/\/ludzieikrajobrazy.muzeumleszno.pl\/?p=269\" \/>\n<meta property=\"og:locale\" content=\"pl_PL\" \/>\n<meta property=\"og:type\" content=\"article\" \/>\n<meta property=\"og:title\" content=\"D\u0142ugie Stare. Wizytacja ks. biskupa Walentego Dymka, 1932 rok - Ludzie i krajobrazy. Powiat Leszczy\u0144ski w ikonografii\" \/>\n<meta property=\"og:description\" content=\"W 1932 roku parafi\u0119 w D\u0142ugich Starych wizytowa\u0142 ks. biskup Walenty Dymek (1888\u20131956). Przyjecha\u0142 w niedziel\u0119 4 wrze\u015bnia. Ca\u0142\u0105 wie\u015b udekorowano chor\u0105gwiami w barwach narodowych i ko\u015bcielnych. Do...\" \/>\n<meta property=\"og:url\" content=\"http:\/\/ludzieikrajobrazy.muzeumleszno.pl\/?p=269\" \/>\n<meta property=\"og:site_name\" content=\"Ludzie i krajobrazy. Powiat Leszczy\u0144ski w ikonografii\" \/>\n<meta property=\"article:published_time\" content=\"2024-07-26T09:57:51+00:00\" \/>\n<meta property=\"article:modified_time\" content=\"2024-09-19T06:06:42+00:00\" \/>\n<meta property=\"og:image\" content=\"http:\/\/ludzieikrajobrazy.muzeumleszno.pl\/wp-content\/uploads\/2024\/07\/26a_MLFa-3535_8-scaled.jpg\" \/>\n\t<meta property=\"og:image:width\" content=\"2560\" \/>\n\t<meta property=\"og:image:height\" content=\"1424\" \/>\n\t<meta property=\"og:image:type\" content=\"image\/jpeg\" \/>\n<meta name=\"author\" content=\"Pan_Admin\" \/>\n<meta name=\"twitter:card\" content=\"summary_large_image\" \/>\n<meta name=\"twitter:label1\" content=\"Napisane przez\" \/>\n\t<meta name=\"twitter:data1\" content=\"Pan_Admin\" \/>\n\t<meta name=\"twitter:label2\" content=\"Szacowany czas czytania\" \/>\n\t<meta name=\"twitter:data2\" content=\"2 minuty\" \/>\n<script type=\"application\/ld+json\" class=\"yoast-schema-graph\">{\"@context\":\"https:\\\/\\\/schema.org\",\"@graph\":[{\"@type\":\"Article\",\"@id\":\"http:\\\/\\\/ludzieikrajobrazy.muzeumleszno.pl\\\/?p=269#article\",\"isPartOf\":{\"@id\":\"http:\\\/\\\/ludzieikrajobrazy.muzeumleszno.pl\\\/?p=269\"},\"author\":{\"name\":\"Pan_Admin\",\"@id\":\"https:\\\/\\\/ludzieikrajobrazy.muzeumleszno.pl\\\/#\\\/schema\\\/person\\\/fc2bc20e2b51efc3202ac1f0cdcd06c0\"},\"headline\":\"D\u0142ugie Stare. Wizytacja ks. biskupa Walentego Dymka, 1932 rok\",\"datePublished\":\"2024-07-26T09:57:51+00:00\",\"dateModified\":\"2024-09-19T06:06:42+00:00\",\"mainEntityOfPage\":{\"@id\":\"http:\\\/\\\/ludzieikrajobrazy.muzeumleszno.pl\\\/?p=269\"},\"wordCount\":221,\"image\":{\"@id\":\"http:\\\/\\\/ludzieikrajobrazy.muzeumleszno.pl\\\/?p=269#primaryimage\"},\"thumbnailUrl\":\"http:\\\/\\\/ludzieikrajobrazy.muzeumleszno.pl\\\/wp-content\\\/uploads\\\/2024\\\/07\\\/26a_MLFa-3535_8-scaled.jpg\",\"keywords\":[\"1932\",\"barwy ko\u015bcielne\",\"barwy narodowe\",\"bierzmowanie\",\"biskup\",\"bro\u0144\",\"ceg\u0142a\",\"ch\u00f3d\",\"chor\u0105giew\",\"dekoracja\",\"D\u0142ugie Stare\",\"dokumentacja\",\"droga\",\"drzewa\",\"duchowny\",\"dzieci\",\"dziecko\",\"fotografia\",\"fotografia grupowa\",\"garnitur\",\"go\u015b\u0107\",\"honor\",\"kobieta\",\"kobiety\",\"ko\u0144\",\"krajobraz\",\"ksi\u0105dz\",\"m\u0119\u017cczyzna\",\"m\u0119\u017cczy\u017ani\",\"mi\u0119dzywojnie\",\"mieszka\u0144cy\",\"mieszkaniec\",\"mundur\",\"mur\",\"nabo\u017ce\u0144stwo\",\"parafia\",\"Pawe\u0142 Steinmetz\",\"pie\u015b\u0144\",\"plebania\",\"Polska\",\"powaga\",\"powitanie\",\"religia\",\"ruch\",\"\u015bcie\u017cka\",\"stowarzyszenie\",\"Stra\u017c Graniczna\",\"\u015awi\u0119ciechowa\",\"szacunek\",\"szereg\",\"uk\u0142on\",\"uroczysto\u015b\u0107\",\"u\u015bcisk d\u0142oni\",\"Walenty Dymek\",\"wiara\",\"wizytacja\"],\"articleSection\":[\"D\u0142ugie Stare\"],\"inLanguage\":\"pl-PL\"},{\"@type\":\"WebPage\",\"@id\":\"http:\\\/\\\/ludzieikrajobrazy.muzeumleszno.pl\\\/?p=269\",\"url\":\"http:\\\/\\\/ludzieikrajobrazy.muzeumleszno.pl\\\/?p=269\",\"name\":\"D\u0142ugie Stare. Wizytacja ks. biskupa Walentego Dymka, 1932 rok - Ludzie i krajobrazy. Powiat Leszczy\u0144ski w ikonografii\",\"isPartOf\":{\"@id\":\"https:\\\/\\\/ludzieikrajobrazy.muzeumleszno.pl\\\/#website\"},\"primaryImageOfPage\":{\"@id\":\"http:\\\/\\\/ludzieikrajobrazy.muzeumleszno.pl\\\/?p=269#primaryimage\"},\"image\":{\"@id\":\"http:\\\/\\\/ludzieikrajobrazy.muzeumleszno.pl\\\/?p=269#primaryimage\"},\"thumbnailUrl\":\"http:\\\/\\\/ludzieikrajobrazy.muzeumleszno.pl\\\/wp-content\\\/uploads\\\/2024\\\/07\\\/26a_MLFa-3535_8-scaled.jpg\",\"datePublished\":\"2024-07-26T09:57:51+00:00\",\"dateModified\":\"2024-09-19T06:06:42+00:00\",\"author\":{\"@id\":\"https:\\\/\\\/ludzieikrajobrazy.muzeumleszno.pl\\\/#\\\/schema\\\/person\\\/fc2bc20e2b51efc3202ac1f0cdcd06c0\"},\"breadcrumb\":{\"@id\":\"http:\\\/\\\/ludzieikrajobrazy.muzeumleszno.pl\\\/?p=269#breadcrumb\"},\"inLanguage\":\"pl-PL\",\"potentialAction\":[{\"@type\":\"ReadAction\",\"target\":[\"http:\\\/\\\/ludzieikrajobrazy.muzeumleszno.pl\\\/?p=269\"]}]},{\"@type\":\"BreadcrumbList\",\"@id\":\"http:\\\/\\\/ludzieikrajobrazy.muzeumleszno.pl\\\/?p=269#breadcrumb\",\"itemListElement\":[{\"@type\":\"ListItem\",\"position\":1,\"name\":\"Home\",\"item\":\"https:\\\/\\\/ludzieikrajobrazy.muzeumleszno.pl\\\/\"},{\"@type\":\"ListItem\",\"position\":2,\"name\":\"D\u0142ugie Stare. Wizytacja ks. biskupa Walentego Dymka, 1932 rok\"}]},{\"@type\":\"WebSite\",\"@id\":\"https:\\\/\\\/ludzieikrajobrazy.muzeumleszno.pl\\\/#website\",\"url\":\"https:\\\/\\\/ludzieikrajobrazy.muzeumleszno.pl\\\/\",\"name\":\"Ludzie i krajobrazy. Powiat Leszczy\u0144ski w ikonografii\",\"description\":\"Powiat Leszczy\u0144ski w ikonografii\",\"potentialAction\":[{\"@type\":\"SearchAction\",\"target\":{\"@type\":\"EntryPoint\",\"urlTemplate\":\"https:\\\/\\\/ludzieikrajobrazy.muzeumleszno.pl\\\/?s={search_term_string}\"},\"query-input\":{\"@type\":\"PropertyValueSpecification\",\"valueRequired\":true,\"valueName\":\"search_term_string\"}}],\"inLanguage\":\"pl-PL\"},{\"@type\":\"Person\",\"@id\":\"https:\\\/\\\/ludzieikrajobrazy.muzeumleszno.pl\\\/#\\\/schema\\\/person\\\/fc2bc20e2b51efc3202ac1f0cdcd06c0\",\"name\":\"Pan_Admin\",\"image\":{\"@type\":\"ImageObject\",\"inLanguage\":\"pl-PL\",\"@id\":\"https:\\\/\\\/secure.gravatar.com\\\/avatar\\\/d109d485abe889ecc32dbdb971b715ad9d4596bd0e2353626451db3e04099822?s=96&d=mm&r=g\",\"url\":\"https:\\\/\\\/secure.gravatar.com\\\/avatar\\\/d109d485abe889ecc32dbdb971b715ad9d4596bd0e2353626451db3e04099822?s=96&d=mm&r=g\",\"contentUrl\":\"https:\\\/\\\/secure.gravatar.com\\\/avatar\\\/d109d485abe889ecc32dbdb971b715ad9d4596bd0e2353626451db3e04099822?s=96&d=mm&r=g\",\"caption\":\"Pan_Admin\"},\"sameAs\":[\"http:\\\/\\\/ludzieikrajobrazy.muzeumleszno.pl\"],\"url\":\"http:\\\/\\\/ludzieikrajobrazy.muzeumleszno.pl\\\/?author=1\"}]}<\/script>\n<!-- \/ Yoast SEO plugin. -->","yoast_head_json":{"title":"D\u0142ugie Stare. Wizytacja ks. biskupa Walentego Dymka, 1932 rok - Ludzie i krajobrazy. Powiat Leszczy\u0144ski w ikonografii","robots":{"index":"index","follow":"follow","max-snippet":"max-snippet:-1","max-image-preview":"max-image-preview:large","max-video-preview":"max-video-preview:-1"},"canonical":"http:\/\/ludzieikrajobrazy.muzeumleszno.pl\/?p=269","og_locale":"pl_PL","og_type":"article","og_title":"D\u0142ugie Stare. Wizytacja ks. biskupa Walentego Dymka, 1932 rok - Ludzie i krajobrazy. Powiat Leszczy\u0144ski w ikonografii","og_description":"W 1932 roku parafi\u0119 w D\u0142ugich Starych wizytowa\u0142 ks. biskup Walenty Dymek (1888\u20131956). Przyjecha\u0142 w niedziel\u0119 4 wrze\u015bnia. Ca\u0142\u0105 wie\u015b udekorowano chor\u0105gwiami w barwach narodowych i ko\u015bcielnych. Do...","og_url":"http:\/\/ludzieikrajobrazy.muzeumleszno.pl\/?p=269","og_site_name":"Ludzie i krajobrazy. Powiat Leszczy\u0144ski w ikonografii","article_published_time":"2024-07-26T09:57:51+00:00","article_modified_time":"2024-09-19T06:06:42+00:00","og_image":[{"width":2560,"height":1424,"url":"http:\/\/ludzieikrajobrazy.muzeumleszno.pl\/wp-content\/uploads\/2024\/07\/26a_MLFa-3535_8-scaled.jpg","type":"image\/jpeg"}],"author":"Pan_Admin","twitter_card":"summary_large_image","twitter_misc":{"Napisane przez":"Pan_Admin","Szacowany czas czytania":"2 minuty"},"schema":{"@context":"https:\/\/schema.org","@graph":[{"@type":"Article","@id":"http:\/\/ludzieikrajobrazy.muzeumleszno.pl\/?p=269#article","isPartOf":{"@id":"http:\/\/ludzieikrajobrazy.muzeumleszno.pl\/?p=269"},"author":{"name":"Pan_Admin","@id":"https:\/\/ludzieikrajobrazy.muzeumleszno.pl\/#\/schema\/person\/fc2bc20e2b51efc3202ac1f0cdcd06c0"},"headline":"D\u0142ugie Stare. Wizytacja ks. biskupa Walentego Dymka, 1932 rok","datePublished":"2024-07-26T09:57:51+00:00","dateModified":"2024-09-19T06:06:42+00:00","mainEntityOfPage":{"@id":"http:\/\/ludzieikrajobrazy.muzeumleszno.pl\/?p=269"},"wordCount":221,"image":{"@id":"http:\/\/ludzieikrajobrazy.muzeumleszno.pl\/?p=269#primaryimage"},"thumbnailUrl":"http:\/\/ludzieikrajobrazy.muzeumleszno.pl\/wp-content\/uploads\/2024\/07\/26a_MLFa-3535_8-scaled.jpg","keywords":["1932","barwy ko\u015bcielne","barwy narodowe","bierzmowanie","biskup","bro\u0144","ceg\u0142a","ch\u00f3d","chor\u0105giew","dekoracja","D\u0142ugie Stare","dokumentacja","droga","drzewa","duchowny","dzieci","dziecko","fotografia","fotografia grupowa","garnitur","go\u015b\u0107","honor","kobieta","kobiety","ko\u0144","krajobraz","ksi\u0105dz","m\u0119\u017cczyzna","m\u0119\u017cczy\u017ani","mi\u0119dzywojnie","mieszka\u0144cy","mieszkaniec","mundur","mur","nabo\u017ce\u0144stwo","parafia","Pawe\u0142 Steinmetz","pie\u015b\u0144","plebania","Polska","powaga","powitanie","religia","ruch","\u015bcie\u017cka","stowarzyszenie","Stra\u017c Graniczna","\u015awi\u0119ciechowa","szacunek","szereg","uk\u0142on","uroczysto\u015b\u0107","u\u015bcisk d\u0142oni","Walenty Dymek","wiara","wizytacja"],"articleSection":["D\u0142ugie Stare"],"inLanguage":"pl-PL"},{"@type":"WebPage","@id":"http:\/\/ludzieikrajobrazy.muzeumleszno.pl\/?p=269","url":"http:\/\/ludzieikrajobrazy.muzeumleszno.pl\/?p=269","name":"D\u0142ugie Stare. Wizytacja ks. biskupa Walentego Dymka, 1932 rok - Ludzie i krajobrazy. Powiat Leszczy\u0144ski w ikonografii","isPartOf":{"@id":"https:\/\/ludzieikrajobrazy.muzeumleszno.pl\/#website"},"primaryImageOfPage":{"@id":"http:\/\/ludzieikrajobrazy.muzeumleszno.pl\/?p=269#primaryimage"},"image":{"@id":"http:\/\/ludzieikrajobrazy.muzeumleszno.pl\/?p=269#primaryimage"},"thumbnailUrl":"http:\/\/ludzieikrajobrazy.muzeumleszno.pl\/wp-content\/uploads\/2024\/07\/26a_MLFa-3535_8-scaled.jpg","datePublished":"2024-07-26T09:57:51+00:00","dateModified":"2024-09-19T06:06:42+00:00","author":{"@id":"https:\/\/ludzieikrajobrazy.muzeumleszno.pl\/#\/schema\/person\/fc2bc20e2b51efc3202ac1f0cdcd06c0"},"breadcrumb":{"@id":"http:\/\/ludzieikrajobrazy.muzeumleszno.pl\/?p=269#breadcrumb"},"inLanguage":"pl-PL","potentialAction":[{"@type":"ReadAction","target":["http:\/\/ludzieikrajobrazy.muzeumleszno.pl\/?p=269"]}]},{"@type":"BreadcrumbList","@id":"http:\/\/ludzieikrajobrazy.muzeumleszno.pl\/?p=269#breadcrumb","itemListElement":[{"@type":"ListItem","position":1,"name":"Home","item":"https:\/\/ludzieikrajobrazy.muzeumleszno.pl\/"},{"@type":"ListItem","position":2,"name":"D\u0142ugie Stare. Wizytacja ks. biskupa Walentego Dymka, 1932 rok"}]},{"@type":"WebSite","@id":"https:\/\/ludzieikrajobrazy.muzeumleszno.pl\/#website","url":"https:\/\/ludzieikrajobrazy.muzeumleszno.pl\/","name":"Ludzie i krajobrazy. Powiat Leszczy\u0144ski w ikonografii","description":"Powiat Leszczy\u0144ski w ikonografii","potentialAction":[{"@type":"SearchAction","target":{"@type":"EntryPoint","urlTemplate":"https:\/\/ludzieikrajobrazy.muzeumleszno.pl\/?s={search_term_string}"},"query-input":{"@type":"PropertyValueSpecification","valueRequired":true,"valueName":"search_term_string"}}],"inLanguage":"pl-PL"},{"@type":"Person","@id":"https:\/\/ludzieikrajobrazy.muzeumleszno.pl\/#\/schema\/person\/fc2bc20e2b51efc3202ac1f0cdcd06c0","name":"Pan_Admin","image":{"@type":"ImageObject","inLanguage":"pl-PL","@id":"https:\/\/secure.gravatar.com\/avatar\/d109d485abe889ecc32dbdb971b715ad9d4596bd0e2353626451db3e04099822?s=96&d=mm&r=g","url":"https:\/\/secure.gravatar.com\/avatar\/d109d485abe889ecc32dbdb971b715ad9d4596bd0e2353626451db3e04099822?s=96&d=mm&r=g","contentUrl":"https:\/\/secure.gravatar.com\/avatar\/d109d485abe889ecc32dbdb971b715ad9d4596bd0e2353626451db3e04099822?s=96&d=mm&r=g","caption":"Pan_Admin"},"sameAs":["http:\/\/ludzieikrajobrazy.muzeumleszno.pl"],"url":"http:\/\/ludzieikrajobrazy.muzeumleszno.pl\/?author=1"}]}},"_links":{"self":[{"href":"http:\/\/ludzieikrajobrazy.muzeumleszno.pl\/index.php?rest_route=\/wp\/v2\/posts\/269","targetHints":{"allow":["GET"]}}],"collection":[{"href":"http:\/\/ludzieikrajobrazy.muzeumleszno.pl\/index.php?rest_route=\/wp\/v2\/posts"}],"about":[{"href":"http:\/\/ludzieikrajobrazy.muzeumleszno.pl\/index.php?rest_route=\/wp\/v2\/types\/post"}],"author":[{"embeddable":true,"href":"http:\/\/ludzieikrajobrazy.muzeumleszno.pl\/index.php?rest_route=\/wp\/v2\/users\/1"}],"replies":[{"embeddable":true,"href":"http:\/\/ludzieikrajobrazy.muzeumleszno.pl\/index.php?rest_route=%2Fwp%2Fv2%2Fcomments&post=269"}],"version-history":[{"count":5,"href":"http:\/\/ludzieikrajobrazy.muzeumleszno.pl\/index.php?rest_route=\/wp\/v2\/posts\/269\/revisions"}],"predecessor-version":[{"id":1170,"href":"http:\/\/ludzieikrajobrazy.muzeumleszno.pl\/index.php?rest_route=\/wp\/v2\/posts\/269\/revisions\/1170"}],"wp:featuredmedia":[{"embeddable":true,"href":"http:\/\/ludzieikrajobrazy.muzeumleszno.pl\/index.php?rest_route=\/wp\/v2\/media\/270"}],"wp:attachment":[{"href":"http:\/\/ludzieikrajobrazy.muzeumleszno.pl\/index.php?rest_route=%2Fwp%2Fv2%2Fmedia&parent=269"}],"wp:term":[{"taxonomy":"category","embeddable":true,"href":"http:\/\/ludzieikrajobrazy.muzeumleszno.pl\/index.php?rest_route=%2Fwp%2Fv2%2Fcategories&post=269"},{"taxonomy":"post_tag","embeddable":true,"href":"http:\/\/ludzieikrajobrazy.muzeumleszno.pl\/index.php?rest_route=%2Fwp%2Fv2%2Ftags&post=269"}],"curies":[{"name":"wp","href":"https:\/\/api.w.org\/{rel}","templated":true}]}}