{"id":278,"date":"2024-07-25T12:00:54","date_gmt":"2024-07-25T10:00:54","guid":{"rendered":"http:\/\/ludzieikrajobrazy.muzeumleszno.pl\/?p=278"},"modified":"2024-09-19T09:46:31","modified_gmt":"2024-09-19T07:46:31","slug":"dluzyna-wizytacja-ks-biskupa-walentego-dymka-1933-rok-leszno-foto-studjo","status":"publish","type":"post","link":"http:\/\/ludzieikrajobrazy.muzeumleszno.pl\/?p=278","title":{"rendered":"D\u0142u\u017cyna. Wizytacja ks. biskupa Walentego Dymka , 1933 rok, Leszno, Foto \u201eStudjo\u201d"},"content":{"rendered":"\n<p>Kodeks Prawa Kanonicznego zobowi\u0105zuje biskupa diecezjalnego do odwiedzania podleg\u0142ych mu parafii raz na pi\u0119\u0107 lat. Czynno\u015b\u0107 mo\u017ce wykona\u0107 osobi\u015bcie lub przez swojego biskupa pomocniczego. Wizytacje biskupie stanowi\u0105 nawi\u0105zanie do tradycji apostolskich z okresu pocz\u0105tk\u00f3w chrze\u015bcija\u0144stwa. Podlegaj\u0105 jej wszystkie dziedziny \u017cycia religijnego, moralnego i administracyjno-gospodarczego Ko\u015bcio\u0142a. Wizytacje pozwalaj\u0105 na bezpo\u015bredni kontakt z wiernymi, podkre\u015blenie pasterskiego przewodnictwa biskupa, sprawowanie pos\u0142ugi s\u0142owem i u\u015bwi\u0119cenie wsp\u00f3lnoty.&nbsp;<\/p>\n\n\n\n<p>Wizyta ks. biskupa Walentego Dymka (1888\u20131956) w D\u0142u\u017cynie zwi\u0105zana by\u0142a z wizytacj\u0105 ca\u0142ego dekanatu przem\u0119ckiego i stanowi\u0142a pierwszy jej etap. Na placu przed ko\u015bcio\u0142em pw. \u015bw. Jakuba Wi\u0119kszego zebra\u0142o si\u0119 wielu parafian, pragn\u0105cych uczestniczy\u0107 w tak donios\u0142ym dla nich wydarzeniu. Biskupowi asystuj\u0105 miejscowi ksi\u0119\u017ca katoliccy. Ksi\u0105dz Dymek by\u0142 biskupem pomocniczym archidiecezji pozna\u0144skim w latach 1929-1946, a nast\u0119pnie arcybiskupem metropolit\u0105 pozna\u0144skim.&nbsp;<\/p>\n\n\n\n<figure data-wp-context=\"{&quot;imageId&quot;:&quot;69f1cdf3206d9&quot;}\" data-wp-interactive=\"core\/image\" data-wp-key=\"69f1cdf3206d9\" class=\"wp-block-image size-full wp-lightbox-container\"><img fetchpriority=\"high\" decoding=\"async\" width=\"2560\" height=\"1631\" data-wp-class--hide=\"state.isContentHidden\" data-wp-class--show=\"state.isContentVisible\" data-wp-init=\"callbacks.setButtonStyles\" data-wp-on--click=\"actions.showLightbox\" data-wp-on--load=\"callbacks.setButtonStyles\" data-wp-on-window--resize=\"callbacks.setButtonStyles\" src=\"http:\/\/ludzieikrajobrazy.muzeumleszno.pl\/wp-content\/uploads\/2024\/07\/27_MLFa-1130-scaled.jpg\" alt=\"D\u0142u\u017cyna. Wizytacja ks. biskupa Walentego Dymka , 1933 rok, Leszno, Foto \u201eStudjo\u201d\" class=\"wp-image-279\" srcset=\"http:\/\/ludzieikrajobrazy.muzeumleszno.pl\/wp-content\/uploads\/2024\/07\/27_MLFa-1130-scaled.jpg 2560w, http:\/\/ludzieikrajobrazy.muzeumleszno.pl\/wp-content\/uploads\/2024\/07\/27_MLFa-1130-1536x978.jpg 1536w, http:\/\/ludzieikrajobrazy.muzeumleszno.pl\/wp-content\/uploads\/2024\/07\/27_MLFa-1130-2048x1305.jpg 2048w, http:\/\/ludzieikrajobrazy.muzeumleszno.pl\/wp-content\/uploads\/2024\/07\/27_MLFa-1130-200x127.jpg 200w, http:\/\/ludzieikrajobrazy.muzeumleszno.pl\/wp-content\/uploads\/2024\/07\/27_MLFa-1130-973x620.jpg 973w, http:\/\/ludzieikrajobrazy.muzeumleszno.pl\/wp-content\/uploads\/2024\/07\/27_MLFa-1130-508x324.jpg 508w\" sizes=\"(max-width: 2560px) 100vw, 2560px\" \/><button\n\t\t\tclass=\"lightbox-trigger\"\n\t\t\ttype=\"button\"\n\t\t\taria-haspopup=\"dialog\"\n\t\t\taria-label=\"Powi\u0119ksz\"\n\t\t\tdata-wp-init=\"callbacks.initTriggerButton\"\n\t\t\tdata-wp-on--click=\"actions.showLightbox\"\n\t\t\tdata-wp-style--right=\"state.imageButtonRight\"\n\t\t\tdata-wp-style--top=\"state.imageButtonTop\"\n\t\t>\n\t\t\t<svg xmlns=\"http:\/\/www.w3.org\/2000\/svg\" width=\"12\" height=\"12\" fill=\"none\" viewBox=\"0 0 12 12\">\n\t\t\t\t<path fill=\"#fff\" d=\"M2 0a2 2 0 0 0-2 2v2h1.5V2a.5.5 0 0 1 .5-.5h2V0H2Zm2 10.5H2a.5.5 0 0 1-.5-.5V8H0v2a2 2 0 0 0 2 2h2v-1.5ZM8 12v-1.5h2a.5.5 0 0 0 .5-.5V8H12v2a2 2 0 0 1-2 2H8Zm2-12a2 2 0 0 1 2 2v2h-1.5V2a.5.5 0 0 0-.5-.5H8V0h2Z\" \/>\n\t\t\t<\/svg>\n\t\t<\/button><figcaption class=\"wp-element-caption\">D\u0142u\u017cyna. Wizytacja ks. biskupa Walentego Dymka , 1933 rok, Leszno, Foto \u201eStudjo\u201d. wys. 8,7 cm x szer. 13,8 cm; papier fotograficzny, odbitka srebrowo &#8211; \u017celatynowa; 1933 rok; Muzeum Okr\u0119gowe w Lesznie; MLFa1130<\/figcaption><\/figure>\n\n\n\n<p class=\"has-small-font-size\">nr inw. MLFa 1130\/2<br>W zbiorach Muzeum Okr\u0119gowego w Lesznie od 2003 roku, dar<\/p>\n\n\n\n<p>D.Cz.<\/p>\n\n\n\n<figure class=\"wp-block-embed is-type-video is-provider-youtube wp-block-embed-youtube wp-embed-aspect-16-9 wp-has-aspect-ratio\"><div class=\"wp-block-embed__wrapper\">\n<iframe title=\"D\u0142uz\u0307yna  Wizytacja ks  biskupa Walentego Dymka 1, 1933 rok\" width=\"620\" height=\"349\" src=\"https:\/\/www.youtube.com\/embed\/_o1P8zfkUmo?feature=oembed\" frameborder=\"0\" allow=\"accelerometer; autoplay; clipboard-write; encrypted-media; gyroscope; picture-in-picture; web-share\" referrerpolicy=\"strict-origin-when-cross-origin\" allowfullscreen><\/iframe>\n<\/div><\/figure>\n","protected":false},"excerpt":{"rendered":"<p>Kodeks Prawa Kanonicznego zobowi\u0105zuje biskupa diecezjalnego do odwiedzania podleg\u0142ych mu parafii raz na pi\u0119\u0107 lat. Czynno\u015b\u0107 mo\u017ce wykona\u0107 osobi\u015bcie lub przez swojego biskupa pomocniczego. Wizytacje biskupie stanowi\u0105 nawi\u0105zanie&#8230;<\/p>\n","protected":false},"author":1,"featured_media":279,"comment_status":"closed","ping_status":"closed","sticky":false,"template":"","format":"standard","meta":{"cybocfi_hide_featured_image":"yes","footnotes":""},"categories":[29],"tags":[243,1351,378,1355,2142,2143,165,600,2149,30,520,736,851,852,1350,417,1137,1289,1318,2141,2147,1220,893,357,2150,1079,796,811,2148,665,2151,2145,1251,2152,1396,1185,2144,2138,250,1348,1213,2146,1349,535],"class_list":["post-278","post","type-post","status-publish","format-standard","has-post-thumbnail","hentry","category-dluzyna","tag-243","tag-archidiecezja-poznanska","tag-architektura","tag-biskup","tag-biskup-diecezjalny","tag-biskup-pomocniczy","tag-budownictwo-murowane","tag-chrzescijanstwo","tag-dekanat","tag-dluzyna","tag-dokumentacja","tag-drzewa","tag-dzieci","tag-dziecko","tag-foto-studjo","tag-fotografia","tag-grupa-ludzi","tag-kobieta","tag-kobiety","tag-kodeks-prawa-kanonicznego","tag-kontakt","tag-krzeslo","tag-ksiadz","tag-leszno","tag-metropolita-poznanski","tag-mezczyzna","tag-mezczyzni","tag-parafia","tag-pasterz","tag-plac","tag-pocalunek","tag-poczatek-chrzescijanstwa","tag-powaga","tag-przywitanie","tag-religia","tag-stroj-odswietny","tag-tradycje-apostolskie","tag-uklon","tag-uroczystosc","tag-walenty-dymek","tag-wiara","tag-wierny","tag-wizytacja","tag-wydarzenie"],"yoast_head":"<!-- This site is optimized with the Yoast SEO plugin v27.5 - https:\/\/yoast.com\/product\/yoast-seo-wordpress\/ -->\n<title>D\u0142u\u017cyna. Wizytacja ks. biskupa Walentego Dymka , 1933 rok, Leszno, Foto \u201eStudjo\u201d - Ludzie i krajobrazy. Powiat Leszczy\u0144ski w ikonografii<\/title>\n<meta name=\"robots\" content=\"index, follow, max-snippet:-1, max-image-preview:large, max-video-preview:-1\" \/>\n<link rel=\"canonical\" href=\"http:\/\/ludzieikrajobrazy.muzeumleszno.pl\/?p=278\" \/>\n<meta property=\"og:locale\" content=\"pl_PL\" \/>\n<meta property=\"og:type\" content=\"article\" \/>\n<meta property=\"og:title\" content=\"D\u0142u\u017cyna. Wizytacja ks. biskupa Walentego Dymka , 1933 rok, Leszno, Foto \u201eStudjo\u201d - Ludzie i krajobrazy. Powiat Leszczy\u0144ski w ikonografii\" \/>\n<meta property=\"og:description\" content=\"Kodeks Prawa Kanonicznego zobowi\u0105zuje biskupa diecezjalnego do odwiedzania podleg\u0142ych mu parafii raz na pi\u0119\u0107 lat. Czynno\u015b\u0107 mo\u017ce wykona\u0107 osobi\u015bcie lub przez swojego biskupa pomocniczego. Wizytacje biskupie stanowi\u0105 nawi\u0105zanie...\" \/>\n<meta property=\"og:url\" content=\"http:\/\/ludzieikrajobrazy.muzeumleszno.pl\/?p=278\" \/>\n<meta property=\"og:site_name\" content=\"Ludzie i krajobrazy. Powiat Leszczy\u0144ski w ikonografii\" \/>\n<meta property=\"article:published_time\" content=\"2024-07-25T10:00:54+00:00\" \/>\n<meta property=\"article:modified_time\" content=\"2024-09-19T07:46:31+00:00\" \/>\n<meta property=\"og:image\" content=\"http:\/\/ludzieikrajobrazy.muzeumleszno.pl\/wp-content\/uploads\/2024\/07\/27_MLFa-1130-scaled.jpg\" \/>\n\t<meta property=\"og:image:width\" content=\"2560\" \/>\n\t<meta property=\"og:image:height\" content=\"1631\" \/>\n\t<meta property=\"og:image:type\" content=\"image\/jpeg\" \/>\n<meta name=\"author\" content=\"Pan_Admin\" \/>\n<meta name=\"twitter:card\" content=\"summary_large_image\" \/>\n<meta name=\"twitter:label1\" content=\"Napisane przez\" \/>\n\t<meta name=\"twitter:data1\" content=\"Pan_Admin\" \/>\n\t<meta name=\"twitter:label2\" content=\"Szacowany czas czytania\" \/>\n\t<meta name=\"twitter:data2\" content=\"2 minuty\" \/>\n<script type=\"application\/ld+json\" class=\"yoast-schema-graph\">{\"@context\":\"https:\\\/\\\/schema.org\",\"@graph\":[{\"@type\":\"Article\",\"@id\":\"http:\\\/\\\/ludzieikrajobrazy.muzeumleszno.pl\\\/?p=278#article\",\"isPartOf\":{\"@id\":\"http:\\\/\\\/ludzieikrajobrazy.muzeumleszno.pl\\\/?p=278\"},\"author\":{\"name\":\"Pan_Admin\",\"@id\":\"https:\\\/\\\/ludzieikrajobrazy.muzeumleszno.pl\\\/#\\\/schema\\\/person\\\/fc2bc20e2b51efc3202ac1f0cdcd06c0\"},\"headline\":\"D\u0142u\u017cyna. Wizytacja ks. biskupa Walentego Dymka , 1933 rok, Leszno, Foto \u201eStudjo\u201d\",\"datePublished\":\"2024-07-25T10:00:54+00:00\",\"dateModified\":\"2024-09-19T07:46:31+00:00\",\"mainEntityOfPage\":{\"@id\":\"http:\\\/\\\/ludzieikrajobrazy.muzeumleszno.pl\\\/?p=278\"},\"wordCount\":222,\"image\":{\"@id\":\"http:\\\/\\\/ludzieikrajobrazy.muzeumleszno.pl\\\/?p=278#primaryimage\"},\"thumbnailUrl\":\"http:\\\/\\\/ludzieikrajobrazy.muzeumleszno.pl\\\/wp-content\\\/uploads\\\/2024\\\/07\\\/27_MLFa-1130-scaled.jpg\",\"keywords\":[\"1933\",\"archidiecezja pozna\u0144ska\",\"architektura\",\"biskup\",\"biskup diecezjalny\",\"biskup pomocniczy\",\"budownictwo murowane\",\"chrze\u015bcija\u0144stwo\",\"dekanat\",\"D\u0142u\u017cyna\",\"dokumentacja\",\"drzewa\",\"dzieci\",\"dziecko\",\"Foto \u201eStudjo\u201d\",\"fotografia\",\"grupa ludzi\",\"kobieta\",\"kobiety\",\"Kodeks Prawa Kanonicznego\",\"kontakt\",\"krzes\u0142o\",\"ksi\u0105dz\",\"Leszno\",\"metropolita pozna\u0144ski\",\"m\u0119\u017cczyzna\",\"m\u0119\u017cczy\u017ani\",\"parafia\",\"pasterz\",\"plac\",\"poca\u0142unek\",\"pocz\u0105tek chrze\u015bcija\u0144stwa\",\"powaga\",\"przywitanie\",\"religia\",\"str\u00f3j od\u015bwi\u0119tny\",\"tradycje apostolskie\",\"uk\u0142on\",\"uroczysto\u015b\u0107\",\"Walenty Dymek\",\"wiara\",\"wierny\",\"wizytacja\",\"wydarzenie\"],\"articleSection\":[\"D\u0142u\u017cyna\"],\"inLanguage\":\"pl-PL\"},{\"@type\":\"WebPage\",\"@id\":\"http:\\\/\\\/ludzieikrajobrazy.muzeumleszno.pl\\\/?p=278\",\"url\":\"http:\\\/\\\/ludzieikrajobrazy.muzeumleszno.pl\\\/?p=278\",\"name\":\"D\u0142u\u017cyna. Wizytacja ks. biskupa Walentego Dymka , 1933 rok, Leszno, Foto \u201eStudjo\u201d - Ludzie i krajobrazy. Powiat Leszczy\u0144ski w ikonografii\",\"isPartOf\":{\"@id\":\"https:\\\/\\\/ludzieikrajobrazy.muzeumleszno.pl\\\/#website\"},\"primaryImageOfPage\":{\"@id\":\"http:\\\/\\\/ludzieikrajobrazy.muzeumleszno.pl\\\/?p=278#primaryimage\"},\"image\":{\"@id\":\"http:\\\/\\\/ludzieikrajobrazy.muzeumleszno.pl\\\/?p=278#primaryimage\"},\"thumbnailUrl\":\"http:\\\/\\\/ludzieikrajobrazy.muzeumleszno.pl\\\/wp-content\\\/uploads\\\/2024\\\/07\\\/27_MLFa-1130-scaled.jpg\",\"datePublished\":\"2024-07-25T10:00:54+00:00\",\"dateModified\":\"2024-09-19T07:46:31+00:00\",\"author\":{\"@id\":\"https:\\\/\\\/ludzieikrajobrazy.muzeumleszno.pl\\\/#\\\/schema\\\/person\\\/fc2bc20e2b51efc3202ac1f0cdcd06c0\"},\"breadcrumb\":{\"@id\":\"http:\\\/\\\/ludzieikrajobrazy.muzeumleszno.pl\\\/?p=278#breadcrumb\"},\"inLanguage\":\"pl-PL\",\"potentialAction\":[{\"@type\":\"ReadAction\",\"target\":[\"http:\\\/\\\/ludzieikrajobrazy.muzeumleszno.pl\\\/?p=278\"]}]},{\"@type\":\"BreadcrumbList\",\"@id\":\"http:\\\/\\\/ludzieikrajobrazy.muzeumleszno.pl\\\/?p=278#breadcrumb\",\"itemListElement\":[{\"@type\":\"ListItem\",\"position\":1,\"name\":\"Home\",\"item\":\"https:\\\/\\\/ludzieikrajobrazy.muzeumleszno.pl\\\/\"},{\"@type\":\"ListItem\",\"position\":2,\"name\":\"D\u0142u\u017cyna. Wizytacja ks. biskupa Walentego Dymka , 1933 rok, Leszno, Foto \u201eStudjo\u201d\"}]},{\"@type\":\"WebSite\",\"@id\":\"https:\\\/\\\/ludzieikrajobrazy.muzeumleszno.pl\\\/#website\",\"url\":\"https:\\\/\\\/ludzieikrajobrazy.muzeumleszno.pl\\\/\",\"name\":\"Ludzie i krajobrazy. Powiat Leszczy\u0144ski w ikonografii\",\"description\":\"Powiat Leszczy\u0144ski w ikonografii\",\"potentialAction\":[{\"@type\":\"SearchAction\",\"target\":{\"@type\":\"EntryPoint\",\"urlTemplate\":\"https:\\\/\\\/ludzieikrajobrazy.muzeumleszno.pl\\\/?s={search_term_string}\"},\"query-input\":{\"@type\":\"PropertyValueSpecification\",\"valueRequired\":true,\"valueName\":\"search_term_string\"}}],\"inLanguage\":\"pl-PL\"},{\"@type\":\"Person\",\"@id\":\"https:\\\/\\\/ludzieikrajobrazy.muzeumleszno.pl\\\/#\\\/schema\\\/person\\\/fc2bc20e2b51efc3202ac1f0cdcd06c0\",\"name\":\"Pan_Admin\",\"image\":{\"@type\":\"ImageObject\",\"inLanguage\":\"pl-PL\",\"@id\":\"https:\\\/\\\/secure.gravatar.com\\\/avatar\\\/d109d485abe889ecc32dbdb971b715ad9d4596bd0e2353626451db3e04099822?s=96&d=mm&r=g\",\"url\":\"https:\\\/\\\/secure.gravatar.com\\\/avatar\\\/d109d485abe889ecc32dbdb971b715ad9d4596bd0e2353626451db3e04099822?s=96&d=mm&r=g\",\"contentUrl\":\"https:\\\/\\\/secure.gravatar.com\\\/avatar\\\/d109d485abe889ecc32dbdb971b715ad9d4596bd0e2353626451db3e04099822?s=96&d=mm&r=g\",\"caption\":\"Pan_Admin\"},\"sameAs\":[\"http:\\\/\\\/ludzieikrajobrazy.muzeumleszno.pl\"],\"url\":\"http:\\\/\\\/ludzieikrajobrazy.muzeumleszno.pl\\\/?author=1\"}]}<\/script>\n<!-- \/ Yoast SEO plugin. -->","yoast_head_json":{"title":"D\u0142u\u017cyna. Wizytacja ks. biskupa Walentego Dymka , 1933 rok, Leszno, Foto \u201eStudjo\u201d - Ludzie i krajobrazy. Powiat Leszczy\u0144ski w ikonografii","robots":{"index":"index","follow":"follow","max-snippet":"max-snippet:-1","max-image-preview":"max-image-preview:large","max-video-preview":"max-video-preview:-1"},"canonical":"http:\/\/ludzieikrajobrazy.muzeumleszno.pl\/?p=278","og_locale":"pl_PL","og_type":"article","og_title":"D\u0142u\u017cyna. Wizytacja ks. biskupa Walentego Dymka , 1933 rok, Leszno, Foto \u201eStudjo\u201d - Ludzie i krajobrazy. Powiat Leszczy\u0144ski w ikonografii","og_description":"Kodeks Prawa Kanonicznego zobowi\u0105zuje biskupa diecezjalnego do odwiedzania podleg\u0142ych mu parafii raz na pi\u0119\u0107 lat. Czynno\u015b\u0107 mo\u017ce wykona\u0107 osobi\u015bcie lub przez swojego biskupa pomocniczego. Wizytacje biskupie stanowi\u0105 nawi\u0105zanie...","og_url":"http:\/\/ludzieikrajobrazy.muzeumleszno.pl\/?p=278","og_site_name":"Ludzie i krajobrazy. Powiat Leszczy\u0144ski w ikonografii","article_published_time":"2024-07-25T10:00:54+00:00","article_modified_time":"2024-09-19T07:46:31+00:00","og_image":[{"width":2560,"height":1631,"url":"http:\/\/ludzieikrajobrazy.muzeumleszno.pl\/wp-content\/uploads\/2024\/07\/27_MLFa-1130-scaled.jpg","type":"image\/jpeg"}],"author":"Pan_Admin","twitter_card":"summary_large_image","twitter_misc":{"Napisane przez":"Pan_Admin","Szacowany czas czytania":"2 minuty"},"schema":{"@context":"https:\/\/schema.org","@graph":[{"@type":"Article","@id":"http:\/\/ludzieikrajobrazy.muzeumleszno.pl\/?p=278#article","isPartOf":{"@id":"http:\/\/ludzieikrajobrazy.muzeumleszno.pl\/?p=278"},"author":{"name":"Pan_Admin","@id":"https:\/\/ludzieikrajobrazy.muzeumleszno.pl\/#\/schema\/person\/fc2bc20e2b51efc3202ac1f0cdcd06c0"},"headline":"D\u0142u\u017cyna. Wizytacja ks. biskupa Walentego Dymka , 1933 rok, Leszno, Foto \u201eStudjo\u201d","datePublished":"2024-07-25T10:00:54+00:00","dateModified":"2024-09-19T07:46:31+00:00","mainEntityOfPage":{"@id":"http:\/\/ludzieikrajobrazy.muzeumleszno.pl\/?p=278"},"wordCount":222,"image":{"@id":"http:\/\/ludzieikrajobrazy.muzeumleszno.pl\/?p=278#primaryimage"},"thumbnailUrl":"http:\/\/ludzieikrajobrazy.muzeumleszno.pl\/wp-content\/uploads\/2024\/07\/27_MLFa-1130-scaled.jpg","keywords":["1933","archidiecezja pozna\u0144ska","architektura","biskup","biskup diecezjalny","biskup pomocniczy","budownictwo murowane","chrze\u015bcija\u0144stwo","dekanat","D\u0142u\u017cyna","dokumentacja","drzewa","dzieci","dziecko","Foto \u201eStudjo\u201d","fotografia","grupa ludzi","kobieta","kobiety","Kodeks Prawa Kanonicznego","kontakt","krzes\u0142o","ksi\u0105dz","Leszno","metropolita pozna\u0144ski","m\u0119\u017cczyzna","m\u0119\u017cczy\u017ani","parafia","pasterz","plac","poca\u0142unek","pocz\u0105tek chrze\u015bcija\u0144stwa","powaga","przywitanie","religia","str\u00f3j od\u015bwi\u0119tny","tradycje apostolskie","uk\u0142on","uroczysto\u015b\u0107","Walenty Dymek","wiara","wierny","wizytacja","wydarzenie"],"articleSection":["D\u0142u\u017cyna"],"inLanguage":"pl-PL"},{"@type":"WebPage","@id":"http:\/\/ludzieikrajobrazy.muzeumleszno.pl\/?p=278","url":"http:\/\/ludzieikrajobrazy.muzeumleszno.pl\/?p=278","name":"D\u0142u\u017cyna. Wizytacja ks. biskupa Walentego Dymka , 1933 rok, Leszno, Foto \u201eStudjo\u201d - Ludzie i krajobrazy. Powiat Leszczy\u0144ski w ikonografii","isPartOf":{"@id":"https:\/\/ludzieikrajobrazy.muzeumleszno.pl\/#website"},"primaryImageOfPage":{"@id":"http:\/\/ludzieikrajobrazy.muzeumleszno.pl\/?p=278#primaryimage"},"image":{"@id":"http:\/\/ludzieikrajobrazy.muzeumleszno.pl\/?p=278#primaryimage"},"thumbnailUrl":"http:\/\/ludzieikrajobrazy.muzeumleszno.pl\/wp-content\/uploads\/2024\/07\/27_MLFa-1130-scaled.jpg","datePublished":"2024-07-25T10:00:54+00:00","dateModified":"2024-09-19T07:46:31+00:00","author":{"@id":"https:\/\/ludzieikrajobrazy.muzeumleszno.pl\/#\/schema\/person\/fc2bc20e2b51efc3202ac1f0cdcd06c0"},"breadcrumb":{"@id":"http:\/\/ludzieikrajobrazy.muzeumleszno.pl\/?p=278#breadcrumb"},"inLanguage":"pl-PL","potentialAction":[{"@type":"ReadAction","target":["http:\/\/ludzieikrajobrazy.muzeumleszno.pl\/?p=278"]}]},{"@type":"BreadcrumbList","@id":"http:\/\/ludzieikrajobrazy.muzeumleszno.pl\/?p=278#breadcrumb","itemListElement":[{"@type":"ListItem","position":1,"name":"Home","item":"https:\/\/ludzieikrajobrazy.muzeumleszno.pl\/"},{"@type":"ListItem","position":2,"name":"D\u0142u\u017cyna. Wizytacja ks. biskupa Walentego Dymka , 1933 rok, Leszno, Foto \u201eStudjo\u201d"}]},{"@type":"WebSite","@id":"https:\/\/ludzieikrajobrazy.muzeumleszno.pl\/#website","url":"https:\/\/ludzieikrajobrazy.muzeumleszno.pl\/","name":"Ludzie i krajobrazy. Powiat Leszczy\u0144ski w ikonografii","description":"Powiat Leszczy\u0144ski w ikonografii","potentialAction":[{"@type":"SearchAction","target":{"@type":"EntryPoint","urlTemplate":"https:\/\/ludzieikrajobrazy.muzeumleszno.pl\/?s={search_term_string}"},"query-input":{"@type":"PropertyValueSpecification","valueRequired":true,"valueName":"search_term_string"}}],"inLanguage":"pl-PL"},{"@type":"Person","@id":"https:\/\/ludzieikrajobrazy.muzeumleszno.pl\/#\/schema\/person\/fc2bc20e2b51efc3202ac1f0cdcd06c0","name":"Pan_Admin","image":{"@type":"ImageObject","inLanguage":"pl-PL","@id":"https:\/\/secure.gravatar.com\/avatar\/d109d485abe889ecc32dbdb971b715ad9d4596bd0e2353626451db3e04099822?s=96&d=mm&r=g","url":"https:\/\/secure.gravatar.com\/avatar\/d109d485abe889ecc32dbdb971b715ad9d4596bd0e2353626451db3e04099822?s=96&d=mm&r=g","contentUrl":"https:\/\/secure.gravatar.com\/avatar\/d109d485abe889ecc32dbdb971b715ad9d4596bd0e2353626451db3e04099822?s=96&d=mm&r=g","caption":"Pan_Admin"},"sameAs":["http:\/\/ludzieikrajobrazy.muzeumleszno.pl"],"url":"http:\/\/ludzieikrajobrazy.muzeumleszno.pl\/?author=1"}]}},"_links":{"self":[{"href":"http:\/\/ludzieikrajobrazy.muzeumleszno.pl\/index.php?rest_route=\/wp\/v2\/posts\/278","targetHints":{"allow":["GET"]}}],"collection":[{"href":"http:\/\/ludzieikrajobrazy.muzeumleszno.pl\/index.php?rest_route=\/wp\/v2\/posts"}],"about":[{"href":"http:\/\/ludzieikrajobrazy.muzeumleszno.pl\/index.php?rest_route=\/wp\/v2\/types\/post"}],"author":[{"embeddable":true,"href":"http:\/\/ludzieikrajobrazy.muzeumleszno.pl\/index.php?rest_route=\/wp\/v2\/users\/1"}],"replies":[{"embeddable":true,"href":"http:\/\/ludzieikrajobrazy.muzeumleszno.pl\/index.php?rest_route=%2Fwp%2Fv2%2Fcomments&post=278"}],"version-history":[{"count":2,"href":"http:\/\/ludzieikrajobrazy.muzeumleszno.pl\/index.php?rest_route=\/wp\/v2\/posts\/278\/revisions"}],"predecessor-version":[{"id":1171,"href":"http:\/\/ludzieikrajobrazy.muzeumleszno.pl\/index.php?rest_route=\/wp\/v2\/posts\/278\/revisions\/1171"}],"wp:featuredmedia":[{"embeddable":true,"href":"http:\/\/ludzieikrajobrazy.muzeumleszno.pl\/index.php?rest_route=\/wp\/v2\/media\/279"}],"wp:attachment":[{"href":"http:\/\/ludzieikrajobrazy.muzeumleszno.pl\/index.php?rest_route=%2Fwp%2Fv2%2Fmedia&parent=278"}],"wp:term":[{"taxonomy":"category","embeddable":true,"href":"http:\/\/ludzieikrajobrazy.muzeumleszno.pl\/index.php?rest_route=%2Fwp%2Fv2%2Fcategories&post=278"},{"taxonomy":"post_tag","embeddable":true,"href":"http:\/\/ludzieikrajobrazy.muzeumleszno.pl\/index.php?rest_route=%2Fwp%2Fv2%2Ftags&post=278"}],"curies":[{"name":"wp","href":"https:\/\/api.w.org\/{rel}","templated":true}]}}