{"id":284,"date":"2024-07-25T11:58:07","date_gmt":"2024-07-25T09:58:07","guid":{"rendered":"http:\/\/ludzieikrajobrazy.muzeumleszno.pl\/?p=284"},"modified":"2024-09-19T09:49:39","modified_gmt":"2024-09-19T07:49:39","slug":"dluzyna-kolo-spiewu-cecylia-1924-rok","status":"publish","type":"post","link":"http:\/\/ludzieikrajobrazy.muzeumleszno.pl\/?p=284","title":{"rendered":"D\u0142u\u017cyna. Ko\u0142o \u015apiewu \u201eCecylia\u201d, 1924 rok"},"content":{"rendered":"\n<p>Ko\u0142o \u015apiewacze zosta\u0142o za\u0142o\u017cone w 1919 roku przez Stefana Wytyka, Jana Stern\u0119, Edwarda Furma\u0144czaka i Jakuba Maciejewskiego. Dyrygentem w pierwszych latach dzia\u0142alno\u015bci by\u0142 Stefan Wytyk (w latach 1919\u20131924), a w p\u00f3\u017aniejszym okresie organista Wiktor Przyby\u0142 (w latach 1924-1936) i Alfons Kostrzewski. Pocz\u0105tkowo Ko\u0142o liczy\u0142o oko\u0142o 35 cz\u0142onk\u00f3w. Z czasem liczba ta wzros\u0142a i \u015bpiewano w\u00f3wczas w ch\u00f3rze m\u0119skim i ch\u00f3rze mieszanym.&nbsp;<\/p>\n\n\n\n<p>Zesp\u00f3\u0142 wielokrotnie bra\u0142o udzia\u0142 w miejscowych uroczysto\u015bciach z okazji \u015bwi\u0105t narodowych i ko\u015bcielnych. Ch\u00f3r wyst\u0119powa\u0142 tak\u017ce w okolicznych miejscowo\u015bciach, najcz\u0119\u015bciej we W\u0142oszakowicach, Brennie, Przem\u0119cie i Starkowie. Latem urz\u0105dzano zabawy taneczne poprzedzone wyst\u0119pem zespo\u0142u. W 1931 roku odby\u0142o si\u0119 uroczyste po\u015bwi\u0119cenie \u201eLiry\u201d \u2013 symbolu zwi\u0105zk\u00f3w \u015bpiewaczych, jednak ju\u017c 5 lat p\u00f3\u017aniej, w 1936 roku, Ko\u0142o przesta\u0142o istnie\u0107.&nbsp;<\/p>\n\n\n\n<p>Fotografia pochodzi z pocz\u0105tkowego okresu dzia\u0142alno\u015bci ch\u00f3ru. Wszystkie jego cz\u0142onkinie maja na sobie stroje ludowe. M\u0119\u017cczyzna siedz\u0105cy po\u015brodku to zapewne dyrygent i kierownik zespo\u0142u.&nbsp;<\/p>\n\n\n\n<figure data-wp-context=\"{&quot;imageId&quot;:&quot;69f1c68701641&quot;}\" data-wp-interactive=\"core\/image\" data-wp-key=\"69f1c68701641\" class=\"wp-block-image size-full wp-lightbox-container\"><img fetchpriority=\"high\" decoding=\"async\" width=\"2560\" height=\"1559\" data-wp-class--hide=\"state.isContentHidden\" data-wp-class--show=\"state.isContentVisible\" data-wp-init=\"callbacks.setButtonStyles\" data-wp-on--click=\"actions.showLightbox\" data-wp-on--load=\"callbacks.setButtonStyles\" data-wp-on-window--resize=\"callbacks.setButtonStyles\" src=\"http:\/\/ludzieikrajobrazy.muzeumleszno.pl\/wp-content\/uploads\/2024\/07\/29_B.6703-scaled.jpg\" alt=\"D\u0142u\u017cyna. Ko\u0142o \u015apiewu \u201eCecylia\u201d, 1924 rok\" class=\"wp-image-286\" srcset=\"http:\/\/ludzieikrajobrazy.muzeumleszno.pl\/wp-content\/uploads\/2024\/07\/29_B.6703-scaled.jpg 2560w, http:\/\/ludzieikrajobrazy.muzeumleszno.pl\/wp-content\/uploads\/2024\/07\/29_B.6703-1536x935.jpg 1536w, http:\/\/ludzieikrajobrazy.muzeumleszno.pl\/wp-content\/uploads\/2024\/07\/29_B.6703-2048x1247.jpg 2048w, http:\/\/ludzieikrajobrazy.muzeumleszno.pl\/wp-content\/uploads\/2024\/07\/29_B.6703-200x122.jpg 200w, http:\/\/ludzieikrajobrazy.muzeumleszno.pl\/wp-content\/uploads\/2024\/07\/29_B.6703-973x593.jpg 973w, http:\/\/ludzieikrajobrazy.muzeumleszno.pl\/wp-content\/uploads\/2024\/07\/29_B.6703-508x309.jpg 508w\" sizes=\"(max-width: 2560px) 100vw, 2560px\" \/><button\n\t\t\tclass=\"lightbox-trigger\"\n\t\t\ttype=\"button\"\n\t\t\taria-haspopup=\"dialog\"\n\t\t\taria-label=\"Powi\u0119ksz\"\n\t\t\tdata-wp-init=\"callbacks.initTriggerButton\"\n\t\t\tdata-wp-on--click=\"actions.showLightbox\"\n\t\t\tdata-wp-style--right=\"state.imageButtonRight\"\n\t\t\tdata-wp-style--top=\"state.imageButtonTop\"\n\t\t>\n\t\t\t<svg xmlns=\"http:\/\/www.w3.org\/2000\/svg\" width=\"12\" height=\"12\" fill=\"none\" viewBox=\"0 0 12 12\">\n\t\t\t\t<path fill=\"#fff\" d=\"M2 0a2 2 0 0 0-2 2v2h1.5V2a.5.5 0 0 1 .5-.5h2V0H2Zm2 10.5H2a.5.5 0 0 1-.5-.5V8H0v2a2 2 0 0 0 2 2h2v-1.5ZM8 12v-1.5h2a.5.5 0 0 0 .5-.5V8H12v2a2 2 0 0 1-2 2H8Zm2-12a2 2 0 0 1 2 2v2h-1.5V2a.5.5 0 0 0-.5-.5H8V0h2Z\" \/>\n\t\t\t<\/svg>\n\t\t<\/button><figcaption class=\"wp-element-caption\">D\u0142u\u017cyna. Ko\u0142o \u015apiewu \u201eCecylia\u201d, 1924 rok<\/figcaption><\/figure>\n\n\n\n<p class=\"has-small-font-size\">nr inw. B.6703<br>W zbiorach Muzeum Okr\u0119gowego w Lesznie od 1994 roku, dar<\/p>\n\n\n\n<p>D.Cz.<\/p>\n\n\n\n<figure class=\"wp-block-embed is-type-video is-provider-youtube wp-block-embed-youtube wp-embed-aspect-16-9 wp-has-aspect-ratio\"><div class=\"wp-block-embed__wrapper\">\n<iframe title=\"D\u0142uz\u0307yna  Ko\u0142o S\u0301piewu \u201eCecylia\u201d, 1924 rok\" width=\"620\" height=\"349\" src=\"https:\/\/www.youtube.com\/embed\/Ge9RYnjzpsA?feature=oembed\" frameborder=\"0\" allow=\"accelerometer; autoplay; clipboard-write; encrypted-media; gyroscope; picture-in-picture; web-share\" referrerpolicy=\"strict-origin-when-cross-origin\" allowfullscreen><\/iframe>\n<\/div><\/figure>\n","protected":false},"excerpt":{"rendered":"<p>Ko\u0142o \u015apiewacze zosta\u0142o za\u0142o\u017cone w 1919 roku przez Stefana Wytyka, Jana Stern\u0119, Edwarda Furma\u0144czaka i Jakuba Maciejewskiego. Dyrygentem w pierwszych latach dzia\u0142alno\u015bci by\u0142 Stefan Wytyk (w latach 1919\u20131924),&#8230;<\/p>\n","protected":false},"author":1,"featured_media":286,"comment_status":"closed","ping_status":"closed","sticky":false,"template":"","format":"standard","meta":{"cybocfi_hide_featured_image":"yes","footnotes":""},"categories":[29],"tags":[2166,718,2159,808,2167,16,2160,2161,1598,30,520,736,795,2156,417,201,1137,2157,2155,1289,1318,1018,2153,333,407,1079,796,986,1540,1539,2109,145,1251,1681,2163,1165,2164,2154,1533,1633,2162,1103,1248,250,2158,1357,535,2165,1588,1460],"class_list":["post-284","post","type-post","status-publish","format-standard","has-post-thumbnail","hentry","category-dluzyna","tag-lira","tag-718","tag-alfons-kostrzewski","tag-biala-sukienka","tag-biala-suknia","tag-brenno","tag-chor-meski","tag-chor-mieszany","tag-czlonek","tag-dluzyna","tag-dokumentacja","tag-drzewa","tag-dyrygent","tag-edward-furmanczak","tag-fotografia","tag-fotografia-grupowa","tag-grupa-ludzi","tag-jakub-maciejewski","tag-jan-sterna","tag-kobieta","tag-kobiety","tag-kolo-spiewu","tag-kolo-spiewu-cecylia","tag-korale","tag-krajobraz","tag-mezczyzna","tag-mezczyzni","tag-mur","tag-muzycy","tag-muzyk","tag-organista","tag-poswiecenie","tag-powaga","tag-poza","tag-przemet","tag-spiew","tag-starkowo","tag-stefan-wytyka","tag-stroj-ludowy","tag-swieto-koscielne","tag-swieto-narodowe","tag-symbol","tag-tablica-informacyjna","tag-uroczystosc","tag-wiktor-przybyl","tag-wloszakowice","tag-wydarzenie","tag-wystep","tag-zabawa-taneczna","tag-zespol"],"yoast_head":"<!-- This site is optimized with the Yoast SEO plugin v27.5 - https:\/\/yoast.com\/product\/yoast-seo-wordpress\/ -->\n<title>D\u0142u\u017cyna. Ko\u0142o \u015apiewu \u201eCecylia\u201d, 1924 rok - Ludzie i krajobrazy. Powiat Leszczy\u0144ski w ikonografii<\/title>\n<meta name=\"robots\" content=\"index, follow, max-snippet:-1, max-image-preview:large, max-video-preview:-1\" \/>\n<link rel=\"canonical\" href=\"http:\/\/ludzieikrajobrazy.muzeumleszno.pl\/?p=284\" \/>\n<meta property=\"og:locale\" content=\"pl_PL\" \/>\n<meta property=\"og:type\" content=\"article\" \/>\n<meta property=\"og:title\" content=\"D\u0142u\u017cyna. Ko\u0142o \u015apiewu \u201eCecylia\u201d, 1924 rok - Ludzie i krajobrazy. Powiat Leszczy\u0144ski w ikonografii\" \/>\n<meta property=\"og:description\" content=\"Ko\u0142o \u015apiewacze zosta\u0142o za\u0142o\u017cone w 1919 roku przez Stefana Wytyka, Jana Stern\u0119, Edwarda Furma\u0144czaka i Jakuba Maciejewskiego. Dyrygentem w pierwszych latach dzia\u0142alno\u015bci by\u0142 Stefan Wytyk (w latach 1919\u20131924),...\" \/>\n<meta property=\"og:url\" content=\"http:\/\/ludzieikrajobrazy.muzeumleszno.pl\/?p=284\" \/>\n<meta property=\"og:site_name\" content=\"Ludzie i krajobrazy. Powiat Leszczy\u0144ski w ikonografii\" \/>\n<meta property=\"article:published_time\" content=\"2024-07-25T09:58:07+00:00\" \/>\n<meta property=\"article:modified_time\" content=\"2024-09-19T07:49:39+00:00\" \/>\n<meta property=\"og:image\" content=\"http:\/\/ludzieikrajobrazy.muzeumleszno.pl\/wp-content\/uploads\/2024\/07\/29_B.6703-scaled.jpg\" \/>\n\t<meta property=\"og:image:width\" content=\"2560\" \/>\n\t<meta property=\"og:image:height\" content=\"1559\" \/>\n\t<meta property=\"og:image:type\" content=\"image\/jpeg\" \/>\n<meta name=\"author\" content=\"Pan_Admin\" \/>\n<meta name=\"twitter:card\" content=\"summary_large_image\" \/>\n<meta name=\"twitter:label1\" content=\"Napisane przez\" \/>\n\t<meta name=\"twitter:data1\" content=\"Pan_Admin\" \/>\n\t<meta name=\"twitter:label2\" content=\"Szacowany czas czytania\" \/>\n\t<meta name=\"twitter:data2\" content=\"2 minuty\" \/>\n<script type=\"application\/ld+json\" class=\"yoast-schema-graph\">{\"@context\":\"https:\\\/\\\/schema.org\",\"@graph\":[{\"@type\":\"Article\",\"@id\":\"http:\\\/\\\/ludzieikrajobrazy.muzeumleszno.pl\\\/?p=284#article\",\"isPartOf\":{\"@id\":\"http:\\\/\\\/ludzieikrajobrazy.muzeumleszno.pl\\\/?p=284\"},\"author\":{\"name\":\"Pan_Admin\",\"@id\":\"https:\\\/\\\/ludzieikrajobrazy.muzeumleszno.pl\\\/#\\\/schema\\\/person\\\/fc2bc20e2b51efc3202ac1f0cdcd06c0\"},\"headline\":\"D\u0142u\u017cyna. Ko\u0142o \u015apiewu \u201eCecylia\u201d, 1924 rok\",\"datePublished\":\"2024-07-25T09:58:07+00:00\",\"dateModified\":\"2024-09-19T07:49:39+00:00\",\"mainEntityOfPage\":{\"@id\":\"http:\\\/\\\/ludzieikrajobrazy.muzeumleszno.pl\\\/?p=284\"},\"wordCount\":223,\"image\":{\"@id\":\"http:\\\/\\\/ludzieikrajobrazy.muzeumleszno.pl\\\/?p=284#primaryimage\"},\"thumbnailUrl\":\"http:\\\/\\\/ludzieikrajobrazy.muzeumleszno.pl\\\/wp-content\\\/uploads\\\/2024\\\/07\\\/29_B.6703-scaled.jpg\",\"keywords\":[\"\\\"Lira\\\"\",\"1924\",\"Alfons Kostrzewski\",\"bia\u0142a sukienka\",\"bia\u0142a suknia\",\"Brenno\",\"ch\u00f3r m\u0119ski\",\"ch\u00f3r mieszany\",\"cz\u0142onek\",\"D\u0142u\u017cyna\",\"dokumentacja\",\"drzewa\",\"dyrygent\",\"Edward Furma\u0144czak\",\"fotografia\",\"fotografia grupowa\",\"grupa ludzi\",\"Jakub Maciejewski\",\"Jan Sterna\",\"kobieta\",\"kobiety\",\"Ko\u0142o \u015apiewu\",\"Ko\u0142o \u015apiewu \\\"Cecylia\\\"\",\"korale\",\"krajobraz\",\"m\u0119\u017cczyzna\",\"m\u0119\u017cczy\u017ani\",\"mur\",\"muzycy\",\"muzyk\",\"organista\",\"po\u015bwi\u0119cenie\",\"powaga\",\"poza\",\"Przem\u0119t\",\"\u015bpiew\",\"Starkowo\",\"Stefan Wytyka\",\"str\u00f3j ludowy\",\"\u015bwi\u0119to ko\u015bcielne\",\"\u015bwi\u0119to narodowe\",\"symbol\",\"tablica informacyjna\",\"uroczysto\u015b\u0107\",\"Wiktor Przyby\u0142\",\"W\u0142oszakowice\",\"wydarzenie\",\"wyst\u0119p\",\"zabawa taneczna\",\"zesp\u00f3\u0142\"],\"articleSection\":[\"D\u0142u\u017cyna\"],\"inLanguage\":\"pl-PL\"},{\"@type\":\"WebPage\",\"@id\":\"http:\\\/\\\/ludzieikrajobrazy.muzeumleszno.pl\\\/?p=284\",\"url\":\"http:\\\/\\\/ludzieikrajobrazy.muzeumleszno.pl\\\/?p=284\",\"name\":\"D\u0142u\u017cyna. Ko\u0142o \u015apiewu \u201eCecylia\u201d, 1924 rok - Ludzie i krajobrazy. Powiat Leszczy\u0144ski w ikonografii\",\"isPartOf\":{\"@id\":\"https:\\\/\\\/ludzieikrajobrazy.muzeumleszno.pl\\\/#website\"},\"primaryImageOfPage\":{\"@id\":\"http:\\\/\\\/ludzieikrajobrazy.muzeumleszno.pl\\\/?p=284#primaryimage\"},\"image\":{\"@id\":\"http:\\\/\\\/ludzieikrajobrazy.muzeumleszno.pl\\\/?p=284#primaryimage\"},\"thumbnailUrl\":\"http:\\\/\\\/ludzieikrajobrazy.muzeumleszno.pl\\\/wp-content\\\/uploads\\\/2024\\\/07\\\/29_B.6703-scaled.jpg\",\"datePublished\":\"2024-07-25T09:58:07+00:00\",\"dateModified\":\"2024-09-19T07:49:39+00:00\",\"author\":{\"@id\":\"https:\\\/\\\/ludzieikrajobrazy.muzeumleszno.pl\\\/#\\\/schema\\\/person\\\/fc2bc20e2b51efc3202ac1f0cdcd06c0\"},\"breadcrumb\":{\"@id\":\"http:\\\/\\\/ludzieikrajobrazy.muzeumleszno.pl\\\/?p=284#breadcrumb\"},\"inLanguage\":\"pl-PL\",\"potentialAction\":[{\"@type\":\"ReadAction\",\"target\":[\"http:\\\/\\\/ludzieikrajobrazy.muzeumleszno.pl\\\/?p=284\"]}]},{\"@type\":\"BreadcrumbList\",\"@id\":\"http:\\\/\\\/ludzieikrajobrazy.muzeumleszno.pl\\\/?p=284#breadcrumb\",\"itemListElement\":[{\"@type\":\"ListItem\",\"position\":1,\"name\":\"Home\",\"item\":\"https:\\\/\\\/ludzieikrajobrazy.muzeumleszno.pl\\\/\"},{\"@type\":\"ListItem\",\"position\":2,\"name\":\"D\u0142u\u017cyna. Ko\u0142o \u015apiewu \u201eCecylia\u201d, 1924 rok\"}]},{\"@type\":\"WebSite\",\"@id\":\"https:\\\/\\\/ludzieikrajobrazy.muzeumleszno.pl\\\/#website\",\"url\":\"https:\\\/\\\/ludzieikrajobrazy.muzeumleszno.pl\\\/\",\"name\":\"Ludzie i krajobrazy. Powiat Leszczy\u0144ski w ikonografii\",\"description\":\"Powiat Leszczy\u0144ski w ikonografii\",\"potentialAction\":[{\"@type\":\"SearchAction\",\"target\":{\"@type\":\"EntryPoint\",\"urlTemplate\":\"https:\\\/\\\/ludzieikrajobrazy.muzeumleszno.pl\\\/?s={search_term_string}\"},\"query-input\":{\"@type\":\"PropertyValueSpecification\",\"valueRequired\":true,\"valueName\":\"search_term_string\"}}],\"inLanguage\":\"pl-PL\"},{\"@type\":\"Person\",\"@id\":\"https:\\\/\\\/ludzieikrajobrazy.muzeumleszno.pl\\\/#\\\/schema\\\/person\\\/fc2bc20e2b51efc3202ac1f0cdcd06c0\",\"name\":\"Pan_Admin\",\"image\":{\"@type\":\"ImageObject\",\"inLanguage\":\"pl-PL\",\"@id\":\"https:\\\/\\\/secure.gravatar.com\\\/avatar\\\/d109d485abe889ecc32dbdb971b715ad9d4596bd0e2353626451db3e04099822?s=96&d=mm&r=g\",\"url\":\"https:\\\/\\\/secure.gravatar.com\\\/avatar\\\/d109d485abe889ecc32dbdb971b715ad9d4596bd0e2353626451db3e04099822?s=96&d=mm&r=g\",\"contentUrl\":\"https:\\\/\\\/secure.gravatar.com\\\/avatar\\\/d109d485abe889ecc32dbdb971b715ad9d4596bd0e2353626451db3e04099822?s=96&d=mm&r=g\",\"caption\":\"Pan_Admin\"},\"sameAs\":[\"http:\\\/\\\/ludzieikrajobrazy.muzeumleszno.pl\"],\"url\":\"http:\\\/\\\/ludzieikrajobrazy.muzeumleszno.pl\\\/?author=1\"}]}<\/script>\n<!-- \/ Yoast SEO plugin. -->","yoast_head_json":{"title":"D\u0142u\u017cyna. Ko\u0142o \u015apiewu \u201eCecylia\u201d, 1924 rok - Ludzie i krajobrazy. Powiat Leszczy\u0144ski w ikonografii","robots":{"index":"index","follow":"follow","max-snippet":"max-snippet:-1","max-image-preview":"max-image-preview:large","max-video-preview":"max-video-preview:-1"},"canonical":"http:\/\/ludzieikrajobrazy.muzeumleszno.pl\/?p=284","og_locale":"pl_PL","og_type":"article","og_title":"D\u0142u\u017cyna. Ko\u0142o \u015apiewu \u201eCecylia\u201d, 1924 rok - Ludzie i krajobrazy. Powiat Leszczy\u0144ski w ikonografii","og_description":"Ko\u0142o \u015apiewacze zosta\u0142o za\u0142o\u017cone w 1919 roku przez Stefana Wytyka, Jana Stern\u0119, Edwarda Furma\u0144czaka i Jakuba Maciejewskiego. Dyrygentem w pierwszych latach dzia\u0142alno\u015bci by\u0142 Stefan Wytyk (w latach 1919\u20131924),...","og_url":"http:\/\/ludzieikrajobrazy.muzeumleszno.pl\/?p=284","og_site_name":"Ludzie i krajobrazy. Powiat Leszczy\u0144ski w ikonografii","article_published_time":"2024-07-25T09:58:07+00:00","article_modified_time":"2024-09-19T07:49:39+00:00","og_image":[{"width":2560,"height":1559,"url":"http:\/\/ludzieikrajobrazy.muzeumleszno.pl\/wp-content\/uploads\/2024\/07\/29_B.6703-scaled.jpg","type":"image\/jpeg"}],"author":"Pan_Admin","twitter_card":"summary_large_image","twitter_misc":{"Napisane przez":"Pan_Admin","Szacowany czas czytania":"2 minuty"},"schema":{"@context":"https:\/\/schema.org","@graph":[{"@type":"Article","@id":"http:\/\/ludzieikrajobrazy.muzeumleszno.pl\/?p=284#article","isPartOf":{"@id":"http:\/\/ludzieikrajobrazy.muzeumleszno.pl\/?p=284"},"author":{"name":"Pan_Admin","@id":"https:\/\/ludzieikrajobrazy.muzeumleszno.pl\/#\/schema\/person\/fc2bc20e2b51efc3202ac1f0cdcd06c0"},"headline":"D\u0142u\u017cyna. Ko\u0142o \u015apiewu \u201eCecylia\u201d, 1924 rok","datePublished":"2024-07-25T09:58:07+00:00","dateModified":"2024-09-19T07:49:39+00:00","mainEntityOfPage":{"@id":"http:\/\/ludzieikrajobrazy.muzeumleszno.pl\/?p=284"},"wordCount":223,"image":{"@id":"http:\/\/ludzieikrajobrazy.muzeumleszno.pl\/?p=284#primaryimage"},"thumbnailUrl":"http:\/\/ludzieikrajobrazy.muzeumleszno.pl\/wp-content\/uploads\/2024\/07\/29_B.6703-scaled.jpg","keywords":["\"Lira\"","1924","Alfons Kostrzewski","bia\u0142a sukienka","bia\u0142a suknia","Brenno","ch\u00f3r m\u0119ski","ch\u00f3r mieszany","cz\u0142onek","D\u0142u\u017cyna","dokumentacja","drzewa","dyrygent","Edward Furma\u0144czak","fotografia","fotografia grupowa","grupa ludzi","Jakub Maciejewski","Jan Sterna","kobieta","kobiety","Ko\u0142o \u015apiewu","Ko\u0142o \u015apiewu \"Cecylia\"","korale","krajobraz","m\u0119\u017cczyzna","m\u0119\u017cczy\u017ani","mur","muzycy","muzyk","organista","po\u015bwi\u0119cenie","powaga","poza","Przem\u0119t","\u015bpiew","Starkowo","Stefan Wytyka","str\u00f3j ludowy","\u015bwi\u0119to ko\u015bcielne","\u015bwi\u0119to narodowe","symbol","tablica informacyjna","uroczysto\u015b\u0107","Wiktor Przyby\u0142","W\u0142oszakowice","wydarzenie","wyst\u0119p","zabawa taneczna","zesp\u00f3\u0142"],"articleSection":["D\u0142u\u017cyna"],"inLanguage":"pl-PL"},{"@type":"WebPage","@id":"http:\/\/ludzieikrajobrazy.muzeumleszno.pl\/?p=284","url":"http:\/\/ludzieikrajobrazy.muzeumleszno.pl\/?p=284","name":"D\u0142u\u017cyna. Ko\u0142o \u015apiewu \u201eCecylia\u201d, 1924 rok - Ludzie i krajobrazy. Powiat Leszczy\u0144ski w ikonografii","isPartOf":{"@id":"https:\/\/ludzieikrajobrazy.muzeumleszno.pl\/#website"},"primaryImageOfPage":{"@id":"http:\/\/ludzieikrajobrazy.muzeumleszno.pl\/?p=284#primaryimage"},"image":{"@id":"http:\/\/ludzieikrajobrazy.muzeumleszno.pl\/?p=284#primaryimage"},"thumbnailUrl":"http:\/\/ludzieikrajobrazy.muzeumleszno.pl\/wp-content\/uploads\/2024\/07\/29_B.6703-scaled.jpg","datePublished":"2024-07-25T09:58:07+00:00","dateModified":"2024-09-19T07:49:39+00:00","author":{"@id":"https:\/\/ludzieikrajobrazy.muzeumleszno.pl\/#\/schema\/person\/fc2bc20e2b51efc3202ac1f0cdcd06c0"},"breadcrumb":{"@id":"http:\/\/ludzieikrajobrazy.muzeumleszno.pl\/?p=284#breadcrumb"},"inLanguage":"pl-PL","potentialAction":[{"@type":"ReadAction","target":["http:\/\/ludzieikrajobrazy.muzeumleszno.pl\/?p=284"]}]},{"@type":"BreadcrumbList","@id":"http:\/\/ludzieikrajobrazy.muzeumleszno.pl\/?p=284#breadcrumb","itemListElement":[{"@type":"ListItem","position":1,"name":"Home","item":"https:\/\/ludzieikrajobrazy.muzeumleszno.pl\/"},{"@type":"ListItem","position":2,"name":"D\u0142u\u017cyna. Ko\u0142o \u015apiewu \u201eCecylia\u201d, 1924 rok"}]},{"@type":"WebSite","@id":"https:\/\/ludzieikrajobrazy.muzeumleszno.pl\/#website","url":"https:\/\/ludzieikrajobrazy.muzeumleszno.pl\/","name":"Ludzie i krajobrazy. Powiat Leszczy\u0144ski w ikonografii","description":"Powiat Leszczy\u0144ski w ikonografii","potentialAction":[{"@type":"SearchAction","target":{"@type":"EntryPoint","urlTemplate":"https:\/\/ludzieikrajobrazy.muzeumleszno.pl\/?s={search_term_string}"},"query-input":{"@type":"PropertyValueSpecification","valueRequired":true,"valueName":"search_term_string"}}],"inLanguage":"pl-PL"},{"@type":"Person","@id":"https:\/\/ludzieikrajobrazy.muzeumleszno.pl\/#\/schema\/person\/fc2bc20e2b51efc3202ac1f0cdcd06c0","name":"Pan_Admin","image":{"@type":"ImageObject","inLanguage":"pl-PL","@id":"https:\/\/secure.gravatar.com\/avatar\/d109d485abe889ecc32dbdb971b715ad9d4596bd0e2353626451db3e04099822?s=96&d=mm&r=g","url":"https:\/\/secure.gravatar.com\/avatar\/d109d485abe889ecc32dbdb971b715ad9d4596bd0e2353626451db3e04099822?s=96&d=mm&r=g","contentUrl":"https:\/\/secure.gravatar.com\/avatar\/d109d485abe889ecc32dbdb971b715ad9d4596bd0e2353626451db3e04099822?s=96&d=mm&r=g","caption":"Pan_Admin"},"sameAs":["http:\/\/ludzieikrajobrazy.muzeumleszno.pl"],"url":"http:\/\/ludzieikrajobrazy.muzeumleszno.pl\/?author=1"}]}},"_links":{"self":[{"href":"http:\/\/ludzieikrajobrazy.muzeumleszno.pl\/index.php?rest_route=\/wp\/v2\/posts\/284","targetHints":{"allow":["GET"]}}],"collection":[{"href":"http:\/\/ludzieikrajobrazy.muzeumleszno.pl\/index.php?rest_route=\/wp\/v2\/posts"}],"about":[{"href":"http:\/\/ludzieikrajobrazy.muzeumleszno.pl\/index.php?rest_route=\/wp\/v2\/types\/post"}],"author":[{"embeddable":true,"href":"http:\/\/ludzieikrajobrazy.muzeumleszno.pl\/index.php?rest_route=\/wp\/v2\/users\/1"}],"replies":[{"embeddable":true,"href":"http:\/\/ludzieikrajobrazy.muzeumleszno.pl\/index.php?rest_route=%2Fwp%2Fv2%2Fcomments&post=284"}],"version-history":[{"count":3,"href":"http:\/\/ludzieikrajobrazy.muzeumleszno.pl\/index.php?rest_route=\/wp\/v2\/posts\/284\/revisions"}],"predecessor-version":[{"id":1175,"href":"http:\/\/ludzieikrajobrazy.muzeumleszno.pl\/index.php?rest_route=\/wp\/v2\/posts\/284\/revisions\/1175"}],"wp:featuredmedia":[{"embeddable":true,"href":"http:\/\/ludzieikrajobrazy.muzeumleszno.pl\/index.php?rest_route=\/wp\/v2\/media\/286"}],"wp:attachment":[{"href":"http:\/\/ludzieikrajobrazy.muzeumleszno.pl\/index.php?rest_route=%2Fwp%2Fv2%2Fmedia&parent=284"}],"wp:term":[{"taxonomy":"category","embeddable":true,"href":"http:\/\/ludzieikrajobrazy.muzeumleszno.pl\/index.php?rest_route=%2Fwp%2Fv2%2Fcategories&post=284"},{"taxonomy":"post_tag","embeddable":true,"href":"http:\/\/ludzieikrajobrazy.muzeumleszno.pl\/index.php?rest_route=%2Fwp%2Fv2%2Ftags&post=284"}],"curies":[{"name":"wp","href":"https:\/\/api.w.org\/{rel}","templated":true}]}}