{"id":311,"date":"2024-07-23T12:00:22","date_gmt":"2024-07-23T10:00:22","guid":{"rendered":"http:\/\/ludzieikrajobrazy.muzeumleszno.pl\/?p=311"},"modified":"2024-09-19T10:21:25","modified_gmt":"2024-09-19T08:21:25","slug":"drzeczkowo-kosciol-pw-najswietszej-maryi-panny-wniebowzietej-okolo-1950-roku","status":"publish","type":"post","link":"http:\/\/ludzieikrajobrazy.muzeumleszno.pl\/?p=311","title":{"rendered":"Drzeczkowo. Ko\u015bci\u00f3\u0142 pw. Naj\u015bwi\u0119tszej Maryi Panny Wniebowzi\u0119tej, oko\u0142o 1950 roku"},"content":{"rendered":"\n<p>Ko\u015bci\u00f3\u0142 w Drzeczkowie zbudowano w 1775 roku z fundacji Adama Nie\u017cychowskiego (1745\u20131794), szambelana kr\u00f3lewskiego. Wzniesiono go w miejscu wcze\u015bniejszej, drewnianej \u015bwi\u0105tyni odnowionej z zapisu Przec\u0142awa Leszczy\u0144skiego (1605\u20131670), wojewody dorpackiego i starosty wschowskiego. Bratem bli\u017aniakiem Przec\u0142awa by\u0142 Wac\u0142aw Leszczy\u0144ski (1605\u20131666), arcybiskup gnie\u017anie\u0144ski i prymas Polski. Miejscowo\u015b\u0107 nale\u017ca\u0142a do Leszczy\u0144skich od 1422 roku. Wcze\u015bniej w\u0142ada\u0142 tu Jan z Czerniny (1360\u20131423), za\u0142o\u017cyciel Rydzyny.&nbsp;<\/p>\n\n\n\n<p>Stosunkowo niewielk\u0105 \u015bwi\u0105tyni\u0119 zbudowano na rzucie krzy\u017ca \u0142aci\u0144skiego. W o\u0142tarzu g\u0142\u00f3wnym znajduje si\u0119 niezwykle cenny, gotycki obraz Matki Boskiej z Dzieci\u0105tkiem, adorowanej przez rodzin\u0119 Wieniawit\u00f3w Leszczy\u0144skich. Na pokrywie chrzcielnicy uwieczniono wizerunek fundatora Adama Nie\u017cychowskiego, jego \u017cony Karoliny ze Sk\u00f3rzewskich (1746\u20131787) i proboszcza ks. Bart\u0142omieja Bia\u0142oszewicza (\u20131797). Ko\u015bci\u00f3\u0142 otacza stary mur z barokow\u0105, murowan\u0105 bram\u0105.&nbsp;<\/p>\n\n\n\n<figure data-wp-context=\"{&quot;imageId&quot;:&quot;69f1cde08abe1&quot;}\" data-wp-interactive=\"core\/image\" data-wp-key=\"69f1cde08abe1\" class=\"wp-block-image size-full wp-lightbox-container\"><img fetchpriority=\"high\" decoding=\"async\" width=\"2560\" height=\"1814\" data-wp-class--hide=\"state.isContentHidden\" data-wp-class--show=\"state.isContentVisible\" data-wp-init=\"callbacks.setButtonStyles\" data-wp-on--click=\"actions.showLightbox\" data-wp-on--load=\"callbacks.setButtonStyles\" data-wp-on-window--resize=\"callbacks.setButtonStyles\" src=\"http:\/\/ludzieikrajobrazy.muzeumleszno.pl\/wp-content\/uploads\/2024\/07\/32_MLFa-248-scaled.jpg\" alt=\"Ko\u015bci\u00f3\u0142 w Drzeczkowie\" class=\"wp-image-312\" srcset=\"http:\/\/ludzieikrajobrazy.muzeumleszno.pl\/wp-content\/uploads\/2024\/07\/32_MLFa-248-scaled.jpg 2560w, http:\/\/ludzieikrajobrazy.muzeumleszno.pl\/wp-content\/uploads\/2024\/07\/32_MLFa-248-1536x1088.jpg 1536w, http:\/\/ludzieikrajobrazy.muzeumleszno.pl\/wp-content\/uploads\/2024\/07\/32_MLFa-248-2048x1451.jpg 2048w, http:\/\/ludzieikrajobrazy.muzeumleszno.pl\/wp-content\/uploads\/2024\/07\/32_MLFa-248-200x142.jpg 200w, http:\/\/ludzieikrajobrazy.muzeumleszno.pl\/wp-content\/uploads\/2024\/07\/32_MLFa-248-973x689.jpg 973w, http:\/\/ludzieikrajobrazy.muzeumleszno.pl\/wp-content\/uploads\/2024\/07\/32_MLFa-248-508x360.jpg 508w\" sizes=\"(max-width: 2560px) 100vw, 2560px\" \/><button\n\t\t\tclass=\"lightbox-trigger\"\n\t\t\ttype=\"button\"\n\t\t\taria-haspopup=\"dialog\"\n\t\t\taria-label=\"Powi\u0119ksz\"\n\t\t\tdata-wp-init=\"callbacks.initTriggerButton\"\n\t\t\tdata-wp-on--click=\"actions.showLightbox\"\n\t\t\tdata-wp-style--right=\"state.imageButtonRight\"\n\t\t\tdata-wp-style--top=\"state.imageButtonTop\"\n\t\t>\n\t\t\t<svg xmlns=\"http:\/\/www.w3.org\/2000\/svg\" width=\"12\" height=\"12\" fill=\"none\" viewBox=\"0 0 12 12\">\n\t\t\t\t<path fill=\"#fff\" d=\"M2 0a2 2 0 0 0-2 2v2h1.5V2a.5.5 0 0 1 .5-.5h2V0H2Zm2 10.5H2a.5.5 0 0 1-.5-.5V8H0v2a2 2 0 0 0 2 2h2v-1.5ZM8 12v-1.5h2a.5.5 0 0 0 .5-.5V8H12v2a2 2 0 0 1-2 2H8Zm2-12a2 2 0 0 1 2 2v2h-1.5V2a.5.5 0 0 0-.5-.5H8V0h2Z\" \/>\n\t\t\t<\/svg>\n\t\t<\/button><figcaption class=\"wp-element-caption\">Ko\u015bci\u00f3\u0142 w Drzeczkowie. wys. 17,5 cm x szer. 12,5 cm; odbitka srebrowo-\u017celatynowa, papier fotograficzny, 1950 rok, Muzeum Okr\u0119gowe w Lesznie; MLFa248<\/figcaption><\/figure>\n\n\n\n<p class=\"has-small-font-size\">nr inw. MLFa 248<br>W zbiorach Muzeum Okr\u0119gowego w Lesznie od lata 60. XX wieku, dar<\/p>\n\n\n\n<p>D.Cz.&nbsp;<\/p>\n\n\n\n<figure class=\"wp-block-embed is-type-video is-provider-youtube wp-block-embed-youtube wp-embed-aspect-16-9 wp-has-aspect-ratio\"><div class=\"wp-block-embed__wrapper\">\n<iframe title=\"Drzeczkowo  Kos\u0301cio\u0301\u0142 pw  Najs\u0301wie\u0328tszej Maryi Panny Wniebowzie\u0328tej, oko\u0142o 1950 roku\" width=\"620\" height=\"349\" src=\"https:\/\/www.youtube.com\/embed\/Un-3BaTK_3M?feature=oembed\" frameborder=\"0\" allow=\"accelerometer; autoplay; clipboard-write; encrypted-media; gyroscope; picture-in-picture; web-share\" referrerpolicy=\"strict-origin-when-cross-origin\" allowfullscreen><\/iframe>\n<\/div><\/figure>\n","protected":false},"excerpt":{"rendered":"<p>Ko\u015bci\u00f3\u0142 w Drzeczkowie zbudowano w 1775 roku z fundacji Adama Nie\u017cychowskiego (1745\u20131794), szambelana kr\u00f3lewskiego. Wzniesiono go w miejscu wcze\u015bniejszej, drewnianej \u015bwi\u0105tyni odnowionej z zapisu Przec\u0142awa Leszczy\u0144skiego (1605\u20131670), wojewody&#8230;<\/p>\n","protected":false},"author":1,"featured_media":312,"comment_status":"closed","ping_status":"closed","sticky":false,"template":"","format":"standard","meta":{"cybocfi_hide_featured_image":"yes","footnotes":""},"categories":[34],"tags":[147,2233,2248,378,2243,2253,2240,165,1805,1271,520,2236,35,736,417,2234,2251,2246,389,2252,575,2232,407,828,893,873,986,2254,648,2247,2222,626,984,920,2242,2237,2250,129,2245,1913,2239,818,2235,2241,1924,2249,1580,2238,2244,350],"class_list":["post-311","post","type-post","status-publish","format-standard","has-post-thumbnail","hentry","category-drzeczkowo","tag-147","tag-adam-niezychowski","tag-adoracja","tag-architektura","tag-arcybiskup-gnieznienski","tag-bartlomiej-ialoszewicz","tag-brat-blizniak","tag-budownictwo-murowane","tag-chrzcielnica","tag-dach","tag-dokumentacja","tag-drewniana-swiatynia","tag-drzeczkowo","tag-drzewa","tag-fotografia","tag-fundacja-adama-niezychowskiego","tag-fundator","tag-gotyk","tag-jan-z-czerniny","tag-karolina-ze-skorzewskich","tag-kosciol","tag-kosciol-pod-wezwaniem-najswietszej-maryi-panny-wniebowzietej","tag-krajobraz","tag-krzyz","tag-ksiadz","tag-matka-boska","tag-mur","tag-murowana-brama","tag-obraz","tag-obraz-matki-boskiej-z-dzieciatkiem","tag-okna","tag-oltarz-glowny","tag-plot","tag-proboszcz","tag-prymas-polski","tag-przeclaw-leszczynski","tag-rodzina-wieniawitow-leszczynskich","tag-rydzyna","tag-rzut-krzyza-lacinskiego","tag-sciezka","tag-starosta","tag-swiatynia-2","tag-szambelan-krolewski","tag-waclaw-leszczynski","tag-wejscie","tag-wieniawici","tag-wizerunek","tag-wojewoda","tag-zalozyciel","tag-zona"],"yoast_head":"<!-- This site is optimized with the Yoast SEO plugin v27.5 - https:\/\/yoast.com\/product\/yoast-seo-wordpress\/ -->\n<title>Drzeczkowo. Ko\u015bci\u00f3\u0142 pw. Naj\u015bwi\u0119tszej Maryi Panny Wniebowzi\u0119tej, oko\u0142o 1950 roku - Ludzie i krajobrazy. Powiat Leszczy\u0144ski w ikonografii<\/title>\n<meta name=\"robots\" content=\"index, follow, max-snippet:-1, max-image-preview:large, max-video-preview:-1\" \/>\n<link rel=\"canonical\" href=\"http:\/\/ludzieikrajobrazy.muzeumleszno.pl\/?p=311\" \/>\n<meta property=\"og:locale\" content=\"pl_PL\" \/>\n<meta property=\"og:type\" content=\"article\" \/>\n<meta property=\"og:title\" content=\"Drzeczkowo. Ko\u015bci\u00f3\u0142 pw. Naj\u015bwi\u0119tszej Maryi Panny Wniebowzi\u0119tej, oko\u0142o 1950 roku - Ludzie i krajobrazy. Powiat Leszczy\u0144ski w ikonografii\" \/>\n<meta property=\"og:description\" content=\"Ko\u015bci\u00f3\u0142 w Drzeczkowie zbudowano w 1775 roku z fundacji Adama Nie\u017cychowskiego (1745\u20131794), szambelana kr\u00f3lewskiego. Wzniesiono go w miejscu wcze\u015bniejszej, drewnianej \u015bwi\u0105tyni odnowionej z zapisu Przec\u0142awa Leszczy\u0144skiego (1605\u20131670), wojewody...\" \/>\n<meta property=\"og:url\" content=\"http:\/\/ludzieikrajobrazy.muzeumleszno.pl\/?p=311\" \/>\n<meta property=\"og:site_name\" content=\"Ludzie i krajobrazy. Powiat Leszczy\u0144ski w ikonografii\" \/>\n<meta property=\"article:published_time\" content=\"2024-07-23T10:00:22+00:00\" \/>\n<meta property=\"article:modified_time\" content=\"2024-09-19T08:21:25+00:00\" \/>\n<meta property=\"og:image\" content=\"http:\/\/ludzieikrajobrazy.muzeumleszno.pl\/wp-content\/uploads\/2024\/07\/32_MLFa-248-scaled.jpg\" \/>\n\t<meta property=\"og:image:width\" content=\"2560\" \/>\n\t<meta property=\"og:image:height\" content=\"1814\" \/>\n\t<meta property=\"og:image:type\" content=\"image\/jpeg\" \/>\n<meta name=\"author\" content=\"Pan_Admin\" \/>\n<meta name=\"twitter:card\" content=\"summary_large_image\" \/>\n<meta name=\"twitter:label1\" content=\"Napisane przez\" \/>\n\t<meta name=\"twitter:data1\" content=\"Pan_Admin\" \/>\n\t<meta name=\"twitter:label2\" content=\"Szacowany czas czytania\" \/>\n\t<meta name=\"twitter:data2\" content=\"2 minuty\" \/>\n<script type=\"application\/ld+json\" class=\"yoast-schema-graph\">{\"@context\":\"https:\\\/\\\/schema.org\",\"@graph\":[{\"@type\":\"Article\",\"@id\":\"http:\\\/\\\/ludzieikrajobrazy.muzeumleszno.pl\\\/?p=311#article\",\"isPartOf\":{\"@id\":\"http:\\\/\\\/ludzieikrajobrazy.muzeumleszno.pl\\\/?p=311\"},\"author\":{\"name\":\"Pan_Admin\",\"@id\":\"https:\\\/\\\/ludzieikrajobrazy.muzeumleszno.pl\\\/#\\\/schema\\\/person\\\/fc2bc20e2b51efc3202ac1f0cdcd06c0\"},\"headline\":\"Drzeczkowo. Ko\u015bci\u00f3\u0142 pw. Naj\u015bwi\u0119tszej Maryi Panny Wniebowzi\u0119tej, oko\u0142o 1950 roku\",\"datePublished\":\"2024-07-23T10:00:22+00:00\",\"dateModified\":\"2024-09-19T08:21:25+00:00\",\"mainEntityOfPage\":{\"@id\":\"http:\\\/\\\/ludzieikrajobrazy.muzeumleszno.pl\\\/?p=311\"},\"wordCount\":200,\"image\":{\"@id\":\"http:\\\/\\\/ludzieikrajobrazy.muzeumleszno.pl\\\/?p=311#primaryimage\"},\"thumbnailUrl\":\"http:\\\/\\\/ludzieikrajobrazy.muzeumleszno.pl\\\/wp-content\\\/uploads\\\/2024\\\/07\\\/32_MLFa-248-scaled.jpg\",\"keywords\":[\"1950\",\"Adam Nie\u017cychowski\",\"adoracja\",\"architektura\",\"arcybiskup gnie\u017anie\u0144ski\",\"Bart\u0142omiej ia\u0142oszewicz\",\"brat bli\u017aniak\",\"budownictwo murowane\",\"chrzcielnica\",\"dach\",\"dokumentacja\",\"drewniana \u015bwi\u0105tynia\",\"Drzeczkowo\",\"drzewa\",\"fotografia\",\"fundacja Adama Nie\u017cychowskiego\",\"fundator\",\"gotyk\",\"Jan z Czerniny\",\"Karolina ze Sk\u00f3rzewskich\",\"ko\u015bci\u00f3\u0142\",\"ko\u015bci\u00f3\u0142 pod wezwaniem Naj\u015bwi\u0119tszej Maryi Panny Wniebowzi\u0119tej\",\"krajobraz\",\"krzy\u017c\",\"ksi\u0105dz\",\"Matka Boska\",\"mur\",\"murowana brama\",\"obraz\",\"obraz Matki Boskiej z Dzieci\u0105tkiem\",\"okna\",\"o\u0142tarz g\u0142\u00f3wny\",\"p\u0142ot\",\"proboszcz\",\"prymas Polski\",\"Przec\u0142aw Leszczy\u0144ski\",\"rodzina Wieniawit\u00f3w Leszczy\u0144skich\",\"Rydzyna\",\"rzut krzy\u017ca \u0142aci\u0144skiego\",\"\u015bcie\u017cka\",\"starosta\",\"\u015bwi\u0105tynia\",\"szambelan kr\u00f3lewski\",\"Wac\u0142aw Leszczy\u0144ski\",\"wej\u015bcie\",\"Wieniawici\",\"wizerunek\",\"wojewoda\",\"za\u0142o\u017cyciel\",\"\u017cona\"],\"articleSection\":[\"Drzeczkowo\"],\"inLanguage\":\"pl-PL\"},{\"@type\":\"WebPage\",\"@id\":\"http:\\\/\\\/ludzieikrajobrazy.muzeumleszno.pl\\\/?p=311\",\"url\":\"http:\\\/\\\/ludzieikrajobrazy.muzeumleszno.pl\\\/?p=311\",\"name\":\"Drzeczkowo. Ko\u015bci\u00f3\u0142 pw. Naj\u015bwi\u0119tszej Maryi Panny Wniebowzi\u0119tej, oko\u0142o 1950 roku - Ludzie i krajobrazy. Powiat Leszczy\u0144ski w ikonografii\",\"isPartOf\":{\"@id\":\"https:\\\/\\\/ludzieikrajobrazy.muzeumleszno.pl\\\/#website\"},\"primaryImageOfPage\":{\"@id\":\"http:\\\/\\\/ludzieikrajobrazy.muzeumleszno.pl\\\/?p=311#primaryimage\"},\"image\":{\"@id\":\"http:\\\/\\\/ludzieikrajobrazy.muzeumleszno.pl\\\/?p=311#primaryimage\"},\"thumbnailUrl\":\"http:\\\/\\\/ludzieikrajobrazy.muzeumleszno.pl\\\/wp-content\\\/uploads\\\/2024\\\/07\\\/32_MLFa-248-scaled.jpg\",\"datePublished\":\"2024-07-23T10:00:22+00:00\",\"dateModified\":\"2024-09-19T08:21:25+00:00\",\"author\":{\"@id\":\"https:\\\/\\\/ludzieikrajobrazy.muzeumleszno.pl\\\/#\\\/schema\\\/person\\\/fc2bc20e2b51efc3202ac1f0cdcd06c0\"},\"breadcrumb\":{\"@id\":\"http:\\\/\\\/ludzieikrajobrazy.muzeumleszno.pl\\\/?p=311#breadcrumb\"},\"inLanguage\":\"pl-PL\",\"potentialAction\":[{\"@type\":\"ReadAction\",\"target\":[\"http:\\\/\\\/ludzieikrajobrazy.muzeumleszno.pl\\\/?p=311\"]}]},{\"@type\":\"BreadcrumbList\",\"@id\":\"http:\\\/\\\/ludzieikrajobrazy.muzeumleszno.pl\\\/?p=311#breadcrumb\",\"itemListElement\":[{\"@type\":\"ListItem\",\"position\":1,\"name\":\"Home\",\"item\":\"https:\\\/\\\/ludzieikrajobrazy.muzeumleszno.pl\\\/\"},{\"@type\":\"ListItem\",\"position\":2,\"name\":\"Drzeczkowo. Ko\u015bci\u00f3\u0142 pw. Naj\u015bwi\u0119tszej Maryi Panny Wniebowzi\u0119tej, oko\u0142o 1950 roku\"}]},{\"@type\":\"WebSite\",\"@id\":\"https:\\\/\\\/ludzieikrajobrazy.muzeumleszno.pl\\\/#website\",\"url\":\"https:\\\/\\\/ludzieikrajobrazy.muzeumleszno.pl\\\/\",\"name\":\"Ludzie i krajobrazy. Powiat Leszczy\u0144ski w ikonografii\",\"description\":\"Powiat Leszczy\u0144ski w ikonografii\",\"potentialAction\":[{\"@type\":\"SearchAction\",\"target\":{\"@type\":\"EntryPoint\",\"urlTemplate\":\"https:\\\/\\\/ludzieikrajobrazy.muzeumleszno.pl\\\/?s={search_term_string}\"},\"query-input\":{\"@type\":\"PropertyValueSpecification\",\"valueRequired\":true,\"valueName\":\"search_term_string\"}}],\"inLanguage\":\"pl-PL\"},{\"@type\":\"Person\",\"@id\":\"https:\\\/\\\/ludzieikrajobrazy.muzeumleszno.pl\\\/#\\\/schema\\\/person\\\/fc2bc20e2b51efc3202ac1f0cdcd06c0\",\"name\":\"Pan_Admin\",\"image\":{\"@type\":\"ImageObject\",\"inLanguage\":\"pl-PL\",\"@id\":\"https:\\\/\\\/secure.gravatar.com\\\/avatar\\\/d109d485abe889ecc32dbdb971b715ad9d4596bd0e2353626451db3e04099822?s=96&d=mm&r=g\",\"url\":\"https:\\\/\\\/secure.gravatar.com\\\/avatar\\\/d109d485abe889ecc32dbdb971b715ad9d4596bd0e2353626451db3e04099822?s=96&d=mm&r=g\",\"contentUrl\":\"https:\\\/\\\/secure.gravatar.com\\\/avatar\\\/d109d485abe889ecc32dbdb971b715ad9d4596bd0e2353626451db3e04099822?s=96&d=mm&r=g\",\"caption\":\"Pan_Admin\"},\"sameAs\":[\"http:\\\/\\\/ludzieikrajobrazy.muzeumleszno.pl\"],\"url\":\"http:\\\/\\\/ludzieikrajobrazy.muzeumleszno.pl\\\/?author=1\"}]}<\/script>\n<!-- \/ Yoast SEO plugin. -->","yoast_head_json":{"title":"Drzeczkowo. Ko\u015bci\u00f3\u0142 pw. Naj\u015bwi\u0119tszej Maryi Panny Wniebowzi\u0119tej, oko\u0142o 1950 roku - Ludzie i krajobrazy. Powiat Leszczy\u0144ski w ikonografii","robots":{"index":"index","follow":"follow","max-snippet":"max-snippet:-1","max-image-preview":"max-image-preview:large","max-video-preview":"max-video-preview:-1"},"canonical":"http:\/\/ludzieikrajobrazy.muzeumleszno.pl\/?p=311","og_locale":"pl_PL","og_type":"article","og_title":"Drzeczkowo. Ko\u015bci\u00f3\u0142 pw. Naj\u015bwi\u0119tszej Maryi Panny Wniebowzi\u0119tej, oko\u0142o 1950 roku - Ludzie i krajobrazy. Powiat Leszczy\u0144ski w ikonografii","og_description":"Ko\u015bci\u00f3\u0142 w Drzeczkowie zbudowano w 1775 roku z fundacji Adama Nie\u017cychowskiego (1745\u20131794), szambelana kr\u00f3lewskiego. Wzniesiono go w miejscu wcze\u015bniejszej, drewnianej \u015bwi\u0105tyni odnowionej z zapisu Przec\u0142awa Leszczy\u0144skiego (1605\u20131670), wojewody...","og_url":"http:\/\/ludzieikrajobrazy.muzeumleszno.pl\/?p=311","og_site_name":"Ludzie i krajobrazy. Powiat Leszczy\u0144ski w ikonografii","article_published_time":"2024-07-23T10:00:22+00:00","article_modified_time":"2024-09-19T08:21:25+00:00","og_image":[{"width":2560,"height":1814,"url":"http:\/\/ludzieikrajobrazy.muzeumleszno.pl\/wp-content\/uploads\/2024\/07\/32_MLFa-248-scaled.jpg","type":"image\/jpeg"}],"author":"Pan_Admin","twitter_card":"summary_large_image","twitter_misc":{"Napisane przez":"Pan_Admin","Szacowany czas czytania":"2 minuty"},"schema":{"@context":"https:\/\/schema.org","@graph":[{"@type":"Article","@id":"http:\/\/ludzieikrajobrazy.muzeumleszno.pl\/?p=311#article","isPartOf":{"@id":"http:\/\/ludzieikrajobrazy.muzeumleszno.pl\/?p=311"},"author":{"name":"Pan_Admin","@id":"https:\/\/ludzieikrajobrazy.muzeumleszno.pl\/#\/schema\/person\/fc2bc20e2b51efc3202ac1f0cdcd06c0"},"headline":"Drzeczkowo. Ko\u015bci\u00f3\u0142 pw. Naj\u015bwi\u0119tszej Maryi Panny Wniebowzi\u0119tej, oko\u0142o 1950 roku","datePublished":"2024-07-23T10:00:22+00:00","dateModified":"2024-09-19T08:21:25+00:00","mainEntityOfPage":{"@id":"http:\/\/ludzieikrajobrazy.muzeumleszno.pl\/?p=311"},"wordCount":200,"image":{"@id":"http:\/\/ludzieikrajobrazy.muzeumleszno.pl\/?p=311#primaryimage"},"thumbnailUrl":"http:\/\/ludzieikrajobrazy.muzeumleszno.pl\/wp-content\/uploads\/2024\/07\/32_MLFa-248-scaled.jpg","keywords":["1950","Adam Nie\u017cychowski","adoracja","architektura","arcybiskup gnie\u017anie\u0144ski","Bart\u0142omiej ia\u0142oszewicz","brat bli\u017aniak","budownictwo murowane","chrzcielnica","dach","dokumentacja","drewniana \u015bwi\u0105tynia","Drzeczkowo","drzewa","fotografia","fundacja Adama Nie\u017cychowskiego","fundator","gotyk","Jan z Czerniny","Karolina ze Sk\u00f3rzewskich","ko\u015bci\u00f3\u0142","ko\u015bci\u00f3\u0142 pod wezwaniem Naj\u015bwi\u0119tszej Maryi Panny Wniebowzi\u0119tej","krajobraz","krzy\u017c","ksi\u0105dz","Matka Boska","mur","murowana brama","obraz","obraz Matki Boskiej z Dzieci\u0105tkiem","okna","o\u0142tarz g\u0142\u00f3wny","p\u0142ot","proboszcz","prymas Polski","Przec\u0142aw Leszczy\u0144ski","rodzina Wieniawit\u00f3w Leszczy\u0144skich","Rydzyna","rzut krzy\u017ca \u0142aci\u0144skiego","\u015bcie\u017cka","starosta","\u015bwi\u0105tynia","szambelan kr\u00f3lewski","Wac\u0142aw Leszczy\u0144ski","wej\u015bcie","Wieniawici","wizerunek","wojewoda","za\u0142o\u017cyciel","\u017cona"],"articleSection":["Drzeczkowo"],"inLanguage":"pl-PL"},{"@type":"WebPage","@id":"http:\/\/ludzieikrajobrazy.muzeumleszno.pl\/?p=311","url":"http:\/\/ludzieikrajobrazy.muzeumleszno.pl\/?p=311","name":"Drzeczkowo. Ko\u015bci\u00f3\u0142 pw. Naj\u015bwi\u0119tszej Maryi Panny Wniebowzi\u0119tej, oko\u0142o 1950 roku - Ludzie i krajobrazy. Powiat Leszczy\u0144ski w ikonografii","isPartOf":{"@id":"https:\/\/ludzieikrajobrazy.muzeumleszno.pl\/#website"},"primaryImageOfPage":{"@id":"http:\/\/ludzieikrajobrazy.muzeumleszno.pl\/?p=311#primaryimage"},"image":{"@id":"http:\/\/ludzieikrajobrazy.muzeumleszno.pl\/?p=311#primaryimage"},"thumbnailUrl":"http:\/\/ludzieikrajobrazy.muzeumleszno.pl\/wp-content\/uploads\/2024\/07\/32_MLFa-248-scaled.jpg","datePublished":"2024-07-23T10:00:22+00:00","dateModified":"2024-09-19T08:21:25+00:00","author":{"@id":"https:\/\/ludzieikrajobrazy.muzeumleszno.pl\/#\/schema\/person\/fc2bc20e2b51efc3202ac1f0cdcd06c0"},"breadcrumb":{"@id":"http:\/\/ludzieikrajobrazy.muzeumleszno.pl\/?p=311#breadcrumb"},"inLanguage":"pl-PL","potentialAction":[{"@type":"ReadAction","target":["http:\/\/ludzieikrajobrazy.muzeumleszno.pl\/?p=311"]}]},{"@type":"BreadcrumbList","@id":"http:\/\/ludzieikrajobrazy.muzeumleszno.pl\/?p=311#breadcrumb","itemListElement":[{"@type":"ListItem","position":1,"name":"Home","item":"https:\/\/ludzieikrajobrazy.muzeumleszno.pl\/"},{"@type":"ListItem","position":2,"name":"Drzeczkowo. Ko\u015bci\u00f3\u0142 pw. Naj\u015bwi\u0119tszej Maryi Panny Wniebowzi\u0119tej, oko\u0142o 1950 roku"}]},{"@type":"WebSite","@id":"https:\/\/ludzieikrajobrazy.muzeumleszno.pl\/#website","url":"https:\/\/ludzieikrajobrazy.muzeumleszno.pl\/","name":"Ludzie i krajobrazy. Powiat Leszczy\u0144ski w ikonografii","description":"Powiat Leszczy\u0144ski w ikonografii","potentialAction":[{"@type":"SearchAction","target":{"@type":"EntryPoint","urlTemplate":"https:\/\/ludzieikrajobrazy.muzeumleszno.pl\/?s={search_term_string}"},"query-input":{"@type":"PropertyValueSpecification","valueRequired":true,"valueName":"search_term_string"}}],"inLanguage":"pl-PL"},{"@type":"Person","@id":"https:\/\/ludzieikrajobrazy.muzeumleszno.pl\/#\/schema\/person\/fc2bc20e2b51efc3202ac1f0cdcd06c0","name":"Pan_Admin","image":{"@type":"ImageObject","inLanguage":"pl-PL","@id":"https:\/\/secure.gravatar.com\/avatar\/d109d485abe889ecc32dbdb971b715ad9d4596bd0e2353626451db3e04099822?s=96&d=mm&r=g","url":"https:\/\/secure.gravatar.com\/avatar\/d109d485abe889ecc32dbdb971b715ad9d4596bd0e2353626451db3e04099822?s=96&d=mm&r=g","contentUrl":"https:\/\/secure.gravatar.com\/avatar\/d109d485abe889ecc32dbdb971b715ad9d4596bd0e2353626451db3e04099822?s=96&d=mm&r=g","caption":"Pan_Admin"},"sameAs":["http:\/\/ludzieikrajobrazy.muzeumleszno.pl"],"url":"http:\/\/ludzieikrajobrazy.muzeumleszno.pl\/?author=1"}]}},"_links":{"self":[{"href":"http:\/\/ludzieikrajobrazy.muzeumleszno.pl\/index.php?rest_route=\/wp\/v2\/posts\/311","targetHints":{"allow":["GET"]}}],"collection":[{"href":"http:\/\/ludzieikrajobrazy.muzeumleszno.pl\/index.php?rest_route=\/wp\/v2\/posts"}],"about":[{"href":"http:\/\/ludzieikrajobrazy.muzeumleszno.pl\/index.php?rest_route=\/wp\/v2\/types\/post"}],"author":[{"embeddable":true,"href":"http:\/\/ludzieikrajobrazy.muzeumleszno.pl\/index.php?rest_route=\/wp\/v2\/users\/1"}],"replies":[{"embeddable":true,"href":"http:\/\/ludzieikrajobrazy.muzeumleszno.pl\/index.php?rest_route=%2Fwp%2Fv2%2Fcomments&post=311"}],"version-history":[{"count":2,"href":"http:\/\/ludzieikrajobrazy.muzeumleszno.pl\/index.php?rest_route=\/wp\/v2\/posts\/311\/revisions"}],"predecessor-version":[{"id":1179,"href":"http:\/\/ludzieikrajobrazy.muzeumleszno.pl\/index.php?rest_route=\/wp\/v2\/posts\/311\/revisions\/1179"}],"wp:featuredmedia":[{"embeddable":true,"href":"http:\/\/ludzieikrajobrazy.muzeumleszno.pl\/index.php?rest_route=\/wp\/v2\/media\/312"}],"wp:attachment":[{"href":"http:\/\/ludzieikrajobrazy.muzeumleszno.pl\/index.php?rest_route=%2Fwp%2Fv2%2Fmedia&parent=311"}],"wp:term":[{"taxonomy":"category","embeddable":true,"href":"http:\/\/ludzieikrajobrazy.muzeumleszno.pl\/index.php?rest_route=%2Fwp%2Fv2%2Fcategories&post=311"},{"taxonomy":"post_tag","embeddable":true,"href":"http:\/\/ludzieikrajobrazy.muzeumleszno.pl\/index.php?rest_route=%2Fwp%2Fv2%2Ftags&post=311"}],"curies":[{"name":"wp","href":"https:\/\/api.w.org\/{rel}","templated":true}]}}