{"id":314,"date":"2024-07-22T12:00:23","date_gmt":"2024-07-22T10:00:23","guid":{"rendered":"http:\/\/ludzieikrajobrazy.muzeumleszno.pl\/?p=314"},"modified":"2024-09-19T10:26:20","modified_gmt":"2024-09-19T08:26:20","slug":"garzyn-palac-1950-rok","status":"publish","type":"post","link":"http:\/\/ludzieikrajobrazy.muzeumleszno.pl\/?p=314","title":{"rendered":"Garzyn. Pa\u0142ac, 1950 rok"},"content":{"rendered":"\n<p>Garzyn nale\u017ca\u0142 w przesz\u0142o\u015bci do r\u00f3\u017cnych rod\u00f3w rycerskich: Wyskot\u00f3w, Gry\u017cy\u0144skich i Bork\u00f3w Osieckich. Z czasem sta\u0142 si\u0119 cz\u0119\u015bci\u0105 wielkich posiad\u0142o\u015bci rodziny Opali\u0144skich, nast\u0119pnie Ch\u0142apowskich, a potem Szo\u0142drskich. Pierwszymi jego w\u0142a\u015bcicielami byli jednak benedyktyni z Lubinia, otrzymuj\u0105cy z r\u0105k monarch\u00f3w liczne przywileje i nadania.<\/p>\n\n\n\n<p>Okaza\u0142y pa\u0142ac pochodzi z lat 80. lub 90. XIX wieku. Maj\u0105tek nale\u017ca\u0142 w\u00f3wczas do niemieckiej rodziny M\u00fcller\u00f3w i to dla nich zosta\u0142 zbudowany. Wygl\u0105du wcze\u015bniejszej rezydencji niestety nie znamy, chocia\u017c wiadomo, \u017ce sta\u0142a w tym samym miejscu. Na fotografii widoczny jest tylko fragment elewacji. Szczeg\u00f3lnie reprezentacyjny charakter posiada dwupi\u0119trowa cz\u0119\u015b\u0107 centralna z wej\u015bciem g\u0142\u00f3wnym zamkni\u0119tym trzema arkadami, podobnie jak znajduj\u0105ca si\u0119 nad nim loggia pierwszego pi\u0119tra. W naro\u017cniku budynku umieszczona zosta\u0142a sze\u015bcioboczna wie\u017ca. Wiejska rezydencja w Garzynie nawi\u0105zuje&nbsp; do wzoru renesansowej willi w\u0142oskiej i od kilkudziesi\u0119ciu lat stanowi siedzib\u0119 O\u015brodka Hodowli Zarodowej.&nbsp;<\/p>\n\n\n\n<figure data-wp-context=\"{&quot;imageId&quot;:&quot;69f1d6c4c1576&quot;}\" data-wp-interactive=\"core\/image\" data-wp-key=\"69f1d6c4c1576\" class=\"wp-block-image size-full wp-lightbox-container\"><img fetchpriority=\"high\" decoding=\"async\" width=\"2560\" height=\"1828\" data-wp-class--hide=\"state.isContentHidden\" data-wp-class--show=\"state.isContentVisible\" data-wp-init=\"callbacks.setButtonStyles\" data-wp-on--click=\"actions.showLightbox\" data-wp-on--load=\"callbacks.setButtonStyles\" data-wp-on-window--resize=\"callbacks.setButtonStyles\" src=\"http:\/\/ludzieikrajobrazy.muzeumleszno.pl\/wp-content\/uploads\/2024\/07\/33_MLFa-255-scaled.jpg\" alt=\"Pa\u0142ac w Garzynie\" class=\"wp-image-315\" srcset=\"http:\/\/ludzieikrajobrazy.muzeumleszno.pl\/wp-content\/uploads\/2024\/07\/33_MLFa-255-scaled.jpg 2560w, http:\/\/ludzieikrajobrazy.muzeumleszno.pl\/wp-content\/uploads\/2024\/07\/33_MLFa-255-1536x1097.jpg 1536w, http:\/\/ludzieikrajobrazy.muzeumleszno.pl\/wp-content\/uploads\/2024\/07\/33_MLFa-255-2048x1462.jpg 2048w, http:\/\/ludzieikrajobrazy.muzeumleszno.pl\/wp-content\/uploads\/2024\/07\/33_MLFa-255-200x143.jpg 200w, http:\/\/ludzieikrajobrazy.muzeumleszno.pl\/wp-content\/uploads\/2024\/07\/33_MLFa-255-973x695.jpg 973w, http:\/\/ludzieikrajobrazy.muzeumleszno.pl\/wp-content\/uploads\/2024\/07\/33_MLFa-255-508x363.jpg 508w\" sizes=\"(max-width: 2560px) 100vw, 2560px\" \/><button\n\t\t\tclass=\"lightbox-trigger\"\n\t\t\ttype=\"button\"\n\t\t\taria-haspopup=\"dialog\"\n\t\t\taria-label=\"Powi\u0119ksz\"\n\t\t\tdata-wp-init=\"callbacks.initTriggerButton\"\n\t\t\tdata-wp-on--click=\"actions.showLightbox\"\n\t\t\tdata-wp-style--right=\"state.imageButtonRight\"\n\t\t\tdata-wp-style--top=\"state.imageButtonTop\"\n\t\t>\n\t\t\t<svg xmlns=\"http:\/\/www.w3.org\/2000\/svg\" width=\"12\" height=\"12\" fill=\"none\" viewBox=\"0 0 12 12\">\n\t\t\t\t<path fill=\"#fff\" d=\"M2 0a2 2 0 0 0-2 2v2h1.5V2a.5.5 0 0 1 .5-.5h2V0H2Zm2 10.5H2a.5.5 0 0 1-.5-.5V8H0v2a2 2 0 0 0 2 2h2v-1.5ZM8 12v-1.5h2a.5.5 0 0 0 .5-.5V8H12v2a2 2 0 0 1-2 2H8Zm2-12a2 2 0 0 1 2 2v2h-1.5V2a.5.5 0 0 0-.5-.5H8V0h2Z\" \/>\n\t\t\t<\/svg>\n\t\t<\/button><figcaption class=\"wp-element-caption\">Pa\u0142ac w Garzynie. wys. 12,5 cm x szer. 17,5 cm; odbitka srebrowo-\u017celatynowa, papier fotograficzny, 1950 rok, Muzeum Okr\u0119gowe w Lesznie; MLFa255<\/figcaption><\/figure>\n\n\n\n<p class=\"has-small-font-size\">nr inw. MLFa 255<br>W zbiorach Muzeum Okr\u0119gowego w Lesznie od lata 60. XX wieku, dar<\/p>\n\n\n\n<p>D.Cz.<\/p>\n\n\n\n<figure class=\"wp-block-embed is-type-video is-provider-youtube wp-block-embed-youtube wp-embed-aspect-16-9 wp-has-aspect-ratio\"><div class=\"wp-block-embed__wrapper\">\n<iframe title=\"Garzyn  Pa\u0142ac, 1950 rok\" width=\"620\" height=\"349\" src=\"https:\/\/www.youtube.com\/embed\/P4Z7lHseXX4?feature=oembed\" frameborder=\"0\" allow=\"accelerometer; autoplay; clipboard-write; encrypted-media; gyroscope; picture-in-picture; web-share\" referrerpolicy=\"strict-origin-when-cross-origin\" allowfullscreen><\/iframe>\n<\/div><\/figure>\n","protected":false},"excerpt":{"rendered":"<p>Garzyn nale\u017ca\u0142 w przesz\u0142o\u015bci do r\u00f3\u017cnych rod\u00f3w rycerskich: Wyskot\u00f3w, Gry\u017cy\u0144skich i Bork\u00f3w Osieckich. Z czasem sta\u0142 si\u0119 cz\u0119\u015bci\u0105 wielkich posiad\u0142o\u015bci rodziny Opali\u0144skich, nast\u0119pnie Ch\u0142apowskich, a potem Szo\u0142drskich. Pierwszymi&#8230;<\/p>\n","protected":false},"author":1,"featured_media":315,"comment_status":"closed","ping_status":"closed","sticky":false,"template":"","format":"standard","meta":{"cybocfi_hide_featured_image":"yes","footnotes":""},"categories":[36],"tags":[147,378,2206,138,2196,165,2205,2198,520,736,760,417,37,2195,407,167,2200,2203,2201,2204,986,2202,755,2211,380,482,1715,2213,1073,2209,898,947,2193,2212,2207,2199,1248,1924,2208,2210,2194],"class_list":["post-314","post","type-post","status-publish","format-standard","has-post-thumbnail","hentry","category-garzyn","tag-147","tag-architektura","tag-arkada","tag-benedyktyni","tag-borkowie-osieccy","tag-budownictwo-murowane","tag-charakter-reprezentacyjny","tag-chlapowscy","tag-dokumentacja","tag-drzewa","tag-elewacja","tag-fotografia","tag-garzyn","tag-gryzynscy","tag-krajobraz","tag-loggia","tag-lubin","tag-majatek","tag-monarcha","tag-muller","tag-mur","tag-nadanie","tag-opalinscy","tag-osrodek-hodowli-zarodowej","tag-palac","tag-park","tag-plener","tag-posiadlosc","tag-przywilej","tag-renesans","tag-rezydencja","tag-rod","tag-rod-rycerski","tag-schowy","tag-szescioboczna-wieza","tag-szoldrscy","tag-tablica-informacyjna","tag-wejscie","tag-wiejska-rezydencja","tag-willa-wloska","tag-wyskoci"],"yoast_head":"<!-- This site is optimized with the Yoast SEO plugin v27.5 - https:\/\/yoast.com\/product\/yoast-seo-wordpress\/ -->\n<title>Garzyn. Pa\u0142ac, 1950 rok - Ludzie i krajobrazy. Powiat Leszczy\u0144ski w ikonografii<\/title>\n<meta name=\"robots\" content=\"index, follow, max-snippet:-1, max-image-preview:large, max-video-preview:-1\" \/>\n<link rel=\"canonical\" href=\"http:\/\/ludzieikrajobrazy.muzeumleszno.pl\/?p=314\" \/>\n<meta property=\"og:locale\" content=\"pl_PL\" \/>\n<meta property=\"og:type\" content=\"article\" \/>\n<meta property=\"og:title\" content=\"Garzyn. Pa\u0142ac, 1950 rok - Ludzie i krajobrazy. Powiat Leszczy\u0144ski w ikonografii\" \/>\n<meta property=\"og:description\" content=\"Garzyn nale\u017ca\u0142 w przesz\u0142o\u015bci do r\u00f3\u017cnych rod\u00f3w rycerskich: Wyskot\u00f3w, Gry\u017cy\u0144skich i Bork\u00f3w Osieckich. Z czasem sta\u0142 si\u0119 cz\u0119\u015bci\u0105 wielkich posiad\u0142o\u015bci rodziny Opali\u0144skich, nast\u0119pnie Ch\u0142apowskich, a potem Szo\u0142drskich. Pierwszymi...\" \/>\n<meta property=\"og:url\" content=\"http:\/\/ludzieikrajobrazy.muzeumleszno.pl\/?p=314\" \/>\n<meta property=\"og:site_name\" content=\"Ludzie i krajobrazy. Powiat Leszczy\u0144ski w ikonografii\" \/>\n<meta property=\"article:published_time\" content=\"2024-07-22T10:00:23+00:00\" \/>\n<meta property=\"article:modified_time\" content=\"2024-09-19T08:26:20+00:00\" \/>\n<meta property=\"og:image\" content=\"http:\/\/ludzieikrajobrazy.muzeumleszno.pl\/wp-content\/uploads\/2024\/07\/33_MLFa-255-scaled.jpg\" \/>\n\t<meta property=\"og:image:width\" content=\"2560\" \/>\n\t<meta property=\"og:image:height\" content=\"1828\" \/>\n\t<meta property=\"og:image:type\" content=\"image\/jpeg\" \/>\n<meta name=\"author\" content=\"Pan_Admin\" \/>\n<meta name=\"twitter:card\" content=\"summary_large_image\" \/>\n<meta name=\"twitter:label1\" content=\"Napisane przez\" \/>\n\t<meta name=\"twitter:data1\" content=\"Pan_Admin\" \/>\n\t<meta name=\"twitter:label2\" content=\"Szacowany czas czytania\" \/>\n\t<meta name=\"twitter:data2\" content=\"2 minuty\" \/>\n<script type=\"application\/ld+json\" class=\"yoast-schema-graph\">{\"@context\":\"https:\\\/\\\/schema.org\",\"@graph\":[{\"@type\":\"Article\",\"@id\":\"http:\\\/\\\/ludzieikrajobrazy.muzeumleszno.pl\\\/?p=314#article\",\"isPartOf\":{\"@id\":\"http:\\\/\\\/ludzieikrajobrazy.muzeumleszno.pl\\\/?p=314\"},\"author\":{\"name\":\"Pan_Admin\",\"@id\":\"https:\\\/\\\/ludzieikrajobrazy.muzeumleszno.pl\\\/#\\\/schema\\\/person\\\/fc2bc20e2b51efc3202ac1f0cdcd06c0\"},\"headline\":\"Garzyn. Pa\u0142ac, 1950 rok\",\"datePublished\":\"2024-07-22T10:00:23+00:00\",\"dateModified\":\"2024-09-19T08:26:20+00:00\",\"mainEntityOfPage\":{\"@id\":\"http:\\\/\\\/ludzieikrajobrazy.muzeumleszno.pl\\\/?p=314\"},\"wordCount\":229,\"image\":{\"@id\":\"http:\\\/\\\/ludzieikrajobrazy.muzeumleszno.pl\\\/?p=314#primaryimage\"},\"thumbnailUrl\":\"http:\\\/\\\/ludzieikrajobrazy.muzeumleszno.pl\\\/wp-content\\\/uploads\\\/2024\\\/07\\\/33_MLFa-255-scaled.jpg\",\"keywords\":[\"1950\",\"architektura\",\"arkada\",\"benedyktyni\",\"Borkowie Osieccy\",\"budownictwo murowane\",\"charakter reprezentacyjny\",\"Ch\u0142apowscy\",\"dokumentacja\",\"drzewa\",\"elewacja\",\"fotografia\",\"Garzyn\",\"Gry\u017cy\u0144scy\",\"krajobraz\",\"loggia\",\"Lubi\u0144\",\"maj\u0105tek\",\"monarcha\",\"M\u00fcller\",\"mur\",\"nadanie\",\"Opali\u0144scy\",\"O\u015brodek Hodowli Zarodowej\",\"pa\u0142ac\",\"park\",\"plener\",\"posiad\u0142o\u015b\u0107\",\"przywilej\",\"renesans\",\"rezydencja\",\"r\u00f3d\",\"r\u00f3d rycerski\",\"schowy\",\"sze\u015bcioboczna wie\u017ca\",\"Szo\u0142drscy\",\"tablica informacyjna\",\"wej\u015bcie\",\"wiejska rezydencja\",\"willa w\u0142oska\",\"Wyskoci\"],\"articleSection\":[\"Garzyn\"],\"inLanguage\":\"pl-PL\"},{\"@type\":\"WebPage\",\"@id\":\"http:\\\/\\\/ludzieikrajobrazy.muzeumleszno.pl\\\/?p=314\",\"url\":\"http:\\\/\\\/ludzieikrajobrazy.muzeumleszno.pl\\\/?p=314\",\"name\":\"Garzyn. Pa\u0142ac, 1950 rok - Ludzie i krajobrazy. Powiat Leszczy\u0144ski w ikonografii\",\"isPartOf\":{\"@id\":\"https:\\\/\\\/ludzieikrajobrazy.muzeumleszno.pl\\\/#website\"},\"primaryImageOfPage\":{\"@id\":\"http:\\\/\\\/ludzieikrajobrazy.muzeumleszno.pl\\\/?p=314#primaryimage\"},\"image\":{\"@id\":\"http:\\\/\\\/ludzieikrajobrazy.muzeumleszno.pl\\\/?p=314#primaryimage\"},\"thumbnailUrl\":\"http:\\\/\\\/ludzieikrajobrazy.muzeumleszno.pl\\\/wp-content\\\/uploads\\\/2024\\\/07\\\/33_MLFa-255-scaled.jpg\",\"datePublished\":\"2024-07-22T10:00:23+00:00\",\"dateModified\":\"2024-09-19T08:26:20+00:00\",\"author\":{\"@id\":\"https:\\\/\\\/ludzieikrajobrazy.muzeumleszno.pl\\\/#\\\/schema\\\/person\\\/fc2bc20e2b51efc3202ac1f0cdcd06c0\"},\"breadcrumb\":{\"@id\":\"http:\\\/\\\/ludzieikrajobrazy.muzeumleszno.pl\\\/?p=314#breadcrumb\"},\"inLanguage\":\"pl-PL\",\"potentialAction\":[{\"@type\":\"ReadAction\",\"target\":[\"http:\\\/\\\/ludzieikrajobrazy.muzeumleszno.pl\\\/?p=314\"]}]},{\"@type\":\"BreadcrumbList\",\"@id\":\"http:\\\/\\\/ludzieikrajobrazy.muzeumleszno.pl\\\/?p=314#breadcrumb\",\"itemListElement\":[{\"@type\":\"ListItem\",\"position\":1,\"name\":\"Home\",\"item\":\"https:\\\/\\\/ludzieikrajobrazy.muzeumleszno.pl\\\/\"},{\"@type\":\"ListItem\",\"position\":2,\"name\":\"Garzyn. Pa\u0142ac, 1950 rok\"}]},{\"@type\":\"WebSite\",\"@id\":\"https:\\\/\\\/ludzieikrajobrazy.muzeumleszno.pl\\\/#website\",\"url\":\"https:\\\/\\\/ludzieikrajobrazy.muzeumleszno.pl\\\/\",\"name\":\"Ludzie i krajobrazy. Powiat Leszczy\u0144ski w ikonografii\",\"description\":\"Powiat Leszczy\u0144ski w ikonografii\",\"potentialAction\":[{\"@type\":\"SearchAction\",\"target\":{\"@type\":\"EntryPoint\",\"urlTemplate\":\"https:\\\/\\\/ludzieikrajobrazy.muzeumleszno.pl\\\/?s={search_term_string}\"},\"query-input\":{\"@type\":\"PropertyValueSpecification\",\"valueRequired\":true,\"valueName\":\"search_term_string\"}}],\"inLanguage\":\"pl-PL\"},{\"@type\":\"Person\",\"@id\":\"https:\\\/\\\/ludzieikrajobrazy.muzeumleszno.pl\\\/#\\\/schema\\\/person\\\/fc2bc20e2b51efc3202ac1f0cdcd06c0\",\"name\":\"Pan_Admin\",\"image\":{\"@type\":\"ImageObject\",\"inLanguage\":\"pl-PL\",\"@id\":\"https:\\\/\\\/secure.gravatar.com\\\/avatar\\\/d109d485abe889ecc32dbdb971b715ad9d4596bd0e2353626451db3e04099822?s=96&d=mm&r=g\",\"url\":\"https:\\\/\\\/secure.gravatar.com\\\/avatar\\\/d109d485abe889ecc32dbdb971b715ad9d4596bd0e2353626451db3e04099822?s=96&d=mm&r=g\",\"contentUrl\":\"https:\\\/\\\/secure.gravatar.com\\\/avatar\\\/d109d485abe889ecc32dbdb971b715ad9d4596bd0e2353626451db3e04099822?s=96&d=mm&r=g\",\"caption\":\"Pan_Admin\"},\"sameAs\":[\"http:\\\/\\\/ludzieikrajobrazy.muzeumleszno.pl\"],\"url\":\"http:\\\/\\\/ludzieikrajobrazy.muzeumleszno.pl\\\/?author=1\"}]}<\/script>\n<!-- \/ Yoast SEO plugin. -->","yoast_head_json":{"title":"Garzyn. Pa\u0142ac, 1950 rok - Ludzie i krajobrazy. Powiat Leszczy\u0144ski w ikonografii","robots":{"index":"index","follow":"follow","max-snippet":"max-snippet:-1","max-image-preview":"max-image-preview:large","max-video-preview":"max-video-preview:-1"},"canonical":"http:\/\/ludzieikrajobrazy.muzeumleszno.pl\/?p=314","og_locale":"pl_PL","og_type":"article","og_title":"Garzyn. Pa\u0142ac, 1950 rok - Ludzie i krajobrazy. Powiat Leszczy\u0144ski w ikonografii","og_description":"Garzyn nale\u017ca\u0142 w przesz\u0142o\u015bci do r\u00f3\u017cnych rod\u00f3w rycerskich: Wyskot\u00f3w, Gry\u017cy\u0144skich i Bork\u00f3w Osieckich. Z czasem sta\u0142 si\u0119 cz\u0119\u015bci\u0105 wielkich posiad\u0142o\u015bci rodziny Opali\u0144skich, nast\u0119pnie Ch\u0142apowskich, a potem Szo\u0142drskich. Pierwszymi...","og_url":"http:\/\/ludzieikrajobrazy.muzeumleszno.pl\/?p=314","og_site_name":"Ludzie i krajobrazy. Powiat Leszczy\u0144ski w ikonografii","article_published_time":"2024-07-22T10:00:23+00:00","article_modified_time":"2024-09-19T08:26:20+00:00","og_image":[{"width":2560,"height":1828,"url":"http:\/\/ludzieikrajobrazy.muzeumleszno.pl\/wp-content\/uploads\/2024\/07\/33_MLFa-255-scaled.jpg","type":"image\/jpeg"}],"author":"Pan_Admin","twitter_card":"summary_large_image","twitter_misc":{"Napisane przez":"Pan_Admin","Szacowany czas czytania":"2 minuty"},"schema":{"@context":"https:\/\/schema.org","@graph":[{"@type":"Article","@id":"http:\/\/ludzieikrajobrazy.muzeumleszno.pl\/?p=314#article","isPartOf":{"@id":"http:\/\/ludzieikrajobrazy.muzeumleszno.pl\/?p=314"},"author":{"name":"Pan_Admin","@id":"https:\/\/ludzieikrajobrazy.muzeumleszno.pl\/#\/schema\/person\/fc2bc20e2b51efc3202ac1f0cdcd06c0"},"headline":"Garzyn. Pa\u0142ac, 1950 rok","datePublished":"2024-07-22T10:00:23+00:00","dateModified":"2024-09-19T08:26:20+00:00","mainEntityOfPage":{"@id":"http:\/\/ludzieikrajobrazy.muzeumleszno.pl\/?p=314"},"wordCount":229,"image":{"@id":"http:\/\/ludzieikrajobrazy.muzeumleszno.pl\/?p=314#primaryimage"},"thumbnailUrl":"http:\/\/ludzieikrajobrazy.muzeumleszno.pl\/wp-content\/uploads\/2024\/07\/33_MLFa-255-scaled.jpg","keywords":["1950","architektura","arkada","benedyktyni","Borkowie Osieccy","budownictwo murowane","charakter reprezentacyjny","Ch\u0142apowscy","dokumentacja","drzewa","elewacja","fotografia","Garzyn","Gry\u017cy\u0144scy","krajobraz","loggia","Lubi\u0144","maj\u0105tek","monarcha","M\u00fcller","mur","nadanie","Opali\u0144scy","O\u015brodek Hodowli Zarodowej","pa\u0142ac","park","plener","posiad\u0142o\u015b\u0107","przywilej","renesans","rezydencja","r\u00f3d","r\u00f3d rycerski","schowy","sze\u015bcioboczna wie\u017ca","Szo\u0142drscy","tablica informacyjna","wej\u015bcie","wiejska rezydencja","willa w\u0142oska","Wyskoci"],"articleSection":["Garzyn"],"inLanguage":"pl-PL"},{"@type":"WebPage","@id":"http:\/\/ludzieikrajobrazy.muzeumleszno.pl\/?p=314","url":"http:\/\/ludzieikrajobrazy.muzeumleszno.pl\/?p=314","name":"Garzyn. Pa\u0142ac, 1950 rok - Ludzie i krajobrazy. Powiat Leszczy\u0144ski w ikonografii","isPartOf":{"@id":"https:\/\/ludzieikrajobrazy.muzeumleszno.pl\/#website"},"primaryImageOfPage":{"@id":"http:\/\/ludzieikrajobrazy.muzeumleszno.pl\/?p=314#primaryimage"},"image":{"@id":"http:\/\/ludzieikrajobrazy.muzeumleszno.pl\/?p=314#primaryimage"},"thumbnailUrl":"http:\/\/ludzieikrajobrazy.muzeumleszno.pl\/wp-content\/uploads\/2024\/07\/33_MLFa-255-scaled.jpg","datePublished":"2024-07-22T10:00:23+00:00","dateModified":"2024-09-19T08:26:20+00:00","author":{"@id":"https:\/\/ludzieikrajobrazy.muzeumleszno.pl\/#\/schema\/person\/fc2bc20e2b51efc3202ac1f0cdcd06c0"},"breadcrumb":{"@id":"http:\/\/ludzieikrajobrazy.muzeumleszno.pl\/?p=314#breadcrumb"},"inLanguage":"pl-PL","potentialAction":[{"@type":"ReadAction","target":["http:\/\/ludzieikrajobrazy.muzeumleszno.pl\/?p=314"]}]},{"@type":"BreadcrumbList","@id":"http:\/\/ludzieikrajobrazy.muzeumleszno.pl\/?p=314#breadcrumb","itemListElement":[{"@type":"ListItem","position":1,"name":"Home","item":"https:\/\/ludzieikrajobrazy.muzeumleszno.pl\/"},{"@type":"ListItem","position":2,"name":"Garzyn. Pa\u0142ac, 1950 rok"}]},{"@type":"WebSite","@id":"https:\/\/ludzieikrajobrazy.muzeumleszno.pl\/#website","url":"https:\/\/ludzieikrajobrazy.muzeumleszno.pl\/","name":"Ludzie i krajobrazy. Powiat Leszczy\u0144ski w ikonografii","description":"Powiat Leszczy\u0144ski w ikonografii","potentialAction":[{"@type":"SearchAction","target":{"@type":"EntryPoint","urlTemplate":"https:\/\/ludzieikrajobrazy.muzeumleszno.pl\/?s={search_term_string}"},"query-input":{"@type":"PropertyValueSpecification","valueRequired":true,"valueName":"search_term_string"}}],"inLanguage":"pl-PL"},{"@type":"Person","@id":"https:\/\/ludzieikrajobrazy.muzeumleszno.pl\/#\/schema\/person\/fc2bc20e2b51efc3202ac1f0cdcd06c0","name":"Pan_Admin","image":{"@type":"ImageObject","inLanguage":"pl-PL","@id":"https:\/\/secure.gravatar.com\/avatar\/d109d485abe889ecc32dbdb971b715ad9d4596bd0e2353626451db3e04099822?s=96&d=mm&r=g","url":"https:\/\/secure.gravatar.com\/avatar\/d109d485abe889ecc32dbdb971b715ad9d4596bd0e2353626451db3e04099822?s=96&d=mm&r=g","contentUrl":"https:\/\/secure.gravatar.com\/avatar\/d109d485abe889ecc32dbdb971b715ad9d4596bd0e2353626451db3e04099822?s=96&d=mm&r=g","caption":"Pan_Admin"},"sameAs":["http:\/\/ludzieikrajobrazy.muzeumleszno.pl"],"url":"http:\/\/ludzieikrajobrazy.muzeumleszno.pl\/?author=1"}]}},"_links":{"self":[{"href":"http:\/\/ludzieikrajobrazy.muzeumleszno.pl\/index.php?rest_route=\/wp\/v2\/posts\/314","targetHints":{"allow":["GET"]}}],"collection":[{"href":"http:\/\/ludzieikrajobrazy.muzeumleszno.pl\/index.php?rest_route=\/wp\/v2\/posts"}],"about":[{"href":"http:\/\/ludzieikrajobrazy.muzeumleszno.pl\/index.php?rest_route=\/wp\/v2\/types\/post"}],"author":[{"embeddable":true,"href":"http:\/\/ludzieikrajobrazy.muzeumleszno.pl\/index.php?rest_route=\/wp\/v2\/users\/1"}],"replies":[{"embeddable":true,"href":"http:\/\/ludzieikrajobrazy.muzeumleszno.pl\/index.php?rest_route=%2Fwp%2Fv2%2Fcomments&post=314"}],"version-history":[{"count":2,"href":"http:\/\/ludzieikrajobrazy.muzeumleszno.pl\/index.php?rest_route=\/wp\/v2\/posts\/314\/revisions"}],"predecessor-version":[{"id":1180,"href":"http:\/\/ludzieikrajobrazy.muzeumleszno.pl\/index.php?rest_route=\/wp\/v2\/posts\/314\/revisions\/1180"}],"wp:featuredmedia":[{"embeddable":true,"href":"http:\/\/ludzieikrajobrazy.muzeumleszno.pl\/index.php?rest_route=\/wp\/v2\/media\/315"}],"wp:attachment":[{"href":"http:\/\/ludzieikrajobrazy.muzeumleszno.pl\/index.php?rest_route=%2Fwp%2Fv2%2Fmedia&parent=314"}],"wp:term":[{"taxonomy":"category","embeddable":true,"href":"http:\/\/ludzieikrajobrazy.muzeumleszno.pl\/index.php?rest_route=%2Fwp%2Fv2%2Fcategories&post=314"},{"taxonomy":"post_tag","embeddable":true,"href":"http:\/\/ludzieikrajobrazy.muzeumleszno.pl\/index.php?rest_route=%2Fwp%2Fv2%2Ftags&post=314"}],"curies":[{"name":"wp","href":"https:\/\/api.w.org\/{rel}","templated":true}]}}