{"id":320,"date":"2024-07-20T12:00:53","date_gmt":"2024-07-20T10:00:53","guid":{"rendered":"http:\/\/ludzieikrajobrazy.muzeumleszno.pl\/?p=320"},"modified":"2024-09-19T10:29:33","modified_gmt":"2024-09-19T08:29:33","slug":"gorka-duchowna-pocztowka-dwuwidokowa-przed-1905-rokiem-czempin-fotografia-i-naklad-leon-durczykiewicz","status":"publish","type":"post","link":"http:\/\/ludzieikrajobrazy.muzeumleszno.pl\/?p=320","title":{"rendered":"G\u00f3rka Duchowna. Poczt\u00f3wka dwuwidokowa, przed 1905 rokiem, Czempi\u0144, Fotografia i nak\u0142ad Leon Durczykiewicz"},"content":{"rendered":"\n<p>Wie\u015b G\u00f3rka po raz pierwszy pojawia si\u0119 w \u017ar\u00f3d\u0142ach pisanych w 1258 roku jako w\u0142asno\u015b\u0107 opactwa benedyktyn\u00f3w z Lubinia. Uwa\u017ca si\u0119, \u017ce nadanie wsi klasztorowi nast\u0105pi\u0142o znacznie wcze\u015bniej, jeszcze w XII wieku. Pierwszego plebana \u2013 Henryka \u2013 odnotowano w 1400 roku. Ko\u015bci\u00f3\u0142, w\u00f3wczas zapewne drewniany, mia\u0142 pocz\u0105tkowo tylko jednego patrona \u2013 \u015bw. Micha\u0142a. O murowanej \u015bwi\u0105tyni wspomina si\u0119&nbsp; w 1610 roku.&nbsp;<\/p>\n\n\n\n<p>Ko\u015bci\u00f3\u0142 pw. Matki Bo\u017cej Pocieszenia i Micha\u0142a Archanio\u0142a do 1843 roku pozostawa\u0142 pod zarz\u0105dem benedyktyn\u00f3w. Ich staraniom \u015bwi\u0105tynia zawdzi\u0119cza\u0142a rozw\u00f3j kultu maryjnego i nowe projekty budowlane. Kasata klasztoru, konfiskata jego maj\u0105tku i skierowanie zakonnik\u00f3w do pracy w parafiach zmieni\u0142y stan prawny parafii.&nbsp;<\/p>\n\n\n\n<p>Zdj\u0119cie ko\u015bcio\u0142a umieszczone na poczt\u00f3wce wykonano wkr\u00f3tce po zako\u0144czeniu kolejnej wa\u017cnej inwestycji. Nad ca\u0142o\u015bci\u0105 g\u00f3ruje neobarokowa wie\u017ca zbudowana w 1903 roku.&nbsp;<\/p>\n\n\n\n<p>Wizerunek z prawej strony przedstawia kaplic\u0119 Matki Boskiej. W niszy nad g\u0142\u00f3wnym wej\u015bciem umieszczono rze\u017ab\u0119 Naj\u015bwi\u0119tszej Marii Panny. Jej wyobra\u017cenia obecne s\u0105 na terenie Sanktuarium w wielu miejscach.&nbsp;<\/p>\n\n\n\n<figure data-wp-context=\"{&quot;imageId&quot;:&quot;69f1cb8506562&quot;}\" data-wp-interactive=\"core\/image\" data-wp-key=\"69f1cb8506562\" class=\"wp-block-image size-full wp-lightbox-container\"><img fetchpriority=\"high\" decoding=\"async\" width=\"2560\" height=\"1609\" data-wp-class--hide=\"state.isContentHidden\" data-wp-class--show=\"state.isContentVisible\" data-wp-init=\"callbacks.setButtonStyles\" data-wp-on--click=\"actions.showLightbox\" data-wp-on--load=\"callbacks.setButtonStyles\" data-wp-on-window--resize=\"callbacks.setButtonStyles\" src=\"http:\/\/ludzieikrajobrazy.muzeumleszno.pl\/wp-content\/uploads\/2024\/07\/35_MLH-5030-scaled.jpg\" alt=\"Pocztowka z widokami Gorki Duchownej\" class=\"wp-image-321\" srcset=\"http:\/\/ludzieikrajobrazy.muzeumleszno.pl\/wp-content\/uploads\/2024\/07\/35_MLH-5030-scaled.jpg 2560w, http:\/\/ludzieikrajobrazy.muzeumleszno.pl\/wp-content\/uploads\/2024\/07\/35_MLH-5030-1536x966.jpg 1536w, http:\/\/ludzieikrajobrazy.muzeumleszno.pl\/wp-content\/uploads\/2024\/07\/35_MLH-5030-2048x1288.jpg 2048w, http:\/\/ludzieikrajobrazy.muzeumleszno.pl\/wp-content\/uploads\/2024\/07\/35_MLH-5030-200x126.jpg 200w, http:\/\/ludzieikrajobrazy.muzeumleszno.pl\/wp-content\/uploads\/2024\/07\/35_MLH-5030-973x612.jpg 973w, http:\/\/ludzieikrajobrazy.muzeumleszno.pl\/wp-content\/uploads\/2024\/07\/35_MLH-5030-508x319.jpg 508w\" sizes=\"(max-width: 2560px) 100vw, 2560px\" \/><button\n\t\t\tclass=\"lightbox-trigger\"\n\t\t\ttype=\"button\"\n\t\t\taria-haspopup=\"dialog\"\n\t\t\taria-label=\"Powi\u0119ksz\"\n\t\t\tdata-wp-init=\"callbacks.initTriggerButton\"\n\t\t\tdata-wp-on--click=\"actions.showLightbox\"\n\t\t\tdata-wp-style--right=\"state.imageButtonRight\"\n\t\t\tdata-wp-style--top=\"state.imageButtonTop\"\n\t\t>\n\t\t\t<svg xmlns=\"http:\/\/www.w3.org\/2000\/svg\" width=\"12\" height=\"12\" fill=\"none\" viewBox=\"0 0 12 12\">\n\t\t\t\t<path fill=\"#fff\" d=\"M2 0a2 2 0 0 0-2 2v2h1.5V2a.5.5 0 0 1 .5-.5h2V0H2Zm2 10.5H2a.5.5 0 0 1-.5-.5V8H0v2a2 2 0 0 0 2 2h2v-1.5ZM8 12v-1.5h2a.5.5 0 0 0 .5-.5V8H12v2a2 2 0 0 1-2 2H8Zm2-12a2 2 0 0 1 2 2v2h-1.5V2a.5.5 0 0 0-.5-.5H8V0h2Z\" \/>\n\t\t\t<\/svg>\n\t\t<\/button><figcaption class=\"wp-element-caption\">Poczt\u00f3wka z widokami G\u00f3rki Duchownej przedstawiaj\u0105cymi ko\u015bci\u00f3\u0142 oraz kaplic\u0119; wys. 8,8 cm x szer. 14 cm; papier, tusz, druk; prze\u0142om XIX i XX wieku; Muzeum Okr\u0119gowe w Lesznie; MLH5030<\/figcaption><\/figure>\n\n\n\n<p class=\"has-small-font-size\">nr inw. MLH 5030<br>W zbiorach Muzeum Okr\u0119gowego w Lesznie od 2020 roku, zakup<\/p>\n\n\n\n<p>D.Cz.&nbsp;<\/p>\n\n\n\n<figure class=\"wp-block-embed is-type-video is-provider-youtube wp-block-embed-youtube wp-embed-aspect-16-9 wp-has-aspect-ratio\"><div class=\"wp-block-embed__wrapper\">\n<iframe title=\"Go\u0301rka Duchowna  Poczto\u0301wka dwuwidokowa, przed 1905 rokiem, Czempin\u0301, Fotografia i nak\u0142ad Leon Durcz\" width=\"620\" height=\"349\" src=\"https:\/\/www.youtube.com\/embed\/3YyDOeTHUeo?feature=oembed\" frameborder=\"0\" allow=\"accelerometer; autoplay; clipboard-write; encrypted-media; gyroscope; picture-in-picture; web-share\" referrerpolicy=\"strict-origin-when-cross-origin\" allowfullscreen><\/iframe>\n<\/div><\/figure>\n","protected":false},"excerpt":{"rendered":"<p>Wie\u015b G\u00f3rka po raz pierwszy pojawia si\u0119 w \u017ar\u00f3d\u0142ach pisanych w 1258 roku jako w\u0142asno\u015b\u0107 opactwa benedyktyn\u00f3w z Lubinia. Uwa\u017ca si\u0119, \u017ce nadanie wsi klasztorowi nast\u0105pi\u0142o znacznie wcze\u015bniej,&#8230;<\/p>\n","protected":false},"author":1,"featured_media":321,"comment_status":"closed","ping_status":"closed","sticky":false,"template":"","format":"standard","meta":{"cybocfi_hide_featured_image":"yes","footnotes":""},"categories":[40],"tags":[471,138,165,367,1271,520,736,649,417,41,2270,2279,2280,2275,654,1860,575,2272,407,828,2273,368,2276,2203,873,986,2282,159,2281,2268,811,2102,2269,365,2274,637,361,2278,2271,818,1924,1201,706,1580,2267,2277],"class_list":["post-320","post","type-post","status-publish","format-standard","has-post-thumbnail","hentry","category-gorka-duchowna","tag-471","tag-benedyktyni","tag-budownictwo-murowane","tag-czempin","tag-dach","tag-dokumentacja","tag-drzewa","tag-figura","tag-fotografia","tag-gorka-duchowna","tag-henryk","tag-inwestycja","tag-kaplica","tag-kasata","tag-klasztor","tag-konfiskata","tag-kosciol","tag-kosciol-pod-wezwaniem-matki-bozej-pocieszenia-i-michala-archaniola","tag-krajobraz","tag-krzyz","tag-kult-maryjny","tag-leon-durczykiewicz","tag-likwidacja","tag-majatek","tag-matka-boska","tag-mur","tag-najswietsza-maria-panna","tag-neobarok","tag-nisza","tag-opactwo-benedyktynow-z-lubinia","tag-parafia","tag-patron","tag-pleban","tag-pocztowka-wielotematyczna","tag-projekt-budowlany","tag-rzezba","tag-sanktuarium","tag-stan-prawny","tag-sw-michal","tag-swiatynia-2","tag-wejscie","tag-wies","tag-wieza","tag-wizerunek","tag-wlasnosc","tag-zakonnik"],"yoast_head":"<!-- This site is optimized with the Yoast SEO plugin v27.5 - https:\/\/yoast.com\/product\/yoast-seo-wordpress\/ -->\n<title>G\u00f3rka Duchowna. Poczt\u00f3wka dwuwidokowa, przed 1905 rokiem, Czempi\u0144, Fotografia i nak\u0142ad Leon Durczykiewicz - Ludzie i krajobrazy. Powiat Leszczy\u0144ski w ikonografii<\/title>\n<meta name=\"robots\" content=\"index, follow, max-snippet:-1, max-image-preview:large, max-video-preview:-1\" \/>\n<link rel=\"canonical\" href=\"http:\/\/ludzieikrajobrazy.muzeumleszno.pl\/?p=320\" \/>\n<meta property=\"og:locale\" content=\"pl_PL\" \/>\n<meta property=\"og:type\" content=\"article\" \/>\n<meta property=\"og:title\" content=\"G\u00f3rka Duchowna. Poczt\u00f3wka dwuwidokowa, przed 1905 rokiem, Czempi\u0144, Fotografia i nak\u0142ad Leon Durczykiewicz - Ludzie i krajobrazy. Powiat Leszczy\u0144ski w ikonografii\" \/>\n<meta property=\"og:description\" content=\"Wie\u015b G\u00f3rka po raz pierwszy pojawia si\u0119 w \u017ar\u00f3d\u0142ach pisanych w 1258 roku jako w\u0142asno\u015b\u0107 opactwa benedyktyn\u00f3w z Lubinia. Uwa\u017ca si\u0119, \u017ce nadanie wsi klasztorowi nast\u0105pi\u0142o znacznie wcze\u015bniej,...\" \/>\n<meta property=\"og:url\" content=\"http:\/\/ludzieikrajobrazy.muzeumleszno.pl\/?p=320\" \/>\n<meta property=\"og:site_name\" content=\"Ludzie i krajobrazy. Powiat Leszczy\u0144ski w ikonografii\" \/>\n<meta property=\"article:published_time\" content=\"2024-07-20T10:00:53+00:00\" \/>\n<meta property=\"article:modified_time\" content=\"2024-09-19T08:29:33+00:00\" \/>\n<meta property=\"og:image\" content=\"http:\/\/ludzieikrajobrazy.muzeumleszno.pl\/wp-content\/uploads\/2024\/07\/35_MLH-5030-scaled.jpg\" \/>\n\t<meta property=\"og:image:width\" content=\"2560\" \/>\n\t<meta property=\"og:image:height\" content=\"1609\" \/>\n\t<meta property=\"og:image:type\" content=\"image\/jpeg\" \/>\n<meta name=\"author\" content=\"Pan_Admin\" \/>\n<meta name=\"twitter:card\" content=\"summary_large_image\" \/>\n<meta name=\"twitter:label1\" content=\"Napisane przez\" \/>\n\t<meta name=\"twitter:data1\" content=\"Pan_Admin\" \/>\n\t<meta name=\"twitter:label2\" content=\"Szacowany czas czytania\" \/>\n\t<meta name=\"twitter:data2\" content=\"2 minuty\" \/>\n<script type=\"application\/ld+json\" class=\"yoast-schema-graph\">{\"@context\":\"https:\\\/\\\/schema.org\",\"@graph\":[{\"@type\":\"Article\",\"@id\":\"http:\\\/\\\/ludzieikrajobrazy.muzeumleszno.pl\\\/?p=320#article\",\"isPartOf\":{\"@id\":\"http:\\\/\\\/ludzieikrajobrazy.muzeumleszno.pl\\\/?p=320\"},\"author\":{\"name\":\"Pan_Admin\",\"@id\":\"https:\\\/\\\/ludzieikrajobrazy.muzeumleszno.pl\\\/#\\\/schema\\\/person\\\/fc2bc20e2b51efc3202ac1f0cdcd06c0\"},\"headline\":\"G\u00f3rka Duchowna. Poczt\u00f3wka dwuwidokowa, przed 1905 rokiem, Czempi\u0144, Fotografia i nak\u0142ad Leon Durczykiewicz\",\"datePublished\":\"2024-07-20T10:00:53+00:00\",\"dateModified\":\"2024-09-19T08:29:33+00:00\",\"mainEntityOfPage\":{\"@id\":\"http:\\\/\\\/ludzieikrajobrazy.muzeumleszno.pl\\\/?p=320\"},\"wordCount\":261,\"image\":{\"@id\":\"http:\\\/\\\/ludzieikrajobrazy.muzeumleszno.pl\\\/?p=320#primaryimage\"},\"thumbnailUrl\":\"http:\\\/\\\/ludzieikrajobrazy.muzeumleszno.pl\\\/wp-content\\\/uploads\\\/2024\\\/07\\\/35_MLH-5030-scaled.jpg\",\"keywords\":[\"1905\",\"benedyktyni\",\"budownictwo murowane\",\"Czempi\u0144\",\"dach\",\"dokumentacja\",\"drzewa\",\"figura\",\"fotografia\",\"G\u00f3rka Duchowna\",\"Henryk\",\"inwestycja\",\"kaplica\",\"kasata\",\"klasztor\",\"konfiskata\",\"ko\u015bci\u00f3\u0142\",\"ko\u015bci\u00f3\u0142 pod wezwaniem Matki Bo\u017cej Pocieszenia i Micha\u0142a Archanio\u0142a\",\"krajobraz\",\"krzy\u017c\",\"kult maryjny\",\"Leon Durczykiewicz\",\"likwidacja\",\"maj\u0105tek\",\"Matka Boska\",\"mur\",\"Naj\u015bwi\u0119tsza Maria Panna\",\"neobarok\",\"nisza\",\"opactwo benedyktyn\u00f3w z Lubinia\",\"parafia\",\"patron\",\"pleban\",\"poczt\u00f3wka wielotematyczna\",\"projekt budowlany\",\"rze\u017aba\",\"sanktuarium\",\"stan prawny\",\"\u015bw. Micha\u0142\",\"\u015bwi\u0105tynia\",\"wej\u015bcie\",\"wie\u015b\",\"wie\u017ca\",\"wizerunek\",\"w\u0142asno\u015b\u0107\",\"zakonnik\"],\"articleSection\":[\"G\u00f3rka Duchowna\"],\"inLanguage\":\"pl-PL\"},{\"@type\":\"WebPage\",\"@id\":\"http:\\\/\\\/ludzieikrajobrazy.muzeumleszno.pl\\\/?p=320\",\"url\":\"http:\\\/\\\/ludzieikrajobrazy.muzeumleszno.pl\\\/?p=320\",\"name\":\"G\u00f3rka Duchowna. Poczt\u00f3wka dwuwidokowa, przed 1905 rokiem, Czempi\u0144, Fotografia i nak\u0142ad Leon Durczykiewicz - Ludzie i krajobrazy. Powiat Leszczy\u0144ski w ikonografii\",\"isPartOf\":{\"@id\":\"https:\\\/\\\/ludzieikrajobrazy.muzeumleszno.pl\\\/#website\"},\"primaryImageOfPage\":{\"@id\":\"http:\\\/\\\/ludzieikrajobrazy.muzeumleszno.pl\\\/?p=320#primaryimage\"},\"image\":{\"@id\":\"http:\\\/\\\/ludzieikrajobrazy.muzeumleszno.pl\\\/?p=320#primaryimage\"},\"thumbnailUrl\":\"http:\\\/\\\/ludzieikrajobrazy.muzeumleszno.pl\\\/wp-content\\\/uploads\\\/2024\\\/07\\\/35_MLH-5030-scaled.jpg\",\"datePublished\":\"2024-07-20T10:00:53+00:00\",\"dateModified\":\"2024-09-19T08:29:33+00:00\",\"author\":{\"@id\":\"https:\\\/\\\/ludzieikrajobrazy.muzeumleszno.pl\\\/#\\\/schema\\\/person\\\/fc2bc20e2b51efc3202ac1f0cdcd06c0\"},\"breadcrumb\":{\"@id\":\"http:\\\/\\\/ludzieikrajobrazy.muzeumleszno.pl\\\/?p=320#breadcrumb\"},\"inLanguage\":\"pl-PL\",\"potentialAction\":[{\"@type\":\"ReadAction\",\"target\":[\"http:\\\/\\\/ludzieikrajobrazy.muzeumleszno.pl\\\/?p=320\"]}]},{\"@type\":\"BreadcrumbList\",\"@id\":\"http:\\\/\\\/ludzieikrajobrazy.muzeumleszno.pl\\\/?p=320#breadcrumb\",\"itemListElement\":[{\"@type\":\"ListItem\",\"position\":1,\"name\":\"Home\",\"item\":\"https:\\\/\\\/ludzieikrajobrazy.muzeumleszno.pl\\\/\"},{\"@type\":\"ListItem\",\"position\":2,\"name\":\"G\u00f3rka Duchowna. Poczt\u00f3wka dwuwidokowa, przed 1905 rokiem, Czempi\u0144, Fotografia i nak\u0142ad Leon Durczykiewicz\"}]},{\"@type\":\"WebSite\",\"@id\":\"https:\\\/\\\/ludzieikrajobrazy.muzeumleszno.pl\\\/#website\",\"url\":\"https:\\\/\\\/ludzieikrajobrazy.muzeumleszno.pl\\\/\",\"name\":\"Ludzie i krajobrazy. Powiat Leszczy\u0144ski w ikonografii\",\"description\":\"Powiat Leszczy\u0144ski w ikonografii\",\"potentialAction\":[{\"@type\":\"SearchAction\",\"target\":{\"@type\":\"EntryPoint\",\"urlTemplate\":\"https:\\\/\\\/ludzieikrajobrazy.muzeumleszno.pl\\\/?s={search_term_string}\"},\"query-input\":{\"@type\":\"PropertyValueSpecification\",\"valueRequired\":true,\"valueName\":\"search_term_string\"}}],\"inLanguage\":\"pl-PL\"},{\"@type\":\"Person\",\"@id\":\"https:\\\/\\\/ludzieikrajobrazy.muzeumleszno.pl\\\/#\\\/schema\\\/person\\\/fc2bc20e2b51efc3202ac1f0cdcd06c0\",\"name\":\"Pan_Admin\",\"image\":{\"@type\":\"ImageObject\",\"inLanguage\":\"pl-PL\",\"@id\":\"https:\\\/\\\/secure.gravatar.com\\\/avatar\\\/d109d485abe889ecc32dbdb971b715ad9d4596bd0e2353626451db3e04099822?s=96&d=mm&r=g\",\"url\":\"https:\\\/\\\/secure.gravatar.com\\\/avatar\\\/d109d485abe889ecc32dbdb971b715ad9d4596bd0e2353626451db3e04099822?s=96&d=mm&r=g\",\"contentUrl\":\"https:\\\/\\\/secure.gravatar.com\\\/avatar\\\/d109d485abe889ecc32dbdb971b715ad9d4596bd0e2353626451db3e04099822?s=96&d=mm&r=g\",\"caption\":\"Pan_Admin\"},\"sameAs\":[\"http:\\\/\\\/ludzieikrajobrazy.muzeumleszno.pl\"],\"url\":\"http:\\\/\\\/ludzieikrajobrazy.muzeumleszno.pl\\\/?author=1\"}]}<\/script>\n<!-- \/ Yoast SEO plugin. -->","yoast_head_json":{"title":"G\u00f3rka Duchowna. Poczt\u00f3wka dwuwidokowa, przed 1905 rokiem, Czempi\u0144, Fotografia i nak\u0142ad Leon Durczykiewicz - Ludzie i krajobrazy. Powiat Leszczy\u0144ski w ikonografii","robots":{"index":"index","follow":"follow","max-snippet":"max-snippet:-1","max-image-preview":"max-image-preview:large","max-video-preview":"max-video-preview:-1"},"canonical":"http:\/\/ludzieikrajobrazy.muzeumleszno.pl\/?p=320","og_locale":"pl_PL","og_type":"article","og_title":"G\u00f3rka Duchowna. Poczt\u00f3wka dwuwidokowa, przed 1905 rokiem, Czempi\u0144, Fotografia i nak\u0142ad Leon Durczykiewicz - Ludzie i krajobrazy. Powiat Leszczy\u0144ski w ikonografii","og_description":"Wie\u015b G\u00f3rka po raz pierwszy pojawia si\u0119 w \u017ar\u00f3d\u0142ach pisanych w 1258 roku jako w\u0142asno\u015b\u0107 opactwa benedyktyn\u00f3w z Lubinia. Uwa\u017ca si\u0119, \u017ce nadanie wsi klasztorowi nast\u0105pi\u0142o znacznie wcze\u015bniej,...","og_url":"http:\/\/ludzieikrajobrazy.muzeumleszno.pl\/?p=320","og_site_name":"Ludzie i krajobrazy. Powiat Leszczy\u0144ski w ikonografii","article_published_time":"2024-07-20T10:00:53+00:00","article_modified_time":"2024-09-19T08:29:33+00:00","og_image":[{"width":2560,"height":1609,"url":"http:\/\/ludzieikrajobrazy.muzeumleszno.pl\/wp-content\/uploads\/2024\/07\/35_MLH-5030-scaled.jpg","type":"image\/jpeg"}],"author":"Pan_Admin","twitter_card":"summary_large_image","twitter_misc":{"Napisane przez":"Pan_Admin","Szacowany czas czytania":"2 minuty"},"schema":{"@context":"https:\/\/schema.org","@graph":[{"@type":"Article","@id":"http:\/\/ludzieikrajobrazy.muzeumleszno.pl\/?p=320#article","isPartOf":{"@id":"http:\/\/ludzieikrajobrazy.muzeumleszno.pl\/?p=320"},"author":{"name":"Pan_Admin","@id":"https:\/\/ludzieikrajobrazy.muzeumleszno.pl\/#\/schema\/person\/fc2bc20e2b51efc3202ac1f0cdcd06c0"},"headline":"G\u00f3rka Duchowna. Poczt\u00f3wka dwuwidokowa, przed 1905 rokiem, Czempi\u0144, Fotografia i nak\u0142ad Leon Durczykiewicz","datePublished":"2024-07-20T10:00:53+00:00","dateModified":"2024-09-19T08:29:33+00:00","mainEntityOfPage":{"@id":"http:\/\/ludzieikrajobrazy.muzeumleszno.pl\/?p=320"},"wordCount":261,"image":{"@id":"http:\/\/ludzieikrajobrazy.muzeumleszno.pl\/?p=320#primaryimage"},"thumbnailUrl":"http:\/\/ludzieikrajobrazy.muzeumleszno.pl\/wp-content\/uploads\/2024\/07\/35_MLH-5030-scaled.jpg","keywords":["1905","benedyktyni","budownictwo murowane","Czempi\u0144","dach","dokumentacja","drzewa","figura","fotografia","G\u00f3rka Duchowna","Henryk","inwestycja","kaplica","kasata","klasztor","konfiskata","ko\u015bci\u00f3\u0142","ko\u015bci\u00f3\u0142 pod wezwaniem Matki Bo\u017cej Pocieszenia i Micha\u0142a Archanio\u0142a","krajobraz","krzy\u017c","kult maryjny","Leon Durczykiewicz","likwidacja","maj\u0105tek","Matka Boska","mur","Naj\u015bwi\u0119tsza Maria Panna","neobarok","nisza","opactwo benedyktyn\u00f3w z Lubinia","parafia","patron","pleban","poczt\u00f3wka wielotematyczna","projekt budowlany","rze\u017aba","sanktuarium","stan prawny","\u015bw. Micha\u0142","\u015bwi\u0105tynia","wej\u015bcie","wie\u015b","wie\u017ca","wizerunek","w\u0142asno\u015b\u0107","zakonnik"],"articleSection":["G\u00f3rka Duchowna"],"inLanguage":"pl-PL"},{"@type":"WebPage","@id":"http:\/\/ludzieikrajobrazy.muzeumleszno.pl\/?p=320","url":"http:\/\/ludzieikrajobrazy.muzeumleszno.pl\/?p=320","name":"G\u00f3rka Duchowna. Poczt\u00f3wka dwuwidokowa, przed 1905 rokiem, Czempi\u0144, Fotografia i nak\u0142ad Leon Durczykiewicz - Ludzie i krajobrazy. Powiat Leszczy\u0144ski w ikonografii","isPartOf":{"@id":"https:\/\/ludzieikrajobrazy.muzeumleszno.pl\/#website"},"primaryImageOfPage":{"@id":"http:\/\/ludzieikrajobrazy.muzeumleszno.pl\/?p=320#primaryimage"},"image":{"@id":"http:\/\/ludzieikrajobrazy.muzeumleszno.pl\/?p=320#primaryimage"},"thumbnailUrl":"http:\/\/ludzieikrajobrazy.muzeumleszno.pl\/wp-content\/uploads\/2024\/07\/35_MLH-5030-scaled.jpg","datePublished":"2024-07-20T10:00:53+00:00","dateModified":"2024-09-19T08:29:33+00:00","author":{"@id":"https:\/\/ludzieikrajobrazy.muzeumleszno.pl\/#\/schema\/person\/fc2bc20e2b51efc3202ac1f0cdcd06c0"},"breadcrumb":{"@id":"http:\/\/ludzieikrajobrazy.muzeumleszno.pl\/?p=320#breadcrumb"},"inLanguage":"pl-PL","potentialAction":[{"@type":"ReadAction","target":["http:\/\/ludzieikrajobrazy.muzeumleszno.pl\/?p=320"]}]},{"@type":"BreadcrumbList","@id":"http:\/\/ludzieikrajobrazy.muzeumleszno.pl\/?p=320#breadcrumb","itemListElement":[{"@type":"ListItem","position":1,"name":"Home","item":"https:\/\/ludzieikrajobrazy.muzeumleszno.pl\/"},{"@type":"ListItem","position":2,"name":"G\u00f3rka Duchowna. Poczt\u00f3wka dwuwidokowa, przed 1905 rokiem, Czempi\u0144, Fotografia i nak\u0142ad Leon Durczykiewicz"}]},{"@type":"WebSite","@id":"https:\/\/ludzieikrajobrazy.muzeumleszno.pl\/#website","url":"https:\/\/ludzieikrajobrazy.muzeumleszno.pl\/","name":"Ludzie i krajobrazy. Powiat Leszczy\u0144ski w ikonografii","description":"Powiat Leszczy\u0144ski w ikonografii","potentialAction":[{"@type":"SearchAction","target":{"@type":"EntryPoint","urlTemplate":"https:\/\/ludzieikrajobrazy.muzeumleszno.pl\/?s={search_term_string}"},"query-input":{"@type":"PropertyValueSpecification","valueRequired":true,"valueName":"search_term_string"}}],"inLanguage":"pl-PL"},{"@type":"Person","@id":"https:\/\/ludzieikrajobrazy.muzeumleszno.pl\/#\/schema\/person\/fc2bc20e2b51efc3202ac1f0cdcd06c0","name":"Pan_Admin","image":{"@type":"ImageObject","inLanguage":"pl-PL","@id":"https:\/\/secure.gravatar.com\/avatar\/d109d485abe889ecc32dbdb971b715ad9d4596bd0e2353626451db3e04099822?s=96&d=mm&r=g","url":"https:\/\/secure.gravatar.com\/avatar\/d109d485abe889ecc32dbdb971b715ad9d4596bd0e2353626451db3e04099822?s=96&d=mm&r=g","contentUrl":"https:\/\/secure.gravatar.com\/avatar\/d109d485abe889ecc32dbdb971b715ad9d4596bd0e2353626451db3e04099822?s=96&d=mm&r=g","caption":"Pan_Admin"},"sameAs":["http:\/\/ludzieikrajobrazy.muzeumleszno.pl"],"url":"http:\/\/ludzieikrajobrazy.muzeumleszno.pl\/?author=1"}]}},"_links":{"self":[{"href":"http:\/\/ludzieikrajobrazy.muzeumleszno.pl\/index.php?rest_route=\/wp\/v2\/posts\/320","targetHints":{"allow":["GET"]}}],"collection":[{"href":"http:\/\/ludzieikrajobrazy.muzeumleszno.pl\/index.php?rest_route=\/wp\/v2\/posts"}],"about":[{"href":"http:\/\/ludzieikrajobrazy.muzeumleszno.pl\/index.php?rest_route=\/wp\/v2\/types\/post"}],"author":[{"embeddable":true,"href":"http:\/\/ludzieikrajobrazy.muzeumleszno.pl\/index.php?rest_route=\/wp\/v2\/users\/1"}],"replies":[{"embeddable":true,"href":"http:\/\/ludzieikrajobrazy.muzeumleszno.pl\/index.php?rest_route=%2Fwp%2Fv2%2Fcomments&post=320"}],"version-history":[{"count":3,"href":"http:\/\/ludzieikrajobrazy.muzeumleszno.pl\/index.php?rest_route=\/wp\/v2\/posts\/320\/revisions"}],"predecessor-version":[{"id":1184,"href":"http:\/\/ludzieikrajobrazy.muzeumleszno.pl\/index.php?rest_route=\/wp\/v2\/posts\/320\/revisions\/1184"}],"wp:featuredmedia":[{"embeddable":true,"href":"http:\/\/ludzieikrajobrazy.muzeumleszno.pl\/index.php?rest_route=\/wp\/v2\/media\/321"}],"wp:attachment":[{"href":"http:\/\/ludzieikrajobrazy.muzeumleszno.pl\/index.php?rest_route=%2Fwp%2Fv2%2Fmedia&parent=320"}],"wp:term":[{"taxonomy":"category","embeddable":true,"href":"http:\/\/ludzieikrajobrazy.muzeumleszno.pl\/index.php?rest_route=%2Fwp%2Fv2%2Fcategories&post=320"},{"taxonomy":"post_tag","embeddable":true,"href":"http:\/\/ludzieikrajobrazy.muzeumleszno.pl\/index.php?rest_route=%2Fwp%2Fv2%2Ftags&post=320"}],"curies":[{"name":"wp","href":"https:\/\/api.w.org\/{rel}","templated":true}]}}