{"id":325,"date":"2024-07-20T11:59:50","date_gmt":"2024-07-20T09:59:50","guid":{"rendered":"http:\/\/ludzieikrajobrazy.muzeumleszno.pl\/?p=325"},"modified":"2024-09-19T10:50:08","modified_gmt":"2024-09-19T08:50:08","slug":"gorka-duchowna-pocztowka-wielotematyczna-po-1919-roku-gostyn-naklad-wincenty-eitner","status":"publish","type":"post","link":"http:\/\/ludzieikrajobrazy.muzeumleszno.pl\/?p=325","title":{"rendered":"G\u00f3rka Duchowna. Poczt\u00f3wka wielotematyczna, po 1919 roku, Gosty\u0144, Nak\u0142ad Wincenty Eitner"},"content":{"rendered":"\n<p>Ruch pielgrzymkowy w G\u00f3rce Duchownej trwa od wiosny do p\u00f3\u017anej jesieni. Poza wiernymi przybywaj\u0105cymi indywidualnie w sanktuarium gromadzi si\u0119 m\u0142odzie\u017c ko\u0144cz\u0105ca szko\u0142y, dzieci po I Komunii \u015bw., cz\u0142onkowie r\u00f3\u017cnych parafii i grup zawodowych, osoby szukaj\u0105ce pociechy i pojednania z Bogiem oraz mi\u0142o\u015bnicy G\u00f3reckiej Pani. Jej cudowny obraz ods\u0142ania si\u0119 przy r\u00f3\u017cnych okazjach, m.in. podczas niedzielnych nabo\u017ce\u0144stw.&nbsp;<\/p>\n\n\n\n<p>Ko\u015bci\u00f3\u0142 w G\u00f3rce Duchownej mo\u017cna dostrzec z odleg\u0142o\u015bci wielu kilometr\u00f3w dzi\u0119ki wysokiej, wielokondygnacyjnej wie\u017cy. Podczas budowy zamontowano na niej zegar z tarczami umieszczonymi z trzech stron. Zgodnie z wielowiekow\u0105 tradycj\u0105 wie\u017ca pe\u0142ni rol\u0119 dzwonnicy.&nbsp;<\/p>\n\n\n\n<p>Na terenie sanktuarium znajduje si\u0119 kilka obiekt\u00f3w wolnostoj\u0105cych, w\u015br\u00f3d nich kaplica pw. \u015bw. J\u00f3zefa. Obiekt s\u0142u\u017cy wiernym do medytacji i skupienia.&nbsp;<\/p>\n\n\n\n<p>Ustawiona na wysokiej kolumnie figura Matki Boskiej z Dzieci\u0105tkiem Jezus sta\u0142a przed wej\u015bciem na teren parafii. Jej pierwotny wygl\u0105d uleg\u0142 zmianie po zako\u0144czeniu II wojny \u015bwiatowej. Kapliczk\u0119 odbudowano w tym samym miejscu \u2013 na placu przed ko\u015bcio\u0142em \u2013 w 1945 roku.&nbsp;<\/p>\n\n\n\n<figure data-wp-context=\"{&quot;imageId&quot;:&quot;69f1ccd108b24&quot;}\" data-wp-interactive=\"core\/image\" data-wp-key=\"69f1ccd108b24\" class=\"wp-block-image size-full wp-lightbox-container\"><img fetchpriority=\"high\" decoding=\"async\" width=\"2560\" height=\"1643\" data-wp-class--hide=\"state.isContentHidden\" data-wp-class--show=\"state.isContentVisible\" data-wp-init=\"callbacks.setButtonStyles\" data-wp-on--click=\"actions.showLightbox\" data-wp-on--load=\"callbacks.setButtonStyles\" data-wp-on-window--resize=\"callbacks.setButtonStyles\" src=\"http:\/\/ludzieikrajobrazy.muzeumleszno.pl\/wp-content\/uploads\/2024\/07\/36_MLH-1365-scaled.jpg\" alt=\"G\u00f3rka Duchowna. Poczt\u00f3wka wielotematyczna, po 1919 roku, Gosty\u0144,\" class=\"wp-image-326\" srcset=\"http:\/\/ludzieikrajobrazy.muzeumleszno.pl\/wp-content\/uploads\/2024\/07\/36_MLH-1365-scaled.jpg 2560w, http:\/\/ludzieikrajobrazy.muzeumleszno.pl\/wp-content\/uploads\/2024\/07\/36_MLH-1365-1536x986.jpg 1536w, http:\/\/ludzieikrajobrazy.muzeumleszno.pl\/wp-content\/uploads\/2024\/07\/36_MLH-1365-2048x1314.jpg 2048w, http:\/\/ludzieikrajobrazy.muzeumleszno.pl\/wp-content\/uploads\/2024\/07\/36_MLH-1365-200x128.jpg 200w, http:\/\/ludzieikrajobrazy.muzeumleszno.pl\/wp-content\/uploads\/2024\/07\/36_MLH-1365-973x624.jpg 973w, http:\/\/ludzieikrajobrazy.muzeumleszno.pl\/wp-content\/uploads\/2024\/07\/36_MLH-1365-508x326.jpg 508w\" sizes=\"(max-width: 2560px) 100vw, 2560px\" \/><button\n\t\t\tclass=\"lightbox-trigger\"\n\t\t\ttype=\"button\"\n\t\t\taria-haspopup=\"dialog\"\n\t\t\taria-label=\"Powi\u0119ksz\"\n\t\t\tdata-wp-init=\"callbacks.initTriggerButton\"\n\t\t\tdata-wp-on--click=\"actions.showLightbox\"\n\t\t\tdata-wp-style--right=\"state.imageButtonRight\"\n\t\t\tdata-wp-style--top=\"state.imageButtonTop\"\n\t\t>\n\t\t\t<svg xmlns=\"http:\/\/www.w3.org\/2000\/svg\" width=\"12\" height=\"12\" fill=\"none\" viewBox=\"0 0 12 12\">\n\t\t\t\t<path fill=\"#fff\" d=\"M2 0a2 2 0 0 0-2 2v2h1.5V2a.5.5 0 0 1 .5-.5h2V0H2Zm2 10.5H2a.5.5 0 0 1-.5-.5V8H0v2a2 2 0 0 0 2 2h2v-1.5ZM8 12v-1.5h2a.5.5 0 0 0 .5-.5V8H12v2a2 2 0 0 1-2 2H8Zm2-12a2 2 0 0 1 2 2v2h-1.5V2a.5.5 0 0 0-.5-.5H8V0h2Z\" \/>\n\t\t\t<\/svg>\n\t\t<\/button><figcaption class=\"wp-element-caption\">G\u00f3rka Duchowna. Poczt\u00f3wka wielotematyczna, po 1919 roku, Gosty\u0144,<\/figcaption><\/figure>\n\n\n\n<p class=\"has-small-font-size\">nr inw. MLH 1365<br>W zbiorach Muzeum Okr\u0119gowego w Lesznie od 1965 roku, zakup<\/p>\n\n\n\n<p>D.Cz.<\/p>\n\n\n\n<figure class=\"wp-block-embed is-type-video is-provider-youtube wp-block-embed-youtube wp-embed-aspect-4-3 wp-has-aspect-ratio\"><div class=\"wp-block-embed__wrapper\">\n<iframe title=\"Go\u0301rka Duchowna  Poczto\u0301wka wielotematyczna, po 1919 roku\" width=\"620\" height=\"465\" src=\"https:\/\/www.youtube.com\/embed\/dX_bgrEMgN8?feature=oembed\" frameborder=\"0\" allow=\"accelerometer; autoplay; clipboard-write; encrypted-media; gyroscope; picture-in-picture; web-share\" referrerpolicy=\"strict-origin-when-cross-origin\" allowfullscreen><\/iframe>\n<\/div><\/figure>\n","protected":false},"excerpt":{"rendered":"<p>Ruch pielgrzymkowy w G\u00f3rce Duchownej trwa od wiosny do p\u00f3\u017anej jesieni. Poza wiernymi przybywaj\u0105cymi indywidualnie w sanktuarium gromadzi si\u0119 m\u0142odzie\u017c ko\u0144cz\u0105ca szko\u0142y, dzieci po I Komunii \u015bw., cz\u0142onkowie&#8230;<\/p>\n","protected":false},"author":1,"featured_media":326,"comment_status":"closed","ping_status":"closed","sticky":false,"template":"","format":"standard","meta":{"cybocfi_hide_featured_image":"yes","footnotes":""},"categories":[40],"tags":[2283,766,2294,165,1187,2300,520,736,851,852,1990,649,41,2284,2289,363,2286,2280,2296,995,575,407,2298,2297,1079,796,2288,986,2132,648,811,1402,1741,665,984,2291,2290,365,2292,1682,2287,637,361,859,1840,774,2299,1169,2188,1716,1924,2293,2146,706,2285,1122,917],"class_list":["post-325","post","type-post","status-publish","format-standard","has-post-thumbnail","hentry","category-gorka-duchowna","tag-2283","tag-bog","tag-budowa","tag-budownictwo-murowane","tag-cegla","tag-ceglany","tag-dokumentacja","tag-drzewa","tag-dzieci","tag-dziecko","tag-dzwonnica","tag-figura","tag-gorka-duchowna","tag-gostyn","tag-i-komunia-swieta","tag-ii-wojna-swiatowa","tag-jesien","tag-kaplica","tag-kaplica-pod-wezwaniem-sw-jozefa","tag-kolumna","tag-kosciol","tag-krajobraz","tag-matka-boska-z-dzieciatkiem-jezus","tag-medytacja","tag-mezczyzna","tag-mezczyzni","tag-mlodziez-2","tag-mur","tag-nabozenstwo","tag-obraz","tag-parafia","tag-parafianie","tag-pielgrzymka","tag-plac","tag-plot","tag-pociecha","tag-pocieszenie","tag-pocztowka-wielotematyczna","tag-pojednianie","tag-postac","tag-ruch-pielgrzymkowy","tag-rzezba","tag-sanktuarium","tag-schody","tag-skupienie","tag-tarcza","tag-teren-parafii","tag-tradycja","tag-uczen","tag-uczennica","tag-wejscie","tag-wielokondygnacyjna-wieza","tag-wierny","tag-wieza","tag-wincenty-eitner","tag-wiosna","tag-zegar"],"yoast_head":"<!-- This site is optimized with the Yoast SEO plugin v27.5 - https:\/\/yoast.com\/product\/yoast-seo-wordpress\/ -->\n<title>G\u00f3rka Duchowna. Poczt\u00f3wka wielotematyczna, po 1919 roku, Gosty\u0144, Nak\u0142ad Wincenty Eitner - Ludzie i krajobrazy. Powiat Leszczy\u0144ski w ikonografii<\/title>\n<meta name=\"robots\" content=\"index, follow, max-snippet:-1, max-image-preview:large, max-video-preview:-1\" \/>\n<link rel=\"canonical\" href=\"http:\/\/ludzieikrajobrazy.muzeumleszno.pl\/?p=325\" \/>\n<meta property=\"og:locale\" content=\"pl_PL\" \/>\n<meta property=\"og:type\" content=\"article\" \/>\n<meta property=\"og:title\" content=\"G\u00f3rka Duchowna. Poczt\u00f3wka wielotematyczna, po 1919 roku, Gosty\u0144, Nak\u0142ad Wincenty Eitner - Ludzie i krajobrazy. Powiat Leszczy\u0144ski w ikonografii\" \/>\n<meta property=\"og:description\" content=\"Ruch pielgrzymkowy w G\u00f3rce Duchownej trwa od wiosny do p\u00f3\u017anej jesieni. Poza wiernymi przybywaj\u0105cymi indywidualnie w sanktuarium gromadzi si\u0119 m\u0142odzie\u017c ko\u0144cz\u0105ca szko\u0142y, dzieci po I Komunii \u015bw., cz\u0142onkowie...\" \/>\n<meta property=\"og:url\" content=\"http:\/\/ludzieikrajobrazy.muzeumleszno.pl\/?p=325\" \/>\n<meta property=\"og:site_name\" content=\"Ludzie i krajobrazy. Powiat Leszczy\u0144ski w ikonografii\" \/>\n<meta property=\"article:published_time\" content=\"2024-07-20T09:59:50+00:00\" \/>\n<meta property=\"article:modified_time\" content=\"2024-09-19T08:50:08+00:00\" \/>\n<meta property=\"og:image\" content=\"http:\/\/ludzieikrajobrazy.muzeumleszno.pl\/wp-content\/uploads\/2024\/07\/36_MLH-1365-scaled.jpg\" \/>\n\t<meta property=\"og:image:width\" content=\"2560\" \/>\n\t<meta property=\"og:image:height\" content=\"1643\" \/>\n\t<meta property=\"og:image:type\" content=\"image\/jpeg\" \/>\n<meta name=\"author\" content=\"Pan_Admin\" \/>\n<meta name=\"twitter:card\" content=\"summary_large_image\" \/>\n<meta name=\"twitter:label1\" content=\"Napisane przez\" \/>\n\t<meta name=\"twitter:data1\" content=\"Pan_Admin\" \/>\n\t<meta name=\"twitter:label2\" content=\"Szacowany czas czytania\" \/>\n\t<meta name=\"twitter:data2\" content=\"2 minuty\" \/>\n<script type=\"application\/ld+json\" class=\"yoast-schema-graph\">{\"@context\":\"https:\\\/\\\/schema.org\",\"@graph\":[{\"@type\":\"Article\",\"@id\":\"http:\\\/\\\/ludzieikrajobrazy.muzeumleszno.pl\\\/?p=325#article\",\"isPartOf\":{\"@id\":\"http:\\\/\\\/ludzieikrajobrazy.muzeumleszno.pl\\\/?p=325\"},\"author\":{\"name\":\"Pan_Admin\",\"@id\":\"https:\\\/\\\/ludzieikrajobrazy.muzeumleszno.pl\\\/#\\\/schema\\\/person\\\/fc2bc20e2b51efc3202ac1f0cdcd06c0\"},\"headline\":\"G\u00f3rka Duchowna. Poczt\u00f3wka wielotematyczna, po 1919 roku, Gosty\u0144, Nak\u0142ad Wincenty Eitner\",\"datePublished\":\"2024-07-20T09:59:50+00:00\",\"dateModified\":\"2024-09-19T08:50:08+00:00\",\"mainEntityOfPage\":{\"@id\":\"http:\\\/\\\/ludzieikrajobrazy.muzeumleszno.pl\\\/?p=325\"},\"wordCount\":237,\"image\":{\"@id\":\"http:\\\/\\\/ludzieikrajobrazy.muzeumleszno.pl\\\/?p=325#primaryimage\"},\"thumbnailUrl\":\"http:\\\/\\\/ludzieikrajobrazy.muzeumleszno.pl\\\/wp-content\\\/uploads\\\/2024\\\/07\\\/36_MLH-1365-scaled.jpg\",\"keywords\":[\"1919\",\"B\u00f3g\",\"budowa\",\"budownictwo murowane\",\"ceg\u0142a\",\"ceglany\",\"dokumentacja\",\"drzewa\",\"dzieci\",\"dziecko\",\"dzwonnica\",\"figura\",\"G\u00f3rka Duchowna\",\"Gosty\u0144\",\"I Komunia \u015awi\u0119ta\",\"II Wojna \u015awiatowa\",\"jesie\u0144\",\"kaplica\",\"kaplica pod wezwaniem \u015aw. J\u00f3zefa\",\"kolumna\",\"ko\u015bci\u00f3\u0142\",\"krajobraz\",\"Matka Boska z Dzieci\u0105tkiem jezus\",\"medytacja\",\"m\u0119\u017cczyzna\",\"m\u0119\u017cczy\u017ani\",\"m\u0142odziez\",\"mur\",\"nabo\u017ce\u0144stwo\",\"obraz\",\"parafia\",\"parafianie\",\"pielgrzymka\",\"plac\",\"p\u0142ot\",\"pociecha\",\"pocieszenie\",\"poczt\u00f3wka wielotematyczna\",\"pojednianie\",\"posta\u0107\",\"ruch pielgrzymkowy\",\"rze\u017aba\",\"sanktuarium\",\"schody\",\"skupienie\",\"tarcza\",\"teren parafii\",\"tradycja\",\"ucze\u0144\",\"uczennica\",\"wej\u015bcie\",\"wielokondygnacyjna wie\u017ca\",\"wierny\",\"wie\u017ca\",\"Wincenty Eitner\",\"wiosna\",\"zegar\"],\"articleSection\":[\"G\u00f3rka Duchowna\"],\"inLanguage\":\"pl-PL\"},{\"@type\":\"WebPage\",\"@id\":\"http:\\\/\\\/ludzieikrajobrazy.muzeumleszno.pl\\\/?p=325\",\"url\":\"http:\\\/\\\/ludzieikrajobrazy.muzeumleszno.pl\\\/?p=325\",\"name\":\"G\u00f3rka Duchowna. Poczt\u00f3wka wielotematyczna, po 1919 roku, Gosty\u0144, Nak\u0142ad Wincenty Eitner - Ludzie i krajobrazy. Powiat Leszczy\u0144ski w ikonografii\",\"isPartOf\":{\"@id\":\"https:\\\/\\\/ludzieikrajobrazy.muzeumleszno.pl\\\/#website\"},\"primaryImageOfPage\":{\"@id\":\"http:\\\/\\\/ludzieikrajobrazy.muzeumleszno.pl\\\/?p=325#primaryimage\"},\"image\":{\"@id\":\"http:\\\/\\\/ludzieikrajobrazy.muzeumleszno.pl\\\/?p=325#primaryimage\"},\"thumbnailUrl\":\"http:\\\/\\\/ludzieikrajobrazy.muzeumleszno.pl\\\/wp-content\\\/uploads\\\/2024\\\/07\\\/36_MLH-1365-scaled.jpg\",\"datePublished\":\"2024-07-20T09:59:50+00:00\",\"dateModified\":\"2024-09-19T08:50:08+00:00\",\"author\":{\"@id\":\"https:\\\/\\\/ludzieikrajobrazy.muzeumleszno.pl\\\/#\\\/schema\\\/person\\\/fc2bc20e2b51efc3202ac1f0cdcd06c0\"},\"breadcrumb\":{\"@id\":\"http:\\\/\\\/ludzieikrajobrazy.muzeumleszno.pl\\\/?p=325#breadcrumb\"},\"inLanguage\":\"pl-PL\",\"potentialAction\":[{\"@type\":\"ReadAction\",\"target\":[\"http:\\\/\\\/ludzieikrajobrazy.muzeumleszno.pl\\\/?p=325\"]}]},{\"@type\":\"BreadcrumbList\",\"@id\":\"http:\\\/\\\/ludzieikrajobrazy.muzeumleszno.pl\\\/?p=325#breadcrumb\",\"itemListElement\":[{\"@type\":\"ListItem\",\"position\":1,\"name\":\"Home\",\"item\":\"https:\\\/\\\/ludzieikrajobrazy.muzeumleszno.pl\\\/\"},{\"@type\":\"ListItem\",\"position\":2,\"name\":\"G\u00f3rka Duchowna. Poczt\u00f3wka wielotematyczna, po 1919 roku, Gosty\u0144, Nak\u0142ad Wincenty Eitner\"}]},{\"@type\":\"WebSite\",\"@id\":\"https:\\\/\\\/ludzieikrajobrazy.muzeumleszno.pl\\\/#website\",\"url\":\"https:\\\/\\\/ludzieikrajobrazy.muzeumleszno.pl\\\/\",\"name\":\"Ludzie i krajobrazy. Powiat Leszczy\u0144ski w ikonografii\",\"description\":\"Powiat Leszczy\u0144ski w ikonografii\",\"potentialAction\":[{\"@type\":\"SearchAction\",\"target\":{\"@type\":\"EntryPoint\",\"urlTemplate\":\"https:\\\/\\\/ludzieikrajobrazy.muzeumleszno.pl\\\/?s={search_term_string}\"},\"query-input\":{\"@type\":\"PropertyValueSpecification\",\"valueRequired\":true,\"valueName\":\"search_term_string\"}}],\"inLanguage\":\"pl-PL\"},{\"@type\":\"Person\",\"@id\":\"https:\\\/\\\/ludzieikrajobrazy.muzeumleszno.pl\\\/#\\\/schema\\\/person\\\/fc2bc20e2b51efc3202ac1f0cdcd06c0\",\"name\":\"Pan_Admin\",\"image\":{\"@type\":\"ImageObject\",\"inLanguage\":\"pl-PL\",\"@id\":\"https:\\\/\\\/secure.gravatar.com\\\/avatar\\\/d109d485abe889ecc32dbdb971b715ad9d4596bd0e2353626451db3e04099822?s=96&d=mm&r=g\",\"url\":\"https:\\\/\\\/secure.gravatar.com\\\/avatar\\\/d109d485abe889ecc32dbdb971b715ad9d4596bd0e2353626451db3e04099822?s=96&d=mm&r=g\",\"contentUrl\":\"https:\\\/\\\/secure.gravatar.com\\\/avatar\\\/d109d485abe889ecc32dbdb971b715ad9d4596bd0e2353626451db3e04099822?s=96&d=mm&r=g\",\"caption\":\"Pan_Admin\"},\"sameAs\":[\"http:\\\/\\\/ludzieikrajobrazy.muzeumleszno.pl\"],\"url\":\"http:\\\/\\\/ludzieikrajobrazy.muzeumleszno.pl\\\/?author=1\"}]}<\/script>\n<!-- \/ Yoast SEO plugin. -->","yoast_head_json":{"title":"G\u00f3rka Duchowna. Poczt\u00f3wka wielotematyczna, po 1919 roku, Gosty\u0144, Nak\u0142ad Wincenty Eitner - Ludzie i krajobrazy. Powiat Leszczy\u0144ski w ikonografii","robots":{"index":"index","follow":"follow","max-snippet":"max-snippet:-1","max-image-preview":"max-image-preview:large","max-video-preview":"max-video-preview:-1"},"canonical":"http:\/\/ludzieikrajobrazy.muzeumleszno.pl\/?p=325","og_locale":"pl_PL","og_type":"article","og_title":"G\u00f3rka Duchowna. Poczt\u00f3wka wielotematyczna, po 1919 roku, Gosty\u0144, Nak\u0142ad Wincenty Eitner - Ludzie i krajobrazy. Powiat Leszczy\u0144ski w ikonografii","og_description":"Ruch pielgrzymkowy w G\u00f3rce Duchownej trwa od wiosny do p\u00f3\u017anej jesieni. Poza wiernymi przybywaj\u0105cymi indywidualnie w sanktuarium gromadzi si\u0119 m\u0142odzie\u017c ko\u0144cz\u0105ca szko\u0142y, dzieci po I Komunii \u015bw., cz\u0142onkowie...","og_url":"http:\/\/ludzieikrajobrazy.muzeumleszno.pl\/?p=325","og_site_name":"Ludzie i krajobrazy. Powiat Leszczy\u0144ski w ikonografii","article_published_time":"2024-07-20T09:59:50+00:00","article_modified_time":"2024-09-19T08:50:08+00:00","og_image":[{"width":2560,"height":1643,"url":"http:\/\/ludzieikrajobrazy.muzeumleszno.pl\/wp-content\/uploads\/2024\/07\/36_MLH-1365-scaled.jpg","type":"image\/jpeg"}],"author":"Pan_Admin","twitter_card":"summary_large_image","twitter_misc":{"Napisane przez":"Pan_Admin","Szacowany czas czytania":"2 minuty"},"schema":{"@context":"https:\/\/schema.org","@graph":[{"@type":"Article","@id":"http:\/\/ludzieikrajobrazy.muzeumleszno.pl\/?p=325#article","isPartOf":{"@id":"http:\/\/ludzieikrajobrazy.muzeumleszno.pl\/?p=325"},"author":{"name":"Pan_Admin","@id":"https:\/\/ludzieikrajobrazy.muzeumleszno.pl\/#\/schema\/person\/fc2bc20e2b51efc3202ac1f0cdcd06c0"},"headline":"G\u00f3rka Duchowna. Poczt\u00f3wka wielotematyczna, po 1919 roku, Gosty\u0144, Nak\u0142ad Wincenty Eitner","datePublished":"2024-07-20T09:59:50+00:00","dateModified":"2024-09-19T08:50:08+00:00","mainEntityOfPage":{"@id":"http:\/\/ludzieikrajobrazy.muzeumleszno.pl\/?p=325"},"wordCount":237,"image":{"@id":"http:\/\/ludzieikrajobrazy.muzeumleszno.pl\/?p=325#primaryimage"},"thumbnailUrl":"http:\/\/ludzieikrajobrazy.muzeumleszno.pl\/wp-content\/uploads\/2024\/07\/36_MLH-1365-scaled.jpg","keywords":["1919","B\u00f3g","budowa","budownictwo murowane","ceg\u0142a","ceglany","dokumentacja","drzewa","dzieci","dziecko","dzwonnica","figura","G\u00f3rka Duchowna","Gosty\u0144","I Komunia \u015awi\u0119ta","II Wojna \u015awiatowa","jesie\u0144","kaplica","kaplica pod wezwaniem \u015aw. J\u00f3zefa","kolumna","ko\u015bci\u00f3\u0142","krajobraz","Matka Boska z Dzieci\u0105tkiem jezus","medytacja","m\u0119\u017cczyzna","m\u0119\u017cczy\u017ani","m\u0142odziez","mur","nabo\u017ce\u0144stwo","obraz","parafia","parafianie","pielgrzymka","plac","p\u0142ot","pociecha","pocieszenie","poczt\u00f3wka wielotematyczna","pojednianie","posta\u0107","ruch pielgrzymkowy","rze\u017aba","sanktuarium","schody","skupienie","tarcza","teren parafii","tradycja","ucze\u0144","uczennica","wej\u015bcie","wielokondygnacyjna wie\u017ca","wierny","wie\u017ca","Wincenty Eitner","wiosna","zegar"],"articleSection":["G\u00f3rka Duchowna"],"inLanguage":"pl-PL"},{"@type":"WebPage","@id":"http:\/\/ludzieikrajobrazy.muzeumleszno.pl\/?p=325","url":"http:\/\/ludzieikrajobrazy.muzeumleszno.pl\/?p=325","name":"G\u00f3rka Duchowna. Poczt\u00f3wka wielotematyczna, po 1919 roku, Gosty\u0144, Nak\u0142ad Wincenty Eitner - Ludzie i krajobrazy. Powiat Leszczy\u0144ski w ikonografii","isPartOf":{"@id":"https:\/\/ludzieikrajobrazy.muzeumleszno.pl\/#website"},"primaryImageOfPage":{"@id":"http:\/\/ludzieikrajobrazy.muzeumleszno.pl\/?p=325#primaryimage"},"image":{"@id":"http:\/\/ludzieikrajobrazy.muzeumleszno.pl\/?p=325#primaryimage"},"thumbnailUrl":"http:\/\/ludzieikrajobrazy.muzeumleszno.pl\/wp-content\/uploads\/2024\/07\/36_MLH-1365-scaled.jpg","datePublished":"2024-07-20T09:59:50+00:00","dateModified":"2024-09-19T08:50:08+00:00","author":{"@id":"https:\/\/ludzieikrajobrazy.muzeumleszno.pl\/#\/schema\/person\/fc2bc20e2b51efc3202ac1f0cdcd06c0"},"breadcrumb":{"@id":"http:\/\/ludzieikrajobrazy.muzeumleszno.pl\/?p=325#breadcrumb"},"inLanguage":"pl-PL","potentialAction":[{"@type":"ReadAction","target":["http:\/\/ludzieikrajobrazy.muzeumleszno.pl\/?p=325"]}]},{"@type":"BreadcrumbList","@id":"http:\/\/ludzieikrajobrazy.muzeumleszno.pl\/?p=325#breadcrumb","itemListElement":[{"@type":"ListItem","position":1,"name":"Home","item":"https:\/\/ludzieikrajobrazy.muzeumleszno.pl\/"},{"@type":"ListItem","position":2,"name":"G\u00f3rka Duchowna. Poczt\u00f3wka wielotematyczna, po 1919 roku, Gosty\u0144, Nak\u0142ad Wincenty Eitner"}]},{"@type":"WebSite","@id":"https:\/\/ludzieikrajobrazy.muzeumleszno.pl\/#website","url":"https:\/\/ludzieikrajobrazy.muzeumleszno.pl\/","name":"Ludzie i krajobrazy. Powiat Leszczy\u0144ski w ikonografii","description":"Powiat Leszczy\u0144ski w ikonografii","potentialAction":[{"@type":"SearchAction","target":{"@type":"EntryPoint","urlTemplate":"https:\/\/ludzieikrajobrazy.muzeumleszno.pl\/?s={search_term_string}"},"query-input":{"@type":"PropertyValueSpecification","valueRequired":true,"valueName":"search_term_string"}}],"inLanguage":"pl-PL"},{"@type":"Person","@id":"https:\/\/ludzieikrajobrazy.muzeumleszno.pl\/#\/schema\/person\/fc2bc20e2b51efc3202ac1f0cdcd06c0","name":"Pan_Admin","image":{"@type":"ImageObject","inLanguage":"pl-PL","@id":"https:\/\/secure.gravatar.com\/avatar\/d109d485abe889ecc32dbdb971b715ad9d4596bd0e2353626451db3e04099822?s=96&d=mm&r=g","url":"https:\/\/secure.gravatar.com\/avatar\/d109d485abe889ecc32dbdb971b715ad9d4596bd0e2353626451db3e04099822?s=96&d=mm&r=g","contentUrl":"https:\/\/secure.gravatar.com\/avatar\/d109d485abe889ecc32dbdb971b715ad9d4596bd0e2353626451db3e04099822?s=96&d=mm&r=g","caption":"Pan_Admin"},"sameAs":["http:\/\/ludzieikrajobrazy.muzeumleszno.pl"],"url":"http:\/\/ludzieikrajobrazy.muzeumleszno.pl\/?author=1"}]}},"_links":{"self":[{"href":"http:\/\/ludzieikrajobrazy.muzeumleszno.pl\/index.php?rest_route=\/wp\/v2\/posts\/325","targetHints":{"allow":["GET"]}}],"collection":[{"href":"http:\/\/ludzieikrajobrazy.muzeumleszno.pl\/index.php?rest_route=\/wp\/v2\/posts"}],"about":[{"href":"http:\/\/ludzieikrajobrazy.muzeumleszno.pl\/index.php?rest_route=\/wp\/v2\/types\/post"}],"author":[{"embeddable":true,"href":"http:\/\/ludzieikrajobrazy.muzeumleszno.pl\/index.php?rest_route=\/wp\/v2\/users\/1"}],"replies":[{"embeddable":true,"href":"http:\/\/ludzieikrajobrazy.muzeumleszno.pl\/index.php?rest_route=%2Fwp%2Fv2%2Fcomments&post=325"}],"version-history":[{"count":2,"href":"http:\/\/ludzieikrajobrazy.muzeumleszno.pl\/index.php?rest_route=\/wp\/v2\/posts\/325\/revisions"}],"predecessor-version":[{"id":1185,"href":"http:\/\/ludzieikrajobrazy.muzeumleszno.pl\/index.php?rest_route=\/wp\/v2\/posts\/325\/revisions\/1185"}],"wp:featuredmedia":[{"embeddable":true,"href":"http:\/\/ludzieikrajobrazy.muzeumleszno.pl\/index.php?rest_route=\/wp\/v2\/media\/326"}],"wp:attachment":[{"href":"http:\/\/ludzieikrajobrazy.muzeumleszno.pl\/index.php?rest_route=%2Fwp%2Fv2%2Fmedia&parent=325"}],"wp:term":[{"taxonomy":"category","embeddable":true,"href":"http:\/\/ludzieikrajobrazy.muzeumleszno.pl\/index.php?rest_route=%2Fwp%2Fv2%2Fcategories&post=325"},{"taxonomy":"post_tag","embeddable":true,"href":"http:\/\/ludzieikrajobrazy.muzeumleszno.pl\/index.php?rest_route=%2Fwp%2Fv2%2Ftags&post=325"}],"curies":[{"name":"wp","href":"https:\/\/api.w.org\/{rel}","templated":true}]}}