{"id":328,"date":"2024-07-20T11:58:52","date_gmt":"2024-07-20T09:58:52","guid":{"rendered":"http:\/\/ludzieikrajobrazy.muzeumleszno.pl\/?p=328"},"modified":"2024-09-19T10:52:54","modified_gmt":"2024-09-19T08:52:54","slug":"gorka-duchowna-sanktuarium-matki-bozej-pocieszenia-1912-rok-smigiel-naklad-wladyslaw-nowicki","status":"publish","type":"post","link":"http:\/\/ludzieikrajobrazy.muzeumleszno.pl\/?p=328","title":{"rendered":"G\u00f3rka Duchowna. Sanktuarium Matki Bo\u017cej Pocieszenia, 1912 rok, \u015amigiel, Nak\u0142ad W\u0142adys\u0142aw Nowicki"},"content":{"rendered":"\n<p>Najwi\u0119ksza liczba pielgrzym\u00f3w przybywa do sanktuarium z okazji odpustu ku czci Matki Bo\u017cej Pocieszenia. Przypada on na prze\u0142om sierpnia i wrze\u015bnia i trwa przez 10 dni. Gromadzi duchowie\u0144stwo, siostry zakonne, zorganizowane pielgrzymki parafialne, dzieci i m\u0142odzie\u017c. W uroczysto\u015bciach bior\u0105 tak\u017ce udzia\u0142 policjanci i \u017co\u0142nierze. Ka\u017cdego roku podczas Wielkiego Odpustu rozdaje si\u0119 kilkadziesi\u0105t tysi\u0119cy Komunii \u015bw.&nbsp;<\/p>\n\n\n\n<p>Do ko\u015bcio\u0142a pw. Matki Bo\u017cej Pocieszenia i Micha\u0142a Archanio\u0142a przylegaj\u0105 dwie kaplice: p\u00f3\u0142nocna pw. \u015bw. Anny z oko\u0142o 1700 roku i po\u0142udniowa pw. Matki Bo\u017cej Pocieszenia z 1760 roku. Obie przykrywaj\u0105 kopu\u0142y z latarniami zwie\u0144czonymi krzy\u017cem. &nbsp;<\/p>\n\n\n\n<p>W lewym g\u00f3rnym rogu prezentuje si\u0119 neogotycka kaplica pw. \u015bw. J\u00f3zefa. Z prawej strony umieszczono wizerunek s\u0142yn\u0105cego cudami obrazu Matki Boskiej z Dzieci\u0105tkiem. Nad g\u0142owami obu postaci widniej\u0105 promieniste glorie i dwana\u015bcie gwiazd nawi\u0105zuj\u0105cych do dwunastu pokole\u0144 Izraela i dwunastu Aposto\u0142\u00f3w. Obraz sp\u0142on\u0105\u0142 w 1927 roku. W miejsce orygina\u0142u zlecono wykonanie kopii. Z po\u017caru ocala\u0142y jedynie z\u0142ote sukienki i korony skradzione w 1964 roku.&nbsp;<\/p>\n\n\n\n<figure data-wp-context=\"{&quot;imageId&quot;:&quot;69f1ccd1471b7&quot;}\" data-wp-interactive=\"core\/image\" data-wp-key=\"69f1ccd1471b7\" class=\"wp-block-image size-full wp-lightbox-container\"><img fetchpriority=\"high\" decoding=\"async\" width=\"1242\" height=\"2000\" data-wp-class--hide=\"state.isContentHidden\" data-wp-class--show=\"state.isContentVisible\" data-wp-init=\"callbacks.setButtonStyles\" data-wp-on--click=\"actions.showLightbox\" data-wp-on--load=\"callbacks.setButtonStyles\" data-wp-on-window--resize=\"callbacks.setButtonStyles\" src=\"http:\/\/ludzieikrajobrazy.muzeumleszno.pl\/wp-content\/uploads\/2024\/07\/37_MLH-4353.jpg\" alt=\"G\u00f3rka Duchowna. Sanktuarium Matki Bo\u017cej Pocieszenia, 1912 rok\" class=\"wp-image-329\" srcset=\"http:\/\/ludzieikrajobrazy.muzeumleszno.pl\/wp-content\/uploads\/2024\/07\/37_MLH-4353.jpg 1242w, http:\/\/ludzieikrajobrazy.muzeumleszno.pl\/wp-content\/uploads\/2024\/07\/37_MLH-4353-954x1536.jpg 954w, http:\/\/ludzieikrajobrazy.muzeumleszno.pl\/wp-content\/uploads\/2024\/07\/37_MLH-4353-200x322.jpg 200w, http:\/\/ludzieikrajobrazy.muzeumleszno.pl\/wp-content\/uploads\/2024\/07\/37_MLH-4353-973x1567.jpg 973w, http:\/\/ludzieikrajobrazy.muzeumleszno.pl\/wp-content\/uploads\/2024\/07\/37_MLH-4353-508x818.jpg 508w\" sizes=\"(max-width: 1242px) 100vw, 1242px\" \/><button\n\t\t\tclass=\"lightbox-trigger\"\n\t\t\ttype=\"button\"\n\t\t\taria-haspopup=\"dialog\"\n\t\t\taria-label=\"Powi\u0119ksz\"\n\t\t\tdata-wp-init=\"callbacks.initTriggerButton\"\n\t\t\tdata-wp-on--click=\"actions.showLightbox\"\n\t\t\tdata-wp-style--right=\"state.imageButtonRight\"\n\t\t\tdata-wp-style--top=\"state.imageButtonTop\"\n\t\t>\n\t\t\t<svg xmlns=\"http:\/\/www.w3.org\/2000\/svg\" width=\"12\" height=\"12\" fill=\"none\" viewBox=\"0 0 12 12\">\n\t\t\t\t<path fill=\"#fff\" d=\"M2 0a2 2 0 0 0-2 2v2h1.5V2a.5.5 0 0 1 .5-.5h2V0H2Zm2 10.5H2a.5.5 0 0 1-.5-.5V8H0v2a2 2 0 0 0 2 2h2v-1.5ZM8 12v-1.5h2a.5.5 0 0 0 .5-.5V8H12v2a2 2 0 0 1-2 2H8Zm2-12a2 2 0 0 1 2 2v2h-1.5V2a.5.5 0 0 0-.5-.5H8V0h2Z\" \/>\n\t\t\t<\/svg>\n\t\t<\/button><figcaption class=\"wp-element-caption\">G\u00f3rka Duchowna. Sanktuarium Matki Bo\u017cej Pocieszenia, 1912 rok<\/figcaption><\/figure>\n\n\n\n<p class=\"has-small-font-size\">nr inw. MLH 4353<br>W zbiorach Muzeum Okr\u0119gowego w Lesznie od 2001 roku, zakup<\/p>\n\n\n\n<p>D.Cz.&nbsp;<\/p>\n\n\n\n<figure class=\"wp-block-embed is-type-video is-provider-youtube wp-block-embed-youtube wp-embed-aspect-16-9 wp-has-aspect-ratio\"><div class=\"wp-block-embed__wrapper\">\n<iframe title=\"Go\u0301rka Duchowna  Sanktuarium Matki Boz\u0307ej Pocieszenia, 1912 rok\" width=\"620\" height=\"349\" src=\"https:\/\/www.youtube.com\/embed\/CRgBeJMclzM?feature=oembed\" frameborder=\"0\" allow=\"accelerometer; autoplay; clipboard-write; encrypted-media; gyroscope; picture-in-picture; web-share\" referrerpolicy=\"strict-origin-when-cross-origin\" allowfullscreen><\/iframe>\n<\/div><\/figure>\n","protected":false},"excerpt":{"rendered":"<p>Najwi\u0119ksza liczba pielgrzym\u00f3w przybywa do sanktuarium z okazji odpustu ku czci Matki Bo\u017cej Pocieszenia. Przypada on na prze\u0142om sierpnia i wrze\u015bnia i trwa przez 10 dni. Gromadzi duchowie\u0144stwo,&#8230;<\/p>\n","protected":false},"author":1,"featured_media":329,"comment_status":"closed","ping_status":"closed","sticky":false,"template":"","format":"standard","meta":{"cybocfi_hide_featured_image":"yes","footnotes":""},"categories":[40],"tags":[208,2319,378,165,1187,2300,2314,2305,520,736,2307,2317,851,852,417,1736,41,1137,2316,2318,2280,2312,2311,2296,2310,1746,2313,2322,2272,2321,407,828,827,2315,2306,354,986,95,648,2304,1742,2308,2023,225,361,2301,1913,1552,2302,774,1924,2309,2323,1580,2303,917,2320],"class_list":["post-328","post","type-post","status-publish","format-standard","has-post-thumbnail","hentry","category-gorka-duchowna","tag-208","tag-apostol","tag-architektura","tag-budownictwo-murowane","tag-cegla","tag-ceglany","tag-cud","tag-czesc","tag-dokumentacja","tag-drzewa","tag-duchowienstwo","tag-dwanascie-pokolen-izraela","tag-dzieci","tag-dziecko","tag-fotografia","tag-gloria","tag-gorka-duchowna","tag-grupa-ludzi","tag-gwiazda","tag-izrael","tag-kaplica","tag-kaplica-pod-wezwaniem-matki-bozej-pocieszenia","tag-kaplica-pod-wezwaniem-sw-anny","tag-kaplica-pod-wezwaniem-sw-jozefa","tag-komunia-swieta","tag-kopia","tag-kopula","tag-korona","tag-kosciol-pod-wezwaniem-matki-bozej-pocieszenia-i-michala-archaniola","tag-kradziez","tag-krajobraz","tag-krzyz","tag-latarnia","tag-matka-boska-z-dzieciatkiem","tag-matka-boza-pocieszenia","tag-mlodziez","tag-mur","tag-neogotyk","tag-obraz","tag-odpust","tag-pielgrzym","tag-pielgrzymka-parafialna","tag-pokolenie","tag-pozar","tag-sanktuarium","tag-sanktuarium-matki-bozej-pocieszenia","tag-sciezka","tag-siostra-zakonna","tag-smigiel","tag-tarcza","tag-wejscie","tag-wielki-odpust","tag-wierni","tag-wizerunek","tag-wladyslaw-nowicki","tag-zegar","tag-zlota-sukienka"],"yoast_head":"<!-- This site is optimized with the Yoast SEO plugin v27.5 - https:\/\/yoast.com\/product\/yoast-seo-wordpress\/ -->\n<title>G\u00f3rka Duchowna. Sanktuarium Matki Bo\u017cej Pocieszenia, 1912 rok, \u015amigiel, Nak\u0142ad W\u0142adys\u0142aw Nowicki - Ludzie i krajobrazy. Powiat Leszczy\u0144ski w ikonografii<\/title>\n<meta name=\"robots\" content=\"index, follow, max-snippet:-1, max-image-preview:large, max-video-preview:-1\" \/>\n<link rel=\"canonical\" href=\"http:\/\/ludzieikrajobrazy.muzeumleszno.pl\/?p=328\" \/>\n<meta property=\"og:locale\" content=\"pl_PL\" \/>\n<meta property=\"og:type\" content=\"article\" \/>\n<meta property=\"og:title\" content=\"G\u00f3rka Duchowna. Sanktuarium Matki Bo\u017cej Pocieszenia, 1912 rok, \u015amigiel, Nak\u0142ad W\u0142adys\u0142aw Nowicki - Ludzie i krajobrazy. Powiat Leszczy\u0144ski w ikonografii\" \/>\n<meta property=\"og:description\" content=\"Najwi\u0119ksza liczba pielgrzym\u00f3w przybywa do sanktuarium z okazji odpustu ku czci Matki Bo\u017cej Pocieszenia. Przypada on na prze\u0142om sierpnia i wrze\u015bnia i trwa przez 10 dni. Gromadzi duchowie\u0144stwo,...\" \/>\n<meta property=\"og:url\" content=\"http:\/\/ludzieikrajobrazy.muzeumleszno.pl\/?p=328\" \/>\n<meta property=\"og:site_name\" content=\"Ludzie i krajobrazy. Powiat Leszczy\u0144ski w ikonografii\" \/>\n<meta property=\"article:published_time\" content=\"2024-07-20T09:58:52+00:00\" \/>\n<meta property=\"article:modified_time\" content=\"2024-09-19T08:52:54+00:00\" \/>\n<meta property=\"og:image\" content=\"http:\/\/ludzieikrajobrazy.muzeumleszno.pl\/wp-content\/uploads\/2024\/07\/37_MLH-4353.jpg\" \/>\n\t<meta property=\"og:image:width\" content=\"1242\" \/>\n\t<meta property=\"og:image:height\" content=\"2000\" \/>\n\t<meta property=\"og:image:type\" content=\"image\/jpeg\" \/>\n<meta name=\"author\" content=\"Pan_Admin\" \/>\n<meta name=\"twitter:card\" content=\"summary_large_image\" \/>\n<meta name=\"twitter:label1\" content=\"Napisane przez\" \/>\n\t<meta name=\"twitter:data1\" content=\"Pan_Admin\" \/>\n\t<meta name=\"twitter:label2\" content=\"Szacowany czas czytania\" \/>\n\t<meta name=\"twitter:data2\" content=\"2 minuty\" \/>\n<script type=\"application\/ld+json\" class=\"yoast-schema-graph\">{\"@context\":\"https:\\\/\\\/schema.org\",\"@graph\":[{\"@type\":\"Article\",\"@id\":\"http:\\\/\\\/ludzieikrajobrazy.muzeumleszno.pl\\\/?p=328#article\",\"isPartOf\":{\"@id\":\"http:\\\/\\\/ludzieikrajobrazy.muzeumleszno.pl\\\/?p=328\"},\"author\":{\"name\":\"Pan_Admin\",\"@id\":\"https:\\\/\\\/ludzieikrajobrazy.muzeumleszno.pl\\\/#\\\/schema\\\/person\\\/fc2bc20e2b51efc3202ac1f0cdcd06c0\"},\"headline\":\"G\u00f3rka Duchowna. Sanktuarium Matki Bo\u017cej Pocieszenia, 1912 rok, \u015amigiel, Nak\u0142ad W\u0142adys\u0142aw Nowicki\",\"datePublished\":\"2024-07-20T09:58:52+00:00\",\"dateModified\":\"2024-09-19T08:52:54+00:00\",\"mainEntityOfPage\":{\"@id\":\"http:\\\/\\\/ludzieikrajobrazy.muzeumleszno.pl\\\/?p=328\"},\"wordCount\":238,\"image\":{\"@id\":\"http:\\\/\\\/ludzieikrajobrazy.muzeumleszno.pl\\\/?p=328#primaryimage\"},\"thumbnailUrl\":\"http:\\\/\\\/ludzieikrajobrazy.muzeumleszno.pl\\\/wp-content\\\/uploads\\\/2024\\\/07\\\/37_MLH-4353.jpg\",\"keywords\":[\"1912\",\"Aposto\u0142\",\"architektura\",\"budownictwo murowane\",\"ceg\u0142a\",\"ceglany\",\"cud\",\"cze\u015b\u0107\",\"dokumentacja\",\"drzewa\",\"duchowie\u0144stwo\",\"dwana\u015bcie pokole\u0144 Izraela\",\"dzieci\",\"dziecko\",\"fotografia\",\"gloria\",\"G\u00f3rka Duchowna\",\"grupa ludzi\",\"gwiazda\",\"Izrael\",\"kaplica\",\"kaplica pod wezwaniem Matki Bo\u017cej pocieszenia\",\"kaplica pod wezwaniem \u015bw. Anny\",\"kaplica pod wezwaniem \u015aw. J\u00f3zefa\",\"komunia \u015bwi\u0119ta\",\"kopia\",\"kopu\u0142a\",\"korona\",\"ko\u015bci\u00f3\u0142 pod wezwaniem Matki Bo\u017cej Pocieszenia i Micha\u0142a Archanio\u0142a\",\"kradzie\u017c\",\"krajobraz\",\"krzy\u017c\",\"latarnia\",\"Matka Boska z Dzieci\u0105tkiem\",\"Matka Bo\u017ca Pocieszenia\",\"m\u0142odzie\u017c\",\"mur\",\"neogotyk\",\"obraz\",\"odpust\",\"pielgrzym\",\"pielgrzymka parafialna\",\"pokolenie\",\"po\u017car\",\"sanktuarium\",\"Sanktuarium Matki Bo\u017cej Pocieszenia\",\"\u015bcie\u017cka\",\"siostra zakonna\",\"\u015amigiel\",\"tarcza\",\"wej\u015bcie\",\"Wielki Odpust\",\"wierni\",\"wizerunek\",\"W\u0142adys\u0142aw Nowicki\",\"zegar\",\"z\u0142ota sukienka\"],\"articleSection\":[\"G\u00f3rka Duchowna\"],\"inLanguage\":\"pl-PL\"},{\"@type\":\"WebPage\",\"@id\":\"http:\\\/\\\/ludzieikrajobrazy.muzeumleszno.pl\\\/?p=328\",\"url\":\"http:\\\/\\\/ludzieikrajobrazy.muzeumleszno.pl\\\/?p=328\",\"name\":\"G\u00f3rka Duchowna. Sanktuarium Matki Bo\u017cej Pocieszenia, 1912 rok, \u015amigiel, Nak\u0142ad W\u0142adys\u0142aw Nowicki - Ludzie i krajobrazy. Powiat Leszczy\u0144ski w ikonografii\",\"isPartOf\":{\"@id\":\"https:\\\/\\\/ludzieikrajobrazy.muzeumleszno.pl\\\/#website\"},\"primaryImageOfPage\":{\"@id\":\"http:\\\/\\\/ludzieikrajobrazy.muzeumleszno.pl\\\/?p=328#primaryimage\"},\"image\":{\"@id\":\"http:\\\/\\\/ludzieikrajobrazy.muzeumleszno.pl\\\/?p=328#primaryimage\"},\"thumbnailUrl\":\"http:\\\/\\\/ludzieikrajobrazy.muzeumleszno.pl\\\/wp-content\\\/uploads\\\/2024\\\/07\\\/37_MLH-4353.jpg\",\"datePublished\":\"2024-07-20T09:58:52+00:00\",\"dateModified\":\"2024-09-19T08:52:54+00:00\",\"author\":{\"@id\":\"https:\\\/\\\/ludzieikrajobrazy.muzeumleszno.pl\\\/#\\\/schema\\\/person\\\/fc2bc20e2b51efc3202ac1f0cdcd06c0\"},\"breadcrumb\":{\"@id\":\"http:\\\/\\\/ludzieikrajobrazy.muzeumleszno.pl\\\/?p=328#breadcrumb\"},\"inLanguage\":\"pl-PL\",\"potentialAction\":[{\"@type\":\"ReadAction\",\"target\":[\"http:\\\/\\\/ludzieikrajobrazy.muzeumleszno.pl\\\/?p=328\"]}]},{\"@type\":\"BreadcrumbList\",\"@id\":\"http:\\\/\\\/ludzieikrajobrazy.muzeumleszno.pl\\\/?p=328#breadcrumb\",\"itemListElement\":[{\"@type\":\"ListItem\",\"position\":1,\"name\":\"Home\",\"item\":\"https:\\\/\\\/ludzieikrajobrazy.muzeumleszno.pl\\\/\"},{\"@type\":\"ListItem\",\"position\":2,\"name\":\"G\u00f3rka Duchowna. Sanktuarium Matki Bo\u017cej Pocieszenia, 1912 rok, \u015amigiel, Nak\u0142ad W\u0142adys\u0142aw Nowicki\"}]},{\"@type\":\"WebSite\",\"@id\":\"https:\\\/\\\/ludzieikrajobrazy.muzeumleszno.pl\\\/#website\",\"url\":\"https:\\\/\\\/ludzieikrajobrazy.muzeumleszno.pl\\\/\",\"name\":\"Ludzie i krajobrazy. Powiat Leszczy\u0144ski w ikonografii\",\"description\":\"Powiat Leszczy\u0144ski w ikonografii\",\"potentialAction\":[{\"@type\":\"SearchAction\",\"target\":{\"@type\":\"EntryPoint\",\"urlTemplate\":\"https:\\\/\\\/ludzieikrajobrazy.muzeumleszno.pl\\\/?s={search_term_string}\"},\"query-input\":{\"@type\":\"PropertyValueSpecification\",\"valueRequired\":true,\"valueName\":\"search_term_string\"}}],\"inLanguage\":\"pl-PL\"},{\"@type\":\"Person\",\"@id\":\"https:\\\/\\\/ludzieikrajobrazy.muzeumleszno.pl\\\/#\\\/schema\\\/person\\\/fc2bc20e2b51efc3202ac1f0cdcd06c0\",\"name\":\"Pan_Admin\",\"image\":{\"@type\":\"ImageObject\",\"inLanguage\":\"pl-PL\",\"@id\":\"https:\\\/\\\/secure.gravatar.com\\\/avatar\\\/d109d485abe889ecc32dbdb971b715ad9d4596bd0e2353626451db3e04099822?s=96&d=mm&r=g\",\"url\":\"https:\\\/\\\/secure.gravatar.com\\\/avatar\\\/d109d485abe889ecc32dbdb971b715ad9d4596bd0e2353626451db3e04099822?s=96&d=mm&r=g\",\"contentUrl\":\"https:\\\/\\\/secure.gravatar.com\\\/avatar\\\/d109d485abe889ecc32dbdb971b715ad9d4596bd0e2353626451db3e04099822?s=96&d=mm&r=g\",\"caption\":\"Pan_Admin\"},\"sameAs\":[\"http:\\\/\\\/ludzieikrajobrazy.muzeumleszno.pl\"],\"url\":\"http:\\\/\\\/ludzieikrajobrazy.muzeumleszno.pl\\\/?author=1\"}]}<\/script>\n<!-- \/ Yoast SEO plugin. -->","yoast_head_json":{"title":"G\u00f3rka Duchowna. Sanktuarium Matki Bo\u017cej Pocieszenia, 1912 rok, \u015amigiel, Nak\u0142ad W\u0142adys\u0142aw Nowicki - Ludzie i krajobrazy. Powiat Leszczy\u0144ski w ikonografii","robots":{"index":"index","follow":"follow","max-snippet":"max-snippet:-1","max-image-preview":"max-image-preview:large","max-video-preview":"max-video-preview:-1"},"canonical":"http:\/\/ludzieikrajobrazy.muzeumleszno.pl\/?p=328","og_locale":"pl_PL","og_type":"article","og_title":"G\u00f3rka Duchowna. Sanktuarium Matki Bo\u017cej Pocieszenia, 1912 rok, \u015amigiel, Nak\u0142ad W\u0142adys\u0142aw Nowicki - Ludzie i krajobrazy. Powiat Leszczy\u0144ski w ikonografii","og_description":"Najwi\u0119ksza liczba pielgrzym\u00f3w przybywa do sanktuarium z okazji odpustu ku czci Matki Bo\u017cej Pocieszenia. Przypada on na prze\u0142om sierpnia i wrze\u015bnia i trwa przez 10 dni. Gromadzi duchowie\u0144stwo,...","og_url":"http:\/\/ludzieikrajobrazy.muzeumleszno.pl\/?p=328","og_site_name":"Ludzie i krajobrazy. Powiat Leszczy\u0144ski w ikonografii","article_published_time":"2024-07-20T09:58:52+00:00","article_modified_time":"2024-09-19T08:52:54+00:00","og_image":[{"width":1242,"height":2000,"url":"http:\/\/ludzieikrajobrazy.muzeumleszno.pl\/wp-content\/uploads\/2024\/07\/37_MLH-4353.jpg","type":"image\/jpeg"}],"author":"Pan_Admin","twitter_card":"summary_large_image","twitter_misc":{"Napisane przez":"Pan_Admin","Szacowany czas czytania":"2 minuty"},"schema":{"@context":"https:\/\/schema.org","@graph":[{"@type":"Article","@id":"http:\/\/ludzieikrajobrazy.muzeumleszno.pl\/?p=328#article","isPartOf":{"@id":"http:\/\/ludzieikrajobrazy.muzeumleszno.pl\/?p=328"},"author":{"name":"Pan_Admin","@id":"https:\/\/ludzieikrajobrazy.muzeumleszno.pl\/#\/schema\/person\/fc2bc20e2b51efc3202ac1f0cdcd06c0"},"headline":"G\u00f3rka Duchowna. Sanktuarium Matki Bo\u017cej Pocieszenia, 1912 rok, \u015amigiel, Nak\u0142ad W\u0142adys\u0142aw Nowicki","datePublished":"2024-07-20T09:58:52+00:00","dateModified":"2024-09-19T08:52:54+00:00","mainEntityOfPage":{"@id":"http:\/\/ludzieikrajobrazy.muzeumleszno.pl\/?p=328"},"wordCount":238,"image":{"@id":"http:\/\/ludzieikrajobrazy.muzeumleszno.pl\/?p=328#primaryimage"},"thumbnailUrl":"http:\/\/ludzieikrajobrazy.muzeumleszno.pl\/wp-content\/uploads\/2024\/07\/37_MLH-4353.jpg","keywords":["1912","Aposto\u0142","architektura","budownictwo murowane","ceg\u0142a","ceglany","cud","cze\u015b\u0107","dokumentacja","drzewa","duchowie\u0144stwo","dwana\u015bcie pokole\u0144 Izraela","dzieci","dziecko","fotografia","gloria","G\u00f3rka Duchowna","grupa ludzi","gwiazda","Izrael","kaplica","kaplica pod wezwaniem Matki Bo\u017cej pocieszenia","kaplica pod wezwaniem \u015bw. Anny","kaplica pod wezwaniem \u015aw. J\u00f3zefa","komunia \u015bwi\u0119ta","kopia","kopu\u0142a","korona","ko\u015bci\u00f3\u0142 pod wezwaniem Matki Bo\u017cej Pocieszenia i Micha\u0142a Archanio\u0142a","kradzie\u017c","krajobraz","krzy\u017c","latarnia","Matka Boska z Dzieci\u0105tkiem","Matka Bo\u017ca Pocieszenia","m\u0142odzie\u017c","mur","neogotyk","obraz","odpust","pielgrzym","pielgrzymka parafialna","pokolenie","po\u017car","sanktuarium","Sanktuarium Matki Bo\u017cej Pocieszenia","\u015bcie\u017cka","siostra zakonna","\u015amigiel","tarcza","wej\u015bcie","Wielki Odpust","wierni","wizerunek","W\u0142adys\u0142aw Nowicki","zegar","z\u0142ota sukienka"],"articleSection":["G\u00f3rka Duchowna"],"inLanguage":"pl-PL"},{"@type":"WebPage","@id":"http:\/\/ludzieikrajobrazy.muzeumleszno.pl\/?p=328","url":"http:\/\/ludzieikrajobrazy.muzeumleszno.pl\/?p=328","name":"G\u00f3rka Duchowna. Sanktuarium Matki Bo\u017cej Pocieszenia, 1912 rok, \u015amigiel, Nak\u0142ad W\u0142adys\u0142aw Nowicki - Ludzie i krajobrazy. Powiat Leszczy\u0144ski w ikonografii","isPartOf":{"@id":"https:\/\/ludzieikrajobrazy.muzeumleszno.pl\/#website"},"primaryImageOfPage":{"@id":"http:\/\/ludzieikrajobrazy.muzeumleszno.pl\/?p=328#primaryimage"},"image":{"@id":"http:\/\/ludzieikrajobrazy.muzeumleszno.pl\/?p=328#primaryimage"},"thumbnailUrl":"http:\/\/ludzieikrajobrazy.muzeumleszno.pl\/wp-content\/uploads\/2024\/07\/37_MLH-4353.jpg","datePublished":"2024-07-20T09:58:52+00:00","dateModified":"2024-09-19T08:52:54+00:00","author":{"@id":"https:\/\/ludzieikrajobrazy.muzeumleszno.pl\/#\/schema\/person\/fc2bc20e2b51efc3202ac1f0cdcd06c0"},"breadcrumb":{"@id":"http:\/\/ludzieikrajobrazy.muzeumleszno.pl\/?p=328#breadcrumb"},"inLanguage":"pl-PL","potentialAction":[{"@type":"ReadAction","target":["http:\/\/ludzieikrajobrazy.muzeumleszno.pl\/?p=328"]}]},{"@type":"BreadcrumbList","@id":"http:\/\/ludzieikrajobrazy.muzeumleszno.pl\/?p=328#breadcrumb","itemListElement":[{"@type":"ListItem","position":1,"name":"Home","item":"https:\/\/ludzieikrajobrazy.muzeumleszno.pl\/"},{"@type":"ListItem","position":2,"name":"G\u00f3rka Duchowna. Sanktuarium Matki Bo\u017cej Pocieszenia, 1912 rok, \u015amigiel, Nak\u0142ad W\u0142adys\u0142aw Nowicki"}]},{"@type":"WebSite","@id":"https:\/\/ludzieikrajobrazy.muzeumleszno.pl\/#website","url":"https:\/\/ludzieikrajobrazy.muzeumleszno.pl\/","name":"Ludzie i krajobrazy. Powiat Leszczy\u0144ski w ikonografii","description":"Powiat Leszczy\u0144ski w ikonografii","potentialAction":[{"@type":"SearchAction","target":{"@type":"EntryPoint","urlTemplate":"https:\/\/ludzieikrajobrazy.muzeumleszno.pl\/?s={search_term_string}"},"query-input":{"@type":"PropertyValueSpecification","valueRequired":true,"valueName":"search_term_string"}}],"inLanguage":"pl-PL"},{"@type":"Person","@id":"https:\/\/ludzieikrajobrazy.muzeumleszno.pl\/#\/schema\/person\/fc2bc20e2b51efc3202ac1f0cdcd06c0","name":"Pan_Admin","image":{"@type":"ImageObject","inLanguage":"pl-PL","@id":"https:\/\/secure.gravatar.com\/avatar\/d109d485abe889ecc32dbdb971b715ad9d4596bd0e2353626451db3e04099822?s=96&d=mm&r=g","url":"https:\/\/secure.gravatar.com\/avatar\/d109d485abe889ecc32dbdb971b715ad9d4596bd0e2353626451db3e04099822?s=96&d=mm&r=g","contentUrl":"https:\/\/secure.gravatar.com\/avatar\/d109d485abe889ecc32dbdb971b715ad9d4596bd0e2353626451db3e04099822?s=96&d=mm&r=g","caption":"Pan_Admin"},"sameAs":["http:\/\/ludzieikrajobrazy.muzeumleszno.pl"],"url":"http:\/\/ludzieikrajobrazy.muzeumleszno.pl\/?author=1"}]}},"_links":{"self":[{"href":"http:\/\/ludzieikrajobrazy.muzeumleszno.pl\/index.php?rest_route=\/wp\/v2\/posts\/328","targetHints":{"allow":["GET"]}}],"collection":[{"href":"http:\/\/ludzieikrajobrazy.muzeumleszno.pl\/index.php?rest_route=\/wp\/v2\/posts"}],"about":[{"href":"http:\/\/ludzieikrajobrazy.muzeumleszno.pl\/index.php?rest_route=\/wp\/v2\/types\/post"}],"author":[{"embeddable":true,"href":"http:\/\/ludzieikrajobrazy.muzeumleszno.pl\/index.php?rest_route=\/wp\/v2\/users\/1"}],"replies":[{"embeddable":true,"href":"http:\/\/ludzieikrajobrazy.muzeumleszno.pl\/index.php?rest_route=%2Fwp%2Fv2%2Fcomments&post=328"}],"version-history":[{"count":2,"href":"http:\/\/ludzieikrajobrazy.muzeumleszno.pl\/index.php?rest_route=\/wp\/v2\/posts\/328\/revisions"}],"predecessor-version":[{"id":1186,"href":"http:\/\/ludzieikrajobrazy.muzeumleszno.pl\/index.php?rest_route=\/wp\/v2\/posts\/328\/revisions\/1186"}],"wp:featuredmedia":[{"embeddable":true,"href":"http:\/\/ludzieikrajobrazy.muzeumleszno.pl\/index.php?rest_route=\/wp\/v2\/media\/329"}],"wp:attachment":[{"href":"http:\/\/ludzieikrajobrazy.muzeumleszno.pl\/index.php?rest_route=%2Fwp%2Fv2%2Fmedia&parent=328"}],"wp:term":[{"taxonomy":"category","embeddable":true,"href":"http:\/\/ludzieikrajobrazy.muzeumleszno.pl\/index.php?rest_route=%2Fwp%2Fv2%2Fcategories&post=328"},{"taxonomy":"post_tag","embeddable":true,"href":"http:\/\/ludzieikrajobrazy.muzeumleszno.pl\/index.php?rest_route=%2Fwp%2Fv2%2Ftags&post=328"}],"curies":[{"name":"wp","href":"https:\/\/api.w.org\/{rel}","templated":true}]}}