{"id":331,"date":"2024-07-20T11:57:13","date_gmt":"2024-07-20T09:57:13","guid":{"rendered":"http:\/\/ludzieikrajobrazy.muzeumleszno.pl\/?p=331"},"modified":"2024-09-19T13:04:56","modified_gmt":"2024-09-19T11:04:56","slug":"gorka-duchowna-oltarz-glowny-w-sanktuarium-matki-bozej-pocieszenia-po-1920-roku-gorka-duchowna-naklad-ks-jozef-krotki","status":"publish","type":"post","link":"http:\/\/ludzieikrajobrazy.muzeumleszno.pl\/?p=331","title":{"rendered":"G\u00f3rka Duchowna. O\u0142tarz g\u0142\u00f3wny w Sanktuarium Matki Bo\u017cej Pocieszenia, po 1920 roku, G\u00f3rka Duchowna, Nak\u0142ad ks. J\u00f3zef Kr\u00f3tki"},"content":{"rendered":"\n<p><em>O\u0142tarz jest symbolem samego Chrystusa i nazywany jest sercem \u015bwi\u0105tyni, punktem ci\u0119\u017cko\u015bci, grawitacji. Ku niemu bowiem grawituje ca\u0142a uwaga modlitewna i na nim skupia si\u0119 uczestnictwo wiernych.&nbsp; <\/em>(ks. K. Konecki)<\/p>\n\n\n\n<p>P\u00f3\u017anobarokowy, architektoniczny o\u0142tarz g\u0142\u00f3wny w ko\u015bciele pw. Matki Bo\u017cej Pocieszenia i Micha\u0142a Archanio\u0142a w G\u00f3rce Duchownej pochodzi z 2. po\u0142owy XVIII wieku. Zdobi\u0105 go rze\u017aby \u015bw. Piotra i \u015bw. Wojciecha przy kolumnach oraz \u015bw. Benedykta i \u015bw. Jana Chrzciciela na gzymsie. W zwie\u0144czeniu znajduje si\u0119 rze\u017aba pierwszego patrona ko\u015bcio\u0142a \u2013 Micha\u0142a Archanio\u0142a depcz\u0105cego Diab\u0142a.&nbsp;<\/p>\n\n\n\n<p>Uwag\u0119 wiernych przykuwa umieszczony w polu centralnym obraz przedstawiaj\u0105cy Matk\u0119 Bosk\u0105 ukazuj\u0105c\u0105 si\u0119 \u015bw. Kajetanowi z Thieny. Ten katolicki \u015bwi\u0119ty by\u0142 za\u0142o\u017cycielem zakonu teatyn\u00f3w (kleryk\u00f3w regularnych). Podobnie jak jezuici i pijarzy zakonnicy zajmowali si\u0119 kszta\u0142ceniem, w tym tak\u017ce os\u00f3b duchownych. \u015aw. Kajetan, co cz\u0119sto podkre\u015bla si\u0119 w jego ikonografii, mia\u0142 szczeg\u00f3lne nabo\u017ce\u0144stwo do Dzieci\u0105tka Jezus (trzyma je r\u00f3wnie\u017c na obrazie). Nale\u017c\u0105ca do niego figurka do dnia dzisiejszego s\u0142ynie jako cudowna. &nbsp;<\/p>\n\n\n\n<p>Zgodnie z obowi\u0105zuj\u0105cym kiedy\u015b prawem kanonicznym prezbiterium (przestrze\u0144 ko\u015bcio\u0142a przeznaczona do s\u0142u\u017cby liturgicznej), odgrodzone by\u0142o balaskami o\u0142tarzowymi \u2013 niewysok\u0105, a\u017curow\u0105 przegrod\u0105, s\u0142u\u017c\u0105c\u0105 jako kl\u0119cznik dla wiernych. Ko\u015bci\u00f3\u0142 katolicki zrezygnowano z nich po II Soborze Watyka\u0144skim obraduj\u0105cym w 1962 roku. &nbsp;<\/p>\n\n\n\n<figure data-wp-context=\"{&quot;imageId&quot;:&quot;69f1cb862a4b8&quot;}\" data-wp-interactive=\"core\/image\" data-wp-key=\"69f1cb862a4b8\" class=\"wp-block-image size-full wp-lightbox-container\"><img fetchpriority=\"high\" decoding=\"async\" width=\"1243\" height=\"2000\" data-wp-class--hide=\"state.isContentHidden\" data-wp-class--show=\"state.isContentVisible\" data-wp-init=\"callbacks.setButtonStyles\" data-wp-on--click=\"actions.showLightbox\" data-wp-on--load=\"callbacks.setButtonStyles\" data-wp-on-window--resize=\"callbacks.setButtonStyles\" src=\"http:\/\/ludzieikrajobrazy.muzeumleszno.pl\/wp-content\/uploads\/2024\/07\/38_MLH-4477.jpg\" alt=\"G\u00f3rka Duchowna. O\u0142tarz g\u0142\u00f3wny w Sanktuarium Matki Bo\u017cej Pocieszenia, po 1920 roku, G\u00f3rka Duchowna, Nak\u0142ad ks. J\u00f3zef Kr\u00f3tki\" class=\"wp-image-332\" srcset=\"http:\/\/ludzieikrajobrazy.muzeumleszno.pl\/wp-content\/uploads\/2024\/07\/38_MLH-4477.jpg 1243w, http:\/\/ludzieikrajobrazy.muzeumleszno.pl\/wp-content\/uploads\/2024\/07\/38_MLH-4477-955x1536.jpg 955w, http:\/\/ludzieikrajobrazy.muzeumleszno.pl\/wp-content\/uploads\/2024\/07\/38_MLH-4477-200x322.jpg 200w, http:\/\/ludzieikrajobrazy.muzeumleszno.pl\/wp-content\/uploads\/2024\/07\/38_MLH-4477-973x1566.jpg 973w, http:\/\/ludzieikrajobrazy.muzeumleszno.pl\/wp-content\/uploads\/2024\/07\/38_MLH-4477-508x817.jpg 508w\" sizes=\"(max-width: 1243px) 100vw, 1243px\" \/><button\n\t\t\tclass=\"lightbox-trigger\"\n\t\t\ttype=\"button\"\n\t\t\taria-haspopup=\"dialog\"\n\t\t\taria-label=\"Powi\u0119ksz\"\n\t\t\tdata-wp-init=\"callbacks.initTriggerButton\"\n\t\t\tdata-wp-on--click=\"actions.showLightbox\"\n\t\t\tdata-wp-style--right=\"state.imageButtonRight\"\n\t\t\tdata-wp-style--top=\"state.imageButtonTop\"\n\t\t>\n\t\t\t<svg xmlns=\"http:\/\/www.w3.org\/2000\/svg\" width=\"12\" height=\"12\" fill=\"none\" viewBox=\"0 0 12 12\">\n\t\t\t\t<path fill=\"#fff\" d=\"M2 0a2 2 0 0 0-2 2v2h1.5V2a.5.5 0 0 1 .5-.5h2V0H2Zm2 10.5H2a.5.5 0 0 1-.5-.5V8H0v2a2 2 0 0 0 2 2h2v-1.5ZM8 12v-1.5h2a.5.5 0 0 0 .5-.5V8H12v2a2 2 0 0 1-2 2H8Zm2-12a2 2 0 0 1 2 2v2h-1.5V2a.5.5 0 0 0-.5-.5H8V0h2Z\" \/>\n\t\t\t<\/svg>\n\t\t<\/button><figcaption class=\"wp-element-caption\">G\u00f3rka Duchowna. O\u0142tarz g\u0142\u00f3wny w Sanktuarium Matki Bo\u017cej Pocieszenia, po 1920 roku, G\u00f3rka Duchowna, Nak\u0142ad ks. J\u00f3zef Kr\u00f3tki<\/figcaption><\/figure>\n\n\n\n<p class=\"has-small-font-size\">nr inw. MLH 4477<br>W zbiorach Muzeum Okr\u0119gowego w Lesznie od 2004 roku, zakup<\/p>\n\n\n\n<p>D.Cz.<\/p>\n\n\n\n<figure class=\"wp-block-embed is-type-video is-provider-youtube wp-block-embed-youtube wp-embed-aspect-16-9 wp-has-aspect-ratio\"><div class=\"wp-block-embed__wrapper\">\n<iframe title=\"Go\u0301rka Duchowna  O\u0142tarz g\u0142o\u0301wny w Sanktuarium Matki Boz\u0307ej Pocieszenia, po 1920 roku\" width=\"620\" height=\"349\" src=\"https:\/\/www.youtube.com\/embed\/JxUiKy1UMTU?feature=oembed\" frameborder=\"0\" allow=\"accelerometer; autoplay; clipboard-write; encrypted-media; gyroscope; picture-in-picture; web-share\" referrerpolicy=\"strict-origin-when-cross-origin\" allowfullscreen><\/iframe>\n<\/div><\/figure>\n","protected":false},"excerpt":{"rendered":"<p>O\u0142tarz jest symbolem samego Chrystusa i nazywany jest sercem \u015bwi\u0105tyni, punktem ci\u0119\u017cko\u015bci, grawitacji. Ku niemu bowiem grawituje ca\u0142a uwaga modlitewna i na nim skupia si\u0119 uczestnictwo wiernych.&nbsp; (ks&#8230;.<\/p>\n","protected":false},"author":1,"featured_media":332,"comment_status":"closed","ping_status":"closed","sticky":false,"template":"","format":"standard","meta":{"cybocfi_hide_featured_image":"yes","footnotes":""},"categories":[40],"tags":[338,2327,2352,2350,2351,2325,2314,2335,520,2345,447,417,41,2333,2355,2344,2121,2324,2353,2339,995,690,2272,828,893,446,873,1730,1695,648,626,2343,2329,2326,2347,2348,2354,637,2301,2349,2328,2331,2332,2336,2330,2337,1103,2356,1368,635,2346,2342,2340,2338,2341,2334],"class_list":["post-331","post","type-post","status-publish","format-standard","has-post-thumbnail","hentry","category-gorka-duchowna","tag-338","tag-architektoniczny-oltarz","tag-azurowy","tag-balas","tag-balaska","tag-chrystus","tag-cud","tag-diabel","tag-dokumentacja","tag-dzieciatko-jezus","tag-edukacja","tag-fotografia","tag-gorka-duchowna","tag-gzyms","tag-ii-sobor-watykanski","tag-ikonografia","tag-jezuici","tag-jozef-krotki","tag-klecznik","tag-klerycy-regularni","tag-kolumna","tag-kosciol-katolicki","tag-kosciol-pod-wezwaniem-matki-bozej-pocieszenia-i-michala-archaniola","tag-krzyz","tag-ksiadz","tag-ksztalcenie","tag-matka-boska","tag-michal-archaniol","tag-nauka","tag-obraz","tag-oltarz-glowny","tag-osoba-duchowna","tag-piotr","tag-pozny-barok","tag-prawo-kanoniczne","tag-prezbiterium","tag-rezygnacja","tag-rzezba","tag-sanktuarium-matki-bozej-pocieszenia","tag-sluzba-liturgiczna","tag-sw","tag-sw-benedykt","tag-sw-jan-chrzciciel","tag-sw-kajetan-z-thieny","tag-sw-wojciech","tag-swiety","tag-symbol","tag-wielki-oltarz","tag-wnetrze-2","tag-wyposazenie","tag-zachwyt","tag-zakon","tag-zakon-pijarow","tag-zakon-teatynow","tag-zakonnicy","tag-zwienczenie"],"yoast_head":"<!-- This site is optimized with the Yoast SEO plugin v27.5 - https:\/\/yoast.com\/product\/yoast-seo-wordpress\/ -->\n<title>G\u00f3rka Duchowna. O\u0142tarz g\u0142\u00f3wny w Sanktuarium Matki Bo\u017cej Pocieszenia, po 1920 roku, G\u00f3rka Duchowna, Nak\u0142ad ks. J\u00f3zef Kr\u00f3tki - Ludzie i krajobrazy. Powiat Leszczy\u0144ski w ikonografii<\/title>\n<meta name=\"robots\" content=\"index, follow, max-snippet:-1, max-image-preview:large, max-video-preview:-1\" \/>\n<link rel=\"canonical\" href=\"http:\/\/ludzieikrajobrazy.muzeumleszno.pl\/?p=331\" \/>\n<meta property=\"og:locale\" content=\"pl_PL\" \/>\n<meta property=\"og:type\" content=\"article\" \/>\n<meta property=\"og:title\" content=\"G\u00f3rka Duchowna. O\u0142tarz g\u0142\u00f3wny w Sanktuarium Matki Bo\u017cej Pocieszenia, po 1920 roku, G\u00f3rka Duchowna, Nak\u0142ad ks. J\u00f3zef Kr\u00f3tki - Ludzie i krajobrazy. Powiat Leszczy\u0144ski w ikonografii\" \/>\n<meta property=\"og:description\" content=\"O\u0142tarz jest symbolem samego Chrystusa i nazywany jest sercem \u015bwi\u0105tyni, punktem ci\u0119\u017cko\u015bci, grawitacji. Ku niemu bowiem grawituje ca\u0142a uwaga modlitewna i na nim skupia si\u0119 uczestnictwo wiernych.&nbsp; (ks....\" \/>\n<meta property=\"og:url\" content=\"http:\/\/ludzieikrajobrazy.muzeumleszno.pl\/?p=331\" \/>\n<meta property=\"og:site_name\" content=\"Ludzie i krajobrazy. Powiat Leszczy\u0144ski w ikonografii\" \/>\n<meta property=\"article:published_time\" content=\"2024-07-20T09:57:13+00:00\" \/>\n<meta property=\"article:modified_time\" content=\"2024-09-19T11:04:56+00:00\" \/>\n<meta property=\"og:image\" content=\"http:\/\/ludzieikrajobrazy.muzeumleszno.pl\/wp-content\/uploads\/2024\/07\/38_MLH-4477.jpg\" \/>\n\t<meta property=\"og:image:width\" content=\"1243\" \/>\n\t<meta property=\"og:image:height\" content=\"2000\" \/>\n\t<meta property=\"og:image:type\" content=\"image\/jpeg\" \/>\n<meta name=\"author\" content=\"Pan_Admin\" \/>\n<meta name=\"twitter:card\" content=\"summary_large_image\" \/>\n<meta name=\"twitter:label1\" content=\"Napisane przez\" \/>\n\t<meta name=\"twitter:data1\" content=\"Pan_Admin\" \/>\n\t<meta name=\"twitter:label2\" content=\"Szacowany czas czytania\" \/>\n\t<meta name=\"twitter:data2\" content=\"2 minuty\" \/>\n<script type=\"application\/ld+json\" class=\"yoast-schema-graph\">{\"@context\":\"https:\\\/\\\/schema.org\",\"@graph\":[{\"@type\":\"Article\",\"@id\":\"http:\\\/\\\/ludzieikrajobrazy.muzeumleszno.pl\\\/?p=331#article\",\"isPartOf\":{\"@id\":\"http:\\\/\\\/ludzieikrajobrazy.muzeumleszno.pl\\\/?p=331\"},\"author\":{\"name\":\"Pan_Admin\",\"@id\":\"https:\\\/\\\/ludzieikrajobrazy.muzeumleszno.pl\\\/#\\\/schema\\\/person\\\/fc2bc20e2b51efc3202ac1f0cdcd06c0\"},\"headline\":\"G\u00f3rka Duchowna. O\u0142tarz g\u0142\u00f3wny w Sanktuarium Matki Bo\u017cej Pocieszenia, po 1920 roku, G\u00f3rka Duchowna, Nak\u0142ad ks. J\u00f3zef Kr\u00f3tki\",\"datePublished\":\"2024-07-20T09:57:13+00:00\",\"dateModified\":\"2024-09-19T11:04:56+00:00\",\"mainEntityOfPage\":{\"@id\":\"http:\\\/\\\/ludzieikrajobrazy.muzeumleszno.pl\\\/?p=331\"},\"wordCount\":320,\"image\":{\"@id\":\"http:\\\/\\\/ludzieikrajobrazy.muzeumleszno.pl\\\/?p=331#primaryimage\"},\"thumbnailUrl\":\"http:\\\/\\\/ludzieikrajobrazy.muzeumleszno.pl\\\/wp-content\\\/uploads\\\/2024\\\/07\\\/38_MLH-4477.jpg\",\"keywords\":[\"1920\",\"architektoniczny o\u0142tarz\",\"a\u017curowy\",\"balas\",\"balaska\",\"Chrystus\",\"cud\",\"diabe\u0142\",\"dokumentacja\",\"Dzieci\u0105tko jezus\",\"edukacja\",\"fotografia\",\"G\u00f3rka Duchowna\",\"gzyms\",\"II Sob\u00f3r Watyka\u0144ski\",\"ikonografia\",\"jezuici\",\"J\u00f3zef Kr\u00f3tki\",\"kl\u0119cznik\",\"klerycy regularni\",\"kolumna\",\"Ko\u015bci\u00f3\u0142 Katolicki\",\"ko\u015bci\u00f3\u0142 pod wezwaniem Matki Bo\u017cej Pocieszenia i Micha\u0142a Archanio\u0142a\",\"krzy\u017c\",\"ksi\u0105dz\",\"kszta\u0142cenie\",\"Matka Boska\",\"Micha\u0142 Archanio\u0142\",\"nauka\",\"obraz\",\"o\u0142tarz g\u0142\u00f3wny\",\"osoba duchowna\",\"Piotr\",\"p\u00f3\u017any barok\",\"prawo kanoniczne\",\"prezbiterium\",\"rezygnacja\",\"rze\u017aba\",\"Sanktuarium Matki Bo\u017cej Pocieszenia\",\"s\u0142u\u017cba liturgiczna\",\"\u015bw\",\"\u015bw. Benedykt\",\"\u015bw. Jan Chrzciciel\",\"\u015bw. Kajetan z Thieny\",\"\u015bw. Wojciech\",\"\u015bwi\u0119ty\",\"symbol\",\"wielki o\u0142tarz\",\"wnetrze\",\"wyposa\u017cenie\",\"zachwyt\",\"zakon\",\"zakon pijar\u00f3w\",\"zakon teatyn\u00f3w\",\"zakonnicy\",\"zwie\u0144czenie\"],\"articleSection\":[\"G\u00f3rka Duchowna\"],\"inLanguage\":\"pl-PL\"},{\"@type\":\"WebPage\",\"@id\":\"http:\\\/\\\/ludzieikrajobrazy.muzeumleszno.pl\\\/?p=331\",\"url\":\"http:\\\/\\\/ludzieikrajobrazy.muzeumleszno.pl\\\/?p=331\",\"name\":\"G\u00f3rka Duchowna. O\u0142tarz g\u0142\u00f3wny w Sanktuarium Matki Bo\u017cej Pocieszenia, po 1920 roku, G\u00f3rka Duchowna, Nak\u0142ad ks. J\u00f3zef Kr\u00f3tki - Ludzie i krajobrazy. Powiat Leszczy\u0144ski w ikonografii\",\"isPartOf\":{\"@id\":\"https:\\\/\\\/ludzieikrajobrazy.muzeumleszno.pl\\\/#website\"},\"primaryImageOfPage\":{\"@id\":\"http:\\\/\\\/ludzieikrajobrazy.muzeumleszno.pl\\\/?p=331#primaryimage\"},\"image\":{\"@id\":\"http:\\\/\\\/ludzieikrajobrazy.muzeumleszno.pl\\\/?p=331#primaryimage\"},\"thumbnailUrl\":\"http:\\\/\\\/ludzieikrajobrazy.muzeumleszno.pl\\\/wp-content\\\/uploads\\\/2024\\\/07\\\/38_MLH-4477.jpg\",\"datePublished\":\"2024-07-20T09:57:13+00:00\",\"dateModified\":\"2024-09-19T11:04:56+00:00\",\"author\":{\"@id\":\"https:\\\/\\\/ludzieikrajobrazy.muzeumleszno.pl\\\/#\\\/schema\\\/person\\\/fc2bc20e2b51efc3202ac1f0cdcd06c0\"},\"breadcrumb\":{\"@id\":\"http:\\\/\\\/ludzieikrajobrazy.muzeumleszno.pl\\\/?p=331#breadcrumb\"},\"inLanguage\":\"pl-PL\",\"potentialAction\":[{\"@type\":\"ReadAction\",\"target\":[\"http:\\\/\\\/ludzieikrajobrazy.muzeumleszno.pl\\\/?p=331\"]}]},{\"@type\":\"BreadcrumbList\",\"@id\":\"http:\\\/\\\/ludzieikrajobrazy.muzeumleszno.pl\\\/?p=331#breadcrumb\",\"itemListElement\":[{\"@type\":\"ListItem\",\"position\":1,\"name\":\"Home\",\"item\":\"https:\\\/\\\/ludzieikrajobrazy.muzeumleszno.pl\\\/\"},{\"@type\":\"ListItem\",\"position\":2,\"name\":\"G\u00f3rka Duchowna. O\u0142tarz g\u0142\u00f3wny w Sanktuarium Matki Bo\u017cej Pocieszenia, po 1920 roku, G\u00f3rka Duchowna, Nak\u0142ad ks. J\u00f3zef Kr\u00f3tki\"}]},{\"@type\":\"WebSite\",\"@id\":\"https:\\\/\\\/ludzieikrajobrazy.muzeumleszno.pl\\\/#website\",\"url\":\"https:\\\/\\\/ludzieikrajobrazy.muzeumleszno.pl\\\/\",\"name\":\"Ludzie i krajobrazy. Powiat Leszczy\u0144ski w ikonografii\",\"description\":\"Powiat Leszczy\u0144ski w ikonografii\",\"potentialAction\":[{\"@type\":\"SearchAction\",\"target\":{\"@type\":\"EntryPoint\",\"urlTemplate\":\"https:\\\/\\\/ludzieikrajobrazy.muzeumleszno.pl\\\/?s={search_term_string}\"},\"query-input\":{\"@type\":\"PropertyValueSpecification\",\"valueRequired\":true,\"valueName\":\"search_term_string\"}}],\"inLanguage\":\"pl-PL\"},{\"@type\":\"Person\",\"@id\":\"https:\\\/\\\/ludzieikrajobrazy.muzeumleszno.pl\\\/#\\\/schema\\\/person\\\/fc2bc20e2b51efc3202ac1f0cdcd06c0\",\"name\":\"Pan_Admin\",\"image\":{\"@type\":\"ImageObject\",\"inLanguage\":\"pl-PL\",\"@id\":\"https:\\\/\\\/secure.gravatar.com\\\/avatar\\\/d109d485abe889ecc32dbdb971b715ad9d4596bd0e2353626451db3e04099822?s=96&d=mm&r=g\",\"url\":\"https:\\\/\\\/secure.gravatar.com\\\/avatar\\\/d109d485abe889ecc32dbdb971b715ad9d4596bd0e2353626451db3e04099822?s=96&d=mm&r=g\",\"contentUrl\":\"https:\\\/\\\/secure.gravatar.com\\\/avatar\\\/d109d485abe889ecc32dbdb971b715ad9d4596bd0e2353626451db3e04099822?s=96&d=mm&r=g\",\"caption\":\"Pan_Admin\"},\"sameAs\":[\"http:\\\/\\\/ludzieikrajobrazy.muzeumleszno.pl\"],\"url\":\"http:\\\/\\\/ludzieikrajobrazy.muzeumleszno.pl\\\/?author=1\"}]}<\/script>\n<!-- \/ Yoast SEO plugin. -->","yoast_head_json":{"title":"G\u00f3rka Duchowna. O\u0142tarz g\u0142\u00f3wny w Sanktuarium Matki Bo\u017cej Pocieszenia, po 1920 roku, G\u00f3rka Duchowna, Nak\u0142ad ks. J\u00f3zef Kr\u00f3tki - Ludzie i krajobrazy. Powiat Leszczy\u0144ski w ikonografii","robots":{"index":"index","follow":"follow","max-snippet":"max-snippet:-1","max-image-preview":"max-image-preview:large","max-video-preview":"max-video-preview:-1"},"canonical":"http:\/\/ludzieikrajobrazy.muzeumleszno.pl\/?p=331","og_locale":"pl_PL","og_type":"article","og_title":"G\u00f3rka Duchowna. O\u0142tarz g\u0142\u00f3wny w Sanktuarium Matki Bo\u017cej Pocieszenia, po 1920 roku, G\u00f3rka Duchowna, Nak\u0142ad ks. J\u00f3zef Kr\u00f3tki - Ludzie i krajobrazy. Powiat Leszczy\u0144ski w ikonografii","og_description":"O\u0142tarz jest symbolem samego Chrystusa i nazywany jest sercem \u015bwi\u0105tyni, punktem ci\u0119\u017cko\u015bci, grawitacji. Ku niemu bowiem grawituje ca\u0142a uwaga modlitewna i na nim skupia si\u0119 uczestnictwo wiernych.&nbsp; (ks....","og_url":"http:\/\/ludzieikrajobrazy.muzeumleszno.pl\/?p=331","og_site_name":"Ludzie i krajobrazy. Powiat Leszczy\u0144ski w ikonografii","article_published_time":"2024-07-20T09:57:13+00:00","article_modified_time":"2024-09-19T11:04:56+00:00","og_image":[{"width":1243,"height":2000,"url":"http:\/\/ludzieikrajobrazy.muzeumleszno.pl\/wp-content\/uploads\/2024\/07\/38_MLH-4477.jpg","type":"image\/jpeg"}],"author":"Pan_Admin","twitter_card":"summary_large_image","twitter_misc":{"Napisane przez":"Pan_Admin","Szacowany czas czytania":"2 minuty"},"schema":{"@context":"https:\/\/schema.org","@graph":[{"@type":"Article","@id":"http:\/\/ludzieikrajobrazy.muzeumleszno.pl\/?p=331#article","isPartOf":{"@id":"http:\/\/ludzieikrajobrazy.muzeumleszno.pl\/?p=331"},"author":{"name":"Pan_Admin","@id":"https:\/\/ludzieikrajobrazy.muzeumleszno.pl\/#\/schema\/person\/fc2bc20e2b51efc3202ac1f0cdcd06c0"},"headline":"G\u00f3rka Duchowna. O\u0142tarz g\u0142\u00f3wny w Sanktuarium Matki Bo\u017cej Pocieszenia, po 1920 roku, G\u00f3rka Duchowna, Nak\u0142ad ks. J\u00f3zef Kr\u00f3tki","datePublished":"2024-07-20T09:57:13+00:00","dateModified":"2024-09-19T11:04:56+00:00","mainEntityOfPage":{"@id":"http:\/\/ludzieikrajobrazy.muzeumleszno.pl\/?p=331"},"wordCount":320,"image":{"@id":"http:\/\/ludzieikrajobrazy.muzeumleszno.pl\/?p=331#primaryimage"},"thumbnailUrl":"http:\/\/ludzieikrajobrazy.muzeumleszno.pl\/wp-content\/uploads\/2024\/07\/38_MLH-4477.jpg","keywords":["1920","architektoniczny o\u0142tarz","a\u017curowy","balas","balaska","Chrystus","cud","diabe\u0142","dokumentacja","Dzieci\u0105tko jezus","edukacja","fotografia","G\u00f3rka Duchowna","gzyms","II Sob\u00f3r Watyka\u0144ski","ikonografia","jezuici","J\u00f3zef Kr\u00f3tki","kl\u0119cznik","klerycy regularni","kolumna","Ko\u015bci\u00f3\u0142 Katolicki","ko\u015bci\u00f3\u0142 pod wezwaniem Matki Bo\u017cej Pocieszenia i Micha\u0142a Archanio\u0142a","krzy\u017c","ksi\u0105dz","kszta\u0142cenie","Matka Boska","Micha\u0142 Archanio\u0142","nauka","obraz","o\u0142tarz g\u0142\u00f3wny","osoba duchowna","Piotr","p\u00f3\u017any barok","prawo kanoniczne","prezbiterium","rezygnacja","rze\u017aba","Sanktuarium Matki Bo\u017cej Pocieszenia","s\u0142u\u017cba liturgiczna","\u015bw","\u015bw. Benedykt","\u015bw. Jan Chrzciciel","\u015bw. Kajetan z Thieny","\u015bw. Wojciech","\u015bwi\u0119ty","symbol","wielki o\u0142tarz","wnetrze","wyposa\u017cenie","zachwyt","zakon","zakon pijar\u00f3w","zakon teatyn\u00f3w","zakonnicy","zwie\u0144czenie"],"articleSection":["G\u00f3rka Duchowna"],"inLanguage":"pl-PL"},{"@type":"WebPage","@id":"http:\/\/ludzieikrajobrazy.muzeumleszno.pl\/?p=331","url":"http:\/\/ludzieikrajobrazy.muzeumleszno.pl\/?p=331","name":"G\u00f3rka Duchowna. O\u0142tarz g\u0142\u00f3wny w Sanktuarium Matki Bo\u017cej Pocieszenia, po 1920 roku, G\u00f3rka Duchowna, Nak\u0142ad ks. J\u00f3zef Kr\u00f3tki - Ludzie i krajobrazy. Powiat Leszczy\u0144ski w ikonografii","isPartOf":{"@id":"https:\/\/ludzieikrajobrazy.muzeumleszno.pl\/#website"},"primaryImageOfPage":{"@id":"http:\/\/ludzieikrajobrazy.muzeumleszno.pl\/?p=331#primaryimage"},"image":{"@id":"http:\/\/ludzieikrajobrazy.muzeumleszno.pl\/?p=331#primaryimage"},"thumbnailUrl":"http:\/\/ludzieikrajobrazy.muzeumleszno.pl\/wp-content\/uploads\/2024\/07\/38_MLH-4477.jpg","datePublished":"2024-07-20T09:57:13+00:00","dateModified":"2024-09-19T11:04:56+00:00","author":{"@id":"https:\/\/ludzieikrajobrazy.muzeumleszno.pl\/#\/schema\/person\/fc2bc20e2b51efc3202ac1f0cdcd06c0"},"breadcrumb":{"@id":"http:\/\/ludzieikrajobrazy.muzeumleszno.pl\/?p=331#breadcrumb"},"inLanguage":"pl-PL","potentialAction":[{"@type":"ReadAction","target":["http:\/\/ludzieikrajobrazy.muzeumleszno.pl\/?p=331"]}]},{"@type":"BreadcrumbList","@id":"http:\/\/ludzieikrajobrazy.muzeumleszno.pl\/?p=331#breadcrumb","itemListElement":[{"@type":"ListItem","position":1,"name":"Home","item":"https:\/\/ludzieikrajobrazy.muzeumleszno.pl\/"},{"@type":"ListItem","position":2,"name":"G\u00f3rka Duchowna. O\u0142tarz g\u0142\u00f3wny w Sanktuarium Matki Bo\u017cej Pocieszenia, po 1920 roku, G\u00f3rka Duchowna, Nak\u0142ad ks. J\u00f3zef Kr\u00f3tki"}]},{"@type":"WebSite","@id":"https:\/\/ludzieikrajobrazy.muzeumleszno.pl\/#website","url":"https:\/\/ludzieikrajobrazy.muzeumleszno.pl\/","name":"Ludzie i krajobrazy. Powiat Leszczy\u0144ski w ikonografii","description":"Powiat Leszczy\u0144ski w ikonografii","potentialAction":[{"@type":"SearchAction","target":{"@type":"EntryPoint","urlTemplate":"https:\/\/ludzieikrajobrazy.muzeumleszno.pl\/?s={search_term_string}"},"query-input":{"@type":"PropertyValueSpecification","valueRequired":true,"valueName":"search_term_string"}}],"inLanguage":"pl-PL"},{"@type":"Person","@id":"https:\/\/ludzieikrajobrazy.muzeumleszno.pl\/#\/schema\/person\/fc2bc20e2b51efc3202ac1f0cdcd06c0","name":"Pan_Admin","image":{"@type":"ImageObject","inLanguage":"pl-PL","@id":"https:\/\/secure.gravatar.com\/avatar\/d109d485abe889ecc32dbdb971b715ad9d4596bd0e2353626451db3e04099822?s=96&d=mm&r=g","url":"https:\/\/secure.gravatar.com\/avatar\/d109d485abe889ecc32dbdb971b715ad9d4596bd0e2353626451db3e04099822?s=96&d=mm&r=g","contentUrl":"https:\/\/secure.gravatar.com\/avatar\/d109d485abe889ecc32dbdb971b715ad9d4596bd0e2353626451db3e04099822?s=96&d=mm&r=g","caption":"Pan_Admin"},"sameAs":["http:\/\/ludzieikrajobrazy.muzeumleszno.pl"],"url":"http:\/\/ludzieikrajobrazy.muzeumleszno.pl\/?author=1"}]}},"_links":{"self":[{"href":"http:\/\/ludzieikrajobrazy.muzeumleszno.pl\/index.php?rest_route=\/wp\/v2\/posts\/331","targetHints":{"allow":["GET"]}}],"collection":[{"href":"http:\/\/ludzieikrajobrazy.muzeumleszno.pl\/index.php?rest_route=\/wp\/v2\/posts"}],"about":[{"href":"http:\/\/ludzieikrajobrazy.muzeumleszno.pl\/index.php?rest_route=\/wp\/v2\/types\/post"}],"author":[{"embeddable":true,"href":"http:\/\/ludzieikrajobrazy.muzeumleszno.pl\/index.php?rest_route=\/wp\/v2\/users\/1"}],"replies":[{"embeddable":true,"href":"http:\/\/ludzieikrajobrazy.muzeumleszno.pl\/index.php?rest_route=%2Fwp%2Fv2%2Fcomments&post=331"}],"version-history":[{"count":2,"href":"http:\/\/ludzieikrajobrazy.muzeumleszno.pl\/index.php?rest_route=\/wp\/v2\/posts\/331\/revisions"}],"predecessor-version":[{"id":1188,"href":"http:\/\/ludzieikrajobrazy.muzeumleszno.pl\/index.php?rest_route=\/wp\/v2\/posts\/331\/revisions\/1188"}],"wp:featuredmedia":[{"embeddable":true,"href":"http:\/\/ludzieikrajobrazy.muzeumleszno.pl\/index.php?rest_route=\/wp\/v2\/media\/332"}],"wp:attachment":[{"href":"http:\/\/ludzieikrajobrazy.muzeumleszno.pl\/index.php?rest_route=%2Fwp%2Fv2%2Fmedia&parent=331"}],"wp:term":[{"taxonomy":"category","embeddable":true,"href":"http:\/\/ludzieikrajobrazy.muzeumleszno.pl\/index.php?rest_route=%2Fwp%2Fv2%2Fcategories&post=331"},{"taxonomy":"post_tag","embeddable":true,"href":"http:\/\/ludzieikrajobrazy.muzeumleszno.pl\/index.php?rest_route=%2Fwp%2Fv2%2Ftags&post=331"}],"curies":[{"name":"wp","href":"https:\/\/api.w.org\/{rel}","templated":true}]}}