{"id":334,"date":"2024-07-20T11:56:33","date_gmt":"2024-07-20T09:56:33","guid":{"rendered":"http:\/\/ludzieikrajobrazy.muzeumleszno.pl\/?p=334"},"modified":"2024-09-19T13:45:55","modified_gmt":"2024-09-19T11:45:55","slug":"gorka-duchowna-oltarz-boczny-w-sanktuarium-matki-bozej-pocieszenia-pocz-xx-wieku-czempin-naklad-i-fotografia-leon-durczykiewicz","status":"publish","type":"post","link":"http:\/\/ludzieikrajobrazy.muzeumleszno.pl\/?p=334","title":{"rendered":"G\u00f3rka Duchowna. O\u0142tarz boczny w Sanktuarium Matki Bo\u017cej Pocieszenia, pocz. XX wieku, Czempi\u0144, Nak\u0142ad i fotografia Leon Durczykiewicz"},"content":{"rendered":"\n<p>Wn\u0119trze ko\u015bcio\u0142a pw. Matki Bo\u017cej Pocieszenia i Micha\u0142a Archanio\u0142a urzeka oszcz\u0119dno\u015bci\u0105 formy i prostot\u0105 kompozycji. Na poczt\u00f3wce ukazano architektoniczny o\u0142tarz boczny z oko\u0142o 1760 roku, z rozbudowan\u0105 dekoracj\u0105 rze\u017abiarsk\u0105. O\u0142tarz zdobi\u0105 rze\u017aby \u015bw. Anny (z lewej strony) i \u015bw. Joachima (z prawej) oraz przedstawienie Tr\u00f3jcy \u015awi\u0119tej na tle ob\u0142ok\u00f3w w promienistej glorii. W polu \u015brodkowym, w rokokowej, z\u0142oconej ramie wisi cudowny obraz Matki Boskiej z Dzieci\u0105tkiem pochodz\u0105cy z XVII wieku.&nbsp;<\/p>\n\n\n\n<p>Jak g\u0142osi legenda obraz przeniesiono do G\u00f3rki w 1410 roku. Ju\u017c w XV stuleciu sta\u0142 si\u0119 obiektem kultu i zacz\u0105\u0142 przyci\u0105ga\u0107 pielgrzym\u00f3w z okolicznych miejscowo\u015bci. Za cudowny oficjalnie uznano go w XVIII wieku, a w\u015br\u00f3d odwiedzaj\u0105cych go p\u0105tnik\u00f3w byli m.in.: \u015bw. Stanis\u0142aw Kostka (1550\u20131568), S\u0142uga Bo\u017cy Bernard z W\u0105brze\u017ana (1575\u20131603), misjonarz i poeta ks. Karol Antoniewicz (1807\u20131852) oraz b\u0142.&nbsp; Edmund Bojanowski (1814\u20131871).&nbsp;<\/p>\n\n\n\n<p>Obraz sp\u0142on\u0105\u0142 w 1927 roku, a wsp\u00f3\u0142czesn\u0105 kopi\u0119 na blasze miedzianej wykona\u0142 malarz Marian Szczurkowski (1863\u20131929), jeden z uczni\u00f3w Jana Matejki (1838\u20131893).&nbsp;<\/p>\n\n\n\n<figure data-wp-context=\"{&quot;imageId&quot;:&quot;69f1cb848411f&quot;}\" data-wp-interactive=\"core\/image\" data-wp-key=\"69f1cb848411f\" class=\"wp-block-image size-full wp-lightbox-container\"><img fetchpriority=\"high\" decoding=\"async\" width=\"1260\" height=\"2000\" data-wp-class--hide=\"state.isContentHidden\" data-wp-class--show=\"state.isContentVisible\" data-wp-init=\"callbacks.setButtonStyles\" data-wp-on--click=\"actions.showLightbox\" data-wp-on--load=\"callbacks.setButtonStyles\" data-wp-on-window--resize=\"callbacks.setButtonStyles\" src=\"http:\/\/ludzieikrajobrazy.muzeumleszno.pl\/wp-content\/uploads\/2024\/07\/39_-MLH-4251.jpg\" alt=\"G\u00f3rka Duchowna. O\u0142tarz boczny w Sanktuarium Matki Bo\u017cej Pocieszenia, pocz. XX wieku\" class=\"wp-image-335\" srcset=\"http:\/\/ludzieikrajobrazy.muzeumleszno.pl\/wp-content\/uploads\/2024\/07\/39_-MLH-4251.jpg 1260w, http:\/\/ludzieikrajobrazy.muzeumleszno.pl\/wp-content\/uploads\/2024\/07\/39_-MLH-4251-968x1536.jpg 968w, http:\/\/ludzieikrajobrazy.muzeumleszno.pl\/wp-content\/uploads\/2024\/07\/39_-MLH-4251-200x317.jpg 200w, http:\/\/ludzieikrajobrazy.muzeumleszno.pl\/wp-content\/uploads\/2024\/07\/39_-MLH-4251-973x1544.jpg 973w, http:\/\/ludzieikrajobrazy.muzeumleszno.pl\/wp-content\/uploads\/2024\/07\/39_-MLH-4251-508x806.jpg 508w\" sizes=\"(max-width: 1260px) 100vw, 1260px\" \/><button\n\t\t\tclass=\"lightbox-trigger\"\n\t\t\ttype=\"button\"\n\t\t\taria-haspopup=\"dialog\"\n\t\t\taria-label=\"Powi\u0119ksz\"\n\t\t\tdata-wp-init=\"callbacks.initTriggerButton\"\n\t\t\tdata-wp-on--click=\"actions.showLightbox\"\n\t\t\tdata-wp-style--right=\"state.imageButtonRight\"\n\t\t\tdata-wp-style--top=\"state.imageButtonTop\"\n\t\t>\n\t\t\t<svg xmlns=\"http:\/\/www.w3.org\/2000\/svg\" width=\"12\" height=\"12\" fill=\"none\" viewBox=\"0 0 12 12\">\n\t\t\t\t<path fill=\"#fff\" d=\"M2 0a2 2 0 0 0-2 2v2h1.5V2a.5.5 0 0 1 .5-.5h2V0H2Zm2 10.5H2a.5.5 0 0 1-.5-.5V8H0v2a2 2 0 0 0 2 2h2v-1.5ZM8 12v-1.5h2a.5.5 0 0 0 .5-.5V8H12v2a2 2 0 0 1-2 2H8Zm2-12a2 2 0 0 1 2 2v2h-1.5V2a.5.5 0 0 0-.5-.5H8V0h2Z\" \/>\n\t\t\t<\/svg>\n\t\t<\/button><figcaption class=\"wp-element-caption\">G\u00f3rka Duchowna. O\u0142tarz boczny w Sanktuarium Matki Bo\u017cej Pocieszenia, pocz. XX wieku<\/figcaption><\/figure>\n\n\n\n<p class=\"has-small-font-size\">nr inw. MLH 4251<br>W zbiorach Muzeum Okr\u0119gowego w Lesznie od 1998 roku, zakup<\/p>\n\n\n\n<p>D.Cz.<\/p>\n\n\n\n<figure class=\"wp-block-embed is-type-video is-provider-youtube wp-block-embed-youtube wp-embed-aspect-16-9 wp-has-aspect-ratio\"><div class=\"wp-block-embed__wrapper\">\n<iframe title=\"Go\u0301rka Duchowna  O\u0142tarz boczny w Sanktuarium Matki Boz\u0307ej Pocieszenia, pocz  XX wieku\" width=\"620\" height=\"349\" src=\"https:\/\/www.youtube.com\/embed\/s9OWGHRiOuw?feature=oembed\" frameborder=\"0\" allow=\"accelerometer; autoplay; clipboard-write; encrypted-media; gyroscope; picture-in-picture; web-share\" referrerpolicy=\"strict-origin-when-cross-origin\" allowfullscreen><\/iframe>\n<\/div><\/figure>\n","protected":false},"excerpt":{"rendered":"<p>Wn\u0119trze ko\u015bcio\u0142a pw. Matki Bo\u017cej Pocieszenia i Micha\u0142a Archanio\u0142a urzeka oszcz\u0119dno\u015bci\u0105 formy i prostot\u0105 kompozycji. Na poczt\u00f3wce ukazano architektoniczny o\u0142tarz boczny z oko\u0142o 1760 roku, z rozbudowan\u0105 dekoracj\u0105&#8230;<\/p>\n","protected":false},"author":1,"featured_media":335,"comment_status":"closed","ping_status":"closed","sticky":false,"template":"","format":"standard","meta":{"cybocfi_hide_featured_image":"yes","footnotes":""},"categories":[40],"tags":[2327,1723,1747,2364,1765,2314,367,2358,520,2345,1725,649,417,1736,41,1748,1724,2365,1734,1746,2272,893,1176,2361,869,368,342,1726,873,2315,1732,2362,1735,648,627,2357,1742,2363,225,1731,1396,422,637,2301,859,2328,1721,1727,1722,2359,2188,1213,420,635,2360,1882],"class_list":["post-334","post","type-post","status-publish","format-standard","has-post-thumbnail","hentry","category-gorka-duchowna","tag-architektoniczny-oltarz","tag-bernard-z-wabrzezna","tag-blasza-miedziana","tag-blogoslawiony","tag-cokol","tag-cud","tag-czempin","tag-dekoracja-rzezbiarska","tag-dokumentacja","tag-dzieciatko-jezus","tag-edmund-bojanowski","tag-figura","tag-fotografia","tag-gloria","tag-gorka-duchowna","tag-jan-matejko","tag-karol-antoniewicz","tag-kolumny","tag-kompozycja","tag-kopia","tag-kosciol-pod-wezwaniem-matki-bozej-pocieszenia-i-michala-archaniola","tag-ksiadz","tag-kult","tag-kult-rligijny","tag-legenda","tag-leon-durczykiewicz","tag-malarz","tag-marian-szczurkowski","tag-matka-boska","tag-matka-boska-z-dzieciatkiem","tag-minimalizm","tag-misjonarz","tag-oblok","tag-obraz","tag-oltarz-boczny","tag-oszczednosc-2","tag-pielgrzym","tag-poeta","tag-pozar","tag-prostota","tag-religia","tag-rokoko","tag-rzezba","tag-sanktuarium-matki-bozej-pocieszenia","tag-schody","tag-sw","tag-sw-anna","tag-sw-joachim","tag-sw-stanislaw-kostka","tag-trojca-swieta-2","tag-uczen","tag-wiara","tag-wnetrze","tag-wyposazenie","tag-zlocona-rama","tag-zniszczenie"],"yoast_head":"<!-- This site is optimized with the Yoast SEO plugin v27.5 - https:\/\/yoast.com\/product\/yoast-seo-wordpress\/ -->\n<title>G\u00f3rka Duchowna. O\u0142tarz boczny w Sanktuarium Matki Bo\u017cej Pocieszenia, pocz. XX wieku, Czempi\u0144, Nak\u0142ad i fotografia Leon Durczykiewicz - Ludzie i krajobrazy. Powiat Leszczy\u0144ski w ikonografii<\/title>\n<meta name=\"robots\" content=\"index, follow, max-snippet:-1, max-image-preview:large, max-video-preview:-1\" \/>\n<link rel=\"canonical\" href=\"http:\/\/ludzieikrajobrazy.muzeumleszno.pl\/?p=334\" \/>\n<meta property=\"og:locale\" content=\"pl_PL\" \/>\n<meta property=\"og:type\" content=\"article\" \/>\n<meta property=\"og:title\" content=\"G\u00f3rka Duchowna. O\u0142tarz boczny w Sanktuarium Matki Bo\u017cej Pocieszenia, pocz. XX wieku, Czempi\u0144, Nak\u0142ad i fotografia Leon Durczykiewicz - Ludzie i krajobrazy. Powiat Leszczy\u0144ski w ikonografii\" \/>\n<meta property=\"og:description\" content=\"Wn\u0119trze ko\u015bcio\u0142a pw. Matki Bo\u017cej Pocieszenia i Micha\u0142a Archanio\u0142a urzeka oszcz\u0119dno\u015bci\u0105 formy i prostot\u0105 kompozycji. Na poczt\u00f3wce ukazano architektoniczny o\u0142tarz boczny z oko\u0142o 1760 roku, z rozbudowan\u0105 dekoracj\u0105...\" \/>\n<meta property=\"og:url\" content=\"http:\/\/ludzieikrajobrazy.muzeumleszno.pl\/?p=334\" \/>\n<meta property=\"og:site_name\" content=\"Ludzie i krajobrazy. Powiat Leszczy\u0144ski w ikonografii\" \/>\n<meta property=\"article:published_time\" content=\"2024-07-20T09:56:33+00:00\" \/>\n<meta property=\"article:modified_time\" content=\"2024-09-19T11:45:55+00:00\" \/>\n<meta property=\"og:image\" content=\"http:\/\/ludzieikrajobrazy.muzeumleszno.pl\/wp-content\/uploads\/2024\/07\/39_-MLH-4251.jpg\" \/>\n\t<meta property=\"og:image:width\" content=\"1260\" \/>\n\t<meta property=\"og:image:height\" content=\"2000\" \/>\n\t<meta property=\"og:image:type\" content=\"image\/jpeg\" \/>\n<meta name=\"author\" content=\"Pan_Admin\" \/>\n<meta name=\"twitter:card\" content=\"summary_large_image\" \/>\n<meta name=\"twitter:label1\" content=\"Napisane przez\" \/>\n\t<meta name=\"twitter:data1\" content=\"Pan_Admin\" \/>\n\t<meta name=\"twitter:label2\" content=\"Szacowany czas czytania\" \/>\n\t<meta name=\"twitter:data2\" content=\"2 minuty\" \/>\n<script type=\"application\/ld+json\" class=\"yoast-schema-graph\">{\"@context\":\"https:\\\/\\\/schema.org\",\"@graph\":[{\"@type\":\"Article\",\"@id\":\"http:\\\/\\\/ludzieikrajobrazy.muzeumleszno.pl\\\/?p=334#article\",\"isPartOf\":{\"@id\":\"http:\\\/\\\/ludzieikrajobrazy.muzeumleszno.pl\\\/?p=334\"},\"author\":{\"name\":\"Pan_Admin\",\"@id\":\"https:\\\/\\\/ludzieikrajobrazy.muzeumleszno.pl\\\/#\\\/schema\\\/person\\\/fc2bc20e2b51efc3202ac1f0cdcd06c0\"},\"headline\":\"G\u00f3rka Duchowna. O\u0142tarz boczny w Sanktuarium Matki Bo\u017cej Pocieszenia, pocz. XX wieku, Czempi\u0144, Nak\u0142ad i fotografia Leon Durczykiewicz\",\"datePublished\":\"2024-07-20T09:56:33+00:00\",\"dateModified\":\"2024-09-19T11:45:55+00:00\",\"mainEntityOfPage\":{\"@id\":\"http:\\\/\\\/ludzieikrajobrazy.muzeumleszno.pl\\\/?p=334\"},\"wordCount\":246,\"image\":{\"@id\":\"http:\\\/\\\/ludzieikrajobrazy.muzeumleszno.pl\\\/?p=334#primaryimage\"},\"thumbnailUrl\":\"http:\\\/\\\/ludzieikrajobrazy.muzeumleszno.pl\\\/wp-content\\\/uploads\\\/2024\\\/07\\\/39_-MLH-4251.jpg\",\"keywords\":[\"architektoniczny o\u0142tarz\",\"Bernard z w\u0105brze\u017ana\",\"blasza miedziana\",\"b\u0142ogos\u0142awiony\",\"cok\u00f3\u0142\",\"cud\",\"Czempi\u0144\",\"dekoracja rze\u017abiarska\",\"dokumentacja\",\"Dzieci\u0105tko jezus\",\"Edmund bojanowski\",\"figura\",\"fotografia\",\"gloria\",\"G\u00f3rka Duchowna\",\"Jan Matejko\",\"Karol antoniewicz\",\"kolumny\",\"kompozycja\",\"kopia\",\"ko\u015bci\u00f3\u0142 pod wezwaniem Matki Bo\u017cej Pocieszenia i Micha\u0142a Archanio\u0142a\",\"ksi\u0105dz\",\"kult\",\"kult rligijny\",\"legenda\",\"Leon Durczykiewicz\",\"malarz\",\"Marian szczurkowski\",\"Matka Boska\",\"Matka Boska z Dzieci\u0105tkiem\",\"minimalizm\",\"misjonarz\",\"ob\u0142ok\",\"obraz\",\"o\u0142tarz boczny\",\"oszcz\u0119dno\u015bc\",\"pielgrzym\",\"poeta\",\"po\u017car\",\"prostota\",\"religia\",\"rokoko\",\"rze\u017aba\",\"Sanktuarium Matki Bo\u017cej Pocieszenia\",\"schody\",\"\u015bw\",\"\u015bw. anna\",\"\u015bw. joachim\",\"\u015bw. stanis\u0142aw kostka\",\"Tr\u00f3jca \u015awieta\",\"ucze\u0144\",\"wiara\",\"wn\u0119trze\",\"wyposa\u017cenie\",\"z\u0142ocona rama\",\"zniszczenie\"],\"articleSection\":[\"G\u00f3rka Duchowna\"],\"inLanguage\":\"pl-PL\"},{\"@type\":\"WebPage\",\"@id\":\"http:\\\/\\\/ludzieikrajobrazy.muzeumleszno.pl\\\/?p=334\",\"url\":\"http:\\\/\\\/ludzieikrajobrazy.muzeumleszno.pl\\\/?p=334\",\"name\":\"G\u00f3rka Duchowna. O\u0142tarz boczny w Sanktuarium Matki Bo\u017cej Pocieszenia, pocz. XX wieku, Czempi\u0144, Nak\u0142ad i fotografia Leon Durczykiewicz - Ludzie i krajobrazy. Powiat Leszczy\u0144ski w ikonografii\",\"isPartOf\":{\"@id\":\"https:\\\/\\\/ludzieikrajobrazy.muzeumleszno.pl\\\/#website\"},\"primaryImageOfPage\":{\"@id\":\"http:\\\/\\\/ludzieikrajobrazy.muzeumleszno.pl\\\/?p=334#primaryimage\"},\"image\":{\"@id\":\"http:\\\/\\\/ludzieikrajobrazy.muzeumleszno.pl\\\/?p=334#primaryimage\"},\"thumbnailUrl\":\"http:\\\/\\\/ludzieikrajobrazy.muzeumleszno.pl\\\/wp-content\\\/uploads\\\/2024\\\/07\\\/39_-MLH-4251.jpg\",\"datePublished\":\"2024-07-20T09:56:33+00:00\",\"dateModified\":\"2024-09-19T11:45:55+00:00\",\"author\":{\"@id\":\"https:\\\/\\\/ludzieikrajobrazy.muzeumleszno.pl\\\/#\\\/schema\\\/person\\\/fc2bc20e2b51efc3202ac1f0cdcd06c0\"},\"breadcrumb\":{\"@id\":\"http:\\\/\\\/ludzieikrajobrazy.muzeumleszno.pl\\\/?p=334#breadcrumb\"},\"inLanguage\":\"pl-PL\",\"potentialAction\":[{\"@type\":\"ReadAction\",\"target\":[\"http:\\\/\\\/ludzieikrajobrazy.muzeumleszno.pl\\\/?p=334\"]}]},{\"@type\":\"BreadcrumbList\",\"@id\":\"http:\\\/\\\/ludzieikrajobrazy.muzeumleszno.pl\\\/?p=334#breadcrumb\",\"itemListElement\":[{\"@type\":\"ListItem\",\"position\":1,\"name\":\"Home\",\"item\":\"https:\\\/\\\/ludzieikrajobrazy.muzeumleszno.pl\\\/\"},{\"@type\":\"ListItem\",\"position\":2,\"name\":\"G\u00f3rka Duchowna. O\u0142tarz boczny w Sanktuarium Matki Bo\u017cej Pocieszenia, pocz. XX wieku, Czempi\u0144, Nak\u0142ad i fotografia Leon Durczykiewicz\"}]},{\"@type\":\"WebSite\",\"@id\":\"https:\\\/\\\/ludzieikrajobrazy.muzeumleszno.pl\\\/#website\",\"url\":\"https:\\\/\\\/ludzieikrajobrazy.muzeumleszno.pl\\\/\",\"name\":\"Ludzie i krajobrazy. Powiat Leszczy\u0144ski w ikonografii\",\"description\":\"Powiat Leszczy\u0144ski w ikonografii\",\"potentialAction\":[{\"@type\":\"SearchAction\",\"target\":{\"@type\":\"EntryPoint\",\"urlTemplate\":\"https:\\\/\\\/ludzieikrajobrazy.muzeumleszno.pl\\\/?s={search_term_string}\"},\"query-input\":{\"@type\":\"PropertyValueSpecification\",\"valueRequired\":true,\"valueName\":\"search_term_string\"}}],\"inLanguage\":\"pl-PL\"},{\"@type\":\"Person\",\"@id\":\"https:\\\/\\\/ludzieikrajobrazy.muzeumleszno.pl\\\/#\\\/schema\\\/person\\\/fc2bc20e2b51efc3202ac1f0cdcd06c0\",\"name\":\"Pan_Admin\",\"image\":{\"@type\":\"ImageObject\",\"inLanguage\":\"pl-PL\",\"@id\":\"https:\\\/\\\/secure.gravatar.com\\\/avatar\\\/d109d485abe889ecc32dbdb971b715ad9d4596bd0e2353626451db3e04099822?s=96&d=mm&r=g\",\"url\":\"https:\\\/\\\/secure.gravatar.com\\\/avatar\\\/d109d485abe889ecc32dbdb971b715ad9d4596bd0e2353626451db3e04099822?s=96&d=mm&r=g\",\"contentUrl\":\"https:\\\/\\\/secure.gravatar.com\\\/avatar\\\/d109d485abe889ecc32dbdb971b715ad9d4596bd0e2353626451db3e04099822?s=96&d=mm&r=g\",\"caption\":\"Pan_Admin\"},\"sameAs\":[\"http:\\\/\\\/ludzieikrajobrazy.muzeumleszno.pl\"],\"url\":\"http:\\\/\\\/ludzieikrajobrazy.muzeumleszno.pl\\\/?author=1\"}]}<\/script>\n<!-- \/ Yoast SEO plugin. -->","yoast_head_json":{"title":"G\u00f3rka Duchowna. O\u0142tarz boczny w Sanktuarium Matki Bo\u017cej Pocieszenia, pocz. XX wieku, Czempi\u0144, Nak\u0142ad i fotografia Leon Durczykiewicz - Ludzie i krajobrazy. Powiat Leszczy\u0144ski w ikonografii","robots":{"index":"index","follow":"follow","max-snippet":"max-snippet:-1","max-image-preview":"max-image-preview:large","max-video-preview":"max-video-preview:-1"},"canonical":"http:\/\/ludzieikrajobrazy.muzeumleszno.pl\/?p=334","og_locale":"pl_PL","og_type":"article","og_title":"G\u00f3rka Duchowna. O\u0142tarz boczny w Sanktuarium Matki Bo\u017cej Pocieszenia, pocz. XX wieku, Czempi\u0144, Nak\u0142ad i fotografia Leon Durczykiewicz - Ludzie i krajobrazy. Powiat Leszczy\u0144ski w ikonografii","og_description":"Wn\u0119trze ko\u015bcio\u0142a pw. Matki Bo\u017cej Pocieszenia i Micha\u0142a Archanio\u0142a urzeka oszcz\u0119dno\u015bci\u0105 formy i prostot\u0105 kompozycji. Na poczt\u00f3wce ukazano architektoniczny o\u0142tarz boczny z oko\u0142o 1760 roku, z rozbudowan\u0105 dekoracj\u0105...","og_url":"http:\/\/ludzieikrajobrazy.muzeumleszno.pl\/?p=334","og_site_name":"Ludzie i krajobrazy. Powiat Leszczy\u0144ski w ikonografii","article_published_time":"2024-07-20T09:56:33+00:00","article_modified_time":"2024-09-19T11:45:55+00:00","og_image":[{"width":1260,"height":2000,"url":"http:\/\/ludzieikrajobrazy.muzeumleszno.pl\/wp-content\/uploads\/2024\/07\/39_-MLH-4251.jpg","type":"image\/jpeg"}],"author":"Pan_Admin","twitter_card":"summary_large_image","twitter_misc":{"Napisane przez":"Pan_Admin","Szacowany czas czytania":"2 minuty"},"schema":{"@context":"https:\/\/schema.org","@graph":[{"@type":"Article","@id":"http:\/\/ludzieikrajobrazy.muzeumleszno.pl\/?p=334#article","isPartOf":{"@id":"http:\/\/ludzieikrajobrazy.muzeumleszno.pl\/?p=334"},"author":{"name":"Pan_Admin","@id":"https:\/\/ludzieikrajobrazy.muzeumleszno.pl\/#\/schema\/person\/fc2bc20e2b51efc3202ac1f0cdcd06c0"},"headline":"G\u00f3rka Duchowna. O\u0142tarz boczny w Sanktuarium Matki Bo\u017cej Pocieszenia, pocz. XX wieku, Czempi\u0144, Nak\u0142ad i fotografia Leon Durczykiewicz","datePublished":"2024-07-20T09:56:33+00:00","dateModified":"2024-09-19T11:45:55+00:00","mainEntityOfPage":{"@id":"http:\/\/ludzieikrajobrazy.muzeumleszno.pl\/?p=334"},"wordCount":246,"image":{"@id":"http:\/\/ludzieikrajobrazy.muzeumleszno.pl\/?p=334#primaryimage"},"thumbnailUrl":"http:\/\/ludzieikrajobrazy.muzeumleszno.pl\/wp-content\/uploads\/2024\/07\/39_-MLH-4251.jpg","keywords":["architektoniczny o\u0142tarz","Bernard z w\u0105brze\u017ana","blasza miedziana","b\u0142ogos\u0142awiony","cok\u00f3\u0142","cud","Czempi\u0144","dekoracja rze\u017abiarska","dokumentacja","Dzieci\u0105tko jezus","Edmund bojanowski","figura","fotografia","gloria","G\u00f3rka Duchowna","Jan Matejko","Karol antoniewicz","kolumny","kompozycja","kopia","ko\u015bci\u00f3\u0142 pod wezwaniem Matki Bo\u017cej Pocieszenia i Micha\u0142a Archanio\u0142a","ksi\u0105dz","kult","kult rligijny","legenda","Leon Durczykiewicz","malarz","Marian szczurkowski","Matka Boska","Matka Boska z Dzieci\u0105tkiem","minimalizm","misjonarz","ob\u0142ok","obraz","o\u0142tarz boczny","oszcz\u0119dno\u015bc","pielgrzym","poeta","po\u017car","prostota","religia","rokoko","rze\u017aba","Sanktuarium Matki Bo\u017cej Pocieszenia","schody","\u015bw","\u015bw. anna","\u015bw. joachim","\u015bw. stanis\u0142aw kostka","Tr\u00f3jca \u015awieta","ucze\u0144","wiara","wn\u0119trze","wyposa\u017cenie","z\u0142ocona rama","zniszczenie"],"articleSection":["G\u00f3rka Duchowna"],"inLanguage":"pl-PL"},{"@type":"WebPage","@id":"http:\/\/ludzieikrajobrazy.muzeumleszno.pl\/?p=334","url":"http:\/\/ludzieikrajobrazy.muzeumleszno.pl\/?p=334","name":"G\u00f3rka Duchowna. O\u0142tarz boczny w Sanktuarium Matki Bo\u017cej Pocieszenia, pocz. XX wieku, Czempi\u0144, Nak\u0142ad i fotografia Leon Durczykiewicz - Ludzie i krajobrazy. Powiat Leszczy\u0144ski w ikonografii","isPartOf":{"@id":"https:\/\/ludzieikrajobrazy.muzeumleszno.pl\/#website"},"primaryImageOfPage":{"@id":"http:\/\/ludzieikrajobrazy.muzeumleszno.pl\/?p=334#primaryimage"},"image":{"@id":"http:\/\/ludzieikrajobrazy.muzeumleszno.pl\/?p=334#primaryimage"},"thumbnailUrl":"http:\/\/ludzieikrajobrazy.muzeumleszno.pl\/wp-content\/uploads\/2024\/07\/39_-MLH-4251.jpg","datePublished":"2024-07-20T09:56:33+00:00","dateModified":"2024-09-19T11:45:55+00:00","author":{"@id":"https:\/\/ludzieikrajobrazy.muzeumleszno.pl\/#\/schema\/person\/fc2bc20e2b51efc3202ac1f0cdcd06c0"},"breadcrumb":{"@id":"http:\/\/ludzieikrajobrazy.muzeumleszno.pl\/?p=334#breadcrumb"},"inLanguage":"pl-PL","potentialAction":[{"@type":"ReadAction","target":["http:\/\/ludzieikrajobrazy.muzeumleszno.pl\/?p=334"]}]},{"@type":"BreadcrumbList","@id":"http:\/\/ludzieikrajobrazy.muzeumleszno.pl\/?p=334#breadcrumb","itemListElement":[{"@type":"ListItem","position":1,"name":"Home","item":"https:\/\/ludzieikrajobrazy.muzeumleszno.pl\/"},{"@type":"ListItem","position":2,"name":"G\u00f3rka Duchowna. O\u0142tarz boczny w Sanktuarium Matki Bo\u017cej Pocieszenia, pocz. XX wieku, Czempi\u0144, Nak\u0142ad i fotografia Leon Durczykiewicz"}]},{"@type":"WebSite","@id":"https:\/\/ludzieikrajobrazy.muzeumleszno.pl\/#website","url":"https:\/\/ludzieikrajobrazy.muzeumleszno.pl\/","name":"Ludzie i krajobrazy. Powiat Leszczy\u0144ski w ikonografii","description":"Powiat Leszczy\u0144ski w ikonografii","potentialAction":[{"@type":"SearchAction","target":{"@type":"EntryPoint","urlTemplate":"https:\/\/ludzieikrajobrazy.muzeumleszno.pl\/?s={search_term_string}"},"query-input":{"@type":"PropertyValueSpecification","valueRequired":true,"valueName":"search_term_string"}}],"inLanguage":"pl-PL"},{"@type":"Person","@id":"https:\/\/ludzieikrajobrazy.muzeumleszno.pl\/#\/schema\/person\/fc2bc20e2b51efc3202ac1f0cdcd06c0","name":"Pan_Admin","image":{"@type":"ImageObject","inLanguage":"pl-PL","@id":"https:\/\/secure.gravatar.com\/avatar\/d109d485abe889ecc32dbdb971b715ad9d4596bd0e2353626451db3e04099822?s=96&d=mm&r=g","url":"https:\/\/secure.gravatar.com\/avatar\/d109d485abe889ecc32dbdb971b715ad9d4596bd0e2353626451db3e04099822?s=96&d=mm&r=g","contentUrl":"https:\/\/secure.gravatar.com\/avatar\/d109d485abe889ecc32dbdb971b715ad9d4596bd0e2353626451db3e04099822?s=96&d=mm&r=g","caption":"Pan_Admin"},"sameAs":["http:\/\/ludzieikrajobrazy.muzeumleszno.pl"],"url":"http:\/\/ludzieikrajobrazy.muzeumleszno.pl\/?author=1"}]}},"_links":{"self":[{"href":"http:\/\/ludzieikrajobrazy.muzeumleszno.pl\/index.php?rest_route=\/wp\/v2\/posts\/334","targetHints":{"allow":["GET"]}}],"collection":[{"href":"http:\/\/ludzieikrajobrazy.muzeumleszno.pl\/index.php?rest_route=\/wp\/v2\/posts"}],"about":[{"href":"http:\/\/ludzieikrajobrazy.muzeumleszno.pl\/index.php?rest_route=\/wp\/v2\/types\/post"}],"author":[{"embeddable":true,"href":"http:\/\/ludzieikrajobrazy.muzeumleszno.pl\/index.php?rest_route=\/wp\/v2\/users\/1"}],"replies":[{"embeddable":true,"href":"http:\/\/ludzieikrajobrazy.muzeumleszno.pl\/index.php?rest_route=%2Fwp%2Fv2%2Fcomments&post=334"}],"version-history":[{"count":3,"href":"http:\/\/ludzieikrajobrazy.muzeumleszno.pl\/index.php?rest_route=\/wp\/v2\/posts\/334\/revisions"}],"predecessor-version":[{"id":1189,"href":"http:\/\/ludzieikrajobrazy.muzeumleszno.pl\/index.php?rest_route=\/wp\/v2\/posts\/334\/revisions\/1189"}],"wp:featuredmedia":[{"embeddable":true,"href":"http:\/\/ludzieikrajobrazy.muzeumleszno.pl\/index.php?rest_route=\/wp\/v2\/media\/335"}],"wp:attachment":[{"href":"http:\/\/ludzieikrajobrazy.muzeumleszno.pl\/index.php?rest_route=%2Fwp%2Fv2%2Fmedia&parent=334"}],"wp:term":[{"taxonomy":"category","embeddable":true,"href":"http:\/\/ludzieikrajobrazy.muzeumleszno.pl\/index.php?rest_route=%2Fwp%2Fv2%2Fcategories&post=334"},{"taxonomy":"post_tag","embeddable":true,"href":"http:\/\/ludzieikrajobrazy.muzeumleszno.pl\/index.php?rest_route=%2Fwp%2Fv2%2Ftags&post=334"}],"curies":[{"name":"wp","href":"https:\/\/api.w.org\/{rel}","templated":true}]}}