{"id":340,"date":"2024-07-20T11:54:53","date_gmt":"2024-07-20T09:54:53","guid":{"rendered":"http:\/\/ludzieikrajobrazy.muzeumleszno.pl\/?p=340"},"modified":"2024-09-19T13:56:58","modified_gmt":"2024-09-19T11:56:58","slug":"gorka-duchowna-sanktuarium-matki-bozej-pocieszenia-przed-1939-rokiem","status":"publish","type":"post","link":"http:\/\/ludzieikrajobrazy.muzeumleszno.pl\/?p=340","title":{"rendered":"G\u00f3rka Duchowna. Sanktuarium Matki Bo\u017cej Pocieszenia, przed 1939 rokiem"},"content":{"rendered":"\n<p>Ko\u015bci\u00f3\u0142 w G\u00f3rce Duchownej nale\u017cy do najs\u0142ynniejszych sanktuari\u00f3w maryjnych w Wielkopolsce. Organizowane tam odpusty odbywaj\u0105 si\u0119 w \u015bwi\u0119ta: Zes\u0142ania Ducha \u015awi\u0119tego i Matki Bo\u017cej Pocieszenia (dwie ostatnie niedziele sierpnia) oraz \u015bw. Micha\u0142a Archanio\u0142a (29 wrze\u015bnia). Wszyscy wierni zmierzaj\u0105cy do \u015bwi\u0105tyni mijaj\u0105 ustawion\u0105 na wysokim postumencie figur\u0119 Matki Bo\u017cej. Jej wizerunki towarzysz\u0105 pielgrzymom niemal w ka\u017cdym miejscu, zar\u00f3wno w \u015bwi\u0105tyni, jak i w jej otoczeniu.&nbsp;<\/p>\n\n\n\n<p>Z my\u015bl\u0105 o pielgrzymach w latach 1948\u20131958 dobudowano do po\u0142udniowej \u015bciany ko\u015bcio\u0142a otwarty kru\u017cganek odpustowy. Przylega on do kaplicy Matki Bo\u017cej Pocieszenia, w kt\u00f3rej przechowuje si\u0119 s\u0142yn\u0105cym cudami obraz Maryi. W latach okupacji ukrywano go za uszkodzon\u0105 celowo zas\u0142on\u0105. W ten spos\u00f3b uszed\u0142 uwagi niemieckich w\u0142adz. W 1966 roku, dzi\u0119ki ofiarno\u015bci pielgrzym\u00f3w, wykonano now\u0105 srebrno-z\u0142ot\u0105 sukienk\u0119, a arcybiskup Antoni Baraniak (1904\u20131977) dokona\u0142 uroczystej koronacji obrazu papieskimi koronami.&nbsp;<\/p>\n\n\n\n<figure class=\"wp-block-image size-full\"><img fetchpriority=\"high\" decoding=\"async\" width=\"2560\" height=\"1652\" src=\"http:\/\/ludzieikrajobrazy.muzeumleszno.pl\/wp-content\/uploads\/2024\/07\/41_MLH-3449-scaled.jpg\" alt=\"G\u00f3rka Duchowna. Sanktuarium Matki Bo\u017cej Pocieszenia, przed 1939 rokiem\" class=\"wp-image-341\" srcset=\"http:\/\/ludzieikrajobrazy.muzeumleszno.pl\/wp-content\/uploads\/2024\/07\/41_MLH-3449-scaled.jpg 2560w, http:\/\/ludzieikrajobrazy.muzeumleszno.pl\/wp-content\/uploads\/2024\/07\/41_MLH-3449-1536x991.jpg 1536w, http:\/\/ludzieikrajobrazy.muzeumleszno.pl\/wp-content\/uploads\/2024\/07\/41_MLH-3449-2048x1322.jpg 2048w, http:\/\/ludzieikrajobrazy.muzeumleszno.pl\/wp-content\/uploads\/2024\/07\/41_MLH-3449-200x129.jpg 200w, http:\/\/ludzieikrajobrazy.muzeumleszno.pl\/wp-content\/uploads\/2024\/07\/41_MLH-3449-973x628.jpg 973w, http:\/\/ludzieikrajobrazy.muzeumleszno.pl\/wp-content\/uploads\/2024\/07\/41_MLH-3449-508x328.jpg 508w\" sizes=\"(max-width: 2560px) 100vw, 2560px\" \/><figcaption class=\"wp-element-caption\">G\u00f3rka Duchowna. Sanktuarium Matki Bo\u017cej Pocieszenia, przed 1939 rokiem<\/figcaption><\/figure>\n\n\n\n<p class=\"has-small-font-size\">nr inw. MLH 3449<br>W zbiorach Muzeum Okr\u0119gowego w Lesznie od 1984 roku, zakup<\/p>\n\n\n\n<p>D.Cz.<\/p>\n\n\n\n<figure class=\"wp-block-embed is-type-video is-provider-youtube wp-block-embed-youtube wp-embed-aspect-16-9 wp-has-aspect-ratio\"><div class=\"wp-block-embed__wrapper\">\n<iframe title=\"Go\u0301rka Duchowna  Sanktuarium Matki Boz\u0307ej Pocieszenia, przed 1939 rokiem\" width=\"620\" height=\"349\" src=\"https:\/\/www.youtube.com\/embed\/v6dDcPcW6z8?feature=oembed\" frameborder=\"0\" allow=\"accelerometer; autoplay; clipboard-write; encrypted-media; gyroscope; picture-in-picture; web-share\" referrerpolicy=\"strict-origin-when-cross-origin\" allowfullscreen><\/iframe>\n<\/div><\/figure>\n","protected":false},"excerpt":{"rendered":"<p>Ko\u015bci\u00f3\u0142 w G\u00f3rce Duchownej nale\u017cy do najs\u0142ynniejszych sanktuari\u00f3w maryjnych w Wielkopolsce. Organizowane tam odpusty odbywaj\u0105 si\u0119 w \u015bwi\u0119ta: Zes\u0142ania Ducha \u015awi\u0119tego i Matki Bo\u017cej Pocieszenia (dwie ostatnie niedziele&#8230;<\/p>\n","protected":false},"author":1,"featured_media":341,"comment_status":"closed","ping_status":"closed","sticky":false,"template":"","format":"standard","meta":{"cybocfi_hide_featured_image":"yes","footnotes":""},"categories":[40],"tags":[419,2398,378,2397,165,2314,520,736,649,417,41,363,2280,2399,575,826,828,1176,2391,1250,648,2304,1234,2400,1742,1715,2390,1396,637,361,2388,2301,2393,2392,2396,818,1633,2389,2395,1213,1851,2146,706,1580,2394],"class_list":["post-340","post","type-post","status-publish","format-standard","has-post-thumbnail","hentry","category-gorka-duchowna","tag-419","tag-antoni-baraniak","tag-architektura","tag-arcybiskup","tag-budownictwo-murowane","tag-cud","tag-dokumentacja","tag-drzewa","tag-figura","tag-fotografia","tag-gorka-duchowna","tag-ii-wojna-swiatowa","tag-kaplica","tag-koronacja","tag-kosciol","tag-kruzganek","tag-krzyz","tag-kult","tag-matka-boza","tag-niemcy","tag-obraz","tag-odpust","tag-okupacja","tag-papieskie-korony","tag-pielgrzym","tag-plener","tag-postument","tag-religia","tag-rzezba","tag-sanktuarium","tag-sanktuarium-maryjne","tag-sanktuarium-matki-bozej-pocieszenia","tag-schowek","tag-skrytka","tag-srebrno-zlota-sukienka","tag-swiatynia-2","tag-swieto-koscielne","tag-swieto-zeslania-ducha-swietego-i-matki-bozej-pocieszenia-oraz-sw-michala-archaniola","tag-ukrywac","tag-wiara","tag-wielkopolska","tag-wierny","tag-wieza","tag-wizerunek","tag-zaslona"],"yoast_head":"<!-- This site is optimized with the Yoast SEO plugin v27.5 - https:\/\/yoast.com\/product\/yoast-seo-wordpress\/ -->\n<title>G\u00f3rka Duchowna. Sanktuarium Matki Bo\u017cej Pocieszenia, przed 1939 rokiem - Ludzie i krajobrazy. Powiat Leszczy\u0144ski w ikonografii<\/title>\n<meta name=\"robots\" content=\"index, follow, max-snippet:-1, max-image-preview:large, max-video-preview:-1\" \/>\n<link rel=\"canonical\" href=\"http:\/\/ludzieikrajobrazy.muzeumleszno.pl\/?p=340\" \/>\n<meta property=\"og:locale\" content=\"pl_PL\" \/>\n<meta property=\"og:type\" content=\"article\" \/>\n<meta property=\"og:title\" content=\"G\u00f3rka Duchowna. Sanktuarium Matki Bo\u017cej Pocieszenia, przed 1939 rokiem - Ludzie i krajobrazy. Powiat Leszczy\u0144ski w ikonografii\" \/>\n<meta property=\"og:description\" content=\"Ko\u015bci\u00f3\u0142 w G\u00f3rce Duchownej nale\u017cy do najs\u0142ynniejszych sanktuari\u00f3w maryjnych w Wielkopolsce. Organizowane tam odpusty odbywaj\u0105 si\u0119 w \u015bwi\u0119ta: Zes\u0142ania Ducha \u015awi\u0119tego i Matki Bo\u017cej Pocieszenia (dwie ostatnie niedziele...\" \/>\n<meta property=\"og:url\" content=\"http:\/\/ludzieikrajobrazy.muzeumleszno.pl\/?p=340\" \/>\n<meta property=\"og:site_name\" content=\"Ludzie i krajobrazy. Powiat Leszczy\u0144ski w ikonografii\" \/>\n<meta property=\"article:published_time\" content=\"2024-07-20T09:54:53+00:00\" \/>\n<meta property=\"article:modified_time\" content=\"2024-09-19T11:56:58+00:00\" \/>\n<meta property=\"og:image\" content=\"http:\/\/ludzieikrajobrazy.muzeumleszno.pl\/wp-content\/uploads\/2024\/07\/41_MLH-3449-scaled.jpg\" \/>\n\t<meta property=\"og:image:width\" content=\"2560\" \/>\n\t<meta property=\"og:image:height\" content=\"1652\" \/>\n\t<meta property=\"og:image:type\" content=\"image\/jpeg\" \/>\n<meta name=\"author\" content=\"Pan_Admin\" \/>\n<meta name=\"twitter:card\" content=\"summary_large_image\" \/>\n<meta name=\"twitter:label1\" content=\"Napisane przez\" \/>\n\t<meta name=\"twitter:data1\" content=\"Pan_Admin\" \/>\n\t<meta name=\"twitter:label2\" content=\"Szacowany czas czytania\" \/>\n\t<meta name=\"twitter:data2\" content=\"2 minuty\" \/>\n<script type=\"application\/ld+json\" class=\"yoast-schema-graph\">{\"@context\":\"https:\\\/\\\/schema.org\",\"@graph\":[{\"@type\":\"Article\",\"@id\":\"http:\\\/\\\/ludzieikrajobrazy.muzeumleszno.pl\\\/?p=340#article\",\"isPartOf\":{\"@id\":\"http:\\\/\\\/ludzieikrajobrazy.muzeumleszno.pl\\\/?p=340\"},\"author\":{\"name\":\"Pan_Admin\",\"@id\":\"https:\\\/\\\/ludzieikrajobrazy.muzeumleszno.pl\\\/#\\\/schema\\\/person\\\/fc2bc20e2b51efc3202ac1f0cdcd06c0\"},\"headline\":\"G\u00f3rka Duchowna. Sanktuarium Matki Bo\u017cej Pocieszenia, przed 1939 rokiem\",\"datePublished\":\"2024-07-20T09:54:53+00:00\",\"dateModified\":\"2024-09-19T11:56:58+00:00\",\"mainEntityOfPage\":{\"@id\":\"http:\\\/\\\/ludzieikrajobrazy.muzeumleszno.pl\\\/?p=340\"},\"wordCount\":204,\"image\":{\"@id\":\"http:\\\/\\\/ludzieikrajobrazy.muzeumleszno.pl\\\/?p=340#primaryimage\"},\"thumbnailUrl\":\"http:\\\/\\\/ludzieikrajobrazy.muzeumleszno.pl\\\/wp-content\\\/uploads\\\/2024\\\/07\\\/41_MLH-3449-scaled.jpg\",\"keywords\":[\"1939\",\"Antoni baraniak\",\"architektura\",\"arcybiskup\",\"budownictwo murowane\",\"cud\",\"dokumentacja\",\"drzewa\",\"figura\",\"fotografia\",\"G\u00f3rka Duchowna\",\"II Wojna \u015awiatowa\",\"kaplica\",\"koronacja\",\"ko\u015bci\u00f3\u0142\",\"kru\u017cganek\",\"krzy\u017c\",\"kult\",\"Matka Bo\u017ca\",\"Niemcy\",\"obraz\",\"odpust\",\"okupacja\",\"papieskie korony\",\"pielgrzym\",\"plener\",\"postument\",\"religia\",\"rze\u017aba\",\"sanktuarium\",\"sanktuarium maryjne\",\"Sanktuarium Matki Bo\u017cej Pocieszenia\",\"schowek\",\"skrytka\",\"srebrno-z\u0142ota sukienka\",\"\u015bwi\u0105tynia\",\"\u015bwi\u0119to ko\u015bcielne\",\"\u015bwi\u0119to Zes\u0142ania Ducha \u015awi\u0119tego i Matki Bo\u017cej Pocieszenia oraz \u015bw. Micha\u0142a Archanio\u0142a\",\"ukrywa\u0107\",\"wiara\",\"Wielkopolska\",\"wierny\",\"wie\u017ca\",\"wizerunek\",\"zas\u0142ona\"],\"articleSection\":[\"G\u00f3rka Duchowna\"],\"inLanguage\":\"pl-PL\"},{\"@type\":\"WebPage\",\"@id\":\"http:\\\/\\\/ludzieikrajobrazy.muzeumleszno.pl\\\/?p=340\",\"url\":\"http:\\\/\\\/ludzieikrajobrazy.muzeumleszno.pl\\\/?p=340\",\"name\":\"G\u00f3rka Duchowna. Sanktuarium Matki Bo\u017cej Pocieszenia, przed 1939 rokiem - Ludzie i krajobrazy. Powiat Leszczy\u0144ski w ikonografii\",\"isPartOf\":{\"@id\":\"https:\\\/\\\/ludzieikrajobrazy.muzeumleszno.pl\\\/#website\"},\"primaryImageOfPage\":{\"@id\":\"http:\\\/\\\/ludzieikrajobrazy.muzeumleszno.pl\\\/?p=340#primaryimage\"},\"image\":{\"@id\":\"http:\\\/\\\/ludzieikrajobrazy.muzeumleszno.pl\\\/?p=340#primaryimage\"},\"thumbnailUrl\":\"http:\\\/\\\/ludzieikrajobrazy.muzeumleszno.pl\\\/wp-content\\\/uploads\\\/2024\\\/07\\\/41_MLH-3449-scaled.jpg\",\"datePublished\":\"2024-07-20T09:54:53+00:00\",\"dateModified\":\"2024-09-19T11:56:58+00:00\",\"author\":{\"@id\":\"https:\\\/\\\/ludzieikrajobrazy.muzeumleszno.pl\\\/#\\\/schema\\\/person\\\/fc2bc20e2b51efc3202ac1f0cdcd06c0\"},\"breadcrumb\":{\"@id\":\"http:\\\/\\\/ludzieikrajobrazy.muzeumleszno.pl\\\/?p=340#breadcrumb\"},\"inLanguage\":\"pl-PL\",\"potentialAction\":[{\"@type\":\"ReadAction\",\"target\":[\"http:\\\/\\\/ludzieikrajobrazy.muzeumleszno.pl\\\/?p=340\"]}]},{\"@type\":\"BreadcrumbList\",\"@id\":\"http:\\\/\\\/ludzieikrajobrazy.muzeumleszno.pl\\\/?p=340#breadcrumb\",\"itemListElement\":[{\"@type\":\"ListItem\",\"position\":1,\"name\":\"Home\",\"item\":\"https:\\\/\\\/ludzieikrajobrazy.muzeumleszno.pl\\\/\"},{\"@type\":\"ListItem\",\"position\":2,\"name\":\"G\u00f3rka Duchowna. Sanktuarium Matki Bo\u017cej Pocieszenia, przed 1939 rokiem\"}]},{\"@type\":\"WebSite\",\"@id\":\"https:\\\/\\\/ludzieikrajobrazy.muzeumleszno.pl\\\/#website\",\"url\":\"https:\\\/\\\/ludzieikrajobrazy.muzeumleszno.pl\\\/\",\"name\":\"Ludzie i krajobrazy. Powiat Leszczy\u0144ski w ikonografii\",\"description\":\"Powiat Leszczy\u0144ski w ikonografii\",\"potentialAction\":[{\"@type\":\"SearchAction\",\"target\":{\"@type\":\"EntryPoint\",\"urlTemplate\":\"https:\\\/\\\/ludzieikrajobrazy.muzeumleszno.pl\\\/?s={search_term_string}\"},\"query-input\":{\"@type\":\"PropertyValueSpecification\",\"valueRequired\":true,\"valueName\":\"search_term_string\"}}],\"inLanguage\":\"pl-PL\"},{\"@type\":\"Person\",\"@id\":\"https:\\\/\\\/ludzieikrajobrazy.muzeumleszno.pl\\\/#\\\/schema\\\/person\\\/fc2bc20e2b51efc3202ac1f0cdcd06c0\",\"name\":\"Pan_Admin\",\"image\":{\"@type\":\"ImageObject\",\"inLanguage\":\"pl-PL\",\"@id\":\"https:\\\/\\\/secure.gravatar.com\\\/avatar\\\/d109d485abe889ecc32dbdb971b715ad9d4596bd0e2353626451db3e04099822?s=96&d=mm&r=g\",\"url\":\"https:\\\/\\\/secure.gravatar.com\\\/avatar\\\/d109d485abe889ecc32dbdb971b715ad9d4596bd0e2353626451db3e04099822?s=96&d=mm&r=g\",\"contentUrl\":\"https:\\\/\\\/secure.gravatar.com\\\/avatar\\\/d109d485abe889ecc32dbdb971b715ad9d4596bd0e2353626451db3e04099822?s=96&d=mm&r=g\",\"caption\":\"Pan_Admin\"},\"sameAs\":[\"http:\\\/\\\/ludzieikrajobrazy.muzeumleszno.pl\"],\"url\":\"http:\\\/\\\/ludzieikrajobrazy.muzeumleszno.pl\\\/?author=1\"}]}<\/script>\n<!-- \/ Yoast SEO plugin. -->","yoast_head_json":{"title":"G\u00f3rka Duchowna. Sanktuarium Matki Bo\u017cej Pocieszenia, przed 1939 rokiem - Ludzie i krajobrazy. Powiat Leszczy\u0144ski w ikonografii","robots":{"index":"index","follow":"follow","max-snippet":"max-snippet:-1","max-image-preview":"max-image-preview:large","max-video-preview":"max-video-preview:-1"},"canonical":"http:\/\/ludzieikrajobrazy.muzeumleszno.pl\/?p=340","og_locale":"pl_PL","og_type":"article","og_title":"G\u00f3rka Duchowna. Sanktuarium Matki Bo\u017cej Pocieszenia, przed 1939 rokiem - Ludzie i krajobrazy. Powiat Leszczy\u0144ski w ikonografii","og_description":"Ko\u015bci\u00f3\u0142 w G\u00f3rce Duchownej nale\u017cy do najs\u0142ynniejszych sanktuari\u00f3w maryjnych w Wielkopolsce. Organizowane tam odpusty odbywaj\u0105 si\u0119 w \u015bwi\u0119ta: Zes\u0142ania Ducha \u015awi\u0119tego i Matki Bo\u017cej Pocieszenia (dwie ostatnie niedziele...","og_url":"http:\/\/ludzieikrajobrazy.muzeumleszno.pl\/?p=340","og_site_name":"Ludzie i krajobrazy. Powiat Leszczy\u0144ski w ikonografii","article_published_time":"2024-07-20T09:54:53+00:00","article_modified_time":"2024-09-19T11:56:58+00:00","og_image":[{"width":2560,"height":1652,"url":"http:\/\/ludzieikrajobrazy.muzeumleszno.pl\/wp-content\/uploads\/2024\/07\/41_MLH-3449-scaled.jpg","type":"image\/jpeg"}],"author":"Pan_Admin","twitter_card":"summary_large_image","twitter_misc":{"Napisane przez":"Pan_Admin","Szacowany czas czytania":"2 minuty"},"schema":{"@context":"https:\/\/schema.org","@graph":[{"@type":"Article","@id":"http:\/\/ludzieikrajobrazy.muzeumleszno.pl\/?p=340#article","isPartOf":{"@id":"http:\/\/ludzieikrajobrazy.muzeumleszno.pl\/?p=340"},"author":{"name":"Pan_Admin","@id":"https:\/\/ludzieikrajobrazy.muzeumleszno.pl\/#\/schema\/person\/fc2bc20e2b51efc3202ac1f0cdcd06c0"},"headline":"G\u00f3rka Duchowna. Sanktuarium Matki Bo\u017cej Pocieszenia, przed 1939 rokiem","datePublished":"2024-07-20T09:54:53+00:00","dateModified":"2024-09-19T11:56:58+00:00","mainEntityOfPage":{"@id":"http:\/\/ludzieikrajobrazy.muzeumleszno.pl\/?p=340"},"wordCount":204,"image":{"@id":"http:\/\/ludzieikrajobrazy.muzeumleszno.pl\/?p=340#primaryimage"},"thumbnailUrl":"http:\/\/ludzieikrajobrazy.muzeumleszno.pl\/wp-content\/uploads\/2024\/07\/41_MLH-3449-scaled.jpg","keywords":["1939","Antoni baraniak","architektura","arcybiskup","budownictwo murowane","cud","dokumentacja","drzewa","figura","fotografia","G\u00f3rka Duchowna","II Wojna \u015awiatowa","kaplica","koronacja","ko\u015bci\u00f3\u0142","kru\u017cganek","krzy\u017c","kult","Matka Bo\u017ca","Niemcy","obraz","odpust","okupacja","papieskie korony","pielgrzym","plener","postument","religia","rze\u017aba","sanktuarium","sanktuarium maryjne","Sanktuarium Matki Bo\u017cej Pocieszenia","schowek","skrytka","srebrno-z\u0142ota sukienka","\u015bwi\u0105tynia","\u015bwi\u0119to ko\u015bcielne","\u015bwi\u0119to Zes\u0142ania Ducha \u015awi\u0119tego i Matki Bo\u017cej Pocieszenia oraz \u015bw. Micha\u0142a Archanio\u0142a","ukrywa\u0107","wiara","Wielkopolska","wierny","wie\u017ca","wizerunek","zas\u0142ona"],"articleSection":["G\u00f3rka Duchowna"],"inLanguage":"pl-PL"},{"@type":"WebPage","@id":"http:\/\/ludzieikrajobrazy.muzeumleszno.pl\/?p=340","url":"http:\/\/ludzieikrajobrazy.muzeumleszno.pl\/?p=340","name":"G\u00f3rka Duchowna. Sanktuarium Matki Bo\u017cej Pocieszenia, przed 1939 rokiem - Ludzie i krajobrazy. Powiat Leszczy\u0144ski w ikonografii","isPartOf":{"@id":"https:\/\/ludzieikrajobrazy.muzeumleszno.pl\/#website"},"primaryImageOfPage":{"@id":"http:\/\/ludzieikrajobrazy.muzeumleszno.pl\/?p=340#primaryimage"},"image":{"@id":"http:\/\/ludzieikrajobrazy.muzeumleszno.pl\/?p=340#primaryimage"},"thumbnailUrl":"http:\/\/ludzieikrajobrazy.muzeumleszno.pl\/wp-content\/uploads\/2024\/07\/41_MLH-3449-scaled.jpg","datePublished":"2024-07-20T09:54:53+00:00","dateModified":"2024-09-19T11:56:58+00:00","author":{"@id":"https:\/\/ludzieikrajobrazy.muzeumleszno.pl\/#\/schema\/person\/fc2bc20e2b51efc3202ac1f0cdcd06c0"},"breadcrumb":{"@id":"http:\/\/ludzieikrajobrazy.muzeumleszno.pl\/?p=340#breadcrumb"},"inLanguage":"pl-PL","potentialAction":[{"@type":"ReadAction","target":["http:\/\/ludzieikrajobrazy.muzeumleszno.pl\/?p=340"]}]},{"@type":"BreadcrumbList","@id":"http:\/\/ludzieikrajobrazy.muzeumleszno.pl\/?p=340#breadcrumb","itemListElement":[{"@type":"ListItem","position":1,"name":"Home","item":"https:\/\/ludzieikrajobrazy.muzeumleszno.pl\/"},{"@type":"ListItem","position":2,"name":"G\u00f3rka Duchowna. Sanktuarium Matki Bo\u017cej Pocieszenia, przed 1939 rokiem"}]},{"@type":"WebSite","@id":"https:\/\/ludzieikrajobrazy.muzeumleszno.pl\/#website","url":"https:\/\/ludzieikrajobrazy.muzeumleszno.pl\/","name":"Ludzie i krajobrazy. Powiat Leszczy\u0144ski w ikonografii","description":"Powiat Leszczy\u0144ski w ikonografii","potentialAction":[{"@type":"SearchAction","target":{"@type":"EntryPoint","urlTemplate":"https:\/\/ludzieikrajobrazy.muzeumleszno.pl\/?s={search_term_string}"},"query-input":{"@type":"PropertyValueSpecification","valueRequired":true,"valueName":"search_term_string"}}],"inLanguage":"pl-PL"},{"@type":"Person","@id":"https:\/\/ludzieikrajobrazy.muzeumleszno.pl\/#\/schema\/person\/fc2bc20e2b51efc3202ac1f0cdcd06c0","name":"Pan_Admin","image":{"@type":"ImageObject","inLanguage":"pl-PL","@id":"https:\/\/secure.gravatar.com\/avatar\/d109d485abe889ecc32dbdb971b715ad9d4596bd0e2353626451db3e04099822?s=96&d=mm&r=g","url":"https:\/\/secure.gravatar.com\/avatar\/d109d485abe889ecc32dbdb971b715ad9d4596bd0e2353626451db3e04099822?s=96&d=mm&r=g","contentUrl":"https:\/\/secure.gravatar.com\/avatar\/d109d485abe889ecc32dbdb971b715ad9d4596bd0e2353626451db3e04099822?s=96&d=mm&r=g","caption":"Pan_Admin"},"sameAs":["http:\/\/ludzieikrajobrazy.muzeumleszno.pl"],"url":"http:\/\/ludzieikrajobrazy.muzeumleszno.pl\/?author=1"}]}},"_links":{"self":[{"href":"http:\/\/ludzieikrajobrazy.muzeumleszno.pl\/index.php?rest_route=\/wp\/v2\/posts\/340","targetHints":{"allow":["GET"]}}],"collection":[{"href":"http:\/\/ludzieikrajobrazy.muzeumleszno.pl\/index.php?rest_route=\/wp\/v2\/posts"}],"about":[{"href":"http:\/\/ludzieikrajobrazy.muzeumleszno.pl\/index.php?rest_route=\/wp\/v2\/types\/post"}],"author":[{"embeddable":true,"href":"http:\/\/ludzieikrajobrazy.muzeumleszno.pl\/index.php?rest_route=\/wp\/v2\/users\/1"}],"replies":[{"embeddable":true,"href":"http:\/\/ludzieikrajobrazy.muzeumleszno.pl\/index.php?rest_route=%2Fwp%2Fv2%2Fcomments&post=340"}],"version-history":[{"count":2,"href":"http:\/\/ludzieikrajobrazy.muzeumleszno.pl\/index.php?rest_route=\/wp\/v2\/posts\/340\/revisions"}],"predecessor-version":[{"id":1192,"href":"http:\/\/ludzieikrajobrazy.muzeumleszno.pl\/index.php?rest_route=\/wp\/v2\/posts\/340\/revisions\/1192"}],"wp:featuredmedia":[{"embeddable":true,"href":"http:\/\/ludzieikrajobrazy.muzeumleszno.pl\/index.php?rest_route=\/wp\/v2\/media\/341"}],"wp:attachment":[{"href":"http:\/\/ludzieikrajobrazy.muzeumleszno.pl\/index.php?rest_route=%2Fwp%2Fv2%2Fmedia&parent=340"}],"wp:term":[{"taxonomy":"category","embeddable":true,"href":"http:\/\/ludzieikrajobrazy.muzeumleszno.pl\/index.php?rest_route=%2Fwp%2Fv2%2Fcategories&post=340"},{"taxonomy":"post_tag","embeddable":true,"href":"http:\/\/ludzieikrajobrazy.muzeumleszno.pl\/index.php?rest_route=%2Fwp%2Fv2%2Ftags&post=340"}],"curies":[{"name":"wp","href":"https:\/\/api.w.org\/{rel}","templated":true}]}}