{"id":361,"date":"2024-07-17T11:56:21","date_gmt":"2024-07-17T09:56:21","guid":{"rendered":"http:\/\/ludzieikrajobrazy.muzeumleszno.pl\/?p=361"},"modified":"2024-09-20T07:24:59","modified_gmt":"2024-09-20T05:24:59","slug":"jezierzyce-koscielne-kolo-spiewu-moniuszko-1951-rok","status":"publish","type":"post","link":"http:\/\/ludzieikrajobrazy.muzeumleszno.pl\/?p=361","title":{"rendered":"Jezierzyce Ko\u015bcielne. Ko\u0142o \u015bpiewu \u201eMoniuszko\u201d, 1951 rok"},"content":{"rendered":"\n<p>Ko\u0142o \u015apiewu&nbsp; \u201eMoniuszko\u201d w Jezierzycach Ko\u015bcielnych reaktywowano w styczniu 1947 roku w obecno\u015bci 26 cz\u0142onk\u00f3w. Jego prezesem zosta\u0142 Ludwik Samol, a dyrygentem nauczyciel Feliks Galon. Przed wybuchem wojny w zarz\u0105dzie zasiadali m.in.: Jan Rze\u017anik (I prezes), Piotr Samol senior (skarbnik), Franciszek Kaczmarek (prezes), Piotr Samol junior (prezes), Marceli Apolinarski (prezes) i Adam \u015aliwa (prezes). Aktywno\u015b\u0107 ko\u0142a uleg\u0142a po wojnie wyra\u017anemu os\u0142abieniu. Pewne o\u017cywienie nast\u0105pi\u0142o w 1951 roku z okazji 25-lecia dzia\u0142alno\u015bci. Odby\u0142 si\u0119 w\u00f3wczas uroczysty koncert i wystawiono tragifars\u0119 Stanis\u0142awa I\u0142owskiego (1901\u20131978) \u201ePani Dulska przed s\u0105dem\u201d, w re\u017cyserii Boles\u0142awa Handelkiewicza. Od 1952 roku praca zanik\u0142a, a 1953 roku w rejestrze XII Okr\u0119gowego Wielkopolskiego Zwi\u0105zku \u015apiewu ko\u0142o okre\u015blono jako nieczynne.&nbsp;<\/p>\n\n\n\n<p>Fotografia jest pami\u0105tk\u0105 z obchod\u00f3w 25-lecia istnienia Ko\u0142a \u015bpiewu \u201eMoniuszko\u201d. Cz\u0142onkowie zespo\u0142u dumnie prezentuj\u0105 swoje god\u0142o i okoliczno\u015bciow\u0105 tabliczk\u0119 z napisem: \u201eCze\u015b\u0107 Pie\u015bni! 1926-1951\u201d i cyfr\u0105 \u201e25\u201d. &nbsp;<\/p>\n\n\n\n<figure data-wp-context=\"{&quot;imageId&quot;:&quot;69f1cab02d6ee&quot;}\" data-wp-interactive=\"core\/image\" data-wp-key=\"69f1cab02d6ee\" class=\"wp-block-image size-full wp-lightbox-container\"><img fetchpriority=\"high\" decoding=\"async\" width=\"2560\" height=\"1643\" data-wp-class--hide=\"state.isContentHidden\" data-wp-class--show=\"state.isContentVisible\" data-wp-init=\"callbacks.setButtonStyles\" data-wp-on--click=\"actions.showLightbox\" data-wp-on--load=\"callbacks.setButtonStyles\" data-wp-on-window--resize=\"callbacks.setButtonStyles\" src=\"http:\/\/ludzieikrajobrazy.muzeumleszno.pl\/wp-content\/uploads\/2024\/07\/48_B.6703-scaled.jpg\" alt=\"Jezierzyce Ko\u015bcielne. Ko\u0142o \u015bpiewu \u201eMoniuszko\u201d, 1951 rok\" class=\"wp-image-362\" srcset=\"http:\/\/ludzieikrajobrazy.muzeumleszno.pl\/wp-content\/uploads\/2024\/07\/48_B.6703-scaled.jpg 2560w, http:\/\/ludzieikrajobrazy.muzeumleszno.pl\/wp-content\/uploads\/2024\/07\/48_B.6703-1536x986.jpg 1536w, http:\/\/ludzieikrajobrazy.muzeumleszno.pl\/wp-content\/uploads\/2024\/07\/48_B.6703-2048x1314.jpg 2048w, http:\/\/ludzieikrajobrazy.muzeumleszno.pl\/wp-content\/uploads\/2024\/07\/48_B.6703-200x128.jpg 200w, http:\/\/ludzieikrajobrazy.muzeumleszno.pl\/wp-content\/uploads\/2024\/07\/48_B.6703-973x624.jpg 973w, http:\/\/ludzieikrajobrazy.muzeumleszno.pl\/wp-content\/uploads\/2024\/07\/48_B.6703-508x326.jpg 508w\" sizes=\"(max-width: 2560px) 100vw, 2560px\" \/><button\n\t\t\tclass=\"lightbox-trigger\"\n\t\t\ttype=\"button\"\n\t\t\taria-haspopup=\"dialog\"\n\t\t\taria-label=\"Powi\u0119ksz\"\n\t\t\tdata-wp-init=\"callbacks.initTriggerButton\"\n\t\t\tdata-wp-on--click=\"actions.showLightbox\"\n\t\t\tdata-wp-style--right=\"state.imageButtonRight\"\n\t\t\tdata-wp-style--top=\"state.imageButtonTop\"\n\t\t>\n\t\t\t<svg xmlns=\"http:\/\/www.w3.org\/2000\/svg\" width=\"12\" height=\"12\" fill=\"none\" viewBox=\"0 0 12 12\">\n\t\t\t\t<path fill=\"#fff\" d=\"M2 0a2 2 0 0 0-2 2v2h1.5V2a.5.5 0 0 1 .5-.5h2V0H2Zm2 10.5H2a.5.5 0 0 1-.5-.5V8H0v2a2 2 0 0 0 2 2h2v-1.5ZM8 12v-1.5h2a.5.5 0 0 0 .5-.5V8H12v2a2 2 0 0 1-2 2H8Zm2-12a2 2 0 0 1 2 2v2h-1.5V2a.5.5 0 0 0-.5-.5H8V0h2Z\" \/>\n\t\t\t<\/svg>\n\t\t<\/button><figcaption class=\"wp-element-caption\">Jezierzyce Ko\u015bcielne. Ko\u0142o \u015bpiewu \u201eMoniuszko\u201d, 1951 rok<\/figcaption><\/figure>\n\n\n\n<p class=\"has-small-font-size\">nr inw. B.6703<br>W zbiorach Muzeum Okr\u0119gowego w Lesznie od 1994 roku, dar<\/p>\n\n\n\n<p>D.Cz.<\/p>\n\n\n\n<figure class=\"wp-block-embed is-type-video is-provider-youtube wp-block-embed-youtube wp-embed-aspect-16-9 wp-has-aspect-ratio\"><div class=\"wp-block-embed__wrapper\">\n<iframe title=\"Jezierzyce Kos\u0301cielne  Ko\u0142o s\u0301piewu \u201eMoniuszko\u201d, 1951 rok\" width=\"620\" height=\"349\" src=\"https:\/\/www.youtube.com\/embed\/fYae4HO4_XI?feature=oembed\" frameborder=\"0\" allow=\"accelerometer; autoplay; clipboard-write; encrypted-media; gyroscope; picture-in-picture; web-share\" referrerpolicy=\"strict-origin-when-cross-origin\" allowfullscreen><\/iframe>\n<\/div><\/figure>\n","protected":false},"excerpt":{"rendered":"<p>Ko\u0142o \u015apiewu&nbsp; \u201eMoniuszko\u201d w Jezierzycach Ko\u015bcielnych reaktywowano w styczniu 1947 roku w obecno\u015bci 26 cz\u0142onk\u00f3w. Jego prezesem zosta\u0142 Ludwik Samol, a dyrygentem nauczyciel Feliks Galon. Przed wybuchem wojny&#8230;<\/p>\n","protected":false},"author":1,"featured_media":362,"comment_status":"closed","ping_status":"closed","sticky":false,"template":"","format":"standard","meta":{"cybocfi_hide_featured_image":"yes","footnotes":""},"categories":[46],"tags":[2503,2492,2500,2499,378,782,808,2504,165,1187,1598,520,795,2495,201,1525,2497,247,309,1137,363,2496,47,2476,537,2494,2498,2108,2222,1251,1582,2493,2505,2502,1185,1248,1872,2501,785],"class_list":["post-361","post","type-post","status-publish","format-standard","has-post-thumbnail","hentry","category-jezierzyce-koscielne","tag-pani-dulska-przed-sadem","tag-2492","tag-25-lecie","tag-adam-sliwa","tag-architektura","tag-biala-koszula","tag-biala-sukienka","tag-boleslaw-handelkiewicz","tag-budownictwo-murowane","tag-cegla","tag-czlonek","tag-dokumentacja","tag-dyrygent","tag-feliks-galon","tag-fotografia-grupowa","tag-fotografia-okolicznosciowa","tag-franciszek-kaczmarek","tag-garnitur","tag-godlo","tag-grupa-ludzi","tag-ii-wojna-swiatowa","tag-jan-rzeznik","tag-jezierzyce-koscielne","tag-kolo-spiewu-moniuszko","tag-koncert","tag-ludwik-samol","tag-marceli-apolinarski","tag-nauczyciel","tag-okna","tag-powaga","tag-prezes","tag-reaktywacja","tag-rejestr-xii-okregowego-wielkopolskiego-zwiazku-spiewu","tag-stanislaw-ilowski","tag-stroj-odswietny","tag-tablica-informacyjna","tag-tablica-pamiatkowa","tag-tragifarsa","tag-usmiech"],"yoast_head":"<!-- This site is optimized with the Yoast SEO plugin v27.5 - https:\/\/yoast.com\/product\/yoast-seo-wordpress\/ -->\n<title>Jezierzyce Ko\u015bcielne. Ko\u0142o \u015bpiewu \u201eMoniuszko\u201d, 1951 rok - Ludzie i krajobrazy. Powiat Leszczy\u0144ski w ikonografii<\/title>\n<meta name=\"robots\" content=\"index, follow, max-snippet:-1, max-image-preview:large, max-video-preview:-1\" \/>\n<link rel=\"canonical\" href=\"http:\/\/ludzieikrajobrazy.muzeumleszno.pl\/?p=361\" \/>\n<meta property=\"og:locale\" content=\"pl_PL\" \/>\n<meta property=\"og:type\" content=\"article\" \/>\n<meta property=\"og:title\" content=\"Jezierzyce Ko\u015bcielne. Ko\u0142o \u015bpiewu \u201eMoniuszko\u201d, 1951 rok - Ludzie i krajobrazy. Powiat Leszczy\u0144ski w ikonografii\" \/>\n<meta property=\"og:description\" content=\"Ko\u0142o \u015apiewu&nbsp; \u201eMoniuszko\u201d w Jezierzycach Ko\u015bcielnych reaktywowano w styczniu 1947 roku w obecno\u015bci 26 cz\u0142onk\u00f3w. Jego prezesem zosta\u0142 Ludwik Samol, a dyrygentem nauczyciel Feliks Galon. Przed wybuchem wojny...\" \/>\n<meta property=\"og:url\" content=\"http:\/\/ludzieikrajobrazy.muzeumleszno.pl\/?p=361\" \/>\n<meta property=\"og:site_name\" content=\"Ludzie i krajobrazy. Powiat Leszczy\u0144ski w ikonografii\" \/>\n<meta property=\"article:published_time\" content=\"2024-07-17T09:56:21+00:00\" \/>\n<meta property=\"article:modified_time\" content=\"2024-09-20T05:24:59+00:00\" \/>\n<meta property=\"og:image\" content=\"http:\/\/ludzieikrajobrazy.muzeumleszno.pl\/wp-content\/uploads\/2024\/07\/48_B.6703-scaled.jpg\" \/>\n\t<meta property=\"og:image:width\" content=\"2560\" \/>\n\t<meta property=\"og:image:height\" content=\"1643\" \/>\n\t<meta property=\"og:image:type\" content=\"image\/jpeg\" \/>\n<meta name=\"author\" content=\"Pan_Admin\" \/>\n<meta name=\"twitter:card\" content=\"summary_large_image\" \/>\n<meta name=\"twitter:label1\" content=\"Napisane przez\" \/>\n\t<meta name=\"twitter:data1\" content=\"Pan_Admin\" \/>\n\t<meta name=\"twitter:label2\" content=\"Szacowany czas czytania\" \/>\n\t<meta name=\"twitter:data2\" content=\"2 minuty\" \/>\n<script type=\"application\/ld+json\" class=\"yoast-schema-graph\">{\"@context\":\"https:\\\/\\\/schema.org\",\"@graph\":[{\"@type\":\"Article\",\"@id\":\"http:\\\/\\\/ludzieikrajobrazy.muzeumleszno.pl\\\/?p=361#article\",\"isPartOf\":{\"@id\":\"http:\\\/\\\/ludzieikrajobrazy.muzeumleszno.pl\\\/?p=361\"},\"author\":{\"name\":\"Pan_Admin\",\"@id\":\"https:\\\/\\\/ludzieikrajobrazy.muzeumleszno.pl\\\/#\\\/schema\\\/person\\\/fc2bc20e2b51efc3202ac1f0cdcd06c0\"},\"headline\":\"Jezierzyce Ko\u015bcielne. Ko\u0142o \u015bpiewu \u201eMoniuszko\u201d, 1951 rok\",\"datePublished\":\"2024-07-17T09:56:21+00:00\",\"dateModified\":\"2024-09-20T05:24:59+00:00\",\"mainEntityOfPage\":{\"@id\":\"http:\\\/\\\/ludzieikrajobrazy.muzeumleszno.pl\\\/?p=361\"},\"wordCount\":205,\"image\":{\"@id\":\"http:\\\/\\\/ludzieikrajobrazy.muzeumleszno.pl\\\/?p=361#primaryimage\"},\"thumbnailUrl\":\"http:\\\/\\\/ludzieikrajobrazy.muzeumleszno.pl\\\/wp-content\\\/uploads\\\/2024\\\/07\\\/48_B.6703-scaled.jpg\",\"keywords\":[\"\u201ePani Dulska przed s\u0105dem\u201d\",\"1951\",\"25-lecie\",\"Adam \u015aliwa\",\"architektura\",\"bia\u0142a koszula\",\"bia\u0142a sukienka\",\"Boles\u0142aw Handelkiewicz\",\"budownictwo murowane\",\"ceg\u0142a\",\"cz\u0142onek\",\"dokumentacja\",\"dyrygent\",\"Feliks Galon\",\"fotografia grupowa\",\"fotografia okoliczno\u015bciowa\",\"Franciszek Kaczmarek\",\"garnitur\",\"god\u0142o\",\"grupa ludzi\",\"II Wojna \u015awiatowa\",\"Jan Rze\u017anik\",\"Jezierzyce Ko\u015bcielne\",\"Ko\u0142o \u015bpiewu \u201eMoniuszko\u201d\",\"koncert\",\"Ludwik Samol\",\"Marceli Apolinarski\",\"nauczyciel\",\"okna\",\"powaga\",\"prezes\",\"reaktywacja\",\"rejestr XII Okr\u0119gowego Wielkopolskiego Zwi\u0105zku \u015apiewu\",\"Stanis\u0142aw I\u0142owski\",\"str\u00f3j od\u015bwi\u0119tny\",\"tablica informacyjna\",\"tablica pami\u0105tkowa\",\"tragifarsa\",\"u\u015bmiech\"],\"articleSection\":[\"Jezierzyce Ko\u015bcielne\"],\"inLanguage\":\"pl-PL\"},{\"@type\":\"WebPage\",\"@id\":\"http:\\\/\\\/ludzieikrajobrazy.muzeumleszno.pl\\\/?p=361\",\"url\":\"http:\\\/\\\/ludzieikrajobrazy.muzeumleszno.pl\\\/?p=361\",\"name\":\"Jezierzyce Ko\u015bcielne. Ko\u0142o \u015bpiewu \u201eMoniuszko\u201d, 1951 rok - Ludzie i krajobrazy. Powiat Leszczy\u0144ski w ikonografii\",\"isPartOf\":{\"@id\":\"https:\\\/\\\/ludzieikrajobrazy.muzeumleszno.pl\\\/#website\"},\"primaryImageOfPage\":{\"@id\":\"http:\\\/\\\/ludzieikrajobrazy.muzeumleszno.pl\\\/?p=361#primaryimage\"},\"image\":{\"@id\":\"http:\\\/\\\/ludzieikrajobrazy.muzeumleszno.pl\\\/?p=361#primaryimage\"},\"thumbnailUrl\":\"http:\\\/\\\/ludzieikrajobrazy.muzeumleszno.pl\\\/wp-content\\\/uploads\\\/2024\\\/07\\\/48_B.6703-scaled.jpg\",\"datePublished\":\"2024-07-17T09:56:21+00:00\",\"dateModified\":\"2024-09-20T05:24:59+00:00\",\"author\":{\"@id\":\"https:\\\/\\\/ludzieikrajobrazy.muzeumleszno.pl\\\/#\\\/schema\\\/person\\\/fc2bc20e2b51efc3202ac1f0cdcd06c0\"},\"breadcrumb\":{\"@id\":\"http:\\\/\\\/ludzieikrajobrazy.muzeumleszno.pl\\\/?p=361#breadcrumb\"},\"inLanguage\":\"pl-PL\",\"potentialAction\":[{\"@type\":\"ReadAction\",\"target\":[\"http:\\\/\\\/ludzieikrajobrazy.muzeumleszno.pl\\\/?p=361\"]}]},{\"@type\":\"BreadcrumbList\",\"@id\":\"http:\\\/\\\/ludzieikrajobrazy.muzeumleszno.pl\\\/?p=361#breadcrumb\",\"itemListElement\":[{\"@type\":\"ListItem\",\"position\":1,\"name\":\"Home\",\"item\":\"https:\\\/\\\/ludzieikrajobrazy.muzeumleszno.pl\\\/\"},{\"@type\":\"ListItem\",\"position\":2,\"name\":\"Jezierzyce Ko\u015bcielne. Ko\u0142o \u015bpiewu \u201eMoniuszko\u201d, 1951 rok\"}]},{\"@type\":\"WebSite\",\"@id\":\"https:\\\/\\\/ludzieikrajobrazy.muzeumleszno.pl\\\/#website\",\"url\":\"https:\\\/\\\/ludzieikrajobrazy.muzeumleszno.pl\\\/\",\"name\":\"Ludzie i krajobrazy. Powiat Leszczy\u0144ski w ikonografii\",\"description\":\"Powiat Leszczy\u0144ski w ikonografii\",\"potentialAction\":[{\"@type\":\"SearchAction\",\"target\":{\"@type\":\"EntryPoint\",\"urlTemplate\":\"https:\\\/\\\/ludzieikrajobrazy.muzeumleszno.pl\\\/?s={search_term_string}\"},\"query-input\":{\"@type\":\"PropertyValueSpecification\",\"valueRequired\":true,\"valueName\":\"search_term_string\"}}],\"inLanguage\":\"pl-PL\"},{\"@type\":\"Person\",\"@id\":\"https:\\\/\\\/ludzieikrajobrazy.muzeumleszno.pl\\\/#\\\/schema\\\/person\\\/fc2bc20e2b51efc3202ac1f0cdcd06c0\",\"name\":\"Pan_Admin\",\"image\":{\"@type\":\"ImageObject\",\"inLanguage\":\"pl-PL\",\"@id\":\"https:\\\/\\\/secure.gravatar.com\\\/avatar\\\/d109d485abe889ecc32dbdb971b715ad9d4596bd0e2353626451db3e04099822?s=96&d=mm&r=g\",\"url\":\"https:\\\/\\\/secure.gravatar.com\\\/avatar\\\/d109d485abe889ecc32dbdb971b715ad9d4596bd0e2353626451db3e04099822?s=96&d=mm&r=g\",\"contentUrl\":\"https:\\\/\\\/secure.gravatar.com\\\/avatar\\\/d109d485abe889ecc32dbdb971b715ad9d4596bd0e2353626451db3e04099822?s=96&d=mm&r=g\",\"caption\":\"Pan_Admin\"},\"sameAs\":[\"http:\\\/\\\/ludzieikrajobrazy.muzeumleszno.pl\"],\"url\":\"http:\\\/\\\/ludzieikrajobrazy.muzeumleszno.pl\\\/?author=1\"}]}<\/script>\n<!-- \/ Yoast SEO plugin. -->","yoast_head_json":{"title":"Jezierzyce Ko\u015bcielne. Ko\u0142o \u015bpiewu \u201eMoniuszko\u201d, 1951 rok - Ludzie i krajobrazy. Powiat Leszczy\u0144ski w ikonografii","robots":{"index":"index","follow":"follow","max-snippet":"max-snippet:-1","max-image-preview":"max-image-preview:large","max-video-preview":"max-video-preview:-1"},"canonical":"http:\/\/ludzieikrajobrazy.muzeumleszno.pl\/?p=361","og_locale":"pl_PL","og_type":"article","og_title":"Jezierzyce Ko\u015bcielne. Ko\u0142o \u015bpiewu \u201eMoniuszko\u201d, 1951 rok - Ludzie i krajobrazy. Powiat Leszczy\u0144ski w ikonografii","og_description":"Ko\u0142o \u015apiewu&nbsp; \u201eMoniuszko\u201d w Jezierzycach Ko\u015bcielnych reaktywowano w styczniu 1947 roku w obecno\u015bci 26 cz\u0142onk\u00f3w. Jego prezesem zosta\u0142 Ludwik Samol, a dyrygentem nauczyciel Feliks Galon. Przed wybuchem wojny...","og_url":"http:\/\/ludzieikrajobrazy.muzeumleszno.pl\/?p=361","og_site_name":"Ludzie i krajobrazy. Powiat Leszczy\u0144ski w ikonografii","article_published_time":"2024-07-17T09:56:21+00:00","article_modified_time":"2024-09-20T05:24:59+00:00","og_image":[{"width":2560,"height":1643,"url":"http:\/\/ludzieikrajobrazy.muzeumleszno.pl\/wp-content\/uploads\/2024\/07\/48_B.6703-scaled.jpg","type":"image\/jpeg"}],"author":"Pan_Admin","twitter_card":"summary_large_image","twitter_misc":{"Napisane przez":"Pan_Admin","Szacowany czas czytania":"2 minuty"},"schema":{"@context":"https:\/\/schema.org","@graph":[{"@type":"Article","@id":"http:\/\/ludzieikrajobrazy.muzeumleszno.pl\/?p=361#article","isPartOf":{"@id":"http:\/\/ludzieikrajobrazy.muzeumleszno.pl\/?p=361"},"author":{"name":"Pan_Admin","@id":"https:\/\/ludzieikrajobrazy.muzeumleszno.pl\/#\/schema\/person\/fc2bc20e2b51efc3202ac1f0cdcd06c0"},"headline":"Jezierzyce Ko\u015bcielne. Ko\u0142o \u015bpiewu \u201eMoniuszko\u201d, 1951 rok","datePublished":"2024-07-17T09:56:21+00:00","dateModified":"2024-09-20T05:24:59+00:00","mainEntityOfPage":{"@id":"http:\/\/ludzieikrajobrazy.muzeumleszno.pl\/?p=361"},"wordCount":205,"image":{"@id":"http:\/\/ludzieikrajobrazy.muzeumleszno.pl\/?p=361#primaryimage"},"thumbnailUrl":"http:\/\/ludzieikrajobrazy.muzeumleszno.pl\/wp-content\/uploads\/2024\/07\/48_B.6703-scaled.jpg","keywords":["\u201ePani Dulska przed s\u0105dem\u201d","1951","25-lecie","Adam \u015aliwa","architektura","bia\u0142a koszula","bia\u0142a sukienka","Boles\u0142aw Handelkiewicz","budownictwo murowane","ceg\u0142a","cz\u0142onek","dokumentacja","dyrygent","Feliks Galon","fotografia grupowa","fotografia okoliczno\u015bciowa","Franciszek Kaczmarek","garnitur","god\u0142o","grupa ludzi","II Wojna \u015awiatowa","Jan Rze\u017anik","Jezierzyce Ko\u015bcielne","Ko\u0142o \u015bpiewu \u201eMoniuszko\u201d","koncert","Ludwik Samol","Marceli Apolinarski","nauczyciel","okna","powaga","prezes","reaktywacja","rejestr XII Okr\u0119gowego Wielkopolskiego Zwi\u0105zku \u015apiewu","Stanis\u0142aw I\u0142owski","str\u00f3j od\u015bwi\u0119tny","tablica informacyjna","tablica pami\u0105tkowa","tragifarsa","u\u015bmiech"],"articleSection":["Jezierzyce Ko\u015bcielne"],"inLanguage":"pl-PL"},{"@type":"WebPage","@id":"http:\/\/ludzieikrajobrazy.muzeumleszno.pl\/?p=361","url":"http:\/\/ludzieikrajobrazy.muzeumleszno.pl\/?p=361","name":"Jezierzyce Ko\u015bcielne. Ko\u0142o \u015bpiewu \u201eMoniuszko\u201d, 1951 rok - Ludzie i krajobrazy. Powiat Leszczy\u0144ski w ikonografii","isPartOf":{"@id":"https:\/\/ludzieikrajobrazy.muzeumleszno.pl\/#website"},"primaryImageOfPage":{"@id":"http:\/\/ludzieikrajobrazy.muzeumleszno.pl\/?p=361#primaryimage"},"image":{"@id":"http:\/\/ludzieikrajobrazy.muzeumleszno.pl\/?p=361#primaryimage"},"thumbnailUrl":"http:\/\/ludzieikrajobrazy.muzeumleszno.pl\/wp-content\/uploads\/2024\/07\/48_B.6703-scaled.jpg","datePublished":"2024-07-17T09:56:21+00:00","dateModified":"2024-09-20T05:24:59+00:00","author":{"@id":"https:\/\/ludzieikrajobrazy.muzeumleszno.pl\/#\/schema\/person\/fc2bc20e2b51efc3202ac1f0cdcd06c0"},"breadcrumb":{"@id":"http:\/\/ludzieikrajobrazy.muzeumleszno.pl\/?p=361#breadcrumb"},"inLanguage":"pl-PL","potentialAction":[{"@type":"ReadAction","target":["http:\/\/ludzieikrajobrazy.muzeumleszno.pl\/?p=361"]}]},{"@type":"BreadcrumbList","@id":"http:\/\/ludzieikrajobrazy.muzeumleszno.pl\/?p=361#breadcrumb","itemListElement":[{"@type":"ListItem","position":1,"name":"Home","item":"https:\/\/ludzieikrajobrazy.muzeumleszno.pl\/"},{"@type":"ListItem","position":2,"name":"Jezierzyce Ko\u015bcielne. Ko\u0142o \u015bpiewu \u201eMoniuszko\u201d, 1951 rok"}]},{"@type":"WebSite","@id":"https:\/\/ludzieikrajobrazy.muzeumleszno.pl\/#website","url":"https:\/\/ludzieikrajobrazy.muzeumleszno.pl\/","name":"Ludzie i krajobrazy. Powiat Leszczy\u0144ski w ikonografii","description":"Powiat Leszczy\u0144ski w ikonografii","potentialAction":[{"@type":"SearchAction","target":{"@type":"EntryPoint","urlTemplate":"https:\/\/ludzieikrajobrazy.muzeumleszno.pl\/?s={search_term_string}"},"query-input":{"@type":"PropertyValueSpecification","valueRequired":true,"valueName":"search_term_string"}}],"inLanguage":"pl-PL"},{"@type":"Person","@id":"https:\/\/ludzieikrajobrazy.muzeumleszno.pl\/#\/schema\/person\/fc2bc20e2b51efc3202ac1f0cdcd06c0","name":"Pan_Admin","image":{"@type":"ImageObject","inLanguage":"pl-PL","@id":"https:\/\/secure.gravatar.com\/avatar\/d109d485abe889ecc32dbdb971b715ad9d4596bd0e2353626451db3e04099822?s=96&d=mm&r=g","url":"https:\/\/secure.gravatar.com\/avatar\/d109d485abe889ecc32dbdb971b715ad9d4596bd0e2353626451db3e04099822?s=96&d=mm&r=g","contentUrl":"https:\/\/secure.gravatar.com\/avatar\/d109d485abe889ecc32dbdb971b715ad9d4596bd0e2353626451db3e04099822?s=96&d=mm&r=g","caption":"Pan_Admin"},"sameAs":["http:\/\/ludzieikrajobrazy.muzeumleszno.pl"],"url":"http:\/\/ludzieikrajobrazy.muzeumleszno.pl\/?author=1"}]}},"_links":{"self":[{"href":"http:\/\/ludzieikrajobrazy.muzeumleszno.pl\/index.php?rest_route=\/wp\/v2\/posts\/361","targetHints":{"allow":["GET"]}}],"collection":[{"href":"http:\/\/ludzieikrajobrazy.muzeumleszno.pl\/index.php?rest_route=\/wp\/v2\/posts"}],"about":[{"href":"http:\/\/ludzieikrajobrazy.muzeumleszno.pl\/index.php?rest_route=\/wp\/v2\/types\/post"}],"author":[{"embeddable":true,"href":"http:\/\/ludzieikrajobrazy.muzeumleszno.pl\/index.php?rest_route=\/wp\/v2\/users\/1"}],"replies":[{"embeddable":true,"href":"http:\/\/ludzieikrajobrazy.muzeumleszno.pl\/index.php?rest_route=%2Fwp%2Fv2%2Fcomments&post=361"}],"version-history":[{"count":2,"href":"http:\/\/ludzieikrajobrazy.muzeumleszno.pl\/index.php?rest_route=\/wp\/v2\/posts\/361\/revisions"}],"predecessor-version":[{"id":1202,"href":"http:\/\/ludzieikrajobrazy.muzeumleszno.pl\/index.php?rest_route=\/wp\/v2\/posts\/361\/revisions\/1202"}],"wp:featuredmedia":[{"embeddable":true,"href":"http:\/\/ludzieikrajobrazy.muzeumleszno.pl\/index.php?rest_route=\/wp\/v2\/media\/362"}],"wp:attachment":[{"href":"http:\/\/ludzieikrajobrazy.muzeumleszno.pl\/index.php?rest_route=%2Fwp%2Fv2%2Fmedia&parent=361"}],"wp:term":[{"taxonomy":"category","embeddable":true,"href":"http:\/\/ludzieikrajobrazy.muzeumleszno.pl\/index.php?rest_route=%2Fwp%2Fv2%2Fcategories&post=361"},{"taxonomy":"post_tag","embeddable":true,"href":"http:\/\/ludzieikrajobrazy.muzeumleszno.pl\/index.php?rest_route=%2Fwp%2Fv2%2Ftags&post=361"}],"curies":[{"name":"wp","href":"https:\/\/api.w.org\/{rel}","templated":true}]}}