{"id":364,"date":"2024-07-16T12:00:45","date_gmt":"2024-07-16T10:00:45","guid":{"rendered":"http:\/\/ludzieikrajobrazy.muzeumleszno.pl\/?p=364"},"modified":"2024-09-20T07:27:32","modified_gmt":"2024-09-20T05:27:32","slug":"kaczkowo-kosciol-pw-sw-marcina-1936-rok-romuald-bogaczyk","status":"publish","type":"post","link":"http:\/\/ludzieikrajobrazy.muzeumleszno.pl\/?p=364","title":{"rendered":"Kaczkowo. Ko\u015bci\u00f3\u0142 pw. \u015bw. Marcina, 1936 rok, Romuald Bogaczyk"},"content":{"rendered":"\n<p>Kaczkowo le\u017ca\u0142o w granicach \u015al\u0105ska do 1920 roku i dopiero ustalenia traktatu wersalskiego sprawi\u0142y, \u017ce wie\u015b przy\u0142\u0105czono do Polski. Miejscowo\u015b\u0107 istnieje od XIII wieku, a najstarsza informacja o parafii pochodzi z 1326 roku. Wsp\u00f3\u0142czesny ko\u015bci\u00f3\u0142 pw. \u015bw. Marcina zbudowano po okresie reformacji staraniem rodziny Lessel Stosch\u00f3w. Pocz\u0105tkowo by\u0142a to \u015bwi\u0105tynia drewniana, kt\u00f3r\u0105 w 1817 roku przebudowano. Konstrukcj\u0119 drewnian\u0105 zast\u0105piono w\u00f3wczas szkieletow\u0105 z ceglanym wype\u0142nieniem.&nbsp;<\/p>\n\n\n\n<p>Szachulcowy ko\u015bci\u00f3\u0142 by\u0142 filia\u0142em parafii w Czerninie, a od 1925 roku opiek\u0119 duszpastersk\u0105 sprawowali w nim duchowni z Rydzyny i Go\u0142aszyna. W okresie II wojny \u015bwiatowej ko\u015bci\u00f3\u0142 w Kaczkowie by\u0142 jedynym w powiecie leszczy\u0144skim otwartym dla Polak\u00f3w. Jako duszpasterz dzia\u0142a\u0142 tam ks. Sylwester Matuszak (1900\u20131953), wieloletni proboszcz w Zbarzewie, Wilkowicach i M\u00f3rkowie. &nbsp;<\/p>\n\n\n\n<p>Autorem plastycznego przedstawienia ko\u015bcio\u0142a jest znany leszczy\u0144ski artysta Romuald Bogaczyk (1910\u20131980). Rysunek powsta\u0142 w okresie mi\u0119dzywojennym i ukazuje widok \u015bwi\u0105tyni przed dobudow\u0105 kaplicy Matki Boskiej. Wzniesiono j\u0105 w latach 1947-1953.<\/p>\n\n\n\n<figure data-wp-context=\"{&quot;imageId&quot;:&quot;69f1ccd13f98a&quot;}\" data-wp-interactive=\"core\/image\" data-wp-key=\"69f1ccd13f98a\" class=\"wp-block-image size-full wp-lightbox-container\"><img fetchpriority=\"high\" decoding=\"async\" width=\"2445\" height=\"2000\" data-wp-class--hide=\"state.isContentHidden\" data-wp-class--show=\"state.isContentVisible\" data-wp-init=\"callbacks.setButtonStyles\" data-wp-on--click=\"actions.showLightbox\" data-wp-on--load=\"callbacks.setButtonStyles\" data-wp-on-window--resize=\"callbacks.setButtonStyles\" src=\"http:\/\/ludzieikrajobrazy.muzeumleszno.pl\/wp-content\/uploads\/2024\/07\/49_ML-541.jpg\" alt=\"Kaczkowo. Ko\u015bci\u00f3\u0142 pw. \u015bw. Marcina, 1936 rok, Romuald Bogaczyk\" class=\"wp-image-365\" srcset=\"http:\/\/ludzieikrajobrazy.muzeumleszno.pl\/wp-content\/uploads\/2024\/07\/49_ML-541.jpg 2445w, http:\/\/ludzieikrajobrazy.muzeumleszno.pl\/wp-content\/uploads\/2024\/07\/49_ML-541-1536x1256.jpg 1536w, http:\/\/ludzieikrajobrazy.muzeumleszno.pl\/wp-content\/uploads\/2024\/07\/49_ML-541-2048x1675.jpg 2048w, http:\/\/ludzieikrajobrazy.muzeumleszno.pl\/wp-content\/uploads\/2024\/07\/49_ML-541-200x164.jpg 200w, http:\/\/ludzieikrajobrazy.muzeumleszno.pl\/wp-content\/uploads\/2024\/07\/49_ML-541-973x796.jpg 973w, http:\/\/ludzieikrajobrazy.muzeumleszno.pl\/wp-content\/uploads\/2024\/07\/49_ML-541-508x416.jpg 508w\" sizes=\"(max-width: 2445px) 100vw, 2445px\" \/><button\n\t\t\tclass=\"lightbox-trigger\"\n\t\t\ttype=\"button\"\n\t\t\taria-haspopup=\"dialog\"\n\t\t\taria-label=\"Powi\u0119ksz\"\n\t\t\tdata-wp-init=\"callbacks.initTriggerButton\"\n\t\t\tdata-wp-on--click=\"actions.showLightbox\"\n\t\t\tdata-wp-style--right=\"state.imageButtonRight\"\n\t\t\tdata-wp-style--top=\"state.imageButtonTop\"\n\t\t>\n\t\t\t<svg xmlns=\"http:\/\/www.w3.org\/2000\/svg\" width=\"12\" height=\"12\" fill=\"none\" viewBox=\"0 0 12 12\">\n\t\t\t\t<path fill=\"#fff\" d=\"M2 0a2 2 0 0 0-2 2v2h1.5V2a.5.5 0 0 1 .5-.5h2V0H2Zm2 10.5H2a.5.5 0 0 1-.5-.5V8H0v2a2 2 0 0 0 2 2h2v-1.5ZM8 12v-1.5h2a.5.5 0 0 0 .5-.5V8H12v2a2 2 0 0 1-2 2H8Zm2-12a2 2 0 0 1 2 2v2h-1.5V2a.5.5 0 0 0-.5-.5H8V0h2Z\" \/>\n\t\t\t<\/svg>\n\t\t<\/button><figcaption class=\"wp-element-caption\">Ko\u015bcio\u0142 w Kaczkowie. Romuald Bogaczyk; 1936 r.;  papier, o\u0142owek; wys.29, szer. 35,5 cm; Muzeum Okr\u0119gowe w Lesznie; ML541<\/figcaption><\/figure>\n\n\n\n<p class=\"has-small-font-size\">nr inw. ML 541<br>w zbiorach Muzeum Okr\u0119gowego w Lesznie od 1979 roku, zakup<\/p>\n\n\n\n<p>D.Cz.&nbsp;<\/p>\n\n\n\n<figure class=\"wp-block-embed is-type-video is-provider-youtube wp-block-embed-youtube wp-embed-aspect-16-9 wp-has-aspect-ratio\"><div class=\"wp-block-embed__wrapper\">\n<iframe title=\"Kaczkowo  Kos\u0301cio\u0301\u0142 pw  s\u0301w  Marcina, 1936 rok\" width=\"620\" height=\"349\" src=\"https:\/\/www.youtube.com\/embed\/WDOniK44TyA?feature=oembed\" frameborder=\"0\" allow=\"accelerometer; autoplay; clipboard-write; encrypted-media; gyroscope; picture-in-picture; web-share\" referrerpolicy=\"strict-origin-when-cross-origin\" allowfullscreen><\/iframe>\n<\/div><\/figure>\n","protected":false},"excerpt":{"rendered":"<p>Kaczkowo le\u017ca\u0142o w granicach \u015al\u0105ska do 1920 roku i dopiero ustalenia traktatu wersalskiego sprawi\u0142y, \u017ce wie\u015b przy\u0142\u0105czono do Polski. Miejscowo\u015b\u0107 istnieje od XIII wieku, a najstarsza informacja o&#8230;<\/p>\n","protected":false},"author":1,"featured_media":365,"comment_status":"closed","ping_status":"closed","sticky":false,"template":"","format":"standard","meta":{"cybocfi_hide_featured_image":"yes","footnotes":""},"categories":[48],"tags":[2477,378,341,392,2512,736,1452,1406,1777,363,49,2513,658,2509,1855,2506,2510,828,893,2508,873,215,2222,1847,811,1825,311,480,920,1335,934,517,1983,818,2511,1849,2507,1201,2001],"class_list":["post-364","post","type-post","status-publish","format-standard","has-post-thumbnail","hentry","category-kaczkowo","tag-2477","tag-architektura","tag-artysta","tag-cmentarz","tag-dobudowa","tag-drzewa","tag-duchowny","tag-duszpasterz","tag-filial","tag-ii-wojna-swiatowa","tag-kaczkowo","tag-kaplica-matki-boskiej","tag-kapliczka","tag-konstrukcja-drewniana","tag-konstrukcja-szkieletowa","tag-kosciol-pod-wezwaniem-sw-marcina-2","tag-kosciol-szachulcowy","tag-krzyz","tag-ksiadz","tag-lessel-stosch","tag-matka-boska","tag-miedzywojnie","tag-okna","tag-papier","tag-parafia","tag-plastyk","tag-polska","tag-powiat-leszczynski","tag-proboszcz","tag-reformacja","tag-romuald-bogaczyk","tag-rysunek","tag-slask","tag-swiatynia-2","tag-sylwester-matuszak","tag-szachulec","tag-traktat-wersalski","tag-wies","tag-wypelnienie-ceglane"],"yoast_head":"<!-- This site is optimized with the Yoast SEO plugin v27.5 - https:\/\/yoast.com\/product\/yoast-seo-wordpress\/ -->\n<title>Kaczkowo. Ko\u015bci\u00f3\u0142 pw. \u015bw. Marcina, 1936 rok, Romuald Bogaczyk - Ludzie i krajobrazy. Powiat Leszczy\u0144ski w ikonografii<\/title>\n<meta name=\"robots\" content=\"index, follow, max-snippet:-1, max-image-preview:large, max-video-preview:-1\" \/>\n<link rel=\"canonical\" href=\"http:\/\/ludzieikrajobrazy.muzeumleszno.pl\/?p=364\" \/>\n<meta property=\"og:locale\" content=\"pl_PL\" \/>\n<meta property=\"og:type\" content=\"article\" \/>\n<meta property=\"og:title\" content=\"Kaczkowo. Ko\u015bci\u00f3\u0142 pw. \u015bw. Marcina, 1936 rok, Romuald Bogaczyk - Ludzie i krajobrazy. Powiat Leszczy\u0144ski w ikonografii\" \/>\n<meta property=\"og:description\" content=\"Kaczkowo le\u017ca\u0142o w granicach \u015al\u0105ska do 1920 roku i dopiero ustalenia traktatu wersalskiego sprawi\u0142y, \u017ce wie\u015b przy\u0142\u0105czono do Polski. Miejscowo\u015b\u0107 istnieje od XIII wieku, a najstarsza informacja o...\" \/>\n<meta property=\"og:url\" content=\"http:\/\/ludzieikrajobrazy.muzeumleszno.pl\/?p=364\" \/>\n<meta property=\"og:site_name\" content=\"Ludzie i krajobrazy. Powiat Leszczy\u0144ski w ikonografii\" \/>\n<meta property=\"article:published_time\" content=\"2024-07-16T10:00:45+00:00\" \/>\n<meta property=\"article:modified_time\" content=\"2024-09-20T05:27:32+00:00\" \/>\n<meta property=\"og:image\" content=\"http:\/\/ludzieikrajobrazy.muzeumleszno.pl\/wp-content\/uploads\/2024\/07\/49_ML-541.jpg\" \/>\n\t<meta property=\"og:image:width\" content=\"2445\" \/>\n\t<meta property=\"og:image:height\" content=\"2000\" \/>\n\t<meta property=\"og:image:type\" content=\"image\/jpeg\" \/>\n<meta name=\"author\" content=\"Pan_Admin\" \/>\n<meta name=\"twitter:card\" content=\"summary_large_image\" \/>\n<meta name=\"twitter:label1\" content=\"Napisane przez\" \/>\n\t<meta name=\"twitter:data1\" content=\"Pan_Admin\" \/>\n\t<meta name=\"twitter:label2\" content=\"Szacowany czas czytania\" \/>\n\t<meta name=\"twitter:data2\" content=\"2 minuty\" \/>\n<script type=\"application\/ld+json\" class=\"yoast-schema-graph\">{\"@context\":\"https:\\\/\\\/schema.org\",\"@graph\":[{\"@type\":\"Article\",\"@id\":\"http:\\\/\\\/ludzieikrajobrazy.muzeumleszno.pl\\\/?p=364#article\",\"isPartOf\":{\"@id\":\"http:\\\/\\\/ludzieikrajobrazy.muzeumleszno.pl\\\/?p=364\"},\"author\":{\"name\":\"Pan_Admin\",\"@id\":\"https:\\\/\\\/ludzieikrajobrazy.muzeumleszno.pl\\\/#\\\/schema\\\/person\\\/fc2bc20e2b51efc3202ac1f0cdcd06c0\"},\"headline\":\"Kaczkowo. Ko\u015bci\u00f3\u0142 pw. \u015bw. Marcina, 1936 rok, Romuald Bogaczyk\",\"datePublished\":\"2024-07-16T10:00:45+00:00\",\"dateModified\":\"2024-09-20T05:27:32+00:00\",\"mainEntityOfPage\":{\"@id\":\"http:\\\/\\\/ludzieikrajobrazy.muzeumleszno.pl\\\/?p=364\"},\"wordCount\":219,\"image\":{\"@id\":\"http:\\\/\\\/ludzieikrajobrazy.muzeumleszno.pl\\\/?p=364#primaryimage\"},\"thumbnailUrl\":\"http:\\\/\\\/ludzieikrajobrazy.muzeumleszno.pl\\\/wp-content\\\/uploads\\\/2024\\\/07\\\/49_ML-541.jpg\",\"keywords\":[\"1936\",\"architektura\",\"artysta\",\"cmentarz\",\"dobudowa\",\"drzewa\",\"duchowny\",\"duszpasterz\",\"filia\u0142\",\"II Wojna \u015awiatowa\",\"Kaczkowo\",\"kaplica Matki Boskiej\",\"kapliczka\",\"konstrukcja drewniana\",\"konstrukcja szkieletowa\",\"Ko\u015bci\u00f3\u0142 pod wezwaniem \u015bw. Marcina\",\"ko\u015bci\u00f3\u0142 szachulcowy\",\"krzy\u017c\",\"ksi\u0105dz\",\"Lessel Stosch\",\"Matka Boska\",\"mi\u0119dzywojnie\",\"okna\",\"papier\",\"parafia\",\"plastyk\",\"Polska\",\"powiat leszczy\u0144ski\",\"proboszcz\",\"reformacja\",\"Romuald Bogaczyk\",\"rysunek\",\"\u015al\u0105sk\",\"\u015bwi\u0105tynia\",\"Sylwester Matuszak\",\"szachulec\",\"traktat wersalski\",\"wie\u015b\",\"wype\u0142nienie ceglane\"],\"articleSection\":[\"Kaczkowo\"],\"inLanguage\":\"pl-PL\"},{\"@type\":\"WebPage\",\"@id\":\"http:\\\/\\\/ludzieikrajobrazy.muzeumleszno.pl\\\/?p=364\",\"url\":\"http:\\\/\\\/ludzieikrajobrazy.muzeumleszno.pl\\\/?p=364\",\"name\":\"Kaczkowo. Ko\u015bci\u00f3\u0142 pw. \u015bw. Marcina, 1936 rok, Romuald Bogaczyk - Ludzie i krajobrazy. Powiat Leszczy\u0144ski w ikonografii\",\"isPartOf\":{\"@id\":\"https:\\\/\\\/ludzieikrajobrazy.muzeumleszno.pl\\\/#website\"},\"primaryImageOfPage\":{\"@id\":\"http:\\\/\\\/ludzieikrajobrazy.muzeumleszno.pl\\\/?p=364#primaryimage\"},\"image\":{\"@id\":\"http:\\\/\\\/ludzieikrajobrazy.muzeumleszno.pl\\\/?p=364#primaryimage\"},\"thumbnailUrl\":\"http:\\\/\\\/ludzieikrajobrazy.muzeumleszno.pl\\\/wp-content\\\/uploads\\\/2024\\\/07\\\/49_ML-541.jpg\",\"datePublished\":\"2024-07-16T10:00:45+00:00\",\"dateModified\":\"2024-09-20T05:27:32+00:00\",\"author\":{\"@id\":\"https:\\\/\\\/ludzieikrajobrazy.muzeumleszno.pl\\\/#\\\/schema\\\/person\\\/fc2bc20e2b51efc3202ac1f0cdcd06c0\"},\"breadcrumb\":{\"@id\":\"http:\\\/\\\/ludzieikrajobrazy.muzeumleszno.pl\\\/?p=364#breadcrumb\"},\"inLanguage\":\"pl-PL\",\"potentialAction\":[{\"@type\":\"ReadAction\",\"target\":[\"http:\\\/\\\/ludzieikrajobrazy.muzeumleszno.pl\\\/?p=364\"]}]},{\"@type\":\"BreadcrumbList\",\"@id\":\"http:\\\/\\\/ludzieikrajobrazy.muzeumleszno.pl\\\/?p=364#breadcrumb\",\"itemListElement\":[{\"@type\":\"ListItem\",\"position\":1,\"name\":\"Home\",\"item\":\"https:\\\/\\\/ludzieikrajobrazy.muzeumleszno.pl\\\/\"},{\"@type\":\"ListItem\",\"position\":2,\"name\":\"Kaczkowo. Ko\u015bci\u00f3\u0142 pw. \u015bw. Marcina, 1936 rok, Romuald Bogaczyk\"}]},{\"@type\":\"WebSite\",\"@id\":\"https:\\\/\\\/ludzieikrajobrazy.muzeumleszno.pl\\\/#website\",\"url\":\"https:\\\/\\\/ludzieikrajobrazy.muzeumleszno.pl\\\/\",\"name\":\"Ludzie i krajobrazy. Powiat Leszczy\u0144ski w ikonografii\",\"description\":\"Powiat Leszczy\u0144ski w ikonografii\",\"potentialAction\":[{\"@type\":\"SearchAction\",\"target\":{\"@type\":\"EntryPoint\",\"urlTemplate\":\"https:\\\/\\\/ludzieikrajobrazy.muzeumleszno.pl\\\/?s={search_term_string}\"},\"query-input\":{\"@type\":\"PropertyValueSpecification\",\"valueRequired\":true,\"valueName\":\"search_term_string\"}}],\"inLanguage\":\"pl-PL\"},{\"@type\":\"Person\",\"@id\":\"https:\\\/\\\/ludzieikrajobrazy.muzeumleszno.pl\\\/#\\\/schema\\\/person\\\/fc2bc20e2b51efc3202ac1f0cdcd06c0\",\"name\":\"Pan_Admin\",\"image\":{\"@type\":\"ImageObject\",\"inLanguage\":\"pl-PL\",\"@id\":\"https:\\\/\\\/secure.gravatar.com\\\/avatar\\\/d109d485abe889ecc32dbdb971b715ad9d4596bd0e2353626451db3e04099822?s=96&d=mm&r=g\",\"url\":\"https:\\\/\\\/secure.gravatar.com\\\/avatar\\\/d109d485abe889ecc32dbdb971b715ad9d4596bd0e2353626451db3e04099822?s=96&d=mm&r=g\",\"contentUrl\":\"https:\\\/\\\/secure.gravatar.com\\\/avatar\\\/d109d485abe889ecc32dbdb971b715ad9d4596bd0e2353626451db3e04099822?s=96&d=mm&r=g\",\"caption\":\"Pan_Admin\"},\"sameAs\":[\"http:\\\/\\\/ludzieikrajobrazy.muzeumleszno.pl\"],\"url\":\"http:\\\/\\\/ludzieikrajobrazy.muzeumleszno.pl\\\/?author=1\"}]}<\/script>\n<!-- \/ Yoast SEO plugin. -->","yoast_head_json":{"title":"Kaczkowo. Ko\u015bci\u00f3\u0142 pw. \u015bw. Marcina, 1936 rok, Romuald Bogaczyk - Ludzie i krajobrazy. Powiat Leszczy\u0144ski w ikonografii","robots":{"index":"index","follow":"follow","max-snippet":"max-snippet:-1","max-image-preview":"max-image-preview:large","max-video-preview":"max-video-preview:-1"},"canonical":"http:\/\/ludzieikrajobrazy.muzeumleszno.pl\/?p=364","og_locale":"pl_PL","og_type":"article","og_title":"Kaczkowo. Ko\u015bci\u00f3\u0142 pw. \u015bw. Marcina, 1936 rok, Romuald Bogaczyk - Ludzie i krajobrazy. Powiat Leszczy\u0144ski w ikonografii","og_description":"Kaczkowo le\u017ca\u0142o w granicach \u015al\u0105ska do 1920 roku i dopiero ustalenia traktatu wersalskiego sprawi\u0142y, \u017ce wie\u015b przy\u0142\u0105czono do Polski. Miejscowo\u015b\u0107 istnieje od XIII wieku, a najstarsza informacja o...","og_url":"http:\/\/ludzieikrajobrazy.muzeumleszno.pl\/?p=364","og_site_name":"Ludzie i krajobrazy. Powiat Leszczy\u0144ski w ikonografii","article_published_time":"2024-07-16T10:00:45+00:00","article_modified_time":"2024-09-20T05:27:32+00:00","og_image":[{"width":2445,"height":2000,"url":"http:\/\/ludzieikrajobrazy.muzeumleszno.pl\/wp-content\/uploads\/2024\/07\/49_ML-541.jpg","type":"image\/jpeg"}],"author":"Pan_Admin","twitter_card":"summary_large_image","twitter_misc":{"Napisane przez":"Pan_Admin","Szacowany czas czytania":"2 minuty"},"schema":{"@context":"https:\/\/schema.org","@graph":[{"@type":"Article","@id":"http:\/\/ludzieikrajobrazy.muzeumleszno.pl\/?p=364#article","isPartOf":{"@id":"http:\/\/ludzieikrajobrazy.muzeumleszno.pl\/?p=364"},"author":{"name":"Pan_Admin","@id":"https:\/\/ludzieikrajobrazy.muzeumleszno.pl\/#\/schema\/person\/fc2bc20e2b51efc3202ac1f0cdcd06c0"},"headline":"Kaczkowo. Ko\u015bci\u00f3\u0142 pw. \u015bw. Marcina, 1936 rok, Romuald Bogaczyk","datePublished":"2024-07-16T10:00:45+00:00","dateModified":"2024-09-20T05:27:32+00:00","mainEntityOfPage":{"@id":"http:\/\/ludzieikrajobrazy.muzeumleszno.pl\/?p=364"},"wordCount":219,"image":{"@id":"http:\/\/ludzieikrajobrazy.muzeumleszno.pl\/?p=364#primaryimage"},"thumbnailUrl":"http:\/\/ludzieikrajobrazy.muzeumleszno.pl\/wp-content\/uploads\/2024\/07\/49_ML-541.jpg","keywords":["1936","architektura","artysta","cmentarz","dobudowa","drzewa","duchowny","duszpasterz","filia\u0142","II Wojna \u015awiatowa","Kaczkowo","kaplica Matki Boskiej","kapliczka","konstrukcja drewniana","konstrukcja szkieletowa","Ko\u015bci\u00f3\u0142 pod wezwaniem \u015bw. Marcina","ko\u015bci\u00f3\u0142 szachulcowy","krzy\u017c","ksi\u0105dz","Lessel Stosch","Matka Boska","mi\u0119dzywojnie","okna","papier","parafia","plastyk","Polska","powiat leszczy\u0144ski","proboszcz","reformacja","Romuald Bogaczyk","rysunek","\u015al\u0105sk","\u015bwi\u0105tynia","Sylwester Matuszak","szachulec","traktat wersalski","wie\u015b","wype\u0142nienie ceglane"],"articleSection":["Kaczkowo"],"inLanguage":"pl-PL"},{"@type":"WebPage","@id":"http:\/\/ludzieikrajobrazy.muzeumleszno.pl\/?p=364","url":"http:\/\/ludzieikrajobrazy.muzeumleszno.pl\/?p=364","name":"Kaczkowo. Ko\u015bci\u00f3\u0142 pw. \u015bw. Marcina, 1936 rok, Romuald Bogaczyk - Ludzie i krajobrazy. Powiat Leszczy\u0144ski w ikonografii","isPartOf":{"@id":"https:\/\/ludzieikrajobrazy.muzeumleszno.pl\/#website"},"primaryImageOfPage":{"@id":"http:\/\/ludzieikrajobrazy.muzeumleszno.pl\/?p=364#primaryimage"},"image":{"@id":"http:\/\/ludzieikrajobrazy.muzeumleszno.pl\/?p=364#primaryimage"},"thumbnailUrl":"http:\/\/ludzieikrajobrazy.muzeumleszno.pl\/wp-content\/uploads\/2024\/07\/49_ML-541.jpg","datePublished":"2024-07-16T10:00:45+00:00","dateModified":"2024-09-20T05:27:32+00:00","author":{"@id":"https:\/\/ludzieikrajobrazy.muzeumleszno.pl\/#\/schema\/person\/fc2bc20e2b51efc3202ac1f0cdcd06c0"},"breadcrumb":{"@id":"http:\/\/ludzieikrajobrazy.muzeumleszno.pl\/?p=364#breadcrumb"},"inLanguage":"pl-PL","potentialAction":[{"@type":"ReadAction","target":["http:\/\/ludzieikrajobrazy.muzeumleszno.pl\/?p=364"]}]},{"@type":"BreadcrumbList","@id":"http:\/\/ludzieikrajobrazy.muzeumleszno.pl\/?p=364#breadcrumb","itemListElement":[{"@type":"ListItem","position":1,"name":"Home","item":"https:\/\/ludzieikrajobrazy.muzeumleszno.pl\/"},{"@type":"ListItem","position":2,"name":"Kaczkowo. Ko\u015bci\u00f3\u0142 pw. \u015bw. Marcina, 1936 rok, Romuald Bogaczyk"}]},{"@type":"WebSite","@id":"https:\/\/ludzieikrajobrazy.muzeumleszno.pl\/#website","url":"https:\/\/ludzieikrajobrazy.muzeumleszno.pl\/","name":"Ludzie i krajobrazy. Powiat Leszczy\u0144ski w ikonografii","description":"Powiat Leszczy\u0144ski w ikonografii","potentialAction":[{"@type":"SearchAction","target":{"@type":"EntryPoint","urlTemplate":"https:\/\/ludzieikrajobrazy.muzeumleszno.pl\/?s={search_term_string}"},"query-input":{"@type":"PropertyValueSpecification","valueRequired":true,"valueName":"search_term_string"}}],"inLanguage":"pl-PL"},{"@type":"Person","@id":"https:\/\/ludzieikrajobrazy.muzeumleszno.pl\/#\/schema\/person\/fc2bc20e2b51efc3202ac1f0cdcd06c0","name":"Pan_Admin","image":{"@type":"ImageObject","inLanguage":"pl-PL","@id":"https:\/\/secure.gravatar.com\/avatar\/d109d485abe889ecc32dbdb971b715ad9d4596bd0e2353626451db3e04099822?s=96&d=mm&r=g","url":"https:\/\/secure.gravatar.com\/avatar\/d109d485abe889ecc32dbdb971b715ad9d4596bd0e2353626451db3e04099822?s=96&d=mm&r=g","contentUrl":"https:\/\/secure.gravatar.com\/avatar\/d109d485abe889ecc32dbdb971b715ad9d4596bd0e2353626451db3e04099822?s=96&d=mm&r=g","caption":"Pan_Admin"},"sameAs":["http:\/\/ludzieikrajobrazy.muzeumleszno.pl"],"url":"http:\/\/ludzieikrajobrazy.muzeumleszno.pl\/?author=1"}]}},"_links":{"self":[{"href":"http:\/\/ludzieikrajobrazy.muzeumleszno.pl\/index.php?rest_route=\/wp\/v2\/posts\/364","targetHints":{"allow":["GET"]}}],"collection":[{"href":"http:\/\/ludzieikrajobrazy.muzeumleszno.pl\/index.php?rest_route=\/wp\/v2\/posts"}],"about":[{"href":"http:\/\/ludzieikrajobrazy.muzeumleszno.pl\/index.php?rest_route=\/wp\/v2\/types\/post"}],"author":[{"embeddable":true,"href":"http:\/\/ludzieikrajobrazy.muzeumleszno.pl\/index.php?rest_route=\/wp\/v2\/users\/1"}],"replies":[{"embeddable":true,"href":"http:\/\/ludzieikrajobrazy.muzeumleszno.pl\/index.php?rest_route=%2Fwp%2Fv2%2Fcomments&post=364"}],"version-history":[{"count":2,"href":"http:\/\/ludzieikrajobrazy.muzeumleszno.pl\/index.php?rest_route=\/wp\/v2\/posts\/364\/revisions"}],"predecessor-version":[{"id":1204,"href":"http:\/\/ludzieikrajobrazy.muzeumleszno.pl\/index.php?rest_route=\/wp\/v2\/posts\/364\/revisions\/1204"}],"wp:featuredmedia":[{"embeddable":true,"href":"http:\/\/ludzieikrajobrazy.muzeumleszno.pl\/index.php?rest_route=\/wp\/v2\/media\/365"}],"wp:attachment":[{"href":"http:\/\/ludzieikrajobrazy.muzeumleszno.pl\/index.php?rest_route=%2Fwp%2Fv2%2Fmedia&parent=364"}],"wp:term":[{"taxonomy":"category","embeddable":true,"href":"http:\/\/ludzieikrajobrazy.muzeumleszno.pl\/index.php?rest_route=%2Fwp%2Fv2%2Fcategories&post=364"},{"taxonomy":"post_tag","embeddable":true,"href":"http:\/\/ludzieikrajobrazy.muzeumleszno.pl\/index.php?rest_route=%2Fwp%2Fv2%2Ftags&post=364"}],"curies":[{"name":"wp","href":"https:\/\/api.w.org\/{rel}","templated":true}]}}