{"id":367,"date":"2024-07-15T12:00:16","date_gmt":"2024-07-15T10:00:16","guid":{"rendered":"http:\/\/ludzieikrajobrazy.muzeumleszno.pl\/?p=367"},"modified":"2024-09-20T07:29:15","modified_gmt":"2024-09-20T05:29:15","slug":"karchowo-kosowo-pocztowka-wielotematyczna-1934-rok","status":"publish","type":"post","link":"http:\/\/ludzieikrajobrazy.muzeumleszno.pl\/?p=367","title":{"rendered":"Karchowo \u2013 Kosowo. Poczt\u00f3wka wielotematyczna, 1934 rok"},"content":{"rendered":"\n<p>Poczt\u00f3wk\u0119 wykonano na zam\u00f3wienie wybitnego anglisty i historyka literatury profesora Stanis\u0142awa Helszty\u0144skiego (1891\u20131986). Obok portretu ludowego rze\u017abiarza Andrzeja Majchrzaka (1864\u20131953) z Karchowa, umieszczono na niej wizerunki wykonanych przez niego prac. W\u015br\u00f3d nich stoj\u0105cy przed domem rodziny Skorupk\u00f3w w Kosowie pomnik upami\u0119tniaj\u0105cy mieszka\u0144c\u00f3w wsi poleg\u0142ych podczas I wojny \u015bwiatowej, kapliczk\u0119 \u015bw. Izydora, cykl rze\u017ab \u015bw. aposto\u0142\u00f3w, trzy krzy\u017ce na tzw. wzg\u00f3rzu \u015bmierci w zagrodzie Tomasza Skorupki (1862\u20131935), przedstawiaj\u0105ce Jezusa i dw\u00f3ch z\u0142oczy\u0144c\u00f3w oraz rze\u017ab\u0119 \u015bw. Jerzego zabijaj\u0105cego smoka. Wiele dzie\u0142 snycerza i \u015bwi\u0105tkarza przechowywano w rodzinnego domu profesora Helszty\u0144skiego.&nbsp;<\/p>\n\n\n\n<p>Kilka prac autorstwa Andrzeja Majchrzaka posiada W zbiorach Muzeum Okr\u0119gowego w Lesznie: szafk\u0119 z nadstawa w formie o\u0142tarzyka z oko\u0142o 1905 roku, rze\u017ab\u0119 \u015bw. Wawrzy\u0144ca z oko\u0142o 1930 roku i Niepokalan\u0105 z oko\u0142o 1950 roku.&nbsp;<\/p>\n\n\n\n<figure data-wp-context=\"{&quot;imageId&quot;:&quot;69f1cb85d9b9a&quot;}\" data-wp-interactive=\"core\/image\" data-wp-key=\"69f1cb85d9b9a\" class=\"wp-block-image size-full wp-lightbox-container\"><img fetchpriority=\"high\" decoding=\"async\" width=\"2560\" height=\"1725\" data-wp-class--hide=\"state.isContentHidden\" data-wp-class--show=\"state.isContentVisible\" data-wp-init=\"callbacks.setButtonStyles\" data-wp-on--click=\"actions.showLightbox\" data-wp-on--load=\"callbacks.setButtonStyles\" data-wp-on-window--resize=\"callbacks.setButtonStyles\" src=\"http:\/\/ludzieikrajobrazy.muzeumleszno.pl\/wp-content\/uploads\/2024\/07\/50_MLPH-667-scaled.jpg\" alt=\"Poczt\u00f3wka wieloobrazkowa\" class=\"wp-image-368\" srcset=\"http:\/\/ludzieikrajobrazy.muzeumleszno.pl\/wp-content\/uploads\/2024\/07\/50_MLPH-667-scaled.jpg 2560w, http:\/\/ludzieikrajobrazy.muzeumleszno.pl\/wp-content\/uploads\/2024\/07\/50_MLPH-667-1536x1035.jpg 1536w, http:\/\/ludzieikrajobrazy.muzeumleszno.pl\/wp-content\/uploads\/2024\/07\/50_MLPH-667-2048x1380.jpg 2048w, http:\/\/ludzieikrajobrazy.muzeumleszno.pl\/wp-content\/uploads\/2024\/07\/50_MLPH-667-200x135.jpg 200w, http:\/\/ludzieikrajobrazy.muzeumleszno.pl\/wp-content\/uploads\/2024\/07\/50_MLPH-667-973x656.jpg 973w, http:\/\/ludzieikrajobrazy.muzeumleszno.pl\/wp-content\/uploads\/2024\/07\/50_MLPH-667-508x342.jpg 508w\" sizes=\"(max-width: 2560px) 100vw, 2560px\" \/><button\n\t\t\tclass=\"lightbox-trigger\"\n\t\t\ttype=\"button\"\n\t\t\taria-haspopup=\"dialog\"\n\t\t\taria-label=\"Powi\u0119ksz\"\n\t\t\tdata-wp-init=\"callbacks.initTriggerButton\"\n\t\t\tdata-wp-on--click=\"actions.showLightbox\"\n\t\t\tdata-wp-style--right=\"state.imageButtonRight\"\n\t\t\tdata-wp-style--top=\"state.imageButtonTop\"\n\t\t>\n\t\t\t<svg xmlns=\"http:\/\/www.w3.org\/2000\/svg\" width=\"12\" height=\"12\" fill=\"none\" viewBox=\"0 0 12 12\">\n\t\t\t\t<path fill=\"#fff\" d=\"M2 0a2 2 0 0 0-2 2v2h1.5V2a.5.5 0 0 1 .5-.5h2V0H2Zm2 10.5H2a.5.5 0 0 1-.5-.5V8H0v2a2 2 0 0 0 2 2h2v-1.5ZM8 12v-1.5h2a.5.5 0 0 0 .5-.5V8H12v2a2 2 0 0 1-2 2H8Zm2-12a2 2 0 0 1 2 2v2h-1.5V2a.5.5 0 0 0-.5-.5H8V0h2Z\" \/>\n\t\t\t<\/svg>\n\t\t<\/button><figcaption class=\"wp-element-caption\">Poczt\u00f3wka wieloobrazkowa. wys. 8,7 cm x szer. 13,2 cm; papier, druk; Warszawa, przed 1939 rokiem; Muzeum Okr\u0119gowe w Lesznie; MLPH667<\/figcaption><\/figure>\n\n\n\n<p class=\"has-small-font-size\">nr inw. MLPH 667<br>W zbiorach Muzeum Okr\u0119gowego w Lesznie od 2017 roku, dar<\/p>\n\n\n\n<p>D.Cz.&nbsp;<\/p>\n\n\n\n<figure class=\"wp-block-embed is-type-video is-provider-youtube wp-block-embed-youtube wp-embed-aspect-16-9 wp-has-aspect-ratio\"><div class=\"wp-block-embed__wrapper\">\n<iframe title=\"Karchowo \u2013 Kosowo  Poczto\u0301wka wielotematyczna, 1934 rok\" width=\"620\" height=\"349\" src=\"https:\/\/www.youtube.com\/embed\/O3lToFgz1KU?feature=oembed\" frameborder=\"0\" allow=\"accelerometer; autoplay; clipboard-write; encrypted-media; gyroscope; picture-in-picture; web-share\" referrerpolicy=\"strict-origin-when-cross-origin\" allowfullscreen><\/iframe>\n<\/div><\/figure>\n","protected":false},"excerpt":{"rendered":"<p>Poczt\u00f3wk\u0119 wykonano na zam\u00f3wienie wybitnego anglisty i historyka literatury profesora Stanis\u0142awa Helszty\u0144skiego (1891\u20131986). Obok portretu ludowego rze\u017abiarza Andrzeja Majchrzaka (1864\u20131953) z Karchowa, umieszczono na niej wizerunki wykonanych przez&#8230;<\/p>\n","protected":false},"author":1,"featured_media":368,"comment_status":"closed","ping_status":"closed","sticky":false,"template":"","format":"standard","meta":{"cybocfi_hide_featured_image":"yes","footnotes":""},"categories":[50,51],"tags":[933,2519,2514,2319,2534,378,165,1187,1271,520,736,417,2515,196,2523,658,54,979,53,407,2518,2530,2532,2531,365,540,1074,2516,859,2520,2526,641,642,2517,2522,2524,606,2529,2528,2533,2521,2527,1201,1580,1368,2525],"class_list":["post-367","post","type-post","status-publish","format-standard","has-post-thumbnail","hentry","category-karchowo","category-kosowo","tag-933","tag-andrzej-majchrzak","tag-anglista","tag-apostol","tag-architekrura","tag-architektura","tag-budownictwo-murowane","tag-cegla","tag-dach","tag-dokumentacja","tag-drzewa","tag-fotografia","tag-historyk-literatury","tag-i-wojna-swiatowa","tag-jezus","tag-kapliczka","tag-karchowo","tag-kon","tag-kosowo","tag-krajobraz","tag-ludowy-rzezbiarz","tag-muzeum-okregowe-w-lesznie","tag-niepokalana","tag-oltarzyk","tag-pocztowka-wielotematyczna","tag-pomnik","tag-portret","tag-profesor","tag-schody","tag-skorupkowie","tag-smok","tag-snycerstwo","tag-snycerz","tag-stanislaw-helsztynski","tag-sw-izydor","tag-sw-jerzy","tag-sw-wawrzyniec","tag-swiatkarstwo","tag-swiatkarz","tag-ukrzyzowanie","tag-upamietnienie","tag-usmiercenie","tag-wies","tag-wizerunek","tag-wnetrze-2","tag-zloczynca"],"yoast_head":"<!-- This site is optimized with the Yoast SEO plugin v27.5 - https:\/\/yoast.com\/product\/yoast-seo-wordpress\/ -->\n<title>Karchowo \u2013 Kosowo. Poczt\u00f3wka wielotematyczna, 1934 rok - Ludzie i krajobrazy. Powiat Leszczy\u0144ski w ikonografii<\/title>\n<meta name=\"robots\" content=\"index, follow, max-snippet:-1, max-image-preview:large, max-video-preview:-1\" \/>\n<link rel=\"canonical\" href=\"http:\/\/ludzieikrajobrazy.muzeumleszno.pl\/?p=367\" \/>\n<meta property=\"og:locale\" content=\"pl_PL\" \/>\n<meta property=\"og:type\" content=\"article\" \/>\n<meta property=\"og:title\" content=\"Karchowo \u2013 Kosowo. Poczt\u00f3wka wielotematyczna, 1934 rok - Ludzie i krajobrazy. Powiat Leszczy\u0144ski w ikonografii\" \/>\n<meta property=\"og:description\" content=\"Poczt\u00f3wk\u0119 wykonano na zam\u00f3wienie wybitnego anglisty i historyka literatury profesora Stanis\u0142awa Helszty\u0144skiego (1891\u20131986). Obok portretu ludowego rze\u017abiarza Andrzeja Majchrzaka (1864\u20131953) z Karchowa, umieszczono na niej wizerunki wykonanych przez...\" \/>\n<meta property=\"og:url\" content=\"http:\/\/ludzieikrajobrazy.muzeumleszno.pl\/?p=367\" \/>\n<meta property=\"og:site_name\" content=\"Ludzie i krajobrazy. Powiat Leszczy\u0144ski w ikonografii\" \/>\n<meta property=\"article:published_time\" content=\"2024-07-15T10:00:16+00:00\" \/>\n<meta property=\"article:modified_time\" content=\"2024-09-20T05:29:15+00:00\" \/>\n<meta property=\"og:image\" content=\"http:\/\/ludzieikrajobrazy.muzeumleszno.pl\/wp-content\/uploads\/2024\/07\/50_MLPH-667-scaled.jpg\" \/>\n\t<meta property=\"og:image:width\" content=\"2560\" \/>\n\t<meta property=\"og:image:height\" content=\"1725\" \/>\n\t<meta property=\"og:image:type\" content=\"image\/jpeg\" \/>\n<meta name=\"author\" content=\"Pan_Admin\" \/>\n<meta name=\"twitter:card\" content=\"summary_large_image\" \/>\n<meta name=\"twitter:label1\" content=\"Napisane przez\" \/>\n\t<meta name=\"twitter:data1\" content=\"Pan_Admin\" \/>\n\t<meta name=\"twitter:label2\" content=\"Szacowany czas czytania\" \/>\n\t<meta name=\"twitter:data2\" content=\"2 minuty\" \/>\n<script type=\"application\/ld+json\" class=\"yoast-schema-graph\">{\"@context\":\"https:\\\/\\\/schema.org\",\"@graph\":[{\"@type\":\"Article\",\"@id\":\"http:\\\/\\\/ludzieikrajobrazy.muzeumleszno.pl\\\/?p=367#article\",\"isPartOf\":{\"@id\":\"http:\\\/\\\/ludzieikrajobrazy.muzeumleszno.pl\\\/?p=367\"},\"author\":{\"name\":\"Pan_Admin\",\"@id\":\"https:\\\/\\\/ludzieikrajobrazy.muzeumleszno.pl\\\/#\\\/schema\\\/person\\\/fc2bc20e2b51efc3202ac1f0cdcd06c0\"},\"headline\":\"Karchowo \u2013 Kosowo. Poczt\u00f3wka wielotematyczna, 1934 rok\",\"datePublished\":\"2024-07-15T10:00:16+00:00\",\"dateModified\":\"2024-09-20T05:29:15+00:00\",\"mainEntityOfPage\":{\"@id\":\"http:\\\/\\\/ludzieikrajobrazy.muzeumleszno.pl\\\/?p=367\"},\"wordCount\":200,\"image\":{\"@id\":\"http:\\\/\\\/ludzieikrajobrazy.muzeumleszno.pl\\\/?p=367#primaryimage\"},\"thumbnailUrl\":\"http:\\\/\\\/ludzieikrajobrazy.muzeumleszno.pl\\\/wp-content\\\/uploads\\\/2024\\\/07\\\/50_MLPH-667-scaled.jpg\",\"keywords\":[\"1934\",\"Andrzej majchrzak\",\"anglista\",\"Aposto\u0142\",\"architekrura\",\"architektura\",\"budownictwo murowane\",\"ceg\u0142a\",\"dach\",\"dokumentacja\",\"drzewa\",\"fotografia\",\"historyk literatury\",\"I Wojna \u015awiatowa\",\"Jezus\",\"kapliczka\",\"Karchowo\",\"ko\u0144\",\"Kosowo\",\"krajobraz\",\"ludowy rze\u017abiarz\",\"Muzeum Okr\u0119gowe w Lesznie\",\"Niepokalana\",\"o\u0142tarzyk\",\"poczt\u00f3wka wielotematyczna\",\"pomnik\",\"portret\",\"profesor\",\"schody\",\"Skorupkowie\",\"smok\",\"snycerstwo\",\"snycerz\",\"Stanis\u0142aw Helszty\u0144ski\",\"\u015bw. Izydor\",\"\u015bw. Jerzy\",\"\u015bw. Wawrzyniec\",\"\u015bwi\u0105tkarstwo\",\"\u015bwi\u0105tkarz\",\"ukrzy\u017cowanie\",\"upami\u0119tnienie\",\"u\u015bmiercenie\",\"wie\u015b\",\"wizerunek\",\"wnetrze\",\"z\u0142oczy\u0144ca\"],\"articleSection\":[\"Karchowo\",\"Kosowo\"],\"inLanguage\":\"pl-PL\"},{\"@type\":\"WebPage\",\"@id\":\"http:\\\/\\\/ludzieikrajobrazy.muzeumleszno.pl\\\/?p=367\",\"url\":\"http:\\\/\\\/ludzieikrajobrazy.muzeumleszno.pl\\\/?p=367\",\"name\":\"Karchowo \u2013 Kosowo. Poczt\u00f3wka wielotematyczna, 1934 rok - Ludzie i krajobrazy. Powiat Leszczy\u0144ski w ikonografii\",\"isPartOf\":{\"@id\":\"https:\\\/\\\/ludzieikrajobrazy.muzeumleszno.pl\\\/#website\"},\"primaryImageOfPage\":{\"@id\":\"http:\\\/\\\/ludzieikrajobrazy.muzeumleszno.pl\\\/?p=367#primaryimage\"},\"image\":{\"@id\":\"http:\\\/\\\/ludzieikrajobrazy.muzeumleszno.pl\\\/?p=367#primaryimage\"},\"thumbnailUrl\":\"http:\\\/\\\/ludzieikrajobrazy.muzeumleszno.pl\\\/wp-content\\\/uploads\\\/2024\\\/07\\\/50_MLPH-667-scaled.jpg\",\"datePublished\":\"2024-07-15T10:00:16+00:00\",\"dateModified\":\"2024-09-20T05:29:15+00:00\",\"author\":{\"@id\":\"https:\\\/\\\/ludzieikrajobrazy.muzeumleszno.pl\\\/#\\\/schema\\\/person\\\/fc2bc20e2b51efc3202ac1f0cdcd06c0\"},\"breadcrumb\":{\"@id\":\"http:\\\/\\\/ludzieikrajobrazy.muzeumleszno.pl\\\/?p=367#breadcrumb\"},\"inLanguage\":\"pl-PL\",\"potentialAction\":[{\"@type\":\"ReadAction\",\"target\":[\"http:\\\/\\\/ludzieikrajobrazy.muzeumleszno.pl\\\/?p=367\"]}]},{\"@type\":\"BreadcrumbList\",\"@id\":\"http:\\\/\\\/ludzieikrajobrazy.muzeumleszno.pl\\\/?p=367#breadcrumb\",\"itemListElement\":[{\"@type\":\"ListItem\",\"position\":1,\"name\":\"Home\",\"item\":\"https:\\\/\\\/ludzieikrajobrazy.muzeumleszno.pl\\\/\"},{\"@type\":\"ListItem\",\"position\":2,\"name\":\"Karchowo \u2013 Kosowo. Poczt\u00f3wka wielotematyczna, 1934 rok\"}]},{\"@type\":\"WebSite\",\"@id\":\"https:\\\/\\\/ludzieikrajobrazy.muzeumleszno.pl\\\/#website\",\"url\":\"https:\\\/\\\/ludzieikrajobrazy.muzeumleszno.pl\\\/\",\"name\":\"Ludzie i krajobrazy. Powiat Leszczy\u0144ski w ikonografii\",\"description\":\"Powiat Leszczy\u0144ski w ikonografii\",\"potentialAction\":[{\"@type\":\"SearchAction\",\"target\":{\"@type\":\"EntryPoint\",\"urlTemplate\":\"https:\\\/\\\/ludzieikrajobrazy.muzeumleszno.pl\\\/?s={search_term_string}\"},\"query-input\":{\"@type\":\"PropertyValueSpecification\",\"valueRequired\":true,\"valueName\":\"search_term_string\"}}],\"inLanguage\":\"pl-PL\"},{\"@type\":\"Person\",\"@id\":\"https:\\\/\\\/ludzieikrajobrazy.muzeumleszno.pl\\\/#\\\/schema\\\/person\\\/fc2bc20e2b51efc3202ac1f0cdcd06c0\",\"name\":\"Pan_Admin\",\"image\":{\"@type\":\"ImageObject\",\"inLanguage\":\"pl-PL\",\"@id\":\"https:\\\/\\\/secure.gravatar.com\\\/avatar\\\/d109d485abe889ecc32dbdb971b715ad9d4596bd0e2353626451db3e04099822?s=96&d=mm&r=g\",\"url\":\"https:\\\/\\\/secure.gravatar.com\\\/avatar\\\/d109d485abe889ecc32dbdb971b715ad9d4596bd0e2353626451db3e04099822?s=96&d=mm&r=g\",\"contentUrl\":\"https:\\\/\\\/secure.gravatar.com\\\/avatar\\\/d109d485abe889ecc32dbdb971b715ad9d4596bd0e2353626451db3e04099822?s=96&d=mm&r=g\",\"caption\":\"Pan_Admin\"},\"sameAs\":[\"http:\\\/\\\/ludzieikrajobrazy.muzeumleszno.pl\"],\"url\":\"http:\\\/\\\/ludzieikrajobrazy.muzeumleszno.pl\\\/?author=1\"}]}<\/script>\n<!-- \/ Yoast SEO plugin. -->","yoast_head_json":{"title":"Karchowo \u2013 Kosowo. Poczt\u00f3wka wielotematyczna, 1934 rok - Ludzie i krajobrazy. Powiat Leszczy\u0144ski w ikonografii","robots":{"index":"index","follow":"follow","max-snippet":"max-snippet:-1","max-image-preview":"max-image-preview:large","max-video-preview":"max-video-preview:-1"},"canonical":"http:\/\/ludzieikrajobrazy.muzeumleszno.pl\/?p=367","og_locale":"pl_PL","og_type":"article","og_title":"Karchowo \u2013 Kosowo. Poczt\u00f3wka wielotematyczna, 1934 rok - Ludzie i krajobrazy. Powiat Leszczy\u0144ski w ikonografii","og_description":"Poczt\u00f3wk\u0119 wykonano na zam\u00f3wienie wybitnego anglisty i historyka literatury profesora Stanis\u0142awa Helszty\u0144skiego (1891\u20131986). Obok portretu ludowego rze\u017abiarza Andrzeja Majchrzaka (1864\u20131953) z Karchowa, umieszczono na niej wizerunki wykonanych przez...","og_url":"http:\/\/ludzieikrajobrazy.muzeumleszno.pl\/?p=367","og_site_name":"Ludzie i krajobrazy. Powiat Leszczy\u0144ski w ikonografii","article_published_time":"2024-07-15T10:00:16+00:00","article_modified_time":"2024-09-20T05:29:15+00:00","og_image":[{"width":2560,"height":1725,"url":"http:\/\/ludzieikrajobrazy.muzeumleszno.pl\/wp-content\/uploads\/2024\/07\/50_MLPH-667-scaled.jpg","type":"image\/jpeg"}],"author":"Pan_Admin","twitter_card":"summary_large_image","twitter_misc":{"Napisane przez":"Pan_Admin","Szacowany czas czytania":"2 minuty"},"schema":{"@context":"https:\/\/schema.org","@graph":[{"@type":"Article","@id":"http:\/\/ludzieikrajobrazy.muzeumleszno.pl\/?p=367#article","isPartOf":{"@id":"http:\/\/ludzieikrajobrazy.muzeumleszno.pl\/?p=367"},"author":{"name":"Pan_Admin","@id":"https:\/\/ludzieikrajobrazy.muzeumleszno.pl\/#\/schema\/person\/fc2bc20e2b51efc3202ac1f0cdcd06c0"},"headline":"Karchowo \u2013 Kosowo. Poczt\u00f3wka wielotematyczna, 1934 rok","datePublished":"2024-07-15T10:00:16+00:00","dateModified":"2024-09-20T05:29:15+00:00","mainEntityOfPage":{"@id":"http:\/\/ludzieikrajobrazy.muzeumleszno.pl\/?p=367"},"wordCount":200,"image":{"@id":"http:\/\/ludzieikrajobrazy.muzeumleszno.pl\/?p=367#primaryimage"},"thumbnailUrl":"http:\/\/ludzieikrajobrazy.muzeumleszno.pl\/wp-content\/uploads\/2024\/07\/50_MLPH-667-scaled.jpg","keywords":["1934","Andrzej majchrzak","anglista","Aposto\u0142","architekrura","architektura","budownictwo murowane","ceg\u0142a","dach","dokumentacja","drzewa","fotografia","historyk literatury","I Wojna \u015awiatowa","Jezus","kapliczka","Karchowo","ko\u0144","Kosowo","krajobraz","ludowy rze\u017abiarz","Muzeum Okr\u0119gowe w Lesznie","Niepokalana","o\u0142tarzyk","poczt\u00f3wka wielotematyczna","pomnik","portret","profesor","schody","Skorupkowie","smok","snycerstwo","snycerz","Stanis\u0142aw Helszty\u0144ski","\u015bw. Izydor","\u015bw. Jerzy","\u015bw. Wawrzyniec","\u015bwi\u0105tkarstwo","\u015bwi\u0105tkarz","ukrzy\u017cowanie","upami\u0119tnienie","u\u015bmiercenie","wie\u015b","wizerunek","wnetrze","z\u0142oczy\u0144ca"],"articleSection":["Karchowo","Kosowo"],"inLanguage":"pl-PL"},{"@type":"WebPage","@id":"http:\/\/ludzieikrajobrazy.muzeumleszno.pl\/?p=367","url":"http:\/\/ludzieikrajobrazy.muzeumleszno.pl\/?p=367","name":"Karchowo \u2013 Kosowo. Poczt\u00f3wka wielotematyczna, 1934 rok - Ludzie i krajobrazy. Powiat Leszczy\u0144ski w ikonografii","isPartOf":{"@id":"https:\/\/ludzieikrajobrazy.muzeumleszno.pl\/#website"},"primaryImageOfPage":{"@id":"http:\/\/ludzieikrajobrazy.muzeumleszno.pl\/?p=367#primaryimage"},"image":{"@id":"http:\/\/ludzieikrajobrazy.muzeumleszno.pl\/?p=367#primaryimage"},"thumbnailUrl":"http:\/\/ludzieikrajobrazy.muzeumleszno.pl\/wp-content\/uploads\/2024\/07\/50_MLPH-667-scaled.jpg","datePublished":"2024-07-15T10:00:16+00:00","dateModified":"2024-09-20T05:29:15+00:00","author":{"@id":"https:\/\/ludzieikrajobrazy.muzeumleszno.pl\/#\/schema\/person\/fc2bc20e2b51efc3202ac1f0cdcd06c0"},"breadcrumb":{"@id":"http:\/\/ludzieikrajobrazy.muzeumleszno.pl\/?p=367#breadcrumb"},"inLanguage":"pl-PL","potentialAction":[{"@type":"ReadAction","target":["http:\/\/ludzieikrajobrazy.muzeumleszno.pl\/?p=367"]}]},{"@type":"BreadcrumbList","@id":"http:\/\/ludzieikrajobrazy.muzeumleszno.pl\/?p=367#breadcrumb","itemListElement":[{"@type":"ListItem","position":1,"name":"Home","item":"https:\/\/ludzieikrajobrazy.muzeumleszno.pl\/"},{"@type":"ListItem","position":2,"name":"Karchowo \u2013 Kosowo. Poczt\u00f3wka wielotematyczna, 1934 rok"}]},{"@type":"WebSite","@id":"https:\/\/ludzieikrajobrazy.muzeumleszno.pl\/#website","url":"https:\/\/ludzieikrajobrazy.muzeumleszno.pl\/","name":"Ludzie i krajobrazy. Powiat Leszczy\u0144ski w ikonografii","description":"Powiat Leszczy\u0144ski w ikonografii","potentialAction":[{"@type":"SearchAction","target":{"@type":"EntryPoint","urlTemplate":"https:\/\/ludzieikrajobrazy.muzeumleszno.pl\/?s={search_term_string}"},"query-input":{"@type":"PropertyValueSpecification","valueRequired":true,"valueName":"search_term_string"}}],"inLanguage":"pl-PL"},{"@type":"Person","@id":"https:\/\/ludzieikrajobrazy.muzeumleszno.pl\/#\/schema\/person\/fc2bc20e2b51efc3202ac1f0cdcd06c0","name":"Pan_Admin","image":{"@type":"ImageObject","inLanguage":"pl-PL","@id":"https:\/\/secure.gravatar.com\/avatar\/d109d485abe889ecc32dbdb971b715ad9d4596bd0e2353626451db3e04099822?s=96&d=mm&r=g","url":"https:\/\/secure.gravatar.com\/avatar\/d109d485abe889ecc32dbdb971b715ad9d4596bd0e2353626451db3e04099822?s=96&d=mm&r=g","contentUrl":"https:\/\/secure.gravatar.com\/avatar\/d109d485abe889ecc32dbdb971b715ad9d4596bd0e2353626451db3e04099822?s=96&d=mm&r=g","caption":"Pan_Admin"},"sameAs":["http:\/\/ludzieikrajobrazy.muzeumleszno.pl"],"url":"http:\/\/ludzieikrajobrazy.muzeumleszno.pl\/?author=1"}]}},"_links":{"self":[{"href":"http:\/\/ludzieikrajobrazy.muzeumleszno.pl\/index.php?rest_route=\/wp\/v2\/posts\/367","targetHints":{"allow":["GET"]}}],"collection":[{"href":"http:\/\/ludzieikrajobrazy.muzeumleszno.pl\/index.php?rest_route=\/wp\/v2\/posts"}],"about":[{"href":"http:\/\/ludzieikrajobrazy.muzeumleszno.pl\/index.php?rest_route=\/wp\/v2\/types\/post"}],"author":[{"embeddable":true,"href":"http:\/\/ludzieikrajobrazy.muzeumleszno.pl\/index.php?rest_route=\/wp\/v2\/users\/1"}],"replies":[{"embeddable":true,"href":"http:\/\/ludzieikrajobrazy.muzeumleszno.pl\/index.php?rest_route=%2Fwp%2Fv2%2Fcomments&post=367"}],"version-history":[{"count":2,"href":"http:\/\/ludzieikrajobrazy.muzeumleszno.pl\/index.php?rest_route=\/wp\/v2\/posts\/367\/revisions"}],"predecessor-version":[{"id":1205,"href":"http:\/\/ludzieikrajobrazy.muzeumleszno.pl\/index.php?rest_route=\/wp\/v2\/posts\/367\/revisions\/1205"}],"wp:featuredmedia":[{"embeddable":true,"href":"http:\/\/ludzieikrajobrazy.muzeumleszno.pl\/index.php?rest_route=\/wp\/v2\/media\/368"}],"wp:attachment":[{"href":"http:\/\/ludzieikrajobrazy.muzeumleszno.pl\/index.php?rest_route=%2Fwp%2Fv2%2Fmedia&parent=367"}],"wp:term":[{"taxonomy":"category","embeddable":true,"href":"http:\/\/ludzieikrajobrazy.muzeumleszno.pl\/index.php?rest_route=%2Fwp%2Fv2%2Fcategories&post=367"},{"taxonomy":"post_tag","embeddable":true,"href":"http:\/\/ludzieikrajobrazy.muzeumleszno.pl\/index.php?rest_route=%2Fwp%2Fv2%2Ftags&post=367"}],"curies":[{"name":"wp","href":"https:\/\/api.w.org\/{rel}","templated":true}]}}