{"id":373,"date":"2024-07-14T12:00:19","date_gmt":"2024-07-14T10:00:19","guid":{"rendered":"http:\/\/ludzieikrajobrazy.muzeumleszno.pl\/?p=373"},"modified":"2024-09-24T08:24:56","modified_gmt":"2024-09-24T06:24:56","slug":"kakolewo-poswiecenie-sztandaru-towarzystwa-gimnastycznego-sokol-1935-rok-fot-tadeusz-semrau","status":"publish","type":"post","link":"http:\/\/ludzieikrajobrazy.muzeumleszno.pl\/?p=373","title":{"rendered":"K\u0105kolewo. Po\u015bwi\u0119cenie sztandaru Towarzystwa Gimnastycznego \u201eSok\u00f3\u0142\u201d, 1935 rok, fot. Tadeusz Semrau"},"content":{"rendered":"\n<p><em>Jako chrzestna na po\u015bwi\u0119ceniu sztandaru gn[iazda] K\u0105kolewo w dniu 18 VIII 1935 r.<\/em><\/p>\n\n\n\n<p>Gniazdo Towarzystwa Gimnastycznego \u201eSok\u00f3\u0142\u201d w K\u0105kolewie za\u0142o\u017cono w 1924 roku. Inicjatorami jego powstania byli: Stanis\u0142aw Grajewski (1901\u20131983), Stefan Boruczkowski i Jan Piaszczy\u0144ski (1909\u20131992). W 1926 roku gniazdo w\u0142\u0105czono do okr\u0119gu leszczy\u0144skiego, a jego cz\u0142onkowie po raz pierwszy wsp\u00f3lnie uczestniczyli w Zlocie \u201eSoko\u0142a\u201d w Gostyniu. Organizacja by\u0142 jednym z kilku stowarzysze\u0144 dzia\u0142aj\u0105cych w miejscowo\u015bci w okresie mi\u0119dzywojennym. Udziela\u0142y si\u0119 tam tak\u017ce zwi\u0105zki kombatanckie, Towarzystwo M\u0142odych Polek i Katolickiego Towarzystwa Robotnik\u00f3w Polskich, a od 1935 roku Kolejowe Przysposobienie Wojskowe.&nbsp;<\/p>\n\n\n\n<p>18 sierpnia 1935 roku mia\u0142o miejsce uroczyste po\u015bwi\u0119cenie sztandaru k\u0105kolewskiego \u201eSoko\u0142a\u201d, w kt\u00f3rym uczestniczyli druhowie i druhny z ca\u0142ego okr\u0119gu. Sztandar po\u015bwi\u0119ci\u0142 miejscowy proboszcz ks. Czes\u0142aw Obarski (1883\u20131941), a matk\u0105 chrzestn\u0105 zosta\u0142a J\u00f3zefa Szulczyk (1905\u20131974), naczelniczka gniazda \u017ce\u0144skiego w Lesznie i naczelniczka Okr\u0119gowego Wydzia\u0142u Sokolic (stoi sz\u00f3sta z prawej strony). Uroczysto\u015bci towarzyszy\u0142y pokazy sprawno\u015bciowe.&nbsp;<\/p>\n\n\n\n<figure data-wp-context=\"{&quot;imageId&quot;:&quot;69f1cde1c5ecf&quot;}\" data-wp-interactive=\"core\/image\" data-wp-key=\"69f1cde1c5ecf\" class=\"wp-block-image size-full wp-lightbox-container\"><img fetchpriority=\"high\" decoding=\"async\" width=\"2560\" height=\"1669\" data-wp-class--hide=\"state.isContentHidden\" data-wp-class--show=\"state.isContentVisible\" data-wp-init=\"callbacks.setButtonStyles\" data-wp-on--click=\"actions.showLightbox\" data-wp-on--load=\"callbacks.setButtonStyles\" data-wp-on-window--resize=\"callbacks.setButtonStyles\" src=\"http:\/\/ludzieikrajobrazy.muzeumleszno.pl\/wp-content\/uploads\/2024\/07\/52_MLFa-1775-scaled.jpg\" alt=\"K\u0105kolewo. Po\u015bwi\u0119cenie sztandaru Towarzystwa Gimnastycznego \u201eSok\u00f3\u0142\u201d, 1935 rok, fot. Tadeusz Semrau\" class=\"wp-image-374\" srcset=\"http:\/\/ludzieikrajobrazy.muzeumleszno.pl\/wp-content\/uploads\/2024\/07\/52_MLFa-1775-scaled.jpg 2560w, http:\/\/ludzieikrajobrazy.muzeumleszno.pl\/wp-content\/uploads\/2024\/07\/52_MLFa-1775-1536x1001.jpg 1536w, http:\/\/ludzieikrajobrazy.muzeumleszno.pl\/wp-content\/uploads\/2024\/07\/52_MLFa-1775-2048x1335.jpg 2048w, http:\/\/ludzieikrajobrazy.muzeumleszno.pl\/wp-content\/uploads\/2024\/07\/52_MLFa-1775-200x130.jpg 200w, http:\/\/ludzieikrajobrazy.muzeumleszno.pl\/wp-content\/uploads\/2024\/07\/52_MLFa-1775-973x634.jpg 973w, http:\/\/ludzieikrajobrazy.muzeumleszno.pl\/wp-content\/uploads\/2024\/07\/52_MLFa-1775-508x331.jpg 508w\" sizes=\"(max-width: 2560px) 100vw, 2560px\" \/><button\n\t\t\tclass=\"lightbox-trigger\"\n\t\t\ttype=\"button\"\n\t\t\taria-haspopup=\"dialog\"\n\t\t\taria-label=\"Powi\u0119ksz\"\n\t\t\tdata-wp-init=\"callbacks.initTriggerButton\"\n\t\t\tdata-wp-on--click=\"actions.showLightbox\"\n\t\t\tdata-wp-style--right=\"state.imageButtonRight\"\n\t\t\tdata-wp-style--top=\"state.imageButtonTop\"\n\t\t>\n\t\t\t<svg xmlns=\"http:\/\/www.w3.org\/2000\/svg\" width=\"12\" height=\"12\" fill=\"none\" viewBox=\"0 0 12 12\">\n\t\t\t\t<path fill=\"#fff\" d=\"M2 0a2 2 0 0 0-2 2v2h1.5V2a.5.5 0 0 1 .5-.5h2V0H2Zm2 10.5H2a.5.5 0 0 1-.5-.5V8H0v2a2 2 0 0 0 2 2h2v-1.5ZM8 12v-1.5h2a.5.5 0 0 0 .5-.5V8H12v2a2 2 0 0 1-2 2H8Zm2-12a2 2 0 0 1 2 2v2h-1.5V2a.5.5 0 0 0-.5-.5H8V0h2Z\" \/>\n\t\t\t<\/svg>\n\t\t<\/button><figcaption class=\"wp-element-caption\">K\u0105kolewo. Po\u015bwi\u0119cenie sztandaru Towarzystwa Gimnastycznego \u201eSok\u00f3\u0142\u201d, 1935 rok, fot. Tadeusz Semrau<\/figcaption><\/figure>\n\n\n\n<p class=\"has-small-font-size\">nr inw. MLFa 1775<br>W zbiorach Muzeum Okr\u0119gowego w Lesznie od 2009 roku, zakup<\/p>\n\n\n\n<p>D.Cz.<\/p>\n\n\n\n<figure class=\"wp-block-embed is-type-video is-provider-youtube wp-block-embed-youtube wp-embed-aspect-4-3 wp-has-aspect-ratio\"><div class=\"wp-block-embed__wrapper\">\n<iframe title=\"Ka\u0328kolewo  Pos\u0301wie\u0328cenie sztandaru Towarzystwa Gimnastycznego \u201eSoko\u0301\u0142\u201d, 1935 rok, fot  Tadeusz Semra\" width=\"620\" height=\"465\" src=\"https:\/\/www.youtube.com\/embed\/vL3lElDa2Tg?feature=oembed\" frameborder=\"0\" allow=\"accelerometer; autoplay; clipboard-write; encrypted-media; gyroscope; picture-in-picture; web-share\" referrerpolicy=\"strict-origin-when-cross-origin\" allowfullscreen><\/iframe>\n<\/div><\/figure>\n","protected":false},"excerpt":{"rendered":"<p>Jako chrzestna na po\u015bwi\u0119ceniu sztandaru gn[iazda] K\u0105kolewo w dniu 18 VIII 1935 r. Gniazdo Towarzystwa Gimnastycznego \u201eSok\u00f3\u0142\u201d w K\u0105kolewie za\u0142o\u017cono w 1924 roku. Inicjatorami jego powstania byli: Stanis\u0142aw&#8230;<\/p>\n","protected":false},"author":1,"featured_media":374,"comment_status":"closed","ping_status":"closed","sticky":false,"template":"","format":"standard","meta":{"cybocfi_hide_featured_image":"yes","footnotes":""},"categories":[55],"tags":[285,165,1186,2555,1598,1271,520,1596,2554,417,201,247,1211,1589,2545,2548,2556,56,209,1887,2553,1885,893,357,215,2557,1679,2549,2558,2551,2559,1228,2546,2547,1185,1182,212,252,291,2552,1069,535,2550],"class_list":["post-373","post","type-post","status-publish","format-standard","has-post-thumbnail","hentry","category-kakolewo","tag-285","tag-budownictwo-murowane","tag-budynek-ceglany","tag-czeslaw-obarski","tag-czlonek","tag-dach","tag-dokumentacja","tag-druh","tag-druhna","tag-fotografia","tag-fotografia-grupowa","tag-garnitur","tag-gniazdo","tag-gniazdo-zenskie","tag-inicjator","tag-jan-piaszczynski","tag-jozefa-szulczyk","tag-kakolewo","tag-kapelusz","tag-katolickie-towarzystwo-robotnikow-polskich","tag-kolejowe-przysposobienie-wojskowe","tag-kombatant","tag-ksiadz","tag-leszno","tag-miedzywojnie","tag-naczelniczka","tag-nakrycie-glowy","tag-okreg-leszczynski","tag-okregowy-wydzial-sokolic","tag-organizacja","tag-pokaz-sprawnosciowy","tag-rekawiczki","tag-stanislaw-grajewski","tag-stefan-boruczkowski","tag-stroj-odswietny","tag-swiecenie","tag-sztandar","tag-tadeusz-semrau","tag-towarzystwo-gimnastyczne-sokol","tag-towarzystwo-mlodych-polek","tag-uroczystosc-2","tag-wydarzenie","tag-zlot-sokola-w-gostyniu"],"yoast_head":"<!-- This site is optimized with the Yoast SEO plugin v27.5 - https:\/\/yoast.com\/product\/yoast-seo-wordpress\/ -->\n<title>K\u0105kolewo. Po\u015bwi\u0119cenie sztandaru Towarzystwa Gimnastycznego \u201eSok\u00f3\u0142\u201d, 1935 rok, fot. Tadeusz Semrau - Ludzie i krajobrazy. Powiat Leszczy\u0144ski w ikonografii<\/title>\n<meta name=\"robots\" content=\"index, follow, max-snippet:-1, max-image-preview:large, max-video-preview:-1\" \/>\n<link rel=\"canonical\" href=\"http:\/\/ludzieikrajobrazy.muzeumleszno.pl\/?p=373\" \/>\n<meta property=\"og:locale\" content=\"pl_PL\" \/>\n<meta property=\"og:type\" content=\"article\" \/>\n<meta property=\"og:title\" content=\"K\u0105kolewo. Po\u015bwi\u0119cenie sztandaru Towarzystwa Gimnastycznego \u201eSok\u00f3\u0142\u201d, 1935 rok, fot. Tadeusz Semrau - Ludzie i krajobrazy. Powiat Leszczy\u0144ski w ikonografii\" \/>\n<meta property=\"og:description\" content=\"Jako chrzestna na po\u015bwi\u0119ceniu sztandaru gn[iazda] K\u0105kolewo w dniu 18 VIII 1935 r. Gniazdo Towarzystwa Gimnastycznego \u201eSok\u00f3\u0142\u201d w K\u0105kolewie za\u0142o\u017cono w 1924 roku. Inicjatorami jego powstania byli: Stanis\u0142aw...\" \/>\n<meta property=\"og:url\" content=\"http:\/\/ludzieikrajobrazy.muzeumleszno.pl\/?p=373\" \/>\n<meta property=\"og:site_name\" content=\"Ludzie i krajobrazy. Powiat Leszczy\u0144ski w ikonografii\" \/>\n<meta property=\"article:published_time\" content=\"2024-07-14T10:00:19+00:00\" \/>\n<meta property=\"article:modified_time\" content=\"2024-09-24T06:24:56+00:00\" \/>\n<meta property=\"og:image\" content=\"http:\/\/ludzieikrajobrazy.muzeumleszno.pl\/wp-content\/uploads\/2024\/07\/52_MLFa-1775-scaled.jpg\" \/>\n\t<meta property=\"og:image:width\" content=\"2560\" \/>\n\t<meta property=\"og:image:height\" content=\"1669\" \/>\n\t<meta property=\"og:image:type\" content=\"image\/jpeg\" \/>\n<meta name=\"author\" content=\"Pan_Admin\" \/>\n<meta name=\"twitter:card\" content=\"summary_large_image\" \/>\n<meta name=\"twitter:label1\" content=\"Napisane przez\" \/>\n\t<meta name=\"twitter:data1\" content=\"Pan_Admin\" \/>\n\t<meta name=\"twitter:label2\" content=\"Szacowany czas czytania\" \/>\n\t<meta name=\"twitter:data2\" content=\"2 minuty\" \/>\n<script type=\"application\/ld+json\" class=\"yoast-schema-graph\">{\"@context\":\"https:\\\/\\\/schema.org\",\"@graph\":[{\"@type\":\"Article\",\"@id\":\"http:\\\/\\\/ludzieikrajobrazy.muzeumleszno.pl\\\/?p=373#article\",\"isPartOf\":{\"@id\":\"http:\\\/\\\/ludzieikrajobrazy.muzeumleszno.pl\\\/?p=373\"},\"author\":{\"name\":\"Pan_Admin\",\"@id\":\"https:\\\/\\\/ludzieikrajobrazy.muzeumleszno.pl\\\/#\\\/schema\\\/person\\\/fc2bc20e2b51efc3202ac1f0cdcd06c0\"},\"headline\":\"K\u0105kolewo. Po\u015bwi\u0119cenie sztandaru Towarzystwa Gimnastycznego \u201eSok\u00f3\u0142\u201d, 1935 rok, fot. Tadeusz Semrau\",\"datePublished\":\"2024-07-14T10:00:19+00:00\",\"dateModified\":\"2024-09-24T06:24:56+00:00\",\"mainEntityOfPage\":{\"@id\":\"http:\\\/\\\/ludzieikrajobrazy.muzeumleszno.pl\\\/?p=373\"},\"wordCount\":226,\"image\":{\"@id\":\"http:\\\/\\\/ludzieikrajobrazy.muzeumleszno.pl\\\/?p=373#primaryimage\"},\"thumbnailUrl\":\"http:\\\/\\\/ludzieikrajobrazy.muzeumleszno.pl\\\/wp-content\\\/uploads\\\/2024\\\/07\\\/52_MLFa-1775-scaled.jpg\",\"keywords\":[\"1935\",\"budownictwo murowane\",\"budynek ceglany\",\"Czes\u0142aw Obarski\",\"cz\u0142onek\",\"dach\",\"dokumentacja\",\"druh\",\"druhna\",\"fotografia\",\"fotografia grupowa\",\"garnitur\",\"gniazdo\",\"gniazdo \u017ce\u0144skie\",\"inicjator\",\"Jan Piaszczy\u0144ski\",\"J\u00f3zefa Szulczyk\",\"K\u0105kolewo\",\"kapelusz\",\"Katolickie Towarzystwo Robotnik\u00f3w Polskich\",\"Kolejowe Przysposobienie Wojskowe\",\"kombatant\",\"ksi\u0105dz\",\"Leszno\",\"mi\u0119dzywojnie\",\"naczelniczka\",\"nakrycie g\u0142owy\",\"okr\u0119g leszczy\u0144ski\",\"Okr\u0119gowy Wydzia\u0142 Sokolic\",\"organizacja\",\"pokaz sprawno\u015bciowy\",\"r\u0119kawiczki\",\"Stanis\u0142aw Grajewski\",\"Stefan Boruczkowski\",\"str\u00f3j od\u015bwi\u0119tny\",\"\u015bwi\u0119cenie\",\"sztandar\",\"Tadeusz Semrau\",\"Towarzystwo Gimnastyczne \u201eSok\u00f3\u0142\u201d\",\"Towarzystwo M\u0142odych Polek\",\"uroczysto\u015bc\",\"wydarzenie\",\"Zlot \u201eSoko\u0142a\u201d w Gostyniu\"],\"articleSection\":[\"K\u0105kolewo\"],\"inLanguage\":\"pl-PL\"},{\"@type\":\"WebPage\",\"@id\":\"http:\\\/\\\/ludzieikrajobrazy.muzeumleszno.pl\\\/?p=373\",\"url\":\"http:\\\/\\\/ludzieikrajobrazy.muzeumleszno.pl\\\/?p=373\",\"name\":\"K\u0105kolewo. Po\u015bwi\u0119cenie sztandaru Towarzystwa Gimnastycznego \u201eSok\u00f3\u0142\u201d, 1935 rok, fot. Tadeusz Semrau - Ludzie i krajobrazy. Powiat Leszczy\u0144ski w ikonografii\",\"isPartOf\":{\"@id\":\"https:\\\/\\\/ludzieikrajobrazy.muzeumleszno.pl\\\/#website\"},\"primaryImageOfPage\":{\"@id\":\"http:\\\/\\\/ludzieikrajobrazy.muzeumleszno.pl\\\/?p=373#primaryimage\"},\"image\":{\"@id\":\"http:\\\/\\\/ludzieikrajobrazy.muzeumleszno.pl\\\/?p=373#primaryimage\"},\"thumbnailUrl\":\"http:\\\/\\\/ludzieikrajobrazy.muzeumleszno.pl\\\/wp-content\\\/uploads\\\/2024\\\/07\\\/52_MLFa-1775-scaled.jpg\",\"datePublished\":\"2024-07-14T10:00:19+00:00\",\"dateModified\":\"2024-09-24T06:24:56+00:00\",\"author\":{\"@id\":\"https:\\\/\\\/ludzieikrajobrazy.muzeumleszno.pl\\\/#\\\/schema\\\/person\\\/fc2bc20e2b51efc3202ac1f0cdcd06c0\"},\"breadcrumb\":{\"@id\":\"http:\\\/\\\/ludzieikrajobrazy.muzeumleszno.pl\\\/?p=373#breadcrumb\"},\"inLanguage\":\"pl-PL\",\"potentialAction\":[{\"@type\":\"ReadAction\",\"target\":[\"http:\\\/\\\/ludzieikrajobrazy.muzeumleszno.pl\\\/?p=373\"]}]},{\"@type\":\"BreadcrumbList\",\"@id\":\"http:\\\/\\\/ludzieikrajobrazy.muzeumleszno.pl\\\/?p=373#breadcrumb\",\"itemListElement\":[{\"@type\":\"ListItem\",\"position\":1,\"name\":\"Home\",\"item\":\"https:\\\/\\\/ludzieikrajobrazy.muzeumleszno.pl\\\/\"},{\"@type\":\"ListItem\",\"position\":2,\"name\":\"K\u0105kolewo. Po\u015bwi\u0119cenie sztandaru Towarzystwa Gimnastycznego \u201eSok\u00f3\u0142\u201d, 1935 rok, fot. Tadeusz Semrau\"}]},{\"@type\":\"WebSite\",\"@id\":\"https:\\\/\\\/ludzieikrajobrazy.muzeumleszno.pl\\\/#website\",\"url\":\"https:\\\/\\\/ludzieikrajobrazy.muzeumleszno.pl\\\/\",\"name\":\"Ludzie i krajobrazy. Powiat Leszczy\u0144ski w ikonografii\",\"description\":\"Powiat Leszczy\u0144ski w ikonografii\",\"potentialAction\":[{\"@type\":\"SearchAction\",\"target\":{\"@type\":\"EntryPoint\",\"urlTemplate\":\"https:\\\/\\\/ludzieikrajobrazy.muzeumleszno.pl\\\/?s={search_term_string}\"},\"query-input\":{\"@type\":\"PropertyValueSpecification\",\"valueRequired\":true,\"valueName\":\"search_term_string\"}}],\"inLanguage\":\"pl-PL\"},{\"@type\":\"Person\",\"@id\":\"https:\\\/\\\/ludzieikrajobrazy.muzeumleszno.pl\\\/#\\\/schema\\\/person\\\/fc2bc20e2b51efc3202ac1f0cdcd06c0\",\"name\":\"Pan_Admin\",\"image\":{\"@type\":\"ImageObject\",\"inLanguage\":\"pl-PL\",\"@id\":\"https:\\\/\\\/secure.gravatar.com\\\/avatar\\\/d109d485abe889ecc32dbdb971b715ad9d4596bd0e2353626451db3e04099822?s=96&d=mm&r=g\",\"url\":\"https:\\\/\\\/secure.gravatar.com\\\/avatar\\\/d109d485abe889ecc32dbdb971b715ad9d4596bd0e2353626451db3e04099822?s=96&d=mm&r=g\",\"contentUrl\":\"https:\\\/\\\/secure.gravatar.com\\\/avatar\\\/d109d485abe889ecc32dbdb971b715ad9d4596bd0e2353626451db3e04099822?s=96&d=mm&r=g\",\"caption\":\"Pan_Admin\"},\"sameAs\":[\"http:\\\/\\\/ludzieikrajobrazy.muzeumleszno.pl\"],\"url\":\"http:\\\/\\\/ludzieikrajobrazy.muzeumleszno.pl\\\/?author=1\"}]}<\/script>\n<!-- \/ Yoast SEO plugin. -->","yoast_head_json":{"title":"K\u0105kolewo. Po\u015bwi\u0119cenie sztandaru Towarzystwa Gimnastycznego \u201eSok\u00f3\u0142\u201d, 1935 rok, fot. Tadeusz Semrau - Ludzie i krajobrazy. Powiat Leszczy\u0144ski w ikonografii","robots":{"index":"index","follow":"follow","max-snippet":"max-snippet:-1","max-image-preview":"max-image-preview:large","max-video-preview":"max-video-preview:-1"},"canonical":"http:\/\/ludzieikrajobrazy.muzeumleszno.pl\/?p=373","og_locale":"pl_PL","og_type":"article","og_title":"K\u0105kolewo. Po\u015bwi\u0119cenie sztandaru Towarzystwa Gimnastycznego \u201eSok\u00f3\u0142\u201d, 1935 rok, fot. Tadeusz Semrau - Ludzie i krajobrazy. Powiat Leszczy\u0144ski w ikonografii","og_description":"Jako chrzestna na po\u015bwi\u0119ceniu sztandaru gn[iazda] K\u0105kolewo w dniu 18 VIII 1935 r. Gniazdo Towarzystwa Gimnastycznego \u201eSok\u00f3\u0142\u201d w K\u0105kolewie za\u0142o\u017cono w 1924 roku. Inicjatorami jego powstania byli: Stanis\u0142aw...","og_url":"http:\/\/ludzieikrajobrazy.muzeumleszno.pl\/?p=373","og_site_name":"Ludzie i krajobrazy. Powiat Leszczy\u0144ski w ikonografii","article_published_time":"2024-07-14T10:00:19+00:00","article_modified_time":"2024-09-24T06:24:56+00:00","og_image":[{"width":2560,"height":1669,"url":"http:\/\/ludzieikrajobrazy.muzeumleszno.pl\/wp-content\/uploads\/2024\/07\/52_MLFa-1775-scaled.jpg","type":"image\/jpeg"}],"author":"Pan_Admin","twitter_card":"summary_large_image","twitter_misc":{"Napisane przez":"Pan_Admin","Szacowany czas czytania":"2 minuty"},"schema":{"@context":"https:\/\/schema.org","@graph":[{"@type":"Article","@id":"http:\/\/ludzieikrajobrazy.muzeumleszno.pl\/?p=373#article","isPartOf":{"@id":"http:\/\/ludzieikrajobrazy.muzeumleszno.pl\/?p=373"},"author":{"name":"Pan_Admin","@id":"https:\/\/ludzieikrajobrazy.muzeumleszno.pl\/#\/schema\/person\/fc2bc20e2b51efc3202ac1f0cdcd06c0"},"headline":"K\u0105kolewo. Po\u015bwi\u0119cenie sztandaru Towarzystwa Gimnastycznego \u201eSok\u00f3\u0142\u201d, 1935 rok, fot. Tadeusz Semrau","datePublished":"2024-07-14T10:00:19+00:00","dateModified":"2024-09-24T06:24:56+00:00","mainEntityOfPage":{"@id":"http:\/\/ludzieikrajobrazy.muzeumleszno.pl\/?p=373"},"wordCount":226,"image":{"@id":"http:\/\/ludzieikrajobrazy.muzeumleszno.pl\/?p=373#primaryimage"},"thumbnailUrl":"http:\/\/ludzieikrajobrazy.muzeumleszno.pl\/wp-content\/uploads\/2024\/07\/52_MLFa-1775-scaled.jpg","keywords":["1935","budownictwo murowane","budynek ceglany","Czes\u0142aw Obarski","cz\u0142onek","dach","dokumentacja","druh","druhna","fotografia","fotografia grupowa","garnitur","gniazdo","gniazdo \u017ce\u0144skie","inicjator","Jan Piaszczy\u0144ski","J\u00f3zefa Szulczyk","K\u0105kolewo","kapelusz","Katolickie Towarzystwo Robotnik\u00f3w Polskich","Kolejowe Przysposobienie Wojskowe","kombatant","ksi\u0105dz","Leszno","mi\u0119dzywojnie","naczelniczka","nakrycie g\u0142owy","okr\u0119g leszczy\u0144ski","Okr\u0119gowy Wydzia\u0142 Sokolic","organizacja","pokaz sprawno\u015bciowy","r\u0119kawiczki","Stanis\u0142aw Grajewski","Stefan Boruczkowski","str\u00f3j od\u015bwi\u0119tny","\u015bwi\u0119cenie","sztandar","Tadeusz Semrau","Towarzystwo Gimnastyczne \u201eSok\u00f3\u0142\u201d","Towarzystwo M\u0142odych Polek","uroczysto\u015bc","wydarzenie","Zlot \u201eSoko\u0142a\u201d w Gostyniu"],"articleSection":["K\u0105kolewo"],"inLanguage":"pl-PL"},{"@type":"WebPage","@id":"http:\/\/ludzieikrajobrazy.muzeumleszno.pl\/?p=373","url":"http:\/\/ludzieikrajobrazy.muzeumleszno.pl\/?p=373","name":"K\u0105kolewo. Po\u015bwi\u0119cenie sztandaru Towarzystwa Gimnastycznego \u201eSok\u00f3\u0142\u201d, 1935 rok, fot. Tadeusz Semrau - Ludzie i krajobrazy. Powiat Leszczy\u0144ski w ikonografii","isPartOf":{"@id":"https:\/\/ludzieikrajobrazy.muzeumleszno.pl\/#website"},"primaryImageOfPage":{"@id":"http:\/\/ludzieikrajobrazy.muzeumleszno.pl\/?p=373#primaryimage"},"image":{"@id":"http:\/\/ludzieikrajobrazy.muzeumleszno.pl\/?p=373#primaryimage"},"thumbnailUrl":"http:\/\/ludzieikrajobrazy.muzeumleszno.pl\/wp-content\/uploads\/2024\/07\/52_MLFa-1775-scaled.jpg","datePublished":"2024-07-14T10:00:19+00:00","dateModified":"2024-09-24T06:24:56+00:00","author":{"@id":"https:\/\/ludzieikrajobrazy.muzeumleszno.pl\/#\/schema\/person\/fc2bc20e2b51efc3202ac1f0cdcd06c0"},"breadcrumb":{"@id":"http:\/\/ludzieikrajobrazy.muzeumleszno.pl\/?p=373#breadcrumb"},"inLanguage":"pl-PL","potentialAction":[{"@type":"ReadAction","target":["http:\/\/ludzieikrajobrazy.muzeumleszno.pl\/?p=373"]}]},{"@type":"BreadcrumbList","@id":"http:\/\/ludzieikrajobrazy.muzeumleszno.pl\/?p=373#breadcrumb","itemListElement":[{"@type":"ListItem","position":1,"name":"Home","item":"https:\/\/ludzieikrajobrazy.muzeumleszno.pl\/"},{"@type":"ListItem","position":2,"name":"K\u0105kolewo. Po\u015bwi\u0119cenie sztandaru Towarzystwa Gimnastycznego \u201eSok\u00f3\u0142\u201d, 1935 rok, fot. Tadeusz Semrau"}]},{"@type":"WebSite","@id":"https:\/\/ludzieikrajobrazy.muzeumleszno.pl\/#website","url":"https:\/\/ludzieikrajobrazy.muzeumleszno.pl\/","name":"Ludzie i krajobrazy. Powiat Leszczy\u0144ski w ikonografii","description":"Powiat Leszczy\u0144ski w ikonografii","potentialAction":[{"@type":"SearchAction","target":{"@type":"EntryPoint","urlTemplate":"https:\/\/ludzieikrajobrazy.muzeumleszno.pl\/?s={search_term_string}"},"query-input":{"@type":"PropertyValueSpecification","valueRequired":true,"valueName":"search_term_string"}}],"inLanguage":"pl-PL"},{"@type":"Person","@id":"https:\/\/ludzieikrajobrazy.muzeumleszno.pl\/#\/schema\/person\/fc2bc20e2b51efc3202ac1f0cdcd06c0","name":"Pan_Admin","image":{"@type":"ImageObject","inLanguage":"pl-PL","@id":"https:\/\/secure.gravatar.com\/avatar\/d109d485abe889ecc32dbdb971b715ad9d4596bd0e2353626451db3e04099822?s=96&d=mm&r=g","url":"https:\/\/secure.gravatar.com\/avatar\/d109d485abe889ecc32dbdb971b715ad9d4596bd0e2353626451db3e04099822?s=96&d=mm&r=g","contentUrl":"https:\/\/secure.gravatar.com\/avatar\/d109d485abe889ecc32dbdb971b715ad9d4596bd0e2353626451db3e04099822?s=96&d=mm&r=g","caption":"Pan_Admin"},"sameAs":["http:\/\/ludzieikrajobrazy.muzeumleszno.pl"],"url":"http:\/\/ludzieikrajobrazy.muzeumleszno.pl\/?author=1"}]}},"_links":{"self":[{"href":"http:\/\/ludzieikrajobrazy.muzeumleszno.pl\/index.php?rest_route=\/wp\/v2\/posts\/373","targetHints":{"allow":["GET"]}}],"collection":[{"href":"http:\/\/ludzieikrajobrazy.muzeumleszno.pl\/index.php?rest_route=\/wp\/v2\/posts"}],"about":[{"href":"http:\/\/ludzieikrajobrazy.muzeumleszno.pl\/index.php?rest_route=\/wp\/v2\/types\/post"}],"author":[{"embeddable":true,"href":"http:\/\/ludzieikrajobrazy.muzeumleszno.pl\/index.php?rest_route=\/wp\/v2\/users\/1"}],"replies":[{"embeddable":true,"href":"http:\/\/ludzieikrajobrazy.muzeumleszno.pl\/index.php?rest_route=%2Fwp%2Fv2%2Fcomments&post=373"}],"version-history":[{"count":2,"href":"http:\/\/ludzieikrajobrazy.muzeumleszno.pl\/index.php?rest_route=\/wp\/v2\/posts\/373\/revisions"}],"predecessor-version":[{"id":1209,"href":"http:\/\/ludzieikrajobrazy.muzeumleszno.pl\/index.php?rest_route=\/wp\/v2\/posts\/373\/revisions\/1209"}],"wp:featuredmedia":[{"embeddable":true,"href":"http:\/\/ludzieikrajobrazy.muzeumleszno.pl\/index.php?rest_route=\/wp\/v2\/media\/374"}],"wp:attachment":[{"href":"http:\/\/ludzieikrajobrazy.muzeumleszno.pl\/index.php?rest_route=%2Fwp%2Fv2%2Fmedia&parent=373"}],"wp:term":[{"taxonomy":"category","embeddable":true,"href":"http:\/\/ludzieikrajobrazy.muzeumleszno.pl\/index.php?rest_route=%2Fwp%2Fv2%2Fcategories&post=373"},{"taxonomy":"post_tag","embeddable":true,"href":"http:\/\/ludzieikrajobrazy.muzeumleszno.pl\/index.php?rest_route=%2Fwp%2Fv2%2Ftags&post=373"}],"curies":[{"name":"wp","href":"https:\/\/api.w.org\/{rel}","templated":true}]}}