{"id":376,"date":"2024-07-14T11:59:48","date_gmt":"2024-07-14T09:59:48","guid":{"rendered":"http:\/\/ludzieikrajobrazy.muzeumleszno.pl\/?p=376"},"modified":"2024-09-24T08:30:10","modified_gmt":"2024-09-24T06:30:10","slug":"kakolewo-poswiecenie-pomnika-powstancow-wielkopolskich-1937-rok","status":"publish","type":"post","link":"http:\/\/ludzieikrajobrazy.muzeumleszno.pl\/?p=376","title":{"rendered":"K\u0105kolewo, Po\u015bwi\u0119cenie pomnika powsta\u0144c\u00f3w wielkopolskich, 1937 rok"},"content":{"rendered":"\n<p><em>Wie\u015b K\u0105kolewo le\u017c\u0105ca osiem kilometr\u00f3w od Leszna \u2013 prze\u017cywa\u0142a w dniu 2 maja podnios\u0142\u0105 uroczysto\u015b\u0107 ods\u0142oni\u0119cia i po\u015bwi\u0119cenia pomnika ku czci bohatera \u2013 powsta\u0144ca Jana Machowiaka i powsta\u0144c\u00f3w, kt\u00f3rzy w pami\u0119tnym roku 19-tym \u2013 walczyli o wyzwolenie ziemi polskiej z pod przemocy niemieckiej i krew swoj\u0105 dla ojczyzny przelali.&nbsp;<\/em><\/p>\n\n\n\n<p>Pami\u0119\u0107 o powstaniu wielkopolskim jest przyk\u0142adem zbiorowej dumy z odniesionego zwyci\u0119stwa. Obchody rocznicowe organizuje si\u0119 od ponad 100 lat, a w 2021 roku ustanowiono Narodowy Dzie\u0144 Zwyci\u0119skiego Powstania Wielkopolskiego. Nadal wystawia si\u0119 pomniki i funduje pami\u0105tkowe tablice czcz\u0105ce powsta\u0144c\u00f3w.&nbsp;<\/p>\n\n\n\n<p>Manifestacja patriotyczna zorganizowana w K\u0105kolewie w 1937 roku zgromadzi\u0142a wielu uczestnik\u00f3w zmaga\u0144 z lat 1918-1919, przedstawicieli w\u0142adz, duchowie\u0144stwa i mieszka\u0144c\u00f3w regionu. Ods\u0142oni\u0119cie pomnika po\u015bwi\u0119conego Janowi Machowiakowi (1899-1919) i powsta\u0144com walcz\u0105cym w szeregach Grupy \u201eLeszno\u201d odby\u0142o si\u0119 w asy\u015bcie szwadronu u\u0142an\u00f3w, oddzia\u0142u piechoty i orkiestry 55 Pozna\u0144skiego Pu\u0142ku Piechoty.&nbsp; \u015alub wierno\u015bci odrodzonej ojczy\u017anie z\u0142o\u017cy\u0142 widoczny na fotografii pu\u0142kownik W\u0142adys\u0142aw Wiecierzy\u0144ski (1894\u20131983), dow\u00f3dca leszczy\u0144skiego garnizonu.&nbsp;<\/p>\n\n\n\n<p>Jan Machowiak walczy\u0142 w batalionie powsta\u0144czym na odcinku \u201ePaw\u0142owice\u201d. Zosta\u0142 ranny w potyczce pod K\u0105kolewem 10 stycznia 1919 roku. W ci\u0119\u017ckim stanie przez kilka dni przebywa\u0142 w lazarecie w Drobninie. Nast\u0119pne przewieziono go do szpitala w Piaskach gdzie zmar\u0142. Spoczywa na cmentarzu parafialnym w K\u0105kolewie wraz ze swoimi towarzyszami broni. Projekt pomnika przygotowa\u0142 podporucznik Jan Skrzypczak (1886\u20131947).&nbsp;<\/p>\n\n\n\n<figure data-wp-context=\"{&quot;imageId&quot;:&quot;69f46383e5743&quot;}\" data-wp-interactive=\"core\/image\" data-wp-key=\"69f46383e5743\" class=\"wp-block-image size-full is-style-default wp-lightbox-container\"><img fetchpriority=\"high\" decoding=\"async\" width=\"1352\" height=\"2000\" data-wp-class--hide=\"state.isContentHidden\" data-wp-class--show=\"state.isContentVisible\" data-wp-init=\"callbacks.setButtonStyles\" data-wp-on--click=\"actions.showLightbox\" data-wp-on--load=\"callbacks.setButtonStyles\" data-wp-on-window--resize=\"callbacks.setButtonStyles\" src=\"http:\/\/ludzieikrajobrazy.muzeumleszno.pl\/wp-content\/uploads\/2024\/07\/53_MLFa-3551.jpg\" alt=\"Pu\u0142kownik W\u0142adys\u0142aw Wiecierzy\u0144ski podczas uroczysto\u015bci\" class=\"wp-image-377\" srcset=\"http:\/\/ludzieikrajobrazy.muzeumleszno.pl\/wp-content\/uploads\/2024\/07\/53_MLFa-3551.jpg 1352w, http:\/\/ludzieikrajobrazy.muzeumleszno.pl\/wp-content\/uploads\/2024\/07\/53_MLFa-3551-1038x1536.jpg 1038w, http:\/\/ludzieikrajobrazy.muzeumleszno.pl\/wp-content\/uploads\/2024\/07\/53_MLFa-3551-200x296.jpg 200w, http:\/\/ludzieikrajobrazy.muzeumleszno.pl\/wp-content\/uploads\/2024\/07\/53_MLFa-3551-973x1439.jpg 973w, http:\/\/ludzieikrajobrazy.muzeumleszno.pl\/wp-content\/uploads\/2024\/07\/53_MLFa-3551-508x751.jpg 508w\" sizes=\"(max-width: 1352px) 100vw, 1352px\" \/><button\n\t\t\tclass=\"lightbox-trigger\"\n\t\t\ttype=\"button\"\n\t\t\taria-haspopup=\"dialog\"\n\t\t\taria-label=\"Powi\u0119ksz\"\n\t\t\tdata-wp-init=\"callbacks.initTriggerButton\"\n\t\t\tdata-wp-on--click=\"actions.showLightbox\"\n\t\t\tdata-wp-style--right=\"state.imageButtonRight\"\n\t\t\tdata-wp-style--top=\"state.imageButtonTop\"\n\t\t>\n\t\t\t<svg xmlns=\"http:\/\/www.w3.org\/2000\/svg\" width=\"12\" height=\"12\" fill=\"none\" viewBox=\"0 0 12 12\">\n\t\t\t\t<path fill=\"#fff\" d=\"M2 0a2 2 0 0 0-2 2v2h1.5V2a.5.5 0 0 1 .5-.5h2V0H2Zm2 10.5H2a.5.5 0 0 1-.5-.5V8H0v2a2 2 0 0 0 2 2h2v-1.5ZM8 12v-1.5h2a.5.5 0 0 0 .5-.5V8H12v2a2 2 0 0 1-2 2H8Zm2-12a2 2 0 0 1 2 2v2h-1.5V2a.5.5 0 0 0-.5-.5H8V0h2Z\" \/>\n\t\t\t<\/svg>\n\t\t<\/button><figcaption class=\"wp-element-caption\">Pu\u0142kownik W\u0142adys\u0142aw Wiecierzy\u0144ski podczas uroczysto\u015bci. wys. 13 cm x szer. 8,8 cm; odbitka srebrowo-\u017celatynowa, papier fotograficzny; autor nieznany, przed 1939 rokiem; Muzeum Okr\u0119gowe w Lesznie; MLFa3551<\/figcaption><\/figure>\n\n\n\n<p class=\"has-small-font-size\">nr inw. MLFa 3551<br>W zbiorach Muzeum Okr\u0119gowego w Lesznie od 2020 roku, dar<\/p>\n\n\n\n<p>D.Cz.<\/p>\n\n\n\n<figure class=\"wp-block-embed is-type-video is-provider-youtube wp-block-embed-youtube wp-embed-aspect-4-3 wp-has-aspect-ratio\"><div class=\"wp-block-embed__wrapper\">\n<iframe title=\"Ka\u0328kolewo, Pos\u0301wie\u0328cenie pomnika powstan\u0301co\u0301w wielkopolskich, 1937 rok\" width=\"620\" height=\"465\" src=\"https:\/\/www.youtube.com\/embed\/surRor2bvsg?feature=oembed\" frameborder=\"0\" allow=\"accelerometer; autoplay; clipboard-write; encrypted-media; gyroscope; picture-in-picture; web-share\" referrerpolicy=\"strict-origin-when-cross-origin\" allowfullscreen><\/iframe>\n<\/div><\/figure>\n","protected":false},"excerpt":{"rendered":"<p>Wie\u015b K\u0105kolewo le\u017c\u0105ca osiem kilometr\u00f3w od Leszna \u2013 prze\u017cywa\u0142a w dniu 2 maja podnios\u0142\u0105 uroczysto\u015b\u0107 ods\u0142oni\u0119cia i po\u015bwi\u0119cenia pomnika ku czci bohatera \u2013 powsta\u0144ca Jana Machowiaka i powsta\u0144c\u00f3w,&#8230;<\/p>\n","protected":false},"author":1,"featured_media":377,"comment_status":"closed","ping_status":"closed","sticky":false,"template":"","format":"standard","meta":{"cybocfi_hide_featured_image":"yes","footnotes":""},"categories":[55],"tags":[459,2307,2561,2567,2566,56,1167,2563,2560,145,339,1709,2564,2569,1872,2570,2568],"class_list":["post-376","post","type-post","status-publish","format-standard","has-post-thumbnail","hentry","category-kakolewo","tag-459","tag-duchowienstwo","tag-duma","tag-grupa-leszno-2","tag-jan-machowiak","tag-kakolewo","tag-mieszkancy","tag-narodowy-dzien-zwyciestwa-powstania-wielkopolskiego","tag-pomnika-powstancow-wielkopolskich","tag-poswiecenie","tag-powstanie-wielkopolskie","tag-powstaniec-wielkopolski","tag-przedstawiciele-wladz","tag-szwadron","tag-tablica-pamiatkowa","tag-ulan","tag-zwyciestwo"],"yoast_head":"<!-- This site is optimized with the Yoast SEO plugin v27.5 - https:\/\/yoast.com\/product\/yoast-seo-wordpress\/ -->\n<title>K\u0105kolewo, Po\u015bwi\u0119cenie pomnika powsta\u0144c\u00f3w wielkopolskich, 1937 rok - Ludzie i krajobrazy. Powiat Leszczy\u0144ski w ikonografii<\/title>\n<meta name=\"robots\" content=\"index, follow, max-snippet:-1, max-image-preview:large, max-video-preview:-1\" \/>\n<link rel=\"canonical\" href=\"http:\/\/ludzieikrajobrazy.muzeumleszno.pl\/?p=376\" \/>\n<meta property=\"og:locale\" content=\"pl_PL\" \/>\n<meta property=\"og:type\" content=\"article\" \/>\n<meta property=\"og:title\" content=\"K\u0105kolewo, Po\u015bwi\u0119cenie pomnika powsta\u0144c\u00f3w wielkopolskich, 1937 rok - Ludzie i krajobrazy. Powiat Leszczy\u0144ski w ikonografii\" \/>\n<meta property=\"og:description\" content=\"Wie\u015b K\u0105kolewo le\u017c\u0105ca osiem kilometr\u00f3w od Leszna \u2013 prze\u017cywa\u0142a w dniu 2 maja podnios\u0142\u0105 uroczysto\u015b\u0107 ods\u0142oni\u0119cia i po\u015bwi\u0119cenia pomnika ku czci bohatera \u2013 powsta\u0144ca Jana Machowiaka i powsta\u0144c\u00f3w,...\" \/>\n<meta property=\"og:url\" content=\"http:\/\/ludzieikrajobrazy.muzeumleszno.pl\/?p=376\" \/>\n<meta property=\"og:site_name\" content=\"Ludzie i krajobrazy. Powiat Leszczy\u0144ski w ikonografii\" \/>\n<meta property=\"article:published_time\" content=\"2024-07-14T09:59:48+00:00\" \/>\n<meta property=\"article:modified_time\" content=\"2024-09-24T06:30:10+00:00\" \/>\n<meta property=\"og:image\" content=\"http:\/\/ludzieikrajobrazy.muzeumleszno.pl\/wp-content\/uploads\/2024\/07\/53_MLFa-3551.jpg\" \/>\n\t<meta property=\"og:image:width\" content=\"1352\" \/>\n\t<meta property=\"og:image:height\" content=\"2000\" \/>\n\t<meta property=\"og:image:type\" content=\"image\/jpeg\" \/>\n<meta name=\"author\" content=\"Pan_Admin\" \/>\n<meta name=\"twitter:card\" content=\"summary_large_image\" \/>\n<meta name=\"twitter:label1\" content=\"Napisane przez\" \/>\n\t<meta name=\"twitter:data1\" content=\"Pan_Admin\" \/>\n\t<meta name=\"twitter:label2\" content=\"Szacowany czas czytania\" \/>\n\t<meta name=\"twitter:data2\" content=\"2 minuty\" \/>\n<script type=\"application\/ld+json\" class=\"yoast-schema-graph\">{\"@context\":\"https:\\\/\\\/schema.org\",\"@graph\":[{\"@type\":\"Article\",\"@id\":\"http:\\\/\\\/ludzieikrajobrazy.muzeumleszno.pl\\\/?p=376#article\",\"isPartOf\":{\"@id\":\"http:\\\/\\\/ludzieikrajobrazy.muzeumleszno.pl\\\/?p=376\"},\"author\":{\"name\":\"Pan_Admin\",\"@id\":\"http:\\\/\\\/ludzieikrajobrazy.muzeumleszno.pl\\\/#\\\/schema\\\/person\\\/fc2bc20e2b51efc3202ac1f0cdcd06c0\"},\"headline\":\"K\u0105kolewo, Po\u015bwi\u0119cenie pomnika powsta\u0144c\u00f3w wielkopolskich, 1937 rok\",\"datePublished\":\"2024-07-14T09:59:48+00:00\",\"dateModified\":\"2024-09-24T06:30:10+00:00\",\"mainEntityOfPage\":{\"@id\":\"http:\\\/\\\/ludzieikrajobrazy.muzeumleszno.pl\\\/?p=376\"},\"wordCount\":319,\"image\":{\"@id\":\"http:\\\/\\\/ludzieikrajobrazy.muzeumleszno.pl\\\/?p=376#primaryimage\"},\"thumbnailUrl\":\"http:\\\/\\\/ludzieikrajobrazy.muzeumleszno.pl\\\/wp-content\\\/uploads\\\/2024\\\/07\\\/53_MLFa-3551.jpg\",\"keywords\":[\"1937\",\"duchowie\u0144stwo\",\"duma\",\"Grupa \u201eLeszno\u201d\",\"Jan Machowiak\",\"K\u0105kolewo\",\"mieszka\u0144cy\",\"Narodowy Dzie\u0144 Zwyci\u0119stwa Powstania Wielkopolskiego\",\"pomnika powsta\u0144c\u00f3w wielkopolskich\",\"po\u015bwi\u0119cenie\",\"powstanie wielkopolskie\",\"powstaniec wielkopolski\",\"przedstawiciele w\u0142adz\",\"szwadron\",\"tablica pami\u0105tkowa\",\"u\u0142an\",\"zwyci\u0119stwo\"],\"articleSection\":[\"K\u0105kolewo\"],\"inLanguage\":\"pl-PL\"},{\"@type\":\"WebPage\",\"@id\":\"http:\\\/\\\/ludzieikrajobrazy.muzeumleszno.pl\\\/?p=376\",\"url\":\"http:\\\/\\\/ludzieikrajobrazy.muzeumleszno.pl\\\/?p=376\",\"name\":\"K\u0105kolewo, Po\u015bwi\u0119cenie pomnika powsta\u0144c\u00f3w wielkopolskich, 1937 rok - Ludzie i krajobrazy. Powiat Leszczy\u0144ski w ikonografii\",\"isPartOf\":{\"@id\":\"http:\\\/\\\/ludzieikrajobrazy.muzeumleszno.pl\\\/#website\"},\"primaryImageOfPage\":{\"@id\":\"http:\\\/\\\/ludzieikrajobrazy.muzeumleszno.pl\\\/?p=376#primaryimage\"},\"image\":{\"@id\":\"http:\\\/\\\/ludzieikrajobrazy.muzeumleszno.pl\\\/?p=376#primaryimage\"},\"thumbnailUrl\":\"http:\\\/\\\/ludzieikrajobrazy.muzeumleszno.pl\\\/wp-content\\\/uploads\\\/2024\\\/07\\\/53_MLFa-3551.jpg\",\"datePublished\":\"2024-07-14T09:59:48+00:00\",\"dateModified\":\"2024-09-24T06:30:10+00:00\",\"author\":{\"@id\":\"http:\\\/\\\/ludzieikrajobrazy.muzeumleszno.pl\\\/#\\\/schema\\\/person\\\/fc2bc20e2b51efc3202ac1f0cdcd06c0\"},\"breadcrumb\":{\"@id\":\"http:\\\/\\\/ludzieikrajobrazy.muzeumleszno.pl\\\/?p=376#breadcrumb\"},\"inLanguage\":\"pl-PL\",\"potentialAction\":[{\"@type\":\"ReadAction\",\"target\":[\"http:\\\/\\\/ludzieikrajobrazy.muzeumleszno.pl\\\/?p=376\"]}]},{\"@type\":\"BreadcrumbList\",\"@id\":\"http:\\\/\\\/ludzieikrajobrazy.muzeumleszno.pl\\\/?p=376#breadcrumb\",\"itemListElement\":[{\"@type\":\"ListItem\",\"position\":1,\"name\":\"Home\",\"item\":\"http:\\\/\\\/ludzieikrajobrazy.muzeumleszno.pl\\\/\"},{\"@type\":\"ListItem\",\"position\":2,\"name\":\"K\u0105kolewo, Po\u015bwi\u0119cenie pomnika powsta\u0144c\u00f3w wielkopolskich, 1937 rok\"}]},{\"@type\":\"WebSite\",\"@id\":\"http:\\\/\\\/ludzieikrajobrazy.muzeumleszno.pl\\\/#website\",\"url\":\"http:\\\/\\\/ludzieikrajobrazy.muzeumleszno.pl\\\/\",\"name\":\"Ludzie i krajobrazy. Powiat Leszczy\u0144ski w ikonografii\",\"description\":\"Powiat Leszczy\u0144ski w ikonografii\",\"potentialAction\":[{\"@type\":\"SearchAction\",\"target\":{\"@type\":\"EntryPoint\",\"urlTemplate\":\"http:\\\/\\\/ludzieikrajobrazy.muzeumleszno.pl\\\/?s={search_term_string}\"},\"query-input\":{\"@type\":\"PropertyValueSpecification\",\"valueRequired\":true,\"valueName\":\"search_term_string\"}}],\"inLanguage\":\"pl-PL\"},{\"@type\":\"Person\",\"@id\":\"http:\\\/\\\/ludzieikrajobrazy.muzeumleszno.pl\\\/#\\\/schema\\\/person\\\/fc2bc20e2b51efc3202ac1f0cdcd06c0\",\"name\":\"Pan_Admin\",\"image\":{\"@type\":\"ImageObject\",\"inLanguage\":\"pl-PL\",\"@id\":\"https:\\\/\\\/secure.gravatar.com\\\/avatar\\\/d109d485abe889ecc32dbdb971b715ad9d4596bd0e2353626451db3e04099822?s=96&d=mm&r=g\",\"url\":\"https:\\\/\\\/secure.gravatar.com\\\/avatar\\\/d109d485abe889ecc32dbdb971b715ad9d4596bd0e2353626451db3e04099822?s=96&d=mm&r=g\",\"contentUrl\":\"https:\\\/\\\/secure.gravatar.com\\\/avatar\\\/d109d485abe889ecc32dbdb971b715ad9d4596bd0e2353626451db3e04099822?s=96&d=mm&r=g\",\"caption\":\"Pan_Admin\"},\"sameAs\":[\"http:\\\/\\\/ludzieikrajobrazy.muzeumleszno.pl\"],\"url\":\"http:\\\/\\\/ludzieikrajobrazy.muzeumleszno.pl\\\/?author=1\"}]}<\/script>\n<!-- \/ Yoast SEO plugin. -->","yoast_head_json":{"title":"K\u0105kolewo, Po\u015bwi\u0119cenie pomnika powsta\u0144c\u00f3w wielkopolskich, 1937 rok - Ludzie i krajobrazy. Powiat Leszczy\u0144ski w ikonografii","robots":{"index":"index","follow":"follow","max-snippet":"max-snippet:-1","max-image-preview":"max-image-preview:large","max-video-preview":"max-video-preview:-1"},"canonical":"http:\/\/ludzieikrajobrazy.muzeumleszno.pl\/?p=376","og_locale":"pl_PL","og_type":"article","og_title":"K\u0105kolewo, Po\u015bwi\u0119cenie pomnika powsta\u0144c\u00f3w wielkopolskich, 1937 rok - Ludzie i krajobrazy. Powiat Leszczy\u0144ski w ikonografii","og_description":"Wie\u015b K\u0105kolewo le\u017c\u0105ca osiem kilometr\u00f3w od Leszna \u2013 prze\u017cywa\u0142a w dniu 2 maja podnios\u0142\u0105 uroczysto\u015b\u0107 ods\u0142oni\u0119cia i po\u015bwi\u0119cenia pomnika ku czci bohatera \u2013 powsta\u0144ca Jana Machowiaka i powsta\u0144c\u00f3w,...","og_url":"http:\/\/ludzieikrajobrazy.muzeumleszno.pl\/?p=376","og_site_name":"Ludzie i krajobrazy. Powiat Leszczy\u0144ski w ikonografii","article_published_time":"2024-07-14T09:59:48+00:00","article_modified_time":"2024-09-24T06:30:10+00:00","og_image":[{"width":1352,"height":2000,"url":"http:\/\/ludzieikrajobrazy.muzeumleszno.pl\/wp-content\/uploads\/2024\/07\/53_MLFa-3551.jpg","type":"image\/jpeg"}],"author":"Pan_Admin","twitter_card":"summary_large_image","twitter_misc":{"Napisane przez":"Pan_Admin","Szacowany czas czytania":"2 minuty"},"schema":{"@context":"https:\/\/schema.org","@graph":[{"@type":"Article","@id":"http:\/\/ludzieikrajobrazy.muzeumleszno.pl\/?p=376#article","isPartOf":{"@id":"http:\/\/ludzieikrajobrazy.muzeumleszno.pl\/?p=376"},"author":{"name":"Pan_Admin","@id":"http:\/\/ludzieikrajobrazy.muzeumleszno.pl\/#\/schema\/person\/fc2bc20e2b51efc3202ac1f0cdcd06c0"},"headline":"K\u0105kolewo, Po\u015bwi\u0119cenie pomnika powsta\u0144c\u00f3w wielkopolskich, 1937 rok","datePublished":"2024-07-14T09:59:48+00:00","dateModified":"2024-09-24T06:30:10+00:00","mainEntityOfPage":{"@id":"http:\/\/ludzieikrajobrazy.muzeumleszno.pl\/?p=376"},"wordCount":319,"image":{"@id":"http:\/\/ludzieikrajobrazy.muzeumleszno.pl\/?p=376#primaryimage"},"thumbnailUrl":"http:\/\/ludzieikrajobrazy.muzeumleszno.pl\/wp-content\/uploads\/2024\/07\/53_MLFa-3551.jpg","keywords":["1937","duchowie\u0144stwo","duma","Grupa \u201eLeszno\u201d","Jan Machowiak","K\u0105kolewo","mieszka\u0144cy","Narodowy Dzie\u0144 Zwyci\u0119stwa Powstania Wielkopolskiego","pomnika powsta\u0144c\u00f3w wielkopolskich","po\u015bwi\u0119cenie","powstanie wielkopolskie","powstaniec wielkopolski","przedstawiciele w\u0142adz","szwadron","tablica pami\u0105tkowa","u\u0142an","zwyci\u0119stwo"],"articleSection":["K\u0105kolewo"],"inLanguage":"pl-PL"},{"@type":"WebPage","@id":"http:\/\/ludzieikrajobrazy.muzeumleszno.pl\/?p=376","url":"http:\/\/ludzieikrajobrazy.muzeumleszno.pl\/?p=376","name":"K\u0105kolewo, Po\u015bwi\u0119cenie pomnika powsta\u0144c\u00f3w wielkopolskich, 1937 rok - Ludzie i krajobrazy. Powiat Leszczy\u0144ski w ikonografii","isPartOf":{"@id":"http:\/\/ludzieikrajobrazy.muzeumleszno.pl\/#website"},"primaryImageOfPage":{"@id":"http:\/\/ludzieikrajobrazy.muzeumleszno.pl\/?p=376#primaryimage"},"image":{"@id":"http:\/\/ludzieikrajobrazy.muzeumleszno.pl\/?p=376#primaryimage"},"thumbnailUrl":"http:\/\/ludzieikrajobrazy.muzeumleszno.pl\/wp-content\/uploads\/2024\/07\/53_MLFa-3551.jpg","datePublished":"2024-07-14T09:59:48+00:00","dateModified":"2024-09-24T06:30:10+00:00","author":{"@id":"http:\/\/ludzieikrajobrazy.muzeumleszno.pl\/#\/schema\/person\/fc2bc20e2b51efc3202ac1f0cdcd06c0"},"breadcrumb":{"@id":"http:\/\/ludzieikrajobrazy.muzeumleszno.pl\/?p=376#breadcrumb"},"inLanguage":"pl-PL","potentialAction":[{"@type":"ReadAction","target":["http:\/\/ludzieikrajobrazy.muzeumleszno.pl\/?p=376"]}]},{"@type":"BreadcrumbList","@id":"http:\/\/ludzieikrajobrazy.muzeumleszno.pl\/?p=376#breadcrumb","itemListElement":[{"@type":"ListItem","position":1,"name":"Home","item":"http:\/\/ludzieikrajobrazy.muzeumleszno.pl\/"},{"@type":"ListItem","position":2,"name":"K\u0105kolewo, Po\u015bwi\u0119cenie pomnika powsta\u0144c\u00f3w wielkopolskich, 1937 rok"}]},{"@type":"WebSite","@id":"http:\/\/ludzieikrajobrazy.muzeumleszno.pl\/#website","url":"http:\/\/ludzieikrajobrazy.muzeumleszno.pl\/","name":"Ludzie i krajobrazy. Powiat Leszczy\u0144ski w ikonografii","description":"Powiat Leszczy\u0144ski w ikonografii","potentialAction":[{"@type":"SearchAction","target":{"@type":"EntryPoint","urlTemplate":"http:\/\/ludzieikrajobrazy.muzeumleszno.pl\/?s={search_term_string}"},"query-input":{"@type":"PropertyValueSpecification","valueRequired":true,"valueName":"search_term_string"}}],"inLanguage":"pl-PL"},{"@type":"Person","@id":"http:\/\/ludzieikrajobrazy.muzeumleszno.pl\/#\/schema\/person\/fc2bc20e2b51efc3202ac1f0cdcd06c0","name":"Pan_Admin","image":{"@type":"ImageObject","inLanguage":"pl-PL","@id":"https:\/\/secure.gravatar.com\/avatar\/d109d485abe889ecc32dbdb971b715ad9d4596bd0e2353626451db3e04099822?s=96&d=mm&r=g","url":"https:\/\/secure.gravatar.com\/avatar\/d109d485abe889ecc32dbdb971b715ad9d4596bd0e2353626451db3e04099822?s=96&d=mm&r=g","contentUrl":"https:\/\/secure.gravatar.com\/avatar\/d109d485abe889ecc32dbdb971b715ad9d4596bd0e2353626451db3e04099822?s=96&d=mm&r=g","caption":"Pan_Admin"},"sameAs":["http:\/\/ludzieikrajobrazy.muzeumleszno.pl"],"url":"http:\/\/ludzieikrajobrazy.muzeumleszno.pl\/?author=1"}]}},"_links":{"self":[{"href":"http:\/\/ludzieikrajobrazy.muzeumleszno.pl\/index.php?rest_route=\/wp\/v2\/posts\/376","targetHints":{"allow":["GET"]}}],"collection":[{"href":"http:\/\/ludzieikrajobrazy.muzeumleszno.pl\/index.php?rest_route=\/wp\/v2\/posts"}],"about":[{"href":"http:\/\/ludzieikrajobrazy.muzeumleszno.pl\/index.php?rest_route=\/wp\/v2\/types\/post"}],"author":[{"embeddable":true,"href":"http:\/\/ludzieikrajobrazy.muzeumleszno.pl\/index.php?rest_route=\/wp\/v2\/users\/1"}],"replies":[{"embeddable":true,"href":"http:\/\/ludzieikrajobrazy.muzeumleszno.pl\/index.php?rest_route=%2Fwp%2Fv2%2Fcomments&post=376"}],"version-history":[{"count":2,"href":"http:\/\/ludzieikrajobrazy.muzeumleszno.pl\/index.php?rest_route=\/wp\/v2\/posts\/376\/revisions"}],"predecessor-version":[{"id":1210,"href":"http:\/\/ludzieikrajobrazy.muzeumleszno.pl\/index.php?rest_route=\/wp\/v2\/posts\/376\/revisions\/1210"}],"wp:featuredmedia":[{"embeddable":true,"href":"http:\/\/ludzieikrajobrazy.muzeumleszno.pl\/index.php?rest_route=\/wp\/v2\/media\/377"}],"wp:attachment":[{"href":"http:\/\/ludzieikrajobrazy.muzeumleszno.pl\/index.php?rest_route=%2Fwp%2Fv2%2Fmedia&parent=376"}],"wp:term":[{"taxonomy":"category","embeddable":true,"href":"http:\/\/ludzieikrajobrazy.muzeumleszno.pl\/index.php?rest_route=%2Fwp%2Fv2%2Fcategories&post=376"},{"taxonomy":"post_tag","embeddable":true,"href":"http:\/\/ludzieikrajobrazy.muzeumleszno.pl\/index.php?rest_route=%2Fwp%2Fv2%2Ftags&post=376"}],"curies":[{"name":"wp","href":"https:\/\/api.w.org\/{rel}","templated":true}]}}