{"id":388,"date":"2024-07-13T11:59:43","date_gmt":"2024-07-13T09:59:43","guid":{"rendered":"http:\/\/ludzieikrajobrazy.muzeumleszno.pl\/?p=388"},"modified":"2024-09-24T09:09:09","modified_gmt":"2024-09-24T07:09:09","slug":"krzycko-male-dwor-okolo-1933-roku","status":"publish","type":"post","link":"http:\/\/ludzieikrajobrazy.muzeumleszno.pl\/?p=388","title":{"rendered":"Krzycko Ma\u0142e. Dw\u00f3r, oko\u0142o 1933 roku"},"content":{"rendered":"\n<p><em>Sprawa Rakowicz przeciw Rakowiczowa ma w S\u0105dzie Najwy\u017cszym oznaczenie: III 2 C&nbsp; 527\/32,-&nbsp; Termin mia\u0142 si\u0119 odby\u0107 3. lub 5. Maja 1933,&nbsp; Strony na termin si\u0119 nie stawi\u0142y, nast\u0105pi\u0142o spoczywanie.- Spraw\u0119 ze strony Rakowiczowej zast\u0119powa\u0142 adwokat Dr. Lipi\u0144ski Warszawa, Filtrowa 59. m. 17. tel. 9 82 30.<\/em><\/p>\n\n\n\n<p>Neogotycki dw\u00f3r zbudowany przez dr. Engera stoi na miejscu starszej siedziby. Pierwotna, \u015bredniowieczna budowla usytuowana by\u0142 na wysepce po\u0142\u0105czonej z l\u0105dem mostem i przez kilka stuleci nale\u017ca\u0142a do kolejnych pokole\u0144 rodu Kotwicz\u00f3w-Krzyckich. Z tej rodziny pochodzi\u0142 Andrzej Krzycki (1482\u20131537), pisarz, poeta, sekretarz kr\u00f3lowej Bony (1494\u20131557) i kr\u00f3la Zygmunta I Starego (1467\u20131548), arcybiskup gnie\u017anie\u0144ski i prymas Polski.<\/p>\n\n\n\n<p>Budynek wzniesiony jest na planie kwadratu i posiada zr\u00f3\u017cnicowan\u0105, cho\u0107 nie pozbawion\u0105 regularno\u015bci bry\u0142\u0119. Od zachodu do korpusu przylega przybud\u00f3wka z tarasem o wielobocznym naro\u017cniku. Dla podkre\u015blenia zwi\u0105zk\u00f3w nowego dworu z przesz\u0142o\u015bci\u0105 w naro\u017cniku po\u0142udniowym wmurowano herb Kotwicz, odnaleziony przez hrabiego Micha\u0142a Ryszczewskiego (1840\u20131881) w Krzycku Wielkim.&nbsp;<\/p>\n\n\n\n<p>Jedn\u0105 z ozd\u00f3b maj\u0105tku by\u0142y dwie klacze czystej krwi arabskiej, sprowadzone przez Ryszczewskich ze S\u0142awuty, hodowli koni arabskich ksi\u0105\u017c\u0105t Sanguszk\u00f3w.&nbsp;<\/p>\n\n\n\n<figure class=\"wp-block-image size-large\"><img fetchpriority=\"high\" decoding=\"async\" width=\"1024\" height=\"1024\" src=\"http:\/\/ludzieikrajobrazy.muzeumleszno.pl\/wp-content\/uploads\/2024\/07\/57_MLH-4808-1024x1024.jpg\" alt=\"Krzycko Ma\u0142e. Dw\u00f3r, oko\u0142o 1933 roku\" class=\"wp-image-389\" srcset=\"http:\/\/ludzieikrajobrazy.muzeumleszno.pl\/wp-content\/uploads\/2024\/07\/57_MLH-4808-1024x1024.jpg 1024w, http:\/\/ludzieikrajobrazy.muzeumleszno.pl\/wp-content\/uploads\/2024\/07\/57_MLH-4808-300x300.jpg 300w, http:\/\/ludzieikrajobrazy.muzeumleszno.pl\/wp-content\/uploads\/2024\/07\/57_MLH-4808-150x150.jpg 150w, http:\/\/ludzieikrajobrazy.muzeumleszno.pl\/wp-content\/uploads\/2024\/07\/57_MLH-4808-768x768.jpg 768w, http:\/\/ludzieikrajobrazy.muzeumleszno.pl\/wp-content\/uploads\/2024\/07\/57_MLH-4808-88x88.jpg 88w\" sizes=\"(max-width: 1024px) 100vw, 1024px\" \/><figcaption class=\"wp-element-caption\">Krzycko Ma\u0142e. Dw\u00f3r, oko\u0142o 1933 roku. autor nieznany; Polska; 1933 r.; papier; druk; wys. 8,7, szer.13,8 cm; Muzeum Okr\u0119gowe w Lesznie; MLH4808<\/figcaption><\/figure>\n\n\n\n<p class=\"has-small-font-size\">nr inw. MLH 4808<br>W zbiorach Muzeum Okr\u0119gowego w Lesznie od 2012 roku, zakup<\/p>\n\n\n\n<p>D.Cz.<\/p>\n\n\n\n<figure class=\"wp-block-embed is-type-video is-provider-youtube wp-block-embed-youtube wp-embed-aspect-16-9 wp-has-aspect-ratio\"><div class=\"wp-block-embed__wrapper\">\n<iframe title=\"Krzycko Ma\u0142e  Dwo\u0301r, oko\u0142o 1933 roku\" width=\"620\" height=\"349\" src=\"https:\/\/www.youtube.com\/embed\/9CCmXiFGTEo?feature=oembed\" frameborder=\"0\" allow=\"accelerometer; autoplay; clipboard-write; encrypted-media; gyroscope; picture-in-picture; web-share\" referrerpolicy=\"strict-origin-when-cross-origin\" allowfullscreen><\/iframe>\n<\/div><\/figure>\n","protected":false},"excerpt":{"rendered":"<p>Sprawa Rakowicz przeciw Rakowiczowa ma w S\u0105dzie Najwy\u017cszym oznaczenie: III 2 C&nbsp; 527\/32,-&nbsp; Termin mia\u0142 si\u0119 odby\u0107 3. lub 5. Maja 1933,&nbsp; Strony na termin si\u0119 nie stawi\u0142y,&#8230;<\/p>\n","protected":false},"author":1,"featured_media":389,"comment_status":"closed","ping_status":"closed","sticky":false,"template":"","format":"standard","meta":{"cybocfi_hide_featured_image":"yes","footnotes":""},"categories":[57],"tags":[243,968,967,520,736,86,966,417,974,449,877,976,979,980,982,823,977,970,969,946,58,971,975,986,95,972,984,973,898,947,978,981,391],"class_list":["post-388","post","type-post","status-publish","format-standard","has-post-thumbnail","hentry","category-krzycko-male","tag-243","tag-andrzej-krzycki","tag-budowla","tag-dokumentacja","tag-drzewa","tag-dwor","tag-enger","tag-fotografia","tag-herb","tag-hodowla","tag-kamien","tag-klacz","tag-kon","tag-konie","tag-konie-arabskie","tag-kotwiczowie","tag-krew-arabska","tag-krol-zygmunt-i-stary","tag-krolowa-bona","tag-krzyccy","tag-krzycko-male","tag-kwadrat","tag-michal-ryszczewski","tag-mur","tag-neogotyk","tag-plan","tag-plot","tag-przybudowka","tag-rezydencja","tag-rod","tag-ryszczewscy","tag-sanguszkowie","tag-sredniowiecze"],"yoast_head":"<!-- This site is optimized with the Yoast SEO plugin v27.5 - https:\/\/yoast.com\/product\/yoast-seo-wordpress\/ -->\n<title>Krzycko Ma\u0142e. Dw\u00f3r, oko\u0142o 1933 roku - Ludzie i krajobrazy. Powiat Leszczy\u0144ski w ikonografii<\/title>\n<meta name=\"robots\" content=\"index, follow, max-snippet:-1, max-image-preview:large, max-video-preview:-1\" \/>\n<link rel=\"canonical\" href=\"http:\/\/ludzieikrajobrazy.muzeumleszno.pl\/?p=388\" \/>\n<meta property=\"og:locale\" content=\"pl_PL\" \/>\n<meta property=\"og:type\" content=\"article\" \/>\n<meta property=\"og:title\" content=\"Krzycko Ma\u0142e. Dw\u00f3r, oko\u0142o 1933 roku - Ludzie i krajobrazy. Powiat Leszczy\u0144ski w ikonografii\" \/>\n<meta property=\"og:description\" content=\"Sprawa Rakowicz przeciw Rakowiczowa ma w S\u0105dzie Najwy\u017cszym oznaczenie: III 2 C&nbsp; 527\/32,-&nbsp; Termin mia\u0142 si\u0119 odby\u0107 3. lub 5. Maja 1933,&nbsp; Strony na termin si\u0119 nie stawi\u0142y,...\" \/>\n<meta property=\"og:url\" content=\"http:\/\/ludzieikrajobrazy.muzeumleszno.pl\/?p=388\" \/>\n<meta property=\"og:site_name\" content=\"Ludzie i krajobrazy. Powiat Leszczy\u0144ski w ikonografii\" \/>\n<meta property=\"article:published_time\" content=\"2024-07-13T09:59:43+00:00\" \/>\n<meta property=\"article:modified_time\" content=\"2024-09-24T07:09:09+00:00\" \/>\n<meta property=\"og:image\" content=\"http:\/\/ludzieikrajobrazy.muzeumleszno.pl\/wp-content\/uploads\/2024\/07\/57_MLH-4808-scaled.jpg\" \/>\n\t<meta property=\"og:image:width\" content=\"2560\" \/>\n\t<meta property=\"og:image:height\" content=\"1638\" \/>\n\t<meta property=\"og:image:type\" content=\"image\/jpeg\" \/>\n<meta name=\"author\" content=\"Pan_Admin\" \/>\n<meta name=\"twitter:card\" content=\"summary_large_image\" \/>\n<meta name=\"twitter:label1\" content=\"Napisane przez\" \/>\n\t<meta name=\"twitter:data1\" content=\"Pan_Admin\" \/>\n\t<meta name=\"twitter:label2\" content=\"Szacowany czas czytania\" \/>\n\t<meta name=\"twitter:data2\" content=\"2 minuty\" \/>\n<script type=\"application\/ld+json\" class=\"yoast-schema-graph\">{\"@context\":\"https:\\\/\\\/schema.org\",\"@graph\":[{\"@type\":\"Article\",\"@id\":\"http:\\\/\\\/ludzieikrajobrazy.muzeumleszno.pl\\\/?p=388#article\",\"isPartOf\":{\"@id\":\"http:\\\/\\\/ludzieikrajobrazy.muzeumleszno.pl\\\/?p=388\"},\"author\":{\"name\":\"Pan_Admin\",\"@id\":\"https:\\\/\\\/ludzieikrajobrazy.muzeumleszno.pl\\\/#\\\/schema\\\/person\\\/fc2bc20e2b51efc3202ac1f0cdcd06c0\"},\"headline\":\"Krzycko Ma\u0142e. Dw\u00f3r, oko\u0142o 1933 roku\",\"datePublished\":\"2024-07-13T09:59:43+00:00\",\"dateModified\":\"2024-09-24T07:09:09+00:00\",\"mainEntityOfPage\":{\"@id\":\"http:\\\/\\\/ludzieikrajobrazy.muzeumleszno.pl\\\/?p=388\"},\"wordCount\":248,\"image\":{\"@id\":\"http:\\\/\\\/ludzieikrajobrazy.muzeumleszno.pl\\\/?p=388#primaryimage\"},\"thumbnailUrl\":\"http:\\\/\\\/ludzieikrajobrazy.muzeumleszno.pl\\\/wp-content\\\/uploads\\\/2024\\\/07\\\/57_MLH-4808-scaled.jpg\",\"keywords\":[\"1933\",\"Andrzej Krzycki\",\"budowla\",\"dokumentacja\",\"drzewa\",\"dw\u00f3r\",\"Enger\",\"fotografia\",\"herb\",\"hodowla\",\"kamie\u0144\",\"klacz\",\"ko\u0144\",\"konie\",\"konie arabskie\",\"Kotwiczowie\",\"krew arabska\",\"kr\u00f3l Zygmunt I Stary\",\"kr\u00f3lowa Bona\",\"Krzyccy\",\"Krzycko Ma\u0142e\",\"kwadrat\",\"Micha\u0142 Ryszczewski\",\"mur\",\"neogotyk\",\"plan\",\"p\u0142ot\",\"przybud\u00f3wka\",\"rezydencja\",\"r\u00f3d\",\"Ryszczewscy\",\"Sanguszkowie\",\"\u015bredniowiecze\"],\"articleSection\":[\"Krzycko Ma\u0142e\"],\"inLanguage\":\"pl-PL\"},{\"@type\":\"WebPage\",\"@id\":\"http:\\\/\\\/ludzieikrajobrazy.muzeumleszno.pl\\\/?p=388\",\"url\":\"http:\\\/\\\/ludzieikrajobrazy.muzeumleszno.pl\\\/?p=388\",\"name\":\"Krzycko Ma\u0142e. Dw\u00f3r, oko\u0142o 1933 roku - Ludzie i krajobrazy. Powiat Leszczy\u0144ski w ikonografii\",\"isPartOf\":{\"@id\":\"https:\\\/\\\/ludzieikrajobrazy.muzeumleszno.pl\\\/#website\"},\"primaryImageOfPage\":{\"@id\":\"http:\\\/\\\/ludzieikrajobrazy.muzeumleszno.pl\\\/?p=388#primaryimage\"},\"image\":{\"@id\":\"http:\\\/\\\/ludzieikrajobrazy.muzeumleszno.pl\\\/?p=388#primaryimage\"},\"thumbnailUrl\":\"http:\\\/\\\/ludzieikrajobrazy.muzeumleszno.pl\\\/wp-content\\\/uploads\\\/2024\\\/07\\\/57_MLH-4808-scaled.jpg\",\"datePublished\":\"2024-07-13T09:59:43+00:00\",\"dateModified\":\"2024-09-24T07:09:09+00:00\",\"author\":{\"@id\":\"https:\\\/\\\/ludzieikrajobrazy.muzeumleszno.pl\\\/#\\\/schema\\\/person\\\/fc2bc20e2b51efc3202ac1f0cdcd06c0\"},\"breadcrumb\":{\"@id\":\"http:\\\/\\\/ludzieikrajobrazy.muzeumleszno.pl\\\/?p=388#breadcrumb\"},\"inLanguage\":\"pl-PL\",\"potentialAction\":[{\"@type\":\"ReadAction\",\"target\":[\"http:\\\/\\\/ludzieikrajobrazy.muzeumleszno.pl\\\/?p=388\"]}]},{\"@type\":\"BreadcrumbList\",\"@id\":\"http:\\\/\\\/ludzieikrajobrazy.muzeumleszno.pl\\\/?p=388#breadcrumb\",\"itemListElement\":[{\"@type\":\"ListItem\",\"position\":1,\"name\":\"Home\",\"item\":\"https:\\\/\\\/ludzieikrajobrazy.muzeumleszno.pl\\\/\"},{\"@type\":\"ListItem\",\"position\":2,\"name\":\"Krzycko Ma\u0142e. Dw\u00f3r, oko\u0142o 1933 roku\"}]},{\"@type\":\"WebSite\",\"@id\":\"https:\\\/\\\/ludzieikrajobrazy.muzeumleszno.pl\\\/#website\",\"url\":\"https:\\\/\\\/ludzieikrajobrazy.muzeumleszno.pl\\\/\",\"name\":\"Ludzie i krajobrazy. Powiat Leszczy\u0144ski w ikonografii\",\"description\":\"Powiat Leszczy\u0144ski w ikonografii\",\"potentialAction\":[{\"@type\":\"SearchAction\",\"target\":{\"@type\":\"EntryPoint\",\"urlTemplate\":\"https:\\\/\\\/ludzieikrajobrazy.muzeumleszno.pl\\\/?s={search_term_string}\"},\"query-input\":{\"@type\":\"PropertyValueSpecification\",\"valueRequired\":true,\"valueName\":\"search_term_string\"}}],\"inLanguage\":\"pl-PL\"},{\"@type\":\"Person\",\"@id\":\"https:\\\/\\\/ludzieikrajobrazy.muzeumleszno.pl\\\/#\\\/schema\\\/person\\\/fc2bc20e2b51efc3202ac1f0cdcd06c0\",\"name\":\"Pan_Admin\",\"image\":{\"@type\":\"ImageObject\",\"inLanguage\":\"pl-PL\",\"@id\":\"https:\\\/\\\/secure.gravatar.com\\\/avatar\\\/d109d485abe889ecc32dbdb971b715ad9d4596bd0e2353626451db3e04099822?s=96&d=mm&r=g\",\"url\":\"https:\\\/\\\/secure.gravatar.com\\\/avatar\\\/d109d485abe889ecc32dbdb971b715ad9d4596bd0e2353626451db3e04099822?s=96&d=mm&r=g\",\"contentUrl\":\"https:\\\/\\\/secure.gravatar.com\\\/avatar\\\/d109d485abe889ecc32dbdb971b715ad9d4596bd0e2353626451db3e04099822?s=96&d=mm&r=g\",\"caption\":\"Pan_Admin\"},\"sameAs\":[\"http:\\\/\\\/ludzieikrajobrazy.muzeumleszno.pl\"],\"url\":\"http:\\\/\\\/ludzieikrajobrazy.muzeumleszno.pl\\\/?author=1\"}]}<\/script>\n<!-- \/ Yoast SEO plugin. -->","yoast_head_json":{"title":"Krzycko Ma\u0142e. Dw\u00f3r, oko\u0142o 1933 roku - Ludzie i krajobrazy. Powiat Leszczy\u0144ski w ikonografii","robots":{"index":"index","follow":"follow","max-snippet":"max-snippet:-1","max-image-preview":"max-image-preview:large","max-video-preview":"max-video-preview:-1"},"canonical":"http:\/\/ludzieikrajobrazy.muzeumleszno.pl\/?p=388","og_locale":"pl_PL","og_type":"article","og_title":"Krzycko Ma\u0142e. Dw\u00f3r, oko\u0142o 1933 roku - Ludzie i krajobrazy. Powiat Leszczy\u0144ski w ikonografii","og_description":"Sprawa Rakowicz przeciw Rakowiczowa ma w S\u0105dzie Najwy\u017cszym oznaczenie: III 2 C&nbsp; 527\/32,-&nbsp; Termin mia\u0142 si\u0119 odby\u0107 3. lub 5. Maja 1933,&nbsp; Strony na termin si\u0119 nie stawi\u0142y,...","og_url":"http:\/\/ludzieikrajobrazy.muzeumleszno.pl\/?p=388","og_site_name":"Ludzie i krajobrazy. Powiat Leszczy\u0144ski w ikonografii","article_published_time":"2024-07-13T09:59:43+00:00","article_modified_time":"2024-09-24T07:09:09+00:00","og_image":[{"width":2560,"height":1638,"url":"http:\/\/ludzieikrajobrazy.muzeumleszno.pl\/wp-content\/uploads\/2024\/07\/57_MLH-4808-scaled.jpg","type":"image\/jpeg"}],"author":"Pan_Admin","twitter_card":"summary_large_image","twitter_misc":{"Napisane przez":"Pan_Admin","Szacowany czas czytania":"2 minuty"},"schema":{"@context":"https:\/\/schema.org","@graph":[{"@type":"Article","@id":"http:\/\/ludzieikrajobrazy.muzeumleszno.pl\/?p=388#article","isPartOf":{"@id":"http:\/\/ludzieikrajobrazy.muzeumleszno.pl\/?p=388"},"author":{"name":"Pan_Admin","@id":"https:\/\/ludzieikrajobrazy.muzeumleszno.pl\/#\/schema\/person\/fc2bc20e2b51efc3202ac1f0cdcd06c0"},"headline":"Krzycko Ma\u0142e. Dw\u00f3r, oko\u0142o 1933 roku","datePublished":"2024-07-13T09:59:43+00:00","dateModified":"2024-09-24T07:09:09+00:00","mainEntityOfPage":{"@id":"http:\/\/ludzieikrajobrazy.muzeumleszno.pl\/?p=388"},"wordCount":248,"image":{"@id":"http:\/\/ludzieikrajobrazy.muzeumleszno.pl\/?p=388#primaryimage"},"thumbnailUrl":"http:\/\/ludzieikrajobrazy.muzeumleszno.pl\/wp-content\/uploads\/2024\/07\/57_MLH-4808-scaled.jpg","keywords":["1933","Andrzej Krzycki","budowla","dokumentacja","drzewa","dw\u00f3r","Enger","fotografia","herb","hodowla","kamie\u0144","klacz","ko\u0144","konie","konie arabskie","Kotwiczowie","krew arabska","kr\u00f3l Zygmunt I Stary","kr\u00f3lowa Bona","Krzyccy","Krzycko Ma\u0142e","kwadrat","Micha\u0142 Ryszczewski","mur","neogotyk","plan","p\u0142ot","przybud\u00f3wka","rezydencja","r\u00f3d","Ryszczewscy","Sanguszkowie","\u015bredniowiecze"],"articleSection":["Krzycko Ma\u0142e"],"inLanguage":"pl-PL"},{"@type":"WebPage","@id":"http:\/\/ludzieikrajobrazy.muzeumleszno.pl\/?p=388","url":"http:\/\/ludzieikrajobrazy.muzeumleszno.pl\/?p=388","name":"Krzycko Ma\u0142e. Dw\u00f3r, oko\u0142o 1933 roku - Ludzie i krajobrazy. Powiat Leszczy\u0144ski w ikonografii","isPartOf":{"@id":"https:\/\/ludzieikrajobrazy.muzeumleszno.pl\/#website"},"primaryImageOfPage":{"@id":"http:\/\/ludzieikrajobrazy.muzeumleszno.pl\/?p=388#primaryimage"},"image":{"@id":"http:\/\/ludzieikrajobrazy.muzeumleszno.pl\/?p=388#primaryimage"},"thumbnailUrl":"http:\/\/ludzieikrajobrazy.muzeumleszno.pl\/wp-content\/uploads\/2024\/07\/57_MLH-4808-scaled.jpg","datePublished":"2024-07-13T09:59:43+00:00","dateModified":"2024-09-24T07:09:09+00:00","author":{"@id":"https:\/\/ludzieikrajobrazy.muzeumleszno.pl\/#\/schema\/person\/fc2bc20e2b51efc3202ac1f0cdcd06c0"},"breadcrumb":{"@id":"http:\/\/ludzieikrajobrazy.muzeumleszno.pl\/?p=388#breadcrumb"},"inLanguage":"pl-PL","potentialAction":[{"@type":"ReadAction","target":["http:\/\/ludzieikrajobrazy.muzeumleszno.pl\/?p=388"]}]},{"@type":"BreadcrumbList","@id":"http:\/\/ludzieikrajobrazy.muzeumleszno.pl\/?p=388#breadcrumb","itemListElement":[{"@type":"ListItem","position":1,"name":"Home","item":"https:\/\/ludzieikrajobrazy.muzeumleszno.pl\/"},{"@type":"ListItem","position":2,"name":"Krzycko Ma\u0142e. Dw\u00f3r, oko\u0142o 1933 roku"}]},{"@type":"WebSite","@id":"https:\/\/ludzieikrajobrazy.muzeumleszno.pl\/#website","url":"https:\/\/ludzieikrajobrazy.muzeumleszno.pl\/","name":"Ludzie i krajobrazy. Powiat Leszczy\u0144ski w ikonografii","description":"Powiat Leszczy\u0144ski w ikonografii","potentialAction":[{"@type":"SearchAction","target":{"@type":"EntryPoint","urlTemplate":"https:\/\/ludzieikrajobrazy.muzeumleszno.pl\/?s={search_term_string}"},"query-input":{"@type":"PropertyValueSpecification","valueRequired":true,"valueName":"search_term_string"}}],"inLanguage":"pl-PL"},{"@type":"Person","@id":"https:\/\/ludzieikrajobrazy.muzeumleszno.pl\/#\/schema\/person\/fc2bc20e2b51efc3202ac1f0cdcd06c0","name":"Pan_Admin","image":{"@type":"ImageObject","inLanguage":"pl-PL","@id":"https:\/\/secure.gravatar.com\/avatar\/d109d485abe889ecc32dbdb971b715ad9d4596bd0e2353626451db3e04099822?s=96&d=mm&r=g","url":"https:\/\/secure.gravatar.com\/avatar\/d109d485abe889ecc32dbdb971b715ad9d4596bd0e2353626451db3e04099822?s=96&d=mm&r=g","contentUrl":"https:\/\/secure.gravatar.com\/avatar\/d109d485abe889ecc32dbdb971b715ad9d4596bd0e2353626451db3e04099822?s=96&d=mm&r=g","caption":"Pan_Admin"},"sameAs":["http:\/\/ludzieikrajobrazy.muzeumleszno.pl"],"url":"http:\/\/ludzieikrajobrazy.muzeumleszno.pl\/?author=1"}]}},"_links":{"self":[{"href":"http:\/\/ludzieikrajobrazy.muzeumleszno.pl\/index.php?rest_route=\/wp\/v2\/posts\/388","targetHints":{"allow":["GET"]}}],"collection":[{"href":"http:\/\/ludzieikrajobrazy.muzeumleszno.pl\/index.php?rest_route=\/wp\/v2\/posts"}],"about":[{"href":"http:\/\/ludzieikrajobrazy.muzeumleszno.pl\/index.php?rest_route=\/wp\/v2\/types\/post"}],"author":[{"embeddable":true,"href":"http:\/\/ludzieikrajobrazy.muzeumleszno.pl\/index.php?rest_route=\/wp\/v2\/users\/1"}],"replies":[{"embeddable":true,"href":"http:\/\/ludzieikrajobrazy.muzeumleszno.pl\/index.php?rest_route=%2Fwp%2Fv2%2Fcomments&post=388"}],"version-history":[{"count":2,"href":"http:\/\/ludzieikrajobrazy.muzeumleszno.pl\/index.php?rest_route=\/wp\/v2\/posts\/388\/revisions"}],"predecessor-version":[{"id":1215,"href":"http:\/\/ludzieikrajobrazy.muzeumleszno.pl\/index.php?rest_route=\/wp\/v2\/posts\/388\/revisions\/1215"}],"wp:featuredmedia":[{"embeddable":true,"href":"http:\/\/ludzieikrajobrazy.muzeumleszno.pl\/index.php?rest_route=\/wp\/v2\/media\/389"}],"wp:attachment":[{"href":"http:\/\/ludzieikrajobrazy.muzeumleszno.pl\/index.php?rest_route=%2Fwp%2Fv2%2Fmedia&parent=388"}],"wp:term":[{"taxonomy":"category","embeddable":true,"href":"http:\/\/ludzieikrajobrazy.muzeumleszno.pl\/index.php?rest_route=%2Fwp%2Fv2%2Fcategories&post=388"},{"taxonomy":"post_tag","embeddable":true,"href":"http:\/\/ludzieikrajobrazy.muzeumleszno.pl\/index.php?rest_route=%2Fwp%2Fv2%2Ftags&post=388"}],"curies":[{"name":"wp","href":"https:\/\/api.w.org\/{rel}","templated":true}]}}