{"id":391,"date":"2024-07-12T12:00:44","date_gmt":"2024-07-12T10:00:44","guid":{"rendered":"http:\/\/ludzieikrajobrazy.muzeumleszno.pl\/?p=391"},"modified":"2024-09-24T09:13:02","modified_gmt":"2024-09-24T07:13:02","slug":"krzycko-wielkie-pocztowka-dwuwidokowa-okolo-1911-roku-leszno-fotographische-aufnahme-und-verlag-von-samus-breslauer","status":"publish","type":"post","link":"http:\/\/ludzieikrajobrazy.muzeumleszno.pl\/?p=391","title":{"rendered":"Krzycko Wielkie. Poczt\u00f3wka dwuwidokowa, oko\u0142o 1911 roku, Leszno, Fotographische Aufnahme und Verlag von Samus Breslauer"},"content":{"rendered":"\n<p>Poczt\u00f3wka adresowana do pani Funke z G\u0142ogowa (niem. Glogau). Nadana przez Gertrud H\u00e4usler.<\/p>\n\n\n\n<p>Miejscowo\u015b\u0107 nale\u017c\u0105ca w przesz\u0142o\u015bci do rycerskiego rodu Kotwicz\u00f3w, po\u0142o\u017cona jest nad Jeziorem Krzyckim. Maksymalna g\u0142\u0119boko\u015b\u0107 tego akwenu wynosi blisko 10 m, a d\u0142ugo\u015b\u0107 2830 m. Na g\u00f3rnym uj\u0119ciu wida\u0107 drog\u0119 prowadz\u0105c\u0105 do k\u0105pieliska i restauracji Oskara Griegera. W s\u0105siedztwie widocznego w oddali budynku znajdowa\u0142a si\u0119 niewielka pla\u017ca. Po obu stronach drogi wkopane s\u0105 kamienne s\u0142upki pomalowane na jasny kolor, sugeruj\u0105ce dojazd do linii kolejowej. Wakacyjn\u0105 atmosfer\u0119 podkre\u015blaj\u0105 snopki zbo\u017ca ustawione na polu w sztygi (kopki).&nbsp;<\/p>\n\n\n\n<p>U do\u0142u fragment linii brzegowej Jeziora Krzyckiego z pomostami dla w\u0119dkarzy. Nabrze\u017ce g\u0119sto porastaj\u0105 trzciny, a&nbsp; wzd\u0142u\u017c brzegu rosn\u0105 k\u0119py drzew. R\u00f3wnie\u017c dzisiaj ta cz\u0119\u015b\u0107 jeziora jest rajem dla mi\u0142o\u015bnik\u00f3w w\u0119dkowania. Cisza, spok\u00f3j i relaksuj\u0105cy kontakt z przyrod\u0105 zach\u0119caj\u0105 do cz\u0119stych odwiedzin.&nbsp; &nbsp;<\/p>\n\n\n\n<figure data-wp-context=\"{&quot;imageId&quot;:&quot;69f4637eac200&quot;}\" data-wp-interactive=\"core\/image\" data-wp-key=\"69f4637eac200\" class=\"wp-block-image size-full wp-lightbox-container\"><img fetchpriority=\"high\" decoding=\"async\" width=\"2560\" height=\"1648\" data-wp-class--hide=\"state.isContentHidden\" data-wp-class--show=\"state.isContentVisible\" data-wp-init=\"callbacks.setButtonStyles\" data-wp-on--click=\"actions.showLightbox\" data-wp-on--load=\"callbacks.setButtonStyles\" data-wp-on-window--resize=\"callbacks.setButtonStyles\" src=\"http:\/\/ludzieikrajobrazy.muzeumleszno.pl\/wp-content\/uploads\/2024\/07\/58_MLPH-352-scaled.jpg\" alt=\"Krzycko Wielkie. Poczt\u00f3wka dwuwidokowa, oko\u0142o 1911 roku, Leszno, Fotographische Aufnahme und Verlag von Samus Breslauer\" class=\"wp-image-392\" srcset=\"http:\/\/ludzieikrajobrazy.muzeumleszno.pl\/wp-content\/uploads\/2024\/07\/58_MLPH-352-scaled.jpg 2560w, http:\/\/ludzieikrajobrazy.muzeumleszno.pl\/wp-content\/uploads\/2024\/07\/58_MLPH-352-1536x989.jpg 1536w, http:\/\/ludzieikrajobrazy.muzeumleszno.pl\/wp-content\/uploads\/2024\/07\/58_MLPH-352-2048x1318.jpg 2048w, http:\/\/ludzieikrajobrazy.muzeumleszno.pl\/wp-content\/uploads\/2024\/07\/58_MLPH-352-200x129.jpg 200w, http:\/\/ludzieikrajobrazy.muzeumleszno.pl\/wp-content\/uploads\/2024\/07\/58_MLPH-352-973x626.jpg 973w, http:\/\/ludzieikrajobrazy.muzeumleszno.pl\/wp-content\/uploads\/2024\/07\/58_MLPH-352-508x327.jpg 508w\" sizes=\"(max-width: 2560px) 100vw, 2560px\" \/><button\n\t\t\tclass=\"lightbox-trigger\"\n\t\t\ttype=\"button\"\n\t\t\taria-haspopup=\"dialog\"\n\t\t\taria-label=\"Powi\u0119ksz\"\n\t\t\tdata-wp-init=\"callbacks.initTriggerButton\"\n\t\t\tdata-wp-on--click=\"actions.showLightbox\"\n\t\t\tdata-wp-style--right=\"state.imageButtonRight\"\n\t\t\tdata-wp-style--top=\"state.imageButtonTop\"\n\t\t>\n\t\t\t<svg xmlns=\"http:\/\/www.w3.org\/2000\/svg\" width=\"12\" height=\"12\" fill=\"none\" viewBox=\"0 0 12 12\">\n\t\t\t\t<path fill=\"#fff\" d=\"M2 0a2 2 0 0 0-2 2v2h1.5V2a.5.5 0 0 1 .5-.5h2V0H2Zm2 10.5H2a.5.5 0 0 1-.5-.5V8H0v2a2 2 0 0 0 2 2h2v-1.5ZM8 12v-1.5h2a.5.5 0 0 0 .5-.5V8H12v2a2 2 0 0 1-2 2H8Zm2-12a2 2 0 0 1 2 2v2h-1.5V2a.5.5 0 0 0-.5-.5H8V0h2Z\" \/>\n\t\t\t<\/svg>\n\t\t<\/button><figcaption class=\"wp-element-caption\">Krzycko Wielkie. Poczt\u00f3wka dwuwidokowa, oko\u0142o 1911 roku, Leszno, Fotographische Aufnahme und Verlag von Samus Breslauer. wys. 8,8 x szer. 13,8 cm; papier, druk; Samus Breslauer, oko\u0142o 1911 roku; Muzeum Okr\u0119gowe  w Lesznie; MLPH352<\/figcaption><\/figure>\n\n\n\n<p class=\"has-small-font-size\">nr inw. MLPH 352<br>W zbiorach Muzeum Okr\u0119gowego w Lesznie od 2003 roku, dar<\/p>\n\n\n\n<p>D.Cz.<\/p>\n\n\n\n<figure class=\"wp-block-embed is-type-video is-provider-youtube wp-block-embed-youtube wp-embed-aspect-16-9 wp-has-aspect-ratio\"><div class=\"wp-block-embed__wrapper\">\n<iframe title=\"Krzycko Wielkie  Poczto\u0301wka dwuwidokowa, oko\u0142o 1911 roku, Leszno,\" width=\"620\" height=\"349\" src=\"https:\/\/www.youtube.com\/embed\/ioTldpqPPoI?feature=oembed\" frameborder=\"0\" allow=\"accelerometer; autoplay; clipboard-write; encrypted-media; gyroscope; picture-in-picture; web-share\" referrerpolicy=\"strict-origin-when-cross-origin\" allowfullscreen><\/iframe>\n<\/div><\/figure>\n","protected":false},"excerpt":{"rendered":"<p>Poczt\u00f3wka adresowana do pani Funke z G\u0142ogowa (niem. Glogau). Nadana przez Gertrud H\u00e4usler. Miejscowo\u015b\u0107 nale\u017c\u0105ca w przesz\u0142o\u015bci do rycerskiego rodu Kotwicz\u00f3w, po\u0142o\u017cona jest nad Jeziorem Krzyckim. Maksymalna g\u0142\u0119boko\u015b\u0107&#8230;<\/p>\n","protected":false},"author":1,"featured_media":392,"comment_status":"closed","ping_status":"closed","sticky":false,"template":"","format":"standard","meta":{"cybocfi_hide_featured_image":"yes","footnotes":""},"categories":[59],"tags":[950,219,965,520,598,736,417,951,953,813,954,957,823,407,60,357,377,955,952,960,77,714,961,964,947,956,958,959,962,963],"class_list":["post-391","post","type-post","status-publish","format-standard","has-post-thumbnail","hentry","category-krzycko-wielkie","tag-950","tag-akwen","tag-dojazd","tag-dokumentacja","tag-droga","tag-drzewa","tag-fotografia","tag-fotographische-aufnahme-und-verlag-von-samus-breslauer","tag-gertrud-hausler","tag-glogow","tag-jezioro-krzyckie","tag-kamienne-slupki","tag-kotwiczowie","tag-krajobraz","tag-krzycko-wielkie","tag-leszno","tag-linia-kolejowa","tag-oskar-grieger","tag-pani-funke","tag-plaza","tag-pocztowka","tag-pole","tag-pomost","tag-restauracja","tag-rod","tag-slupek","tag-snopki-zboza","tag-sztygi-kopki","tag-trzcina","tag-wedkarstwo"],"yoast_head":"<!-- This site is optimized with the Yoast SEO plugin v27.5 - https:\/\/yoast.com\/product\/yoast-seo-wordpress\/ -->\n<title>Krzycko Wielkie. Poczt\u00f3wka dwuwidokowa, oko\u0142o 1911 roku, Leszno, Fotographische Aufnahme und Verlag von Samus Breslauer - Ludzie i krajobrazy. Powiat Leszczy\u0144ski w ikonografii<\/title>\n<meta name=\"robots\" content=\"index, follow, max-snippet:-1, max-image-preview:large, max-video-preview:-1\" \/>\n<link rel=\"canonical\" href=\"http:\/\/ludzieikrajobrazy.muzeumleszno.pl\/?p=391\" \/>\n<meta property=\"og:locale\" content=\"pl_PL\" \/>\n<meta property=\"og:type\" content=\"article\" \/>\n<meta property=\"og:title\" content=\"Krzycko Wielkie. Poczt\u00f3wka dwuwidokowa, oko\u0142o 1911 roku, Leszno, Fotographische Aufnahme und Verlag von Samus Breslauer - Ludzie i krajobrazy. Powiat Leszczy\u0144ski w ikonografii\" \/>\n<meta property=\"og:description\" content=\"Poczt\u00f3wka adresowana do pani Funke z G\u0142ogowa (niem. Glogau). Nadana przez Gertrud H\u00e4usler. Miejscowo\u015b\u0107 nale\u017c\u0105ca w przesz\u0142o\u015bci do rycerskiego rodu Kotwicz\u00f3w, po\u0142o\u017cona jest nad Jeziorem Krzyckim. Maksymalna g\u0142\u0119boko\u015b\u0107...\" \/>\n<meta property=\"og:url\" content=\"http:\/\/ludzieikrajobrazy.muzeumleszno.pl\/?p=391\" \/>\n<meta property=\"og:site_name\" content=\"Ludzie i krajobrazy. Powiat Leszczy\u0144ski w ikonografii\" \/>\n<meta property=\"article:published_time\" content=\"2024-07-12T10:00:44+00:00\" \/>\n<meta property=\"article:modified_time\" content=\"2024-09-24T07:13:02+00:00\" \/>\n<meta property=\"og:image\" content=\"http:\/\/ludzieikrajobrazy.muzeumleszno.pl\/wp-content\/uploads\/2024\/07\/58_MLPH-352-scaled.jpg\" \/>\n\t<meta property=\"og:image:width\" content=\"2560\" \/>\n\t<meta property=\"og:image:height\" content=\"1648\" \/>\n\t<meta property=\"og:image:type\" content=\"image\/jpeg\" \/>\n<meta name=\"author\" content=\"Pan_Admin\" \/>\n<meta name=\"twitter:card\" content=\"summary_large_image\" \/>\n<meta name=\"twitter:label1\" content=\"Napisane przez\" \/>\n\t<meta name=\"twitter:data1\" content=\"Pan_Admin\" \/>\n\t<meta name=\"twitter:label2\" content=\"Szacowany czas czytania\" \/>\n\t<meta name=\"twitter:data2\" content=\"2 minuty\" \/>\n<script type=\"application\/ld+json\" class=\"yoast-schema-graph\">{\"@context\":\"https:\\\/\\\/schema.org\",\"@graph\":[{\"@type\":\"Article\",\"@id\":\"http:\\\/\\\/ludzieikrajobrazy.muzeumleszno.pl\\\/?p=391#article\",\"isPartOf\":{\"@id\":\"http:\\\/\\\/ludzieikrajobrazy.muzeumleszno.pl\\\/?p=391\"},\"author\":{\"name\":\"Pan_Admin\",\"@id\":\"http:\\\/\\\/ludzieikrajobrazy.muzeumleszno.pl\\\/#\\\/schema\\\/person\\\/fc2bc20e2b51efc3202ac1f0cdcd06c0\"},\"headline\":\"Krzycko Wielkie. Poczt\u00f3wka dwuwidokowa, oko\u0142o 1911 roku, Leszno, Fotographische Aufnahme und Verlag von Samus Breslauer\",\"datePublished\":\"2024-07-12T10:00:44+00:00\",\"dateModified\":\"2024-09-24T07:13:02+00:00\",\"mainEntityOfPage\":{\"@id\":\"http:\\\/\\\/ludzieikrajobrazy.muzeumleszno.pl\\\/?p=391\"},\"wordCount\":237,\"image\":{\"@id\":\"http:\\\/\\\/ludzieikrajobrazy.muzeumleszno.pl\\\/?p=391#primaryimage\"},\"thumbnailUrl\":\"http:\\\/\\\/ludzieikrajobrazy.muzeumleszno.pl\\\/wp-content\\\/uploads\\\/2024\\\/07\\\/58_MLPH-352-scaled.jpg\",\"keywords\":[\"1911\",\"akwen\",\"dojazd\",\"dokumentacja\",\"droga\",\"drzewa\",\"fotografia\",\"Fotographische Aufnahme und Verlag von Samus Breslauer\",\"Gertrud H\u00e4usler\",\"G\u0142og\u00f3w\",\"Jezioro Krzyckie\",\"kamienne s\u0142upki\",\"Kotwiczowie\",\"krajobraz\",\"Krzycko Wielkie\",\"Leszno\",\"linia kolejowa\",\"Oskar Grieger\",\"pani Funke\",\"pla\u017ca\",\"poczt\u00f3wka\",\"pole\",\"pomost\",\"restauracja\",\"r\u00f3d\",\"s\u0142upek\",\"snopki zbo\u017ca\",\"sztygi (kopki)\",\"trzcina\",\"w\u0119dkarstwo\"],\"articleSection\":[\"Krzycko Wielkie\"],\"inLanguage\":\"pl-PL\"},{\"@type\":\"WebPage\",\"@id\":\"http:\\\/\\\/ludzieikrajobrazy.muzeumleszno.pl\\\/?p=391\",\"url\":\"http:\\\/\\\/ludzieikrajobrazy.muzeumleszno.pl\\\/?p=391\",\"name\":\"Krzycko Wielkie. Poczt\u00f3wka dwuwidokowa, oko\u0142o 1911 roku, Leszno, Fotographische Aufnahme und Verlag von Samus Breslauer - Ludzie i krajobrazy. Powiat Leszczy\u0144ski w ikonografii\",\"isPartOf\":{\"@id\":\"http:\\\/\\\/ludzieikrajobrazy.muzeumleszno.pl\\\/#website\"},\"primaryImageOfPage\":{\"@id\":\"http:\\\/\\\/ludzieikrajobrazy.muzeumleszno.pl\\\/?p=391#primaryimage\"},\"image\":{\"@id\":\"http:\\\/\\\/ludzieikrajobrazy.muzeumleszno.pl\\\/?p=391#primaryimage\"},\"thumbnailUrl\":\"http:\\\/\\\/ludzieikrajobrazy.muzeumleszno.pl\\\/wp-content\\\/uploads\\\/2024\\\/07\\\/58_MLPH-352-scaled.jpg\",\"datePublished\":\"2024-07-12T10:00:44+00:00\",\"dateModified\":\"2024-09-24T07:13:02+00:00\",\"author\":{\"@id\":\"http:\\\/\\\/ludzieikrajobrazy.muzeumleszno.pl\\\/#\\\/schema\\\/person\\\/fc2bc20e2b51efc3202ac1f0cdcd06c0\"},\"breadcrumb\":{\"@id\":\"http:\\\/\\\/ludzieikrajobrazy.muzeumleszno.pl\\\/?p=391#breadcrumb\"},\"inLanguage\":\"pl-PL\",\"potentialAction\":[{\"@type\":\"ReadAction\",\"target\":[\"http:\\\/\\\/ludzieikrajobrazy.muzeumleszno.pl\\\/?p=391\"]}]},{\"@type\":\"BreadcrumbList\",\"@id\":\"http:\\\/\\\/ludzieikrajobrazy.muzeumleszno.pl\\\/?p=391#breadcrumb\",\"itemListElement\":[{\"@type\":\"ListItem\",\"position\":1,\"name\":\"Home\",\"item\":\"http:\\\/\\\/ludzieikrajobrazy.muzeumleszno.pl\\\/\"},{\"@type\":\"ListItem\",\"position\":2,\"name\":\"Krzycko Wielkie. Poczt\u00f3wka dwuwidokowa, oko\u0142o 1911 roku, Leszno, Fotographische Aufnahme und Verlag von Samus Breslauer\"}]},{\"@type\":\"WebSite\",\"@id\":\"http:\\\/\\\/ludzieikrajobrazy.muzeumleszno.pl\\\/#website\",\"url\":\"http:\\\/\\\/ludzieikrajobrazy.muzeumleszno.pl\\\/\",\"name\":\"Ludzie i krajobrazy. Powiat Leszczy\u0144ski w ikonografii\",\"description\":\"Powiat Leszczy\u0144ski w ikonografii\",\"potentialAction\":[{\"@type\":\"SearchAction\",\"target\":{\"@type\":\"EntryPoint\",\"urlTemplate\":\"http:\\\/\\\/ludzieikrajobrazy.muzeumleszno.pl\\\/?s={search_term_string}\"},\"query-input\":{\"@type\":\"PropertyValueSpecification\",\"valueRequired\":true,\"valueName\":\"search_term_string\"}}],\"inLanguage\":\"pl-PL\"},{\"@type\":\"Person\",\"@id\":\"http:\\\/\\\/ludzieikrajobrazy.muzeumleszno.pl\\\/#\\\/schema\\\/person\\\/fc2bc20e2b51efc3202ac1f0cdcd06c0\",\"name\":\"Pan_Admin\",\"image\":{\"@type\":\"ImageObject\",\"inLanguage\":\"pl-PL\",\"@id\":\"https:\\\/\\\/secure.gravatar.com\\\/avatar\\\/d109d485abe889ecc32dbdb971b715ad9d4596bd0e2353626451db3e04099822?s=96&d=mm&r=g\",\"url\":\"https:\\\/\\\/secure.gravatar.com\\\/avatar\\\/d109d485abe889ecc32dbdb971b715ad9d4596bd0e2353626451db3e04099822?s=96&d=mm&r=g\",\"contentUrl\":\"https:\\\/\\\/secure.gravatar.com\\\/avatar\\\/d109d485abe889ecc32dbdb971b715ad9d4596bd0e2353626451db3e04099822?s=96&d=mm&r=g\",\"caption\":\"Pan_Admin\"},\"sameAs\":[\"http:\\\/\\\/ludzieikrajobrazy.muzeumleszno.pl\"],\"url\":\"http:\\\/\\\/ludzieikrajobrazy.muzeumleszno.pl\\\/?author=1\"}]}<\/script>\n<!-- \/ Yoast SEO plugin. -->","yoast_head_json":{"title":"Krzycko Wielkie. Poczt\u00f3wka dwuwidokowa, oko\u0142o 1911 roku, Leszno, Fotographische Aufnahme und Verlag von Samus Breslauer - Ludzie i krajobrazy. Powiat Leszczy\u0144ski w ikonografii","robots":{"index":"index","follow":"follow","max-snippet":"max-snippet:-1","max-image-preview":"max-image-preview:large","max-video-preview":"max-video-preview:-1"},"canonical":"http:\/\/ludzieikrajobrazy.muzeumleszno.pl\/?p=391","og_locale":"pl_PL","og_type":"article","og_title":"Krzycko Wielkie. Poczt\u00f3wka dwuwidokowa, oko\u0142o 1911 roku, Leszno, Fotographische Aufnahme und Verlag von Samus Breslauer - Ludzie i krajobrazy. Powiat Leszczy\u0144ski w ikonografii","og_description":"Poczt\u00f3wka adresowana do pani Funke z G\u0142ogowa (niem. Glogau). Nadana przez Gertrud H\u00e4usler. Miejscowo\u015b\u0107 nale\u017c\u0105ca w przesz\u0142o\u015bci do rycerskiego rodu Kotwicz\u00f3w, po\u0142o\u017cona jest nad Jeziorem Krzyckim. Maksymalna g\u0142\u0119boko\u015b\u0107...","og_url":"http:\/\/ludzieikrajobrazy.muzeumleszno.pl\/?p=391","og_site_name":"Ludzie i krajobrazy. Powiat Leszczy\u0144ski w ikonografii","article_published_time":"2024-07-12T10:00:44+00:00","article_modified_time":"2024-09-24T07:13:02+00:00","og_image":[{"width":2560,"height":1648,"url":"http:\/\/ludzieikrajobrazy.muzeumleszno.pl\/wp-content\/uploads\/2024\/07\/58_MLPH-352-scaled.jpg","type":"image\/jpeg"}],"author":"Pan_Admin","twitter_card":"summary_large_image","twitter_misc":{"Napisane przez":"Pan_Admin","Szacowany czas czytania":"2 minuty"},"schema":{"@context":"https:\/\/schema.org","@graph":[{"@type":"Article","@id":"http:\/\/ludzieikrajobrazy.muzeumleszno.pl\/?p=391#article","isPartOf":{"@id":"http:\/\/ludzieikrajobrazy.muzeumleszno.pl\/?p=391"},"author":{"name":"Pan_Admin","@id":"http:\/\/ludzieikrajobrazy.muzeumleszno.pl\/#\/schema\/person\/fc2bc20e2b51efc3202ac1f0cdcd06c0"},"headline":"Krzycko Wielkie. Poczt\u00f3wka dwuwidokowa, oko\u0142o 1911 roku, Leszno, Fotographische Aufnahme und Verlag von Samus Breslauer","datePublished":"2024-07-12T10:00:44+00:00","dateModified":"2024-09-24T07:13:02+00:00","mainEntityOfPage":{"@id":"http:\/\/ludzieikrajobrazy.muzeumleszno.pl\/?p=391"},"wordCount":237,"image":{"@id":"http:\/\/ludzieikrajobrazy.muzeumleszno.pl\/?p=391#primaryimage"},"thumbnailUrl":"http:\/\/ludzieikrajobrazy.muzeumleszno.pl\/wp-content\/uploads\/2024\/07\/58_MLPH-352-scaled.jpg","keywords":["1911","akwen","dojazd","dokumentacja","droga","drzewa","fotografia","Fotographische Aufnahme und Verlag von Samus Breslauer","Gertrud H\u00e4usler","G\u0142og\u00f3w","Jezioro Krzyckie","kamienne s\u0142upki","Kotwiczowie","krajobraz","Krzycko Wielkie","Leszno","linia kolejowa","Oskar Grieger","pani Funke","pla\u017ca","poczt\u00f3wka","pole","pomost","restauracja","r\u00f3d","s\u0142upek","snopki zbo\u017ca","sztygi (kopki)","trzcina","w\u0119dkarstwo"],"articleSection":["Krzycko Wielkie"],"inLanguage":"pl-PL"},{"@type":"WebPage","@id":"http:\/\/ludzieikrajobrazy.muzeumleszno.pl\/?p=391","url":"http:\/\/ludzieikrajobrazy.muzeumleszno.pl\/?p=391","name":"Krzycko Wielkie. Poczt\u00f3wka dwuwidokowa, oko\u0142o 1911 roku, Leszno, Fotographische Aufnahme und Verlag von Samus Breslauer - Ludzie i krajobrazy. Powiat Leszczy\u0144ski w ikonografii","isPartOf":{"@id":"http:\/\/ludzieikrajobrazy.muzeumleszno.pl\/#website"},"primaryImageOfPage":{"@id":"http:\/\/ludzieikrajobrazy.muzeumleszno.pl\/?p=391#primaryimage"},"image":{"@id":"http:\/\/ludzieikrajobrazy.muzeumleszno.pl\/?p=391#primaryimage"},"thumbnailUrl":"http:\/\/ludzieikrajobrazy.muzeumleszno.pl\/wp-content\/uploads\/2024\/07\/58_MLPH-352-scaled.jpg","datePublished":"2024-07-12T10:00:44+00:00","dateModified":"2024-09-24T07:13:02+00:00","author":{"@id":"http:\/\/ludzieikrajobrazy.muzeumleszno.pl\/#\/schema\/person\/fc2bc20e2b51efc3202ac1f0cdcd06c0"},"breadcrumb":{"@id":"http:\/\/ludzieikrajobrazy.muzeumleszno.pl\/?p=391#breadcrumb"},"inLanguage":"pl-PL","potentialAction":[{"@type":"ReadAction","target":["http:\/\/ludzieikrajobrazy.muzeumleszno.pl\/?p=391"]}]},{"@type":"BreadcrumbList","@id":"http:\/\/ludzieikrajobrazy.muzeumleszno.pl\/?p=391#breadcrumb","itemListElement":[{"@type":"ListItem","position":1,"name":"Home","item":"http:\/\/ludzieikrajobrazy.muzeumleszno.pl\/"},{"@type":"ListItem","position":2,"name":"Krzycko Wielkie. Poczt\u00f3wka dwuwidokowa, oko\u0142o 1911 roku, Leszno, Fotographische Aufnahme und Verlag von Samus Breslauer"}]},{"@type":"WebSite","@id":"http:\/\/ludzieikrajobrazy.muzeumleszno.pl\/#website","url":"http:\/\/ludzieikrajobrazy.muzeumleszno.pl\/","name":"Ludzie i krajobrazy. Powiat Leszczy\u0144ski w ikonografii","description":"Powiat Leszczy\u0144ski w ikonografii","potentialAction":[{"@type":"SearchAction","target":{"@type":"EntryPoint","urlTemplate":"http:\/\/ludzieikrajobrazy.muzeumleszno.pl\/?s={search_term_string}"},"query-input":{"@type":"PropertyValueSpecification","valueRequired":true,"valueName":"search_term_string"}}],"inLanguage":"pl-PL"},{"@type":"Person","@id":"http:\/\/ludzieikrajobrazy.muzeumleszno.pl\/#\/schema\/person\/fc2bc20e2b51efc3202ac1f0cdcd06c0","name":"Pan_Admin","image":{"@type":"ImageObject","inLanguage":"pl-PL","@id":"https:\/\/secure.gravatar.com\/avatar\/d109d485abe889ecc32dbdb971b715ad9d4596bd0e2353626451db3e04099822?s=96&d=mm&r=g","url":"https:\/\/secure.gravatar.com\/avatar\/d109d485abe889ecc32dbdb971b715ad9d4596bd0e2353626451db3e04099822?s=96&d=mm&r=g","contentUrl":"https:\/\/secure.gravatar.com\/avatar\/d109d485abe889ecc32dbdb971b715ad9d4596bd0e2353626451db3e04099822?s=96&d=mm&r=g","caption":"Pan_Admin"},"sameAs":["http:\/\/ludzieikrajobrazy.muzeumleszno.pl"],"url":"http:\/\/ludzieikrajobrazy.muzeumleszno.pl\/?author=1"}]}},"_links":{"self":[{"href":"http:\/\/ludzieikrajobrazy.muzeumleszno.pl\/index.php?rest_route=\/wp\/v2\/posts\/391","targetHints":{"allow":["GET"]}}],"collection":[{"href":"http:\/\/ludzieikrajobrazy.muzeumleszno.pl\/index.php?rest_route=\/wp\/v2\/posts"}],"about":[{"href":"http:\/\/ludzieikrajobrazy.muzeumleszno.pl\/index.php?rest_route=\/wp\/v2\/types\/post"}],"author":[{"embeddable":true,"href":"http:\/\/ludzieikrajobrazy.muzeumleszno.pl\/index.php?rest_route=\/wp\/v2\/users\/1"}],"replies":[{"embeddable":true,"href":"http:\/\/ludzieikrajobrazy.muzeumleszno.pl\/index.php?rest_route=%2Fwp%2Fv2%2Fcomments&post=391"}],"version-history":[{"count":2,"href":"http:\/\/ludzieikrajobrazy.muzeumleszno.pl\/index.php?rest_route=\/wp\/v2\/posts\/391\/revisions"}],"predecessor-version":[{"id":1216,"href":"http:\/\/ludzieikrajobrazy.muzeumleszno.pl\/index.php?rest_route=\/wp\/v2\/posts\/391\/revisions\/1216"}],"wp:featuredmedia":[{"embeddable":true,"href":"http:\/\/ludzieikrajobrazy.muzeumleszno.pl\/index.php?rest_route=\/wp\/v2\/media\/392"}],"wp:attachment":[{"href":"http:\/\/ludzieikrajobrazy.muzeumleszno.pl\/index.php?rest_route=%2Fwp%2Fv2%2Fmedia&parent=391"}],"wp:term":[{"taxonomy":"category","embeddable":true,"href":"http:\/\/ludzieikrajobrazy.muzeumleszno.pl\/index.php?rest_route=%2Fwp%2Fv2%2Fcategories&post=391"},{"taxonomy":"post_tag","embeddable":true,"href":"http:\/\/ludzieikrajobrazy.muzeumleszno.pl\/index.php?rest_route=%2Fwp%2Fv2%2Ftags&post=391"}],"curies":[{"name":"wp","href":"https:\/\/api.w.org\/{rel}","templated":true}]}}