{"id":417,"date":"2024-07-09T12:00:32","date_gmt":"2024-07-09T10:00:32","guid":{"rendered":"http:\/\/ludzieikrajobrazy.muzeumleszno.pl\/?p=417"},"modified":"2024-09-24T09:41:38","modified_gmt":"2024-09-24T07:41:38","slug":"lubonia-dwor-morawskich-okolo-1925-roku","status":"publish","type":"post","link":"http:\/\/ludzieikrajobrazy.muzeumleszno.pl\/?p=417","title":{"rendered":"Lubonia. Dw\u00f3r Morawskich, oko\u0142o 1925 roku"},"content":{"rendered":"\n<p>Dw\u00f3r w Luboni zbudowano pod koniec&nbsp; XVIII wieku dla Jana Turno (\u2013 1792), stolnika kaliskiego, genera\u0142a wojsk koronnych i uczestnika konfederacji barskiej. Po jego \u015bmierci dobra zosta\u0142y sprzedane i przesz\u0142y w r\u0119ce rodziny Morawskich, najpierw Wojciecha (\u20131809), a potem jego syna Franciszka (1783\u20131861), poety, genera\u0142a i ministra wojny w Rz\u0105dzie Narodowym w czasie powstania listopadowego. Najbardziej znanym go\u015bciem przebywaj\u0105cym w siedzibie Morawskich by\u0142 Adam Mickiewicz (1798\u20131855). W\u0142a\u015bnie tutaj, jesieni\u0105 1831 roku, dowiedzia\u0142 si\u0119 o upadku Warszawy. Jego wizyt\u0119 upami\u0119tnia tablica wmurowana w \u015bcian\u0119 dworku w 1960 roku.&nbsp;<\/p>\n\n\n\n<p>Lubonia wyst\u0119puje w dokumentach od 1310 roku. Ju\u017c w \u015bredniowieczu mog\u0142a istnie\u0107 tam siedziba rycerska. Dw\u00f3r sk\u0142ada si\u0119 z dw\u00f3ch cz\u0119\u015b\u0107: starszej, parterowej z mieszkalnym poddaszem i m\u0142odszej, pi\u0119trowej, wzniesionej pod koniec XIX wieku. Cz\u0119\u015bci\u0105 kompleksu jest neogotycka kaplica dobudowana od strony po\u0142udniowej. Na fotografii elewacje budynk\u00f3w s\u0105 malowniczo poro\u015bni\u0119te bluszczem. Do 1939 roku dw\u00f3r nale\u017ca\u0142 do rodziny Morawskich.&nbsp;<\/p>\n\n\n\n<figure data-wp-context=\"{&quot;imageId&quot;:&quot;69f1c689f0dec&quot;}\" data-wp-interactive=\"core\/image\" data-wp-key=\"69f1c689f0dec\" class=\"wp-block-image size-full wp-lightbox-container\"><img fetchpriority=\"high\" decoding=\"async\" width=\"2560\" height=\"1694\" data-wp-class--hide=\"state.isContentHidden\" data-wp-class--show=\"state.isContentVisible\" data-wp-init=\"callbacks.setButtonStyles\" data-wp-on--click=\"actions.showLightbox\" data-wp-on--load=\"callbacks.setButtonStyles\" data-wp-on-window--resize=\"callbacks.setButtonStyles\" src=\"http:\/\/ludzieikrajobrazy.muzeumleszno.pl\/wp-content\/uploads\/2024\/07\/66_MLFa-284-scaled.jpg\" alt=\"Dw\u00f3r w Luboni\" class=\"wp-image-418\" srcset=\"http:\/\/ludzieikrajobrazy.muzeumleszno.pl\/wp-content\/uploads\/2024\/07\/66_MLFa-284-scaled.jpg 2560w, http:\/\/ludzieikrajobrazy.muzeumleszno.pl\/wp-content\/uploads\/2024\/07\/66_MLFa-284-1536x1016.jpg 1536w, http:\/\/ludzieikrajobrazy.muzeumleszno.pl\/wp-content\/uploads\/2024\/07\/66_MLFa-284-2048x1355.jpg 2048w, http:\/\/ludzieikrajobrazy.muzeumleszno.pl\/wp-content\/uploads\/2024\/07\/66_MLFa-284-200x132.jpg 200w, http:\/\/ludzieikrajobrazy.muzeumleszno.pl\/wp-content\/uploads\/2024\/07\/66_MLFa-284-973x644.jpg 973w, http:\/\/ludzieikrajobrazy.muzeumleszno.pl\/wp-content\/uploads\/2024\/07\/66_MLFa-284-508x336.jpg 508w\" sizes=\"(max-width: 2560px) 100vw, 2560px\" \/><button\n\t\t\tclass=\"lightbox-trigger\"\n\t\t\ttype=\"button\"\n\t\t\taria-haspopup=\"dialog\"\n\t\t\taria-label=\"Powi\u0119ksz\"\n\t\t\tdata-wp-init=\"callbacks.initTriggerButton\"\n\t\t\tdata-wp-on--click=\"actions.showLightbox\"\n\t\t\tdata-wp-style--right=\"state.imageButtonRight\"\n\t\t\tdata-wp-style--top=\"state.imageButtonTop\"\n\t\t>\n\t\t\t<svg xmlns=\"http:\/\/www.w3.org\/2000\/svg\" width=\"12\" height=\"12\" fill=\"none\" viewBox=\"0 0 12 12\">\n\t\t\t\t<path fill=\"#fff\" d=\"M2 0a2 2 0 0 0-2 2v2h1.5V2a.5.5 0 0 1 .5-.5h2V0H2Zm2 10.5H2a.5.5 0 0 1-.5-.5V8H0v2a2 2 0 0 0 2 2h2v-1.5ZM8 12v-1.5h2a.5.5 0 0 0 .5-.5V8H12v2a2 2 0 0 1-2 2H8Zm2-12a2 2 0 0 1 2 2v2h-1.5V2a.5.5 0 0 0-.5-.5H8V0h2Z\" \/>\n\t\t\t<\/svg>\n\t\t<\/button><figcaption class=\"wp-element-caption\">Dw\u00f3r w Luboni. wys. 12,5 cm x szer. 17,5 cm; odbitka srebrowo-\u017celatynowa, papier fotograficzny, 1925 rok; Muzeum Okr\u0119gowe w Lesznie; MLFa284<\/figcaption><\/figure>\n\n\n\n<p class=\"has-small-font-size\">nr inw. MLFa 284<br>W zbiorach Muzeum Okr\u0119gowego w Lesznie od lata 60. XX wieku, dar<\/p>\n\n\n\n<p>D.Cz.<\/p>\n\n\n\n<figure class=\"wp-block-embed is-type-video is-provider-youtube wp-block-embed-youtube wp-embed-aspect-16-9 wp-has-aspect-ratio\"><div class=\"wp-block-embed__wrapper\">\n<iframe title=\"Lubonia  Dwo\u0301r Morawskich, oko\u0142o 1925 roku\" width=\"620\" height=\"349\" src=\"https:\/\/www.youtube.com\/embed\/9R-yfZR19Ts?feature=oembed\" frameborder=\"0\" allow=\"accelerometer; autoplay; clipboard-write; encrypted-media; gyroscope; picture-in-picture; web-share\" referrerpolicy=\"strict-origin-when-cross-origin\" allowfullscreen><\/iframe>\n<\/div><\/figure>\n","protected":false},"excerpt":{"rendered":"<p>Dw\u00f3r w Luboni zbudowano pod koniec&nbsp; XVIII wieku dla Jana Turno (\u2013 1792), stolnika kaliskiego, genera\u0142a wojsk koronnych i uczestnika konfederacji barskiej. Po jego \u015bmierci dobra zosta\u0142y sprzedane&#8230;<\/p>\n","protected":false},"author":1,"featured_media":418,"comment_status":"closed","ping_status":"closed","sticky":false,"template":"","format":"standard","meta":{"cybocfi_hide_featured_image":"yes","footnotes":""},"categories":[65],"tags":[907,160,378,912,165,520,736,86,153,417,903,908,407,66,87,95,910,898,909,391,911,155,913],"class_list":["post-417","post","type-post","status-publish","format-standard","has-post-thumbnail","hentry","category-lubonia","tag-907","tag-adam-mickiewicz","tag-architektura","tag-bluszcz","tag-budownictwo-murowane","tag-dokumentacja","tag-drzewa","tag-dwor","tag-dwor-morawskich","tag-fotografia","tag-franciszek-morawski","tag-jan-turno","tag-krajobraz","tag-lubonia","tag-morawscy","tag-neogotyk","tag-powstanie-listopadowe","tag-rezydencja","tag-rzad-narodowy","tag-sredniowiecze","tag-tablica-upamietniajaca","tag-wojciech-morawski","tag-zespol-budynkow"],"yoast_head":"<!-- This site is optimized with the Yoast SEO plugin v27.5 - https:\/\/yoast.com\/product\/yoast-seo-wordpress\/ -->\n<title>Lubonia. Dw\u00f3r Morawskich, oko\u0142o 1925 roku - Ludzie i krajobrazy. Powiat Leszczy\u0144ski w ikonografii<\/title>\n<meta name=\"robots\" content=\"index, follow, max-snippet:-1, max-image-preview:large, max-video-preview:-1\" \/>\n<link rel=\"canonical\" href=\"http:\/\/ludzieikrajobrazy.muzeumleszno.pl\/?p=417\" \/>\n<meta property=\"og:locale\" content=\"pl_PL\" \/>\n<meta property=\"og:type\" content=\"article\" \/>\n<meta property=\"og:title\" content=\"Lubonia. Dw\u00f3r Morawskich, oko\u0142o 1925 roku - Ludzie i krajobrazy. Powiat Leszczy\u0144ski w ikonografii\" \/>\n<meta property=\"og:description\" content=\"Dw\u00f3r w Luboni zbudowano pod koniec&nbsp; XVIII wieku dla Jana Turno (\u2013 1792), stolnika kaliskiego, genera\u0142a wojsk koronnych i uczestnika konfederacji barskiej. Po jego \u015bmierci dobra zosta\u0142y sprzedane...\" \/>\n<meta property=\"og:url\" content=\"http:\/\/ludzieikrajobrazy.muzeumleszno.pl\/?p=417\" \/>\n<meta property=\"og:site_name\" content=\"Ludzie i krajobrazy. Powiat Leszczy\u0144ski w ikonografii\" \/>\n<meta property=\"article:published_time\" content=\"2024-07-09T10:00:32+00:00\" \/>\n<meta property=\"article:modified_time\" content=\"2024-09-24T07:41:38+00:00\" \/>\n<meta property=\"og:image\" content=\"http:\/\/ludzieikrajobrazy.muzeumleszno.pl\/wp-content\/uploads\/2024\/07\/66_MLFa-284-scaled.jpg\" \/>\n\t<meta property=\"og:image:width\" content=\"2560\" \/>\n\t<meta property=\"og:image:height\" content=\"1694\" \/>\n\t<meta property=\"og:image:type\" content=\"image\/jpeg\" \/>\n<meta name=\"author\" content=\"Pan_Admin\" \/>\n<meta name=\"twitter:card\" content=\"summary_large_image\" \/>\n<meta name=\"twitter:label1\" content=\"Napisane przez\" \/>\n\t<meta name=\"twitter:data1\" content=\"Pan_Admin\" \/>\n\t<meta name=\"twitter:label2\" content=\"Szacowany czas czytania\" \/>\n\t<meta name=\"twitter:data2\" content=\"2 minuty\" \/>\n<script type=\"application\/ld+json\" class=\"yoast-schema-graph\">{\"@context\":\"https:\\\/\\\/schema.org\",\"@graph\":[{\"@type\":\"Article\",\"@id\":\"http:\\\/\\\/ludzieikrajobrazy.muzeumleszno.pl\\\/?p=417#article\",\"isPartOf\":{\"@id\":\"http:\\\/\\\/ludzieikrajobrazy.muzeumleszno.pl\\\/?p=417\"},\"author\":{\"name\":\"Pan_Admin\",\"@id\":\"https:\\\/\\\/ludzieikrajobrazy.muzeumleszno.pl\\\/#\\\/schema\\\/person\\\/fc2bc20e2b51efc3202ac1f0cdcd06c0\"},\"headline\":\"Lubonia. Dw\u00f3r Morawskich, oko\u0142o 1925 roku\",\"datePublished\":\"2024-07-09T10:00:32+00:00\",\"dateModified\":\"2024-09-24T07:41:38+00:00\",\"mainEntityOfPage\":{\"@id\":\"http:\\\/\\\/ludzieikrajobrazy.muzeumleszno.pl\\\/?p=417\"},\"wordCount\":216,\"image\":{\"@id\":\"http:\\\/\\\/ludzieikrajobrazy.muzeumleszno.pl\\\/?p=417#primaryimage\"},\"thumbnailUrl\":\"http:\\\/\\\/ludzieikrajobrazy.muzeumleszno.pl\\\/wp-content\\\/uploads\\\/2024\\\/07\\\/66_MLFa-284-scaled.jpg\",\"keywords\":[\"1925\",\"Adam Mickiewicz\",\"architektura\",\"bluszcz\",\"budownictwo murowane\",\"dokumentacja\",\"drzewa\",\"dw\u00f3r\",\"Dw\u00f3r Morawskich\",\"fotografia\",\"Franciszek Morawski\",\"Jan Turno\",\"krajobraz\",\"Lubonia\",\"Morawscy\",\"neogotyk\",\"powstanie listopadowe\",\"rezydencja\",\"Rz\u0105d Narodowy\",\"\u015bredniowiecze\",\"tablica upami\u0119tniaj\u0105ca\",\"Wojciech Morawski\",\"zesp\u00f3\u0142 budynk\u00f3w\"],\"articleSection\":[\"Lubonia\"],\"inLanguage\":\"pl-PL\"},{\"@type\":\"WebPage\",\"@id\":\"http:\\\/\\\/ludzieikrajobrazy.muzeumleszno.pl\\\/?p=417\",\"url\":\"http:\\\/\\\/ludzieikrajobrazy.muzeumleszno.pl\\\/?p=417\",\"name\":\"Lubonia. Dw\u00f3r Morawskich, oko\u0142o 1925 roku - Ludzie i krajobrazy. Powiat Leszczy\u0144ski w ikonografii\",\"isPartOf\":{\"@id\":\"https:\\\/\\\/ludzieikrajobrazy.muzeumleszno.pl\\\/#website\"},\"primaryImageOfPage\":{\"@id\":\"http:\\\/\\\/ludzieikrajobrazy.muzeumleszno.pl\\\/?p=417#primaryimage\"},\"image\":{\"@id\":\"http:\\\/\\\/ludzieikrajobrazy.muzeumleszno.pl\\\/?p=417#primaryimage\"},\"thumbnailUrl\":\"http:\\\/\\\/ludzieikrajobrazy.muzeumleszno.pl\\\/wp-content\\\/uploads\\\/2024\\\/07\\\/66_MLFa-284-scaled.jpg\",\"datePublished\":\"2024-07-09T10:00:32+00:00\",\"dateModified\":\"2024-09-24T07:41:38+00:00\",\"author\":{\"@id\":\"https:\\\/\\\/ludzieikrajobrazy.muzeumleszno.pl\\\/#\\\/schema\\\/person\\\/fc2bc20e2b51efc3202ac1f0cdcd06c0\"},\"breadcrumb\":{\"@id\":\"http:\\\/\\\/ludzieikrajobrazy.muzeumleszno.pl\\\/?p=417#breadcrumb\"},\"inLanguage\":\"pl-PL\",\"potentialAction\":[{\"@type\":\"ReadAction\",\"target\":[\"http:\\\/\\\/ludzieikrajobrazy.muzeumleszno.pl\\\/?p=417\"]}]},{\"@type\":\"BreadcrumbList\",\"@id\":\"http:\\\/\\\/ludzieikrajobrazy.muzeumleszno.pl\\\/?p=417#breadcrumb\",\"itemListElement\":[{\"@type\":\"ListItem\",\"position\":1,\"name\":\"Home\",\"item\":\"https:\\\/\\\/ludzieikrajobrazy.muzeumleszno.pl\\\/\"},{\"@type\":\"ListItem\",\"position\":2,\"name\":\"Lubonia. Dw\u00f3r Morawskich, oko\u0142o 1925 roku\"}]},{\"@type\":\"WebSite\",\"@id\":\"https:\\\/\\\/ludzieikrajobrazy.muzeumleszno.pl\\\/#website\",\"url\":\"https:\\\/\\\/ludzieikrajobrazy.muzeumleszno.pl\\\/\",\"name\":\"Ludzie i krajobrazy. Powiat Leszczy\u0144ski w ikonografii\",\"description\":\"Powiat Leszczy\u0144ski w ikonografii\",\"potentialAction\":[{\"@type\":\"SearchAction\",\"target\":{\"@type\":\"EntryPoint\",\"urlTemplate\":\"https:\\\/\\\/ludzieikrajobrazy.muzeumleszno.pl\\\/?s={search_term_string}\"},\"query-input\":{\"@type\":\"PropertyValueSpecification\",\"valueRequired\":true,\"valueName\":\"search_term_string\"}}],\"inLanguage\":\"pl-PL\"},{\"@type\":\"Person\",\"@id\":\"https:\\\/\\\/ludzieikrajobrazy.muzeumleszno.pl\\\/#\\\/schema\\\/person\\\/fc2bc20e2b51efc3202ac1f0cdcd06c0\",\"name\":\"Pan_Admin\",\"image\":{\"@type\":\"ImageObject\",\"inLanguage\":\"pl-PL\",\"@id\":\"https:\\\/\\\/secure.gravatar.com\\\/avatar\\\/d109d485abe889ecc32dbdb971b715ad9d4596bd0e2353626451db3e04099822?s=96&d=mm&r=g\",\"url\":\"https:\\\/\\\/secure.gravatar.com\\\/avatar\\\/d109d485abe889ecc32dbdb971b715ad9d4596bd0e2353626451db3e04099822?s=96&d=mm&r=g\",\"contentUrl\":\"https:\\\/\\\/secure.gravatar.com\\\/avatar\\\/d109d485abe889ecc32dbdb971b715ad9d4596bd0e2353626451db3e04099822?s=96&d=mm&r=g\",\"caption\":\"Pan_Admin\"},\"sameAs\":[\"http:\\\/\\\/ludzieikrajobrazy.muzeumleszno.pl\"],\"url\":\"http:\\\/\\\/ludzieikrajobrazy.muzeumleszno.pl\\\/?author=1\"}]}<\/script>\n<!-- \/ Yoast SEO plugin. -->","yoast_head_json":{"title":"Lubonia. Dw\u00f3r Morawskich, oko\u0142o 1925 roku - Ludzie i krajobrazy. Powiat Leszczy\u0144ski w ikonografii","robots":{"index":"index","follow":"follow","max-snippet":"max-snippet:-1","max-image-preview":"max-image-preview:large","max-video-preview":"max-video-preview:-1"},"canonical":"http:\/\/ludzieikrajobrazy.muzeumleszno.pl\/?p=417","og_locale":"pl_PL","og_type":"article","og_title":"Lubonia. Dw\u00f3r Morawskich, oko\u0142o 1925 roku - Ludzie i krajobrazy. Powiat Leszczy\u0144ski w ikonografii","og_description":"Dw\u00f3r w Luboni zbudowano pod koniec&nbsp; XVIII wieku dla Jana Turno (\u2013 1792), stolnika kaliskiego, genera\u0142a wojsk koronnych i uczestnika konfederacji barskiej. Po jego \u015bmierci dobra zosta\u0142y sprzedane...","og_url":"http:\/\/ludzieikrajobrazy.muzeumleszno.pl\/?p=417","og_site_name":"Ludzie i krajobrazy. Powiat Leszczy\u0144ski w ikonografii","article_published_time":"2024-07-09T10:00:32+00:00","article_modified_time":"2024-09-24T07:41:38+00:00","og_image":[{"width":2560,"height":1694,"url":"http:\/\/ludzieikrajobrazy.muzeumleszno.pl\/wp-content\/uploads\/2024\/07\/66_MLFa-284-scaled.jpg","type":"image\/jpeg"}],"author":"Pan_Admin","twitter_card":"summary_large_image","twitter_misc":{"Napisane przez":"Pan_Admin","Szacowany czas czytania":"2 minuty"},"schema":{"@context":"https:\/\/schema.org","@graph":[{"@type":"Article","@id":"http:\/\/ludzieikrajobrazy.muzeumleszno.pl\/?p=417#article","isPartOf":{"@id":"http:\/\/ludzieikrajobrazy.muzeumleszno.pl\/?p=417"},"author":{"name":"Pan_Admin","@id":"https:\/\/ludzieikrajobrazy.muzeumleszno.pl\/#\/schema\/person\/fc2bc20e2b51efc3202ac1f0cdcd06c0"},"headline":"Lubonia. Dw\u00f3r Morawskich, oko\u0142o 1925 roku","datePublished":"2024-07-09T10:00:32+00:00","dateModified":"2024-09-24T07:41:38+00:00","mainEntityOfPage":{"@id":"http:\/\/ludzieikrajobrazy.muzeumleszno.pl\/?p=417"},"wordCount":216,"image":{"@id":"http:\/\/ludzieikrajobrazy.muzeumleszno.pl\/?p=417#primaryimage"},"thumbnailUrl":"http:\/\/ludzieikrajobrazy.muzeumleszno.pl\/wp-content\/uploads\/2024\/07\/66_MLFa-284-scaled.jpg","keywords":["1925","Adam Mickiewicz","architektura","bluszcz","budownictwo murowane","dokumentacja","drzewa","dw\u00f3r","Dw\u00f3r Morawskich","fotografia","Franciszek Morawski","Jan Turno","krajobraz","Lubonia","Morawscy","neogotyk","powstanie listopadowe","rezydencja","Rz\u0105d Narodowy","\u015bredniowiecze","tablica upami\u0119tniaj\u0105ca","Wojciech Morawski","zesp\u00f3\u0142 budynk\u00f3w"],"articleSection":["Lubonia"],"inLanguage":"pl-PL"},{"@type":"WebPage","@id":"http:\/\/ludzieikrajobrazy.muzeumleszno.pl\/?p=417","url":"http:\/\/ludzieikrajobrazy.muzeumleszno.pl\/?p=417","name":"Lubonia. Dw\u00f3r Morawskich, oko\u0142o 1925 roku - Ludzie i krajobrazy. Powiat Leszczy\u0144ski w ikonografii","isPartOf":{"@id":"https:\/\/ludzieikrajobrazy.muzeumleszno.pl\/#website"},"primaryImageOfPage":{"@id":"http:\/\/ludzieikrajobrazy.muzeumleszno.pl\/?p=417#primaryimage"},"image":{"@id":"http:\/\/ludzieikrajobrazy.muzeumleszno.pl\/?p=417#primaryimage"},"thumbnailUrl":"http:\/\/ludzieikrajobrazy.muzeumleszno.pl\/wp-content\/uploads\/2024\/07\/66_MLFa-284-scaled.jpg","datePublished":"2024-07-09T10:00:32+00:00","dateModified":"2024-09-24T07:41:38+00:00","author":{"@id":"https:\/\/ludzieikrajobrazy.muzeumleszno.pl\/#\/schema\/person\/fc2bc20e2b51efc3202ac1f0cdcd06c0"},"breadcrumb":{"@id":"http:\/\/ludzieikrajobrazy.muzeumleszno.pl\/?p=417#breadcrumb"},"inLanguage":"pl-PL","potentialAction":[{"@type":"ReadAction","target":["http:\/\/ludzieikrajobrazy.muzeumleszno.pl\/?p=417"]}]},{"@type":"BreadcrumbList","@id":"http:\/\/ludzieikrajobrazy.muzeumleszno.pl\/?p=417#breadcrumb","itemListElement":[{"@type":"ListItem","position":1,"name":"Home","item":"https:\/\/ludzieikrajobrazy.muzeumleszno.pl\/"},{"@type":"ListItem","position":2,"name":"Lubonia. Dw\u00f3r Morawskich, oko\u0142o 1925 roku"}]},{"@type":"WebSite","@id":"https:\/\/ludzieikrajobrazy.muzeumleszno.pl\/#website","url":"https:\/\/ludzieikrajobrazy.muzeumleszno.pl\/","name":"Ludzie i krajobrazy. Powiat Leszczy\u0144ski w ikonografii","description":"Powiat Leszczy\u0144ski w ikonografii","potentialAction":[{"@type":"SearchAction","target":{"@type":"EntryPoint","urlTemplate":"https:\/\/ludzieikrajobrazy.muzeumleszno.pl\/?s={search_term_string}"},"query-input":{"@type":"PropertyValueSpecification","valueRequired":true,"valueName":"search_term_string"}}],"inLanguage":"pl-PL"},{"@type":"Person","@id":"https:\/\/ludzieikrajobrazy.muzeumleszno.pl\/#\/schema\/person\/fc2bc20e2b51efc3202ac1f0cdcd06c0","name":"Pan_Admin","image":{"@type":"ImageObject","inLanguage":"pl-PL","@id":"https:\/\/secure.gravatar.com\/avatar\/d109d485abe889ecc32dbdb971b715ad9d4596bd0e2353626451db3e04099822?s=96&d=mm&r=g","url":"https:\/\/secure.gravatar.com\/avatar\/d109d485abe889ecc32dbdb971b715ad9d4596bd0e2353626451db3e04099822?s=96&d=mm&r=g","contentUrl":"https:\/\/secure.gravatar.com\/avatar\/d109d485abe889ecc32dbdb971b715ad9d4596bd0e2353626451db3e04099822?s=96&d=mm&r=g","caption":"Pan_Admin"},"sameAs":["http:\/\/ludzieikrajobrazy.muzeumleszno.pl"],"url":"http:\/\/ludzieikrajobrazy.muzeumleszno.pl\/?author=1"}]}},"_links":{"self":[{"href":"http:\/\/ludzieikrajobrazy.muzeumleszno.pl\/index.php?rest_route=\/wp\/v2\/posts\/417","targetHints":{"allow":["GET"]}}],"collection":[{"href":"http:\/\/ludzieikrajobrazy.muzeumleszno.pl\/index.php?rest_route=\/wp\/v2\/posts"}],"about":[{"href":"http:\/\/ludzieikrajobrazy.muzeumleszno.pl\/index.php?rest_route=\/wp\/v2\/types\/post"}],"author":[{"embeddable":true,"href":"http:\/\/ludzieikrajobrazy.muzeumleszno.pl\/index.php?rest_route=\/wp\/v2\/users\/1"}],"replies":[{"embeddable":true,"href":"http:\/\/ludzieikrajobrazy.muzeumleszno.pl\/index.php?rest_route=%2Fwp%2Fv2%2Fcomments&post=417"}],"version-history":[{"count":2,"href":"http:\/\/ludzieikrajobrazy.muzeumleszno.pl\/index.php?rest_route=\/wp\/v2\/posts\/417\/revisions"}],"predecessor-version":[{"id":1226,"href":"http:\/\/ludzieikrajobrazy.muzeumleszno.pl\/index.php?rest_route=\/wp\/v2\/posts\/417\/revisions\/1226"}],"wp:featuredmedia":[{"embeddable":true,"href":"http:\/\/ludzieikrajobrazy.muzeumleszno.pl\/index.php?rest_route=\/wp\/v2\/media\/418"}],"wp:attachment":[{"href":"http:\/\/ludzieikrajobrazy.muzeumleszno.pl\/index.php?rest_route=%2Fwp%2Fv2%2Fmedia&parent=417"}],"wp:term":[{"taxonomy":"category","embeddable":true,"href":"http:\/\/ludzieikrajobrazy.muzeumleszno.pl\/index.php?rest_route=%2Fwp%2Fv2%2Fcategories&post=417"},{"taxonomy":"post_tag","embeddable":true,"href":"http:\/\/ludzieikrajobrazy.muzeumleszno.pl\/index.php?rest_route=%2Fwp%2Fv2%2Ftags&post=417"}],"curies":[{"name":"wp","href":"https:\/\/api.w.org\/{rel}","templated":true}]}}