{"id":426,"date":"2024-07-09T11:57:41","date_gmt":"2024-07-09T09:57:41","guid":{"rendered":"http:\/\/ludzieikrajobrazy.muzeumleszno.pl\/?p=426"},"modified":"2024-09-24T10:15:37","modified_gmt":"2024-09-24T08:15:37","slug":"lubonia-wnetrze-kaplicy-dworskiej-przed-1939-rokiem","status":"publish","type":"post","link":"http:\/\/ludzieikrajobrazy.muzeumleszno.pl\/?p=426","title":{"rendered":"Lubonia. Wn\u0119trze kaplicy dworskiej, przed 1939 rokiem"},"content":{"rendered":"\n<p>Patriotyzm i mi\u0142o\u015b\u0107 do ojczyzny w przypadku polskiej szlachty niemal bez wyj\u0105tku wi\u0105za\u0142a si\u0119 z przywi\u0105zaniem do Ko\u015bcio\u0142a katolickiego. W okresie zabor\u00f3w fundacje ko\u015bcio\u0142\u00f3w i innych budynk\u00f3w sakralnych zawsze mia\u0142y wymiar religijny i narodowy. Nawet w\u00f3wczas kiedy w gr\u0119 wchodzi\u0142y niewielkie dworskie kaplice, pojawia\u0142y si\u0119 w nich akcenty nawi\u0105zuj\u0105ce do historii pa\u0144stwa polskiego.&nbsp;<\/p>\n\n\n\n<p>Kaplica dworska w Luboni wzniesiona zosta\u0142a najprawdopodobniej na polecenie Henryka Morawskiego (1850\u20131920). Wyposa\u017cenie wn\u0119trza, podobnie jak i sam budynek, by\u0142y bardzo skromne. W centrum widocznego na fotografii o\u0142tarza znajduje si\u0119 obraz Matki Boskiej po\u015bredniczki wszelkich \u0142ask. Na tkaninie o\u0142tarzowej umieszczono wizerunek Baranka Eucharystycznego i szarf\u0119 z \u0142aci\u0144skim napisem: <em>Ecce Agnus Dei<\/em> (To jest Baranek Bo\u017cy). Na \u015bcianie wisz\u0105 dwie tarcze z god\u0142em Polski oraz god\u0142ami ziem dawnej Rzeczypospolitej Obojga Narod\u00f3w: Orze\u0142 Bia\u0142y (Polska), Pogo\u0144 (Litwa) i Archanio\u0142 Micha\u0142 (Ru\u015b).&nbsp;<\/p>\n\n\n\n<figure data-wp-context=\"{&quot;imageId&quot;:&quot;69f1d2f2902d1&quot;}\" data-wp-interactive=\"core\/image\" data-wp-key=\"69f1d2f2902d1\" class=\"wp-block-image size-full wp-lightbox-container\"><img fetchpriority=\"high\" decoding=\"async\" width=\"1441\" height=\"2000\" data-wp-class--hide=\"state.isContentHidden\" data-wp-class--show=\"state.isContentVisible\" data-wp-init=\"callbacks.setButtonStyles\" data-wp-on--click=\"actions.showLightbox\" data-wp-on--load=\"callbacks.setButtonStyles\" data-wp-on-window--resize=\"callbacks.setButtonStyles\" src=\"http:\/\/ludzieikrajobrazy.muzeumleszno.pl\/wp-content\/uploads\/2024\/07\/69_MLFa-3778.jpg\" alt=\"Ksi\u0105dz przy o\u0142tarzu\" class=\"wp-image-428\" srcset=\"http:\/\/ludzieikrajobrazy.muzeumleszno.pl\/wp-content\/uploads\/2024\/07\/69_MLFa-3778.jpg 1441w, http:\/\/ludzieikrajobrazy.muzeumleszno.pl\/wp-content\/uploads\/2024\/07\/69_MLFa-3778-1107x1536.jpg 1107w, http:\/\/ludzieikrajobrazy.muzeumleszno.pl\/wp-content\/uploads\/2024\/07\/69_MLFa-3778-200x278.jpg 200w, http:\/\/ludzieikrajobrazy.muzeumleszno.pl\/wp-content\/uploads\/2024\/07\/69_MLFa-3778-973x1350.jpg 973w, http:\/\/ludzieikrajobrazy.muzeumleszno.pl\/wp-content\/uploads\/2024\/07\/69_MLFa-3778-508x705.jpg 508w\" sizes=\"(max-width: 1441px) 100vw, 1441px\" \/><button\n\t\t\tclass=\"lightbox-trigger\"\n\t\t\ttype=\"button\"\n\t\t\taria-haspopup=\"dialog\"\n\t\t\taria-label=\"Powi\u0119ksz\"\n\t\t\tdata-wp-init=\"callbacks.initTriggerButton\"\n\t\t\tdata-wp-on--click=\"actions.showLightbox\"\n\t\t\tdata-wp-style--right=\"state.imageButtonRight\"\n\t\t\tdata-wp-style--top=\"state.imageButtonTop\"\n\t\t>\n\t\t\t<svg xmlns=\"http:\/\/www.w3.org\/2000\/svg\" width=\"12\" height=\"12\" fill=\"none\" viewBox=\"0 0 12 12\">\n\t\t\t\t<path fill=\"#fff\" d=\"M2 0a2 2 0 0 0-2 2v2h1.5V2a.5.5 0 0 1 .5-.5h2V0H2Zm2 10.5H2a.5.5 0 0 1-.5-.5V8H0v2a2 2 0 0 0 2 2h2v-1.5ZM8 12v-1.5h2a.5.5 0 0 0 .5-.5V8H12v2a2 2 0 0 1-2 2H8Zm2-12a2 2 0 0 1 2 2v2h-1.5V2a.5.5 0 0 0-.5-.5H8V0h2Z\" \/>\n\t\t\t<\/svg>\n\t\t<\/button><figcaption class=\"wp-element-caption\">Ksi\u0105dz przy o\u0142tarzu. wys. 17,9 cm x szer. 24,2 cm; odbitka srebrowo-\u017celatynowa, papier fotograficzny; autor nieznany (Udo Mertens?) przed 1939 rokiem; Muzeum Okr\u0119gowe w Lesznie; MLFa3778<\/figcaption><\/figure>\n\n\n\n<p class=\"has-small-font-size\">nr inw. MLFa 3778<br>W zbiorach Muzeum Okr\u0119gowego w Lesznie od 2024 roku, dar<\/p>\n\n\n\n<p>D.Cz.&nbsp;<\/p>\n\n\n\n<figure class=\"wp-block-embed is-type-video is-provider-youtube wp-block-embed-youtube wp-embed-aspect-16-9 wp-has-aspect-ratio\"><div class=\"wp-block-embed__wrapper\">\n<iframe title=\"Lubonia  Wne\u0328trze kaplicy dworskiej, przed 1939 rokiem\" width=\"620\" height=\"349\" src=\"https:\/\/www.youtube.com\/embed\/49kDdiUtDz4?feature=oembed\" frameborder=\"0\" allow=\"accelerometer; autoplay; clipboard-write; encrypted-media; gyroscope; picture-in-picture; web-share\" referrerpolicy=\"strict-origin-when-cross-origin\" allowfullscreen><\/iframe>\n<\/div><\/figure>\n","protected":false},"excerpt":{"rendered":"<p>Patriotyzm i mi\u0142o\u015b\u0107 do ojczyzny w przypadku polskiej szlachty niemal bez wyj\u0105tku wi\u0105za\u0142a si\u0119 z przywi\u0105zaniem do Ko\u015bcio\u0142a katolickiego. W okresie zabor\u00f3w fundacje ko\u015bcio\u0142\u00f3w i innych budynk\u00f3w sakralnych&#8230;<\/p>\n","protected":false},"author":1,"featured_media":428,"comment_status":"closed","ping_status":"closed","sticky":false,"template":"","format":"standard","meta":{"cybocfi_hide_featured_image":"yes","footnotes":""},"categories":[65],"tags":[419,891,883,581,887,520,886,417,309,880,879,370,893,876,885,310,66,873,648,881,889,741,890,311,892,888,894,884,774,882,420,635],"class_list":["post-426","post","type-post","status-publish","format-standard","has-post-thumbnail","hentry","category-lubonia","tag-419","tag-archaniol-michal","tag-baranek-eucharystyczny","tag-budownictwo-drewniane","tag-dawna-rzeczpospolita","tag-dokumentacja","tag-ecce-agnus-dei-to-jest-baranek-bozy","tag-fotografia","tag-godlo","tag-henryk-morawski","tag-historia-panstwa","tag-kaplica-dworska","tag-ksiadz","tag-kwiaty","tag-lacina","tag-litwa","tag-lubonia","tag-matka-boska","tag-obraz","tag-oltarz","tag-orzel-bialy","tag-patriotyzm","tag-pogon","tag-polska","tag-rus","tag-rzeczpospolita-obojga-narodow","tag-strop","tag-szarfa","tag-tarcza","tag-tkanina-oltarzowa","tag-wnetrze","tag-wyposazenie"],"yoast_head":"<!-- This site is optimized with the Yoast SEO plugin v27.5 - https:\/\/yoast.com\/product\/yoast-seo-wordpress\/ -->\n<title>Lubonia. Wn\u0119trze kaplicy dworskiej, przed 1939 rokiem - Ludzie i krajobrazy. Powiat Leszczy\u0144ski w ikonografii<\/title>\n<meta name=\"robots\" content=\"index, follow, max-snippet:-1, max-image-preview:large, max-video-preview:-1\" \/>\n<link rel=\"canonical\" href=\"http:\/\/ludzieikrajobrazy.muzeumleszno.pl\/?p=426\" \/>\n<meta property=\"og:locale\" content=\"pl_PL\" \/>\n<meta property=\"og:type\" content=\"article\" \/>\n<meta property=\"og:title\" content=\"Lubonia. Wn\u0119trze kaplicy dworskiej, przed 1939 rokiem - Ludzie i krajobrazy. Powiat Leszczy\u0144ski w ikonografii\" \/>\n<meta property=\"og:description\" content=\"Patriotyzm i mi\u0142o\u015b\u0107 do ojczyzny w przypadku polskiej szlachty niemal bez wyj\u0105tku wi\u0105za\u0142a si\u0119 z przywi\u0105zaniem do Ko\u015bcio\u0142a katolickiego. W okresie zabor\u00f3w fundacje ko\u015bcio\u0142\u00f3w i innych budynk\u00f3w sakralnych...\" \/>\n<meta property=\"og:url\" content=\"http:\/\/ludzieikrajobrazy.muzeumleszno.pl\/?p=426\" \/>\n<meta property=\"og:site_name\" content=\"Ludzie i krajobrazy. Powiat Leszczy\u0144ski w ikonografii\" \/>\n<meta property=\"article:published_time\" content=\"2024-07-09T09:57:41+00:00\" \/>\n<meta property=\"article:modified_time\" content=\"2024-09-24T08:15:37+00:00\" \/>\n<meta property=\"og:image\" content=\"http:\/\/ludzieikrajobrazy.muzeumleszno.pl\/wp-content\/uploads\/2024\/07\/69_MLFa-3778.jpg\" \/>\n\t<meta property=\"og:image:width\" content=\"1441\" \/>\n\t<meta property=\"og:image:height\" content=\"2000\" \/>\n\t<meta property=\"og:image:type\" content=\"image\/jpeg\" \/>\n<meta name=\"author\" content=\"Pan_Admin\" \/>\n<meta name=\"twitter:card\" content=\"summary_large_image\" \/>\n<meta name=\"twitter:label1\" content=\"Napisane przez\" \/>\n\t<meta name=\"twitter:data1\" content=\"Pan_Admin\" \/>\n\t<meta name=\"twitter:label2\" content=\"Szacowany czas czytania\" \/>\n\t<meta name=\"twitter:data2\" content=\"2 minuty\" \/>\n<script type=\"application\/ld+json\" class=\"yoast-schema-graph\">{\"@context\":\"https:\\\/\\\/schema.org\",\"@graph\":[{\"@type\":\"Article\",\"@id\":\"http:\\\/\\\/ludzieikrajobrazy.muzeumleszno.pl\\\/?p=426#article\",\"isPartOf\":{\"@id\":\"http:\\\/\\\/ludzieikrajobrazy.muzeumleszno.pl\\\/?p=426\"},\"author\":{\"name\":\"Pan_Admin\",\"@id\":\"https:\\\/\\\/ludzieikrajobrazy.muzeumleszno.pl\\\/#\\\/schema\\\/person\\\/fc2bc20e2b51efc3202ac1f0cdcd06c0\"},\"headline\":\"Lubonia. Wn\u0119trze kaplicy dworskiej, przed 1939 rokiem\",\"datePublished\":\"2024-07-09T09:57:41+00:00\",\"dateModified\":\"2024-09-24T08:15:37+00:00\",\"mainEntityOfPage\":{\"@id\":\"http:\\\/\\\/ludzieikrajobrazy.muzeumleszno.pl\\\/?p=426\"},\"wordCount\":218,\"image\":{\"@id\":\"http:\\\/\\\/ludzieikrajobrazy.muzeumleszno.pl\\\/?p=426#primaryimage\"},\"thumbnailUrl\":\"http:\\\/\\\/ludzieikrajobrazy.muzeumleszno.pl\\\/wp-content\\\/uploads\\\/2024\\\/07\\\/69_MLFa-3778.jpg\",\"keywords\":[\"1939\",\"Archanio\u0142 Micha\u0142\",\"Baranek Eucharystyczny\",\"budownictwo drewniane\",\"dawna Rzeczpospolita\",\"dokumentacja\",\"Ecce Agnus Dei (To jest Baranek Bo\u017cy)\",\"fotografia\",\"god\u0142o\",\"Henryk Morawski\",\"historia pa\u0144stwa\",\"kaplica dworska\",\"ksi\u0105dz\",\"kwiaty\",\"\u0142acina\",\"Litwa\",\"Lubonia\",\"Matka Boska\",\"obraz\",\"o\u0142tarz\",\"Orze\u0142 Bia\u0142y\",\"patriotyzm\",\"Pogo\u0144\",\"Polska\",\"Ru\u015b\",\"Rzeczpospolita Obojga Narod\u00f3w\",\"strop\",\"szarfa\",\"tarcza\",\"tkanina o\u0142tarzowa\",\"wn\u0119trze\",\"wyposa\u017cenie\"],\"articleSection\":[\"Lubonia\"],\"inLanguage\":\"pl-PL\"},{\"@type\":\"WebPage\",\"@id\":\"http:\\\/\\\/ludzieikrajobrazy.muzeumleszno.pl\\\/?p=426\",\"url\":\"http:\\\/\\\/ludzieikrajobrazy.muzeumleszno.pl\\\/?p=426\",\"name\":\"Lubonia. Wn\u0119trze kaplicy dworskiej, przed 1939 rokiem - Ludzie i krajobrazy. Powiat Leszczy\u0144ski w ikonografii\",\"isPartOf\":{\"@id\":\"https:\\\/\\\/ludzieikrajobrazy.muzeumleszno.pl\\\/#website\"},\"primaryImageOfPage\":{\"@id\":\"http:\\\/\\\/ludzieikrajobrazy.muzeumleszno.pl\\\/?p=426#primaryimage\"},\"image\":{\"@id\":\"http:\\\/\\\/ludzieikrajobrazy.muzeumleszno.pl\\\/?p=426#primaryimage\"},\"thumbnailUrl\":\"http:\\\/\\\/ludzieikrajobrazy.muzeumleszno.pl\\\/wp-content\\\/uploads\\\/2024\\\/07\\\/69_MLFa-3778.jpg\",\"datePublished\":\"2024-07-09T09:57:41+00:00\",\"dateModified\":\"2024-09-24T08:15:37+00:00\",\"author\":{\"@id\":\"https:\\\/\\\/ludzieikrajobrazy.muzeumleszno.pl\\\/#\\\/schema\\\/person\\\/fc2bc20e2b51efc3202ac1f0cdcd06c0\"},\"breadcrumb\":{\"@id\":\"http:\\\/\\\/ludzieikrajobrazy.muzeumleszno.pl\\\/?p=426#breadcrumb\"},\"inLanguage\":\"pl-PL\",\"potentialAction\":[{\"@type\":\"ReadAction\",\"target\":[\"http:\\\/\\\/ludzieikrajobrazy.muzeumleszno.pl\\\/?p=426\"]}]},{\"@type\":\"BreadcrumbList\",\"@id\":\"http:\\\/\\\/ludzieikrajobrazy.muzeumleszno.pl\\\/?p=426#breadcrumb\",\"itemListElement\":[{\"@type\":\"ListItem\",\"position\":1,\"name\":\"Home\",\"item\":\"https:\\\/\\\/ludzieikrajobrazy.muzeumleszno.pl\\\/\"},{\"@type\":\"ListItem\",\"position\":2,\"name\":\"Lubonia. Wn\u0119trze kaplicy dworskiej, przed 1939 rokiem\"}]},{\"@type\":\"WebSite\",\"@id\":\"https:\\\/\\\/ludzieikrajobrazy.muzeumleszno.pl\\\/#website\",\"url\":\"https:\\\/\\\/ludzieikrajobrazy.muzeumleszno.pl\\\/\",\"name\":\"Ludzie i krajobrazy. Powiat Leszczy\u0144ski w ikonografii\",\"description\":\"Powiat Leszczy\u0144ski w ikonografii\",\"potentialAction\":[{\"@type\":\"SearchAction\",\"target\":{\"@type\":\"EntryPoint\",\"urlTemplate\":\"https:\\\/\\\/ludzieikrajobrazy.muzeumleszno.pl\\\/?s={search_term_string}\"},\"query-input\":{\"@type\":\"PropertyValueSpecification\",\"valueRequired\":true,\"valueName\":\"search_term_string\"}}],\"inLanguage\":\"pl-PL\"},{\"@type\":\"Person\",\"@id\":\"https:\\\/\\\/ludzieikrajobrazy.muzeumleszno.pl\\\/#\\\/schema\\\/person\\\/fc2bc20e2b51efc3202ac1f0cdcd06c0\",\"name\":\"Pan_Admin\",\"image\":{\"@type\":\"ImageObject\",\"inLanguage\":\"pl-PL\",\"@id\":\"https:\\\/\\\/secure.gravatar.com\\\/avatar\\\/d109d485abe889ecc32dbdb971b715ad9d4596bd0e2353626451db3e04099822?s=96&d=mm&r=g\",\"url\":\"https:\\\/\\\/secure.gravatar.com\\\/avatar\\\/d109d485abe889ecc32dbdb971b715ad9d4596bd0e2353626451db3e04099822?s=96&d=mm&r=g\",\"contentUrl\":\"https:\\\/\\\/secure.gravatar.com\\\/avatar\\\/d109d485abe889ecc32dbdb971b715ad9d4596bd0e2353626451db3e04099822?s=96&d=mm&r=g\",\"caption\":\"Pan_Admin\"},\"sameAs\":[\"http:\\\/\\\/ludzieikrajobrazy.muzeumleszno.pl\"],\"url\":\"http:\\\/\\\/ludzieikrajobrazy.muzeumleszno.pl\\\/?author=1\"}]}<\/script>\n<!-- \/ Yoast SEO plugin. -->","yoast_head_json":{"title":"Lubonia. Wn\u0119trze kaplicy dworskiej, przed 1939 rokiem - Ludzie i krajobrazy. Powiat Leszczy\u0144ski w ikonografii","robots":{"index":"index","follow":"follow","max-snippet":"max-snippet:-1","max-image-preview":"max-image-preview:large","max-video-preview":"max-video-preview:-1"},"canonical":"http:\/\/ludzieikrajobrazy.muzeumleszno.pl\/?p=426","og_locale":"pl_PL","og_type":"article","og_title":"Lubonia. Wn\u0119trze kaplicy dworskiej, przed 1939 rokiem - Ludzie i krajobrazy. Powiat Leszczy\u0144ski w ikonografii","og_description":"Patriotyzm i mi\u0142o\u015b\u0107 do ojczyzny w przypadku polskiej szlachty niemal bez wyj\u0105tku wi\u0105za\u0142a si\u0119 z przywi\u0105zaniem do Ko\u015bcio\u0142a katolickiego. W okresie zabor\u00f3w fundacje ko\u015bcio\u0142\u00f3w i innych budynk\u00f3w sakralnych...","og_url":"http:\/\/ludzieikrajobrazy.muzeumleszno.pl\/?p=426","og_site_name":"Ludzie i krajobrazy. Powiat Leszczy\u0144ski w ikonografii","article_published_time":"2024-07-09T09:57:41+00:00","article_modified_time":"2024-09-24T08:15:37+00:00","og_image":[{"width":1441,"height":2000,"url":"http:\/\/ludzieikrajobrazy.muzeumleszno.pl\/wp-content\/uploads\/2024\/07\/69_MLFa-3778.jpg","type":"image\/jpeg"}],"author":"Pan_Admin","twitter_card":"summary_large_image","twitter_misc":{"Napisane przez":"Pan_Admin","Szacowany czas czytania":"2 minuty"},"schema":{"@context":"https:\/\/schema.org","@graph":[{"@type":"Article","@id":"http:\/\/ludzieikrajobrazy.muzeumleszno.pl\/?p=426#article","isPartOf":{"@id":"http:\/\/ludzieikrajobrazy.muzeumleszno.pl\/?p=426"},"author":{"name":"Pan_Admin","@id":"https:\/\/ludzieikrajobrazy.muzeumleszno.pl\/#\/schema\/person\/fc2bc20e2b51efc3202ac1f0cdcd06c0"},"headline":"Lubonia. Wn\u0119trze kaplicy dworskiej, przed 1939 rokiem","datePublished":"2024-07-09T09:57:41+00:00","dateModified":"2024-09-24T08:15:37+00:00","mainEntityOfPage":{"@id":"http:\/\/ludzieikrajobrazy.muzeumleszno.pl\/?p=426"},"wordCount":218,"image":{"@id":"http:\/\/ludzieikrajobrazy.muzeumleszno.pl\/?p=426#primaryimage"},"thumbnailUrl":"http:\/\/ludzieikrajobrazy.muzeumleszno.pl\/wp-content\/uploads\/2024\/07\/69_MLFa-3778.jpg","keywords":["1939","Archanio\u0142 Micha\u0142","Baranek Eucharystyczny","budownictwo drewniane","dawna Rzeczpospolita","dokumentacja","Ecce Agnus Dei (To jest Baranek Bo\u017cy)","fotografia","god\u0142o","Henryk Morawski","historia pa\u0144stwa","kaplica dworska","ksi\u0105dz","kwiaty","\u0142acina","Litwa","Lubonia","Matka Boska","obraz","o\u0142tarz","Orze\u0142 Bia\u0142y","patriotyzm","Pogo\u0144","Polska","Ru\u015b","Rzeczpospolita Obojga Narod\u00f3w","strop","szarfa","tarcza","tkanina o\u0142tarzowa","wn\u0119trze","wyposa\u017cenie"],"articleSection":["Lubonia"],"inLanguage":"pl-PL"},{"@type":"WebPage","@id":"http:\/\/ludzieikrajobrazy.muzeumleszno.pl\/?p=426","url":"http:\/\/ludzieikrajobrazy.muzeumleszno.pl\/?p=426","name":"Lubonia. Wn\u0119trze kaplicy dworskiej, przed 1939 rokiem - Ludzie i krajobrazy. Powiat Leszczy\u0144ski w ikonografii","isPartOf":{"@id":"https:\/\/ludzieikrajobrazy.muzeumleszno.pl\/#website"},"primaryImageOfPage":{"@id":"http:\/\/ludzieikrajobrazy.muzeumleszno.pl\/?p=426#primaryimage"},"image":{"@id":"http:\/\/ludzieikrajobrazy.muzeumleszno.pl\/?p=426#primaryimage"},"thumbnailUrl":"http:\/\/ludzieikrajobrazy.muzeumleszno.pl\/wp-content\/uploads\/2024\/07\/69_MLFa-3778.jpg","datePublished":"2024-07-09T09:57:41+00:00","dateModified":"2024-09-24T08:15:37+00:00","author":{"@id":"https:\/\/ludzieikrajobrazy.muzeumleszno.pl\/#\/schema\/person\/fc2bc20e2b51efc3202ac1f0cdcd06c0"},"breadcrumb":{"@id":"http:\/\/ludzieikrajobrazy.muzeumleszno.pl\/?p=426#breadcrumb"},"inLanguage":"pl-PL","potentialAction":[{"@type":"ReadAction","target":["http:\/\/ludzieikrajobrazy.muzeumleszno.pl\/?p=426"]}]},{"@type":"BreadcrumbList","@id":"http:\/\/ludzieikrajobrazy.muzeumleszno.pl\/?p=426#breadcrumb","itemListElement":[{"@type":"ListItem","position":1,"name":"Home","item":"https:\/\/ludzieikrajobrazy.muzeumleszno.pl\/"},{"@type":"ListItem","position":2,"name":"Lubonia. Wn\u0119trze kaplicy dworskiej, przed 1939 rokiem"}]},{"@type":"WebSite","@id":"https:\/\/ludzieikrajobrazy.muzeumleszno.pl\/#website","url":"https:\/\/ludzieikrajobrazy.muzeumleszno.pl\/","name":"Ludzie i krajobrazy. Powiat Leszczy\u0144ski w ikonografii","description":"Powiat Leszczy\u0144ski w ikonografii","potentialAction":[{"@type":"SearchAction","target":{"@type":"EntryPoint","urlTemplate":"https:\/\/ludzieikrajobrazy.muzeumleszno.pl\/?s={search_term_string}"},"query-input":{"@type":"PropertyValueSpecification","valueRequired":true,"valueName":"search_term_string"}}],"inLanguage":"pl-PL"},{"@type":"Person","@id":"https:\/\/ludzieikrajobrazy.muzeumleszno.pl\/#\/schema\/person\/fc2bc20e2b51efc3202ac1f0cdcd06c0","name":"Pan_Admin","image":{"@type":"ImageObject","inLanguage":"pl-PL","@id":"https:\/\/secure.gravatar.com\/avatar\/d109d485abe889ecc32dbdb971b715ad9d4596bd0e2353626451db3e04099822?s=96&d=mm&r=g","url":"https:\/\/secure.gravatar.com\/avatar\/d109d485abe889ecc32dbdb971b715ad9d4596bd0e2353626451db3e04099822?s=96&d=mm&r=g","contentUrl":"https:\/\/secure.gravatar.com\/avatar\/d109d485abe889ecc32dbdb971b715ad9d4596bd0e2353626451db3e04099822?s=96&d=mm&r=g","caption":"Pan_Admin"},"sameAs":["http:\/\/ludzieikrajobrazy.muzeumleszno.pl"],"url":"http:\/\/ludzieikrajobrazy.muzeumleszno.pl\/?author=1"}]}},"_links":{"self":[{"href":"http:\/\/ludzieikrajobrazy.muzeumleszno.pl\/index.php?rest_route=\/wp\/v2\/posts\/426","targetHints":{"allow":["GET"]}}],"collection":[{"href":"http:\/\/ludzieikrajobrazy.muzeumleszno.pl\/index.php?rest_route=\/wp\/v2\/posts"}],"about":[{"href":"http:\/\/ludzieikrajobrazy.muzeumleszno.pl\/index.php?rest_route=\/wp\/v2\/types\/post"}],"author":[{"embeddable":true,"href":"http:\/\/ludzieikrajobrazy.muzeumleszno.pl\/index.php?rest_route=\/wp\/v2\/users\/1"}],"replies":[{"embeddable":true,"href":"http:\/\/ludzieikrajobrazy.muzeumleszno.pl\/index.php?rest_route=%2Fwp%2Fv2%2Fcomments&post=426"}],"version-history":[{"count":2,"href":"http:\/\/ludzieikrajobrazy.muzeumleszno.pl\/index.php?rest_route=\/wp\/v2\/posts\/426\/revisions"}],"predecessor-version":[{"id":1232,"href":"http:\/\/ludzieikrajobrazy.muzeumleszno.pl\/index.php?rest_route=\/wp\/v2\/posts\/426\/revisions\/1232"}],"wp:featuredmedia":[{"embeddable":true,"href":"http:\/\/ludzieikrajobrazy.muzeumleszno.pl\/index.php?rest_route=\/wp\/v2\/media\/428"}],"wp:attachment":[{"href":"http:\/\/ludzieikrajobrazy.muzeumleszno.pl\/index.php?rest_route=%2Fwp%2Fv2%2Fmedia&parent=426"}],"wp:term":[{"taxonomy":"category","embeddable":true,"href":"http:\/\/ludzieikrajobrazy.muzeumleszno.pl\/index.php?rest_route=%2Fwp%2Fv2%2Fcategories&post=426"},{"taxonomy":"post_tag","embeddable":true,"href":"http:\/\/ludzieikrajobrazy.muzeumleszno.pl\/index.php?rest_route=%2Fwp%2Fv2%2Ftags&post=426"}],"curies":[{"name":"wp","href":"https:\/\/api.w.org\/{rel}","templated":true}]}}