{"id":445,"date":"2024-07-05T12:00:43","date_gmt":"2024-07-05T10:00:43","guid":{"rendered":"http:\/\/ludzieikrajobrazy.muzeumleszno.pl\/?p=445"},"modified":"2024-09-24T11:43:46","modified_gmt":"2024-09-24T09:43:46","slug":"oporowo-kosciol-pw-niepokalanego-poczecia-najswietszej-panny-mariiokolo-1950-roku","status":"publish","type":"post","link":"http:\/\/ludzieikrajobrazy.muzeumleszno.pl\/?p=445","title":{"rendered":"Oporowo. Ko\u015bci\u00f3\u0142 pw. Niepokalanego Pocz\u0119cia Naj\u015bwi\u0119tszej Panny Marii, oko\u0142o 1950 roku"},"content":{"rendered":"\n<p><em>\u201eBogu w tr\u00f3jcy \u015bwi\u0119tej jedynemu na Chwa\u0142\u0119 Przenaj\u015bwi\u0119tszy Matce jego na cze\u015b\u0107 i \u015bwi\u0119tym Patronom swoim na ozdob\u0119. Pod tytu\u0142em Niepokalanego Pocz\u0119cia Naj\u015bwi\u0119tszy Panny Maryi. Ten ko\u015bci\u00f3\u0142 z gruntu podmurowa\u0107, sklepy wysklepi\u0107 i drzewem na tej\u017ce dziedzinie zrodzonym zrobi\u0107 i opask\u0119 obmurowa\u0107, wymiarowa\u0107 i wewn\u0105trz kosztem i nak\u0142adem swoim w\u0142asnym&nbsp;sporz\u0105dzi\u0107 i wystawi\u0107 kaza\u0142 Stanis\u0142aw z Bnina \u015amigielski herbu \u0141odzia dziedzic w Oporowie i jedyny podawca ko\u015bcio\u0142a oporowskiego z Katarzyn\u0105 herbu Rosa Zd\u017carowsk\u0105 ma\u0142\u017conk\u0105 swoj\u0105\u201d.<\/em>&nbsp;<\/p>\n\n\n\n<p>Ko\u015bci\u00f3\u0142 w Oporowie m\u00f3g\u0142 istnie\u0107 ju\u017c przed 1310 rokiem, posiada\u0142 jednak wezwanie \u015bw. Marcina i \u015bw. Klemensa i znajdowa\u0142 si\u0119 w innym miejscu ni\u017c obecny. Pierwszym znanym z imienia plebanem by\u0142 Piotr, notariusz publiczny. Wspomina o nim&nbsp; dokument z 1378 roku.&nbsp;<\/p>\n\n\n\n<p>Nowy ko\u015bci\u00f3\u0142 powsta\u0142 w 1640 roku z fundacji Stanis\u0142awa \u015amigielskiego (1590\u20131659), w\u0142a\u015bciciela wsi. \u015awi\u0105tyni\u0119 wzniesiono w technice szachulcowej. Dobudowa murowanej wie\u017cy i kruchty mia\u0142a miejsce na pocz\u0105tku XIX wieku staraniem J\u00f3zefa Ignacego Morawskiego (1782\u20131853), referendarza Ksi\u0119stwa Warszawskiego. Pod cz\u0119\u015bci\u0105 ko\u015bcio\u0142a znajduje si\u0119 krypta grobowa, w kt\u00f3rej spoczywaj\u0105 jego dawni patroni.&nbsp;<\/p>\n\n\n\n<figure data-wp-context=\"{&quot;imageId&quot;:&quot;69f1d6c3a612e&quot;}\" data-wp-interactive=\"core\/image\" data-wp-key=\"69f1d6c3a612e\" class=\"wp-block-image size-full wp-lightbox-container\"><img fetchpriority=\"high\" decoding=\"async\" width=\"2560\" height=\"1908\" data-wp-class--hide=\"state.isContentHidden\" data-wp-class--show=\"state.isContentVisible\" data-wp-init=\"callbacks.setButtonStyles\" data-wp-on--click=\"actions.showLightbox\" data-wp-on--load=\"callbacks.setButtonStyles\" data-wp-on-window--resize=\"callbacks.setButtonStyles\" src=\"http:\/\/ludzieikrajobrazy.muzeumleszno.pl\/wp-content\/uploads\/2024\/07\/75_MLFa-256-scaled.jpg\" alt=\"Oporowo. Ko\u015bci\u00f3\u0142 pw. Niepokalanego Pocz\u0119cia Naj\u015bwi\u0119tszej Panny Marii,oko\u0142o 1950 roku\" class=\"wp-image-446\" srcset=\"http:\/\/ludzieikrajobrazy.muzeumleszno.pl\/wp-content\/uploads\/2024\/07\/75_MLFa-256-scaled.jpg 2560w, http:\/\/ludzieikrajobrazy.muzeumleszno.pl\/wp-content\/uploads\/2024\/07\/75_MLFa-256-1536x1145.jpg 1536w, http:\/\/ludzieikrajobrazy.muzeumleszno.pl\/wp-content\/uploads\/2024\/07\/75_MLFa-256-2048x1526.jpg 2048w, http:\/\/ludzieikrajobrazy.muzeumleszno.pl\/wp-content\/uploads\/2024\/07\/75_MLFa-256-200x149.jpg 200w, http:\/\/ludzieikrajobrazy.muzeumleszno.pl\/wp-content\/uploads\/2024\/07\/75_MLFa-256-973x725.jpg 973w, http:\/\/ludzieikrajobrazy.muzeumleszno.pl\/wp-content\/uploads\/2024\/07\/75_MLFa-256-508x379.jpg 508w\" sizes=\"(max-width: 2560px) 100vw, 2560px\" \/><button\n\t\t\tclass=\"lightbox-trigger\"\n\t\t\ttype=\"button\"\n\t\t\taria-haspopup=\"dialog\"\n\t\t\taria-label=\"Powi\u0119ksz\"\n\t\t\tdata-wp-init=\"callbacks.initTriggerButton\"\n\t\t\tdata-wp-on--click=\"actions.showLightbox\"\n\t\t\tdata-wp-style--right=\"state.imageButtonRight\"\n\t\t\tdata-wp-style--top=\"state.imageButtonTop\"\n\t\t>\n\t\t\t<svg xmlns=\"http:\/\/www.w3.org\/2000\/svg\" width=\"12\" height=\"12\" fill=\"none\" viewBox=\"0 0 12 12\">\n\t\t\t\t<path fill=\"#fff\" d=\"M2 0a2 2 0 0 0-2 2v2h1.5V2a.5.5 0 0 1 .5-.5h2V0H2Zm2 10.5H2a.5.5 0 0 1-.5-.5V8H0v2a2 2 0 0 0 2 2h2v-1.5ZM8 12v-1.5h2a.5.5 0 0 0 .5-.5V8H12v2a2 2 0 0 1-2 2H8Zm2-12a2 2 0 0 1 2 2v2h-1.5V2a.5.5 0 0 0-.5-.5H8V0h2Z\" \/>\n\t\t\t<\/svg>\n\t\t<\/button><figcaption class=\"wp-element-caption\">Oporowo. Ko\u015bci\u00f3\u0142 pw. Niepokalanego Pocz\u0119cia Naj\u015bwi\u0119tszej Panny Marii, oko\u0142o 1950 roku. wys. 12,5 cm x szer. 17,5 cm; odbitka srebrowo-\u017celatynowa, papier fotograficzny, 1950 rok, Muzeum Okr\u0119gowe w Lesznie; MLFa256<\/figcaption><\/figure>\n\n\n\n<p class=\"has-small-font-size\">nr inw. MLFa 256<br>W zbiorach Muzeum Okr\u0119gowego w Lesznie od lata 60. XX wieku, dar<\/p>\n\n\n\n<p>D.Cz.&nbsp;<\/p>\n\n\n\n<figure class=\"wp-block-embed is-type-video is-provider-youtube wp-block-embed-youtube wp-embed-aspect-16-9 wp-has-aspect-ratio\"><div class=\"wp-block-embed__wrapper\">\n<iframe title=\"Oporowo  Kos\u0301cio\u0301\u0142 pw  Niepokalanego Pocze\u0328cia Najs\u0301wie\u0328tszej Panny Marii,oko\u0142o 1950 roku\" width=\"620\" height=\"349\" src=\"https:\/\/www.youtube.com\/embed\/00NGaTHrEmo?feature=oembed\" frameborder=\"0\" allow=\"accelerometer; autoplay; clipboard-write; encrypted-media; gyroscope; picture-in-picture; web-share\" referrerpolicy=\"strict-origin-when-cross-origin\" allowfullscreen><\/iframe>\n<\/div><\/figure>\n","protected":false},"excerpt":{"rendered":"<p>\u201eBogu w tr\u00f3jcy \u015bwi\u0119tej jedynemu na Chwa\u0142\u0119 Przenaj\u015bwi\u0119tszy Matce jego na cze\u015b\u0107 i \u015bwi\u0119tym Patronom swoim na ozdob\u0119. Pod tytu\u0142em Niepokalanego Pocz\u0119cia Naj\u015bwi\u0119tszy Panny Maryi. Ten ko\u015bci\u00f3\u0142 z&#8230;<\/p>\n","protected":false},"author":1,"featured_media":446,"comment_status":"closed","ping_status":"closed","sticky":false,"template":"","format":"standard","meta":{"cybocfi_hide_featured_image":"yes","footnotes":""},"categories":[73],"tags":[147,150,151,146,152,74,149,148],"class_list":["post-445","post","type-post","status-publish","format-standard","has-post-thumbnail","hentry","category-oporowo","tag-147","tag-fundacja-stanislawa-smigielskiego","tag-jozef-ignacy-morawski","tag-kosciol-pw-niepokalanego-poczecia-najswietszej-panny-marii","tag-ksiestwo-warszawskie","tag-oporowo","tag-pleban-piotr","tag-wezwanie-sw-marcina-i-sw-klemensa"],"yoast_head":"<!-- This site is optimized with the Yoast SEO plugin v27.5 - https:\/\/yoast.com\/product\/yoast-seo-wordpress\/ -->\n<title>Oporowo. Ko\u015bci\u00f3\u0142 pw. Niepokalanego Pocz\u0119cia Naj\u015bwi\u0119tszej Panny Marii, oko\u0142o 1950 roku - Ludzie i krajobrazy. Powiat Leszczy\u0144ski w ikonografii<\/title>\n<meta name=\"robots\" content=\"index, follow, max-snippet:-1, max-image-preview:large, max-video-preview:-1\" \/>\n<link rel=\"canonical\" href=\"http:\/\/ludzieikrajobrazy.muzeumleszno.pl\/?p=445\" \/>\n<meta property=\"og:locale\" content=\"pl_PL\" \/>\n<meta property=\"og:type\" content=\"article\" \/>\n<meta property=\"og:title\" content=\"Oporowo. Ko\u015bci\u00f3\u0142 pw. Niepokalanego Pocz\u0119cia Naj\u015bwi\u0119tszej Panny Marii, oko\u0142o 1950 roku - Ludzie i krajobrazy. Powiat Leszczy\u0144ski w ikonografii\" \/>\n<meta property=\"og:description\" content=\"\u201eBogu w tr\u00f3jcy \u015bwi\u0119tej jedynemu na Chwa\u0142\u0119 Przenaj\u015bwi\u0119tszy Matce jego na cze\u015b\u0107 i \u015bwi\u0119tym Patronom swoim na ozdob\u0119. Pod tytu\u0142em Niepokalanego Pocz\u0119cia Naj\u015bwi\u0119tszy Panny Maryi. Ten ko\u015bci\u00f3\u0142 z...\" \/>\n<meta property=\"og:url\" content=\"http:\/\/ludzieikrajobrazy.muzeumleszno.pl\/?p=445\" \/>\n<meta property=\"og:site_name\" content=\"Ludzie i krajobrazy. Powiat Leszczy\u0144ski w ikonografii\" \/>\n<meta property=\"article:published_time\" content=\"2024-07-05T10:00:43+00:00\" \/>\n<meta property=\"article:modified_time\" content=\"2024-09-24T09:43:46+00:00\" \/>\n<meta property=\"og:image\" content=\"http:\/\/ludzieikrajobrazy.muzeumleszno.pl\/wp-content\/uploads\/2024\/07\/75_MLFa-256-scaled.jpg\" \/>\n\t<meta property=\"og:image:width\" content=\"2560\" \/>\n\t<meta property=\"og:image:height\" content=\"1908\" \/>\n\t<meta property=\"og:image:type\" content=\"image\/jpeg\" \/>\n<meta name=\"author\" content=\"Pan_Admin\" \/>\n<meta name=\"twitter:card\" content=\"summary_large_image\" \/>\n<meta name=\"twitter:label1\" content=\"Napisane przez\" \/>\n\t<meta name=\"twitter:data1\" content=\"Pan_Admin\" \/>\n\t<meta name=\"twitter:label2\" content=\"Szacowany czas czytania\" \/>\n\t<meta name=\"twitter:data2\" content=\"2 minuty\" \/>\n<script type=\"application\/ld+json\" class=\"yoast-schema-graph\">{\"@context\":\"https:\\\/\\\/schema.org\",\"@graph\":[{\"@type\":\"Article\",\"@id\":\"http:\\\/\\\/ludzieikrajobrazy.muzeumleszno.pl\\\/?p=445#article\",\"isPartOf\":{\"@id\":\"http:\\\/\\\/ludzieikrajobrazy.muzeumleszno.pl\\\/?p=445\"},\"author\":{\"name\":\"Pan_Admin\",\"@id\":\"https:\\\/\\\/ludzieikrajobrazy.muzeumleszno.pl\\\/#\\\/schema\\\/person\\\/fc2bc20e2b51efc3202ac1f0cdcd06c0\"},\"headline\":\"Oporowo. Ko\u015bci\u00f3\u0142 pw. Niepokalanego Pocz\u0119cia Naj\u015bwi\u0119tszej Panny Marii, oko\u0142o 1950 roku\",\"datePublished\":\"2024-07-05T10:00:43+00:00\",\"dateModified\":\"2024-09-24T09:43:46+00:00\",\"mainEntityOfPage\":{\"@id\":\"http:\\\/\\\/ludzieikrajobrazy.muzeumleszno.pl\\\/?p=445\"},\"wordCount\":271,\"image\":{\"@id\":\"http:\\\/\\\/ludzieikrajobrazy.muzeumleszno.pl\\\/?p=445#primaryimage\"},\"thumbnailUrl\":\"http:\\\/\\\/ludzieikrajobrazy.muzeumleszno.pl\\\/wp-content\\\/uploads\\\/2024\\\/07\\\/75_MLFa-256-scaled.jpg\",\"keywords\":[\"1950\",\"fundacja Stanis\u0142awa \u015amigielskiego\",\"J\u00f3zef Ignacy Morawski\",\"Ko\u015bci\u00f3\u0142 pod wezwaniem Niepokalanego Pocz\u0119cia Naj\u015bwi\u0119tszej Panny Marii\",\"Ksi\u0119stwo Warszawskie\",\"Oporowo\",\"pleban Piotr\",\"wezwanie \u015bw. Marcina i \u015bw. Klemensa\"],\"articleSection\":[\"Oporowo\"],\"inLanguage\":\"pl-PL\"},{\"@type\":\"WebPage\",\"@id\":\"http:\\\/\\\/ludzieikrajobrazy.muzeumleszno.pl\\\/?p=445\",\"url\":\"http:\\\/\\\/ludzieikrajobrazy.muzeumleszno.pl\\\/?p=445\",\"name\":\"Oporowo. Ko\u015bci\u00f3\u0142 pw. Niepokalanego Pocz\u0119cia Naj\u015bwi\u0119tszej Panny Marii, oko\u0142o 1950 roku - Ludzie i krajobrazy. Powiat Leszczy\u0144ski w ikonografii\",\"isPartOf\":{\"@id\":\"https:\\\/\\\/ludzieikrajobrazy.muzeumleszno.pl\\\/#website\"},\"primaryImageOfPage\":{\"@id\":\"http:\\\/\\\/ludzieikrajobrazy.muzeumleszno.pl\\\/?p=445#primaryimage\"},\"image\":{\"@id\":\"http:\\\/\\\/ludzieikrajobrazy.muzeumleszno.pl\\\/?p=445#primaryimage\"},\"thumbnailUrl\":\"http:\\\/\\\/ludzieikrajobrazy.muzeumleszno.pl\\\/wp-content\\\/uploads\\\/2024\\\/07\\\/75_MLFa-256-scaled.jpg\",\"datePublished\":\"2024-07-05T10:00:43+00:00\",\"dateModified\":\"2024-09-24T09:43:46+00:00\",\"author\":{\"@id\":\"https:\\\/\\\/ludzieikrajobrazy.muzeumleszno.pl\\\/#\\\/schema\\\/person\\\/fc2bc20e2b51efc3202ac1f0cdcd06c0\"},\"breadcrumb\":{\"@id\":\"http:\\\/\\\/ludzieikrajobrazy.muzeumleszno.pl\\\/?p=445#breadcrumb\"},\"inLanguage\":\"pl-PL\",\"potentialAction\":[{\"@type\":\"ReadAction\",\"target\":[\"http:\\\/\\\/ludzieikrajobrazy.muzeumleszno.pl\\\/?p=445\"]}]},{\"@type\":\"BreadcrumbList\",\"@id\":\"http:\\\/\\\/ludzieikrajobrazy.muzeumleszno.pl\\\/?p=445#breadcrumb\",\"itemListElement\":[{\"@type\":\"ListItem\",\"position\":1,\"name\":\"Home\",\"item\":\"https:\\\/\\\/ludzieikrajobrazy.muzeumleszno.pl\\\/\"},{\"@type\":\"ListItem\",\"position\":2,\"name\":\"Oporowo. Ko\u015bci\u00f3\u0142 pw. Niepokalanego Pocz\u0119cia Naj\u015bwi\u0119tszej Panny Marii, oko\u0142o 1950 roku\"}]},{\"@type\":\"WebSite\",\"@id\":\"https:\\\/\\\/ludzieikrajobrazy.muzeumleszno.pl\\\/#website\",\"url\":\"https:\\\/\\\/ludzieikrajobrazy.muzeumleszno.pl\\\/\",\"name\":\"Ludzie i krajobrazy. Powiat Leszczy\u0144ski w ikonografii\",\"description\":\"Powiat Leszczy\u0144ski w ikonografii\",\"potentialAction\":[{\"@type\":\"SearchAction\",\"target\":{\"@type\":\"EntryPoint\",\"urlTemplate\":\"https:\\\/\\\/ludzieikrajobrazy.muzeumleszno.pl\\\/?s={search_term_string}\"},\"query-input\":{\"@type\":\"PropertyValueSpecification\",\"valueRequired\":true,\"valueName\":\"search_term_string\"}}],\"inLanguage\":\"pl-PL\"},{\"@type\":\"Person\",\"@id\":\"https:\\\/\\\/ludzieikrajobrazy.muzeumleszno.pl\\\/#\\\/schema\\\/person\\\/fc2bc20e2b51efc3202ac1f0cdcd06c0\",\"name\":\"Pan_Admin\",\"image\":{\"@type\":\"ImageObject\",\"inLanguage\":\"pl-PL\",\"@id\":\"https:\\\/\\\/secure.gravatar.com\\\/avatar\\\/d109d485abe889ecc32dbdb971b715ad9d4596bd0e2353626451db3e04099822?s=96&d=mm&r=g\",\"url\":\"https:\\\/\\\/secure.gravatar.com\\\/avatar\\\/d109d485abe889ecc32dbdb971b715ad9d4596bd0e2353626451db3e04099822?s=96&d=mm&r=g\",\"contentUrl\":\"https:\\\/\\\/secure.gravatar.com\\\/avatar\\\/d109d485abe889ecc32dbdb971b715ad9d4596bd0e2353626451db3e04099822?s=96&d=mm&r=g\",\"caption\":\"Pan_Admin\"},\"sameAs\":[\"http:\\\/\\\/ludzieikrajobrazy.muzeumleszno.pl\"],\"url\":\"http:\\\/\\\/ludzieikrajobrazy.muzeumleszno.pl\\\/?author=1\"}]}<\/script>\n<!-- \/ Yoast SEO plugin. -->","yoast_head_json":{"title":"Oporowo. Ko\u015bci\u00f3\u0142 pw. Niepokalanego Pocz\u0119cia Naj\u015bwi\u0119tszej Panny Marii, oko\u0142o 1950 roku - Ludzie i krajobrazy. Powiat Leszczy\u0144ski w ikonografii","robots":{"index":"index","follow":"follow","max-snippet":"max-snippet:-1","max-image-preview":"max-image-preview:large","max-video-preview":"max-video-preview:-1"},"canonical":"http:\/\/ludzieikrajobrazy.muzeumleszno.pl\/?p=445","og_locale":"pl_PL","og_type":"article","og_title":"Oporowo. Ko\u015bci\u00f3\u0142 pw. Niepokalanego Pocz\u0119cia Naj\u015bwi\u0119tszej Panny Marii, oko\u0142o 1950 roku - Ludzie i krajobrazy. Powiat Leszczy\u0144ski w ikonografii","og_description":"\u201eBogu w tr\u00f3jcy \u015bwi\u0119tej jedynemu na Chwa\u0142\u0119 Przenaj\u015bwi\u0119tszy Matce jego na cze\u015b\u0107 i \u015bwi\u0119tym Patronom swoim na ozdob\u0119. Pod tytu\u0142em Niepokalanego Pocz\u0119cia Naj\u015bwi\u0119tszy Panny Maryi. Ten ko\u015bci\u00f3\u0142 z...","og_url":"http:\/\/ludzieikrajobrazy.muzeumleszno.pl\/?p=445","og_site_name":"Ludzie i krajobrazy. Powiat Leszczy\u0144ski w ikonografii","article_published_time":"2024-07-05T10:00:43+00:00","article_modified_time":"2024-09-24T09:43:46+00:00","og_image":[{"width":2560,"height":1908,"url":"http:\/\/ludzieikrajobrazy.muzeumleszno.pl\/wp-content\/uploads\/2024\/07\/75_MLFa-256-scaled.jpg","type":"image\/jpeg"}],"author":"Pan_Admin","twitter_card":"summary_large_image","twitter_misc":{"Napisane przez":"Pan_Admin","Szacowany czas czytania":"2 minuty"},"schema":{"@context":"https:\/\/schema.org","@graph":[{"@type":"Article","@id":"http:\/\/ludzieikrajobrazy.muzeumleszno.pl\/?p=445#article","isPartOf":{"@id":"http:\/\/ludzieikrajobrazy.muzeumleszno.pl\/?p=445"},"author":{"name":"Pan_Admin","@id":"https:\/\/ludzieikrajobrazy.muzeumleszno.pl\/#\/schema\/person\/fc2bc20e2b51efc3202ac1f0cdcd06c0"},"headline":"Oporowo. Ko\u015bci\u00f3\u0142 pw. Niepokalanego Pocz\u0119cia Naj\u015bwi\u0119tszej Panny Marii, oko\u0142o 1950 roku","datePublished":"2024-07-05T10:00:43+00:00","dateModified":"2024-09-24T09:43:46+00:00","mainEntityOfPage":{"@id":"http:\/\/ludzieikrajobrazy.muzeumleszno.pl\/?p=445"},"wordCount":271,"image":{"@id":"http:\/\/ludzieikrajobrazy.muzeumleszno.pl\/?p=445#primaryimage"},"thumbnailUrl":"http:\/\/ludzieikrajobrazy.muzeumleszno.pl\/wp-content\/uploads\/2024\/07\/75_MLFa-256-scaled.jpg","keywords":["1950","fundacja Stanis\u0142awa \u015amigielskiego","J\u00f3zef Ignacy Morawski","Ko\u015bci\u00f3\u0142 pod wezwaniem Niepokalanego Pocz\u0119cia Naj\u015bwi\u0119tszej Panny Marii","Ksi\u0119stwo Warszawskie","Oporowo","pleban Piotr","wezwanie \u015bw. Marcina i \u015bw. Klemensa"],"articleSection":["Oporowo"],"inLanguage":"pl-PL"},{"@type":"WebPage","@id":"http:\/\/ludzieikrajobrazy.muzeumleszno.pl\/?p=445","url":"http:\/\/ludzieikrajobrazy.muzeumleszno.pl\/?p=445","name":"Oporowo. Ko\u015bci\u00f3\u0142 pw. Niepokalanego Pocz\u0119cia Naj\u015bwi\u0119tszej Panny Marii, oko\u0142o 1950 roku - Ludzie i krajobrazy. Powiat Leszczy\u0144ski w ikonografii","isPartOf":{"@id":"https:\/\/ludzieikrajobrazy.muzeumleszno.pl\/#website"},"primaryImageOfPage":{"@id":"http:\/\/ludzieikrajobrazy.muzeumleszno.pl\/?p=445#primaryimage"},"image":{"@id":"http:\/\/ludzieikrajobrazy.muzeumleszno.pl\/?p=445#primaryimage"},"thumbnailUrl":"http:\/\/ludzieikrajobrazy.muzeumleszno.pl\/wp-content\/uploads\/2024\/07\/75_MLFa-256-scaled.jpg","datePublished":"2024-07-05T10:00:43+00:00","dateModified":"2024-09-24T09:43:46+00:00","author":{"@id":"https:\/\/ludzieikrajobrazy.muzeumleszno.pl\/#\/schema\/person\/fc2bc20e2b51efc3202ac1f0cdcd06c0"},"breadcrumb":{"@id":"http:\/\/ludzieikrajobrazy.muzeumleszno.pl\/?p=445#breadcrumb"},"inLanguage":"pl-PL","potentialAction":[{"@type":"ReadAction","target":["http:\/\/ludzieikrajobrazy.muzeumleszno.pl\/?p=445"]}]},{"@type":"BreadcrumbList","@id":"http:\/\/ludzieikrajobrazy.muzeumleszno.pl\/?p=445#breadcrumb","itemListElement":[{"@type":"ListItem","position":1,"name":"Home","item":"https:\/\/ludzieikrajobrazy.muzeumleszno.pl\/"},{"@type":"ListItem","position":2,"name":"Oporowo. Ko\u015bci\u00f3\u0142 pw. Niepokalanego Pocz\u0119cia Naj\u015bwi\u0119tszej Panny Marii, oko\u0142o 1950 roku"}]},{"@type":"WebSite","@id":"https:\/\/ludzieikrajobrazy.muzeumleszno.pl\/#website","url":"https:\/\/ludzieikrajobrazy.muzeumleszno.pl\/","name":"Ludzie i krajobrazy. Powiat Leszczy\u0144ski w ikonografii","description":"Powiat Leszczy\u0144ski w ikonografii","potentialAction":[{"@type":"SearchAction","target":{"@type":"EntryPoint","urlTemplate":"https:\/\/ludzieikrajobrazy.muzeumleszno.pl\/?s={search_term_string}"},"query-input":{"@type":"PropertyValueSpecification","valueRequired":true,"valueName":"search_term_string"}}],"inLanguage":"pl-PL"},{"@type":"Person","@id":"https:\/\/ludzieikrajobrazy.muzeumleszno.pl\/#\/schema\/person\/fc2bc20e2b51efc3202ac1f0cdcd06c0","name":"Pan_Admin","image":{"@type":"ImageObject","inLanguage":"pl-PL","@id":"https:\/\/secure.gravatar.com\/avatar\/d109d485abe889ecc32dbdb971b715ad9d4596bd0e2353626451db3e04099822?s=96&d=mm&r=g","url":"https:\/\/secure.gravatar.com\/avatar\/d109d485abe889ecc32dbdb971b715ad9d4596bd0e2353626451db3e04099822?s=96&d=mm&r=g","contentUrl":"https:\/\/secure.gravatar.com\/avatar\/d109d485abe889ecc32dbdb971b715ad9d4596bd0e2353626451db3e04099822?s=96&d=mm&r=g","caption":"Pan_Admin"},"sameAs":["http:\/\/ludzieikrajobrazy.muzeumleszno.pl"],"url":"http:\/\/ludzieikrajobrazy.muzeumleszno.pl\/?author=1"}]}},"_links":{"self":[{"href":"http:\/\/ludzieikrajobrazy.muzeumleszno.pl\/index.php?rest_route=\/wp\/v2\/posts\/445","targetHints":{"allow":["GET"]}}],"collection":[{"href":"http:\/\/ludzieikrajobrazy.muzeumleszno.pl\/index.php?rest_route=\/wp\/v2\/posts"}],"about":[{"href":"http:\/\/ludzieikrajobrazy.muzeumleszno.pl\/index.php?rest_route=\/wp\/v2\/types\/post"}],"author":[{"embeddable":true,"href":"http:\/\/ludzieikrajobrazy.muzeumleszno.pl\/index.php?rest_route=\/wp\/v2\/users\/1"}],"replies":[{"embeddable":true,"href":"http:\/\/ludzieikrajobrazy.muzeumleszno.pl\/index.php?rest_route=%2Fwp%2Fv2%2Fcomments&post=445"}],"version-history":[{"count":2,"href":"http:\/\/ludzieikrajobrazy.muzeumleszno.pl\/index.php?rest_route=\/wp\/v2\/posts\/445\/revisions"}],"predecessor-version":[{"id":1240,"href":"http:\/\/ludzieikrajobrazy.muzeumleszno.pl\/index.php?rest_route=\/wp\/v2\/posts\/445\/revisions\/1240"}],"wp:featuredmedia":[{"embeddable":true,"href":"http:\/\/ludzieikrajobrazy.muzeumleszno.pl\/index.php?rest_route=\/wp\/v2\/media\/446"}],"wp:attachment":[{"href":"http:\/\/ludzieikrajobrazy.muzeumleszno.pl\/index.php?rest_route=%2Fwp%2Fv2%2Fmedia&parent=445"}],"wp:term":[{"taxonomy":"category","embeddable":true,"href":"http:\/\/ludzieikrajobrazy.muzeumleszno.pl\/index.php?rest_route=%2Fwp%2Fv2%2Fcategories&post=445"},{"taxonomy":"post_tag","embeddable":true,"href":"http:\/\/ludzieikrajobrazy.muzeumleszno.pl\/index.php?rest_route=%2Fwp%2Fv2%2Ftags&post=445"}],"curies":[{"name":"wp","href":"https:\/\/api.w.org\/{rel}","templated":true}]}}