{"id":458,"date":"2024-07-04T12:00:20","date_gmt":"2024-07-04T10:00:20","guid":{"rendered":"http:\/\/ludzieikrajobrazy.muzeumleszno.pl\/?p=458"},"modified":"2024-09-27T09:35:33","modified_gmt":"2024-09-27T07:35:33","slug":"oporowko-pocztowka-wielotematyczna-1910-rok-zeitz-verlag-von-max-klare-photo-anstalt","status":"publish","type":"post","link":"http:\/\/ludzieikrajobrazy.muzeumleszno.pl\/?p=458","title":{"rendered":"Opor\u00f3wko. Poczt\u00f3wka wielotematyczna, 1910 rok, Zeitz, Verlag von Max Klare, Photo\u2013Anstalt"},"content":{"rendered":"\n<p>Poczt\u00f3wka adresowana do \u0141ukasza Ratajczaka z Berlina. Datowana: D\u0105bcze, 16.10.1910. Wys\u0142ana przez Piotra i Mariann\u0119 Ratajczak\u00f3w.&nbsp;<\/p>\n\n\n\n<p><em>Kochany Bracie i Bratowa! Najprzud was wszystkich pozdrawiamy i wasze dzieci. A teras wam winszujemy zdrowia szcz\u0119\u015bcia i b\u0142ogos\u0142awie\u0144stwa \u015bw., a po \u015bmierci zbawienia wiecznego i jeszcze raz do Polski wr\u00f3cili i swoje ko\u015bci w naszej ziemi pochowali. Babusia wam dzi\u0119kuj\u0105 za powinszowania i bardzo si\u0119 ucieszyli, \u017ce pami\u0119tacie o nich, macie Opor\u00f3wko na drugiej stronie poznajcie Majera i on\u0105 i do mi\u0142ego zobaczenia. Piotr i Maryanna Ratajczak pozd[rawiaj\u0105] moje dzieci. Jadwiga Ma\u0142uszewska idzie za m\u0105\u017c w Westfalii. Masz[\u2026] my ju\u017c posprz\u0105tali wszystko.&nbsp;<\/em><\/p>\n\n\n\n<p>Kompozycja trzech widok\u00f3w Opor\u00f3wka. U g\u00f3ry budynek wiejskiej szko\u0142y powsta\u0142ej w 1824 roku. Pocz\u0105tkowo uczy\u0142y si\u0119 w niej tak\u017ce dzieci z Oporowa i Luboni. Szko\u0142a by\u0142a jednoklasowa, z czterema oddzia\u0142ami i jednym wychowawc\u0105. M\u0119\u017cczyzna pozuj\u0105cy na fotografii to zapewne nauczyciel.&nbsp;<\/p>\n\n\n\n<p>W \u015brodku zajazd (niem. Gastwirtschaft) nale\u017c\u0105cy do Stanis\u0142awa Matera. Budynek sta\u0142 przy skrzy\u017cowaniu dr\u00f3g do Ponieca, Krzemieniewa, Paw\u0142owic i Oporowa. Dogodna lokalizacja zach\u0119ca\u0142a podr\u00f3\u017cnych do postoju i kr\u00f3tkiego wypoczynku. Pod wizerunkiem umieszczono odr\u0119czny dopisek: \u201eSta\u015bkiewicz\u201d \u201eon\u201d (pierwszy z lewej), \u201eona\u201d (si\u00f3dma z lewej). Na balkonie stoj\u0105 w\u0142a\u015bciciele ober\u017cy.&nbsp;<\/p>\n\n\n\n<p>U do\u0142u niewielki, parterowy dw\u00f3r \u2013 rz\u0105dc\u00f3wka w Opor\u00f3wku, wzniesiony w 1844 roku dla w\u0142a\u015bcicieli maj\u0105tku Morawskich. Projekt przygotowa\u0142 berli\u0144ski architekt Karol W\u00fcrtemberg, znany r\u00f3wnie\u017c z innych realizacji na terenie Wielkopolski (m.in. Czerwona Wie\u015b, \u015aliwniki, Stawiany, Ka\u017amierz). Obiekt zosta\u0142 zbudowany w technice szkieletowej z ceglanym wype\u0142nieniem.&nbsp;<\/p>\n\n\n\n<figure data-wp-context=\"{&quot;imageId&quot;:&quot;69f463d53b9e4&quot;}\" data-wp-interactive=\"core\/image\" data-wp-key=\"69f463d53b9e4\" class=\"wp-block-image size-full wp-lightbox-container\"><img fetchpriority=\"high\" decoding=\"async\" width=\"1291\" height=\"2000\" data-wp-class--hide=\"state.isContentHidden\" data-wp-class--show=\"state.isContentVisible\" data-wp-init=\"callbacks.setButtonStyles\" data-wp-on--click=\"actions.showLightbox\" data-wp-on--load=\"callbacks.setButtonStyles\" data-wp-on-window--resize=\"callbacks.setButtonStyles\" src=\"http:\/\/ludzieikrajobrazy.muzeumleszno.pl\/wp-content\/uploads\/2024\/07\/79_MLH-4645.jpg\" alt=\"Poczt\u00f3wka - Pozdrowienie z Opor\u00f3wka\" class=\"wp-image-460\" srcset=\"http:\/\/ludzieikrajobrazy.muzeumleszno.pl\/wp-content\/uploads\/2024\/07\/79_MLH-4645.jpg 1291w, http:\/\/ludzieikrajobrazy.muzeumleszno.pl\/wp-content\/uploads\/2024\/07\/79_MLH-4645-991x1536.jpg 991w, http:\/\/ludzieikrajobrazy.muzeumleszno.pl\/wp-content\/uploads\/2024\/07\/79_MLH-4645-200x310.jpg 200w, http:\/\/ludzieikrajobrazy.muzeumleszno.pl\/wp-content\/uploads\/2024\/07\/79_MLH-4645-973x1507.jpg 973w, http:\/\/ludzieikrajobrazy.muzeumleszno.pl\/wp-content\/uploads\/2024\/07\/79_MLH-4645-508x787.jpg 508w\" sizes=\"(max-width: 1291px) 100vw, 1291px\" \/><button\n\t\t\tclass=\"lightbox-trigger\"\n\t\t\ttype=\"button\"\n\t\t\taria-haspopup=\"dialog\"\n\t\t\taria-label=\"Powi\u0119ksz\"\n\t\t\tdata-wp-init=\"callbacks.initTriggerButton\"\n\t\t\tdata-wp-on--click=\"actions.showLightbox\"\n\t\t\tdata-wp-style--right=\"state.imageButtonRight\"\n\t\t\tdata-wp-style--top=\"state.imageButtonTop\"\n\t\t>\n\t\t\t<svg xmlns=\"http:\/\/www.w3.org\/2000\/svg\" width=\"12\" height=\"12\" fill=\"none\" viewBox=\"0 0 12 12\">\n\t\t\t\t<path fill=\"#fff\" d=\"M2 0a2 2 0 0 0-2 2v2h1.5V2a.5.5 0 0 1 .5-.5h2V0H2Zm2 10.5H2a.5.5 0 0 1-.5-.5V8H0v2a2 2 0 0 0 2 2h2v-1.5ZM8 12v-1.5h2a.5.5 0 0 0 .5-.5V8H12v2a2 2 0 0 1-2 2H8Zm2-12a2 2 0 0 1 2 2v2h-1.5V2a.5.5 0 0 0-.5-.5H8V0h2Z\" \/>\n\t\t\t<\/svg>\n\t\t<\/button><figcaption class=\"wp-element-caption\">Poczt\u00f3wka  &#8211; Pozdrowienie z Opor\u00f3wka. wys. 13,7 cm x szer. 8,8 cm; papier, druk; M. Klare, 1910 rok; Muzeum Okr\u0119gowe w Lesznie; MLH4645<\/figcaption><\/figure>\n\n\n\n<p class=\"has-small-font-size\">nr inw. MLH 4645<br>W zbiorach Muzeum Okr\u0119gowego w Lesznie od 2007 roku, dar<\/p>\n\n\n\n<p>D.Cz.<\/p>\n\n\n\n<figure class=\"wp-block-embed is-type-video is-provider-youtube wp-block-embed-youtube wp-embed-aspect-16-9 wp-has-aspect-ratio\"><div class=\"wp-block-embed__wrapper\">\n<iframe title=\"Opor\u00f3wko  Poczt\u00f3wka wielotematyczna, 1910 rok, Zeitz, Verlag von Max Klare, Photo\u2013Anstalt\" width=\"620\" height=\"349\" src=\"https:\/\/www.youtube.com\/embed\/GZ_h6debuIk?feature=oembed\" frameborder=\"0\" allow=\"accelerometer; autoplay; clipboard-write; encrypted-media; gyroscope; picture-in-picture; web-share\" referrerpolicy=\"strict-origin-when-cross-origin\" allowfullscreen><\/iframe>\n<\/div><\/figure>\n","protected":false},"excerpt":{"rendered":"<p>Poczt\u00f3wka adresowana do \u0141ukasza Ratajczaka z Berlina. Datowana: D\u0105bcze, 16.10.1910. Wys\u0142ana przez Piotra i Mariann\u0119 Ratajczak\u00f3w.&nbsp; Kochany Bracie i Bratowa! Najprzud was wszystkich pozdrawiamy i wasze dzieci. A&#8230;<\/p>\n","protected":false},"author":1,"featured_media":460,"comment_status":"closed","ping_status":"closed","sticky":false,"template":"","format":"standard","meta":{"cybocfi_hide_featured_image":"yes","footnotes":""},"categories":[75],"tags":[79,86,78,81,87,76,80,77,84,85,82,83],"class_list":["post-458","post","type-post","status-publish","format-standard","has-post-thumbnail","hentry","category-oporowko","tag-79","tag-dwor","tag-lukasz-ratajczak","tag-marianna-ratajczak","tag-morawscy","tag-oporowko","tag-piotr-ratajczak","tag-pocztowka","tag-stanislaw-matera","tag-staskiewicz","tag-szkola","tag-zajazd"],"yoast_head":"<!-- This site is optimized with the Yoast SEO plugin v27.5 - https:\/\/yoast.com\/product\/yoast-seo-wordpress\/ -->\n<title>Opor\u00f3wko. Poczt\u00f3wka wielotematyczna, 1910 rok, Zeitz, Verlag von Max Klare, Photo\u2013Anstalt - Ludzie i krajobrazy. Powiat Leszczy\u0144ski w ikonografii<\/title>\n<meta name=\"robots\" content=\"index, follow, max-snippet:-1, max-image-preview:large, max-video-preview:-1\" \/>\n<link rel=\"canonical\" href=\"http:\/\/ludzieikrajobrazy.muzeumleszno.pl\/?p=458\" \/>\n<meta property=\"og:locale\" content=\"pl_PL\" \/>\n<meta property=\"og:type\" content=\"article\" \/>\n<meta property=\"og:title\" content=\"Opor\u00f3wko. Poczt\u00f3wka wielotematyczna, 1910 rok, Zeitz, Verlag von Max Klare, Photo\u2013Anstalt - Ludzie i krajobrazy. Powiat Leszczy\u0144ski w ikonografii\" \/>\n<meta property=\"og:description\" content=\"Poczt\u00f3wka adresowana do \u0141ukasza Ratajczaka z Berlina. Datowana: D\u0105bcze, 16.10.1910. Wys\u0142ana przez Piotra i Mariann\u0119 Ratajczak\u00f3w.&nbsp; Kochany Bracie i Bratowa! Najprzud was wszystkich pozdrawiamy i wasze dzieci. A...\" \/>\n<meta property=\"og:url\" content=\"http:\/\/ludzieikrajobrazy.muzeumleszno.pl\/?p=458\" \/>\n<meta property=\"og:site_name\" content=\"Ludzie i krajobrazy. Powiat Leszczy\u0144ski w ikonografii\" \/>\n<meta property=\"article:published_time\" content=\"2024-07-04T10:00:20+00:00\" \/>\n<meta property=\"article:modified_time\" content=\"2024-09-27T07:35:33+00:00\" \/>\n<meta property=\"og:image\" content=\"http:\/\/ludzieikrajobrazy.muzeumleszno.pl\/wp-content\/uploads\/2024\/07\/79_MLH-4645.jpg\" \/>\n\t<meta property=\"og:image:width\" content=\"1291\" \/>\n\t<meta property=\"og:image:height\" content=\"2000\" \/>\n\t<meta property=\"og:image:type\" content=\"image\/jpeg\" \/>\n<meta name=\"author\" content=\"Pan_Admin\" \/>\n<meta name=\"twitter:card\" content=\"summary_large_image\" \/>\n<meta name=\"twitter:label1\" content=\"Napisane przez\" \/>\n\t<meta name=\"twitter:data1\" content=\"Pan_Admin\" \/>\n\t<meta name=\"twitter:label2\" content=\"Szacowany czas czytania\" \/>\n\t<meta name=\"twitter:data2\" content=\"3 minuty\" \/>\n<script type=\"application\/ld+json\" class=\"yoast-schema-graph\">{\"@context\":\"https:\\\/\\\/schema.org\",\"@graph\":[{\"@type\":\"Article\",\"@id\":\"http:\\\/\\\/ludzieikrajobrazy.muzeumleszno.pl\\\/?p=458#article\",\"isPartOf\":{\"@id\":\"http:\\\/\\\/ludzieikrajobrazy.muzeumleszno.pl\\\/?p=458\"},\"author\":{\"name\":\"Pan_Admin\",\"@id\":\"http:\\\/\\\/ludzieikrajobrazy.muzeumleszno.pl\\\/#\\\/schema\\\/person\\\/fc2bc20e2b51efc3202ac1f0cdcd06c0\"},\"headline\":\"Opor\u00f3wko. Poczt\u00f3wka wielotematyczna, 1910 rok, Zeitz, Verlag von Max Klare, Photo\u2013Anstalt\",\"datePublished\":\"2024-07-04T10:00:20+00:00\",\"dateModified\":\"2024-09-27T07:35:33+00:00\",\"mainEntityOfPage\":{\"@id\":\"http:\\\/\\\/ludzieikrajobrazy.muzeumleszno.pl\\\/?p=458\"},\"wordCount\":350,\"image\":{\"@id\":\"http:\\\/\\\/ludzieikrajobrazy.muzeumleszno.pl\\\/?p=458#primaryimage\"},\"thumbnailUrl\":\"http:\\\/\\\/ludzieikrajobrazy.muzeumleszno.pl\\\/wp-content\\\/uploads\\\/2024\\\/07\\\/79_MLH-4645.jpg\",\"keywords\":[\"1910\",\"dw\u00f3r\",\"\u0141ukasz Ratajczak\",\"Marianna Ratajczak\",\"Morawscy\",\"Opor\u00f3wko\",\"Piotr Ratajczak\",\"poczt\u00f3wka\",\"Stanis\u0142aw Matera\",\"Sta\u015bkiewicz\",\"szko\u0142a\",\"zajazd\"],\"articleSection\":[\"Opor\u00f3wko\"],\"inLanguage\":\"pl-PL\"},{\"@type\":\"WebPage\",\"@id\":\"http:\\\/\\\/ludzieikrajobrazy.muzeumleszno.pl\\\/?p=458\",\"url\":\"http:\\\/\\\/ludzieikrajobrazy.muzeumleszno.pl\\\/?p=458\",\"name\":\"Opor\u00f3wko. Poczt\u00f3wka wielotematyczna, 1910 rok, Zeitz, Verlag von Max Klare, Photo\u2013Anstalt - Ludzie i krajobrazy. Powiat Leszczy\u0144ski w ikonografii\",\"isPartOf\":{\"@id\":\"http:\\\/\\\/ludzieikrajobrazy.muzeumleszno.pl\\\/#website\"},\"primaryImageOfPage\":{\"@id\":\"http:\\\/\\\/ludzieikrajobrazy.muzeumleszno.pl\\\/?p=458#primaryimage\"},\"image\":{\"@id\":\"http:\\\/\\\/ludzieikrajobrazy.muzeumleszno.pl\\\/?p=458#primaryimage\"},\"thumbnailUrl\":\"http:\\\/\\\/ludzieikrajobrazy.muzeumleszno.pl\\\/wp-content\\\/uploads\\\/2024\\\/07\\\/79_MLH-4645.jpg\",\"datePublished\":\"2024-07-04T10:00:20+00:00\",\"dateModified\":\"2024-09-27T07:35:33+00:00\",\"author\":{\"@id\":\"http:\\\/\\\/ludzieikrajobrazy.muzeumleszno.pl\\\/#\\\/schema\\\/person\\\/fc2bc20e2b51efc3202ac1f0cdcd06c0\"},\"breadcrumb\":{\"@id\":\"http:\\\/\\\/ludzieikrajobrazy.muzeumleszno.pl\\\/?p=458#breadcrumb\"},\"inLanguage\":\"pl-PL\",\"potentialAction\":[{\"@type\":\"ReadAction\",\"target\":[\"http:\\\/\\\/ludzieikrajobrazy.muzeumleszno.pl\\\/?p=458\"]}]},{\"@type\":\"BreadcrumbList\",\"@id\":\"http:\\\/\\\/ludzieikrajobrazy.muzeumleszno.pl\\\/?p=458#breadcrumb\",\"itemListElement\":[{\"@type\":\"ListItem\",\"position\":1,\"name\":\"Home\",\"item\":\"http:\\\/\\\/ludzieikrajobrazy.muzeumleszno.pl\\\/\"},{\"@type\":\"ListItem\",\"position\":2,\"name\":\"Opor\u00f3wko. Poczt\u00f3wka wielotematyczna, 1910 rok, Zeitz, Verlag von Max Klare, Photo\u2013Anstalt\"}]},{\"@type\":\"WebSite\",\"@id\":\"http:\\\/\\\/ludzieikrajobrazy.muzeumleszno.pl\\\/#website\",\"url\":\"http:\\\/\\\/ludzieikrajobrazy.muzeumleszno.pl\\\/\",\"name\":\"Ludzie i krajobrazy. Powiat Leszczy\u0144ski w ikonografii\",\"description\":\"Powiat Leszczy\u0144ski w ikonografii\",\"potentialAction\":[{\"@type\":\"SearchAction\",\"target\":{\"@type\":\"EntryPoint\",\"urlTemplate\":\"http:\\\/\\\/ludzieikrajobrazy.muzeumleszno.pl\\\/?s={search_term_string}\"},\"query-input\":{\"@type\":\"PropertyValueSpecification\",\"valueRequired\":true,\"valueName\":\"search_term_string\"}}],\"inLanguage\":\"pl-PL\"},{\"@type\":\"Person\",\"@id\":\"http:\\\/\\\/ludzieikrajobrazy.muzeumleszno.pl\\\/#\\\/schema\\\/person\\\/fc2bc20e2b51efc3202ac1f0cdcd06c0\",\"name\":\"Pan_Admin\",\"image\":{\"@type\":\"ImageObject\",\"inLanguage\":\"pl-PL\",\"@id\":\"https:\\\/\\\/secure.gravatar.com\\\/avatar\\\/d109d485abe889ecc32dbdb971b715ad9d4596bd0e2353626451db3e04099822?s=96&d=mm&r=g\",\"url\":\"https:\\\/\\\/secure.gravatar.com\\\/avatar\\\/d109d485abe889ecc32dbdb971b715ad9d4596bd0e2353626451db3e04099822?s=96&d=mm&r=g\",\"contentUrl\":\"https:\\\/\\\/secure.gravatar.com\\\/avatar\\\/d109d485abe889ecc32dbdb971b715ad9d4596bd0e2353626451db3e04099822?s=96&d=mm&r=g\",\"caption\":\"Pan_Admin\"},\"sameAs\":[\"http:\\\/\\\/ludzieikrajobrazy.muzeumleszno.pl\"],\"url\":\"http:\\\/\\\/ludzieikrajobrazy.muzeumleszno.pl\\\/?author=1\"}]}<\/script>\n<!-- \/ Yoast SEO plugin. -->","yoast_head_json":{"title":"Opor\u00f3wko. Poczt\u00f3wka wielotematyczna, 1910 rok, Zeitz, Verlag von Max Klare, Photo\u2013Anstalt - Ludzie i krajobrazy. Powiat Leszczy\u0144ski w ikonografii","robots":{"index":"index","follow":"follow","max-snippet":"max-snippet:-1","max-image-preview":"max-image-preview:large","max-video-preview":"max-video-preview:-1"},"canonical":"http:\/\/ludzieikrajobrazy.muzeumleszno.pl\/?p=458","og_locale":"pl_PL","og_type":"article","og_title":"Opor\u00f3wko. Poczt\u00f3wka wielotematyczna, 1910 rok, Zeitz, Verlag von Max Klare, Photo\u2013Anstalt - Ludzie i krajobrazy. Powiat Leszczy\u0144ski w ikonografii","og_description":"Poczt\u00f3wka adresowana do \u0141ukasza Ratajczaka z Berlina. Datowana: D\u0105bcze, 16.10.1910. Wys\u0142ana przez Piotra i Mariann\u0119 Ratajczak\u00f3w.&nbsp; Kochany Bracie i Bratowa! Najprzud was wszystkich pozdrawiamy i wasze dzieci. A...","og_url":"http:\/\/ludzieikrajobrazy.muzeumleszno.pl\/?p=458","og_site_name":"Ludzie i krajobrazy. Powiat Leszczy\u0144ski w ikonografii","article_published_time":"2024-07-04T10:00:20+00:00","article_modified_time":"2024-09-27T07:35:33+00:00","og_image":[{"width":1291,"height":2000,"url":"http:\/\/ludzieikrajobrazy.muzeumleszno.pl\/wp-content\/uploads\/2024\/07\/79_MLH-4645.jpg","type":"image\/jpeg"}],"author":"Pan_Admin","twitter_card":"summary_large_image","twitter_misc":{"Napisane przez":"Pan_Admin","Szacowany czas czytania":"3 minuty"},"schema":{"@context":"https:\/\/schema.org","@graph":[{"@type":"Article","@id":"http:\/\/ludzieikrajobrazy.muzeumleszno.pl\/?p=458#article","isPartOf":{"@id":"http:\/\/ludzieikrajobrazy.muzeumleszno.pl\/?p=458"},"author":{"name":"Pan_Admin","@id":"http:\/\/ludzieikrajobrazy.muzeumleszno.pl\/#\/schema\/person\/fc2bc20e2b51efc3202ac1f0cdcd06c0"},"headline":"Opor\u00f3wko. Poczt\u00f3wka wielotematyczna, 1910 rok, Zeitz, Verlag von Max Klare, Photo\u2013Anstalt","datePublished":"2024-07-04T10:00:20+00:00","dateModified":"2024-09-27T07:35:33+00:00","mainEntityOfPage":{"@id":"http:\/\/ludzieikrajobrazy.muzeumleszno.pl\/?p=458"},"wordCount":350,"image":{"@id":"http:\/\/ludzieikrajobrazy.muzeumleszno.pl\/?p=458#primaryimage"},"thumbnailUrl":"http:\/\/ludzieikrajobrazy.muzeumleszno.pl\/wp-content\/uploads\/2024\/07\/79_MLH-4645.jpg","keywords":["1910","dw\u00f3r","\u0141ukasz Ratajczak","Marianna Ratajczak","Morawscy","Opor\u00f3wko","Piotr Ratajczak","poczt\u00f3wka","Stanis\u0142aw Matera","Sta\u015bkiewicz","szko\u0142a","zajazd"],"articleSection":["Opor\u00f3wko"],"inLanguage":"pl-PL"},{"@type":"WebPage","@id":"http:\/\/ludzieikrajobrazy.muzeumleszno.pl\/?p=458","url":"http:\/\/ludzieikrajobrazy.muzeumleszno.pl\/?p=458","name":"Opor\u00f3wko. Poczt\u00f3wka wielotematyczna, 1910 rok, Zeitz, Verlag von Max Klare, Photo\u2013Anstalt - Ludzie i krajobrazy. Powiat Leszczy\u0144ski w ikonografii","isPartOf":{"@id":"http:\/\/ludzieikrajobrazy.muzeumleszno.pl\/#website"},"primaryImageOfPage":{"@id":"http:\/\/ludzieikrajobrazy.muzeumleszno.pl\/?p=458#primaryimage"},"image":{"@id":"http:\/\/ludzieikrajobrazy.muzeumleszno.pl\/?p=458#primaryimage"},"thumbnailUrl":"http:\/\/ludzieikrajobrazy.muzeumleszno.pl\/wp-content\/uploads\/2024\/07\/79_MLH-4645.jpg","datePublished":"2024-07-04T10:00:20+00:00","dateModified":"2024-09-27T07:35:33+00:00","author":{"@id":"http:\/\/ludzieikrajobrazy.muzeumleszno.pl\/#\/schema\/person\/fc2bc20e2b51efc3202ac1f0cdcd06c0"},"breadcrumb":{"@id":"http:\/\/ludzieikrajobrazy.muzeumleszno.pl\/?p=458#breadcrumb"},"inLanguage":"pl-PL","potentialAction":[{"@type":"ReadAction","target":["http:\/\/ludzieikrajobrazy.muzeumleszno.pl\/?p=458"]}]},{"@type":"BreadcrumbList","@id":"http:\/\/ludzieikrajobrazy.muzeumleszno.pl\/?p=458#breadcrumb","itemListElement":[{"@type":"ListItem","position":1,"name":"Home","item":"http:\/\/ludzieikrajobrazy.muzeumleszno.pl\/"},{"@type":"ListItem","position":2,"name":"Opor\u00f3wko. Poczt\u00f3wka wielotematyczna, 1910 rok, Zeitz, Verlag von Max Klare, Photo\u2013Anstalt"}]},{"@type":"WebSite","@id":"http:\/\/ludzieikrajobrazy.muzeumleszno.pl\/#website","url":"http:\/\/ludzieikrajobrazy.muzeumleszno.pl\/","name":"Ludzie i krajobrazy. Powiat Leszczy\u0144ski w ikonografii","description":"Powiat Leszczy\u0144ski w ikonografii","potentialAction":[{"@type":"SearchAction","target":{"@type":"EntryPoint","urlTemplate":"http:\/\/ludzieikrajobrazy.muzeumleszno.pl\/?s={search_term_string}"},"query-input":{"@type":"PropertyValueSpecification","valueRequired":true,"valueName":"search_term_string"}}],"inLanguage":"pl-PL"},{"@type":"Person","@id":"http:\/\/ludzieikrajobrazy.muzeumleszno.pl\/#\/schema\/person\/fc2bc20e2b51efc3202ac1f0cdcd06c0","name":"Pan_Admin","image":{"@type":"ImageObject","inLanguage":"pl-PL","@id":"https:\/\/secure.gravatar.com\/avatar\/d109d485abe889ecc32dbdb971b715ad9d4596bd0e2353626451db3e04099822?s=96&d=mm&r=g","url":"https:\/\/secure.gravatar.com\/avatar\/d109d485abe889ecc32dbdb971b715ad9d4596bd0e2353626451db3e04099822?s=96&d=mm&r=g","contentUrl":"https:\/\/secure.gravatar.com\/avatar\/d109d485abe889ecc32dbdb971b715ad9d4596bd0e2353626451db3e04099822?s=96&d=mm&r=g","caption":"Pan_Admin"},"sameAs":["http:\/\/ludzieikrajobrazy.muzeumleszno.pl"],"url":"http:\/\/ludzieikrajobrazy.muzeumleszno.pl\/?author=1"}]}},"_links":{"self":[{"href":"http:\/\/ludzieikrajobrazy.muzeumleszno.pl\/index.php?rest_route=\/wp\/v2\/posts\/458","targetHints":{"allow":["GET"]}}],"collection":[{"href":"http:\/\/ludzieikrajobrazy.muzeumleszno.pl\/index.php?rest_route=\/wp\/v2\/posts"}],"about":[{"href":"http:\/\/ludzieikrajobrazy.muzeumleszno.pl\/index.php?rest_route=\/wp\/v2\/types\/post"}],"author":[{"embeddable":true,"href":"http:\/\/ludzieikrajobrazy.muzeumleszno.pl\/index.php?rest_route=\/wp\/v2\/users\/1"}],"replies":[{"embeddable":true,"href":"http:\/\/ludzieikrajobrazy.muzeumleszno.pl\/index.php?rest_route=%2Fwp%2Fv2%2Fcomments&post=458"}],"version-history":[{"count":3,"href":"http:\/\/ludzieikrajobrazy.muzeumleszno.pl\/index.php?rest_route=\/wp\/v2\/posts\/458\/revisions"}],"predecessor-version":[{"id":1335,"href":"http:\/\/ludzieikrajobrazy.muzeumleszno.pl\/index.php?rest_route=\/wp\/v2\/posts\/458\/revisions\/1335"}],"wp:featuredmedia":[{"embeddable":true,"href":"http:\/\/ludzieikrajobrazy.muzeumleszno.pl\/index.php?rest_route=\/wp\/v2\/media\/460"}],"wp:attachment":[{"href":"http:\/\/ludzieikrajobrazy.muzeumleszno.pl\/index.php?rest_route=%2Fwp%2Fv2%2Fmedia&parent=458"}],"wp:term":[{"taxonomy":"category","embeddable":true,"href":"http:\/\/ludzieikrajobrazy.muzeumleszno.pl\/index.php?rest_route=%2Fwp%2Fv2%2Fcategories&post=458"},{"taxonomy":"post_tag","embeddable":true,"href":"http:\/\/ludzieikrajobrazy.muzeumleszno.pl\/index.php?rest_route=%2Fwp%2Fv2%2Ftags&post=458"}],"curies":[{"name":"wp","href":"https:\/\/api.w.org\/{rel}","templated":true}]}}