{"id":472,"date":"2024-07-04T11:57:42","date_gmt":"2024-07-04T09:57:42","guid":{"rendered":"http:\/\/ludzieikrajobrazy.muzeumleszno.pl\/?p=472"},"modified":"2024-09-27T09:33:56","modified_gmt":"2024-09-27T07:33:56","slug":"oporowko-zespol-muzyczny-poczty-polskiej-1931-rok-2","status":"publish","type":"post","link":"http:\/\/ludzieikrajobrazy.muzeumleszno.pl\/?p=472","title":{"rendered":"Opor\u00f3wko. Zesp\u00f3\u0142 muzyczny Poczty Polskiej, 1931 rok"},"content":{"rendered":"\n<p>Historia dzia\u0142aj\u0105cego przy Poczcie Polskiej w Lesznie zespo\u0142u muzycznego nie doczeka\u0142a si\u0119 jeszcze szerszego opracowania. Niewiele wiemy na jego temat, brakuje wspomnie\u0144. Kilka zdj\u0119\u0107 wykonanych podczas pobytu w Opor\u00f3wku pozwala nam jedynie spojrze\u0107 muzykom w twarz, ale nie dostarcza wiedzy na ich temat. Na fotografii prezentuje si\u0119 grupa m\u0119\u017cczyzn z instrumentami w d\u0142oniach, wypoczywaj\u0105ca na \u0142onie natury \u2013 w\u015br\u00f3d drzew i stog\u00f3w siana. W lewym dolnym naro\u017cniku umieszczono humorystyczny dopisek maj\u0105cy t\u0142umaczy\u0107 okoliczno\u015bci: <em>Z Afryki 1931 r.<\/em> Z przodu z prawej strony le\u017cy Wojciech Ratajczak, u g\u00f3ry w \u015brodku siedzi Franciszek Szkudlarek \u2013 pracownik telegraficzny, a z lewej strony \u2013 z diabelskimi skrzypcami &#8211; Marian Staff.&nbsp;<\/p>\n\n\n\n<p>Tradycje przedwojennego zespo\u0142u pocztowc\u00f3w kontynuowa\u0142 w latach 1955-1970 Zesp\u00f3\u0142 mandolinist\u00f3w im. Fryderyka Chopina. Dzia\u0142a\u0142 on w ramach miejscowego Zwi\u0105zku Zawodowego Pracownik\u00f3w \u0141\u0105czno\u015bci. By\u0142 to jednak zesp\u00f3\u0142 dzieci\u0119cy, pocz\u0105tkowo z\u0142o\u017cony tylko z dzieci pracownik\u00f3w. P\u00f3\u017aniej przyjmowano ch\u0119tnych bez ogranicze\u0144, a w okresie najwi\u0119kszego rozkwitu liczba cz\u0142onk\u00f3w przekracza\u0142a 90 os\u00f3b. Dyrygentem przez kilkana\u015bcie lat by\u0142 in\u017cynier Julian Biskupski.&nbsp;<\/p>\n\n\n\n<figure data-wp-context=\"{&quot;imageId&quot;:&quot;69f1c6886fc06&quot;}\" data-wp-interactive=\"core\/image\" data-wp-key=\"69f1c6886fc06\" class=\"wp-block-image size-full wp-lightbox-container\"><img fetchpriority=\"high\" decoding=\"async\" width=\"2469\" height=\"2000\" data-wp-class--hide=\"state.isContentHidden\" data-wp-class--show=\"state.isContentVisible\" data-wp-init=\"callbacks.setButtonStyles\" data-wp-on--click=\"actions.showLightbox\" data-wp-on--load=\"callbacks.setButtonStyles\" data-wp-on-window--resize=\"callbacks.setButtonStyles\" src=\"http:\/\/ludzieikrajobrazy.muzeumleszno.pl\/wp-content\/uploads\/2024\/07\/82_MLFa-1351.jpg\" alt=\"Opor\u00f3wko. Zesp\u00f3\u0142 muzyczny Poczty Polskiej, 1931 rok\" class=\"wp-image-473\" srcset=\"http:\/\/ludzieikrajobrazy.muzeumleszno.pl\/wp-content\/uploads\/2024\/07\/82_MLFa-1351.jpg 2469w, http:\/\/ludzieikrajobrazy.muzeumleszno.pl\/wp-content\/uploads\/2024\/07\/82_MLFa-1351-1536x1244.jpg 1536w, http:\/\/ludzieikrajobrazy.muzeumleszno.pl\/wp-content\/uploads\/2024\/07\/82_MLFa-1351-2048x1659.jpg 2048w, http:\/\/ludzieikrajobrazy.muzeumleszno.pl\/wp-content\/uploads\/2024\/07\/82_MLFa-1351-200x162.jpg 200w, http:\/\/ludzieikrajobrazy.muzeumleszno.pl\/wp-content\/uploads\/2024\/07\/82_MLFa-1351-973x788.jpg 973w, http:\/\/ludzieikrajobrazy.muzeumleszno.pl\/wp-content\/uploads\/2024\/07\/82_MLFa-1351-508x412.jpg 508w\" sizes=\"(max-width: 2469px) 100vw, 2469px\" \/><button\n\t\t\tclass=\"lightbox-trigger\"\n\t\t\ttype=\"button\"\n\t\t\taria-haspopup=\"dialog\"\n\t\t\taria-label=\"Powi\u0119ksz\"\n\t\t\tdata-wp-init=\"callbacks.initTriggerButton\"\n\t\t\tdata-wp-on--click=\"actions.showLightbox\"\n\t\t\tdata-wp-style--right=\"state.imageButtonRight\"\n\t\t\tdata-wp-style--top=\"state.imageButtonTop\"\n\t\t>\n\t\t\t<svg xmlns=\"http:\/\/www.w3.org\/2000\/svg\" width=\"12\" height=\"12\" fill=\"none\" viewBox=\"0 0 12 12\">\n\t\t\t\t<path fill=\"#fff\" d=\"M2 0a2 2 0 0 0-2 2v2h1.5V2a.5.5 0 0 1 .5-.5h2V0H2Zm2 10.5H2a.5.5 0 0 1-.5-.5V8H0v2a2 2 0 0 0 2 2h2v-1.5ZM8 12v-1.5h2a.5.5 0 0 0 .5-.5V8H12v2a2 2 0 0 1-2 2H8Zm2-12a2 2 0 0 1 2 2v2h-1.5V2a.5.5 0 0 0-.5-.5H8V0h2Z\" \/>\n\t\t\t<\/svg>\n\t\t<\/button><figcaption class=\"wp-element-caption\">Opor\u00f3wko. Zesp\u00f3\u0142 muzyczny Poczty Polskiej, 1931 rok. wys. 8,9 cm x szer. 13,7 cm; odbitka srebrowo-\u017celatynowa, papier fotograficzny, 1931 rok; Muzeum Okr\u0119gowe w Lesznie; MLFa1351<\/figcaption><\/figure>\n\n\n\n<p class=\"has-small-font-size\">nr inw. MLFa 1351<br>W zbiorach Muzeum Okr\u0119gowego w Lesznie od 2007 roku, dar<\/p>\n\n\n\n<p>D.Cz.<\/p>\n\n\n\n<figure class=\"wp-block-embed is-type-video is-provider-youtube wp-block-embed-youtube wp-embed-aspect-16-9 wp-has-aspect-ratio\"><div class=\"wp-block-embed__wrapper\">\n<iframe title=\"Opor\u00f3wko  Zesp\u00f3\u0142 muzyczny Poczty Polskiej, 1931 rok 2\" width=\"620\" height=\"349\" src=\"https:\/\/www.youtube.com\/embed\/zFOaK3KmJl8?feature=oembed\" frameborder=\"0\" allow=\"accelerometer; autoplay; clipboard-write; encrypted-media; gyroscope; picture-in-picture; web-share\" referrerpolicy=\"strict-origin-when-cross-origin\" allowfullscreen><\/iframe>\n<\/div><\/figure>\n","protected":false},"excerpt":{"rendered":"<p>Historia dzia\u0142aj\u0105cego przy Poczcie Polskiej w Lesznie zespo\u0142u muzycznego nie doczeka\u0142a si\u0119 jeszcze szerszego opracowania. Niewiele wiemy na jego temat, brakuje wspomnie\u0144. Kilka zdj\u0119\u0107 wykonanych podczas pobytu w&#8230;<\/p>\n","protected":false},"author":1,"featured_media":473,"comment_status":"closed","ping_status":"closed","sticky":false,"template":"","format":"standard","meta":{"cybocfi_hide_featured_image":"yes","footnotes":""},"categories":[75],"tags":[227,782,736,795,201,789,787,779,794,780,790,796,783,76,778,781,786,785,788,784,793,791,777,792],"class_list":["post-472","post","type-post","status-publish","format-standard","has-post-thumbnail","hentry","category-oporowko","tag-227","tag-biala-koszula","tag-drzewa","tag-dyrygent","tag-fotografia-grupowa","tag-franciszek-szkudlarek","tag-gitara","tag-instrument","tag-julian-biskupski","tag-lono-natury","tag-marian-staff","tag-mezczyzni","tag-mucha","tag-oporowko","tag-poczta-polska","tag-siano","tag-skrzypce","tag-usmiech","tag-wojciech-ratajczak","tag-zabawa","tag-zespol-dzieciecy","tag-zespol-mandolinistow","tag-zespol-muzyczny","tag-zwiazek-zawodowy-pracownikow-lacznosci"],"yoast_head":"<!-- This site is optimized with the Yoast SEO plugin v27.5 - https:\/\/yoast.com\/product\/yoast-seo-wordpress\/ -->\n<title>Opor\u00f3wko. Zesp\u00f3\u0142 muzyczny Poczty Polskiej, 1931 rok - Ludzie i krajobrazy. Powiat Leszczy\u0144ski w ikonografii<\/title>\n<meta name=\"robots\" content=\"index, follow, max-snippet:-1, max-image-preview:large, max-video-preview:-1\" \/>\n<link rel=\"canonical\" href=\"http:\/\/ludzieikrajobrazy.muzeumleszno.pl\/?p=472\" \/>\n<meta property=\"og:locale\" content=\"pl_PL\" \/>\n<meta property=\"og:type\" content=\"article\" \/>\n<meta property=\"og:title\" content=\"Opor\u00f3wko. Zesp\u00f3\u0142 muzyczny Poczty Polskiej, 1931 rok - Ludzie i krajobrazy. Powiat Leszczy\u0144ski w ikonografii\" \/>\n<meta property=\"og:description\" content=\"Historia dzia\u0142aj\u0105cego przy Poczcie Polskiej w Lesznie zespo\u0142u muzycznego nie doczeka\u0142a si\u0119 jeszcze szerszego opracowania. Niewiele wiemy na jego temat, brakuje wspomnie\u0144. Kilka zdj\u0119\u0107 wykonanych podczas pobytu w...\" \/>\n<meta property=\"og:url\" content=\"http:\/\/ludzieikrajobrazy.muzeumleszno.pl\/?p=472\" \/>\n<meta property=\"og:site_name\" content=\"Ludzie i krajobrazy. Powiat Leszczy\u0144ski w ikonografii\" \/>\n<meta property=\"article:published_time\" content=\"2024-07-04T09:57:42+00:00\" \/>\n<meta property=\"article:modified_time\" content=\"2024-09-27T07:33:56+00:00\" \/>\n<meta property=\"og:image\" content=\"http:\/\/ludzieikrajobrazy.muzeumleszno.pl\/wp-content\/uploads\/2024\/07\/82_MLFa-1351.jpg\" \/>\n\t<meta property=\"og:image:width\" content=\"2469\" \/>\n\t<meta property=\"og:image:height\" content=\"2000\" \/>\n\t<meta property=\"og:image:type\" content=\"image\/jpeg\" \/>\n<meta name=\"author\" content=\"Pan_Admin\" \/>\n<meta name=\"twitter:card\" content=\"summary_large_image\" \/>\n<meta name=\"twitter:label1\" content=\"Napisane przez\" \/>\n\t<meta name=\"twitter:data1\" content=\"Pan_Admin\" \/>\n\t<meta name=\"twitter:label2\" content=\"Szacowany czas czytania\" \/>\n\t<meta name=\"twitter:data2\" content=\"2 minuty\" \/>\n<script type=\"application\/ld+json\" class=\"yoast-schema-graph\">{\"@context\":\"https:\\\/\\\/schema.org\",\"@graph\":[{\"@type\":\"Article\",\"@id\":\"http:\\\/\\\/ludzieikrajobrazy.muzeumleszno.pl\\\/?p=472#article\",\"isPartOf\":{\"@id\":\"http:\\\/\\\/ludzieikrajobrazy.muzeumleszno.pl\\\/?p=472\"},\"author\":{\"name\":\"Pan_Admin\",\"@id\":\"https:\\\/\\\/ludzieikrajobrazy.muzeumleszno.pl\\\/#\\\/schema\\\/person\\\/fc2bc20e2b51efc3202ac1f0cdcd06c0\"},\"headline\":\"Opor\u00f3wko. Zesp\u00f3\u0142 muzyczny Poczty Polskiej, 1931 rok\",\"datePublished\":\"2024-07-04T09:57:42+00:00\",\"dateModified\":\"2024-09-27T07:33:56+00:00\",\"mainEntityOfPage\":{\"@id\":\"http:\\\/\\\/ludzieikrajobrazy.muzeumleszno.pl\\\/?p=472\"},\"wordCount\":248,\"image\":{\"@id\":\"http:\\\/\\\/ludzieikrajobrazy.muzeumleszno.pl\\\/?p=472#primaryimage\"},\"thumbnailUrl\":\"http:\\\/\\\/ludzieikrajobrazy.muzeumleszno.pl\\\/wp-content\\\/uploads\\\/2024\\\/07\\\/82_MLFa-1351.jpg\",\"keywords\":[\"1931\",\"bia\u0142a koszula\",\"drzewa\",\"dyrygent\",\"fotografia grupowa\",\"Franciszek Szkudlarek\",\"gitara\",\"instrument\",\"Julian Biskupski\",\"\u0142ono natury\",\"Marian Staff\",\"m\u0119\u017cczy\u017ani\",\"mucha\",\"Opor\u00f3wko\",\"Poczta Polska\",\"siano\",\"skrzypce\",\"u\u015bmiech\",\"Wojciech Ratajczak\",\"zabawa\",\"zesp\u00f3\u0142 dzieci\u0119cy\",\"Zesp\u00f3\u0142 mandolinist\u00f3w\",\"zesp\u00f3\u0142 muzyczny\",\"Zwi\u0105zek Zawodowy Pracownik\u00f3w \u0141\u0105czno\u015bci\"],\"articleSection\":[\"Opor\u00f3wko\"],\"inLanguage\":\"pl-PL\"},{\"@type\":\"WebPage\",\"@id\":\"http:\\\/\\\/ludzieikrajobrazy.muzeumleszno.pl\\\/?p=472\",\"url\":\"http:\\\/\\\/ludzieikrajobrazy.muzeumleszno.pl\\\/?p=472\",\"name\":\"Opor\u00f3wko. Zesp\u00f3\u0142 muzyczny Poczty Polskiej, 1931 rok - Ludzie i krajobrazy. Powiat Leszczy\u0144ski w ikonografii\",\"isPartOf\":{\"@id\":\"https:\\\/\\\/ludzieikrajobrazy.muzeumleszno.pl\\\/#website\"},\"primaryImageOfPage\":{\"@id\":\"http:\\\/\\\/ludzieikrajobrazy.muzeumleszno.pl\\\/?p=472#primaryimage\"},\"image\":{\"@id\":\"http:\\\/\\\/ludzieikrajobrazy.muzeumleszno.pl\\\/?p=472#primaryimage\"},\"thumbnailUrl\":\"http:\\\/\\\/ludzieikrajobrazy.muzeumleszno.pl\\\/wp-content\\\/uploads\\\/2024\\\/07\\\/82_MLFa-1351.jpg\",\"datePublished\":\"2024-07-04T09:57:42+00:00\",\"dateModified\":\"2024-09-27T07:33:56+00:00\",\"author\":{\"@id\":\"https:\\\/\\\/ludzieikrajobrazy.muzeumleszno.pl\\\/#\\\/schema\\\/person\\\/fc2bc20e2b51efc3202ac1f0cdcd06c0\"},\"breadcrumb\":{\"@id\":\"http:\\\/\\\/ludzieikrajobrazy.muzeumleszno.pl\\\/?p=472#breadcrumb\"},\"inLanguage\":\"pl-PL\",\"potentialAction\":[{\"@type\":\"ReadAction\",\"target\":[\"http:\\\/\\\/ludzieikrajobrazy.muzeumleszno.pl\\\/?p=472\"]}]},{\"@type\":\"BreadcrumbList\",\"@id\":\"http:\\\/\\\/ludzieikrajobrazy.muzeumleszno.pl\\\/?p=472#breadcrumb\",\"itemListElement\":[{\"@type\":\"ListItem\",\"position\":1,\"name\":\"Home\",\"item\":\"https:\\\/\\\/ludzieikrajobrazy.muzeumleszno.pl\\\/\"},{\"@type\":\"ListItem\",\"position\":2,\"name\":\"Opor\u00f3wko. Zesp\u00f3\u0142 muzyczny Poczty Polskiej, 1931 rok\"}]},{\"@type\":\"WebSite\",\"@id\":\"https:\\\/\\\/ludzieikrajobrazy.muzeumleszno.pl\\\/#website\",\"url\":\"https:\\\/\\\/ludzieikrajobrazy.muzeumleszno.pl\\\/\",\"name\":\"Ludzie i krajobrazy. Powiat Leszczy\u0144ski w ikonografii\",\"description\":\"Powiat Leszczy\u0144ski w ikonografii\",\"potentialAction\":[{\"@type\":\"SearchAction\",\"target\":{\"@type\":\"EntryPoint\",\"urlTemplate\":\"https:\\\/\\\/ludzieikrajobrazy.muzeumleszno.pl\\\/?s={search_term_string}\"},\"query-input\":{\"@type\":\"PropertyValueSpecification\",\"valueRequired\":true,\"valueName\":\"search_term_string\"}}],\"inLanguage\":\"pl-PL\"},{\"@type\":\"Person\",\"@id\":\"https:\\\/\\\/ludzieikrajobrazy.muzeumleszno.pl\\\/#\\\/schema\\\/person\\\/fc2bc20e2b51efc3202ac1f0cdcd06c0\",\"name\":\"Pan_Admin\",\"image\":{\"@type\":\"ImageObject\",\"inLanguage\":\"pl-PL\",\"@id\":\"https:\\\/\\\/secure.gravatar.com\\\/avatar\\\/d109d485abe889ecc32dbdb971b715ad9d4596bd0e2353626451db3e04099822?s=96&d=mm&r=g\",\"url\":\"https:\\\/\\\/secure.gravatar.com\\\/avatar\\\/d109d485abe889ecc32dbdb971b715ad9d4596bd0e2353626451db3e04099822?s=96&d=mm&r=g\",\"contentUrl\":\"https:\\\/\\\/secure.gravatar.com\\\/avatar\\\/d109d485abe889ecc32dbdb971b715ad9d4596bd0e2353626451db3e04099822?s=96&d=mm&r=g\",\"caption\":\"Pan_Admin\"},\"sameAs\":[\"http:\\\/\\\/ludzieikrajobrazy.muzeumleszno.pl\"],\"url\":\"http:\\\/\\\/ludzieikrajobrazy.muzeumleszno.pl\\\/?author=1\"}]}<\/script>\n<!-- \/ Yoast SEO plugin. -->","yoast_head_json":{"title":"Opor\u00f3wko. Zesp\u00f3\u0142 muzyczny Poczty Polskiej, 1931 rok - Ludzie i krajobrazy. Powiat Leszczy\u0144ski w ikonografii","robots":{"index":"index","follow":"follow","max-snippet":"max-snippet:-1","max-image-preview":"max-image-preview:large","max-video-preview":"max-video-preview:-1"},"canonical":"http:\/\/ludzieikrajobrazy.muzeumleszno.pl\/?p=472","og_locale":"pl_PL","og_type":"article","og_title":"Opor\u00f3wko. Zesp\u00f3\u0142 muzyczny Poczty Polskiej, 1931 rok - Ludzie i krajobrazy. Powiat Leszczy\u0144ski w ikonografii","og_description":"Historia dzia\u0142aj\u0105cego przy Poczcie Polskiej w Lesznie zespo\u0142u muzycznego nie doczeka\u0142a si\u0119 jeszcze szerszego opracowania. Niewiele wiemy na jego temat, brakuje wspomnie\u0144. Kilka zdj\u0119\u0107 wykonanych podczas pobytu w...","og_url":"http:\/\/ludzieikrajobrazy.muzeumleszno.pl\/?p=472","og_site_name":"Ludzie i krajobrazy. Powiat Leszczy\u0144ski w ikonografii","article_published_time":"2024-07-04T09:57:42+00:00","article_modified_time":"2024-09-27T07:33:56+00:00","og_image":[{"width":2469,"height":2000,"url":"http:\/\/ludzieikrajobrazy.muzeumleszno.pl\/wp-content\/uploads\/2024\/07\/82_MLFa-1351.jpg","type":"image\/jpeg"}],"author":"Pan_Admin","twitter_card":"summary_large_image","twitter_misc":{"Napisane przez":"Pan_Admin","Szacowany czas czytania":"2 minuty"},"schema":{"@context":"https:\/\/schema.org","@graph":[{"@type":"Article","@id":"http:\/\/ludzieikrajobrazy.muzeumleszno.pl\/?p=472#article","isPartOf":{"@id":"http:\/\/ludzieikrajobrazy.muzeumleszno.pl\/?p=472"},"author":{"name":"Pan_Admin","@id":"https:\/\/ludzieikrajobrazy.muzeumleszno.pl\/#\/schema\/person\/fc2bc20e2b51efc3202ac1f0cdcd06c0"},"headline":"Opor\u00f3wko. Zesp\u00f3\u0142 muzyczny Poczty Polskiej, 1931 rok","datePublished":"2024-07-04T09:57:42+00:00","dateModified":"2024-09-27T07:33:56+00:00","mainEntityOfPage":{"@id":"http:\/\/ludzieikrajobrazy.muzeumleszno.pl\/?p=472"},"wordCount":248,"image":{"@id":"http:\/\/ludzieikrajobrazy.muzeumleszno.pl\/?p=472#primaryimage"},"thumbnailUrl":"http:\/\/ludzieikrajobrazy.muzeumleszno.pl\/wp-content\/uploads\/2024\/07\/82_MLFa-1351.jpg","keywords":["1931","bia\u0142a koszula","drzewa","dyrygent","fotografia grupowa","Franciszek Szkudlarek","gitara","instrument","Julian Biskupski","\u0142ono natury","Marian Staff","m\u0119\u017cczy\u017ani","mucha","Opor\u00f3wko","Poczta Polska","siano","skrzypce","u\u015bmiech","Wojciech Ratajczak","zabawa","zesp\u00f3\u0142 dzieci\u0119cy","Zesp\u00f3\u0142 mandolinist\u00f3w","zesp\u00f3\u0142 muzyczny","Zwi\u0105zek Zawodowy Pracownik\u00f3w \u0141\u0105czno\u015bci"],"articleSection":["Opor\u00f3wko"],"inLanguage":"pl-PL"},{"@type":"WebPage","@id":"http:\/\/ludzieikrajobrazy.muzeumleszno.pl\/?p=472","url":"http:\/\/ludzieikrajobrazy.muzeumleszno.pl\/?p=472","name":"Opor\u00f3wko. Zesp\u00f3\u0142 muzyczny Poczty Polskiej, 1931 rok - Ludzie i krajobrazy. Powiat Leszczy\u0144ski w ikonografii","isPartOf":{"@id":"https:\/\/ludzieikrajobrazy.muzeumleszno.pl\/#website"},"primaryImageOfPage":{"@id":"http:\/\/ludzieikrajobrazy.muzeumleszno.pl\/?p=472#primaryimage"},"image":{"@id":"http:\/\/ludzieikrajobrazy.muzeumleszno.pl\/?p=472#primaryimage"},"thumbnailUrl":"http:\/\/ludzieikrajobrazy.muzeumleszno.pl\/wp-content\/uploads\/2024\/07\/82_MLFa-1351.jpg","datePublished":"2024-07-04T09:57:42+00:00","dateModified":"2024-09-27T07:33:56+00:00","author":{"@id":"https:\/\/ludzieikrajobrazy.muzeumleszno.pl\/#\/schema\/person\/fc2bc20e2b51efc3202ac1f0cdcd06c0"},"breadcrumb":{"@id":"http:\/\/ludzieikrajobrazy.muzeumleszno.pl\/?p=472#breadcrumb"},"inLanguage":"pl-PL","potentialAction":[{"@type":"ReadAction","target":["http:\/\/ludzieikrajobrazy.muzeumleszno.pl\/?p=472"]}]},{"@type":"BreadcrumbList","@id":"http:\/\/ludzieikrajobrazy.muzeumleszno.pl\/?p=472#breadcrumb","itemListElement":[{"@type":"ListItem","position":1,"name":"Home","item":"https:\/\/ludzieikrajobrazy.muzeumleszno.pl\/"},{"@type":"ListItem","position":2,"name":"Opor\u00f3wko. Zesp\u00f3\u0142 muzyczny Poczty Polskiej, 1931 rok"}]},{"@type":"WebSite","@id":"https:\/\/ludzieikrajobrazy.muzeumleszno.pl\/#website","url":"https:\/\/ludzieikrajobrazy.muzeumleszno.pl\/","name":"Ludzie i krajobrazy. Powiat Leszczy\u0144ski w ikonografii","description":"Powiat Leszczy\u0144ski w ikonografii","potentialAction":[{"@type":"SearchAction","target":{"@type":"EntryPoint","urlTemplate":"https:\/\/ludzieikrajobrazy.muzeumleszno.pl\/?s={search_term_string}"},"query-input":{"@type":"PropertyValueSpecification","valueRequired":true,"valueName":"search_term_string"}}],"inLanguage":"pl-PL"},{"@type":"Person","@id":"https:\/\/ludzieikrajobrazy.muzeumleszno.pl\/#\/schema\/person\/fc2bc20e2b51efc3202ac1f0cdcd06c0","name":"Pan_Admin","image":{"@type":"ImageObject","inLanguage":"pl-PL","@id":"https:\/\/secure.gravatar.com\/avatar\/d109d485abe889ecc32dbdb971b715ad9d4596bd0e2353626451db3e04099822?s=96&d=mm&r=g","url":"https:\/\/secure.gravatar.com\/avatar\/d109d485abe889ecc32dbdb971b715ad9d4596bd0e2353626451db3e04099822?s=96&d=mm&r=g","contentUrl":"https:\/\/secure.gravatar.com\/avatar\/d109d485abe889ecc32dbdb971b715ad9d4596bd0e2353626451db3e04099822?s=96&d=mm&r=g","caption":"Pan_Admin"},"sameAs":["http:\/\/ludzieikrajobrazy.muzeumleszno.pl"],"url":"http:\/\/ludzieikrajobrazy.muzeumleszno.pl\/?author=1"}]}},"_links":{"self":[{"href":"http:\/\/ludzieikrajobrazy.muzeumleszno.pl\/index.php?rest_route=\/wp\/v2\/posts\/472","targetHints":{"allow":["GET"]}}],"collection":[{"href":"http:\/\/ludzieikrajobrazy.muzeumleszno.pl\/index.php?rest_route=\/wp\/v2\/posts"}],"about":[{"href":"http:\/\/ludzieikrajobrazy.muzeumleszno.pl\/index.php?rest_route=\/wp\/v2\/types\/post"}],"author":[{"embeddable":true,"href":"http:\/\/ludzieikrajobrazy.muzeumleszno.pl\/index.php?rest_route=\/wp\/v2\/users\/1"}],"replies":[{"embeddable":true,"href":"http:\/\/ludzieikrajobrazy.muzeumleszno.pl\/index.php?rest_route=%2Fwp%2Fv2%2Fcomments&post=472"}],"version-history":[{"count":2,"href":"http:\/\/ludzieikrajobrazy.muzeumleszno.pl\/index.php?rest_route=\/wp\/v2\/posts\/472\/revisions"}],"predecessor-version":[{"id":1334,"href":"http:\/\/ludzieikrajobrazy.muzeumleszno.pl\/index.php?rest_route=\/wp\/v2\/posts\/472\/revisions\/1334"}],"wp:featuredmedia":[{"embeddable":true,"href":"http:\/\/ludzieikrajobrazy.muzeumleszno.pl\/index.php?rest_route=\/wp\/v2\/media\/473"}],"wp:attachment":[{"href":"http:\/\/ludzieikrajobrazy.muzeumleszno.pl\/index.php?rest_route=%2Fwp%2Fv2%2Fmedia&parent=472"}],"wp:term":[{"taxonomy":"category","embeddable":true,"href":"http:\/\/ludzieikrajobrazy.muzeumleszno.pl\/index.php?rest_route=%2Fwp%2Fv2%2Fcategories&post=472"},{"taxonomy":"post_tag","embeddable":true,"href":"http:\/\/ludzieikrajobrazy.muzeumleszno.pl\/index.php?rest_route=%2Fwp%2Fv2%2Ftags&post=472"}],"curies":[{"name":"wp","href":"https:\/\/api.w.org\/{rel}","templated":true}]}}