{"id":486,"date":"2024-07-03T11:58:34","date_gmt":"2024-07-03T09:58:34","guid":{"rendered":"http:\/\/ludzieikrajobrazy.muzeumleszno.pl\/?p=486"},"modified":"2024-09-27T09:21:26","modified_gmt":"2024-09-27T07:21:26","slug":"osieczna-panorama-miasta-po-1918-roku-osieczna-verlag-h-krell","status":"publish","type":"post","link":"http:\/\/ludzieikrajobrazy.muzeumleszno.pl\/?p=486","title":{"rendered":"Osieczna. Panorama miasta, po 1918 roku, Osieczna, Verlag H. Krell"},"content":{"rendered":"\n<p>Poczt\u00f3wka adresowana do Drukarni \u201eG\u0142osu Leszczy\u0144skiego\u201d w Lesznie. Datowana: 14.06.1926. Nadana przez B. Peikerta.&nbsp;<\/p>\n\n\n\n<p>Widok Osiecznej od strony po\u0142udniowo-zachodniej. Zdj\u0119cie wykonano z wie\u017cy osieckiego zamku. Ukazuje architektur\u0119 miasta i fragment uk\u0142adu urbanistycznego. Nad zabudow\u0105 dominuj\u0105 bry\u0142y trzech ko\u015bcio\u0142\u00f3w: wzniesiony na wzg\u00f3rzu ko\u015bci\u00f3\u0142 klasztorny pw.&nbsp; \u015bw. Walentego, ko\u015bci\u00f3\u0142 parafialny pw. Tr\u00f3jcy \u015awi\u0119tej i neogotycki ko\u015bci\u00f3\u0142 ewangelicki zbudowany w latach 1898-1899. W Osiecznej istnia\u0142a r\u00f3wnie\u017c drewniana synagoga, kt\u00f3r\u0105 \u2013 ze wzgl\u0119du na zmniejszaj\u0105c\u0105 si\u0119 liczb\u0119 wyznawc\u00f3w \u2013 rozebrano w 1880 roku.<\/p>\n\n\n\n<p>Cech\u0105 miast wielkopolskich by\u0142a ich wielonarodowa i wielowyznaniowa struktura. W\u0142a\u015bciciele, zabiegaj\u0105c o nowych osadnik\u00f3w, gwarantowali im wolno\u015b\u0107 wyznania i pomagali w budowie \u015bwi\u0105ty\u0144. Nie zawsze zyskiwali w tym aprobat\u0105 ze strony w\u0142adz Ko\u015bcio\u0142a katolickiego. W Osiecznej dwukrotnie dochodzi\u0142o do zamieszek na tle religijnym i przez ponad 100 lat protestanci musieli ucz\u0119szcza\u0107 do ko\u015bcio\u0142a w Lesznie. Odrodzona pod koniec XVIII wieku parafia lutera\u0144ska istnia\u0142a do 1945 roku.&nbsp;<\/p>\n\n\n\n<figure data-wp-context=\"{&quot;imageId&quot;:&quot;69f463834ee1d&quot;}\" data-wp-interactive=\"core\/image\" data-wp-key=\"69f463834ee1d\" class=\"wp-block-image size-full wp-lightbox-container\"><img fetchpriority=\"high\" decoding=\"async\" width=\"2560\" height=\"1638\" data-wp-class--hide=\"state.isContentHidden\" data-wp-class--show=\"state.isContentVisible\" data-wp-init=\"callbacks.setButtonStyles\" data-wp-on--click=\"actions.showLightbox\" data-wp-on--load=\"callbacks.setButtonStyles\" data-wp-on-window--resize=\"callbacks.setButtonStyles\" src=\"http:\/\/ludzieikrajobrazy.muzeumleszno.pl\/wp-content\/uploads\/2024\/07\/85_MLPH-341-scaled.jpg\" alt=\"Osieczna. Panorama miasta, po 1918 roku, Osieczna, Verlag H. Krell\" class=\"wp-image-487\" srcset=\"http:\/\/ludzieikrajobrazy.muzeumleszno.pl\/wp-content\/uploads\/2024\/07\/85_MLPH-341-scaled.jpg 2560w, http:\/\/ludzieikrajobrazy.muzeumleszno.pl\/wp-content\/uploads\/2024\/07\/85_MLPH-341-1536x983.jpg 1536w, http:\/\/ludzieikrajobrazy.muzeumleszno.pl\/wp-content\/uploads\/2024\/07\/85_MLPH-341-2048x1310.jpg 2048w, http:\/\/ludzieikrajobrazy.muzeumleszno.pl\/wp-content\/uploads\/2024\/07\/85_MLPH-341-200x128.jpg 200w, http:\/\/ludzieikrajobrazy.muzeumleszno.pl\/wp-content\/uploads\/2024\/07\/85_MLPH-341-973x622.jpg 973w, http:\/\/ludzieikrajobrazy.muzeumleszno.pl\/wp-content\/uploads\/2024\/07\/85_MLPH-341-508x325.jpg 508w\" sizes=\"(max-width: 2560px) 100vw, 2560px\" \/><button\n\t\t\tclass=\"lightbox-trigger\"\n\t\t\ttype=\"button\"\n\t\t\taria-haspopup=\"dialog\"\n\t\t\taria-label=\"Powi\u0119ksz\"\n\t\t\tdata-wp-init=\"callbacks.initTriggerButton\"\n\t\t\tdata-wp-on--click=\"actions.showLightbox\"\n\t\t\tdata-wp-style--right=\"state.imageButtonRight\"\n\t\t\tdata-wp-style--top=\"state.imageButtonTop\"\n\t\t>\n\t\t\t<svg xmlns=\"http:\/\/www.w3.org\/2000\/svg\" width=\"12\" height=\"12\" fill=\"none\" viewBox=\"0 0 12 12\">\n\t\t\t\t<path fill=\"#fff\" d=\"M2 0a2 2 0 0 0-2 2v2h1.5V2a.5.5 0 0 1 .5-.5h2V0H2Zm2 10.5H2a.5.5 0 0 1-.5-.5V8H0v2a2 2 0 0 0 2 2h2v-1.5ZM8 12v-1.5h2a.5.5 0 0 0 .5-.5V8H12v2a2 2 0 0 1-2 2H8Zm2-12a2 2 0 0 1 2 2v2h-1.5V2a.5.5 0 0 0-.5-.5H8V0h2Z\" \/>\n\t\t\t<\/svg>\n\t\t<\/button><figcaption class=\"wp-element-caption\">Osieczna. Panorama miasta, po 1918 roku, Osieczna, Verlag H. Krell. wys. 8,7 cm x szer. 13,7 cm; papier, druk; H. Krell, przed 1926 rokiem; Muzeum Okr\u0119gowe w Lesznie; MLPH341<\/figcaption><\/figure>\n\n\n\n<p class=\"has-small-font-size\">nr inw. MLPH 341<br>W zbiorach Muzeum Okr\u0119gowego w Lesznie od 2003 roku, dar<\/p>\n\n\n\n<p>D.Cz.<\/p>\n\n\n\n<figure class=\"wp-block-embed is-type-video is-provider-youtube wp-block-embed-youtube wp-embed-aspect-16-9 wp-has-aspect-ratio\"><div class=\"wp-block-embed__wrapper\">\n<iframe title=\"Osieczna  Panorama miasta, po 1918 roku, Osieczna, Verlag H  Krell\" width=\"620\" height=\"349\" src=\"https:\/\/www.youtube.com\/embed\/t_QoHOAlD3U?feature=oembed\" frameborder=\"0\" allow=\"accelerometer; autoplay; clipboard-write; encrypted-media; gyroscope; picture-in-picture; web-share\" referrerpolicy=\"strict-origin-when-cross-origin\" allowfullscreen><\/iframe>\n<\/div><\/figure>\n","protected":false},"excerpt":{"rendered":"<p>Poczt\u00f3wka adresowana do Drukarni \u201eG\u0142osu Leszczy\u0144skiego\u201d w Lesznie. Datowana: 14.06.1926. Nadana przez B. Peikerta.&nbsp; Widok Osiecznej od strony po\u0142udniowo-zachodniej. Zdj\u0119cie wykonano z wie\u017cy osieckiego zamku. Ukazuje architektur\u0119 miasta&#8230;<\/p>\n","protected":false},"author":1,"featured_media":487,"comment_status":"closed","ping_status":"closed","sticky":false,"template":"","format":"standard","meta":{"cybocfi_hide_featured_image":"yes","footnotes":""},"categories":[96],"tags":[323,378,682,581,520,681,417,88,690,348,685,686,357,692,95,97,693,111,77,691,687,615,683,694,688,689,684],"class_list":["post-486","post","type-post","status-publish","format-standard","has-post-thumbnail","hentry","category-osieczna","tag-323","tag-architektura","tag-b-peikert","tag-budownictwo-drewniane","tag-dokumentacja","tag-drukarnia-glos-leszczynski","tag-fotografia","tag-kosciol-ewangelicki","tag-kosciol-katolicki","tag-kosciol-klasztorny","tag-kosciol-klasztorny-pod-wezwaniem-sw-walentego","tag-kosciol-parafialny-pod-wezwaniem-trojcy-swietej","tag-leszno","tag-luternizm","tag-neogotyk","tag-osieczna","tag-panorama","tag-panorama-miasta","tag-pocztowka","tag-protestantyzm","tag-synagoga","tag-verlag-h-krell","tag-widok","tag-widok-z-lotu-ptaka","tag-wielonarodowosc","tag-wielowyznaniowosc","tag-wieza-zamku"],"yoast_head":"<!-- This site is optimized with the Yoast SEO plugin v27.5 - https:\/\/yoast.com\/product\/yoast-seo-wordpress\/ -->\n<title>Osieczna. Panorama miasta, po 1918 roku, Osieczna, Verlag H. Krell - Ludzie i krajobrazy. Powiat Leszczy\u0144ski w ikonografii<\/title>\n<meta name=\"robots\" content=\"index, follow, max-snippet:-1, max-image-preview:large, max-video-preview:-1\" \/>\n<link rel=\"canonical\" href=\"http:\/\/ludzieikrajobrazy.muzeumleszno.pl\/?p=486\" \/>\n<meta property=\"og:locale\" content=\"pl_PL\" \/>\n<meta property=\"og:type\" content=\"article\" \/>\n<meta property=\"og:title\" content=\"Osieczna. Panorama miasta, po 1918 roku, Osieczna, Verlag H. Krell - Ludzie i krajobrazy. Powiat Leszczy\u0144ski w ikonografii\" \/>\n<meta property=\"og:description\" content=\"Poczt\u00f3wka adresowana do Drukarni \u201eG\u0142osu Leszczy\u0144skiego\u201d w Lesznie. Datowana: 14.06.1926. Nadana przez B. Peikerta.&nbsp; Widok Osiecznej od strony po\u0142udniowo-zachodniej. Zdj\u0119cie wykonano z wie\u017cy osieckiego zamku. Ukazuje architektur\u0119 miasta...\" \/>\n<meta property=\"og:url\" content=\"http:\/\/ludzieikrajobrazy.muzeumleszno.pl\/?p=486\" \/>\n<meta property=\"og:site_name\" content=\"Ludzie i krajobrazy. Powiat Leszczy\u0144ski w ikonografii\" \/>\n<meta property=\"article:published_time\" content=\"2024-07-03T09:58:34+00:00\" \/>\n<meta property=\"article:modified_time\" content=\"2024-09-27T07:21:26+00:00\" \/>\n<meta property=\"og:image\" content=\"http:\/\/ludzieikrajobrazy.muzeumleszno.pl\/wp-content\/uploads\/2024\/07\/85_MLPH-341-scaled.jpg\" \/>\n\t<meta property=\"og:image:width\" content=\"2560\" \/>\n\t<meta property=\"og:image:height\" content=\"1638\" \/>\n\t<meta property=\"og:image:type\" content=\"image\/jpeg\" \/>\n<meta name=\"author\" content=\"Pan_Admin\" \/>\n<meta name=\"twitter:card\" content=\"summary_large_image\" \/>\n<meta name=\"twitter:label1\" content=\"Napisane przez\" \/>\n\t<meta name=\"twitter:data1\" content=\"Pan_Admin\" \/>\n\t<meta name=\"twitter:label2\" content=\"Szacowany czas czytania\" \/>\n\t<meta name=\"twitter:data2\" content=\"2 minuty\" \/>\n<script type=\"application\/ld+json\" class=\"yoast-schema-graph\">{\"@context\":\"https:\\\/\\\/schema.org\",\"@graph\":[{\"@type\":\"Article\",\"@id\":\"http:\\\/\\\/ludzieikrajobrazy.muzeumleszno.pl\\\/?p=486#article\",\"isPartOf\":{\"@id\":\"http:\\\/\\\/ludzieikrajobrazy.muzeumleszno.pl\\\/?p=486\"},\"author\":{\"name\":\"Pan_Admin\",\"@id\":\"http:\\\/\\\/ludzieikrajobrazy.muzeumleszno.pl\\\/#\\\/schema\\\/person\\\/fc2bc20e2b51efc3202ac1f0cdcd06c0\"},\"headline\":\"Osieczna. Panorama miasta, po 1918 roku, Osieczna, Verlag H. Krell\",\"datePublished\":\"2024-07-03T09:58:34+00:00\",\"dateModified\":\"2024-09-27T07:21:26+00:00\",\"mainEntityOfPage\":{\"@id\":\"http:\\\/\\\/ludzieikrajobrazy.muzeumleszno.pl\\\/?p=486\"},\"wordCount\":235,\"image\":{\"@id\":\"http:\\\/\\\/ludzieikrajobrazy.muzeumleszno.pl\\\/?p=486#primaryimage\"},\"thumbnailUrl\":\"http:\\\/\\\/ludzieikrajobrazy.muzeumleszno.pl\\\/wp-content\\\/uploads\\\/2024\\\/07\\\/85_MLPH-341-scaled.jpg\",\"keywords\":[\"1918\",\"architektura\",\"B. Peikert\",\"budownictwo drewniane\",\"dokumentacja\",\"Drukarnia \\\"G\u0142os Leszczy\u0144ski\\\"\",\"fotografia\",\"Ko\u015bci\u00f3\u0142 ewangelicki\",\"Ko\u015bci\u00f3\u0142 Katolicki\",\"ko\u015bci\u00f3\u0142 klasztorny\",\"ko\u015bci\u00f3\u0142 klasztorny pod wezwaniem \u015bw. Walentego\",\"ko\u015bci\u00f3\u0142 parafialny pod wezwaniem Tr\u00f3jcy \u015awi\u0119tej\",\"Leszno\",\"luternizm\",\"neogotyk\",\"Osieczna\",\"panorama\",\"Panorama miasta\",\"poczt\u00f3wka\",\"protestantyzm\",\"synagoga\",\"Verlag H. Krell\",\"widok\",\"widok z lotu ptaka\",\"wielonarodowo\u015b\u0107\",\"wielowyznaniowo\u015b\u0107\",\"wie\u017ca zamku\"],\"articleSection\":[\"Osieczna\"],\"inLanguage\":\"pl-PL\"},{\"@type\":\"WebPage\",\"@id\":\"http:\\\/\\\/ludzieikrajobrazy.muzeumleszno.pl\\\/?p=486\",\"url\":\"http:\\\/\\\/ludzieikrajobrazy.muzeumleszno.pl\\\/?p=486\",\"name\":\"Osieczna. Panorama miasta, po 1918 roku, Osieczna, Verlag H. Krell - Ludzie i krajobrazy. Powiat Leszczy\u0144ski w ikonografii\",\"isPartOf\":{\"@id\":\"http:\\\/\\\/ludzieikrajobrazy.muzeumleszno.pl\\\/#website\"},\"primaryImageOfPage\":{\"@id\":\"http:\\\/\\\/ludzieikrajobrazy.muzeumleszno.pl\\\/?p=486#primaryimage\"},\"image\":{\"@id\":\"http:\\\/\\\/ludzieikrajobrazy.muzeumleszno.pl\\\/?p=486#primaryimage\"},\"thumbnailUrl\":\"http:\\\/\\\/ludzieikrajobrazy.muzeumleszno.pl\\\/wp-content\\\/uploads\\\/2024\\\/07\\\/85_MLPH-341-scaled.jpg\",\"datePublished\":\"2024-07-03T09:58:34+00:00\",\"dateModified\":\"2024-09-27T07:21:26+00:00\",\"author\":{\"@id\":\"http:\\\/\\\/ludzieikrajobrazy.muzeumleszno.pl\\\/#\\\/schema\\\/person\\\/fc2bc20e2b51efc3202ac1f0cdcd06c0\"},\"breadcrumb\":{\"@id\":\"http:\\\/\\\/ludzieikrajobrazy.muzeumleszno.pl\\\/?p=486#breadcrumb\"},\"inLanguage\":\"pl-PL\",\"potentialAction\":[{\"@type\":\"ReadAction\",\"target\":[\"http:\\\/\\\/ludzieikrajobrazy.muzeumleszno.pl\\\/?p=486\"]}]},{\"@type\":\"BreadcrumbList\",\"@id\":\"http:\\\/\\\/ludzieikrajobrazy.muzeumleszno.pl\\\/?p=486#breadcrumb\",\"itemListElement\":[{\"@type\":\"ListItem\",\"position\":1,\"name\":\"Home\",\"item\":\"http:\\\/\\\/ludzieikrajobrazy.muzeumleszno.pl\\\/\"},{\"@type\":\"ListItem\",\"position\":2,\"name\":\"Osieczna. Panorama miasta, po 1918 roku, Osieczna, Verlag H. Krell\"}]},{\"@type\":\"WebSite\",\"@id\":\"http:\\\/\\\/ludzieikrajobrazy.muzeumleszno.pl\\\/#website\",\"url\":\"http:\\\/\\\/ludzieikrajobrazy.muzeumleszno.pl\\\/\",\"name\":\"Ludzie i krajobrazy. Powiat Leszczy\u0144ski w ikonografii\",\"description\":\"Powiat Leszczy\u0144ski w ikonografii\",\"potentialAction\":[{\"@type\":\"SearchAction\",\"target\":{\"@type\":\"EntryPoint\",\"urlTemplate\":\"http:\\\/\\\/ludzieikrajobrazy.muzeumleszno.pl\\\/?s={search_term_string}\"},\"query-input\":{\"@type\":\"PropertyValueSpecification\",\"valueRequired\":true,\"valueName\":\"search_term_string\"}}],\"inLanguage\":\"pl-PL\"},{\"@type\":\"Person\",\"@id\":\"http:\\\/\\\/ludzieikrajobrazy.muzeumleszno.pl\\\/#\\\/schema\\\/person\\\/fc2bc20e2b51efc3202ac1f0cdcd06c0\",\"name\":\"Pan_Admin\",\"image\":{\"@type\":\"ImageObject\",\"inLanguage\":\"pl-PL\",\"@id\":\"https:\\\/\\\/secure.gravatar.com\\\/avatar\\\/d109d485abe889ecc32dbdb971b715ad9d4596bd0e2353626451db3e04099822?s=96&d=mm&r=g\",\"url\":\"https:\\\/\\\/secure.gravatar.com\\\/avatar\\\/d109d485abe889ecc32dbdb971b715ad9d4596bd0e2353626451db3e04099822?s=96&d=mm&r=g\",\"contentUrl\":\"https:\\\/\\\/secure.gravatar.com\\\/avatar\\\/d109d485abe889ecc32dbdb971b715ad9d4596bd0e2353626451db3e04099822?s=96&d=mm&r=g\",\"caption\":\"Pan_Admin\"},\"sameAs\":[\"http:\\\/\\\/ludzieikrajobrazy.muzeumleszno.pl\"],\"url\":\"http:\\\/\\\/ludzieikrajobrazy.muzeumleszno.pl\\\/?author=1\"}]}<\/script>\n<!-- \/ Yoast SEO plugin. -->","yoast_head_json":{"title":"Osieczna. Panorama miasta, po 1918 roku, Osieczna, Verlag H. Krell - Ludzie i krajobrazy. Powiat Leszczy\u0144ski w ikonografii","robots":{"index":"index","follow":"follow","max-snippet":"max-snippet:-1","max-image-preview":"max-image-preview:large","max-video-preview":"max-video-preview:-1"},"canonical":"http:\/\/ludzieikrajobrazy.muzeumleszno.pl\/?p=486","og_locale":"pl_PL","og_type":"article","og_title":"Osieczna. Panorama miasta, po 1918 roku, Osieczna, Verlag H. Krell - Ludzie i krajobrazy. Powiat Leszczy\u0144ski w ikonografii","og_description":"Poczt\u00f3wka adresowana do Drukarni \u201eG\u0142osu Leszczy\u0144skiego\u201d w Lesznie. Datowana: 14.06.1926. Nadana przez B. Peikerta.&nbsp; Widok Osiecznej od strony po\u0142udniowo-zachodniej. Zdj\u0119cie wykonano z wie\u017cy osieckiego zamku. Ukazuje architektur\u0119 miasta...","og_url":"http:\/\/ludzieikrajobrazy.muzeumleszno.pl\/?p=486","og_site_name":"Ludzie i krajobrazy. Powiat Leszczy\u0144ski w ikonografii","article_published_time":"2024-07-03T09:58:34+00:00","article_modified_time":"2024-09-27T07:21:26+00:00","og_image":[{"width":2560,"height":1638,"url":"http:\/\/ludzieikrajobrazy.muzeumleszno.pl\/wp-content\/uploads\/2024\/07\/85_MLPH-341-scaled.jpg","type":"image\/jpeg"}],"author":"Pan_Admin","twitter_card":"summary_large_image","twitter_misc":{"Napisane przez":"Pan_Admin","Szacowany czas czytania":"2 minuty"},"schema":{"@context":"https:\/\/schema.org","@graph":[{"@type":"Article","@id":"http:\/\/ludzieikrajobrazy.muzeumleszno.pl\/?p=486#article","isPartOf":{"@id":"http:\/\/ludzieikrajobrazy.muzeumleszno.pl\/?p=486"},"author":{"name":"Pan_Admin","@id":"http:\/\/ludzieikrajobrazy.muzeumleszno.pl\/#\/schema\/person\/fc2bc20e2b51efc3202ac1f0cdcd06c0"},"headline":"Osieczna. Panorama miasta, po 1918 roku, Osieczna, Verlag H. Krell","datePublished":"2024-07-03T09:58:34+00:00","dateModified":"2024-09-27T07:21:26+00:00","mainEntityOfPage":{"@id":"http:\/\/ludzieikrajobrazy.muzeumleszno.pl\/?p=486"},"wordCount":235,"image":{"@id":"http:\/\/ludzieikrajobrazy.muzeumleszno.pl\/?p=486#primaryimage"},"thumbnailUrl":"http:\/\/ludzieikrajobrazy.muzeumleszno.pl\/wp-content\/uploads\/2024\/07\/85_MLPH-341-scaled.jpg","keywords":["1918","architektura","B. Peikert","budownictwo drewniane","dokumentacja","Drukarnia \"G\u0142os Leszczy\u0144ski\"","fotografia","Ko\u015bci\u00f3\u0142 ewangelicki","Ko\u015bci\u00f3\u0142 Katolicki","ko\u015bci\u00f3\u0142 klasztorny","ko\u015bci\u00f3\u0142 klasztorny pod wezwaniem \u015bw. Walentego","ko\u015bci\u00f3\u0142 parafialny pod wezwaniem Tr\u00f3jcy \u015awi\u0119tej","Leszno","luternizm","neogotyk","Osieczna","panorama","Panorama miasta","poczt\u00f3wka","protestantyzm","synagoga","Verlag H. Krell","widok","widok z lotu ptaka","wielonarodowo\u015b\u0107","wielowyznaniowo\u015b\u0107","wie\u017ca zamku"],"articleSection":["Osieczna"],"inLanguage":"pl-PL"},{"@type":"WebPage","@id":"http:\/\/ludzieikrajobrazy.muzeumleszno.pl\/?p=486","url":"http:\/\/ludzieikrajobrazy.muzeumleszno.pl\/?p=486","name":"Osieczna. Panorama miasta, po 1918 roku, Osieczna, Verlag H. Krell - Ludzie i krajobrazy. Powiat Leszczy\u0144ski w ikonografii","isPartOf":{"@id":"http:\/\/ludzieikrajobrazy.muzeumleszno.pl\/#website"},"primaryImageOfPage":{"@id":"http:\/\/ludzieikrajobrazy.muzeumleszno.pl\/?p=486#primaryimage"},"image":{"@id":"http:\/\/ludzieikrajobrazy.muzeumleszno.pl\/?p=486#primaryimage"},"thumbnailUrl":"http:\/\/ludzieikrajobrazy.muzeumleszno.pl\/wp-content\/uploads\/2024\/07\/85_MLPH-341-scaled.jpg","datePublished":"2024-07-03T09:58:34+00:00","dateModified":"2024-09-27T07:21:26+00:00","author":{"@id":"http:\/\/ludzieikrajobrazy.muzeumleszno.pl\/#\/schema\/person\/fc2bc20e2b51efc3202ac1f0cdcd06c0"},"breadcrumb":{"@id":"http:\/\/ludzieikrajobrazy.muzeumleszno.pl\/?p=486#breadcrumb"},"inLanguage":"pl-PL","potentialAction":[{"@type":"ReadAction","target":["http:\/\/ludzieikrajobrazy.muzeumleszno.pl\/?p=486"]}]},{"@type":"BreadcrumbList","@id":"http:\/\/ludzieikrajobrazy.muzeumleszno.pl\/?p=486#breadcrumb","itemListElement":[{"@type":"ListItem","position":1,"name":"Home","item":"http:\/\/ludzieikrajobrazy.muzeumleszno.pl\/"},{"@type":"ListItem","position":2,"name":"Osieczna. Panorama miasta, po 1918 roku, Osieczna, Verlag H. Krell"}]},{"@type":"WebSite","@id":"http:\/\/ludzieikrajobrazy.muzeumleszno.pl\/#website","url":"http:\/\/ludzieikrajobrazy.muzeumleszno.pl\/","name":"Ludzie i krajobrazy. Powiat Leszczy\u0144ski w ikonografii","description":"Powiat Leszczy\u0144ski w ikonografii","potentialAction":[{"@type":"SearchAction","target":{"@type":"EntryPoint","urlTemplate":"http:\/\/ludzieikrajobrazy.muzeumleszno.pl\/?s={search_term_string}"},"query-input":{"@type":"PropertyValueSpecification","valueRequired":true,"valueName":"search_term_string"}}],"inLanguage":"pl-PL"},{"@type":"Person","@id":"http:\/\/ludzieikrajobrazy.muzeumleszno.pl\/#\/schema\/person\/fc2bc20e2b51efc3202ac1f0cdcd06c0","name":"Pan_Admin","image":{"@type":"ImageObject","inLanguage":"pl-PL","@id":"https:\/\/secure.gravatar.com\/avatar\/d109d485abe889ecc32dbdb971b715ad9d4596bd0e2353626451db3e04099822?s=96&d=mm&r=g","url":"https:\/\/secure.gravatar.com\/avatar\/d109d485abe889ecc32dbdb971b715ad9d4596bd0e2353626451db3e04099822?s=96&d=mm&r=g","contentUrl":"https:\/\/secure.gravatar.com\/avatar\/d109d485abe889ecc32dbdb971b715ad9d4596bd0e2353626451db3e04099822?s=96&d=mm&r=g","caption":"Pan_Admin"},"sameAs":["http:\/\/ludzieikrajobrazy.muzeumleszno.pl"],"url":"http:\/\/ludzieikrajobrazy.muzeumleszno.pl\/?author=1"}]}},"_links":{"self":[{"href":"http:\/\/ludzieikrajobrazy.muzeumleszno.pl\/index.php?rest_route=\/wp\/v2\/posts\/486","targetHints":{"allow":["GET"]}}],"collection":[{"href":"http:\/\/ludzieikrajobrazy.muzeumleszno.pl\/index.php?rest_route=\/wp\/v2\/posts"}],"about":[{"href":"http:\/\/ludzieikrajobrazy.muzeumleszno.pl\/index.php?rest_route=\/wp\/v2\/types\/post"}],"author":[{"embeddable":true,"href":"http:\/\/ludzieikrajobrazy.muzeumleszno.pl\/index.php?rest_route=\/wp\/v2\/users\/1"}],"replies":[{"embeddable":true,"href":"http:\/\/ludzieikrajobrazy.muzeumleszno.pl\/index.php?rest_route=%2Fwp%2Fv2%2Fcomments&post=486"}],"version-history":[{"count":2,"href":"http:\/\/ludzieikrajobrazy.muzeumleszno.pl\/index.php?rest_route=\/wp\/v2\/posts\/486\/revisions"}],"predecessor-version":[{"id":1328,"href":"http:\/\/ludzieikrajobrazy.muzeumleszno.pl\/index.php?rest_route=\/wp\/v2\/posts\/486\/revisions\/1328"}],"wp:featuredmedia":[{"embeddable":true,"href":"http:\/\/ludzieikrajobrazy.muzeumleszno.pl\/index.php?rest_route=\/wp\/v2\/media\/487"}],"wp:attachment":[{"href":"http:\/\/ludzieikrajobrazy.muzeumleszno.pl\/index.php?rest_route=%2Fwp%2Fv2%2Fmedia&parent=486"}],"wp:term":[{"taxonomy":"category","embeddable":true,"href":"http:\/\/ludzieikrajobrazy.muzeumleszno.pl\/index.php?rest_route=%2Fwp%2Fv2%2Fcategories&post=486"},{"taxonomy":"post_tag","embeddable":true,"href":"http:\/\/ludzieikrajobrazy.muzeumleszno.pl\/index.php?rest_route=%2Fwp%2Fv2%2Ftags&post=486"}],"curies":[{"name":"wp","href":"https:\/\/api.w.org\/{rel}","templated":true}]}}