{"id":489,"date":"2024-07-03T11:57:15","date_gmt":"2024-07-03T09:57:15","guid":{"rendered":"http:\/\/ludzieikrajobrazy.muzeumleszno.pl\/?p=489"},"modified":"2024-09-27T09:25:25","modified_gmt":"2024-09-27T07:25:25","slug":"osieczna-panorama-miasta-lata-1940-1944-osieczna-kaufhaus-horst-mehl","status":"publish","type":"post","link":"http:\/\/ludzieikrajobrazy.muzeumleszno.pl\/?p=489","title":{"rendered":"Osieczna. Panorama miasta, lata 1940\u20131944, Osieczna, Kaufhaus Horst Mehl"},"content":{"rendered":"\n<p>Widok miasta od strony po\u0142udniowo-wschodniej. Fotografi\u0119 wykonano z wie\u017cy ko\u015bcio\u0142a farnego. Wsp\u00f3\u0142czesna zabudowa rynku i s\u0105siaduj\u0105cych z nim ulic pochodzi w wi\u0119kszo\u015bci z XIX wieku. W nast\u0119pstwie po\u017caru, kt\u00f3ry nawiedzi\u0142 miasto 8 maja 1793 roku, spali\u0142o si\u0119 150 dom\u00f3w, ratusz, szpital, ko\u015bci\u00f3\u0142 szpitalny, synagoga i liczne zabudowania gospodarcze. Odbudowa trwa\u0142a wiele lat. Zubo\u017cali nie tylko mieszka\u0144cy \u2013 wielu opu\u015bci\u0142o miasto &#8211; ale i w\u0142a\u015bciciele Osiecznej. W 1821 roku maj\u0119tno\u015b\u0107 Osieczna wraz z zamkiem zosta\u0142a sprzedana w trybie licytacji i przesz\u0142a w r\u0119ce niemiecki.&nbsp;<\/p>\n\n\n\n<p>Prowadzona w okresie zabor\u00f3w polityka w\u0142adz pruskich mia\u0142a s\u0142u\u017cy\u0107 wzmocnieniu \u017cywio\u0142u niemieckiego. Osieczna by\u0142a jednym z nielicznych o\u015brodk\u00f3w w powiecie leszczy\u0144skim, w kt\u00f3rych ludno\u015b\u0107 polska sta\u0142a si\u0119 grup\u0105 dominuj\u0105c\u0105. Znalaz\u0142o to potwierdzenie w postawie mieszka\u0144c\u00f3w przed i podczas powstania wielkopolskiego oraz w szybkiej organizacji w\u0142adz samorz\u0105dowych w 1919 roku.&nbsp;<\/p>\n\n\n\n<figure data-wp-context=\"{&quot;imageId&quot;:&quot;69f4637f2ccdb&quot;}\" data-wp-interactive=\"core\/image\" data-wp-key=\"69f4637f2ccdb\" class=\"wp-block-image size-full wp-lightbox-container\"><img fetchpriority=\"high\" decoding=\"async\" width=\"2560\" height=\"1677\" data-wp-class--hide=\"state.isContentHidden\" data-wp-class--show=\"state.isContentVisible\" data-wp-init=\"callbacks.setButtonStyles\" data-wp-on--click=\"actions.showLightbox\" data-wp-on--load=\"callbacks.setButtonStyles\" data-wp-on-window--resize=\"callbacks.setButtonStyles\" src=\"http:\/\/ludzieikrajobrazy.muzeumleszno.pl\/wp-content\/uploads\/2024\/07\/86_MLPH-378_-scaled.jpg\" alt=\"Osieczna. Panorama miasta, lata 1940\u20131944, Osieczna, Kaufhaus Horst Mehl\" class=\"wp-image-490\" srcset=\"http:\/\/ludzieikrajobrazy.muzeumleszno.pl\/wp-content\/uploads\/2024\/07\/86_MLPH-378_-scaled.jpg 2560w, http:\/\/ludzieikrajobrazy.muzeumleszno.pl\/wp-content\/uploads\/2024\/07\/86_MLPH-378_-1536x1006.jpg 1536w, http:\/\/ludzieikrajobrazy.muzeumleszno.pl\/wp-content\/uploads\/2024\/07\/86_MLPH-378_-2048x1341.jpg 2048w, http:\/\/ludzieikrajobrazy.muzeumleszno.pl\/wp-content\/uploads\/2024\/07\/86_MLPH-378_-200x131.jpg 200w, http:\/\/ludzieikrajobrazy.muzeumleszno.pl\/wp-content\/uploads\/2024\/07\/86_MLPH-378_-973x637.jpg 973w, http:\/\/ludzieikrajobrazy.muzeumleszno.pl\/wp-content\/uploads\/2024\/07\/86_MLPH-378_-508x333.jpg 508w\" sizes=\"(max-width: 2560px) 100vw, 2560px\" \/><button\n\t\t\tclass=\"lightbox-trigger\"\n\t\t\ttype=\"button\"\n\t\t\taria-haspopup=\"dialog\"\n\t\t\taria-label=\"Powi\u0119ksz\"\n\t\t\tdata-wp-init=\"callbacks.initTriggerButton\"\n\t\t\tdata-wp-on--click=\"actions.showLightbox\"\n\t\t\tdata-wp-style--right=\"state.imageButtonRight\"\n\t\t\tdata-wp-style--top=\"state.imageButtonTop\"\n\t\t>\n\t\t\t<svg xmlns=\"http:\/\/www.w3.org\/2000\/svg\" width=\"12\" height=\"12\" fill=\"none\" viewBox=\"0 0 12 12\">\n\t\t\t\t<path fill=\"#fff\" d=\"M2 0a2 2 0 0 0-2 2v2h1.5V2a.5.5 0 0 1 .5-.5h2V0H2Zm2 10.5H2a.5.5 0 0 1-.5-.5V8H0v2a2 2 0 0 0 2 2h2v-1.5ZM8 12v-1.5h2a.5.5 0 0 0 .5-.5V8H12v2a2 2 0 0 1-2 2H8Zm2-12a2 2 0 0 1 2 2v2h-1.5V2a.5.5 0 0 0-.5-.5H8V0h2Z\" \/>\n\t\t\t<\/svg>\n\t\t<\/button><figcaption class=\"wp-element-caption\">Osieczna. Panorama miasta, lata 1940\u20131944, Osieczna, Kaufhaus Horst Mehl, wys. 8,8 cm x szer. 13,8 cm; papier, druk; wydawca: Horst Mehl, po 1939 roku; Muzeum Okr\u0119gowe w Lesznie; MLPH378<\/figcaption><\/figure>\n\n\n\n<p class=\"has-small-font-size\">nr inw. MLPH 378<br>W zbiorach Muzeum Okr\u0119gowego w Lesznie od 2003 roku, dar<\/p>\n\n\n\n<p>D.Cz.<\/p>\n\n\n\n<figure class=\"wp-block-embed is-type-video is-provider-youtube wp-block-embed-youtube wp-embed-aspect-16-9 wp-has-aspect-ratio\"><div class=\"wp-block-embed__wrapper\">\n<iframe title=\"Osieczna  Panorama miasta, lata 1940\u20131944, Osieczna, Kaufhaus Horst Mehl\" width=\"620\" height=\"349\" src=\"https:\/\/www.youtube.com\/embed\/gPXIvLBx4wY?feature=oembed\" frameborder=\"0\" allow=\"accelerometer; autoplay; clipboard-write; encrypted-media; gyroscope; picture-in-picture; web-share\" referrerpolicy=\"strict-origin-when-cross-origin\" allowfullscreen><\/iframe>\n<\/div><\/figure>\n","protected":false},"excerpt":{"rendered":"<p>Widok miasta od strony po\u0142udniowo-wschodniej. Fotografi\u0119 wykonano z wie\u017cy ko\u015bcio\u0142a farnego. Wsp\u00f3\u0142czesna zabudowa rynku i s\u0105siaduj\u0105cych z nim ulic pochodzi w wi\u0119kszo\u015bci z XIX wieku. W nast\u0119pstwie po\u017caru,&#8230;<\/p>\n","protected":false},"author":1,"featured_media":490,"comment_status":"closed","ping_status":"closed","sticky":false,"template":"","format":"standard","meta":{"cybocfi_hide_featured_image":"yes","footnotes":""},"categories":[96],"tags":[112,378,520,417,696,113,97,111,197,122,694],"class_list":["post-489","post","type-post","status-publish","format-standard","has-post-thumbnail","hentry","category-osieczna","tag-112","tag-architektura","tag-dokumentacja","tag-fotografia","tag-fotografia-powietrzna","tag-kaufhaus-horst-mehl","tag-osieczna","tag-panorama-miasta","tag-prusy","tag-rynek","tag-widok-z-lotu-ptaka"],"yoast_head":"<!-- This site is optimized with the Yoast SEO plugin v27.5 - https:\/\/yoast.com\/product\/yoast-seo-wordpress\/ -->\n<title>Osieczna. Panorama miasta, lata 1940\u20131944, Osieczna, Kaufhaus Horst Mehl - Ludzie i krajobrazy. Powiat Leszczy\u0144ski w ikonografii<\/title>\n<meta name=\"robots\" content=\"index, follow, max-snippet:-1, max-image-preview:large, max-video-preview:-1\" \/>\n<link rel=\"canonical\" href=\"http:\/\/ludzieikrajobrazy.muzeumleszno.pl\/?p=489\" \/>\n<meta property=\"og:locale\" content=\"pl_PL\" \/>\n<meta property=\"og:type\" content=\"article\" \/>\n<meta property=\"og:title\" content=\"Osieczna. Panorama miasta, lata 1940\u20131944, Osieczna, Kaufhaus Horst Mehl - Ludzie i krajobrazy. Powiat Leszczy\u0144ski w ikonografii\" \/>\n<meta property=\"og:description\" content=\"Widok miasta od strony po\u0142udniowo-wschodniej. Fotografi\u0119 wykonano z wie\u017cy ko\u015bcio\u0142a farnego. Wsp\u00f3\u0142czesna zabudowa rynku i s\u0105siaduj\u0105cych z nim ulic pochodzi w wi\u0119kszo\u015bci z XIX wieku. W nast\u0119pstwie po\u017caru,...\" \/>\n<meta property=\"og:url\" content=\"http:\/\/ludzieikrajobrazy.muzeumleszno.pl\/?p=489\" \/>\n<meta property=\"og:site_name\" content=\"Ludzie i krajobrazy. Powiat Leszczy\u0144ski w ikonografii\" \/>\n<meta property=\"article:published_time\" content=\"2024-07-03T09:57:15+00:00\" \/>\n<meta property=\"article:modified_time\" content=\"2024-09-27T07:25:25+00:00\" \/>\n<meta property=\"og:image\" content=\"http:\/\/ludzieikrajobrazy.muzeumleszno.pl\/wp-content\/uploads\/2024\/07\/86_MLPH-378_-scaled.jpg\" \/>\n\t<meta property=\"og:image:width\" content=\"2560\" \/>\n\t<meta property=\"og:image:height\" content=\"1677\" \/>\n\t<meta property=\"og:image:type\" content=\"image\/jpeg\" \/>\n<meta name=\"author\" content=\"Pan_Admin\" \/>\n<meta name=\"twitter:card\" content=\"summary_large_image\" \/>\n<meta name=\"twitter:label1\" content=\"Napisane przez\" \/>\n\t<meta name=\"twitter:data1\" content=\"Pan_Admin\" \/>\n\t<meta name=\"twitter:label2\" content=\"Szacowany czas czytania\" \/>\n\t<meta name=\"twitter:data2\" content=\"2 minuty\" \/>\n<script type=\"application\/ld+json\" class=\"yoast-schema-graph\">{\"@context\":\"https:\\\/\\\/schema.org\",\"@graph\":[{\"@type\":\"Article\",\"@id\":\"http:\\\/\\\/ludzieikrajobrazy.muzeumleszno.pl\\\/?p=489#article\",\"isPartOf\":{\"@id\":\"http:\\\/\\\/ludzieikrajobrazy.muzeumleszno.pl\\\/?p=489\"},\"author\":{\"name\":\"Pan_Admin\",\"@id\":\"http:\\\/\\\/ludzieikrajobrazy.muzeumleszno.pl\\\/#\\\/schema\\\/person\\\/fc2bc20e2b51efc3202ac1f0cdcd06c0\"},\"headline\":\"Osieczna. Panorama miasta, lata 1940\u20131944, Osieczna, Kaufhaus Horst Mehl\",\"datePublished\":\"2024-07-03T09:57:15+00:00\",\"dateModified\":\"2024-09-27T07:25:25+00:00\",\"mainEntityOfPage\":{\"@id\":\"http:\\\/\\\/ludzieikrajobrazy.muzeumleszno.pl\\\/?p=489\"},\"wordCount\":226,\"image\":{\"@id\":\"http:\\\/\\\/ludzieikrajobrazy.muzeumleszno.pl\\\/?p=489#primaryimage\"},\"thumbnailUrl\":\"http:\\\/\\\/ludzieikrajobrazy.muzeumleszno.pl\\\/wp-content\\\/uploads\\\/2024\\\/07\\\/86_MLPH-378_-scaled.jpg\",\"keywords\":[\"1940\",\"architektura\",\"dokumentacja\",\"fotografia\",\"fotografia powietrzna\",\"Kaufhaus Horst Mehl\",\"Osieczna\",\"Panorama miasta\",\"Prusy\",\"Rynek\",\"widok z lotu ptaka\"],\"articleSection\":[\"Osieczna\"],\"inLanguage\":\"pl-PL\"},{\"@type\":\"WebPage\",\"@id\":\"http:\\\/\\\/ludzieikrajobrazy.muzeumleszno.pl\\\/?p=489\",\"url\":\"http:\\\/\\\/ludzieikrajobrazy.muzeumleszno.pl\\\/?p=489\",\"name\":\"Osieczna. Panorama miasta, lata 1940\u20131944, Osieczna, Kaufhaus Horst Mehl - Ludzie i krajobrazy. Powiat Leszczy\u0144ski w ikonografii\",\"isPartOf\":{\"@id\":\"http:\\\/\\\/ludzieikrajobrazy.muzeumleszno.pl\\\/#website\"},\"primaryImageOfPage\":{\"@id\":\"http:\\\/\\\/ludzieikrajobrazy.muzeumleszno.pl\\\/?p=489#primaryimage\"},\"image\":{\"@id\":\"http:\\\/\\\/ludzieikrajobrazy.muzeumleszno.pl\\\/?p=489#primaryimage\"},\"thumbnailUrl\":\"http:\\\/\\\/ludzieikrajobrazy.muzeumleszno.pl\\\/wp-content\\\/uploads\\\/2024\\\/07\\\/86_MLPH-378_-scaled.jpg\",\"datePublished\":\"2024-07-03T09:57:15+00:00\",\"dateModified\":\"2024-09-27T07:25:25+00:00\",\"author\":{\"@id\":\"http:\\\/\\\/ludzieikrajobrazy.muzeumleszno.pl\\\/#\\\/schema\\\/person\\\/fc2bc20e2b51efc3202ac1f0cdcd06c0\"},\"breadcrumb\":{\"@id\":\"http:\\\/\\\/ludzieikrajobrazy.muzeumleszno.pl\\\/?p=489#breadcrumb\"},\"inLanguage\":\"pl-PL\",\"potentialAction\":[{\"@type\":\"ReadAction\",\"target\":[\"http:\\\/\\\/ludzieikrajobrazy.muzeumleszno.pl\\\/?p=489\"]}]},{\"@type\":\"BreadcrumbList\",\"@id\":\"http:\\\/\\\/ludzieikrajobrazy.muzeumleszno.pl\\\/?p=489#breadcrumb\",\"itemListElement\":[{\"@type\":\"ListItem\",\"position\":1,\"name\":\"Home\",\"item\":\"http:\\\/\\\/ludzieikrajobrazy.muzeumleszno.pl\\\/\"},{\"@type\":\"ListItem\",\"position\":2,\"name\":\"Osieczna. Panorama miasta, lata 1940\u20131944, Osieczna, Kaufhaus Horst Mehl\"}]},{\"@type\":\"WebSite\",\"@id\":\"http:\\\/\\\/ludzieikrajobrazy.muzeumleszno.pl\\\/#website\",\"url\":\"http:\\\/\\\/ludzieikrajobrazy.muzeumleszno.pl\\\/\",\"name\":\"Ludzie i krajobrazy. Powiat Leszczy\u0144ski w ikonografii\",\"description\":\"Powiat Leszczy\u0144ski w ikonografii\",\"potentialAction\":[{\"@type\":\"SearchAction\",\"target\":{\"@type\":\"EntryPoint\",\"urlTemplate\":\"http:\\\/\\\/ludzieikrajobrazy.muzeumleszno.pl\\\/?s={search_term_string}\"},\"query-input\":{\"@type\":\"PropertyValueSpecification\",\"valueRequired\":true,\"valueName\":\"search_term_string\"}}],\"inLanguage\":\"pl-PL\"},{\"@type\":\"Person\",\"@id\":\"http:\\\/\\\/ludzieikrajobrazy.muzeumleszno.pl\\\/#\\\/schema\\\/person\\\/fc2bc20e2b51efc3202ac1f0cdcd06c0\",\"name\":\"Pan_Admin\",\"image\":{\"@type\":\"ImageObject\",\"inLanguage\":\"pl-PL\",\"@id\":\"https:\\\/\\\/secure.gravatar.com\\\/avatar\\\/d109d485abe889ecc32dbdb971b715ad9d4596bd0e2353626451db3e04099822?s=96&d=mm&r=g\",\"url\":\"https:\\\/\\\/secure.gravatar.com\\\/avatar\\\/d109d485abe889ecc32dbdb971b715ad9d4596bd0e2353626451db3e04099822?s=96&d=mm&r=g\",\"contentUrl\":\"https:\\\/\\\/secure.gravatar.com\\\/avatar\\\/d109d485abe889ecc32dbdb971b715ad9d4596bd0e2353626451db3e04099822?s=96&d=mm&r=g\",\"caption\":\"Pan_Admin\"},\"sameAs\":[\"http:\\\/\\\/ludzieikrajobrazy.muzeumleszno.pl\"],\"url\":\"http:\\\/\\\/ludzieikrajobrazy.muzeumleszno.pl\\\/?author=1\"}]}<\/script>\n<!-- \/ Yoast SEO plugin. -->","yoast_head_json":{"title":"Osieczna. Panorama miasta, lata 1940\u20131944, Osieczna, Kaufhaus Horst Mehl - Ludzie i krajobrazy. Powiat Leszczy\u0144ski w ikonografii","robots":{"index":"index","follow":"follow","max-snippet":"max-snippet:-1","max-image-preview":"max-image-preview:large","max-video-preview":"max-video-preview:-1"},"canonical":"http:\/\/ludzieikrajobrazy.muzeumleszno.pl\/?p=489","og_locale":"pl_PL","og_type":"article","og_title":"Osieczna. Panorama miasta, lata 1940\u20131944, Osieczna, Kaufhaus Horst Mehl - Ludzie i krajobrazy. Powiat Leszczy\u0144ski w ikonografii","og_description":"Widok miasta od strony po\u0142udniowo-wschodniej. Fotografi\u0119 wykonano z wie\u017cy ko\u015bcio\u0142a farnego. Wsp\u00f3\u0142czesna zabudowa rynku i s\u0105siaduj\u0105cych z nim ulic pochodzi w wi\u0119kszo\u015bci z XIX wieku. W nast\u0119pstwie po\u017caru,...","og_url":"http:\/\/ludzieikrajobrazy.muzeumleszno.pl\/?p=489","og_site_name":"Ludzie i krajobrazy. Powiat Leszczy\u0144ski w ikonografii","article_published_time":"2024-07-03T09:57:15+00:00","article_modified_time":"2024-09-27T07:25:25+00:00","og_image":[{"width":2560,"height":1677,"url":"http:\/\/ludzieikrajobrazy.muzeumleszno.pl\/wp-content\/uploads\/2024\/07\/86_MLPH-378_-scaled.jpg","type":"image\/jpeg"}],"author":"Pan_Admin","twitter_card":"summary_large_image","twitter_misc":{"Napisane przez":"Pan_Admin","Szacowany czas czytania":"2 minuty"},"schema":{"@context":"https:\/\/schema.org","@graph":[{"@type":"Article","@id":"http:\/\/ludzieikrajobrazy.muzeumleszno.pl\/?p=489#article","isPartOf":{"@id":"http:\/\/ludzieikrajobrazy.muzeumleszno.pl\/?p=489"},"author":{"name":"Pan_Admin","@id":"http:\/\/ludzieikrajobrazy.muzeumleszno.pl\/#\/schema\/person\/fc2bc20e2b51efc3202ac1f0cdcd06c0"},"headline":"Osieczna. Panorama miasta, lata 1940\u20131944, Osieczna, Kaufhaus Horst Mehl","datePublished":"2024-07-03T09:57:15+00:00","dateModified":"2024-09-27T07:25:25+00:00","mainEntityOfPage":{"@id":"http:\/\/ludzieikrajobrazy.muzeumleszno.pl\/?p=489"},"wordCount":226,"image":{"@id":"http:\/\/ludzieikrajobrazy.muzeumleszno.pl\/?p=489#primaryimage"},"thumbnailUrl":"http:\/\/ludzieikrajobrazy.muzeumleszno.pl\/wp-content\/uploads\/2024\/07\/86_MLPH-378_-scaled.jpg","keywords":["1940","architektura","dokumentacja","fotografia","fotografia powietrzna","Kaufhaus Horst Mehl","Osieczna","Panorama miasta","Prusy","Rynek","widok z lotu ptaka"],"articleSection":["Osieczna"],"inLanguage":"pl-PL"},{"@type":"WebPage","@id":"http:\/\/ludzieikrajobrazy.muzeumleszno.pl\/?p=489","url":"http:\/\/ludzieikrajobrazy.muzeumleszno.pl\/?p=489","name":"Osieczna. Panorama miasta, lata 1940\u20131944, Osieczna, Kaufhaus Horst Mehl - Ludzie i krajobrazy. Powiat Leszczy\u0144ski w ikonografii","isPartOf":{"@id":"http:\/\/ludzieikrajobrazy.muzeumleszno.pl\/#website"},"primaryImageOfPage":{"@id":"http:\/\/ludzieikrajobrazy.muzeumleszno.pl\/?p=489#primaryimage"},"image":{"@id":"http:\/\/ludzieikrajobrazy.muzeumleszno.pl\/?p=489#primaryimage"},"thumbnailUrl":"http:\/\/ludzieikrajobrazy.muzeumleszno.pl\/wp-content\/uploads\/2024\/07\/86_MLPH-378_-scaled.jpg","datePublished":"2024-07-03T09:57:15+00:00","dateModified":"2024-09-27T07:25:25+00:00","author":{"@id":"http:\/\/ludzieikrajobrazy.muzeumleszno.pl\/#\/schema\/person\/fc2bc20e2b51efc3202ac1f0cdcd06c0"},"breadcrumb":{"@id":"http:\/\/ludzieikrajobrazy.muzeumleszno.pl\/?p=489#breadcrumb"},"inLanguage":"pl-PL","potentialAction":[{"@type":"ReadAction","target":["http:\/\/ludzieikrajobrazy.muzeumleszno.pl\/?p=489"]}]},{"@type":"BreadcrumbList","@id":"http:\/\/ludzieikrajobrazy.muzeumleszno.pl\/?p=489#breadcrumb","itemListElement":[{"@type":"ListItem","position":1,"name":"Home","item":"http:\/\/ludzieikrajobrazy.muzeumleszno.pl\/"},{"@type":"ListItem","position":2,"name":"Osieczna. Panorama miasta, lata 1940\u20131944, Osieczna, Kaufhaus Horst Mehl"}]},{"@type":"WebSite","@id":"http:\/\/ludzieikrajobrazy.muzeumleszno.pl\/#website","url":"http:\/\/ludzieikrajobrazy.muzeumleszno.pl\/","name":"Ludzie i krajobrazy. Powiat Leszczy\u0144ski w ikonografii","description":"Powiat Leszczy\u0144ski w ikonografii","potentialAction":[{"@type":"SearchAction","target":{"@type":"EntryPoint","urlTemplate":"http:\/\/ludzieikrajobrazy.muzeumleszno.pl\/?s={search_term_string}"},"query-input":{"@type":"PropertyValueSpecification","valueRequired":true,"valueName":"search_term_string"}}],"inLanguage":"pl-PL"},{"@type":"Person","@id":"http:\/\/ludzieikrajobrazy.muzeumleszno.pl\/#\/schema\/person\/fc2bc20e2b51efc3202ac1f0cdcd06c0","name":"Pan_Admin","image":{"@type":"ImageObject","inLanguage":"pl-PL","@id":"https:\/\/secure.gravatar.com\/avatar\/d109d485abe889ecc32dbdb971b715ad9d4596bd0e2353626451db3e04099822?s=96&d=mm&r=g","url":"https:\/\/secure.gravatar.com\/avatar\/d109d485abe889ecc32dbdb971b715ad9d4596bd0e2353626451db3e04099822?s=96&d=mm&r=g","contentUrl":"https:\/\/secure.gravatar.com\/avatar\/d109d485abe889ecc32dbdb971b715ad9d4596bd0e2353626451db3e04099822?s=96&d=mm&r=g","caption":"Pan_Admin"},"sameAs":["http:\/\/ludzieikrajobrazy.muzeumleszno.pl"],"url":"http:\/\/ludzieikrajobrazy.muzeumleszno.pl\/?author=1"}]}},"_links":{"self":[{"href":"http:\/\/ludzieikrajobrazy.muzeumleszno.pl\/index.php?rest_route=\/wp\/v2\/posts\/489","targetHints":{"allow":["GET"]}}],"collection":[{"href":"http:\/\/ludzieikrajobrazy.muzeumleszno.pl\/index.php?rest_route=\/wp\/v2\/posts"}],"about":[{"href":"http:\/\/ludzieikrajobrazy.muzeumleszno.pl\/index.php?rest_route=\/wp\/v2\/types\/post"}],"author":[{"embeddable":true,"href":"http:\/\/ludzieikrajobrazy.muzeumleszno.pl\/index.php?rest_route=\/wp\/v2\/users\/1"}],"replies":[{"embeddable":true,"href":"http:\/\/ludzieikrajobrazy.muzeumleszno.pl\/index.php?rest_route=%2Fwp%2Fv2%2Fcomments&post=489"}],"version-history":[{"count":2,"href":"http:\/\/ludzieikrajobrazy.muzeumleszno.pl\/index.php?rest_route=\/wp\/v2\/posts\/489\/revisions"}],"predecessor-version":[{"id":1330,"href":"http:\/\/ludzieikrajobrazy.muzeumleszno.pl\/index.php?rest_route=\/wp\/v2\/posts\/489\/revisions\/1330"}],"wp:featuredmedia":[{"embeddable":true,"href":"http:\/\/ludzieikrajobrazy.muzeumleszno.pl\/index.php?rest_route=\/wp\/v2\/media\/490"}],"wp:attachment":[{"href":"http:\/\/ludzieikrajobrazy.muzeumleszno.pl\/index.php?rest_route=%2Fwp%2Fv2%2Fmedia&parent=489"}],"wp:term":[{"taxonomy":"category","embeddable":true,"href":"http:\/\/ludzieikrajobrazy.muzeumleszno.pl\/index.php?rest_route=%2Fwp%2Fv2%2Fcategories&post=489"},{"taxonomy":"post_tag","embeddable":true,"href":"http:\/\/ludzieikrajobrazy.muzeumleszno.pl\/index.php?rest_route=%2Fwp%2Fv2%2Ftags&post=489"}],"curies":[{"name":"wp","href":"https:\/\/api.w.org\/{rel}","templated":true}]}}