{"id":515,"date":"2024-07-03T11:50:20","date_gmt":"2024-07-03T09:50:20","guid":{"rendered":"http:\/\/ludzieikrajobrazy.muzeumleszno.pl\/?p=515"},"modified":"2024-08-02T09:37:17","modified_gmt":"2024-08-02T07:37:17","slug":"osieczna-zamek-lata-1940-1944-osieczna-kaufhaus-horst-mehl","status":"publish","type":"post","link":"http:\/\/ludzieikrajobrazy.muzeumleszno.pl\/?p=515","title":{"rendered":"Osieczna. Zamek, lata 1940\u20131944, Osieczna, Kaufhaus Horst Mehl"},"content":{"rendered":"\n<p>Zamek w Osiecznej zosta\u0142 zbudowany w XV wieku dla rodu Bork\u00f3w. By\u0142a to obronna rezydencja rycerska \u2013 fortalicjum \u2013 wzniesiona na uboczu miasta, posiadaj\u0105ca w\u0142asny system umocnie\u0144. Jedyna droga do warowni prowadzi\u0142a od strony szlaku krzywi\u0144skiego. W 1472 roku zamek nale\u017ca\u0142 do Miko\u0142aja Borka Osieckiego (\u2013po 1498), oskar\u017conego o porwanie Agnieszki z Niepartu i zawarcie z ni\u0105 nieprawnego zwi\u0105zku ma\u0142\u017ce\u0144skiego. Proces w tej sprawie toczy\u0142 si\u0119 przez wiele lat.\u00a0<\/p>\n\n\n\n<p>Zamek wielokrotnie przebudowywano w XVI- XVII- i XVIIII wieku. Sw\u00f3j obecny kszta\u0142t zawdzi\u0119cza rozbudowie prowadzonej dla rodziny Heydebrand und der Lasa w latach 1890-1908. O zwi\u0105zkach budowli z kolejnymi w\u0142a\u015bcicielami Osiecznej \u015bwiadcz\u0105 \u0142aci\u0144skie napisy&nbsp; upami\u0119tniaj\u0105ce zako\u0144czenie prac budowlanych w czasach Andrzeja Czarnkowskiego (1560\u20131618) i Jana Opali\u0144skiego (1629\u20131684) oraz kartusze z herbami: Na\u0142\u0119cz Andrzeja Czarnkowskiego, Abdank Miko\u0142aja Skoroszewskiego (1680\u20131729) i herbem Heydebrand\u00f3w. Ostatnia przebudowa w du\u017cej mierze pozbawi\u0142a zamek warto\u015bci zabytkowych.&nbsp;<\/p>\n\n\n\n<figure data-wp-context=\"{&quot;imageId&quot;:&quot;69f46383d4917&quot;}\" data-wp-interactive=\"core\/image\" data-wp-key=\"69f46383d4917\" class=\"wp-block-image size-full wp-lightbox-container\"><img fetchpriority=\"high\" decoding=\"async\" width=\"2560\" height=\"1640\" data-wp-class--hide=\"state.isContentHidden\" data-wp-class--show=\"state.isContentVisible\" data-wp-init=\"callbacks.setButtonStyles\" data-wp-on--click=\"actions.showLightbox\" data-wp-on--load=\"callbacks.setButtonStyles\" data-wp-on-window--resize=\"callbacks.setButtonStyles\" src=\"http:\/\/ludzieikrajobrazy.muzeumleszno.pl\/wp-content\/uploads\/2024\/07\/93_MLH-4765-scaled.jpg\" alt=\"Osieczna. Zamek, lata 1940\u20131944, Osieczna, Kaufhaus Horst Mehl\" class=\"wp-image-516\" srcset=\"http:\/\/ludzieikrajobrazy.muzeumleszno.pl\/wp-content\/uploads\/2024\/07\/93_MLH-4765-scaled.jpg 2560w, http:\/\/ludzieikrajobrazy.muzeumleszno.pl\/wp-content\/uploads\/2024\/07\/93_MLH-4765-1536x984.jpg 1536w, http:\/\/ludzieikrajobrazy.muzeumleszno.pl\/wp-content\/uploads\/2024\/07\/93_MLH-4765-2048x1312.jpg 2048w, http:\/\/ludzieikrajobrazy.muzeumleszno.pl\/wp-content\/uploads\/2024\/07\/93_MLH-4765-200x128.jpg 200w, http:\/\/ludzieikrajobrazy.muzeumleszno.pl\/wp-content\/uploads\/2024\/07\/93_MLH-4765-973x623.jpg 973w, http:\/\/ludzieikrajobrazy.muzeumleszno.pl\/wp-content\/uploads\/2024\/07\/93_MLH-4765-508x325.jpg 508w\" sizes=\"(max-width: 2560px) 100vw, 2560px\" \/><button\n\t\t\tclass=\"lightbox-trigger\"\n\t\t\ttype=\"button\"\n\t\t\taria-haspopup=\"dialog\"\n\t\t\taria-label=\"Powi\u0119ksz\"\n\t\t\tdata-wp-init=\"callbacks.initTriggerButton\"\n\t\t\tdata-wp-on--click=\"actions.showLightbox\"\n\t\t\tdata-wp-style--right=\"state.imageButtonRight\"\n\t\t\tdata-wp-style--top=\"state.imageButtonTop\"\n\t\t>\n\t\t\t<svg xmlns=\"http:\/\/www.w3.org\/2000\/svg\" width=\"12\" height=\"12\" fill=\"none\" viewBox=\"0 0 12 12\">\n\t\t\t\t<path fill=\"#fff\" d=\"M2 0a2 2 0 0 0-2 2v2h1.5V2a.5.5 0 0 1 .5-.5h2V0H2Zm2 10.5H2a.5.5 0 0 1-.5-.5V8H0v2a2 2 0 0 0 2 2h2v-1.5ZM8 12v-1.5h2a.5.5 0 0 0 .5-.5V8H12v2a2 2 0 0 1-2 2H8Zm2-12a2 2 0 0 1 2 2v2h-1.5V2a.5.5 0 0 0-.5-.5H8V0h2Z\" \/>\n\t\t\t<\/svg>\n\t\t<\/button><figcaption class=\"wp-element-caption\">Pocztowka &#8211; Storchnest &#8211; Schloss (Zamek w Oczecznie), Horst Mehli;  Polska; Osieczna; ok. 1904  r.; papier; druk;  wys. 9,  szer. 13,7  cm;  Muzeum Okr\u0119gowe w Lesznie; MLH4765<\/figcaption><\/figure>\n\n\n\n<p class=\"has-small-font-size\">nr inw. MLH 4765<br>W zbiorach Muzeum Okr\u0119gowego w Lesznie od 2010 roku, zakup<\/p>\n\n\n\n<p>D.Cz.&nbsp;<\/p>\n","protected":false},"excerpt":{"rendered":"<p>Zamek w Osiecznej zosta\u0142 zbudowany w XV wieku dla rodu Bork\u00f3w. By\u0142a to obronna rezydencja rycerska \u2013 fortalicjum \u2013 wzniesiona na uboczu miasta, posiadaj\u0105ca w\u0142asny system umocnie\u0144. Jedyna&#8230;<\/p>\n","protected":false},"author":1,"featured_media":516,"comment_status":"closed","ping_status":"closed","sticky":false,"template":"","format":"standard","meta":{"cybocfi_hide_featured_image":"yes","footnotes":""},"categories":[96],"tags":[112,174,176,171,175,177,178,113,173,179,170,97,169,172,168],"class_list":["post-515","post","type-post","status-publish","format-standard","has-post-thumbnail","hentry","category-osieczna","tag-112","tag-agnieszka-z-niepartu","tag-andrzej-czarnkowski","tag-fortalicjum","tag-heydebrand-und-der-lasa","tag-jan-opalinski","tag-kartusz","tag-kaufhaus-horst-mehl","tag-mikolaj-borek-osiecki","tag-mikolaj-skoroszewski","tag-obronna-rezydencja-rycerska","tag-osieczna","tag-rod-borkow","tag-szlak-krzywinskiego","tag-zamek"],"yoast_head":"<!-- This site is optimized with the Yoast SEO plugin v27.5 - https:\/\/yoast.com\/product\/yoast-seo-wordpress\/ -->\n<title>Osieczna. Zamek, lata 1940\u20131944, Osieczna, Kaufhaus Horst Mehl - Ludzie i krajobrazy. Powiat Leszczy\u0144ski w ikonografii<\/title>\n<meta name=\"robots\" content=\"index, follow, max-snippet:-1, max-image-preview:large, max-video-preview:-1\" \/>\n<link rel=\"canonical\" href=\"http:\/\/ludzieikrajobrazy.muzeumleszno.pl\/?p=515\" \/>\n<meta property=\"og:locale\" content=\"pl_PL\" \/>\n<meta property=\"og:type\" content=\"article\" \/>\n<meta property=\"og:title\" content=\"Osieczna. Zamek, lata 1940\u20131944, Osieczna, Kaufhaus Horst Mehl - Ludzie i krajobrazy. Powiat Leszczy\u0144ski w ikonografii\" \/>\n<meta property=\"og:description\" content=\"Zamek w Osiecznej zosta\u0142 zbudowany w XV wieku dla rodu Bork\u00f3w. By\u0142a to obronna rezydencja rycerska \u2013 fortalicjum \u2013 wzniesiona na uboczu miasta, posiadaj\u0105ca w\u0142asny system umocnie\u0144. Jedyna...\" \/>\n<meta property=\"og:url\" content=\"http:\/\/ludzieikrajobrazy.muzeumleszno.pl\/?p=515\" \/>\n<meta property=\"og:site_name\" content=\"Ludzie i krajobrazy. Powiat Leszczy\u0144ski w ikonografii\" \/>\n<meta property=\"article:published_time\" content=\"2024-07-03T09:50:20+00:00\" \/>\n<meta property=\"article:modified_time\" content=\"2024-08-02T07:37:17+00:00\" \/>\n<meta property=\"og:image\" content=\"http:\/\/ludzieikrajobrazy.muzeumleszno.pl\/wp-content\/uploads\/2024\/07\/93_MLH-4765-scaled.jpg\" \/>\n\t<meta property=\"og:image:width\" content=\"2560\" \/>\n\t<meta property=\"og:image:height\" content=\"1640\" \/>\n\t<meta property=\"og:image:type\" content=\"image\/jpeg\" \/>\n<meta name=\"author\" content=\"Pan_Admin\" \/>\n<meta name=\"twitter:card\" content=\"summary_large_image\" \/>\n<meta name=\"twitter:label1\" content=\"Napisane przez\" \/>\n\t<meta name=\"twitter:data1\" content=\"Pan_Admin\" \/>\n\t<meta name=\"twitter:label2\" content=\"Szacowany czas czytania\" \/>\n\t<meta name=\"twitter:data2\" content=\"2 minuty\" \/>\n<script type=\"application\/ld+json\" class=\"yoast-schema-graph\">{\"@context\":\"https:\\\/\\\/schema.org\",\"@graph\":[{\"@type\":\"Article\",\"@id\":\"http:\\\/\\\/ludzieikrajobrazy.muzeumleszno.pl\\\/?p=515#article\",\"isPartOf\":{\"@id\":\"http:\\\/\\\/ludzieikrajobrazy.muzeumleszno.pl\\\/?p=515\"},\"author\":{\"name\":\"Pan_Admin\",\"@id\":\"http:\\\/\\\/ludzieikrajobrazy.muzeumleszno.pl\\\/#\\\/schema\\\/person\\\/fc2bc20e2b51efc3202ac1f0cdcd06c0\"},\"headline\":\"Osieczna. Zamek, lata 1940\u20131944, Osieczna, Kaufhaus Horst Mehl\",\"datePublished\":\"2024-07-03T09:50:20+00:00\",\"dateModified\":\"2024-08-02T07:37:17+00:00\",\"mainEntityOfPage\":{\"@id\":\"http:\\\/\\\/ludzieikrajobrazy.muzeumleszno.pl\\\/?p=515\"},\"wordCount\":211,\"image\":{\"@id\":\"http:\\\/\\\/ludzieikrajobrazy.muzeumleszno.pl\\\/?p=515#primaryimage\"},\"thumbnailUrl\":\"http:\\\/\\\/ludzieikrajobrazy.muzeumleszno.pl\\\/wp-content\\\/uploads\\\/2024\\\/07\\\/93_MLH-4765-scaled.jpg\",\"keywords\":[\"1940\",\"Agnieszka z Niepartu\",\"Andrzej Czarnkowski\",\"fortalicjum\",\"Heydebrand und der Lasa\",\"Jan Opali\u0144ski\",\"kartusz\",\"Kaufhaus Horst Mehl\",\"Miko\u0142aj Borek-Osiecki\",\"Miko\u0142aj Skoroszewski\",\"obronna rezydencja rycerska\",\"Osieczna\",\"r\u00f3d Bork\u00f3w\",\"szlak krzywi\u0144skiego\",\"zamek\"],\"articleSection\":[\"Osieczna\"],\"inLanguage\":\"pl-PL\"},{\"@type\":\"WebPage\",\"@id\":\"http:\\\/\\\/ludzieikrajobrazy.muzeumleszno.pl\\\/?p=515\",\"url\":\"http:\\\/\\\/ludzieikrajobrazy.muzeumleszno.pl\\\/?p=515\",\"name\":\"Osieczna. Zamek, lata 1940\u20131944, Osieczna, Kaufhaus Horst Mehl - Ludzie i krajobrazy. Powiat Leszczy\u0144ski w ikonografii\",\"isPartOf\":{\"@id\":\"http:\\\/\\\/ludzieikrajobrazy.muzeumleszno.pl\\\/#website\"},\"primaryImageOfPage\":{\"@id\":\"http:\\\/\\\/ludzieikrajobrazy.muzeumleszno.pl\\\/?p=515#primaryimage\"},\"image\":{\"@id\":\"http:\\\/\\\/ludzieikrajobrazy.muzeumleszno.pl\\\/?p=515#primaryimage\"},\"thumbnailUrl\":\"http:\\\/\\\/ludzieikrajobrazy.muzeumleszno.pl\\\/wp-content\\\/uploads\\\/2024\\\/07\\\/93_MLH-4765-scaled.jpg\",\"datePublished\":\"2024-07-03T09:50:20+00:00\",\"dateModified\":\"2024-08-02T07:37:17+00:00\",\"author\":{\"@id\":\"http:\\\/\\\/ludzieikrajobrazy.muzeumleszno.pl\\\/#\\\/schema\\\/person\\\/fc2bc20e2b51efc3202ac1f0cdcd06c0\"},\"breadcrumb\":{\"@id\":\"http:\\\/\\\/ludzieikrajobrazy.muzeumleszno.pl\\\/?p=515#breadcrumb\"},\"inLanguage\":\"pl-PL\",\"potentialAction\":[{\"@type\":\"ReadAction\",\"target\":[\"http:\\\/\\\/ludzieikrajobrazy.muzeumleszno.pl\\\/?p=515\"]}]},{\"@type\":\"BreadcrumbList\",\"@id\":\"http:\\\/\\\/ludzieikrajobrazy.muzeumleszno.pl\\\/?p=515#breadcrumb\",\"itemListElement\":[{\"@type\":\"ListItem\",\"position\":1,\"name\":\"Home\",\"item\":\"http:\\\/\\\/ludzieikrajobrazy.muzeumleszno.pl\\\/\"},{\"@type\":\"ListItem\",\"position\":2,\"name\":\"Osieczna. Zamek, lata 1940\u20131944, Osieczna, Kaufhaus Horst Mehl\"}]},{\"@type\":\"WebSite\",\"@id\":\"http:\\\/\\\/ludzieikrajobrazy.muzeumleszno.pl\\\/#website\",\"url\":\"http:\\\/\\\/ludzieikrajobrazy.muzeumleszno.pl\\\/\",\"name\":\"Ludzie i krajobrazy. Powiat Leszczy\u0144ski w ikonografii\",\"description\":\"Powiat Leszczy\u0144ski w ikonografii\",\"potentialAction\":[{\"@type\":\"SearchAction\",\"target\":{\"@type\":\"EntryPoint\",\"urlTemplate\":\"http:\\\/\\\/ludzieikrajobrazy.muzeumleszno.pl\\\/?s={search_term_string}\"},\"query-input\":{\"@type\":\"PropertyValueSpecification\",\"valueRequired\":true,\"valueName\":\"search_term_string\"}}],\"inLanguage\":\"pl-PL\"},{\"@type\":\"Person\",\"@id\":\"http:\\\/\\\/ludzieikrajobrazy.muzeumleszno.pl\\\/#\\\/schema\\\/person\\\/fc2bc20e2b51efc3202ac1f0cdcd06c0\",\"name\":\"Pan_Admin\",\"image\":{\"@type\":\"ImageObject\",\"inLanguage\":\"pl-PL\",\"@id\":\"https:\\\/\\\/secure.gravatar.com\\\/avatar\\\/d109d485abe889ecc32dbdb971b715ad9d4596bd0e2353626451db3e04099822?s=96&d=mm&r=g\",\"url\":\"https:\\\/\\\/secure.gravatar.com\\\/avatar\\\/d109d485abe889ecc32dbdb971b715ad9d4596bd0e2353626451db3e04099822?s=96&d=mm&r=g\",\"contentUrl\":\"https:\\\/\\\/secure.gravatar.com\\\/avatar\\\/d109d485abe889ecc32dbdb971b715ad9d4596bd0e2353626451db3e04099822?s=96&d=mm&r=g\",\"caption\":\"Pan_Admin\"},\"sameAs\":[\"http:\\\/\\\/ludzieikrajobrazy.muzeumleszno.pl\"],\"url\":\"http:\\\/\\\/ludzieikrajobrazy.muzeumleszno.pl\\\/?author=1\"}]}<\/script>\n<!-- \/ Yoast SEO plugin. -->","yoast_head_json":{"title":"Osieczna. Zamek, lata 1940\u20131944, Osieczna, Kaufhaus Horst Mehl - Ludzie i krajobrazy. Powiat Leszczy\u0144ski w ikonografii","robots":{"index":"index","follow":"follow","max-snippet":"max-snippet:-1","max-image-preview":"max-image-preview:large","max-video-preview":"max-video-preview:-1"},"canonical":"http:\/\/ludzieikrajobrazy.muzeumleszno.pl\/?p=515","og_locale":"pl_PL","og_type":"article","og_title":"Osieczna. Zamek, lata 1940\u20131944, Osieczna, Kaufhaus Horst Mehl - Ludzie i krajobrazy. Powiat Leszczy\u0144ski w ikonografii","og_description":"Zamek w Osiecznej zosta\u0142 zbudowany w XV wieku dla rodu Bork\u00f3w. By\u0142a to obronna rezydencja rycerska \u2013 fortalicjum \u2013 wzniesiona na uboczu miasta, posiadaj\u0105ca w\u0142asny system umocnie\u0144. Jedyna...","og_url":"http:\/\/ludzieikrajobrazy.muzeumleszno.pl\/?p=515","og_site_name":"Ludzie i krajobrazy. Powiat Leszczy\u0144ski w ikonografii","article_published_time":"2024-07-03T09:50:20+00:00","article_modified_time":"2024-08-02T07:37:17+00:00","og_image":[{"width":2560,"height":1640,"url":"http:\/\/ludzieikrajobrazy.muzeumleszno.pl\/wp-content\/uploads\/2024\/07\/93_MLH-4765-scaled.jpg","type":"image\/jpeg"}],"author":"Pan_Admin","twitter_card":"summary_large_image","twitter_misc":{"Napisane przez":"Pan_Admin","Szacowany czas czytania":"2 minuty"},"schema":{"@context":"https:\/\/schema.org","@graph":[{"@type":"Article","@id":"http:\/\/ludzieikrajobrazy.muzeumleszno.pl\/?p=515#article","isPartOf":{"@id":"http:\/\/ludzieikrajobrazy.muzeumleszno.pl\/?p=515"},"author":{"name":"Pan_Admin","@id":"http:\/\/ludzieikrajobrazy.muzeumleszno.pl\/#\/schema\/person\/fc2bc20e2b51efc3202ac1f0cdcd06c0"},"headline":"Osieczna. Zamek, lata 1940\u20131944, Osieczna, Kaufhaus Horst Mehl","datePublished":"2024-07-03T09:50:20+00:00","dateModified":"2024-08-02T07:37:17+00:00","mainEntityOfPage":{"@id":"http:\/\/ludzieikrajobrazy.muzeumleszno.pl\/?p=515"},"wordCount":211,"image":{"@id":"http:\/\/ludzieikrajobrazy.muzeumleszno.pl\/?p=515#primaryimage"},"thumbnailUrl":"http:\/\/ludzieikrajobrazy.muzeumleszno.pl\/wp-content\/uploads\/2024\/07\/93_MLH-4765-scaled.jpg","keywords":["1940","Agnieszka z Niepartu","Andrzej Czarnkowski","fortalicjum","Heydebrand und der Lasa","Jan Opali\u0144ski","kartusz","Kaufhaus Horst Mehl","Miko\u0142aj Borek-Osiecki","Miko\u0142aj Skoroszewski","obronna rezydencja rycerska","Osieczna","r\u00f3d Bork\u00f3w","szlak krzywi\u0144skiego","zamek"],"articleSection":["Osieczna"],"inLanguage":"pl-PL"},{"@type":"WebPage","@id":"http:\/\/ludzieikrajobrazy.muzeumleszno.pl\/?p=515","url":"http:\/\/ludzieikrajobrazy.muzeumleszno.pl\/?p=515","name":"Osieczna. Zamek, lata 1940\u20131944, Osieczna, Kaufhaus Horst Mehl - Ludzie i krajobrazy. Powiat Leszczy\u0144ski w ikonografii","isPartOf":{"@id":"http:\/\/ludzieikrajobrazy.muzeumleszno.pl\/#website"},"primaryImageOfPage":{"@id":"http:\/\/ludzieikrajobrazy.muzeumleszno.pl\/?p=515#primaryimage"},"image":{"@id":"http:\/\/ludzieikrajobrazy.muzeumleszno.pl\/?p=515#primaryimage"},"thumbnailUrl":"http:\/\/ludzieikrajobrazy.muzeumleszno.pl\/wp-content\/uploads\/2024\/07\/93_MLH-4765-scaled.jpg","datePublished":"2024-07-03T09:50:20+00:00","dateModified":"2024-08-02T07:37:17+00:00","author":{"@id":"http:\/\/ludzieikrajobrazy.muzeumleszno.pl\/#\/schema\/person\/fc2bc20e2b51efc3202ac1f0cdcd06c0"},"breadcrumb":{"@id":"http:\/\/ludzieikrajobrazy.muzeumleszno.pl\/?p=515#breadcrumb"},"inLanguage":"pl-PL","potentialAction":[{"@type":"ReadAction","target":["http:\/\/ludzieikrajobrazy.muzeumleszno.pl\/?p=515"]}]},{"@type":"BreadcrumbList","@id":"http:\/\/ludzieikrajobrazy.muzeumleszno.pl\/?p=515#breadcrumb","itemListElement":[{"@type":"ListItem","position":1,"name":"Home","item":"http:\/\/ludzieikrajobrazy.muzeumleszno.pl\/"},{"@type":"ListItem","position":2,"name":"Osieczna. Zamek, lata 1940\u20131944, Osieczna, Kaufhaus Horst Mehl"}]},{"@type":"WebSite","@id":"http:\/\/ludzieikrajobrazy.muzeumleszno.pl\/#website","url":"http:\/\/ludzieikrajobrazy.muzeumleszno.pl\/","name":"Ludzie i krajobrazy. Powiat Leszczy\u0144ski w ikonografii","description":"Powiat Leszczy\u0144ski w ikonografii","potentialAction":[{"@type":"SearchAction","target":{"@type":"EntryPoint","urlTemplate":"http:\/\/ludzieikrajobrazy.muzeumleszno.pl\/?s={search_term_string}"},"query-input":{"@type":"PropertyValueSpecification","valueRequired":true,"valueName":"search_term_string"}}],"inLanguage":"pl-PL"},{"@type":"Person","@id":"http:\/\/ludzieikrajobrazy.muzeumleszno.pl\/#\/schema\/person\/fc2bc20e2b51efc3202ac1f0cdcd06c0","name":"Pan_Admin","image":{"@type":"ImageObject","inLanguage":"pl-PL","@id":"https:\/\/secure.gravatar.com\/avatar\/d109d485abe889ecc32dbdb971b715ad9d4596bd0e2353626451db3e04099822?s=96&d=mm&r=g","url":"https:\/\/secure.gravatar.com\/avatar\/d109d485abe889ecc32dbdb971b715ad9d4596bd0e2353626451db3e04099822?s=96&d=mm&r=g","contentUrl":"https:\/\/secure.gravatar.com\/avatar\/d109d485abe889ecc32dbdb971b715ad9d4596bd0e2353626451db3e04099822?s=96&d=mm&r=g","caption":"Pan_Admin"},"sameAs":["http:\/\/ludzieikrajobrazy.muzeumleszno.pl"],"url":"http:\/\/ludzieikrajobrazy.muzeumleszno.pl\/?author=1"}]}},"_links":{"self":[{"href":"http:\/\/ludzieikrajobrazy.muzeumleszno.pl\/index.php?rest_route=\/wp\/v2\/posts\/515","targetHints":{"allow":["GET"]}}],"collection":[{"href":"http:\/\/ludzieikrajobrazy.muzeumleszno.pl\/index.php?rest_route=\/wp\/v2\/posts"}],"about":[{"href":"http:\/\/ludzieikrajobrazy.muzeumleszno.pl\/index.php?rest_route=\/wp\/v2\/types\/post"}],"author":[{"embeddable":true,"href":"http:\/\/ludzieikrajobrazy.muzeumleszno.pl\/index.php?rest_route=\/wp\/v2\/users\/1"}],"replies":[{"embeddable":true,"href":"http:\/\/ludzieikrajobrazy.muzeumleszno.pl\/index.php?rest_route=%2Fwp%2Fv2%2Fcomments&post=515"}],"version-history":[{"count":2,"href":"http:\/\/ludzieikrajobrazy.muzeumleszno.pl\/index.php?rest_route=\/wp\/v2\/posts\/515\/revisions"}],"predecessor-version":[{"id":540,"href":"http:\/\/ludzieikrajobrazy.muzeumleszno.pl\/index.php?rest_route=\/wp\/v2\/posts\/515\/revisions\/540"}],"wp:featuredmedia":[{"embeddable":true,"href":"http:\/\/ludzieikrajobrazy.muzeumleszno.pl\/index.php?rest_route=\/wp\/v2\/media\/516"}],"wp:attachment":[{"href":"http:\/\/ludzieikrajobrazy.muzeumleszno.pl\/index.php?rest_route=%2Fwp%2Fv2%2Fmedia&parent=515"}],"wp:term":[{"taxonomy":"category","embeddable":true,"href":"http:\/\/ludzieikrajobrazy.muzeumleszno.pl\/index.php?rest_route=%2Fwp%2Fv2%2Fcategories&post=515"},{"taxonomy":"post_tag","embeddable":true,"href":"http:\/\/ludzieikrajobrazy.muzeumleszno.pl\/index.php?rest_route=%2Fwp%2Fv2%2Ftags&post=515"}],"curies":[{"name":"wp","href":"https:\/\/api.w.org\/{rel}","templated":true}]}}