{"id":518,"date":"2024-07-03T11:49:22","date_gmt":"2024-07-03T09:49:22","guid":{"rendered":"http:\/\/ludzieikrajobrazy.muzeumleszno.pl\/?p=518"},"modified":"2024-08-02T09:37:33","modified_gmt":"2024-08-02T07:37:33","slug":"osieczna-ulica-tadeusza-kosciuszki-okolo-1910-roku-osieczna-verlag-h-krell","status":"publish","type":"post","link":"http:\/\/ludzieikrajobrazy.muzeumleszno.pl\/?p=518","title":{"rendered":"Osieczna. Ulica Tadeusza Ko\u015bciuszki, oko\u0142o 1910 roku, Osieczna, Verlag H. Krell"},"content":{"rendered":"\n<p>Widok ulicy Tadeusza Ko\u015bciuszki (niem. Lissaerstra\u00dfe, ul. Leszczy\u0144ska). Ulica dochodzi do po\u0142udniowo-zachodniego naro\u017cnika rynku i stanowi pozosta\u0142o\u015b\u0107 dawnego szlaku prowadz\u0105cego w kierunku Krzywinia. Tak w przesz\u0142o\u015bci jak i obecnie pe\u0142ni rol\u0119 ulicy przelotowej. Dawniej koncentrowa\u0142a si\u0119 przy niej dzia\u0142alno\u015b\u0107 miejscowych rzemie\u015blnik\u00f3w i kupc\u00f3w.&nbsp;<\/p>\n\n\n\n<p>Na zdj\u0119ciu wykonanym od strony rynku wida\u0107 naro\u017cne kamienice mieszcz\u0105ce hotel (Rynek 1) i ober\u017c\u0119 &#8211; go\u015bciniec (Rynek 34). O przeznaczeniu drugiej z nich \u015bwiadczy umieszczony na elewacji napis: <em>Gasthof<\/em> \u2013 budynek pochodzi z ko\u0144ca XVIII wieku.&nbsp; Szeroka, brukowana polnymi kamieniami ulica poprowadzona zosta\u0142a r\u00f3wnolegle do brzeg\u00f3w Jeziora \u0141oniewskiego.&nbsp;<\/p>\n\n\n\n<figure data-wp-context=\"{&quot;imageId&quot;:&quot;69f1d6c28cb44&quot;}\" data-wp-interactive=\"core\/image\" data-wp-key=\"69f1d6c28cb44\" class=\"wp-block-image size-full wp-lightbox-container\"><img fetchpriority=\"high\" decoding=\"async\" width=\"2560\" height=\"1612\" data-wp-class--hide=\"state.isContentHidden\" data-wp-class--show=\"state.isContentVisible\" data-wp-init=\"callbacks.setButtonStyles\" data-wp-on--click=\"actions.showLightbox\" data-wp-on--load=\"callbacks.setButtonStyles\" data-wp-on-window--resize=\"callbacks.setButtonStyles\" src=\"http:\/\/ludzieikrajobrazy.muzeumleszno.pl\/wp-content\/uploads\/2024\/07\/94_MLH-4236-scaled.jpg\" alt=\"Osieczna. Ulica Tadeusza Ko\u015bciuszki, oko\u0142o 1910 roku, Osieczna, Verlag H. Krell\" class=\"wp-image-520\" srcset=\"http:\/\/ludzieikrajobrazy.muzeumleszno.pl\/wp-content\/uploads\/2024\/07\/94_MLH-4236-scaled.jpg 2560w, http:\/\/ludzieikrajobrazy.muzeumleszno.pl\/wp-content\/uploads\/2024\/07\/94_MLH-4236-1536x967.jpg 1536w, http:\/\/ludzieikrajobrazy.muzeumleszno.pl\/wp-content\/uploads\/2024\/07\/94_MLH-4236-2048x1290.jpg 2048w, http:\/\/ludzieikrajobrazy.muzeumleszno.pl\/wp-content\/uploads\/2024\/07\/94_MLH-4236-200x126.jpg 200w, http:\/\/ludzieikrajobrazy.muzeumleszno.pl\/wp-content\/uploads\/2024\/07\/94_MLH-4236-973x613.jpg 973w, http:\/\/ludzieikrajobrazy.muzeumleszno.pl\/wp-content\/uploads\/2024\/07\/94_MLH-4236-508x320.jpg 508w\" sizes=\"(max-width: 2560px) 100vw, 2560px\" \/><button\n\t\t\tclass=\"lightbox-trigger\"\n\t\t\ttype=\"button\"\n\t\t\taria-haspopup=\"dialog\"\n\t\t\taria-label=\"Powi\u0119ksz\"\n\t\t\tdata-wp-init=\"callbacks.initTriggerButton\"\n\t\t\tdata-wp-on--click=\"actions.showLightbox\"\n\t\t\tdata-wp-style--right=\"state.imageButtonRight\"\n\t\t\tdata-wp-style--top=\"state.imageButtonTop\"\n\t\t>\n\t\t\t<svg xmlns=\"http:\/\/www.w3.org\/2000\/svg\" width=\"12\" height=\"12\" fill=\"none\" viewBox=\"0 0 12 12\">\n\t\t\t\t<path fill=\"#fff\" d=\"M2 0a2 2 0 0 0-2 2v2h1.5V2a.5.5 0 0 1 .5-.5h2V0H2Zm2 10.5H2a.5.5 0 0 1-.5-.5V8H0v2a2 2 0 0 0 2 2h2v-1.5ZM8 12v-1.5h2a.5.5 0 0 0 .5-.5V8H12v2a2 2 0 0 1-2 2H8Zm2-12a2 2 0 0 1 2 2v2h-1.5V2a.5.5 0 0 0-.5-.5H8V0h2Z\" \/>\n\t\t\t<\/svg>\n\t\t<\/button><figcaption class=\"wp-element-caption\">Osieczna. Ulica Tadeusza Ko\u015bciuszki, oko\u0142o 1910 roku, Osieczna, Verlag H. Krell<\/figcaption><\/figure>\n\n\n\n<p class=\"has-small-font-size\">nr inw. MLH 4236<br>W zbiorach Muzeum Okr\u0119gowego w Lesznie od 1998 roku, zakup<\/p>\n\n\n\n<p>D.Cz.<\/p>\n","protected":false},"excerpt":{"rendered":"<p>Widok ulicy Tadeusza Ko\u015bciuszki (niem. Lissaerstra\u00dfe, ul. Leszczy\u0144ska). Ulica dochodzi do po\u0142udniowo-zachodniego naro\u017cnika rynku i stanowi pozosta\u0142o\u015b\u0107 dawnego szlaku prowadz\u0105cego w kierunku Krzywinia. Tak w przesz\u0142o\u015bci jak i&#8230;<\/p>\n","protected":false},"author":1,"featured_media":520,"comment_status":"closed","ping_status":"closed","sticky":false,"template":"","format":"standard","meta":{"cybocfi_hide_featured_image":"yes","footnotes":""},"categories":[96],"tags":[79,378,616,598,417,620,618,544,376,619,97,621,597,122,617,594,593,599,615],"class_list":["post-518","post","type-post","status-publish","format-standard","has-post-thumbnail","hentry","category-osieczna","tag-79","tag-architektura","tag-dawny-szlak","tag-droga","tag-fotografia","tag-gosciniec","tag-hotel","tag-kamienica","tag-kupiectwo","tag-oberza","tag-osieczna","tag-polne-kamienie","tag-rower","tag-rynek","tag-rzemioslo","tag-tadeusza-kosciuszki","tag-ulica","tag-ulica-leszczynska","tag-verlag-h-krell"],"yoast_head":"<!-- This site is optimized with the Yoast SEO plugin v27.5 - https:\/\/yoast.com\/product\/yoast-seo-wordpress\/ -->\n<title>Osieczna. Ulica Tadeusza Ko\u015bciuszki, oko\u0142o 1910 roku, Osieczna, Verlag H. Krell - Ludzie i krajobrazy. Powiat Leszczy\u0144ski w ikonografii<\/title>\n<meta name=\"robots\" content=\"index, follow, max-snippet:-1, max-image-preview:large, max-video-preview:-1\" \/>\n<link rel=\"canonical\" href=\"http:\/\/ludzieikrajobrazy.muzeumleszno.pl\/?p=518\" \/>\n<meta property=\"og:locale\" content=\"pl_PL\" \/>\n<meta property=\"og:type\" content=\"article\" \/>\n<meta property=\"og:title\" content=\"Osieczna. Ulica Tadeusza Ko\u015bciuszki, oko\u0142o 1910 roku, Osieczna, Verlag H. Krell - Ludzie i krajobrazy. Powiat Leszczy\u0144ski w ikonografii\" \/>\n<meta property=\"og:description\" content=\"Widok ulicy Tadeusza Ko\u015bciuszki (niem. Lissaerstra\u00dfe, ul. Leszczy\u0144ska). Ulica dochodzi do po\u0142udniowo-zachodniego naro\u017cnika rynku i stanowi pozosta\u0142o\u015b\u0107 dawnego szlaku prowadz\u0105cego w kierunku Krzywinia. Tak w przesz\u0142o\u015bci jak i...\" \/>\n<meta property=\"og:url\" content=\"http:\/\/ludzieikrajobrazy.muzeumleszno.pl\/?p=518\" \/>\n<meta property=\"og:site_name\" content=\"Ludzie i krajobrazy. Powiat Leszczy\u0144ski w ikonografii\" \/>\n<meta property=\"article:published_time\" content=\"2024-07-03T09:49:22+00:00\" \/>\n<meta property=\"article:modified_time\" content=\"2024-08-02T07:37:33+00:00\" \/>\n<meta property=\"og:image\" content=\"http:\/\/ludzieikrajobrazy.muzeumleszno.pl\/wp-content\/uploads\/2024\/07\/94_MLH-4236-scaled.jpg\" \/>\n\t<meta property=\"og:image:width\" content=\"2560\" \/>\n\t<meta property=\"og:image:height\" content=\"1612\" \/>\n\t<meta property=\"og:image:type\" content=\"image\/jpeg\" \/>\n<meta name=\"author\" content=\"Pan_Admin\" \/>\n<meta name=\"twitter:card\" content=\"summary_large_image\" \/>\n<meta name=\"twitter:label1\" content=\"Napisane przez\" \/>\n\t<meta name=\"twitter:data1\" content=\"Pan_Admin\" \/>\n\t<meta name=\"twitter:label2\" content=\"Szacowany czas czytania\" \/>\n\t<meta name=\"twitter:data2\" content=\"2 minuty\" \/>\n<script type=\"application\/ld+json\" class=\"yoast-schema-graph\">{\"@context\":\"https:\\\/\\\/schema.org\",\"@graph\":[{\"@type\":\"Article\",\"@id\":\"http:\\\/\\\/ludzieikrajobrazy.muzeumleszno.pl\\\/?p=518#article\",\"isPartOf\":{\"@id\":\"http:\\\/\\\/ludzieikrajobrazy.muzeumleszno.pl\\\/?p=518\"},\"author\":{\"name\":\"Pan_Admin\",\"@id\":\"https:\\\/\\\/ludzieikrajobrazy.muzeumleszno.pl\\\/#\\\/schema\\\/person\\\/fc2bc20e2b51efc3202ac1f0cdcd06c0\"},\"headline\":\"Osieczna. Ulica Tadeusza Ko\u015bciuszki, oko\u0142o 1910 roku, Osieczna, Verlag H. Krell\",\"datePublished\":\"2024-07-03T09:49:22+00:00\",\"dateModified\":\"2024-08-02T07:37:33+00:00\",\"mainEntityOfPage\":{\"@id\":\"http:\\\/\\\/ludzieikrajobrazy.muzeumleszno.pl\\\/?p=518\"},\"wordCount\":154,\"image\":{\"@id\":\"http:\\\/\\\/ludzieikrajobrazy.muzeumleszno.pl\\\/?p=518#primaryimage\"},\"thumbnailUrl\":\"http:\\\/\\\/ludzieikrajobrazy.muzeumleszno.pl\\\/wp-content\\\/uploads\\\/2024\\\/07\\\/94_MLH-4236-scaled.jpg\",\"keywords\":[\"1910\",\"architektura\",\"dawny szlak\",\"droga\",\"fotografia\",\"go\u015bciniec\",\"hotel\",\"kamienica\",\"kupiectwo\",\"ober\u017ca\",\"Osieczna\",\"polne kamienie\",\"rower\",\"Rynek\",\"rzemios\u0142o\",\"Tadeusza Ko\u015bciuszki\",\"ulica\",\"ulica Leszczy\u0144ska\",\"Verlag H. Krell\"],\"articleSection\":[\"Osieczna\"],\"inLanguage\":\"pl-PL\"},{\"@type\":\"WebPage\",\"@id\":\"http:\\\/\\\/ludzieikrajobrazy.muzeumleszno.pl\\\/?p=518\",\"url\":\"http:\\\/\\\/ludzieikrajobrazy.muzeumleszno.pl\\\/?p=518\",\"name\":\"Osieczna. Ulica Tadeusza Ko\u015bciuszki, oko\u0142o 1910 roku, Osieczna, Verlag H. Krell - Ludzie i krajobrazy. Powiat Leszczy\u0144ski w ikonografii\",\"isPartOf\":{\"@id\":\"https:\\\/\\\/ludzieikrajobrazy.muzeumleszno.pl\\\/#website\"},\"primaryImageOfPage\":{\"@id\":\"http:\\\/\\\/ludzieikrajobrazy.muzeumleszno.pl\\\/?p=518#primaryimage\"},\"image\":{\"@id\":\"http:\\\/\\\/ludzieikrajobrazy.muzeumleszno.pl\\\/?p=518#primaryimage\"},\"thumbnailUrl\":\"http:\\\/\\\/ludzieikrajobrazy.muzeumleszno.pl\\\/wp-content\\\/uploads\\\/2024\\\/07\\\/94_MLH-4236-scaled.jpg\",\"datePublished\":\"2024-07-03T09:49:22+00:00\",\"dateModified\":\"2024-08-02T07:37:33+00:00\",\"author\":{\"@id\":\"https:\\\/\\\/ludzieikrajobrazy.muzeumleszno.pl\\\/#\\\/schema\\\/person\\\/fc2bc20e2b51efc3202ac1f0cdcd06c0\"},\"breadcrumb\":{\"@id\":\"http:\\\/\\\/ludzieikrajobrazy.muzeumleszno.pl\\\/?p=518#breadcrumb\"},\"inLanguage\":\"pl-PL\",\"potentialAction\":[{\"@type\":\"ReadAction\",\"target\":[\"http:\\\/\\\/ludzieikrajobrazy.muzeumleszno.pl\\\/?p=518\"]}]},{\"@type\":\"BreadcrumbList\",\"@id\":\"http:\\\/\\\/ludzieikrajobrazy.muzeumleszno.pl\\\/?p=518#breadcrumb\",\"itemListElement\":[{\"@type\":\"ListItem\",\"position\":1,\"name\":\"Home\",\"item\":\"https:\\\/\\\/ludzieikrajobrazy.muzeumleszno.pl\\\/\"},{\"@type\":\"ListItem\",\"position\":2,\"name\":\"Osieczna. Ulica Tadeusza Ko\u015bciuszki, oko\u0142o 1910 roku, Osieczna, Verlag H. Krell\"}]},{\"@type\":\"WebSite\",\"@id\":\"https:\\\/\\\/ludzieikrajobrazy.muzeumleszno.pl\\\/#website\",\"url\":\"https:\\\/\\\/ludzieikrajobrazy.muzeumleszno.pl\\\/\",\"name\":\"Ludzie i krajobrazy. Powiat Leszczy\u0144ski w ikonografii\",\"description\":\"Powiat Leszczy\u0144ski w ikonografii\",\"potentialAction\":[{\"@type\":\"SearchAction\",\"target\":{\"@type\":\"EntryPoint\",\"urlTemplate\":\"https:\\\/\\\/ludzieikrajobrazy.muzeumleszno.pl\\\/?s={search_term_string}\"},\"query-input\":{\"@type\":\"PropertyValueSpecification\",\"valueRequired\":true,\"valueName\":\"search_term_string\"}}],\"inLanguage\":\"pl-PL\"},{\"@type\":\"Person\",\"@id\":\"https:\\\/\\\/ludzieikrajobrazy.muzeumleszno.pl\\\/#\\\/schema\\\/person\\\/fc2bc20e2b51efc3202ac1f0cdcd06c0\",\"name\":\"Pan_Admin\",\"image\":{\"@type\":\"ImageObject\",\"inLanguage\":\"pl-PL\",\"@id\":\"https:\\\/\\\/secure.gravatar.com\\\/avatar\\\/d109d485abe889ecc32dbdb971b715ad9d4596bd0e2353626451db3e04099822?s=96&d=mm&r=g\",\"url\":\"https:\\\/\\\/secure.gravatar.com\\\/avatar\\\/d109d485abe889ecc32dbdb971b715ad9d4596bd0e2353626451db3e04099822?s=96&d=mm&r=g\",\"contentUrl\":\"https:\\\/\\\/secure.gravatar.com\\\/avatar\\\/d109d485abe889ecc32dbdb971b715ad9d4596bd0e2353626451db3e04099822?s=96&d=mm&r=g\",\"caption\":\"Pan_Admin\"},\"sameAs\":[\"http:\\\/\\\/ludzieikrajobrazy.muzeumleszno.pl\"],\"url\":\"http:\\\/\\\/ludzieikrajobrazy.muzeumleszno.pl\\\/?author=1\"}]}<\/script>\n<!-- \/ Yoast SEO plugin. -->","yoast_head_json":{"title":"Osieczna. Ulica Tadeusza Ko\u015bciuszki, oko\u0142o 1910 roku, Osieczna, Verlag H. Krell - Ludzie i krajobrazy. Powiat Leszczy\u0144ski w ikonografii","robots":{"index":"index","follow":"follow","max-snippet":"max-snippet:-1","max-image-preview":"max-image-preview:large","max-video-preview":"max-video-preview:-1"},"canonical":"http:\/\/ludzieikrajobrazy.muzeumleszno.pl\/?p=518","og_locale":"pl_PL","og_type":"article","og_title":"Osieczna. Ulica Tadeusza Ko\u015bciuszki, oko\u0142o 1910 roku, Osieczna, Verlag H. Krell - Ludzie i krajobrazy. Powiat Leszczy\u0144ski w ikonografii","og_description":"Widok ulicy Tadeusza Ko\u015bciuszki (niem. Lissaerstra\u00dfe, ul. Leszczy\u0144ska). Ulica dochodzi do po\u0142udniowo-zachodniego naro\u017cnika rynku i stanowi pozosta\u0142o\u015b\u0107 dawnego szlaku prowadz\u0105cego w kierunku Krzywinia. Tak w przesz\u0142o\u015bci jak i...","og_url":"http:\/\/ludzieikrajobrazy.muzeumleszno.pl\/?p=518","og_site_name":"Ludzie i krajobrazy. Powiat Leszczy\u0144ski w ikonografii","article_published_time":"2024-07-03T09:49:22+00:00","article_modified_time":"2024-08-02T07:37:33+00:00","og_image":[{"width":2560,"height":1612,"url":"http:\/\/ludzieikrajobrazy.muzeumleszno.pl\/wp-content\/uploads\/2024\/07\/94_MLH-4236-scaled.jpg","type":"image\/jpeg"}],"author":"Pan_Admin","twitter_card":"summary_large_image","twitter_misc":{"Napisane przez":"Pan_Admin","Szacowany czas czytania":"2 minuty"},"schema":{"@context":"https:\/\/schema.org","@graph":[{"@type":"Article","@id":"http:\/\/ludzieikrajobrazy.muzeumleszno.pl\/?p=518#article","isPartOf":{"@id":"http:\/\/ludzieikrajobrazy.muzeumleszno.pl\/?p=518"},"author":{"name":"Pan_Admin","@id":"https:\/\/ludzieikrajobrazy.muzeumleszno.pl\/#\/schema\/person\/fc2bc20e2b51efc3202ac1f0cdcd06c0"},"headline":"Osieczna. Ulica Tadeusza Ko\u015bciuszki, oko\u0142o 1910 roku, Osieczna, Verlag H. Krell","datePublished":"2024-07-03T09:49:22+00:00","dateModified":"2024-08-02T07:37:33+00:00","mainEntityOfPage":{"@id":"http:\/\/ludzieikrajobrazy.muzeumleszno.pl\/?p=518"},"wordCount":154,"image":{"@id":"http:\/\/ludzieikrajobrazy.muzeumleszno.pl\/?p=518#primaryimage"},"thumbnailUrl":"http:\/\/ludzieikrajobrazy.muzeumleszno.pl\/wp-content\/uploads\/2024\/07\/94_MLH-4236-scaled.jpg","keywords":["1910","architektura","dawny szlak","droga","fotografia","go\u015bciniec","hotel","kamienica","kupiectwo","ober\u017ca","Osieczna","polne kamienie","rower","Rynek","rzemios\u0142o","Tadeusza Ko\u015bciuszki","ulica","ulica Leszczy\u0144ska","Verlag H. Krell"],"articleSection":["Osieczna"],"inLanguage":"pl-PL"},{"@type":"WebPage","@id":"http:\/\/ludzieikrajobrazy.muzeumleszno.pl\/?p=518","url":"http:\/\/ludzieikrajobrazy.muzeumleszno.pl\/?p=518","name":"Osieczna. Ulica Tadeusza Ko\u015bciuszki, oko\u0142o 1910 roku, Osieczna, Verlag H. Krell - Ludzie i krajobrazy. Powiat Leszczy\u0144ski w ikonografii","isPartOf":{"@id":"https:\/\/ludzieikrajobrazy.muzeumleszno.pl\/#website"},"primaryImageOfPage":{"@id":"http:\/\/ludzieikrajobrazy.muzeumleszno.pl\/?p=518#primaryimage"},"image":{"@id":"http:\/\/ludzieikrajobrazy.muzeumleszno.pl\/?p=518#primaryimage"},"thumbnailUrl":"http:\/\/ludzieikrajobrazy.muzeumleszno.pl\/wp-content\/uploads\/2024\/07\/94_MLH-4236-scaled.jpg","datePublished":"2024-07-03T09:49:22+00:00","dateModified":"2024-08-02T07:37:33+00:00","author":{"@id":"https:\/\/ludzieikrajobrazy.muzeumleszno.pl\/#\/schema\/person\/fc2bc20e2b51efc3202ac1f0cdcd06c0"},"breadcrumb":{"@id":"http:\/\/ludzieikrajobrazy.muzeumleszno.pl\/?p=518#breadcrumb"},"inLanguage":"pl-PL","potentialAction":[{"@type":"ReadAction","target":["http:\/\/ludzieikrajobrazy.muzeumleszno.pl\/?p=518"]}]},{"@type":"BreadcrumbList","@id":"http:\/\/ludzieikrajobrazy.muzeumleszno.pl\/?p=518#breadcrumb","itemListElement":[{"@type":"ListItem","position":1,"name":"Home","item":"https:\/\/ludzieikrajobrazy.muzeumleszno.pl\/"},{"@type":"ListItem","position":2,"name":"Osieczna. Ulica Tadeusza Ko\u015bciuszki, oko\u0142o 1910 roku, Osieczna, Verlag H. Krell"}]},{"@type":"WebSite","@id":"https:\/\/ludzieikrajobrazy.muzeumleszno.pl\/#website","url":"https:\/\/ludzieikrajobrazy.muzeumleszno.pl\/","name":"Ludzie i krajobrazy. Powiat Leszczy\u0144ski w ikonografii","description":"Powiat Leszczy\u0144ski w ikonografii","potentialAction":[{"@type":"SearchAction","target":{"@type":"EntryPoint","urlTemplate":"https:\/\/ludzieikrajobrazy.muzeumleszno.pl\/?s={search_term_string}"},"query-input":{"@type":"PropertyValueSpecification","valueRequired":true,"valueName":"search_term_string"}}],"inLanguage":"pl-PL"},{"@type":"Person","@id":"https:\/\/ludzieikrajobrazy.muzeumleszno.pl\/#\/schema\/person\/fc2bc20e2b51efc3202ac1f0cdcd06c0","name":"Pan_Admin","image":{"@type":"ImageObject","inLanguage":"pl-PL","@id":"https:\/\/secure.gravatar.com\/avatar\/d109d485abe889ecc32dbdb971b715ad9d4596bd0e2353626451db3e04099822?s=96&d=mm&r=g","url":"https:\/\/secure.gravatar.com\/avatar\/d109d485abe889ecc32dbdb971b715ad9d4596bd0e2353626451db3e04099822?s=96&d=mm&r=g","contentUrl":"https:\/\/secure.gravatar.com\/avatar\/d109d485abe889ecc32dbdb971b715ad9d4596bd0e2353626451db3e04099822?s=96&d=mm&r=g","caption":"Pan_Admin"},"sameAs":["http:\/\/ludzieikrajobrazy.muzeumleszno.pl"],"url":"http:\/\/ludzieikrajobrazy.muzeumleszno.pl\/?author=1"}]}},"_links":{"self":[{"href":"http:\/\/ludzieikrajobrazy.muzeumleszno.pl\/index.php?rest_route=\/wp\/v2\/posts\/518","targetHints":{"allow":["GET"]}}],"collection":[{"href":"http:\/\/ludzieikrajobrazy.muzeumleszno.pl\/index.php?rest_route=\/wp\/v2\/posts"}],"about":[{"href":"http:\/\/ludzieikrajobrazy.muzeumleszno.pl\/index.php?rest_route=\/wp\/v2\/types\/post"}],"author":[{"embeddable":true,"href":"http:\/\/ludzieikrajobrazy.muzeumleszno.pl\/index.php?rest_route=\/wp\/v2\/users\/1"}],"replies":[{"embeddable":true,"href":"http:\/\/ludzieikrajobrazy.muzeumleszno.pl\/index.php?rest_route=%2Fwp%2Fv2%2Fcomments&post=518"}],"version-history":[{"count":1,"href":"http:\/\/ludzieikrajobrazy.muzeumleszno.pl\/index.php?rest_route=\/wp\/v2\/posts\/518\/revisions"}],"predecessor-version":[{"id":521,"href":"http:\/\/ludzieikrajobrazy.muzeumleszno.pl\/index.php?rest_route=\/wp\/v2\/posts\/518\/revisions\/521"}],"wp:featuredmedia":[{"embeddable":true,"href":"http:\/\/ludzieikrajobrazy.muzeumleszno.pl\/index.php?rest_route=\/wp\/v2\/media\/520"}],"wp:attachment":[{"href":"http:\/\/ludzieikrajobrazy.muzeumleszno.pl\/index.php?rest_route=%2Fwp%2Fv2%2Fmedia&parent=518"}],"wp:term":[{"taxonomy":"category","embeddable":true,"href":"http:\/\/ludzieikrajobrazy.muzeumleszno.pl\/index.php?rest_route=%2Fwp%2Fv2%2Fcategories&post=518"},{"taxonomy":"post_tag","embeddable":true,"href":"http:\/\/ludzieikrajobrazy.muzeumleszno.pl\/index.php?rest_route=%2Fwp%2Fv2%2Ftags&post=518"}],"curies":[{"name":"wp","href":"https:\/\/api.w.org\/{rel}","templated":true}]}}