{"id":526,"date":"2024-07-03T11:47:11","date_gmt":"2024-07-03T09:47:11","guid":{"rendered":"http:\/\/ludzieikrajobrazy.muzeumleszno.pl\/?p=526"},"modified":"2024-08-02T09:38:00","modified_gmt":"2024-08-02T07:38:00","slug":"osieczna-dom-swietego-jozefa-siedziba-nsdap-lata-1940-1944-osieczna-kaufhaus-horst-mehl","status":"publish","type":"post","link":"http:\/\/ludzieikrajobrazy.muzeumleszno.pl\/?p=526","title":{"rendered":"Osieczna. Dom \u015awi\u0119tego J\u00f3zefa (siedziba NSDAP), lata 1940\u20131944, Osieczna, Kaufhaus Horst Mehl"},"content":{"rendered":"\n<p>Dom \u015awi\u0119tego J\u00f3zefa w Osiecznej zosta\u0142 za\u0142o\u017cony w 1900 roku jako dom zakonny Zgromadzenia Si\u00f3str El\u017cbietanek. Budowa zak\u0142adu i sprowadzenie zakonnic by\u0142y zas\u0142ug\u0105 ks. proboszcza Romana Leszczy\u0144skiego (1831\u20131906) i Hansa Hasche (\u20131930), w\u0142a\u015bciciela maj\u0105tku w Jeziorkach. Praca na rzecz chorych i potrzebuj\u0105cych oraz stale zwi\u0119kszaj\u0105ce si\u0119 zapotrzebowanie na us\u0142ugi medyczne si\u00f3str sprawi\u0142y, \u017ce dom wkr\u00f3tce rozbudowano. W okresie I wojny \u015bwiatowej i w czasie powstania wielkopolskiego mie\u015bci\u0142 si\u0119 tam szpital polowy. Po 1920 roku siostry prowadzi\u0142y schronisko dla dziewcz\u0105t upo\u015bledzonych umys\u0142owo. Podczas II wojny \u015bwiatowej zak\u0142ad zlikwidowano. Wszystkie pacjentki wywieziono i zamordowano pod Jarogniewicami w ramach Akcji T4 \u2013 eksterminacji os\u00f3b psychicznie chorych. Budynek przeznaczono na siedzib\u0119 partii nazistowskiej NSDAP.&nbsp;<\/p>\n\n\n\n<p>El\u017cbietanki powr\u00f3ci\u0142y do Osiecznej po wojnie i przebywa\u0142y w mie\u015bcie do 2013 roku. Ich dom zakonny w cz\u0119\u015bci przej\u0119to na potrzeby przychodni lekarskiej, a cz\u0119\u015bciowo pozostawiono do dyspozycji si\u00f3str. Obecnie znajduje si\u0119 w r\u0119kach prywatnych. &nbsp;<\/p>\n\n\n\n<figure data-wp-context=\"{&quot;imageId&quot;:&quot;69f463827e642&quot;}\" data-wp-interactive=\"core\/image\" data-wp-key=\"69f463827e642\" class=\"wp-block-image size-full wp-lightbox-container\"><img fetchpriority=\"high\" decoding=\"async\" width=\"2560\" height=\"1682\" data-wp-class--hide=\"state.isContentHidden\" data-wp-class--show=\"state.isContentVisible\" data-wp-init=\"callbacks.setButtonStyles\" data-wp-on--click=\"actions.showLightbox\" data-wp-on--load=\"callbacks.setButtonStyles\" data-wp-on-window--resize=\"callbacks.setButtonStyles\" src=\"http:\/\/ludzieikrajobrazy.muzeumleszno.pl\/wp-content\/uploads\/2024\/07\/96_MLH-4766-scaled.jpg\" alt=\"Osieczna. Dom \u015awi\u0119tego J\u00f3zefa (siedziba NSDAP), lata 1940\u20131944, Osieczna, Kaufhaus Horst Mehl\" class=\"wp-image-527\" srcset=\"http:\/\/ludzieikrajobrazy.muzeumleszno.pl\/wp-content\/uploads\/2024\/07\/96_MLH-4766-scaled.jpg 2560w, http:\/\/ludzieikrajobrazy.muzeumleszno.pl\/wp-content\/uploads\/2024\/07\/96_MLH-4766-1536x1009.jpg 1536w, http:\/\/ludzieikrajobrazy.muzeumleszno.pl\/wp-content\/uploads\/2024\/07\/96_MLH-4766-2048x1346.jpg 2048w, http:\/\/ludzieikrajobrazy.muzeumleszno.pl\/wp-content\/uploads\/2024\/07\/96_MLH-4766-200x131.jpg 200w, http:\/\/ludzieikrajobrazy.muzeumleszno.pl\/wp-content\/uploads\/2024\/07\/96_MLH-4766-973x639.jpg 973w, http:\/\/ludzieikrajobrazy.muzeumleszno.pl\/wp-content\/uploads\/2024\/07\/96_MLH-4766-508x334.jpg 508w\" sizes=\"(max-width: 2560px) 100vw, 2560px\" \/><button\n\t\t\tclass=\"lightbox-trigger\"\n\t\t\ttype=\"button\"\n\t\t\taria-haspopup=\"dialog\"\n\t\t\taria-label=\"Powi\u0119ksz\"\n\t\t\tdata-wp-init=\"callbacks.initTriggerButton\"\n\t\t\tdata-wp-on--click=\"actions.showLightbox\"\n\t\t\tdata-wp-style--right=\"state.imageButtonRight\"\n\t\t\tdata-wp-style--top=\"state.imageButtonTop\"\n\t\t>\n\t\t\t<svg xmlns=\"http:\/\/www.w3.org\/2000\/svg\" width=\"12\" height=\"12\" fill=\"none\" viewBox=\"0 0 12 12\">\n\t\t\t\t<path fill=\"#fff\" d=\"M2 0a2 2 0 0 0-2 2v2h1.5V2a.5.5 0 0 1 .5-.5h2V0H2Zm2 10.5H2a.5.5 0 0 1-.5-.5V8H0v2a2 2 0 0 0 2 2h2v-1.5ZM8 12v-1.5h2a.5.5 0 0 0 .5-.5V8H12v2a2 2 0 0 1-2 2H8Zm2-12a2 2 0 0 1 2 2v2h-1.5V2a.5.5 0 0 0-.5-.5H8V0h2Z\" \/>\n\t\t\t<\/svg>\n\t\t<\/button><figcaption class=\"wp-element-caption\">Osieczna. Dom \u015awi\u0119tego J\u00f3zefa (siedziba NSDAP), lata 1940\u20131944, Osieczna, Kaufhaus Horst Mehl, Horst Mehl;  Polska; Osieczna; ok. 1940  r.; papier; druk;  wys. 9,  szer. 13,7  cm;  Muzeum Okr\u0119gowe w Lesznie; MLH4766<\/figcaption><\/figure>\n\n\n\n<p class=\"has-small-font-size\">nr inw. MLH 4766<br>W zbiorach Muzeum Okr\u0119gowego w Lesznie od 2010 roku, zakup<\/p>\n\n\n\n<p>D.Cz.<\/p>\n","protected":false},"excerpt":{"rendered":"<p>Dom \u015awi\u0119tego J\u00f3zefa w Osiecznej zosta\u0142 za\u0142o\u017cony w 1900 roku jako dom zakonny Zgromadzenia Si\u00f3str El\u017cbietanek. Budowa zak\u0142adu i sprowadzenie zakonnic by\u0142y zas\u0142ug\u0105 ks. proboszcza Romana Leszczy\u0144skiego (1831\u20131906)&#8230;<\/p>\n","protected":false},"author":1,"featured_media":527,"comment_status":"closed","ping_status":"closed","sticky":false,"template":"","format":"standard","meta":{"cybocfi_hide_featured_image":"yes","footnotes":""},"categories":[96],"tags":[112,193,185,187,190,113,186,97,189,192,191,188],"class_list":["post-526","post","type-post","status-publish","format-standard","has-post-thumbnail","hentry","category-osieczna","tag-112","tag-akcja-t4","tag-dom-swietego-jozefa","tag-dom-zakonny","tag-hansa-hasche","tag-kaufhaus-horst-mehl","tag-nsdap","tag-osieczna","tag-roman-leszczynski","tag-schronisko-dla-dziewczat-uposledzonych-umyslowo","tag-szpital-polowy","tag-zgromadzenie-siostr-elzbietanek"],"yoast_head":"<!-- This site is optimized with the Yoast SEO plugin v27.5 - https:\/\/yoast.com\/product\/yoast-seo-wordpress\/ -->\n<title>Osieczna. Dom \u015awi\u0119tego J\u00f3zefa (siedziba NSDAP), lata 1940\u20131944, Osieczna, Kaufhaus Horst Mehl - Ludzie i krajobrazy. Powiat Leszczy\u0144ski w ikonografii<\/title>\n<meta name=\"robots\" content=\"index, follow, max-snippet:-1, max-image-preview:large, max-video-preview:-1\" \/>\n<link rel=\"canonical\" href=\"http:\/\/ludzieikrajobrazy.muzeumleszno.pl\/?p=526\" \/>\n<meta property=\"og:locale\" content=\"pl_PL\" \/>\n<meta property=\"og:type\" content=\"article\" \/>\n<meta property=\"og:title\" content=\"Osieczna. Dom \u015awi\u0119tego J\u00f3zefa (siedziba NSDAP), lata 1940\u20131944, Osieczna, Kaufhaus Horst Mehl - Ludzie i krajobrazy. Powiat Leszczy\u0144ski w ikonografii\" \/>\n<meta property=\"og:description\" content=\"Dom \u015awi\u0119tego J\u00f3zefa w Osiecznej zosta\u0142 za\u0142o\u017cony w 1900 roku jako dom zakonny Zgromadzenia Si\u00f3str El\u017cbietanek. Budowa zak\u0142adu i sprowadzenie zakonnic by\u0142y zas\u0142ug\u0105 ks. proboszcza Romana Leszczy\u0144skiego (1831\u20131906)...\" \/>\n<meta property=\"og:url\" content=\"http:\/\/ludzieikrajobrazy.muzeumleszno.pl\/?p=526\" \/>\n<meta property=\"og:site_name\" content=\"Ludzie i krajobrazy. Powiat Leszczy\u0144ski w ikonografii\" \/>\n<meta property=\"article:published_time\" content=\"2024-07-03T09:47:11+00:00\" \/>\n<meta property=\"article:modified_time\" content=\"2024-08-02T07:38:00+00:00\" \/>\n<meta property=\"og:image\" content=\"http:\/\/ludzieikrajobrazy.muzeumleszno.pl\/wp-content\/uploads\/2024\/07\/96_MLH-4766-scaled.jpg\" \/>\n\t<meta property=\"og:image:width\" content=\"2560\" \/>\n\t<meta property=\"og:image:height\" content=\"1682\" \/>\n\t<meta property=\"og:image:type\" content=\"image\/jpeg\" \/>\n<meta name=\"author\" content=\"Pan_Admin\" \/>\n<meta name=\"twitter:card\" content=\"summary_large_image\" \/>\n<meta name=\"twitter:label1\" content=\"Napisane przez\" \/>\n\t<meta name=\"twitter:data1\" content=\"Pan_Admin\" \/>\n\t<meta name=\"twitter:label2\" content=\"Szacowany czas czytania\" \/>\n\t<meta name=\"twitter:data2\" content=\"2 minuty\" \/>\n<script type=\"application\/ld+json\" class=\"yoast-schema-graph\">{\"@context\":\"https:\\\/\\\/schema.org\",\"@graph\":[{\"@type\":\"Article\",\"@id\":\"http:\\\/\\\/ludzieikrajobrazy.muzeumleszno.pl\\\/?p=526#article\",\"isPartOf\":{\"@id\":\"http:\\\/\\\/ludzieikrajobrazy.muzeumleszno.pl\\\/?p=526\"},\"author\":{\"name\":\"Pan_Admin\",\"@id\":\"http:\\\/\\\/ludzieikrajobrazy.muzeumleszno.pl\\\/#\\\/schema\\\/person\\\/fc2bc20e2b51efc3202ac1f0cdcd06c0\"},\"headline\":\"Osieczna. Dom \u015awi\u0119tego J\u00f3zefa (siedziba NSDAP), lata 1940\u20131944, Osieczna, Kaufhaus Horst Mehl\",\"datePublished\":\"2024-07-03T09:47:11+00:00\",\"dateModified\":\"2024-08-02T07:38:00+00:00\",\"mainEntityOfPage\":{\"@id\":\"http:\\\/\\\/ludzieikrajobrazy.muzeumleszno.pl\\\/?p=526\"},\"wordCount\":236,\"image\":{\"@id\":\"http:\\\/\\\/ludzieikrajobrazy.muzeumleszno.pl\\\/?p=526#primaryimage\"},\"thumbnailUrl\":\"http:\\\/\\\/ludzieikrajobrazy.muzeumleszno.pl\\\/wp-content\\\/uploads\\\/2024\\\/07\\\/96_MLH-4766-scaled.jpg\",\"keywords\":[\"1940\",\"Akcja T4\",\"Dom \u015awi\u0119tego J\u00f3zefa\",\"dom zakonny\",\"Hansa Hasche\",\"Kaufhaus Horst Mehl\",\"NSDAP\",\"Osieczna\",\"Roman Leszczy\u0144ski\",\"schronisko dla dziewcz\u0105t upo\u015bledzonych umys\u0142owo\",\"szpital polowy\",\"Zgromadzenie Si\u00f3str El\u017cbietanek\"],\"articleSection\":[\"Osieczna\"],\"inLanguage\":\"pl-PL\"},{\"@type\":\"WebPage\",\"@id\":\"http:\\\/\\\/ludzieikrajobrazy.muzeumleszno.pl\\\/?p=526\",\"url\":\"http:\\\/\\\/ludzieikrajobrazy.muzeumleszno.pl\\\/?p=526\",\"name\":\"Osieczna. Dom \u015awi\u0119tego J\u00f3zefa (siedziba NSDAP), lata 1940\u20131944, Osieczna, Kaufhaus Horst Mehl - Ludzie i krajobrazy. Powiat Leszczy\u0144ski w ikonografii\",\"isPartOf\":{\"@id\":\"http:\\\/\\\/ludzieikrajobrazy.muzeumleszno.pl\\\/#website\"},\"primaryImageOfPage\":{\"@id\":\"http:\\\/\\\/ludzieikrajobrazy.muzeumleszno.pl\\\/?p=526#primaryimage\"},\"image\":{\"@id\":\"http:\\\/\\\/ludzieikrajobrazy.muzeumleszno.pl\\\/?p=526#primaryimage\"},\"thumbnailUrl\":\"http:\\\/\\\/ludzieikrajobrazy.muzeumleszno.pl\\\/wp-content\\\/uploads\\\/2024\\\/07\\\/96_MLH-4766-scaled.jpg\",\"datePublished\":\"2024-07-03T09:47:11+00:00\",\"dateModified\":\"2024-08-02T07:38:00+00:00\",\"author\":{\"@id\":\"http:\\\/\\\/ludzieikrajobrazy.muzeumleszno.pl\\\/#\\\/schema\\\/person\\\/fc2bc20e2b51efc3202ac1f0cdcd06c0\"},\"breadcrumb\":{\"@id\":\"http:\\\/\\\/ludzieikrajobrazy.muzeumleszno.pl\\\/?p=526#breadcrumb\"},\"inLanguage\":\"pl-PL\",\"potentialAction\":[{\"@type\":\"ReadAction\",\"target\":[\"http:\\\/\\\/ludzieikrajobrazy.muzeumleszno.pl\\\/?p=526\"]}]},{\"@type\":\"BreadcrumbList\",\"@id\":\"http:\\\/\\\/ludzieikrajobrazy.muzeumleszno.pl\\\/?p=526#breadcrumb\",\"itemListElement\":[{\"@type\":\"ListItem\",\"position\":1,\"name\":\"Home\",\"item\":\"http:\\\/\\\/ludzieikrajobrazy.muzeumleszno.pl\\\/\"},{\"@type\":\"ListItem\",\"position\":2,\"name\":\"Osieczna. Dom \u015awi\u0119tego J\u00f3zefa (siedziba NSDAP), lata 1940\u20131944, Osieczna, Kaufhaus Horst Mehl\"}]},{\"@type\":\"WebSite\",\"@id\":\"http:\\\/\\\/ludzieikrajobrazy.muzeumleszno.pl\\\/#website\",\"url\":\"http:\\\/\\\/ludzieikrajobrazy.muzeumleszno.pl\\\/\",\"name\":\"Ludzie i krajobrazy. Powiat Leszczy\u0144ski w ikonografii\",\"description\":\"Powiat Leszczy\u0144ski w ikonografii\",\"potentialAction\":[{\"@type\":\"SearchAction\",\"target\":{\"@type\":\"EntryPoint\",\"urlTemplate\":\"http:\\\/\\\/ludzieikrajobrazy.muzeumleszno.pl\\\/?s={search_term_string}\"},\"query-input\":{\"@type\":\"PropertyValueSpecification\",\"valueRequired\":true,\"valueName\":\"search_term_string\"}}],\"inLanguage\":\"pl-PL\"},{\"@type\":\"Person\",\"@id\":\"http:\\\/\\\/ludzieikrajobrazy.muzeumleszno.pl\\\/#\\\/schema\\\/person\\\/fc2bc20e2b51efc3202ac1f0cdcd06c0\",\"name\":\"Pan_Admin\",\"image\":{\"@type\":\"ImageObject\",\"inLanguage\":\"pl-PL\",\"@id\":\"https:\\\/\\\/secure.gravatar.com\\\/avatar\\\/d109d485abe889ecc32dbdb971b715ad9d4596bd0e2353626451db3e04099822?s=96&d=mm&r=g\",\"url\":\"https:\\\/\\\/secure.gravatar.com\\\/avatar\\\/d109d485abe889ecc32dbdb971b715ad9d4596bd0e2353626451db3e04099822?s=96&d=mm&r=g\",\"contentUrl\":\"https:\\\/\\\/secure.gravatar.com\\\/avatar\\\/d109d485abe889ecc32dbdb971b715ad9d4596bd0e2353626451db3e04099822?s=96&d=mm&r=g\",\"caption\":\"Pan_Admin\"},\"sameAs\":[\"http:\\\/\\\/ludzieikrajobrazy.muzeumleszno.pl\"],\"url\":\"http:\\\/\\\/ludzieikrajobrazy.muzeumleszno.pl\\\/?author=1\"}]}<\/script>\n<!-- \/ Yoast SEO plugin. -->","yoast_head_json":{"title":"Osieczna. Dom \u015awi\u0119tego J\u00f3zefa (siedziba NSDAP), lata 1940\u20131944, Osieczna, Kaufhaus Horst Mehl - Ludzie i krajobrazy. Powiat Leszczy\u0144ski w ikonografii","robots":{"index":"index","follow":"follow","max-snippet":"max-snippet:-1","max-image-preview":"max-image-preview:large","max-video-preview":"max-video-preview:-1"},"canonical":"http:\/\/ludzieikrajobrazy.muzeumleszno.pl\/?p=526","og_locale":"pl_PL","og_type":"article","og_title":"Osieczna. Dom \u015awi\u0119tego J\u00f3zefa (siedziba NSDAP), lata 1940\u20131944, Osieczna, Kaufhaus Horst Mehl - Ludzie i krajobrazy. Powiat Leszczy\u0144ski w ikonografii","og_description":"Dom \u015awi\u0119tego J\u00f3zefa w Osiecznej zosta\u0142 za\u0142o\u017cony w 1900 roku jako dom zakonny Zgromadzenia Si\u00f3str El\u017cbietanek. Budowa zak\u0142adu i sprowadzenie zakonnic by\u0142y zas\u0142ug\u0105 ks. proboszcza Romana Leszczy\u0144skiego (1831\u20131906)...","og_url":"http:\/\/ludzieikrajobrazy.muzeumleszno.pl\/?p=526","og_site_name":"Ludzie i krajobrazy. Powiat Leszczy\u0144ski w ikonografii","article_published_time":"2024-07-03T09:47:11+00:00","article_modified_time":"2024-08-02T07:38:00+00:00","og_image":[{"width":2560,"height":1682,"url":"http:\/\/ludzieikrajobrazy.muzeumleszno.pl\/wp-content\/uploads\/2024\/07\/96_MLH-4766-scaled.jpg","type":"image\/jpeg"}],"author":"Pan_Admin","twitter_card":"summary_large_image","twitter_misc":{"Napisane przez":"Pan_Admin","Szacowany czas czytania":"2 minuty"},"schema":{"@context":"https:\/\/schema.org","@graph":[{"@type":"Article","@id":"http:\/\/ludzieikrajobrazy.muzeumleszno.pl\/?p=526#article","isPartOf":{"@id":"http:\/\/ludzieikrajobrazy.muzeumleszno.pl\/?p=526"},"author":{"name":"Pan_Admin","@id":"http:\/\/ludzieikrajobrazy.muzeumleszno.pl\/#\/schema\/person\/fc2bc20e2b51efc3202ac1f0cdcd06c0"},"headline":"Osieczna. Dom \u015awi\u0119tego J\u00f3zefa (siedziba NSDAP), lata 1940\u20131944, Osieczna, Kaufhaus Horst Mehl","datePublished":"2024-07-03T09:47:11+00:00","dateModified":"2024-08-02T07:38:00+00:00","mainEntityOfPage":{"@id":"http:\/\/ludzieikrajobrazy.muzeumleszno.pl\/?p=526"},"wordCount":236,"image":{"@id":"http:\/\/ludzieikrajobrazy.muzeumleszno.pl\/?p=526#primaryimage"},"thumbnailUrl":"http:\/\/ludzieikrajobrazy.muzeumleszno.pl\/wp-content\/uploads\/2024\/07\/96_MLH-4766-scaled.jpg","keywords":["1940","Akcja T4","Dom \u015awi\u0119tego J\u00f3zefa","dom zakonny","Hansa Hasche","Kaufhaus Horst Mehl","NSDAP","Osieczna","Roman Leszczy\u0144ski","schronisko dla dziewcz\u0105t upo\u015bledzonych umys\u0142owo","szpital polowy","Zgromadzenie Si\u00f3str El\u017cbietanek"],"articleSection":["Osieczna"],"inLanguage":"pl-PL"},{"@type":"WebPage","@id":"http:\/\/ludzieikrajobrazy.muzeumleszno.pl\/?p=526","url":"http:\/\/ludzieikrajobrazy.muzeumleszno.pl\/?p=526","name":"Osieczna. Dom \u015awi\u0119tego J\u00f3zefa (siedziba NSDAP), lata 1940\u20131944, Osieczna, Kaufhaus Horst Mehl - Ludzie i krajobrazy. Powiat Leszczy\u0144ski w ikonografii","isPartOf":{"@id":"http:\/\/ludzieikrajobrazy.muzeumleszno.pl\/#website"},"primaryImageOfPage":{"@id":"http:\/\/ludzieikrajobrazy.muzeumleszno.pl\/?p=526#primaryimage"},"image":{"@id":"http:\/\/ludzieikrajobrazy.muzeumleszno.pl\/?p=526#primaryimage"},"thumbnailUrl":"http:\/\/ludzieikrajobrazy.muzeumleszno.pl\/wp-content\/uploads\/2024\/07\/96_MLH-4766-scaled.jpg","datePublished":"2024-07-03T09:47:11+00:00","dateModified":"2024-08-02T07:38:00+00:00","author":{"@id":"http:\/\/ludzieikrajobrazy.muzeumleszno.pl\/#\/schema\/person\/fc2bc20e2b51efc3202ac1f0cdcd06c0"},"breadcrumb":{"@id":"http:\/\/ludzieikrajobrazy.muzeumleszno.pl\/?p=526#breadcrumb"},"inLanguage":"pl-PL","potentialAction":[{"@type":"ReadAction","target":["http:\/\/ludzieikrajobrazy.muzeumleszno.pl\/?p=526"]}]},{"@type":"BreadcrumbList","@id":"http:\/\/ludzieikrajobrazy.muzeumleszno.pl\/?p=526#breadcrumb","itemListElement":[{"@type":"ListItem","position":1,"name":"Home","item":"http:\/\/ludzieikrajobrazy.muzeumleszno.pl\/"},{"@type":"ListItem","position":2,"name":"Osieczna. Dom \u015awi\u0119tego J\u00f3zefa (siedziba NSDAP), lata 1940\u20131944, Osieczna, Kaufhaus Horst Mehl"}]},{"@type":"WebSite","@id":"http:\/\/ludzieikrajobrazy.muzeumleszno.pl\/#website","url":"http:\/\/ludzieikrajobrazy.muzeumleszno.pl\/","name":"Ludzie i krajobrazy. Powiat Leszczy\u0144ski w ikonografii","description":"Powiat Leszczy\u0144ski w ikonografii","potentialAction":[{"@type":"SearchAction","target":{"@type":"EntryPoint","urlTemplate":"http:\/\/ludzieikrajobrazy.muzeumleszno.pl\/?s={search_term_string}"},"query-input":{"@type":"PropertyValueSpecification","valueRequired":true,"valueName":"search_term_string"}}],"inLanguage":"pl-PL"},{"@type":"Person","@id":"http:\/\/ludzieikrajobrazy.muzeumleszno.pl\/#\/schema\/person\/fc2bc20e2b51efc3202ac1f0cdcd06c0","name":"Pan_Admin","image":{"@type":"ImageObject","inLanguage":"pl-PL","@id":"https:\/\/secure.gravatar.com\/avatar\/d109d485abe889ecc32dbdb971b715ad9d4596bd0e2353626451db3e04099822?s=96&d=mm&r=g","url":"https:\/\/secure.gravatar.com\/avatar\/d109d485abe889ecc32dbdb971b715ad9d4596bd0e2353626451db3e04099822?s=96&d=mm&r=g","contentUrl":"https:\/\/secure.gravatar.com\/avatar\/d109d485abe889ecc32dbdb971b715ad9d4596bd0e2353626451db3e04099822?s=96&d=mm&r=g","caption":"Pan_Admin"},"sameAs":["http:\/\/ludzieikrajobrazy.muzeumleszno.pl"],"url":"http:\/\/ludzieikrajobrazy.muzeumleszno.pl\/?author=1"}]}},"_links":{"self":[{"href":"http:\/\/ludzieikrajobrazy.muzeumleszno.pl\/index.php?rest_route=\/wp\/v2\/posts\/526","targetHints":{"allow":["GET"]}}],"collection":[{"href":"http:\/\/ludzieikrajobrazy.muzeumleszno.pl\/index.php?rest_route=\/wp\/v2\/posts"}],"about":[{"href":"http:\/\/ludzieikrajobrazy.muzeumleszno.pl\/index.php?rest_route=\/wp\/v2\/types\/post"}],"author":[{"embeddable":true,"href":"http:\/\/ludzieikrajobrazy.muzeumleszno.pl\/index.php?rest_route=\/wp\/v2\/users\/1"}],"replies":[{"embeddable":true,"href":"http:\/\/ludzieikrajobrazy.muzeumleszno.pl\/index.php?rest_route=%2Fwp%2Fv2%2Fcomments&post=526"}],"version-history":[{"count":1,"href":"http:\/\/ludzieikrajobrazy.muzeumleszno.pl\/index.php?rest_route=\/wp\/v2\/posts\/526\/revisions"}],"predecessor-version":[{"id":528,"href":"http:\/\/ludzieikrajobrazy.muzeumleszno.pl\/index.php?rest_route=\/wp\/v2\/posts\/526\/revisions\/528"}],"wp:featuredmedia":[{"embeddable":true,"href":"http:\/\/ludzieikrajobrazy.muzeumleszno.pl\/index.php?rest_route=\/wp\/v2\/media\/527"}],"wp:attachment":[{"href":"http:\/\/ludzieikrajobrazy.muzeumleszno.pl\/index.php?rest_route=%2Fwp%2Fv2%2Fmedia&parent=526"}],"wp:term":[{"taxonomy":"category","embeddable":true,"href":"http:\/\/ludzieikrajobrazy.muzeumleszno.pl\/index.php?rest_route=%2Fwp%2Fv2%2Fcategories&post=526"},{"taxonomy":"post_tag","embeddable":true,"href":"http:\/\/ludzieikrajobrazy.muzeumleszno.pl\/index.php?rest_route=%2Fwp%2Fv2%2Ftags&post=526"}],"curies":[{"name":"wp","href":"https:\/\/api.w.org\/{rel}","templated":true}]}}