{"id":550,"date":"2024-07-03T11:42:54","date_gmt":"2024-07-03T09:42:54","guid":{"rendered":"http:\/\/ludzieikrajobrazy.muzeumleszno.pl\/?p=550"},"modified":"2024-08-02T09:41:08","modified_gmt":"2024-08-02T07:41:08","slug":"osieczna-dom-wypoczynkowy-stanislawowka-lata-20-xx-wieku","status":"publish","type":"post","link":"http:\/\/ludzieikrajobrazy.muzeumleszno.pl\/?p=550","title":{"rendered":"Osieczna. Dom wypoczynkowy \u201eStanis\u0142aw\u00f3wka\u201d, lata 20. XX wieku"},"content":{"rendered":"\n<p>Nazwa \u201eStanis\u0142aw\u00f3wka\u201d wywodzi si\u0119 od imienia proboszcza parafii w \u015awierczynie ksi\u0119dza Stanis\u0142awa \u015awiderskiego (1869\u20131921). W 1922 roku jego brat \u2013 dr Bronis\u0142aw \u015awiderski (1873\u20131941) z Leszna \u2013 zbudowa\u0142 na terenie \u201eStanis\u0142aw\u00f3wki\u201d dom wypoczynkowy, kt\u00f3ry sta\u0142 si\u0119 wkr\u00f3tce zak\u0142adem przyrodoleczniczym. Dzi\u0119ki ok\u0142adom z borowiny leczono tam r\u00f3\u017cne schorzenia, m.in.: reumatyzm, zapalenie staw\u00f3w, nerwob\u00f3le, niedokrwisto\u015b\u0107, rw\u0119 kulszow\u0105, go\u015bciec, dn\u0119 moczanow\u0105 i wiele innych. Go\u015bciom i pacjentom obok ok\u0142ad\u00f3w i masa\u017cy zapewniano spok\u00f3j i aktywny wypoczynek. Na terenie o\u015brodka znajdowa\u0142a si\u0119 niewielka pla\u017ca z przystani\u0105 dla \u0142\u00f3dek i kajak\u00f3w. W 1937 roku o\u015brodek sp\u0142on\u0105, ale dr \u015awiderski w ci\u0105gu kilku miesi\u0119cy odbudowa\u0142 zak\u0142ad i wznowi\u0142 dzia\u0142alno\u015b\u0107. W latach II wojny \u015bwiatowej Niemcy zorganizowali w o\u015brodku szko\u0142\u0119 m\u0142odzie\u017cow\u0105.&nbsp;<\/p>\n\n\n\n<p>Na poczt\u00f3wce wida\u0107 fragment jeziora z pla\u017c\u0105 ogrodzon\u0105 drewnianym parkanem oraz elementy infrastruktury zak\u0142adu: drewnian\u0105 altan\u0105 oraz pomost dla wypoczywaj\u0105cych kuracjuszy.\u00a0<\/p>\n\n\n\n<figure data-wp-context=\"{&quot;imageId&quot;:&quot;69f1cdf2c2d25&quot;}\" data-wp-interactive=\"core\/image\" data-wp-key=\"69f1cdf2c2d25\" class=\"wp-block-image size-full wp-lightbox-container\"><img fetchpriority=\"high\" decoding=\"async\" width=\"2560\" height=\"1710\" data-wp-class--hide=\"state.isContentHidden\" data-wp-class--show=\"state.isContentVisible\" data-wp-init=\"callbacks.setButtonStyles\" data-wp-on--click=\"actions.showLightbox\" data-wp-on--load=\"callbacks.setButtonStyles\" data-wp-on-window--resize=\"callbacks.setButtonStyles\" src=\"http:\/\/ludzieikrajobrazy.muzeumleszno.pl\/wp-content\/uploads\/2024\/07\/101_MLH-4801-scaled.jpg\" alt=\"Osieczna. Dom wypoczynkowy \u201eStanis\u0142aw\u00f3wka\u201d, lata 20. XX wieku\" class=\"wp-image-551\" srcset=\"http:\/\/ludzieikrajobrazy.muzeumleszno.pl\/wp-content\/uploads\/2024\/07\/101_MLH-4801-scaled.jpg 2560w, http:\/\/ludzieikrajobrazy.muzeumleszno.pl\/wp-content\/uploads\/2024\/07\/101_MLH-4801-1536x1026.jpg 1536w, http:\/\/ludzieikrajobrazy.muzeumleszno.pl\/wp-content\/uploads\/2024\/07\/101_MLH-4801-2048x1368.jpg 2048w, http:\/\/ludzieikrajobrazy.muzeumleszno.pl\/wp-content\/uploads\/2024\/07\/101_MLH-4801-200x134.jpg 200w, http:\/\/ludzieikrajobrazy.muzeumleszno.pl\/wp-content\/uploads\/2024\/07\/101_MLH-4801-973x650.jpg 973w, http:\/\/ludzieikrajobrazy.muzeumleszno.pl\/wp-content\/uploads\/2024\/07\/101_MLH-4801-508x339.jpg 508w\" sizes=\"(max-width: 2560px) 100vw, 2560px\" \/><button\n\t\t\tclass=\"lightbox-trigger\"\n\t\t\ttype=\"button\"\n\t\t\taria-haspopup=\"dialog\"\n\t\t\taria-label=\"Powi\u0119ksz\"\n\t\t\tdata-wp-init=\"callbacks.initTriggerButton\"\n\t\t\tdata-wp-on--click=\"actions.showLightbox\"\n\t\t\tdata-wp-style--right=\"state.imageButtonRight\"\n\t\t\tdata-wp-style--top=\"state.imageButtonTop\"\n\t\t>\n\t\t\t<svg xmlns=\"http:\/\/www.w3.org\/2000\/svg\" width=\"12\" height=\"12\" fill=\"none\" viewBox=\"0 0 12 12\">\n\t\t\t\t<path fill=\"#fff\" d=\"M2 0a2 2 0 0 0-2 2v2h1.5V2a.5.5 0 0 1 .5-.5h2V0H2Zm2 10.5H2a.5.5 0 0 1-.5-.5V8H0v2a2 2 0 0 0 2 2h2v-1.5ZM8 12v-1.5h2a.5.5 0 0 0 .5-.5V8H12v2a2 2 0 0 1-2 2H8Zm2-12a2 2 0 0 1 2 2v2h-1.5V2a.5.5 0 0 0-.5-.5H8V0h2Z\" \/>\n\t\t\t<\/svg>\n\t\t<\/button><figcaption class=\"wp-element-caption\">Osieczna. Dom wypoczynkowy \u201eStanis\u0142aw\u00f3wka\u201d, lata 20. XX wieku, autor nieznany; Polska; okres mi\u0119dzywojenny; papier; druk; wys. 9,8, szer.14,6 cm; Muzeum Okr\u0119gowe w Lesznie; MLH4801<\/figcaption><\/figure>\n\n\n\n<p class=\"has-small-font-size\">nr inw. MLH 4801<br>W zbiorach Muzeum Okr\u0119gowego w Lesznie od 2011 roku, zakup<\/p>\n\n\n\n<p>D.Cz.<\/p>\n","protected":false},"excerpt":{"rendered":"<p>Nazwa \u201eStanis\u0142aw\u00f3wka\u201d wywodzi si\u0119 od imienia proboszcza parafii w \u015awierczynie ksi\u0119dza Stanis\u0142awa \u015awiderskiego (1869\u20131921). W 1922 roku jego brat \u2013 dr Bronis\u0142aw \u015awiderski (1873\u20131941) z Leszna \u2013 zbudowa\u0142&#8230;<\/p>\n","protected":false},"author":1,"featured_media":551,"comment_status":"closed","ping_status":"closed","sticky":false,"template":"","format":"standard","meta":{"cybocfi_hide_featured_image":"yes","footnotes":""},"categories":[96],"tags":[219,217,224,221,201,222,97,225,223,226,216],"class_list":["post-550","post","type-post","status-publish","format-standard","has-post-thumbnail","hentry","category-osieczna","tag-akwen","tag-borowina","tag-bronislaw-swiderski","tag-dom-wypoczynkowy-stanislawowka","tag-fotografia-grupowa","tag-lata-20-xx-wieku","tag-osieczna","tag-pozar","tag-stanislaw-swiderski","tag-szkola-mlodziezowa","tag-zaklad-przyrodoleczniczy"],"yoast_head":"<!-- This site is optimized with the Yoast SEO plugin v27.5 - https:\/\/yoast.com\/product\/yoast-seo-wordpress\/ -->\n<title>Osieczna. Dom wypoczynkowy \u201eStanis\u0142aw\u00f3wka\u201d, lata 20. XX wieku - Ludzie i krajobrazy. Powiat Leszczy\u0144ski w ikonografii<\/title>\n<meta name=\"robots\" content=\"index, follow, max-snippet:-1, max-image-preview:large, max-video-preview:-1\" \/>\n<link rel=\"canonical\" href=\"http:\/\/ludzieikrajobrazy.muzeumleszno.pl\/?p=550\" \/>\n<meta property=\"og:locale\" content=\"pl_PL\" \/>\n<meta property=\"og:type\" content=\"article\" \/>\n<meta property=\"og:title\" content=\"Osieczna. Dom wypoczynkowy \u201eStanis\u0142aw\u00f3wka\u201d, lata 20. XX wieku - Ludzie i krajobrazy. Powiat Leszczy\u0144ski w ikonografii\" \/>\n<meta property=\"og:description\" content=\"Nazwa \u201eStanis\u0142aw\u00f3wka\u201d wywodzi si\u0119 od imienia proboszcza parafii w \u015awierczynie ksi\u0119dza Stanis\u0142awa \u015awiderskiego (1869\u20131921). W 1922 roku jego brat \u2013 dr Bronis\u0142aw \u015awiderski (1873\u20131941) z Leszna \u2013 zbudowa\u0142...\" \/>\n<meta property=\"og:url\" content=\"http:\/\/ludzieikrajobrazy.muzeumleszno.pl\/?p=550\" \/>\n<meta property=\"og:site_name\" content=\"Ludzie i krajobrazy. Powiat Leszczy\u0144ski w ikonografii\" \/>\n<meta property=\"article:published_time\" content=\"2024-07-03T09:42:54+00:00\" \/>\n<meta property=\"article:modified_time\" content=\"2024-08-02T07:41:08+00:00\" \/>\n<meta property=\"og:image\" content=\"http:\/\/ludzieikrajobrazy.muzeumleszno.pl\/wp-content\/uploads\/2024\/07\/101_MLH-4801-scaled.jpg\" \/>\n\t<meta property=\"og:image:width\" content=\"2560\" \/>\n\t<meta property=\"og:image:height\" content=\"1710\" \/>\n\t<meta property=\"og:image:type\" content=\"image\/jpeg\" \/>\n<meta name=\"author\" content=\"Pan_Admin\" \/>\n<meta name=\"twitter:card\" content=\"summary_large_image\" \/>\n<meta name=\"twitter:label1\" content=\"Napisane przez\" \/>\n\t<meta name=\"twitter:data1\" content=\"Pan_Admin\" \/>\n\t<meta name=\"twitter:label2\" content=\"Szacowany czas czytania\" \/>\n\t<meta name=\"twitter:data2\" content=\"2 minuty\" \/>\n<script type=\"application\/ld+json\" class=\"yoast-schema-graph\">{\"@context\":\"https:\\\/\\\/schema.org\",\"@graph\":[{\"@type\":\"Article\",\"@id\":\"http:\\\/\\\/ludzieikrajobrazy.muzeumleszno.pl\\\/?p=550#article\",\"isPartOf\":{\"@id\":\"http:\\\/\\\/ludzieikrajobrazy.muzeumleszno.pl\\\/?p=550\"},\"author\":{\"name\":\"Pan_Admin\",\"@id\":\"https:\\\/\\\/ludzieikrajobrazy.muzeumleszno.pl\\\/#\\\/schema\\\/person\\\/fc2bc20e2b51efc3202ac1f0cdcd06c0\"},\"headline\":\"Osieczna. Dom wypoczynkowy \u201eStanis\u0142aw\u00f3wka\u201d, lata 20. XX wieku\",\"datePublished\":\"2024-07-03T09:42:54+00:00\",\"dateModified\":\"2024-08-02T07:41:08+00:00\",\"mainEntityOfPage\":{\"@id\":\"http:\\\/\\\/ludzieikrajobrazy.muzeumleszno.pl\\\/?p=550\"},\"wordCount\":218,\"image\":{\"@id\":\"http:\\\/\\\/ludzieikrajobrazy.muzeumleszno.pl\\\/?p=550#primaryimage\"},\"thumbnailUrl\":\"http:\\\/\\\/ludzieikrajobrazy.muzeumleszno.pl\\\/wp-content\\\/uploads\\\/2024\\\/07\\\/101_MLH-4801-scaled.jpg\",\"keywords\":[\"akwen\",\"borowina\",\"Bronis\u0142aw \u015awiderski\",\"Dom wypoczynkowy \\\"Stanis\u0142aw\u00f3wka\\\"\",\"fotografia grupowa\",\"lata 20. XX wieku\",\"Osieczna\",\"po\u017car\",\"Stanis\u0142aw \u015awiderski\",\"szko\u0142a m\u0142odzie\u017cowa\",\"zak\u0142ad przyrodoleczniczy\"],\"articleSection\":[\"Osieczna\"],\"inLanguage\":\"pl-PL\"},{\"@type\":\"WebPage\",\"@id\":\"http:\\\/\\\/ludzieikrajobrazy.muzeumleszno.pl\\\/?p=550\",\"url\":\"http:\\\/\\\/ludzieikrajobrazy.muzeumleszno.pl\\\/?p=550\",\"name\":\"Osieczna. Dom wypoczynkowy \u201eStanis\u0142aw\u00f3wka\u201d, lata 20. XX wieku - Ludzie i krajobrazy. Powiat Leszczy\u0144ski w ikonografii\",\"isPartOf\":{\"@id\":\"https:\\\/\\\/ludzieikrajobrazy.muzeumleszno.pl\\\/#website\"},\"primaryImageOfPage\":{\"@id\":\"http:\\\/\\\/ludzieikrajobrazy.muzeumleszno.pl\\\/?p=550#primaryimage\"},\"image\":{\"@id\":\"http:\\\/\\\/ludzieikrajobrazy.muzeumleszno.pl\\\/?p=550#primaryimage\"},\"thumbnailUrl\":\"http:\\\/\\\/ludzieikrajobrazy.muzeumleszno.pl\\\/wp-content\\\/uploads\\\/2024\\\/07\\\/101_MLH-4801-scaled.jpg\",\"datePublished\":\"2024-07-03T09:42:54+00:00\",\"dateModified\":\"2024-08-02T07:41:08+00:00\",\"author\":{\"@id\":\"https:\\\/\\\/ludzieikrajobrazy.muzeumleszno.pl\\\/#\\\/schema\\\/person\\\/fc2bc20e2b51efc3202ac1f0cdcd06c0\"},\"breadcrumb\":{\"@id\":\"http:\\\/\\\/ludzieikrajobrazy.muzeumleszno.pl\\\/?p=550#breadcrumb\"},\"inLanguage\":\"pl-PL\",\"potentialAction\":[{\"@type\":\"ReadAction\",\"target\":[\"http:\\\/\\\/ludzieikrajobrazy.muzeumleszno.pl\\\/?p=550\"]}]},{\"@type\":\"BreadcrumbList\",\"@id\":\"http:\\\/\\\/ludzieikrajobrazy.muzeumleszno.pl\\\/?p=550#breadcrumb\",\"itemListElement\":[{\"@type\":\"ListItem\",\"position\":1,\"name\":\"Home\",\"item\":\"https:\\\/\\\/ludzieikrajobrazy.muzeumleszno.pl\\\/\"},{\"@type\":\"ListItem\",\"position\":2,\"name\":\"Osieczna. Dom wypoczynkowy \u201eStanis\u0142aw\u00f3wka\u201d, lata 20. XX wieku\"}]},{\"@type\":\"WebSite\",\"@id\":\"https:\\\/\\\/ludzieikrajobrazy.muzeumleszno.pl\\\/#website\",\"url\":\"https:\\\/\\\/ludzieikrajobrazy.muzeumleszno.pl\\\/\",\"name\":\"Ludzie i krajobrazy. Powiat Leszczy\u0144ski w ikonografii\",\"description\":\"Powiat Leszczy\u0144ski w ikonografii\",\"potentialAction\":[{\"@type\":\"SearchAction\",\"target\":{\"@type\":\"EntryPoint\",\"urlTemplate\":\"https:\\\/\\\/ludzieikrajobrazy.muzeumleszno.pl\\\/?s={search_term_string}\"},\"query-input\":{\"@type\":\"PropertyValueSpecification\",\"valueRequired\":true,\"valueName\":\"search_term_string\"}}],\"inLanguage\":\"pl-PL\"},{\"@type\":\"Person\",\"@id\":\"https:\\\/\\\/ludzieikrajobrazy.muzeumleszno.pl\\\/#\\\/schema\\\/person\\\/fc2bc20e2b51efc3202ac1f0cdcd06c0\",\"name\":\"Pan_Admin\",\"image\":{\"@type\":\"ImageObject\",\"inLanguage\":\"pl-PL\",\"@id\":\"https:\\\/\\\/secure.gravatar.com\\\/avatar\\\/d109d485abe889ecc32dbdb971b715ad9d4596bd0e2353626451db3e04099822?s=96&d=mm&r=g\",\"url\":\"https:\\\/\\\/secure.gravatar.com\\\/avatar\\\/d109d485abe889ecc32dbdb971b715ad9d4596bd0e2353626451db3e04099822?s=96&d=mm&r=g\",\"contentUrl\":\"https:\\\/\\\/secure.gravatar.com\\\/avatar\\\/d109d485abe889ecc32dbdb971b715ad9d4596bd0e2353626451db3e04099822?s=96&d=mm&r=g\",\"caption\":\"Pan_Admin\"},\"sameAs\":[\"http:\\\/\\\/ludzieikrajobrazy.muzeumleszno.pl\"],\"url\":\"http:\\\/\\\/ludzieikrajobrazy.muzeumleszno.pl\\\/?author=1\"}]}<\/script>\n<!-- \/ Yoast SEO plugin. -->","yoast_head_json":{"title":"Osieczna. Dom wypoczynkowy \u201eStanis\u0142aw\u00f3wka\u201d, lata 20. XX wieku - Ludzie i krajobrazy. Powiat Leszczy\u0144ski w ikonografii","robots":{"index":"index","follow":"follow","max-snippet":"max-snippet:-1","max-image-preview":"max-image-preview:large","max-video-preview":"max-video-preview:-1"},"canonical":"http:\/\/ludzieikrajobrazy.muzeumleszno.pl\/?p=550","og_locale":"pl_PL","og_type":"article","og_title":"Osieczna. Dom wypoczynkowy \u201eStanis\u0142aw\u00f3wka\u201d, lata 20. XX wieku - Ludzie i krajobrazy. Powiat Leszczy\u0144ski w ikonografii","og_description":"Nazwa \u201eStanis\u0142aw\u00f3wka\u201d wywodzi si\u0119 od imienia proboszcza parafii w \u015awierczynie ksi\u0119dza Stanis\u0142awa \u015awiderskiego (1869\u20131921). W 1922 roku jego brat \u2013 dr Bronis\u0142aw \u015awiderski (1873\u20131941) z Leszna \u2013 zbudowa\u0142...","og_url":"http:\/\/ludzieikrajobrazy.muzeumleszno.pl\/?p=550","og_site_name":"Ludzie i krajobrazy. Powiat Leszczy\u0144ski w ikonografii","article_published_time":"2024-07-03T09:42:54+00:00","article_modified_time":"2024-08-02T07:41:08+00:00","og_image":[{"width":2560,"height":1710,"url":"http:\/\/ludzieikrajobrazy.muzeumleszno.pl\/wp-content\/uploads\/2024\/07\/101_MLH-4801-scaled.jpg","type":"image\/jpeg"}],"author":"Pan_Admin","twitter_card":"summary_large_image","twitter_misc":{"Napisane przez":"Pan_Admin","Szacowany czas czytania":"2 minuty"},"schema":{"@context":"https:\/\/schema.org","@graph":[{"@type":"Article","@id":"http:\/\/ludzieikrajobrazy.muzeumleszno.pl\/?p=550#article","isPartOf":{"@id":"http:\/\/ludzieikrajobrazy.muzeumleszno.pl\/?p=550"},"author":{"name":"Pan_Admin","@id":"https:\/\/ludzieikrajobrazy.muzeumleszno.pl\/#\/schema\/person\/fc2bc20e2b51efc3202ac1f0cdcd06c0"},"headline":"Osieczna. Dom wypoczynkowy \u201eStanis\u0142aw\u00f3wka\u201d, lata 20. XX wieku","datePublished":"2024-07-03T09:42:54+00:00","dateModified":"2024-08-02T07:41:08+00:00","mainEntityOfPage":{"@id":"http:\/\/ludzieikrajobrazy.muzeumleszno.pl\/?p=550"},"wordCount":218,"image":{"@id":"http:\/\/ludzieikrajobrazy.muzeumleszno.pl\/?p=550#primaryimage"},"thumbnailUrl":"http:\/\/ludzieikrajobrazy.muzeumleszno.pl\/wp-content\/uploads\/2024\/07\/101_MLH-4801-scaled.jpg","keywords":["akwen","borowina","Bronis\u0142aw \u015awiderski","Dom wypoczynkowy \"Stanis\u0142aw\u00f3wka\"","fotografia grupowa","lata 20. XX wieku","Osieczna","po\u017car","Stanis\u0142aw \u015awiderski","szko\u0142a m\u0142odzie\u017cowa","zak\u0142ad przyrodoleczniczy"],"articleSection":["Osieczna"],"inLanguage":"pl-PL"},{"@type":"WebPage","@id":"http:\/\/ludzieikrajobrazy.muzeumleszno.pl\/?p=550","url":"http:\/\/ludzieikrajobrazy.muzeumleszno.pl\/?p=550","name":"Osieczna. Dom wypoczynkowy \u201eStanis\u0142aw\u00f3wka\u201d, lata 20. XX wieku - Ludzie i krajobrazy. Powiat Leszczy\u0144ski w ikonografii","isPartOf":{"@id":"https:\/\/ludzieikrajobrazy.muzeumleszno.pl\/#website"},"primaryImageOfPage":{"@id":"http:\/\/ludzieikrajobrazy.muzeumleszno.pl\/?p=550#primaryimage"},"image":{"@id":"http:\/\/ludzieikrajobrazy.muzeumleszno.pl\/?p=550#primaryimage"},"thumbnailUrl":"http:\/\/ludzieikrajobrazy.muzeumleszno.pl\/wp-content\/uploads\/2024\/07\/101_MLH-4801-scaled.jpg","datePublished":"2024-07-03T09:42:54+00:00","dateModified":"2024-08-02T07:41:08+00:00","author":{"@id":"https:\/\/ludzieikrajobrazy.muzeumleszno.pl\/#\/schema\/person\/fc2bc20e2b51efc3202ac1f0cdcd06c0"},"breadcrumb":{"@id":"http:\/\/ludzieikrajobrazy.muzeumleszno.pl\/?p=550#breadcrumb"},"inLanguage":"pl-PL","potentialAction":[{"@type":"ReadAction","target":["http:\/\/ludzieikrajobrazy.muzeumleszno.pl\/?p=550"]}]},{"@type":"BreadcrumbList","@id":"http:\/\/ludzieikrajobrazy.muzeumleszno.pl\/?p=550#breadcrumb","itemListElement":[{"@type":"ListItem","position":1,"name":"Home","item":"https:\/\/ludzieikrajobrazy.muzeumleszno.pl\/"},{"@type":"ListItem","position":2,"name":"Osieczna. Dom wypoczynkowy \u201eStanis\u0142aw\u00f3wka\u201d, lata 20. XX wieku"}]},{"@type":"WebSite","@id":"https:\/\/ludzieikrajobrazy.muzeumleszno.pl\/#website","url":"https:\/\/ludzieikrajobrazy.muzeumleszno.pl\/","name":"Ludzie i krajobrazy. Powiat Leszczy\u0144ski w ikonografii","description":"Powiat Leszczy\u0144ski w ikonografii","potentialAction":[{"@type":"SearchAction","target":{"@type":"EntryPoint","urlTemplate":"https:\/\/ludzieikrajobrazy.muzeumleszno.pl\/?s={search_term_string}"},"query-input":{"@type":"PropertyValueSpecification","valueRequired":true,"valueName":"search_term_string"}}],"inLanguage":"pl-PL"},{"@type":"Person","@id":"https:\/\/ludzieikrajobrazy.muzeumleszno.pl\/#\/schema\/person\/fc2bc20e2b51efc3202ac1f0cdcd06c0","name":"Pan_Admin","image":{"@type":"ImageObject","inLanguage":"pl-PL","@id":"https:\/\/secure.gravatar.com\/avatar\/d109d485abe889ecc32dbdb971b715ad9d4596bd0e2353626451db3e04099822?s=96&d=mm&r=g","url":"https:\/\/secure.gravatar.com\/avatar\/d109d485abe889ecc32dbdb971b715ad9d4596bd0e2353626451db3e04099822?s=96&d=mm&r=g","contentUrl":"https:\/\/secure.gravatar.com\/avatar\/d109d485abe889ecc32dbdb971b715ad9d4596bd0e2353626451db3e04099822?s=96&d=mm&r=g","caption":"Pan_Admin"},"sameAs":["http:\/\/ludzieikrajobrazy.muzeumleszno.pl"],"url":"http:\/\/ludzieikrajobrazy.muzeumleszno.pl\/?author=1"}]}},"_links":{"self":[{"href":"http:\/\/ludzieikrajobrazy.muzeumleszno.pl\/index.php?rest_route=\/wp\/v2\/posts\/550","targetHints":{"allow":["GET"]}}],"collection":[{"href":"http:\/\/ludzieikrajobrazy.muzeumleszno.pl\/index.php?rest_route=\/wp\/v2\/posts"}],"about":[{"href":"http:\/\/ludzieikrajobrazy.muzeumleszno.pl\/index.php?rest_route=\/wp\/v2\/types\/post"}],"author":[{"embeddable":true,"href":"http:\/\/ludzieikrajobrazy.muzeumleszno.pl\/index.php?rest_route=\/wp\/v2\/users\/1"}],"replies":[{"embeddable":true,"href":"http:\/\/ludzieikrajobrazy.muzeumleszno.pl\/index.php?rest_route=%2Fwp%2Fv2%2Fcomments&post=550"}],"version-history":[{"count":2,"href":"http:\/\/ludzieikrajobrazy.muzeumleszno.pl\/index.php?rest_route=\/wp\/v2\/posts\/550\/revisions"}],"predecessor-version":[{"id":574,"href":"http:\/\/ludzieikrajobrazy.muzeumleszno.pl\/index.php?rest_route=\/wp\/v2\/posts\/550\/revisions\/574"}],"wp:featuredmedia":[{"embeddable":true,"href":"http:\/\/ludzieikrajobrazy.muzeumleszno.pl\/index.php?rest_route=\/wp\/v2\/media\/551"}],"wp:attachment":[{"href":"http:\/\/ludzieikrajobrazy.muzeumleszno.pl\/index.php?rest_route=%2Fwp%2Fv2%2Fmedia&parent=550"}],"wp:term":[{"taxonomy":"category","embeddable":true,"href":"http:\/\/ludzieikrajobrazy.muzeumleszno.pl\/index.php?rest_route=%2Fwp%2Fv2%2Fcategories&post=550"},{"taxonomy":"post_tag","embeddable":true,"href":"http:\/\/ludzieikrajobrazy.muzeumleszno.pl\/index.php?rest_route=%2Fwp%2Fv2%2Ftags&post=550"}],"curies":[{"name":"wp","href":"https:\/\/api.w.org\/{rel}","templated":true}]}}