{"id":577,"date":"2024-07-03T11:35:19","date_gmt":"2024-07-03T09:35:19","guid":{"rendered":"http:\/\/ludzieikrajobrazy.muzeumleszno.pl\/?p=577"},"modified":"2024-09-26T10:03:56","modified_gmt":"2024-09-26T08:03:56","slug":"osieczna-kurkowe-bractwo-strzeleckie-1933-rok-fot-tadeusz-semrau-3","status":"publish","type":"post","link":"http:\/\/ludzieikrajobrazy.muzeumleszno.pl\/?p=577","title":{"rendered":"Osieczna. Kurkowe Bractwo Strzeleckie, 1933 rok, fot. Tadeusz Semrau"},"content":{"rendered":"\n<p>Nowy sztandar Kurkowego Bractwa Strzeleckiego w Osiecznej zosta\u0142 wykonany w Poznaniu,&nbsp; w pracowni hafciarskiej Teodora Antczaka. Na stronie g\u0142\u00f3wnej umieszczono na czarnym tle god\u0142o pa\u0144stwowe \u2013 bia\u0142ego or\u0142a w koronie i napis: <em>B\u00f3g \u2013 Honor \u2013 Ojczyzna<\/em>. W prawym g\u00f3rnym rogu znajdowa\u0142 si\u0119 wizerunek Matki Boskiej Cz\u0119stochowskiej. Na stronie odwrotnej po\u015brodku wyhaftowano god\u0142o strzeleckie w wie\u0144cu laurowym z dookolnym napisem: <em>Kurkowe Bractwo Strzeleckie w Osiecznie 21.5.1933<\/em>. W g\u00f3rnym rogu znalaz\u0142o si\u0119 miejsce na herb miasta i daty za\u0142o\u017cenia Bractwa oraz po\u015bwi\u0119cenia sztandaru.&nbsp;<\/p>\n\n\n\n<p>Na fotografii prezes Bractwa Kurkowego Kazimierz Ku\u015bnierski (1896\u20131976) sk\u0142ada meldunek dr. Stanis\u0142awowi Polewskiemu (1892\u20131967), prezesowi Zarz\u0105du Okr\u0119gu Leszczy\u0144skiego. Sztandar spoczywa w r\u0119kach chor\u0105\u017cego Jana Dolczewskiego. W\u015br\u00f3d uczestnik\u00f3w uroczysto\u015bci stoj\u0105: burmistrz Osiecznej Stanis\u0142aw Szurkowski (1887\u20131969) i starosta powiatu Edmund Zenkteler (1886\u20131956).&nbsp;<\/p>\n\n\n\n<figure data-wp-context=\"{&quot;imageId&quot;:&quot;69f1cb8655416&quot;}\" data-wp-interactive=\"core\/image\" data-wp-key=\"69f1cb8655416\" class=\"wp-block-image size-full wp-lightbox-container\"><img fetchpriority=\"high\" decoding=\"async\" width=\"2560\" height=\"1624\" data-wp-class--hide=\"state.isContentHidden\" data-wp-class--show=\"state.isContentVisible\" data-wp-init=\"callbacks.setButtonStyles\" data-wp-on--click=\"actions.showLightbox\" data-wp-on--load=\"callbacks.setButtonStyles\" data-wp-on-window--resize=\"callbacks.setButtonStyles\" src=\"http:\/\/ludzieikrajobrazy.muzeumleszno.pl\/wp-content\/uploads\/2024\/07\/108_MLFa-348_3-scaled.jpg\" alt=\"Osieczna. Kurkowe Bractwo Strzeleckie, 1933 rok, fot. Tadeusz Semrau\" class=\"wp-image-579\" srcset=\"http:\/\/ludzieikrajobrazy.muzeumleszno.pl\/wp-content\/uploads\/2024\/07\/108_MLFa-348_3-scaled.jpg 2560w, http:\/\/ludzieikrajobrazy.muzeumleszno.pl\/wp-content\/uploads\/2024\/07\/108_MLFa-348_3-1536x974.jpg 1536w, http:\/\/ludzieikrajobrazy.muzeumleszno.pl\/wp-content\/uploads\/2024\/07\/108_MLFa-348_3-2048x1299.jpg 2048w, http:\/\/ludzieikrajobrazy.muzeumleszno.pl\/wp-content\/uploads\/2024\/07\/108_MLFa-348_3-200x127.jpg 200w, http:\/\/ludzieikrajobrazy.muzeumleszno.pl\/wp-content\/uploads\/2024\/07\/108_MLFa-348_3-973x617.jpg 973w, http:\/\/ludzieikrajobrazy.muzeumleszno.pl\/wp-content\/uploads\/2024\/07\/108_MLFa-348_3-508x322.jpg 508w\" sizes=\"(max-width: 2560px) 100vw, 2560px\" \/><button\n\t\t\tclass=\"lightbox-trigger\"\n\t\t\ttype=\"button\"\n\t\t\taria-haspopup=\"dialog\"\n\t\t\taria-label=\"Powi\u0119ksz\"\n\t\t\tdata-wp-init=\"callbacks.initTriggerButton\"\n\t\t\tdata-wp-on--click=\"actions.showLightbox\"\n\t\t\tdata-wp-style--right=\"state.imageButtonRight\"\n\t\t\tdata-wp-style--top=\"state.imageButtonTop\"\n\t\t>\n\t\t\t<svg xmlns=\"http:\/\/www.w3.org\/2000\/svg\" width=\"12\" height=\"12\" fill=\"none\" viewBox=\"0 0 12 12\">\n\t\t\t\t<path fill=\"#fff\" d=\"M2 0a2 2 0 0 0-2 2v2h1.5V2a.5.5 0 0 1 .5-.5h2V0H2Zm2 10.5H2a.5.5 0 0 1-.5-.5V8H0v2a2 2 0 0 0 2 2h2v-1.5ZM8 12v-1.5h2a.5.5 0 0 0 .5-.5V8H12v2a2 2 0 0 1-2 2H8Zm2-12a2 2 0 0 1 2 2v2h-1.5V2a.5.5 0 0 0-.5-.5H8V0h2Z\" \/>\n\t\t\t<\/svg>\n\t\t<\/button><figcaption class=\"wp-element-caption\">Osieczna. Kurkowe Bractwo Strzeleckie, 1933 rok, fot. Tadeusz Semrau<\/figcaption><\/figure>\n\n\n\n<p class=\"has-small-font-size\">nr inw. MLFa 348\/3<br>W zbiorach Muzeum Okr\u0119gowego w Lesznie od lata 60. XX wieku, dar<\/p>\n\n\n\n<p>D.Cz.&nbsp;<\/p>\n\n\n\n<figure class=\"wp-block-embed is-type-video is-provider-youtube wp-block-embed-youtube wp-embed-aspect-16-9 wp-has-aspect-ratio\"><div class=\"wp-block-embed__wrapper\">\n<iframe title=\"Osieczna  Kurkowe Bractwo Strzeleckie, 1933 rok, fot  Tadeusz Semrau 3\" width=\"620\" height=\"349\" src=\"https:\/\/www.youtube.com\/embed\/RXGnMLM0FwU?feature=oembed\" frameborder=\"0\" allow=\"accelerometer; autoplay; clipboard-write; encrypted-media; gyroscope; picture-in-picture; web-share\" referrerpolicy=\"strict-origin-when-cross-origin\" allowfullscreen><\/iframe>\n<\/div><\/figure>\n","protected":false},"excerpt":{"rendered":"<p>Nowy sztandar Kurkowego Bractwa Strzeleckiego w Osiecznej zosta\u0142 wykonany w Poznaniu,&nbsp; w pracowni hafciarskiej Teodora Antczaka. Na stronie g\u0142\u00f3wnej umieszczono na czarnym tle god\u0142o pa\u0144stwowe \u2013 bia\u0142ego or\u0142a&#8230;<\/p>\n","protected":false},"author":1,"featured_media":579,"comment_status":"closed","ping_status":"closed","sticky":false,"template":"","format":"standard","meta":{"cybocfi_hide_featured_image":"yes","footnotes":""},"categories":[96],"tags":[243,278,282,245,201,281,280,207,279,277,97,274,275,263,237,212,252,276,250,264],"class_list":["post-577","post","type-post","status-publish","format-standard","has-post-thumbnail","hentry","category-osieczna","tag-243","tag-bog-honor-ojczyzna","tag-chorazy","tag-edmund-zenkteler","tag-fotografia-grupowa","tag-jana-dolczewskiego","tag-kazimierz-kusnierski","tag-kurkowe-bractwo-strzeleckie","tag-matka-boska-czestochowska","tag-orzel","tag-osieczna","tag-poznan","tag-pracownia-hafciarska","tag-stanislaw-polewski","tag-stanislaw-szurkowski","tag-sztandar","tag-tadeusz-semrau","tag-teodor-antczak","tag-uroczystosc","tag-zarzad-okregu-leszczynskiego"],"yoast_head":"<!-- This site is optimized with the Yoast SEO plugin v27.5 - https:\/\/yoast.com\/product\/yoast-seo-wordpress\/ -->\n<title>Osieczna. Kurkowe Bractwo Strzeleckie, 1933 rok, fot. Tadeusz Semrau - Ludzie i krajobrazy. Powiat Leszczy\u0144ski w ikonografii<\/title>\n<meta name=\"robots\" content=\"index, follow, max-snippet:-1, max-image-preview:large, max-video-preview:-1\" \/>\n<link rel=\"canonical\" href=\"http:\/\/ludzieikrajobrazy.muzeumleszno.pl\/?p=577\" \/>\n<meta property=\"og:locale\" content=\"pl_PL\" \/>\n<meta property=\"og:type\" content=\"article\" \/>\n<meta property=\"og:title\" content=\"Osieczna. Kurkowe Bractwo Strzeleckie, 1933 rok, fot. Tadeusz Semrau - Ludzie i krajobrazy. Powiat Leszczy\u0144ski w ikonografii\" \/>\n<meta property=\"og:description\" content=\"Nowy sztandar Kurkowego Bractwa Strzeleckiego w Osiecznej zosta\u0142 wykonany w Poznaniu,&nbsp; w pracowni hafciarskiej Teodora Antczaka. Na stronie g\u0142\u00f3wnej umieszczono na czarnym tle god\u0142o pa\u0144stwowe \u2013 bia\u0142ego or\u0142a...\" \/>\n<meta property=\"og:url\" content=\"http:\/\/ludzieikrajobrazy.muzeumleszno.pl\/?p=577\" \/>\n<meta property=\"og:site_name\" content=\"Ludzie i krajobrazy. Powiat Leszczy\u0144ski w ikonografii\" \/>\n<meta property=\"article:published_time\" content=\"2024-07-03T09:35:19+00:00\" \/>\n<meta property=\"article:modified_time\" content=\"2024-09-26T08:03:56+00:00\" \/>\n<meta property=\"og:image\" content=\"http:\/\/ludzieikrajobrazy.muzeumleszno.pl\/wp-content\/uploads\/2024\/07\/108_MLFa-348_3-scaled.jpg\" \/>\n\t<meta property=\"og:image:width\" content=\"2560\" \/>\n\t<meta property=\"og:image:height\" content=\"1624\" \/>\n\t<meta property=\"og:image:type\" content=\"image\/jpeg\" \/>\n<meta name=\"author\" content=\"Pan_Admin\" \/>\n<meta name=\"twitter:card\" content=\"summary_large_image\" \/>\n<meta name=\"twitter:label1\" content=\"Napisane przez\" \/>\n\t<meta name=\"twitter:data1\" content=\"Pan_Admin\" \/>\n\t<meta name=\"twitter:label2\" content=\"Szacowany czas czytania\" \/>\n\t<meta name=\"twitter:data2\" content=\"2 minuty\" \/>\n<script type=\"application\/ld+json\" class=\"yoast-schema-graph\">{\"@context\":\"https:\\\/\\\/schema.org\",\"@graph\":[{\"@type\":\"Article\",\"@id\":\"http:\\\/\\\/ludzieikrajobrazy.muzeumleszno.pl\\\/?p=577#article\",\"isPartOf\":{\"@id\":\"http:\\\/\\\/ludzieikrajobrazy.muzeumleszno.pl\\\/?p=577\"},\"author\":{\"name\":\"Pan_Admin\",\"@id\":\"https:\\\/\\\/ludzieikrajobrazy.muzeumleszno.pl\\\/#\\\/schema\\\/person\\\/fc2bc20e2b51efc3202ac1f0cdcd06c0\"},\"headline\":\"Osieczna. Kurkowe Bractwo Strzeleckie, 1933 rok, fot. Tadeusz Semrau\",\"datePublished\":\"2024-07-03T09:35:19+00:00\",\"dateModified\":\"2024-09-26T08:03:56+00:00\",\"mainEntityOfPage\":{\"@id\":\"http:\\\/\\\/ludzieikrajobrazy.muzeumleszno.pl\\\/?p=577\"},\"wordCount\":186,\"image\":{\"@id\":\"http:\\\/\\\/ludzieikrajobrazy.muzeumleszno.pl\\\/?p=577#primaryimage\"},\"thumbnailUrl\":\"http:\\\/\\\/ludzieikrajobrazy.muzeumleszno.pl\\\/wp-content\\\/uploads\\\/2024\\\/07\\\/108_MLFa-348_3-scaled.jpg\",\"keywords\":[\"1933\",\"B\u00f3g-Honor-Ojczyzna\",\"chor\u0105\u017cy\",\"Edmund Zenkteler\",\"fotografia grupowa\",\"Jana Dolczewskiego\",\"Kazimierz Ku\u015bnierski\",\"Kurkowe Bractwo strzeleckie\",\"Matka Boska Cz\u0119stochowska\",\"orze\u0142\",\"Osieczna\",\"Pozna\u0144\",\"pracownia hafciarska\",\"Stanis\u0142aw Polewski\",\"Stanis\u0142aw Szurkowski\",\"sztandar\",\"Tadeusz Semrau\",\"Teodor Antczak\",\"uroczysto\u015b\u0107\",\"Zarz\u0105d Okr\u0119gu Leszczy\u0144skiego\"],\"articleSection\":[\"Osieczna\"],\"inLanguage\":\"pl-PL\"},{\"@type\":\"WebPage\",\"@id\":\"http:\\\/\\\/ludzieikrajobrazy.muzeumleszno.pl\\\/?p=577\",\"url\":\"http:\\\/\\\/ludzieikrajobrazy.muzeumleszno.pl\\\/?p=577\",\"name\":\"Osieczna. Kurkowe Bractwo Strzeleckie, 1933 rok, fot. Tadeusz Semrau - Ludzie i krajobrazy. Powiat Leszczy\u0144ski w ikonografii\",\"isPartOf\":{\"@id\":\"https:\\\/\\\/ludzieikrajobrazy.muzeumleszno.pl\\\/#website\"},\"primaryImageOfPage\":{\"@id\":\"http:\\\/\\\/ludzieikrajobrazy.muzeumleszno.pl\\\/?p=577#primaryimage\"},\"image\":{\"@id\":\"http:\\\/\\\/ludzieikrajobrazy.muzeumleszno.pl\\\/?p=577#primaryimage\"},\"thumbnailUrl\":\"http:\\\/\\\/ludzieikrajobrazy.muzeumleszno.pl\\\/wp-content\\\/uploads\\\/2024\\\/07\\\/108_MLFa-348_3-scaled.jpg\",\"datePublished\":\"2024-07-03T09:35:19+00:00\",\"dateModified\":\"2024-09-26T08:03:56+00:00\",\"author\":{\"@id\":\"https:\\\/\\\/ludzieikrajobrazy.muzeumleszno.pl\\\/#\\\/schema\\\/person\\\/fc2bc20e2b51efc3202ac1f0cdcd06c0\"},\"breadcrumb\":{\"@id\":\"http:\\\/\\\/ludzieikrajobrazy.muzeumleszno.pl\\\/?p=577#breadcrumb\"},\"inLanguage\":\"pl-PL\",\"potentialAction\":[{\"@type\":\"ReadAction\",\"target\":[\"http:\\\/\\\/ludzieikrajobrazy.muzeumleszno.pl\\\/?p=577\"]}]},{\"@type\":\"BreadcrumbList\",\"@id\":\"http:\\\/\\\/ludzieikrajobrazy.muzeumleszno.pl\\\/?p=577#breadcrumb\",\"itemListElement\":[{\"@type\":\"ListItem\",\"position\":1,\"name\":\"Home\",\"item\":\"https:\\\/\\\/ludzieikrajobrazy.muzeumleszno.pl\\\/\"},{\"@type\":\"ListItem\",\"position\":2,\"name\":\"Osieczna. Kurkowe Bractwo Strzeleckie, 1933 rok, fot. Tadeusz Semrau\"}]},{\"@type\":\"WebSite\",\"@id\":\"https:\\\/\\\/ludzieikrajobrazy.muzeumleszno.pl\\\/#website\",\"url\":\"https:\\\/\\\/ludzieikrajobrazy.muzeumleszno.pl\\\/\",\"name\":\"Ludzie i krajobrazy. Powiat Leszczy\u0144ski w ikonografii\",\"description\":\"Powiat Leszczy\u0144ski w ikonografii\",\"potentialAction\":[{\"@type\":\"SearchAction\",\"target\":{\"@type\":\"EntryPoint\",\"urlTemplate\":\"https:\\\/\\\/ludzieikrajobrazy.muzeumleszno.pl\\\/?s={search_term_string}\"},\"query-input\":{\"@type\":\"PropertyValueSpecification\",\"valueRequired\":true,\"valueName\":\"search_term_string\"}}],\"inLanguage\":\"pl-PL\"},{\"@type\":\"Person\",\"@id\":\"https:\\\/\\\/ludzieikrajobrazy.muzeumleszno.pl\\\/#\\\/schema\\\/person\\\/fc2bc20e2b51efc3202ac1f0cdcd06c0\",\"name\":\"Pan_Admin\",\"image\":{\"@type\":\"ImageObject\",\"inLanguage\":\"pl-PL\",\"@id\":\"https:\\\/\\\/secure.gravatar.com\\\/avatar\\\/d109d485abe889ecc32dbdb971b715ad9d4596bd0e2353626451db3e04099822?s=96&d=mm&r=g\",\"url\":\"https:\\\/\\\/secure.gravatar.com\\\/avatar\\\/d109d485abe889ecc32dbdb971b715ad9d4596bd0e2353626451db3e04099822?s=96&d=mm&r=g\",\"contentUrl\":\"https:\\\/\\\/secure.gravatar.com\\\/avatar\\\/d109d485abe889ecc32dbdb971b715ad9d4596bd0e2353626451db3e04099822?s=96&d=mm&r=g\",\"caption\":\"Pan_Admin\"},\"sameAs\":[\"http:\\\/\\\/ludzieikrajobrazy.muzeumleszno.pl\"],\"url\":\"http:\\\/\\\/ludzieikrajobrazy.muzeumleszno.pl\\\/?author=1\"}]}<\/script>\n<!-- \/ Yoast SEO plugin. -->","yoast_head_json":{"title":"Osieczna. Kurkowe Bractwo Strzeleckie, 1933 rok, fot. Tadeusz Semrau - Ludzie i krajobrazy. Powiat Leszczy\u0144ski w ikonografii","robots":{"index":"index","follow":"follow","max-snippet":"max-snippet:-1","max-image-preview":"max-image-preview:large","max-video-preview":"max-video-preview:-1"},"canonical":"http:\/\/ludzieikrajobrazy.muzeumleszno.pl\/?p=577","og_locale":"pl_PL","og_type":"article","og_title":"Osieczna. Kurkowe Bractwo Strzeleckie, 1933 rok, fot. Tadeusz Semrau - Ludzie i krajobrazy. Powiat Leszczy\u0144ski w ikonografii","og_description":"Nowy sztandar Kurkowego Bractwa Strzeleckiego w Osiecznej zosta\u0142 wykonany w Poznaniu,&nbsp; w pracowni hafciarskiej Teodora Antczaka. Na stronie g\u0142\u00f3wnej umieszczono na czarnym tle god\u0142o pa\u0144stwowe \u2013 bia\u0142ego or\u0142a...","og_url":"http:\/\/ludzieikrajobrazy.muzeumleszno.pl\/?p=577","og_site_name":"Ludzie i krajobrazy. Powiat Leszczy\u0144ski w ikonografii","article_published_time":"2024-07-03T09:35:19+00:00","article_modified_time":"2024-09-26T08:03:56+00:00","og_image":[{"width":2560,"height":1624,"url":"http:\/\/ludzieikrajobrazy.muzeumleszno.pl\/wp-content\/uploads\/2024\/07\/108_MLFa-348_3-scaled.jpg","type":"image\/jpeg"}],"author":"Pan_Admin","twitter_card":"summary_large_image","twitter_misc":{"Napisane przez":"Pan_Admin","Szacowany czas czytania":"2 minuty"},"schema":{"@context":"https:\/\/schema.org","@graph":[{"@type":"Article","@id":"http:\/\/ludzieikrajobrazy.muzeumleszno.pl\/?p=577#article","isPartOf":{"@id":"http:\/\/ludzieikrajobrazy.muzeumleszno.pl\/?p=577"},"author":{"name":"Pan_Admin","@id":"https:\/\/ludzieikrajobrazy.muzeumleszno.pl\/#\/schema\/person\/fc2bc20e2b51efc3202ac1f0cdcd06c0"},"headline":"Osieczna. Kurkowe Bractwo Strzeleckie, 1933 rok, fot. Tadeusz Semrau","datePublished":"2024-07-03T09:35:19+00:00","dateModified":"2024-09-26T08:03:56+00:00","mainEntityOfPage":{"@id":"http:\/\/ludzieikrajobrazy.muzeumleszno.pl\/?p=577"},"wordCount":186,"image":{"@id":"http:\/\/ludzieikrajobrazy.muzeumleszno.pl\/?p=577#primaryimage"},"thumbnailUrl":"http:\/\/ludzieikrajobrazy.muzeumleszno.pl\/wp-content\/uploads\/2024\/07\/108_MLFa-348_3-scaled.jpg","keywords":["1933","B\u00f3g-Honor-Ojczyzna","chor\u0105\u017cy","Edmund Zenkteler","fotografia grupowa","Jana Dolczewskiego","Kazimierz Ku\u015bnierski","Kurkowe Bractwo strzeleckie","Matka Boska Cz\u0119stochowska","orze\u0142","Osieczna","Pozna\u0144","pracownia hafciarska","Stanis\u0142aw Polewski","Stanis\u0142aw Szurkowski","sztandar","Tadeusz Semrau","Teodor Antczak","uroczysto\u015b\u0107","Zarz\u0105d Okr\u0119gu Leszczy\u0144skiego"],"articleSection":["Osieczna"],"inLanguage":"pl-PL"},{"@type":"WebPage","@id":"http:\/\/ludzieikrajobrazy.muzeumleszno.pl\/?p=577","url":"http:\/\/ludzieikrajobrazy.muzeumleszno.pl\/?p=577","name":"Osieczna. Kurkowe Bractwo Strzeleckie, 1933 rok, fot. Tadeusz Semrau - Ludzie i krajobrazy. Powiat Leszczy\u0144ski w ikonografii","isPartOf":{"@id":"https:\/\/ludzieikrajobrazy.muzeumleszno.pl\/#website"},"primaryImageOfPage":{"@id":"http:\/\/ludzieikrajobrazy.muzeumleszno.pl\/?p=577#primaryimage"},"image":{"@id":"http:\/\/ludzieikrajobrazy.muzeumleszno.pl\/?p=577#primaryimage"},"thumbnailUrl":"http:\/\/ludzieikrajobrazy.muzeumleszno.pl\/wp-content\/uploads\/2024\/07\/108_MLFa-348_3-scaled.jpg","datePublished":"2024-07-03T09:35:19+00:00","dateModified":"2024-09-26T08:03:56+00:00","author":{"@id":"https:\/\/ludzieikrajobrazy.muzeumleszno.pl\/#\/schema\/person\/fc2bc20e2b51efc3202ac1f0cdcd06c0"},"breadcrumb":{"@id":"http:\/\/ludzieikrajobrazy.muzeumleszno.pl\/?p=577#breadcrumb"},"inLanguage":"pl-PL","potentialAction":[{"@type":"ReadAction","target":["http:\/\/ludzieikrajobrazy.muzeumleszno.pl\/?p=577"]}]},{"@type":"BreadcrumbList","@id":"http:\/\/ludzieikrajobrazy.muzeumleszno.pl\/?p=577#breadcrumb","itemListElement":[{"@type":"ListItem","position":1,"name":"Home","item":"https:\/\/ludzieikrajobrazy.muzeumleszno.pl\/"},{"@type":"ListItem","position":2,"name":"Osieczna. Kurkowe Bractwo Strzeleckie, 1933 rok, fot. Tadeusz Semrau"}]},{"@type":"WebSite","@id":"https:\/\/ludzieikrajobrazy.muzeumleszno.pl\/#website","url":"https:\/\/ludzieikrajobrazy.muzeumleszno.pl\/","name":"Ludzie i krajobrazy. Powiat Leszczy\u0144ski w ikonografii","description":"Powiat Leszczy\u0144ski w ikonografii","potentialAction":[{"@type":"SearchAction","target":{"@type":"EntryPoint","urlTemplate":"https:\/\/ludzieikrajobrazy.muzeumleszno.pl\/?s={search_term_string}"},"query-input":{"@type":"PropertyValueSpecification","valueRequired":true,"valueName":"search_term_string"}}],"inLanguage":"pl-PL"},{"@type":"Person","@id":"https:\/\/ludzieikrajobrazy.muzeumleszno.pl\/#\/schema\/person\/fc2bc20e2b51efc3202ac1f0cdcd06c0","name":"Pan_Admin","image":{"@type":"ImageObject","inLanguage":"pl-PL","@id":"https:\/\/secure.gravatar.com\/avatar\/d109d485abe889ecc32dbdb971b715ad9d4596bd0e2353626451db3e04099822?s=96&d=mm&r=g","url":"https:\/\/secure.gravatar.com\/avatar\/d109d485abe889ecc32dbdb971b715ad9d4596bd0e2353626451db3e04099822?s=96&d=mm&r=g","contentUrl":"https:\/\/secure.gravatar.com\/avatar\/d109d485abe889ecc32dbdb971b715ad9d4596bd0e2353626451db3e04099822?s=96&d=mm&r=g","caption":"Pan_Admin"},"sameAs":["http:\/\/ludzieikrajobrazy.muzeumleszno.pl"],"url":"http:\/\/ludzieikrajobrazy.muzeumleszno.pl\/?author=1"}]}},"_links":{"self":[{"href":"http:\/\/ludzieikrajobrazy.muzeumleszno.pl\/index.php?rest_route=\/wp\/v2\/posts\/577","targetHints":{"allow":["GET"]}}],"collection":[{"href":"http:\/\/ludzieikrajobrazy.muzeumleszno.pl\/index.php?rest_route=\/wp\/v2\/posts"}],"about":[{"href":"http:\/\/ludzieikrajobrazy.muzeumleszno.pl\/index.php?rest_route=\/wp\/v2\/types\/post"}],"author":[{"embeddable":true,"href":"http:\/\/ludzieikrajobrazy.muzeumleszno.pl\/index.php?rest_route=\/wp\/v2\/users\/1"}],"replies":[{"embeddable":true,"href":"http:\/\/ludzieikrajobrazy.muzeumleszno.pl\/index.php?rest_route=%2Fwp%2Fv2%2Fcomments&post=577"}],"version-history":[{"count":2,"href":"http:\/\/ludzieikrajobrazy.muzeumleszno.pl\/index.php?rest_route=\/wp\/v2\/posts\/577\/revisions"}],"predecessor-version":[{"id":1263,"href":"http:\/\/ludzieikrajobrazy.muzeumleszno.pl\/index.php?rest_route=\/wp\/v2\/posts\/577\/revisions\/1263"}],"wp:featuredmedia":[{"embeddable":true,"href":"http:\/\/ludzieikrajobrazy.muzeumleszno.pl\/index.php?rest_route=\/wp\/v2\/media\/579"}],"wp:attachment":[{"href":"http:\/\/ludzieikrajobrazy.muzeumleszno.pl\/index.php?rest_route=%2Fwp%2Fv2%2Fmedia&parent=577"}],"wp:term":[{"taxonomy":"category","embeddable":true,"href":"http:\/\/ludzieikrajobrazy.muzeumleszno.pl\/index.php?rest_route=%2Fwp%2Fv2%2Fcategories&post=577"},{"taxonomy":"post_tag","embeddable":true,"href":"http:\/\/ludzieikrajobrazy.muzeumleszno.pl\/index.php?rest_route=%2Fwp%2Fv2%2Ftags&post=577"}],"curies":[{"name":"wp","href":"https:\/\/api.w.org\/{rel}","templated":true}]}}