{"id":581,"date":"2024-07-03T11:34:02","date_gmt":"2024-07-03T09:34:02","guid":{"rendered":"http:\/\/ludzieikrajobrazy.muzeumleszno.pl\/?p=581"},"modified":"2025-01-20T08:28:50","modified_gmt":"2025-01-20T07:28:50","slug":"osieczna-zwiazek-powstancow-i-wojakow-ziem-zachodnich-rp-1935-rok","status":"publish","type":"post","link":"http:\/\/ludzieikrajobrazy.muzeumleszno.pl\/?p=581","title":{"rendered":"Ksi\u0105dz Steimetz. Po\u015bwi\u0119cenie sztandaru Zwi\u0105zku Powsta\u0144c\u00f3w i Wojak\u00f3w Ziem Zachodnich RP, 1928 rok"},"content":{"rendered":"\t\t<div data-elementor-type=\"wp-post\" data-elementor-id=\"581\" class=\"elementor elementor-581\">\n\t\t\t\t\t\t<section class=\"elementor-section elementor-top-section elementor-element elementor-element-fb2f7ad elementor-section-boxed elementor-section-height-default elementor-section-height-default\" data-id=\"fb2f7ad\" data-element_type=\"section\" data-e-type=\"section\">\n\t\t\t\t\t\t<div class=\"elementor-container elementor-column-gap-default\">\n\t\t\t\t\t<div class=\"elementor-column elementor-col-100 elementor-top-column elementor-element elementor-element-9a0dd81\" data-id=\"9a0dd81\" data-element_type=\"column\" data-e-type=\"column\">\n\t\t\t<div class=\"elementor-widget-wrap elementor-element-populated\">\n\t\t\t\t\t\t<div class=\"elementor-element elementor-element-51bd3d1 elementor-widget elementor-widget-text-editor\" data-id=\"51bd3d1\" data-element_type=\"widget\" data-e-type=\"widget\" data-widget_type=\"text-editor.default\">\n\t\t\t\t<div class=\"elementor-widget-container\">\n\t\t\t\t\t\t\t\t\t<p><\/p>\n<p>Organizacje kombatanckie w okresie II Rzeczypospolitej by\u0142y wa\u017cnym ogniwem \u0142\u0105cz\u0105cym interes spo\u0142eczny i narodowy. Nie zawsze jednak, pomimo deklarowanej apolityczno\u015bci, potrafi\u0142y jednoczy\u0107 ca\u0142e \u015brodowiska i stawa\u0107 ponad podzia\u0142ami. Za\u0142o\u017cony w 1922 roku Zwi\u0105zek Powsta\u0144c\u00f3w i Wojak\u00f3w Ziem Zachodnich RP posiada\u0142 dziesi\u0105tki oddzia\u0142\u00f3w w Wielkopolsce, na Pomorzu i na \u015al\u0105sku.&nbsp; Jednym z nich by\u0142 oddzia\u0142 utworzony w Krzywiniu przy wsparciu ks. Paw\u0142a Steinmetza (1876\u20131940), wieloletniego proboszcza i kapelana oddzia\u0142\u00f3w powsta\u0144czych odcinka \u201eOsieczna\u201d, a potem 6 Pu\u0142ku Strzelc\u00f3w Wielkopolskich. &nbsp;<\/p>\n<p><\/p>\n<p>W my\u015bl statutu do organizacji mogli nale\u017ce\u0107 tylko \u201ePolacy chrze\u015bcijanie\u201d czci nieposzlakowanej, kt\u00f3rzy brali udzia\u0142 z broni\u0105 w r\u0119ku w walkach o oswobodzenie Polski, zw\u0142aszcza jej Ziem Zachodnich w roku 1918\/1919. Cz\u0142onkostwo honorowe przys\u0142ugiwa\u0142o weteranom z powstania 1863 roku. Kombatanci z Krzywinia prezentuj\u0105 si\u0119 na fotografii podczas jednego ze swoich spotka\u0144, eksponuj\u0105c sztandar i bia\u0142o-czerwon\u0105 flag\u0119.&nbsp;<\/p>\n<p><\/p>\n<figure data-wp-context=\"{&quot;imageId&quot;:&quot;69f1cde225af2&quot;}\" data-wp-interactive=\"core\/image\" data-wp-key=\"69f1cde225af2\" class=\"wp-block-image size-full wp-lightbox-container\"><img fetchpriority=\"high\" decoding=\"async\" width=\"2560\" height=\"1660\" data-wp-class--hide=\"state.isContentHidden\" data-wp-class--show=\"state.isContentVisible\" data-wp-init=\"callbacks.setButtonStyles\" data-wp-on--click=\"actions.showLightbox\" data-wp-on--load=\"callbacks.setButtonStyles\" data-wp-on-window--resize=\"callbacks.setButtonStyles\" class=\"wp-image-582\" src=\"http:\/\/ludzieikrajobrazy.muzeumleszno.pl\/wp-content\/uploads\/2024\/07\/109_MLFa-653_6-scaled.jpg\" alt=\"Osieczna. Zwi\u0105zek Powsta\u0144c\u00f3w i Wojak\u00f3w Ziem Zachodnich RP, 1935 rok\" srcset=\"http:\/\/ludzieikrajobrazy.muzeumleszno.pl\/wp-content\/uploads\/2024\/07\/109_MLFa-653_6-scaled.jpg 2560w, http:\/\/ludzieikrajobrazy.muzeumleszno.pl\/wp-content\/uploads\/2024\/07\/109_MLFa-653_6-1536x996.jpg 1536w, http:\/\/ludzieikrajobrazy.muzeumleszno.pl\/wp-content\/uploads\/2024\/07\/109_MLFa-653_6-2048x1328.jpg 2048w, http:\/\/ludzieikrajobrazy.muzeumleszno.pl\/wp-content\/uploads\/2024\/07\/109_MLFa-653_6-200x130.jpg 200w, http:\/\/ludzieikrajobrazy.muzeumleszno.pl\/wp-content\/uploads\/2024\/07\/109_MLFa-653_6-973x631.jpg 973w, http:\/\/ludzieikrajobrazy.muzeumleszno.pl\/wp-content\/uploads\/2024\/07\/109_MLFa-653_6-508x329.jpg 508w\" sizes=\"(max-width: 2560px) 100vw, 2560px\" \/><button\n\t\t\tclass=\"lightbox-trigger\"\n\t\t\ttype=\"button\"\n\t\t\taria-haspopup=\"dialog\"\n\t\t\taria-label=\"Powi\u0119ksz\"\n\t\t\tdata-wp-init=\"callbacks.initTriggerButton\"\n\t\t\tdata-wp-on--click=\"actions.showLightbox\"\n\t\t\tdata-wp-style--right=\"state.imageButtonRight\"\n\t\t\tdata-wp-style--top=\"state.imageButtonTop\"\n\t\t>\n\t\t\t<svg xmlns=\"http:\/\/www.w3.org\/2000\/svg\" width=\"12\" height=\"12\" fill=\"none\" viewBox=\"0 0 12 12\">\n\t\t\t\t<path fill=\"#fff\" d=\"M2 0a2 2 0 0 0-2 2v2h1.5V2a.5.5 0 0 1 .5-.5h2V0H2Zm2 10.5H2a.5.5 0 0 1-.5-.5V8H0v2a2 2 0 0 0 2 2h2v-1.5ZM8 12v-1.5h2a.5.5 0 0 0 .5-.5V8H12v2a2 2 0 0 1-2 2H8Zm2-12a2 2 0 0 1 2 2v2h-1.5V2a.5.5 0 0 0-.5-.5H8V0h2Z\" \/>\n\t\t\t<\/svg>\n\t\t<\/button><p><\/p>\n<figcaption class=\"wp-element-caption\">Krzywi\u0144. Zwi\u0105zek Powsta\u0144c\u00f3w i Wojak\u00f3w Ziem Zachodnich RP, 1935 rok, fotografia czarno &#8211; bia\u0142a; wys. 8,9 cm x szer. 13,8 cm; papier fotograficzny, fotografia; 1935 rok; Muzeum Okr\u0119gowe w Lesznie; MLFA653_6<\/figcaption>\n<\/figure>\n<p><\/p>\n<p class=\"has-small-font-size\">nr inw. MLFa 653\/6<br>W zbiorach Muzeum Okr\u0119gowego w Lesznie od lata 90. XX wieku, dar<\/p>\n<p><\/p>\n<p>D.Cz.&nbsp;<\/p>\n<p><\/p>\n<figure class=\"wp-block-embed is-type-video is-provider-youtube wp-block-embed-youtube wp-embed-aspect-16-9 wp-has-aspect-ratio\">\n<div class=\"wp-block-embed__wrapper\">https:\/\/youtu.be\/nu26djVYb84<\/div>\n<\/figure>\n<p><\/p>\n<p><\/p>\t\t\t\t\t\t\t\t<\/div>\n\t\t\t\t<\/div>\n\t\t\t\t\t<\/div>\n\t\t<\/div>\n\t\t\t\t\t<\/div>\n\t\t<\/section>\n\t\t\t\t<section class=\"elementor-section elementor-top-section elementor-element elementor-element-00fb4a0 elementor-section-boxed elementor-section-height-default elementor-section-height-default\" data-id=\"00fb4a0\" data-element_type=\"section\" data-e-type=\"section\">\n\t\t\t\t\t\t<div class=\"elementor-container elementor-column-gap-default\">\n\t\t\t\t\t<div class=\"elementor-column elementor-col-100 elementor-top-column elementor-element elementor-element-28ab7c2\" data-id=\"28ab7c2\" data-element_type=\"column\" data-e-type=\"column\">\n\t\t\t<div class=\"elementor-widget-wrap elementor-element-populated\">\n\t\t\t\t\t\t<section class=\"elementor-section elementor-inner-section elementor-element elementor-element-fbce935 elementor-section-boxed elementor-section-height-default elementor-section-height-default\" data-id=\"fbce935\" data-element_type=\"section\" data-e-type=\"section\">\n\t\t\t\t\t\t<div class=\"elementor-container elementor-column-gap-default\">\n\t\t\t\t\t<div class=\"elementor-column elementor-col-50 elementor-inner-column elementor-element elementor-element-f8f9822\" data-id=\"f8f9822\" data-element_type=\"column\" data-e-type=\"column\">\n\t\t\t<div class=\"elementor-widget-wrap\">\n\t\t\t\t\t\t\t<\/div>\n\t\t<\/div>\n\t\t\t\t<div class=\"elementor-column elementor-col-50 elementor-inner-column elementor-element elementor-element-a7137be\" data-id=\"a7137be\" data-element_type=\"column\" data-e-type=\"column\">\n\t\t\t<div class=\"elementor-widget-wrap\">\n\t\t\t\t\t\t\t<\/div>\n\t\t<\/div>\n\t\t\t\t\t<\/div>\n\t\t<\/section>\n\t\t\t\t\t<\/div>\n\t\t<\/div>\n\t\t\t\t\t<\/div>\n\t\t<\/section>\n\t\t\t\t<\/div>\n\t\t","protected":false},"excerpt":{"rendered":"<p>Organizacje kombatanckie w okresie II Rzeczypospolitej by\u0142y wa\u017cnym ogniwem \u0142\u0105cz\u0105cym interes spo\u0142eczny i narodowy. Nie zawsze jednak, pomimo deklarowanej apolityczno\u015bci, potrafi\u0142y jednoczy\u0107 ca\u0142e \u015brodowiska i stawa\u0107 ponad podzia\u0142ami&#8230;.<\/p>\n","protected":false},"author":1,"featured_media":582,"comment_status":"closed","ping_status":"closed","sticky":false,"template":"","format":"standard","meta":{"cybocfi_hide_featured_image":"yes","footnotes":""},"categories":[96],"tags":[288,285,287,201,232,286,97,200,212,290,289,284],"class_list":["post-581","post","type-post","status-publish","format-standard","has-post-thumbnail","hentry","category-osieczna","tag-polacy-chrzescijanie","tag-285","tag-6-pulku-strzelcow-wielkopolskich","tag-fotografia-grupowa","tag-ii-rzeczpospolita","tag-kombatanci","tag-osieczna","tag-pawel-steinmetz","tag-sztandar","tag-weterani","tag-ziemie-zachodnie","tag-zwiazek-powstancow-i-wojakow-ziem-zachodznich-rp"],"yoast_head":"<!-- This site is optimized with the Yoast SEO plugin v27.5 - https:\/\/yoast.com\/product\/yoast-seo-wordpress\/ -->\n<title>Ksi\u0105dz Steimetz. Po\u015bwi\u0119cenie sztandaru Zwi\u0105zku Powsta\u0144c\u00f3w i Wojak\u00f3w Ziem Zachodnich RP, 1928 rok - Ludzie i krajobrazy. Powiat Leszczy\u0144ski w ikonografii<\/title>\n<meta name=\"robots\" content=\"index, follow, max-snippet:-1, max-image-preview:large, max-video-preview:-1\" \/>\n<link rel=\"canonical\" href=\"http:\/\/ludzieikrajobrazy.muzeumleszno.pl\/?p=581\" \/>\n<meta property=\"og:locale\" content=\"pl_PL\" \/>\n<meta property=\"og:type\" content=\"article\" \/>\n<meta property=\"og:title\" content=\"Ksi\u0105dz Steimetz. Po\u015bwi\u0119cenie sztandaru Zwi\u0105zku Powsta\u0144c\u00f3w i Wojak\u00f3w Ziem Zachodnich RP, 1928 rok - Ludzie i krajobrazy. Powiat Leszczy\u0144ski w ikonografii\" \/>\n<meta property=\"og:description\" content=\"Organizacje kombatanckie w okresie II Rzeczypospolitej by\u0142y wa\u017cnym ogniwem \u0142\u0105cz\u0105cym interes spo\u0142eczny i narodowy. Nie zawsze jednak, pomimo deklarowanej apolityczno\u015bci, potrafi\u0142y jednoczy\u0107 ca\u0142e \u015brodowiska i stawa\u0107 ponad podzia\u0142ami....\" \/>\n<meta property=\"og:url\" content=\"http:\/\/ludzieikrajobrazy.muzeumleszno.pl\/?p=581\" \/>\n<meta property=\"og:site_name\" content=\"Ludzie i krajobrazy. Powiat Leszczy\u0144ski w ikonografii\" \/>\n<meta property=\"article:published_time\" content=\"2024-07-03T09:34:02+00:00\" \/>\n<meta property=\"article:modified_time\" content=\"2025-01-20T07:28:50+00:00\" \/>\n<meta property=\"og:image\" content=\"http:\/\/ludzieikrajobrazy.muzeumleszno.pl\/wp-content\/uploads\/2024\/07\/109_MLFa-653_6-scaled.jpg\" \/>\n\t<meta property=\"og:image:width\" content=\"2560\" \/>\n\t<meta property=\"og:image:height\" content=\"1660\" \/>\n\t<meta property=\"og:image:type\" content=\"image\/jpeg\" \/>\n<meta name=\"author\" content=\"Pan_Admin\" \/>\n<meta name=\"twitter:card\" content=\"summary_large_image\" \/>\n<meta name=\"twitter:label1\" content=\"Napisane przez\" \/>\n\t<meta name=\"twitter:data1\" content=\"Pan_Admin\" \/>\n\t<meta name=\"twitter:label2\" content=\"Szacowany czas czytania\" \/>\n\t<meta name=\"twitter:data2\" content=\"2 minuty\" \/>\n<script type=\"application\/ld+json\" class=\"yoast-schema-graph\">{\"@context\":\"https:\\\/\\\/schema.org\",\"@graph\":[{\"@type\":\"Article\",\"@id\":\"http:\\\/\\\/ludzieikrajobrazy.muzeumleszno.pl\\\/?p=581#article\",\"isPartOf\":{\"@id\":\"http:\\\/\\\/ludzieikrajobrazy.muzeumleszno.pl\\\/?p=581\"},\"author\":{\"name\":\"Pan_Admin\",\"@id\":\"https:\\\/\\\/ludzieikrajobrazy.muzeumleszno.pl\\\/#\\\/schema\\\/person\\\/fc2bc20e2b51efc3202ac1f0cdcd06c0\"},\"headline\":\"Ksi\u0105dz Steimetz. Po\u015bwi\u0119cenie sztandaru Zwi\u0105zku Powsta\u0144c\u00f3w i Wojak\u00f3w Ziem Zachodnich RP, 1928 rok\",\"datePublished\":\"2024-07-03T09:34:02+00:00\",\"dateModified\":\"2025-01-20T07:28:50+00:00\",\"mainEntityOfPage\":{\"@id\":\"http:\\\/\\\/ludzieikrajobrazy.muzeumleszno.pl\\\/?p=581\"},\"wordCount\":239,\"image\":{\"@id\":\"http:\\\/\\\/ludzieikrajobrazy.muzeumleszno.pl\\\/?p=581#primaryimage\"},\"thumbnailUrl\":\"http:\\\/\\\/ludzieikrajobrazy.muzeumleszno.pl\\\/wp-content\\\/uploads\\\/2024\\\/07\\\/109_MLFa-653_6-scaled.jpg\",\"keywords\":[\"\u201ePolacy chrze\u015bcijanie\u201d\",\"1935\",\"6 Pu\u0142ku Strzelc\u00f3w Wielkopolskich\",\"fotografia grupowa\",\"II Rzeczpospolita\",\"kombatanci\",\"Osieczna\",\"Pawe\u0142 Steinmetz\",\"sztandar\",\"weterani\",\"Ziemie Zachodnie\",\"Zwi\u0105zek Powsta\u0144c\u00f3w i Wojak\u00f3w Ziem Zachodznich RP\"],\"articleSection\":[\"Osieczna\"],\"inLanguage\":\"pl-PL\"},{\"@type\":\"WebPage\",\"@id\":\"http:\\\/\\\/ludzieikrajobrazy.muzeumleszno.pl\\\/?p=581\",\"url\":\"http:\\\/\\\/ludzieikrajobrazy.muzeumleszno.pl\\\/?p=581\",\"name\":\"Ksi\u0105dz Steimetz. Po\u015bwi\u0119cenie sztandaru Zwi\u0105zku Powsta\u0144c\u00f3w i Wojak\u00f3w Ziem Zachodnich RP, 1928 rok - Ludzie i krajobrazy. Powiat Leszczy\u0144ski w ikonografii\",\"isPartOf\":{\"@id\":\"https:\\\/\\\/ludzieikrajobrazy.muzeumleszno.pl\\\/#website\"},\"primaryImageOfPage\":{\"@id\":\"http:\\\/\\\/ludzieikrajobrazy.muzeumleszno.pl\\\/?p=581#primaryimage\"},\"image\":{\"@id\":\"http:\\\/\\\/ludzieikrajobrazy.muzeumleszno.pl\\\/?p=581#primaryimage\"},\"thumbnailUrl\":\"http:\\\/\\\/ludzieikrajobrazy.muzeumleszno.pl\\\/wp-content\\\/uploads\\\/2024\\\/07\\\/109_MLFa-653_6-scaled.jpg\",\"datePublished\":\"2024-07-03T09:34:02+00:00\",\"dateModified\":\"2025-01-20T07:28:50+00:00\",\"author\":{\"@id\":\"https:\\\/\\\/ludzieikrajobrazy.muzeumleszno.pl\\\/#\\\/schema\\\/person\\\/fc2bc20e2b51efc3202ac1f0cdcd06c0\"},\"breadcrumb\":{\"@id\":\"http:\\\/\\\/ludzieikrajobrazy.muzeumleszno.pl\\\/?p=581#breadcrumb\"},\"inLanguage\":\"pl-PL\",\"potentialAction\":[{\"@type\":\"ReadAction\",\"target\":[\"http:\\\/\\\/ludzieikrajobrazy.muzeumleszno.pl\\\/?p=581\"]}]},{\"@type\":\"BreadcrumbList\",\"@id\":\"http:\\\/\\\/ludzieikrajobrazy.muzeumleszno.pl\\\/?p=581#breadcrumb\",\"itemListElement\":[{\"@type\":\"ListItem\",\"position\":1,\"name\":\"Home\",\"item\":\"https:\\\/\\\/ludzieikrajobrazy.muzeumleszno.pl\\\/\"},{\"@type\":\"ListItem\",\"position\":2,\"name\":\"Ksi\u0105dz Steimetz. Po\u015bwi\u0119cenie sztandaru Zwi\u0105zku Powsta\u0144c\u00f3w i Wojak\u00f3w Ziem Zachodnich RP, 1928 rok\"}]},{\"@type\":\"WebSite\",\"@id\":\"https:\\\/\\\/ludzieikrajobrazy.muzeumleszno.pl\\\/#website\",\"url\":\"https:\\\/\\\/ludzieikrajobrazy.muzeumleszno.pl\\\/\",\"name\":\"Ludzie i krajobrazy. Powiat Leszczy\u0144ski w ikonografii\",\"description\":\"Powiat Leszczy\u0144ski w ikonografii\",\"potentialAction\":[{\"@type\":\"SearchAction\",\"target\":{\"@type\":\"EntryPoint\",\"urlTemplate\":\"https:\\\/\\\/ludzieikrajobrazy.muzeumleszno.pl\\\/?s={search_term_string}\"},\"query-input\":{\"@type\":\"PropertyValueSpecification\",\"valueRequired\":true,\"valueName\":\"search_term_string\"}}],\"inLanguage\":\"pl-PL\"},{\"@type\":\"Person\",\"@id\":\"https:\\\/\\\/ludzieikrajobrazy.muzeumleszno.pl\\\/#\\\/schema\\\/person\\\/fc2bc20e2b51efc3202ac1f0cdcd06c0\",\"name\":\"Pan_Admin\",\"image\":{\"@type\":\"ImageObject\",\"inLanguage\":\"pl-PL\",\"@id\":\"https:\\\/\\\/secure.gravatar.com\\\/avatar\\\/d109d485abe889ecc32dbdb971b715ad9d4596bd0e2353626451db3e04099822?s=96&d=mm&r=g\",\"url\":\"https:\\\/\\\/secure.gravatar.com\\\/avatar\\\/d109d485abe889ecc32dbdb971b715ad9d4596bd0e2353626451db3e04099822?s=96&d=mm&r=g\",\"contentUrl\":\"https:\\\/\\\/secure.gravatar.com\\\/avatar\\\/d109d485abe889ecc32dbdb971b715ad9d4596bd0e2353626451db3e04099822?s=96&d=mm&r=g\",\"caption\":\"Pan_Admin\"},\"sameAs\":[\"http:\\\/\\\/ludzieikrajobrazy.muzeumleszno.pl\"],\"url\":\"http:\\\/\\\/ludzieikrajobrazy.muzeumleszno.pl\\\/?author=1\"}]}<\/script>\n<!-- \/ Yoast SEO plugin. -->","yoast_head_json":{"title":"Ksi\u0105dz Steimetz. Po\u015bwi\u0119cenie sztandaru Zwi\u0105zku Powsta\u0144c\u00f3w i Wojak\u00f3w Ziem Zachodnich RP, 1928 rok - Ludzie i krajobrazy. Powiat Leszczy\u0144ski w ikonografii","robots":{"index":"index","follow":"follow","max-snippet":"max-snippet:-1","max-image-preview":"max-image-preview:large","max-video-preview":"max-video-preview:-1"},"canonical":"http:\/\/ludzieikrajobrazy.muzeumleszno.pl\/?p=581","og_locale":"pl_PL","og_type":"article","og_title":"Ksi\u0105dz Steimetz. Po\u015bwi\u0119cenie sztandaru Zwi\u0105zku Powsta\u0144c\u00f3w i Wojak\u00f3w Ziem Zachodnich RP, 1928 rok - Ludzie i krajobrazy. Powiat Leszczy\u0144ski w ikonografii","og_description":"Organizacje kombatanckie w okresie II Rzeczypospolitej by\u0142y wa\u017cnym ogniwem \u0142\u0105cz\u0105cym interes spo\u0142eczny i narodowy. Nie zawsze jednak, pomimo deklarowanej apolityczno\u015bci, potrafi\u0142y jednoczy\u0107 ca\u0142e \u015brodowiska i stawa\u0107 ponad podzia\u0142ami....","og_url":"http:\/\/ludzieikrajobrazy.muzeumleszno.pl\/?p=581","og_site_name":"Ludzie i krajobrazy. Powiat Leszczy\u0144ski w ikonografii","article_published_time":"2024-07-03T09:34:02+00:00","article_modified_time":"2025-01-20T07:28:50+00:00","og_image":[{"width":2560,"height":1660,"url":"http:\/\/ludzieikrajobrazy.muzeumleszno.pl\/wp-content\/uploads\/2024\/07\/109_MLFa-653_6-scaled.jpg","type":"image\/jpeg"}],"author":"Pan_Admin","twitter_card":"summary_large_image","twitter_misc":{"Napisane przez":"Pan_Admin","Szacowany czas czytania":"2 minuty"},"schema":{"@context":"https:\/\/schema.org","@graph":[{"@type":"Article","@id":"http:\/\/ludzieikrajobrazy.muzeumleszno.pl\/?p=581#article","isPartOf":{"@id":"http:\/\/ludzieikrajobrazy.muzeumleszno.pl\/?p=581"},"author":{"name":"Pan_Admin","@id":"https:\/\/ludzieikrajobrazy.muzeumleszno.pl\/#\/schema\/person\/fc2bc20e2b51efc3202ac1f0cdcd06c0"},"headline":"Ksi\u0105dz Steimetz. Po\u015bwi\u0119cenie sztandaru Zwi\u0105zku Powsta\u0144c\u00f3w i Wojak\u00f3w Ziem Zachodnich RP, 1928 rok","datePublished":"2024-07-03T09:34:02+00:00","dateModified":"2025-01-20T07:28:50+00:00","mainEntityOfPage":{"@id":"http:\/\/ludzieikrajobrazy.muzeumleszno.pl\/?p=581"},"wordCount":239,"image":{"@id":"http:\/\/ludzieikrajobrazy.muzeumleszno.pl\/?p=581#primaryimage"},"thumbnailUrl":"http:\/\/ludzieikrajobrazy.muzeumleszno.pl\/wp-content\/uploads\/2024\/07\/109_MLFa-653_6-scaled.jpg","keywords":["\u201ePolacy chrze\u015bcijanie\u201d","1935","6 Pu\u0142ku Strzelc\u00f3w Wielkopolskich","fotografia grupowa","II Rzeczpospolita","kombatanci","Osieczna","Pawe\u0142 Steinmetz","sztandar","weterani","Ziemie Zachodnie","Zwi\u0105zek Powsta\u0144c\u00f3w i Wojak\u00f3w Ziem Zachodznich RP"],"articleSection":["Osieczna"],"inLanguage":"pl-PL"},{"@type":"WebPage","@id":"http:\/\/ludzieikrajobrazy.muzeumleszno.pl\/?p=581","url":"http:\/\/ludzieikrajobrazy.muzeumleszno.pl\/?p=581","name":"Ksi\u0105dz Steimetz. Po\u015bwi\u0119cenie sztandaru Zwi\u0105zku Powsta\u0144c\u00f3w i Wojak\u00f3w Ziem Zachodnich RP, 1928 rok - Ludzie i krajobrazy. Powiat Leszczy\u0144ski w ikonografii","isPartOf":{"@id":"https:\/\/ludzieikrajobrazy.muzeumleszno.pl\/#website"},"primaryImageOfPage":{"@id":"http:\/\/ludzieikrajobrazy.muzeumleszno.pl\/?p=581#primaryimage"},"image":{"@id":"http:\/\/ludzieikrajobrazy.muzeumleszno.pl\/?p=581#primaryimage"},"thumbnailUrl":"http:\/\/ludzieikrajobrazy.muzeumleszno.pl\/wp-content\/uploads\/2024\/07\/109_MLFa-653_6-scaled.jpg","datePublished":"2024-07-03T09:34:02+00:00","dateModified":"2025-01-20T07:28:50+00:00","author":{"@id":"https:\/\/ludzieikrajobrazy.muzeumleszno.pl\/#\/schema\/person\/fc2bc20e2b51efc3202ac1f0cdcd06c0"},"breadcrumb":{"@id":"http:\/\/ludzieikrajobrazy.muzeumleszno.pl\/?p=581#breadcrumb"},"inLanguage":"pl-PL","potentialAction":[{"@type":"ReadAction","target":["http:\/\/ludzieikrajobrazy.muzeumleszno.pl\/?p=581"]}]},{"@type":"BreadcrumbList","@id":"http:\/\/ludzieikrajobrazy.muzeumleszno.pl\/?p=581#breadcrumb","itemListElement":[{"@type":"ListItem","position":1,"name":"Home","item":"https:\/\/ludzieikrajobrazy.muzeumleszno.pl\/"},{"@type":"ListItem","position":2,"name":"Ksi\u0105dz Steimetz. Po\u015bwi\u0119cenie sztandaru Zwi\u0105zku Powsta\u0144c\u00f3w i Wojak\u00f3w Ziem Zachodnich RP, 1928 rok"}]},{"@type":"WebSite","@id":"https:\/\/ludzieikrajobrazy.muzeumleszno.pl\/#website","url":"https:\/\/ludzieikrajobrazy.muzeumleszno.pl\/","name":"Ludzie i krajobrazy. Powiat Leszczy\u0144ski w ikonografii","description":"Powiat Leszczy\u0144ski w ikonografii","potentialAction":[{"@type":"SearchAction","target":{"@type":"EntryPoint","urlTemplate":"https:\/\/ludzieikrajobrazy.muzeumleszno.pl\/?s={search_term_string}"},"query-input":{"@type":"PropertyValueSpecification","valueRequired":true,"valueName":"search_term_string"}}],"inLanguage":"pl-PL"},{"@type":"Person","@id":"https:\/\/ludzieikrajobrazy.muzeumleszno.pl\/#\/schema\/person\/fc2bc20e2b51efc3202ac1f0cdcd06c0","name":"Pan_Admin","image":{"@type":"ImageObject","inLanguage":"pl-PL","@id":"https:\/\/secure.gravatar.com\/avatar\/d109d485abe889ecc32dbdb971b715ad9d4596bd0e2353626451db3e04099822?s=96&d=mm&r=g","url":"https:\/\/secure.gravatar.com\/avatar\/d109d485abe889ecc32dbdb971b715ad9d4596bd0e2353626451db3e04099822?s=96&d=mm&r=g","contentUrl":"https:\/\/secure.gravatar.com\/avatar\/d109d485abe889ecc32dbdb971b715ad9d4596bd0e2353626451db3e04099822?s=96&d=mm&r=g","caption":"Pan_Admin"},"sameAs":["http:\/\/ludzieikrajobrazy.muzeumleszno.pl"],"url":"http:\/\/ludzieikrajobrazy.muzeumleszno.pl\/?author=1"}]}},"_links":{"self":[{"href":"http:\/\/ludzieikrajobrazy.muzeumleszno.pl\/index.php?rest_route=\/wp\/v2\/posts\/581","targetHints":{"allow":["GET"]}}],"collection":[{"href":"http:\/\/ludzieikrajobrazy.muzeumleszno.pl\/index.php?rest_route=\/wp\/v2\/posts"}],"about":[{"href":"http:\/\/ludzieikrajobrazy.muzeumleszno.pl\/index.php?rest_route=\/wp\/v2\/types\/post"}],"author":[{"embeddable":true,"href":"http:\/\/ludzieikrajobrazy.muzeumleszno.pl\/index.php?rest_route=\/wp\/v2\/users\/1"}],"replies":[{"embeddable":true,"href":"http:\/\/ludzieikrajobrazy.muzeumleszno.pl\/index.php?rest_route=%2Fwp%2Fv2%2Fcomments&post=581"}],"version-history":[{"count":6,"href":"http:\/\/ludzieikrajobrazy.muzeumleszno.pl\/index.php?rest_route=\/wp\/v2\/posts\/581\/revisions"}],"predecessor-version":[{"id":1426,"href":"http:\/\/ludzieikrajobrazy.muzeumleszno.pl\/index.php?rest_route=\/wp\/v2\/posts\/581\/revisions\/1426"}],"wp:featuredmedia":[{"embeddable":true,"href":"http:\/\/ludzieikrajobrazy.muzeumleszno.pl\/index.php?rest_route=\/wp\/v2\/media\/582"}],"wp:attachment":[{"href":"http:\/\/ludzieikrajobrazy.muzeumleszno.pl\/index.php?rest_route=%2Fwp%2Fv2%2Fmedia&parent=581"}],"wp:term":[{"taxonomy":"category","embeddable":true,"href":"http:\/\/ludzieikrajobrazy.muzeumleszno.pl\/index.php?rest_route=%2Fwp%2Fv2%2Fcategories&post=581"},{"taxonomy":"post_tag","embeddable":true,"href":"http:\/\/ludzieikrajobrazy.muzeumleszno.pl\/index.php?rest_route=%2Fwp%2Fv2%2Ftags&post=581"}],"curies":[{"name":"wp","href":"https:\/\/api.w.org\/{rel}","templated":true}]}}