{"id":587,"date":"2024-07-03T11:32:55","date_gmt":"2024-07-03T09:32:55","guid":{"rendered":"http:\/\/ludzieikrajobrazy.muzeumleszno.pl\/?p=587"},"modified":"2024-09-26T11:41:53","modified_gmt":"2024-09-26T09:41:53","slug":"osieczna-wystep-teatru-amatorskiego-okolo-1922-roku","status":"publish","type":"post","link":"http:\/\/ludzieikrajobrazy.muzeumleszno.pl\/?p=587","title":{"rendered":"Osieczna. Wyst\u0119p teatru amatorskiego, oko\u0142o 1922 roku"},"content":{"rendered":"\n<p>W Osiecznej dzia\u0142a\u0142o kilka polskich stowarzysze\u0144, kt\u00f3re w ramach powadzonej dzia\u0142alno\u015bci zajmowa\u0142y si\u0119 teatrem i sztuka sceniczn\u0105. W\u015br\u00f3d nich Towarzystwo Gimnastyczne \u201eSok\u00f3\u0142\u201d i za\u0142o\u017cone w 1906 roku Towarzystwo \u015apiewak\u00f3w Polskich \u201eLutnia\u201d. Ko\u0142o \u015bpiewacze by\u0142o przez kilkadziesi\u0105t lat pr\u0119\u017cn\u0105 organizacj\u0105, nadaj\u0105c\u0105 ton kulturalnemu \u017cyciu miasta. W okresie zabor\u00f3w mia\u0142o ogromne zas\u0142ugi w szerzeniu mowy i pie\u015bni polskiej. Po 1920 roku nast\u0105pi\u0142 szybki rozw\u00f3j Towarzystwa skupiaj\u0105cego w swoich szeregach oko\u0142o 80 cz\u0142onk\u00f3w. Przez ca\u0142y okres dzia\u0142alno\u015bci organizowano wycieczki, zabawy, popisy \u015bpiewacze i przedstawienia teatralne. W sumie by\u0142o ich ponad 20. W 1945 roku Ko\u0142o reaktywowano.&nbsp;<\/p>\n\n\n\n<p>Na zdj\u0119ciu utrwalono ponad 20-osobow\u0105 grup\u0119 aktor\u00f3w bior\u0105cych udzia\u0142 w jednym ze spektakli. Wielu z nich ma na sobie repliki mundur\u00f3w wojskowych z r\u00f3\u017cnych epok. Pozostali wcielili si\u0119 w role ch\u0142op\u00f3w, ziemian i mieszczan. Patriotyczny i narodowy charakter przedstawienia podkre\u015blaj\u0105 wisz\u0105ce na \u015bcianie tarcze herbowe z god\u0142ami Polski (orze\u0142 w koronie) i Litwy (Pogo\u0144).<\/p>\n\n\n\n<figure data-wp-context=\"{&quot;imageId&quot;:&quot;69f1ccd22d030&quot;}\" data-wp-interactive=\"core\/image\" data-wp-key=\"69f1ccd22d030\" class=\"wp-block-image size-full wp-lightbox-container\"><img fetchpriority=\"high\" decoding=\"async\" width=\"2560\" height=\"1240\" data-wp-class--hide=\"state.isContentHidden\" data-wp-class--show=\"state.isContentVisible\" data-wp-init=\"callbacks.setButtonStyles\" data-wp-on--click=\"actions.showLightbox\" data-wp-on--load=\"callbacks.setButtonStyles\" data-wp-on-window--resize=\"callbacks.setButtonStyles\" src=\"http:\/\/ludzieikrajobrazy.muzeumleszno.pl\/wp-content\/uploads\/2024\/07\/111_MLFa-309-scaled.jpg\" alt=\"Osieczna. Wyst\u0119p teatru amatorskiego, oko\u0142o 1922 roku\" class=\"wp-image-588\" srcset=\"http:\/\/ludzieikrajobrazy.muzeumleszno.pl\/wp-content\/uploads\/2024\/07\/111_MLFa-309-scaled.jpg 2560w, http:\/\/ludzieikrajobrazy.muzeumleszno.pl\/wp-content\/uploads\/2024\/07\/111_MLFa-309-1536x744.jpg 1536w, http:\/\/ludzieikrajobrazy.muzeumleszno.pl\/wp-content\/uploads\/2024\/07\/111_MLFa-309-2048x992.jpg 2048w, http:\/\/ludzieikrajobrazy.muzeumleszno.pl\/wp-content\/uploads\/2024\/07\/111_MLFa-309-200x97.jpg 200w, http:\/\/ludzieikrajobrazy.muzeumleszno.pl\/wp-content\/uploads\/2024\/07\/111_MLFa-309-973x471.jpg 973w, http:\/\/ludzieikrajobrazy.muzeumleszno.pl\/wp-content\/uploads\/2024\/07\/111_MLFa-309-508x246.jpg 508w\" sizes=\"(max-width: 2560px) 100vw, 2560px\" \/><button\n\t\t\tclass=\"lightbox-trigger\"\n\t\t\ttype=\"button\"\n\t\t\taria-haspopup=\"dialog\"\n\t\t\taria-label=\"Powi\u0119ksz\"\n\t\t\tdata-wp-init=\"callbacks.initTriggerButton\"\n\t\t\tdata-wp-on--click=\"actions.showLightbox\"\n\t\t\tdata-wp-style--right=\"state.imageButtonRight\"\n\t\t\tdata-wp-style--top=\"state.imageButtonTop\"\n\t\t>\n\t\t\t<svg xmlns=\"http:\/\/www.w3.org\/2000\/svg\" width=\"12\" height=\"12\" fill=\"none\" viewBox=\"0 0 12 12\">\n\t\t\t\t<path fill=\"#fff\" d=\"M2 0a2 2 0 0 0-2 2v2h1.5V2a.5.5 0 0 1 .5-.5h2V0H2Zm2 10.5H2a.5.5 0 0 1-.5-.5V8H0v2a2 2 0 0 0 2 2h2v-1.5ZM8 12v-1.5h2a.5.5 0 0 0 .5-.5V8H12v2a2 2 0 0 1-2 2H8Zm2-12a2 2 0 0 1 2 2v2h-1.5V2a.5.5 0 0 0-.5-.5H8V0h2Z\" \/>\n\t\t\t<\/svg>\n\t\t<\/button><figcaption class=\"wp-element-caption\">Osieczna. Wyst\u0119p teatru amatorskiego, oko\u0142o 1922 roku, wys. 12,5 cm x szer. 17,5 cm; odbitka srebrowo-\u017celatynowa, papier fotograficzny, przed 1939 rokiem; Muzeum Okr\u0119gowe w Lesznie; MLFa309<\/figcaption><\/figure>\n\n\n\n<p class=\"has-small-font-size\">nr inw. MLFa 309<br>W zbiorach Muzeum Okr\u0119gowego w Lesznie od lata 60. XX wieku, dar<\/p>\n\n\n\n<p>D.Cz.<\/p>\n\n\n\n<figure class=\"wp-block-embed is-type-video is-provider-youtube wp-block-embed-youtube wp-embed-aspect-16-9 wp-has-aspect-ratio\"><div class=\"wp-block-embed__wrapper\">\n<iframe title=\"Osieczna  Wyst\u0119p teatru amatorskiego, oko\u0142o 1922 roku\" width=\"620\" height=\"349\" src=\"https:\/\/www.youtube.com\/embed\/sWlaB8txPX8?feature=oembed\" frameborder=\"0\" allow=\"accelerometer; autoplay; clipboard-write; encrypted-media; gyroscope; picture-in-picture; web-share\" referrerpolicy=\"strict-origin-when-cross-origin\" allowfullscreen><\/iframe>\n<\/div><\/figure>\n","protected":false},"excerpt":{"rendered":"<p>W Osiecznej dzia\u0142a\u0142o kilka polskich stowarzysze\u0144, kt\u00f3re w ramach powadzonej dzia\u0142alno\u015bci zajmowa\u0142y si\u0119 teatrem i sztuka sceniczn\u0105. W\u015br\u00f3d nich Towarzystwo Gimnastyczne \u201eSok\u00f3\u0142\u201d i za\u0142o\u017cone w 1906 roku Towarzystwo&#8230;<\/p>\n","protected":false},"author":1,"featured_media":588,"comment_status":"closed","ping_status":"closed","sticky":false,"template":"","format":"standard","meta":{"cybocfi_hide_featured_image":"yes","footnotes":""},"categories":[96],"tags":[297,302,105,201,309,300,310,307,305,277,97,311,312,304,303,298,308,296,291,299,301,306],"class_list":["post-587","post","type-post","status-publish","format-standard","has-post-thumbnail","hentry","category-osieczna","tag-297","tag-aktorstwo","tag-chlopi","tag-fotografia-grupowa","tag-godlo","tag-kolo-spiewacze","tag-litwa","tag-mieszczanie","tag-mundur-wojskowy","tag-orzel","tag-osieczna","tag-polska","tag-przebranie","tag-replika","tag-spektakl","tag-sztuka-sceniczna","tag-tarcze-herbowe","tag-teatr-amatorski","tag-towarzystwo-gimnastyczne-sokol","tag-towarzystwo-spiewakow-polskich-lutnia","tag-zabory","tag-ziemianie"],"yoast_head":"<!-- This site is optimized with the Yoast SEO plugin v27.5 - https:\/\/yoast.com\/product\/yoast-seo-wordpress\/ -->\n<title>Osieczna. Wyst\u0119p teatru amatorskiego, oko\u0142o 1922 roku - Ludzie i krajobrazy. Powiat Leszczy\u0144ski w ikonografii<\/title>\n<meta name=\"robots\" content=\"index, follow, max-snippet:-1, max-image-preview:large, max-video-preview:-1\" \/>\n<link rel=\"canonical\" href=\"http:\/\/ludzieikrajobrazy.muzeumleszno.pl\/?p=587\" \/>\n<meta property=\"og:locale\" content=\"pl_PL\" \/>\n<meta property=\"og:type\" content=\"article\" \/>\n<meta property=\"og:title\" content=\"Osieczna. Wyst\u0119p teatru amatorskiego, oko\u0142o 1922 roku - Ludzie i krajobrazy. Powiat Leszczy\u0144ski w ikonografii\" \/>\n<meta property=\"og:description\" content=\"W Osiecznej dzia\u0142a\u0142o kilka polskich stowarzysze\u0144, kt\u00f3re w ramach powadzonej dzia\u0142alno\u015bci zajmowa\u0142y si\u0119 teatrem i sztuka sceniczn\u0105. W\u015br\u00f3d nich Towarzystwo Gimnastyczne \u201eSok\u00f3\u0142\u201d i za\u0142o\u017cone w 1906 roku Towarzystwo...\" \/>\n<meta property=\"og:url\" content=\"http:\/\/ludzieikrajobrazy.muzeumleszno.pl\/?p=587\" \/>\n<meta property=\"og:site_name\" content=\"Ludzie i krajobrazy. Powiat Leszczy\u0144ski w ikonografii\" \/>\n<meta property=\"article:published_time\" content=\"2024-07-03T09:32:55+00:00\" \/>\n<meta property=\"article:modified_time\" content=\"2024-09-26T09:41:53+00:00\" \/>\n<meta property=\"og:image\" content=\"http:\/\/ludzieikrajobrazy.muzeumleszno.pl\/wp-content\/uploads\/2024\/07\/111_MLFa-309-scaled.jpg\" \/>\n\t<meta property=\"og:image:width\" content=\"2560\" \/>\n\t<meta property=\"og:image:height\" content=\"1240\" \/>\n\t<meta property=\"og:image:type\" content=\"image\/jpeg\" \/>\n<meta name=\"author\" content=\"Pan_Admin\" \/>\n<meta name=\"twitter:card\" content=\"summary_large_image\" \/>\n<meta name=\"twitter:label1\" content=\"Napisane przez\" \/>\n\t<meta name=\"twitter:data1\" content=\"Pan_Admin\" \/>\n\t<meta name=\"twitter:label2\" content=\"Szacowany czas czytania\" \/>\n\t<meta name=\"twitter:data2\" content=\"2 minuty\" \/>\n<script type=\"application\/ld+json\" class=\"yoast-schema-graph\">{\"@context\":\"https:\\\/\\\/schema.org\",\"@graph\":[{\"@type\":\"Article\",\"@id\":\"http:\\\/\\\/ludzieikrajobrazy.muzeumleszno.pl\\\/?p=587#article\",\"isPartOf\":{\"@id\":\"http:\\\/\\\/ludzieikrajobrazy.muzeumleszno.pl\\\/?p=587\"},\"author\":{\"name\":\"Pan_Admin\",\"@id\":\"https:\\\/\\\/ludzieikrajobrazy.muzeumleszno.pl\\\/#\\\/schema\\\/person\\\/fc2bc20e2b51efc3202ac1f0cdcd06c0\"},\"headline\":\"Osieczna. Wyst\u0119p teatru amatorskiego, oko\u0142o 1922 roku\",\"datePublished\":\"2024-07-03T09:32:55+00:00\",\"dateModified\":\"2024-09-26T09:41:53+00:00\",\"mainEntityOfPage\":{\"@id\":\"http:\\\/\\\/ludzieikrajobrazy.muzeumleszno.pl\\\/?p=587\"},\"wordCount\":240,\"image\":{\"@id\":\"http:\\\/\\\/ludzieikrajobrazy.muzeumleszno.pl\\\/?p=587#primaryimage\"},\"thumbnailUrl\":\"http:\\\/\\\/ludzieikrajobrazy.muzeumleszno.pl\\\/wp-content\\\/uploads\\\/2024\\\/07\\\/111_MLFa-309-scaled.jpg\",\"keywords\":[\"1922\",\"aktorstwo\",\"ch\u0142opi\",\"fotografia grupowa\",\"god\u0142o\",\"ko\u0142o \u015bpiewacze\",\"Litwa\",\"mieszczanie\",\"mundur wojskowy\",\"orze\u0142\",\"Osieczna\",\"Polska\",\"przebranie\",\"replika\",\"spektakl\",\"sztuka sceniczna\",\"tarcze herbowe\",\"teatr amatorski\",\"Towarzystwo Gimnastyczne \u201eSok\u00f3\u0142\u201d\",\"Towarzystwo \u015apiewak\u00f3w Polskich \\\"Lutnia\\\"\",\"zabory\",\"ziemianie\"],\"articleSection\":[\"Osieczna\"],\"inLanguage\":\"pl-PL\"},{\"@type\":\"WebPage\",\"@id\":\"http:\\\/\\\/ludzieikrajobrazy.muzeumleszno.pl\\\/?p=587\",\"url\":\"http:\\\/\\\/ludzieikrajobrazy.muzeumleszno.pl\\\/?p=587\",\"name\":\"Osieczna. Wyst\u0119p teatru amatorskiego, oko\u0142o 1922 roku - Ludzie i krajobrazy. Powiat Leszczy\u0144ski w ikonografii\",\"isPartOf\":{\"@id\":\"https:\\\/\\\/ludzieikrajobrazy.muzeumleszno.pl\\\/#website\"},\"primaryImageOfPage\":{\"@id\":\"http:\\\/\\\/ludzieikrajobrazy.muzeumleszno.pl\\\/?p=587#primaryimage\"},\"image\":{\"@id\":\"http:\\\/\\\/ludzieikrajobrazy.muzeumleszno.pl\\\/?p=587#primaryimage\"},\"thumbnailUrl\":\"http:\\\/\\\/ludzieikrajobrazy.muzeumleszno.pl\\\/wp-content\\\/uploads\\\/2024\\\/07\\\/111_MLFa-309-scaled.jpg\",\"datePublished\":\"2024-07-03T09:32:55+00:00\",\"dateModified\":\"2024-09-26T09:41:53+00:00\",\"author\":{\"@id\":\"https:\\\/\\\/ludzieikrajobrazy.muzeumleszno.pl\\\/#\\\/schema\\\/person\\\/fc2bc20e2b51efc3202ac1f0cdcd06c0\"},\"breadcrumb\":{\"@id\":\"http:\\\/\\\/ludzieikrajobrazy.muzeumleszno.pl\\\/?p=587#breadcrumb\"},\"inLanguage\":\"pl-PL\",\"potentialAction\":[{\"@type\":\"ReadAction\",\"target\":[\"http:\\\/\\\/ludzieikrajobrazy.muzeumleszno.pl\\\/?p=587\"]}]},{\"@type\":\"BreadcrumbList\",\"@id\":\"http:\\\/\\\/ludzieikrajobrazy.muzeumleszno.pl\\\/?p=587#breadcrumb\",\"itemListElement\":[{\"@type\":\"ListItem\",\"position\":1,\"name\":\"Home\",\"item\":\"https:\\\/\\\/ludzieikrajobrazy.muzeumleszno.pl\\\/\"},{\"@type\":\"ListItem\",\"position\":2,\"name\":\"Osieczna. Wyst\u0119p teatru amatorskiego, oko\u0142o 1922 roku\"}]},{\"@type\":\"WebSite\",\"@id\":\"https:\\\/\\\/ludzieikrajobrazy.muzeumleszno.pl\\\/#website\",\"url\":\"https:\\\/\\\/ludzieikrajobrazy.muzeumleszno.pl\\\/\",\"name\":\"Ludzie i krajobrazy. Powiat Leszczy\u0144ski w ikonografii\",\"description\":\"Powiat Leszczy\u0144ski w ikonografii\",\"potentialAction\":[{\"@type\":\"SearchAction\",\"target\":{\"@type\":\"EntryPoint\",\"urlTemplate\":\"https:\\\/\\\/ludzieikrajobrazy.muzeumleszno.pl\\\/?s={search_term_string}\"},\"query-input\":{\"@type\":\"PropertyValueSpecification\",\"valueRequired\":true,\"valueName\":\"search_term_string\"}}],\"inLanguage\":\"pl-PL\"},{\"@type\":\"Person\",\"@id\":\"https:\\\/\\\/ludzieikrajobrazy.muzeumleszno.pl\\\/#\\\/schema\\\/person\\\/fc2bc20e2b51efc3202ac1f0cdcd06c0\",\"name\":\"Pan_Admin\",\"image\":{\"@type\":\"ImageObject\",\"inLanguage\":\"pl-PL\",\"@id\":\"https:\\\/\\\/secure.gravatar.com\\\/avatar\\\/d109d485abe889ecc32dbdb971b715ad9d4596bd0e2353626451db3e04099822?s=96&d=mm&r=g\",\"url\":\"https:\\\/\\\/secure.gravatar.com\\\/avatar\\\/d109d485abe889ecc32dbdb971b715ad9d4596bd0e2353626451db3e04099822?s=96&d=mm&r=g\",\"contentUrl\":\"https:\\\/\\\/secure.gravatar.com\\\/avatar\\\/d109d485abe889ecc32dbdb971b715ad9d4596bd0e2353626451db3e04099822?s=96&d=mm&r=g\",\"caption\":\"Pan_Admin\"},\"sameAs\":[\"http:\\\/\\\/ludzieikrajobrazy.muzeumleszno.pl\"],\"url\":\"http:\\\/\\\/ludzieikrajobrazy.muzeumleszno.pl\\\/?author=1\"}]}<\/script>\n<!-- \/ Yoast SEO plugin. -->","yoast_head_json":{"title":"Osieczna. Wyst\u0119p teatru amatorskiego, oko\u0142o 1922 roku - Ludzie i krajobrazy. Powiat Leszczy\u0144ski w ikonografii","robots":{"index":"index","follow":"follow","max-snippet":"max-snippet:-1","max-image-preview":"max-image-preview:large","max-video-preview":"max-video-preview:-1"},"canonical":"http:\/\/ludzieikrajobrazy.muzeumleszno.pl\/?p=587","og_locale":"pl_PL","og_type":"article","og_title":"Osieczna. Wyst\u0119p teatru amatorskiego, oko\u0142o 1922 roku - Ludzie i krajobrazy. Powiat Leszczy\u0144ski w ikonografii","og_description":"W Osiecznej dzia\u0142a\u0142o kilka polskich stowarzysze\u0144, kt\u00f3re w ramach powadzonej dzia\u0142alno\u015bci zajmowa\u0142y si\u0119 teatrem i sztuka sceniczn\u0105. W\u015br\u00f3d nich Towarzystwo Gimnastyczne \u201eSok\u00f3\u0142\u201d i za\u0142o\u017cone w 1906 roku Towarzystwo...","og_url":"http:\/\/ludzieikrajobrazy.muzeumleszno.pl\/?p=587","og_site_name":"Ludzie i krajobrazy. Powiat Leszczy\u0144ski w ikonografii","article_published_time":"2024-07-03T09:32:55+00:00","article_modified_time":"2024-09-26T09:41:53+00:00","og_image":[{"width":2560,"height":1240,"url":"http:\/\/ludzieikrajobrazy.muzeumleszno.pl\/wp-content\/uploads\/2024\/07\/111_MLFa-309-scaled.jpg","type":"image\/jpeg"}],"author":"Pan_Admin","twitter_card":"summary_large_image","twitter_misc":{"Napisane przez":"Pan_Admin","Szacowany czas czytania":"2 minuty"},"schema":{"@context":"https:\/\/schema.org","@graph":[{"@type":"Article","@id":"http:\/\/ludzieikrajobrazy.muzeumleszno.pl\/?p=587#article","isPartOf":{"@id":"http:\/\/ludzieikrajobrazy.muzeumleszno.pl\/?p=587"},"author":{"name":"Pan_Admin","@id":"https:\/\/ludzieikrajobrazy.muzeumleszno.pl\/#\/schema\/person\/fc2bc20e2b51efc3202ac1f0cdcd06c0"},"headline":"Osieczna. Wyst\u0119p teatru amatorskiego, oko\u0142o 1922 roku","datePublished":"2024-07-03T09:32:55+00:00","dateModified":"2024-09-26T09:41:53+00:00","mainEntityOfPage":{"@id":"http:\/\/ludzieikrajobrazy.muzeumleszno.pl\/?p=587"},"wordCount":240,"image":{"@id":"http:\/\/ludzieikrajobrazy.muzeumleszno.pl\/?p=587#primaryimage"},"thumbnailUrl":"http:\/\/ludzieikrajobrazy.muzeumleszno.pl\/wp-content\/uploads\/2024\/07\/111_MLFa-309-scaled.jpg","keywords":["1922","aktorstwo","ch\u0142opi","fotografia grupowa","god\u0142o","ko\u0142o \u015bpiewacze","Litwa","mieszczanie","mundur wojskowy","orze\u0142","Osieczna","Polska","przebranie","replika","spektakl","sztuka sceniczna","tarcze herbowe","teatr amatorski","Towarzystwo Gimnastyczne \u201eSok\u00f3\u0142\u201d","Towarzystwo \u015apiewak\u00f3w Polskich \"Lutnia\"","zabory","ziemianie"],"articleSection":["Osieczna"],"inLanguage":"pl-PL"},{"@type":"WebPage","@id":"http:\/\/ludzieikrajobrazy.muzeumleszno.pl\/?p=587","url":"http:\/\/ludzieikrajobrazy.muzeumleszno.pl\/?p=587","name":"Osieczna. Wyst\u0119p teatru amatorskiego, oko\u0142o 1922 roku - Ludzie i krajobrazy. Powiat Leszczy\u0144ski w ikonografii","isPartOf":{"@id":"https:\/\/ludzieikrajobrazy.muzeumleszno.pl\/#website"},"primaryImageOfPage":{"@id":"http:\/\/ludzieikrajobrazy.muzeumleszno.pl\/?p=587#primaryimage"},"image":{"@id":"http:\/\/ludzieikrajobrazy.muzeumleszno.pl\/?p=587#primaryimage"},"thumbnailUrl":"http:\/\/ludzieikrajobrazy.muzeumleszno.pl\/wp-content\/uploads\/2024\/07\/111_MLFa-309-scaled.jpg","datePublished":"2024-07-03T09:32:55+00:00","dateModified":"2024-09-26T09:41:53+00:00","author":{"@id":"https:\/\/ludzieikrajobrazy.muzeumleszno.pl\/#\/schema\/person\/fc2bc20e2b51efc3202ac1f0cdcd06c0"},"breadcrumb":{"@id":"http:\/\/ludzieikrajobrazy.muzeumleszno.pl\/?p=587#breadcrumb"},"inLanguage":"pl-PL","potentialAction":[{"@type":"ReadAction","target":["http:\/\/ludzieikrajobrazy.muzeumleszno.pl\/?p=587"]}]},{"@type":"BreadcrumbList","@id":"http:\/\/ludzieikrajobrazy.muzeumleszno.pl\/?p=587#breadcrumb","itemListElement":[{"@type":"ListItem","position":1,"name":"Home","item":"https:\/\/ludzieikrajobrazy.muzeumleszno.pl\/"},{"@type":"ListItem","position":2,"name":"Osieczna. Wyst\u0119p teatru amatorskiego, oko\u0142o 1922 roku"}]},{"@type":"WebSite","@id":"https:\/\/ludzieikrajobrazy.muzeumleszno.pl\/#website","url":"https:\/\/ludzieikrajobrazy.muzeumleszno.pl\/","name":"Ludzie i krajobrazy. Powiat Leszczy\u0144ski w ikonografii","description":"Powiat Leszczy\u0144ski w ikonografii","potentialAction":[{"@type":"SearchAction","target":{"@type":"EntryPoint","urlTemplate":"https:\/\/ludzieikrajobrazy.muzeumleszno.pl\/?s={search_term_string}"},"query-input":{"@type":"PropertyValueSpecification","valueRequired":true,"valueName":"search_term_string"}}],"inLanguage":"pl-PL"},{"@type":"Person","@id":"https:\/\/ludzieikrajobrazy.muzeumleszno.pl\/#\/schema\/person\/fc2bc20e2b51efc3202ac1f0cdcd06c0","name":"Pan_Admin","image":{"@type":"ImageObject","inLanguage":"pl-PL","@id":"https:\/\/secure.gravatar.com\/avatar\/d109d485abe889ecc32dbdb971b715ad9d4596bd0e2353626451db3e04099822?s=96&d=mm&r=g","url":"https:\/\/secure.gravatar.com\/avatar\/d109d485abe889ecc32dbdb971b715ad9d4596bd0e2353626451db3e04099822?s=96&d=mm&r=g","contentUrl":"https:\/\/secure.gravatar.com\/avatar\/d109d485abe889ecc32dbdb971b715ad9d4596bd0e2353626451db3e04099822?s=96&d=mm&r=g","caption":"Pan_Admin"},"sameAs":["http:\/\/ludzieikrajobrazy.muzeumleszno.pl"],"url":"http:\/\/ludzieikrajobrazy.muzeumleszno.pl\/?author=1"}]}},"_links":{"self":[{"href":"http:\/\/ludzieikrajobrazy.muzeumleszno.pl\/index.php?rest_route=\/wp\/v2\/posts\/587","targetHints":{"allow":["GET"]}}],"collection":[{"href":"http:\/\/ludzieikrajobrazy.muzeumleszno.pl\/index.php?rest_route=\/wp\/v2\/posts"}],"about":[{"href":"http:\/\/ludzieikrajobrazy.muzeumleszno.pl\/index.php?rest_route=\/wp\/v2\/types\/post"}],"author":[{"embeddable":true,"href":"http:\/\/ludzieikrajobrazy.muzeumleszno.pl\/index.php?rest_route=\/wp\/v2\/users\/1"}],"replies":[{"embeddable":true,"href":"http:\/\/ludzieikrajobrazy.muzeumleszno.pl\/index.php?rest_route=%2Fwp%2Fv2%2Fcomments&post=587"}],"version-history":[{"count":2,"href":"http:\/\/ludzieikrajobrazy.muzeumleszno.pl\/index.php?rest_route=\/wp\/v2\/posts\/587\/revisions"}],"predecessor-version":[{"id":1277,"href":"http:\/\/ludzieikrajobrazy.muzeumleszno.pl\/index.php?rest_route=\/wp\/v2\/posts\/587\/revisions\/1277"}],"wp:featuredmedia":[{"embeddable":true,"href":"http:\/\/ludzieikrajobrazy.muzeumleszno.pl\/index.php?rest_route=\/wp\/v2\/media\/588"}],"wp:attachment":[{"href":"http:\/\/ludzieikrajobrazy.muzeumleszno.pl\/index.php?rest_route=%2Fwp%2Fv2%2Fmedia&parent=587"}],"wp:term":[{"taxonomy":"category","embeddable":true,"href":"http:\/\/ludzieikrajobrazy.muzeumleszno.pl\/index.php?rest_route=%2Fwp%2Fv2%2Fcategories&post=587"},{"taxonomy":"post_tag","embeddable":true,"href":"http:\/\/ludzieikrajobrazy.muzeumleszno.pl\/index.php?rest_route=%2Fwp%2Fv2%2Ftags&post=587"}],"curies":[{"name":"wp","href":"https:\/\/api.w.org\/{rel}","templated":true}]}}