{"id":611,"date":"2024-07-02T12:00:36","date_gmt":"2024-07-02T10:00:36","guid":{"rendered":"http:\/\/ludzieikrajobrazy.muzeumleszno.pl\/?p=611"},"modified":"2024-09-26T12:38:02","modified_gmt":"2024-09-26T10:38:02","slug":"pawlowice-pocztowka-wielotematyczna-po-1923-roku-czempin-fotograf-leon-durczykiewicz","status":"publish","type":"post","link":"http:\/\/ludzieikrajobrazy.muzeumleszno.pl\/?p=611","title":{"rendered":"Paw\u0142owice. Poczt\u00f3wka wielotematyczna, po 1923 roku, Czempi\u0144, Fotograf Leon Durczykiewicz"},"content":{"rendered":"\n<p>Ko\u015bci\u00f3\u0142 pw. Matki Bo\u017cej \u015anie\u017cnej zbudowano jako kaplic\u0119 dworsk\u0105 w 1597 roku. Jej fundatorami byli Bart\u0142omiej Paw\u0142owski (ok. 1550\u2013przed 1605) i Dorota z Rydzy\u0144skich (ok. 1550\u2013przed 1621). Od ko\u0144ca XVIII wieku pe\u0142ni funkcj\u0119 ko\u015bcio\u0142a parafialnego w miejsce wcze\u015bniejszej \u015bwi\u0105tyni pw. \u015bw. Miko\u0142aja i \u015bw. Barbary. &nbsp;<\/p>\n\n\n\n<p>Miel\u017cy\u0144scy posiadali liczne maj\u0119tno\u015bci w ca\u0142ej Wielkopolsce. Dzi\u0119ki ma\u0142\u017ce\u0144stwu Macieja (1636\u20131697), rotmistrza chor\u0105gwi husarskiej i uczestnika bitwy pod Wiedniem z Katarzyn\u0105 Gorzyck\u0105 z Mycielskich (\u20131712), do\u0142\u0105czy\u0142y do nich tak\u017ce Paw\u0142owice. Nowy pa\u0142ac zbudowali w XVIII wieku, a potem kilkakrotnie go rozbudowywali.&nbsp;<\/p>\n\n\n\n<p>Wiejskie i podmiejskie sklepy by\u0142y z regu\u0142y ma\u0142e i oferowa\u0142y artyku\u0142y \u201epierwszej potrzeby\u201d. Kupcy wiedzieli jednak, \u017ce konieczne jest budowanie dobrych relacji z klientami. Jedna z rad brzmia\u0142a: \u201eNie otwieraj sklepu, je\u015bli nie potrafisz si\u0119 u\u015bmiecha\u0107\u201d. Organizowano promocje, degustacje, stosowano rabaty. W takim duchu dzia\u0142a\u0142 zapewne dom towarowy Ludwika G\u00f3rnego.&nbsp;<\/p>\n\n\n\n<p>Lini\u0119 kolejow\u0105 \u0142\u0105cz\u0105c\u0105 Leszno z Ostrowem Wielkopolskim otwarto w 1888 roku. Stanowi\u0142a ona przed\u0142u\u017cenie linii z \u017bar i \u017bagania. Dzi\u0119ki dalszej rozbudowana zyskano po\u0142\u0105czenie do Skalmierzyc (stacja graniczna), a nast\u0119pnie do \u0141odzi Kaliskiej. Wzniesiony w\u00f3wczas dworzec kolejowy zachowa\u0142 do dzisiaj niezmienion\u0105 bry\u0142\u0119, ale nie pe\u0142ni ju\u017c dawnej funkcji.&nbsp;<\/p>\n\n\n\n<figure data-wp-context=\"{&quot;imageId&quot;:&quot;69f1d6c3581a0&quot;}\" data-wp-interactive=\"core\/image\" data-wp-key=\"69f1d6c3581a0\" class=\"wp-block-image size-full wp-lightbox-container\"><img fetchpriority=\"high\" decoding=\"async\" width=\"2560\" height=\"1608\" data-wp-class--hide=\"state.isContentHidden\" data-wp-class--show=\"state.isContentVisible\" data-wp-init=\"callbacks.setButtonStyles\" data-wp-on--click=\"actions.showLightbox\" data-wp-on--load=\"callbacks.setButtonStyles\" data-wp-on-window--resize=\"callbacks.setButtonStyles\" src=\"http:\/\/ludzieikrajobrazy.muzeumleszno.pl\/wp-content\/uploads\/2024\/07\/119_MLH-4384-scaled.jpg\" alt=\"Paw\u0142owice. Poczt\u00f3wka wielotematyczna, po 1923 roku, Czempi\u0144, Fotograf Leon Durczykiewicz\" class=\"wp-image-613\" srcset=\"http:\/\/ludzieikrajobrazy.muzeumleszno.pl\/wp-content\/uploads\/2024\/07\/119_MLH-4384-scaled.jpg 2560w, http:\/\/ludzieikrajobrazy.muzeumleszno.pl\/wp-content\/uploads\/2024\/07\/119_MLH-4384-1536x965.jpg 1536w, http:\/\/ludzieikrajobrazy.muzeumleszno.pl\/wp-content\/uploads\/2024\/07\/119_MLH-4384-2048x1286.jpg 2048w, http:\/\/ludzieikrajobrazy.muzeumleszno.pl\/wp-content\/uploads\/2024\/07\/119_MLH-4384-200x126.jpg 200w, http:\/\/ludzieikrajobrazy.muzeumleszno.pl\/wp-content\/uploads\/2024\/07\/119_MLH-4384-973x611.jpg 973w, http:\/\/ludzieikrajobrazy.muzeumleszno.pl\/wp-content\/uploads\/2024\/07\/119_MLH-4384-508x319.jpg 508w\" sizes=\"(max-width: 2560px) 100vw, 2560px\" \/><button\n\t\t\tclass=\"lightbox-trigger\"\n\t\t\ttype=\"button\"\n\t\t\taria-haspopup=\"dialog\"\n\t\t\taria-label=\"Powi\u0119ksz\"\n\t\t\tdata-wp-init=\"callbacks.initTriggerButton\"\n\t\t\tdata-wp-on--click=\"actions.showLightbox\"\n\t\t\tdata-wp-style--right=\"state.imageButtonRight\"\n\t\t\tdata-wp-style--top=\"state.imageButtonTop\"\n\t\t>\n\t\t\t<svg xmlns=\"http:\/\/www.w3.org\/2000\/svg\" width=\"12\" height=\"12\" fill=\"none\" viewBox=\"0 0 12 12\">\n\t\t\t\t<path fill=\"#fff\" d=\"M2 0a2 2 0 0 0-2 2v2h1.5V2a.5.5 0 0 1 .5-.5h2V0H2Zm2 10.5H2a.5.5 0 0 1-.5-.5V8H0v2a2 2 0 0 0 2 2h2v-1.5ZM8 12v-1.5h2a.5.5 0 0 0 .5-.5V8H12v2a2 2 0 0 1-2 2H8Zm2-12a2 2 0 0 1 2 2v2h-1.5V2a.5.5 0 0 0-.5-.5H8V0h2Z\" \/>\n\t\t\t<\/svg>\n\t\t<\/button><figcaption class=\"wp-element-caption\">Paw\u0142owice. Poczt\u00f3wka wielotematyczna, po 1923 roku, Czempi\u0144, Fotograf Leon Durczykiewicz<\/figcaption><\/figure>\n\n\n\n<p class=\"has-small-font-size\">nr inw. MLH 4384<br>W zbiorach Muzeum Okr\u0119gowego w Lesznie od 2002 roku, zakup<\/p>\n\n\n\n<p>D.Cz.<\/p>\n\n\n\n<figure class=\"wp-block-embed is-type-video is-provider-youtube wp-block-embed-youtube wp-embed-aspect-16-9 wp-has-aspect-ratio\"><div class=\"wp-block-embed__wrapper\">\n<iframe title=\"Paw\u0142owice  Poczt\u00f3wka wielotematyczna, po 1923 roku, Czempi\u0144, Fotograf Leon Durczykiewicz\" width=\"620\" height=\"349\" src=\"https:\/\/www.youtube.com\/embed\/btvavMf8AU0?feature=oembed\" frameborder=\"0\" allow=\"accelerometer; autoplay; clipboard-write; encrypted-media; gyroscope; picture-in-picture; web-share\" referrerpolicy=\"strict-origin-when-cross-origin\" allowfullscreen><\/iframe>\n<\/div><\/figure>\n","protected":false},"excerpt":{"rendered":"<p>Ko\u015bci\u00f3\u0142 pw. Matki Bo\u017cej \u015anie\u017cnej zbudowano jako kaplic\u0119 dworsk\u0105 w 1597 roku. Jej fundatorami byli Bart\u0142omiej Paw\u0142owski (ok. 1550\u2013przed 1605) i Dorota z Rydzy\u0144skich (ok. 1550\u2013przed 1621). Od&#8230;<\/p>\n","protected":false},"author":1,"featured_media":613,"comment_status":"closed","ping_status":"closed","sticky":false,"template":"","format":"standard","meta":{"cybocfi_hide_featured_image":"yes","footnotes":""},"categories":[240],"tags":[366,378,371,367,374,379,370,265,369,372,376,368,357,377,385,373,381,380,364,77,365,375,384,383,382],"class_list":["post-611","post","type-post","status-publish","format-standard","has-post-thumbnail","hentry","category-pawlowice","tag-366","tag-architektura","tag-bartlomiej-pawlowski","tag-czempin","tag-degustacje","tag-dworzec","tag-kaplica-dworska","tag-kosciol-parafialny","tag-kosciol-pw-matki-bozej-snieznej","tag-kosciol-wezwania-sw-mikolaja-i-sw-barbary","tag-kupiectwo","tag-leon-durczykiewicz","tag-leszno","tag-linia-kolejowa","tag-lodz-kaliska","tag-mielzynscy","tag-ostrow-wielkopolski","tag-palac","tag-pawlowice","tag-pocztowka","tag-pocztowka-wielotematyczna","tag-rabaty","tag-skalmierzyce","tag-zagan","tag-zary"],"yoast_head":"<!-- This site is optimized with the Yoast SEO plugin v27.5 - https:\/\/yoast.com\/product\/yoast-seo-wordpress\/ -->\n<title>Paw\u0142owice. Poczt\u00f3wka wielotematyczna, po 1923 roku, Czempi\u0144, Fotograf Leon Durczykiewicz - Ludzie i krajobrazy. Powiat Leszczy\u0144ski w ikonografii<\/title>\n<meta name=\"robots\" content=\"index, follow, max-snippet:-1, max-image-preview:large, max-video-preview:-1\" \/>\n<link rel=\"canonical\" href=\"http:\/\/ludzieikrajobrazy.muzeumleszno.pl\/?p=611\" \/>\n<meta property=\"og:locale\" content=\"pl_PL\" \/>\n<meta property=\"og:type\" content=\"article\" \/>\n<meta property=\"og:title\" content=\"Paw\u0142owice. Poczt\u00f3wka wielotematyczna, po 1923 roku, Czempi\u0144, Fotograf Leon Durczykiewicz - Ludzie i krajobrazy. Powiat Leszczy\u0144ski w ikonografii\" \/>\n<meta property=\"og:description\" content=\"Ko\u015bci\u00f3\u0142 pw. Matki Bo\u017cej \u015anie\u017cnej zbudowano jako kaplic\u0119 dworsk\u0105 w 1597 roku. Jej fundatorami byli Bart\u0142omiej Paw\u0142owski (ok. 1550\u2013przed 1605) i Dorota z Rydzy\u0144skich (ok. 1550\u2013przed 1621). Od...\" \/>\n<meta property=\"og:url\" content=\"http:\/\/ludzieikrajobrazy.muzeumleszno.pl\/?p=611\" \/>\n<meta property=\"og:site_name\" content=\"Ludzie i krajobrazy. Powiat Leszczy\u0144ski w ikonografii\" \/>\n<meta property=\"article:published_time\" content=\"2024-07-02T10:00:36+00:00\" \/>\n<meta property=\"article:modified_time\" content=\"2024-09-26T10:38:02+00:00\" \/>\n<meta property=\"og:image\" content=\"http:\/\/ludzieikrajobrazy.muzeumleszno.pl\/wp-content\/uploads\/2024\/07\/119_MLH-4384-scaled.jpg\" \/>\n\t<meta property=\"og:image:width\" content=\"2560\" \/>\n\t<meta property=\"og:image:height\" content=\"1608\" \/>\n\t<meta property=\"og:image:type\" content=\"image\/jpeg\" \/>\n<meta name=\"author\" content=\"Pan_Admin\" \/>\n<meta name=\"twitter:card\" content=\"summary_large_image\" \/>\n<meta name=\"twitter:label1\" content=\"Napisane przez\" \/>\n\t<meta name=\"twitter:data1\" content=\"Pan_Admin\" \/>\n\t<meta name=\"twitter:label2\" content=\"Szacowany czas czytania\" \/>\n\t<meta name=\"twitter:data2\" content=\"2 minuty\" \/>\n<script type=\"application\/ld+json\" class=\"yoast-schema-graph\">{\"@context\":\"https:\\\/\\\/schema.org\",\"@graph\":[{\"@type\":\"Article\",\"@id\":\"http:\\\/\\\/ludzieikrajobrazy.muzeumleszno.pl\\\/?p=611#article\",\"isPartOf\":{\"@id\":\"http:\\\/\\\/ludzieikrajobrazy.muzeumleszno.pl\\\/?p=611\"},\"author\":{\"name\":\"Pan_Admin\",\"@id\":\"https:\\\/\\\/ludzieikrajobrazy.muzeumleszno.pl\\\/#\\\/schema\\\/person\\\/fc2bc20e2b51efc3202ac1f0cdcd06c0\"},\"headline\":\"Paw\u0142owice. Poczt\u00f3wka wielotematyczna, po 1923 roku, Czempi\u0144, Fotograf Leon Durczykiewicz\",\"datePublished\":\"2024-07-02T10:00:36+00:00\",\"dateModified\":\"2024-09-26T10:38:02+00:00\",\"mainEntityOfPage\":{\"@id\":\"http:\\\/\\\/ludzieikrajobrazy.muzeumleszno.pl\\\/?p=611\"},\"wordCount\":270,\"image\":{\"@id\":\"http:\\\/\\\/ludzieikrajobrazy.muzeumleszno.pl\\\/?p=611#primaryimage\"},\"thumbnailUrl\":\"http:\\\/\\\/ludzieikrajobrazy.muzeumleszno.pl\\\/wp-content\\\/uploads\\\/2024\\\/07\\\/119_MLH-4384-scaled.jpg\",\"keywords\":[\"1923\",\"architektura\",\"Bart\u0142omiej Paw\u0142owski\",\"Czempi\u0144\",\"degustacje\",\"dworzec\",\"kaplica dworska\",\"ko\u015bci\u00f3\u0142 parafialny\",\"Ko\u015bci\u00f3\u0142 pod wezwaniem Matki Bo\u017cej \u015anie\u017cnej\",\"ko\u015bci\u00f3\u0142 pod wezwaniem \u015bw. Miko\u0142aja i \u015bw. Barbary\",\"kupiectwo\",\"Leon Durczykiewicz\",\"Leszno\",\"linia kolejowa\",\"\u0141\u00f3d\u017a Kaliska\",\"Miel\u017cy\u0144scy\",\"Ostr\u00f3w Wielkopolski\",\"pa\u0142ac\",\"Paw\u0142owice\",\"poczt\u00f3wka\",\"poczt\u00f3wka wielotematyczna\",\"rabaty\",\"Skalmierzyce\",\"\u017baga\u0144\",\"\u017bary\"],\"articleSection\":[\"Paw\u0142owice\"],\"inLanguage\":\"pl-PL\"},{\"@type\":\"WebPage\",\"@id\":\"http:\\\/\\\/ludzieikrajobrazy.muzeumleszno.pl\\\/?p=611\",\"url\":\"http:\\\/\\\/ludzieikrajobrazy.muzeumleszno.pl\\\/?p=611\",\"name\":\"Paw\u0142owice. Poczt\u00f3wka wielotematyczna, po 1923 roku, Czempi\u0144, Fotograf Leon Durczykiewicz - Ludzie i krajobrazy. Powiat Leszczy\u0144ski w ikonografii\",\"isPartOf\":{\"@id\":\"https:\\\/\\\/ludzieikrajobrazy.muzeumleszno.pl\\\/#website\"},\"primaryImageOfPage\":{\"@id\":\"http:\\\/\\\/ludzieikrajobrazy.muzeumleszno.pl\\\/?p=611#primaryimage\"},\"image\":{\"@id\":\"http:\\\/\\\/ludzieikrajobrazy.muzeumleszno.pl\\\/?p=611#primaryimage\"},\"thumbnailUrl\":\"http:\\\/\\\/ludzieikrajobrazy.muzeumleszno.pl\\\/wp-content\\\/uploads\\\/2024\\\/07\\\/119_MLH-4384-scaled.jpg\",\"datePublished\":\"2024-07-02T10:00:36+00:00\",\"dateModified\":\"2024-09-26T10:38:02+00:00\",\"author\":{\"@id\":\"https:\\\/\\\/ludzieikrajobrazy.muzeumleszno.pl\\\/#\\\/schema\\\/person\\\/fc2bc20e2b51efc3202ac1f0cdcd06c0\"},\"breadcrumb\":{\"@id\":\"http:\\\/\\\/ludzieikrajobrazy.muzeumleszno.pl\\\/?p=611#breadcrumb\"},\"inLanguage\":\"pl-PL\",\"potentialAction\":[{\"@type\":\"ReadAction\",\"target\":[\"http:\\\/\\\/ludzieikrajobrazy.muzeumleszno.pl\\\/?p=611\"]}]},{\"@type\":\"BreadcrumbList\",\"@id\":\"http:\\\/\\\/ludzieikrajobrazy.muzeumleszno.pl\\\/?p=611#breadcrumb\",\"itemListElement\":[{\"@type\":\"ListItem\",\"position\":1,\"name\":\"Home\",\"item\":\"https:\\\/\\\/ludzieikrajobrazy.muzeumleszno.pl\\\/\"},{\"@type\":\"ListItem\",\"position\":2,\"name\":\"Paw\u0142owice. Poczt\u00f3wka wielotematyczna, po 1923 roku, Czempi\u0144, Fotograf Leon Durczykiewicz\"}]},{\"@type\":\"WebSite\",\"@id\":\"https:\\\/\\\/ludzieikrajobrazy.muzeumleszno.pl\\\/#website\",\"url\":\"https:\\\/\\\/ludzieikrajobrazy.muzeumleszno.pl\\\/\",\"name\":\"Ludzie i krajobrazy. Powiat Leszczy\u0144ski w ikonografii\",\"description\":\"Powiat Leszczy\u0144ski w ikonografii\",\"potentialAction\":[{\"@type\":\"SearchAction\",\"target\":{\"@type\":\"EntryPoint\",\"urlTemplate\":\"https:\\\/\\\/ludzieikrajobrazy.muzeumleszno.pl\\\/?s={search_term_string}\"},\"query-input\":{\"@type\":\"PropertyValueSpecification\",\"valueRequired\":true,\"valueName\":\"search_term_string\"}}],\"inLanguage\":\"pl-PL\"},{\"@type\":\"Person\",\"@id\":\"https:\\\/\\\/ludzieikrajobrazy.muzeumleszno.pl\\\/#\\\/schema\\\/person\\\/fc2bc20e2b51efc3202ac1f0cdcd06c0\",\"name\":\"Pan_Admin\",\"image\":{\"@type\":\"ImageObject\",\"inLanguage\":\"pl-PL\",\"@id\":\"https:\\\/\\\/secure.gravatar.com\\\/avatar\\\/d109d485abe889ecc32dbdb971b715ad9d4596bd0e2353626451db3e04099822?s=96&d=mm&r=g\",\"url\":\"https:\\\/\\\/secure.gravatar.com\\\/avatar\\\/d109d485abe889ecc32dbdb971b715ad9d4596bd0e2353626451db3e04099822?s=96&d=mm&r=g\",\"contentUrl\":\"https:\\\/\\\/secure.gravatar.com\\\/avatar\\\/d109d485abe889ecc32dbdb971b715ad9d4596bd0e2353626451db3e04099822?s=96&d=mm&r=g\",\"caption\":\"Pan_Admin\"},\"sameAs\":[\"http:\\\/\\\/ludzieikrajobrazy.muzeumleszno.pl\"],\"url\":\"http:\\\/\\\/ludzieikrajobrazy.muzeumleszno.pl\\\/?author=1\"}]}<\/script>\n<!-- \/ Yoast SEO plugin. -->","yoast_head_json":{"title":"Paw\u0142owice. Poczt\u00f3wka wielotematyczna, po 1923 roku, Czempi\u0144, Fotograf Leon Durczykiewicz - Ludzie i krajobrazy. Powiat Leszczy\u0144ski w ikonografii","robots":{"index":"index","follow":"follow","max-snippet":"max-snippet:-1","max-image-preview":"max-image-preview:large","max-video-preview":"max-video-preview:-1"},"canonical":"http:\/\/ludzieikrajobrazy.muzeumleszno.pl\/?p=611","og_locale":"pl_PL","og_type":"article","og_title":"Paw\u0142owice. Poczt\u00f3wka wielotematyczna, po 1923 roku, Czempi\u0144, Fotograf Leon Durczykiewicz - Ludzie i krajobrazy. Powiat Leszczy\u0144ski w ikonografii","og_description":"Ko\u015bci\u00f3\u0142 pw. Matki Bo\u017cej \u015anie\u017cnej zbudowano jako kaplic\u0119 dworsk\u0105 w 1597 roku. Jej fundatorami byli Bart\u0142omiej Paw\u0142owski (ok. 1550\u2013przed 1605) i Dorota z Rydzy\u0144skich (ok. 1550\u2013przed 1621). Od...","og_url":"http:\/\/ludzieikrajobrazy.muzeumleszno.pl\/?p=611","og_site_name":"Ludzie i krajobrazy. Powiat Leszczy\u0144ski w ikonografii","article_published_time":"2024-07-02T10:00:36+00:00","article_modified_time":"2024-09-26T10:38:02+00:00","og_image":[{"width":2560,"height":1608,"url":"http:\/\/ludzieikrajobrazy.muzeumleszno.pl\/wp-content\/uploads\/2024\/07\/119_MLH-4384-scaled.jpg","type":"image\/jpeg"}],"author":"Pan_Admin","twitter_card":"summary_large_image","twitter_misc":{"Napisane przez":"Pan_Admin","Szacowany czas czytania":"2 minuty"},"schema":{"@context":"https:\/\/schema.org","@graph":[{"@type":"Article","@id":"http:\/\/ludzieikrajobrazy.muzeumleszno.pl\/?p=611#article","isPartOf":{"@id":"http:\/\/ludzieikrajobrazy.muzeumleszno.pl\/?p=611"},"author":{"name":"Pan_Admin","@id":"https:\/\/ludzieikrajobrazy.muzeumleszno.pl\/#\/schema\/person\/fc2bc20e2b51efc3202ac1f0cdcd06c0"},"headline":"Paw\u0142owice. Poczt\u00f3wka wielotematyczna, po 1923 roku, Czempi\u0144, Fotograf Leon Durczykiewicz","datePublished":"2024-07-02T10:00:36+00:00","dateModified":"2024-09-26T10:38:02+00:00","mainEntityOfPage":{"@id":"http:\/\/ludzieikrajobrazy.muzeumleszno.pl\/?p=611"},"wordCount":270,"image":{"@id":"http:\/\/ludzieikrajobrazy.muzeumleszno.pl\/?p=611#primaryimage"},"thumbnailUrl":"http:\/\/ludzieikrajobrazy.muzeumleszno.pl\/wp-content\/uploads\/2024\/07\/119_MLH-4384-scaled.jpg","keywords":["1923","architektura","Bart\u0142omiej Paw\u0142owski","Czempi\u0144","degustacje","dworzec","kaplica dworska","ko\u015bci\u00f3\u0142 parafialny","Ko\u015bci\u00f3\u0142 pod wezwaniem Matki Bo\u017cej \u015anie\u017cnej","ko\u015bci\u00f3\u0142 pod wezwaniem \u015bw. Miko\u0142aja i \u015bw. Barbary","kupiectwo","Leon Durczykiewicz","Leszno","linia kolejowa","\u0141\u00f3d\u017a Kaliska","Miel\u017cy\u0144scy","Ostr\u00f3w Wielkopolski","pa\u0142ac","Paw\u0142owice","poczt\u00f3wka","poczt\u00f3wka wielotematyczna","rabaty","Skalmierzyce","\u017baga\u0144","\u017bary"],"articleSection":["Paw\u0142owice"],"inLanguage":"pl-PL"},{"@type":"WebPage","@id":"http:\/\/ludzieikrajobrazy.muzeumleszno.pl\/?p=611","url":"http:\/\/ludzieikrajobrazy.muzeumleszno.pl\/?p=611","name":"Paw\u0142owice. Poczt\u00f3wka wielotematyczna, po 1923 roku, Czempi\u0144, Fotograf Leon Durczykiewicz - Ludzie i krajobrazy. Powiat Leszczy\u0144ski w ikonografii","isPartOf":{"@id":"https:\/\/ludzieikrajobrazy.muzeumleszno.pl\/#website"},"primaryImageOfPage":{"@id":"http:\/\/ludzieikrajobrazy.muzeumleszno.pl\/?p=611#primaryimage"},"image":{"@id":"http:\/\/ludzieikrajobrazy.muzeumleszno.pl\/?p=611#primaryimage"},"thumbnailUrl":"http:\/\/ludzieikrajobrazy.muzeumleszno.pl\/wp-content\/uploads\/2024\/07\/119_MLH-4384-scaled.jpg","datePublished":"2024-07-02T10:00:36+00:00","dateModified":"2024-09-26T10:38:02+00:00","author":{"@id":"https:\/\/ludzieikrajobrazy.muzeumleszno.pl\/#\/schema\/person\/fc2bc20e2b51efc3202ac1f0cdcd06c0"},"breadcrumb":{"@id":"http:\/\/ludzieikrajobrazy.muzeumleszno.pl\/?p=611#breadcrumb"},"inLanguage":"pl-PL","potentialAction":[{"@type":"ReadAction","target":["http:\/\/ludzieikrajobrazy.muzeumleszno.pl\/?p=611"]}]},{"@type":"BreadcrumbList","@id":"http:\/\/ludzieikrajobrazy.muzeumleszno.pl\/?p=611#breadcrumb","itemListElement":[{"@type":"ListItem","position":1,"name":"Home","item":"https:\/\/ludzieikrajobrazy.muzeumleszno.pl\/"},{"@type":"ListItem","position":2,"name":"Paw\u0142owice. Poczt\u00f3wka wielotematyczna, po 1923 roku, Czempi\u0144, Fotograf Leon Durczykiewicz"}]},{"@type":"WebSite","@id":"https:\/\/ludzieikrajobrazy.muzeumleszno.pl\/#website","url":"https:\/\/ludzieikrajobrazy.muzeumleszno.pl\/","name":"Ludzie i krajobrazy. Powiat Leszczy\u0144ski w ikonografii","description":"Powiat Leszczy\u0144ski w ikonografii","potentialAction":[{"@type":"SearchAction","target":{"@type":"EntryPoint","urlTemplate":"https:\/\/ludzieikrajobrazy.muzeumleszno.pl\/?s={search_term_string}"},"query-input":{"@type":"PropertyValueSpecification","valueRequired":true,"valueName":"search_term_string"}}],"inLanguage":"pl-PL"},{"@type":"Person","@id":"https:\/\/ludzieikrajobrazy.muzeumleszno.pl\/#\/schema\/person\/fc2bc20e2b51efc3202ac1f0cdcd06c0","name":"Pan_Admin","image":{"@type":"ImageObject","inLanguage":"pl-PL","@id":"https:\/\/secure.gravatar.com\/avatar\/d109d485abe889ecc32dbdb971b715ad9d4596bd0e2353626451db3e04099822?s=96&d=mm&r=g","url":"https:\/\/secure.gravatar.com\/avatar\/d109d485abe889ecc32dbdb971b715ad9d4596bd0e2353626451db3e04099822?s=96&d=mm&r=g","contentUrl":"https:\/\/secure.gravatar.com\/avatar\/d109d485abe889ecc32dbdb971b715ad9d4596bd0e2353626451db3e04099822?s=96&d=mm&r=g","caption":"Pan_Admin"},"sameAs":["http:\/\/ludzieikrajobrazy.muzeumleszno.pl"],"url":"http:\/\/ludzieikrajobrazy.muzeumleszno.pl\/?author=1"}]}},"_links":{"self":[{"href":"http:\/\/ludzieikrajobrazy.muzeumleszno.pl\/index.php?rest_route=\/wp\/v2\/posts\/611","targetHints":{"allow":["GET"]}}],"collection":[{"href":"http:\/\/ludzieikrajobrazy.muzeumleszno.pl\/index.php?rest_route=\/wp\/v2\/posts"}],"about":[{"href":"http:\/\/ludzieikrajobrazy.muzeumleszno.pl\/index.php?rest_route=\/wp\/v2\/types\/post"}],"author":[{"embeddable":true,"href":"http:\/\/ludzieikrajobrazy.muzeumleszno.pl\/index.php?rest_route=\/wp\/v2\/users\/1"}],"replies":[{"embeddable":true,"href":"http:\/\/ludzieikrajobrazy.muzeumleszno.pl\/index.php?rest_route=%2Fwp%2Fv2%2Fcomments&post=611"}],"version-history":[{"count":2,"href":"http:\/\/ludzieikrajobrazy.muzeumleszno.pl\/index.php?rest_route=\/wp\/v2\/posts\/611\/revisions"}],"predecessor-version":[{"id":1285,"href":"http:\/\/ludzieikrajobrazy.muzeumleszno.pl\/index.php?rest_route=\/wp\/v2\/posts\/611\/revisions\/1285"}],"wp:featuredmedia":[{"embeddable":true,"href":"http:\/\/ludzieikrajobrazy.muzeumleszno.pl\/index.php?rest_route=\/wp\/v2\/media\/613"}],"wp:attachment":[{"href":"http:\/\/ludzieikrajobrazy.muzeumleszno.pl\/index.php?rest_route=%2Fwp%2Fv2%2Fmedia&parent=611"}],"wp:term":[{"taxonomy":"category","embeddable":true,"href":"http:\/\/ludzieikrajobrazy.muzeumleszno.pl\/index.php?rest_route=%2Fwp%2Fv2%2Fcategories&post=611"},{"taxonomy":"post_tag","embeddable":true,"href":"http:\/\/ludzieikrajobrazy.muzeumleszno.pl\/index.php?rest_route=%2Fwp%2Fv2%2Ftags&post=611"}],"curies":[{"name":"wp","href":"https:\/\/api.w.org\/{rel}","templated":true}]}}