{"id":616,"date":"2024-07-02T11:59:41","date_gmt":"2024-07-02T09:59:41","guid":{"rendered":"http:\/\/ludzieikrajobrazy.muzeumleszno.pl\/?p=616"},"modified":"2024-09-26T12:20:55","modified_gmt":"2024-09-26T10:20:55","slug":"pawlowice-kosciol-pw-matki-boskiej-snieznej-okolo-1950-roku","status":"publish","type":"post","link":"http:\/\/ludzieikrajobrazy.muzeumleszno.pl\/?p=616","title":{"rendered":"Paw\u0142owice. Ko\u015bci\u00f3\u0142 pw. Matki Boskiej \u015anie\u017cnej, oko\u0142o 1950 roku"},"content":{"rendered":"\n<p>Paw\u0142owice nale\u017c\u0105 do najstarszych miejscowo\u015bci po\u0142o\u017conych w granicach powiatu leszczy\u0144skiego. Po raz pierwszy odnotowane zosta\u0142y w 1310 roku w dokumencie ksi\u0119cia g\u0142ogowsko-\u017caga\u0144skiego Henryka IV Wiernego (1291\u20131342), wsp\u00f3\u0142rz\u0105dcy Wielkopolski. Na pocz\u0105tku XV wieku wie\u015b nale\u017ca\u0142a do rycerza Jana z Czerniny (1360\u20131423), starosty wschowskiego, a nast\u0119pnie do jego potomk\u00f3w. Od 1693 roku do wybuchu II wojny \u015bwiatowej by\u0142a w\u0142asno\u015bci\u0105 rodziny Miel\u017cy\u0144skich. Pierwszym przedstawicielem rodu gospodaruj\u0105cym pod Lesznem by\u0142 Maciej Miel\u017cy\u0144ski (1636\u20131697), starosta kcy\u0144ski i kasztelan \u015bremski.&nbsp;<\/p>\n\n\n\n<p>Ko\u015bci\u00f3\u0142 w Paw\u0142owicach istnia\u0142 ju\u017c w \u015bredniowieczu, jednak w innej lokalizacji. \u015alady jego fundament\u00f3w zachowa\u0142y si\u0119 na terenie cmentarza. Obecny wzniesiono w 1597 roku jako kaplic\u0119 dworsk\u0105. Rozbudowano j\u0105 w XVIII stuleciu staraniem Andrzeja (1698\u20131771) i Maksymiliana (1738\u20131799) Miel\u017cy\u0144skich. Od strony po\u0142udniowej i p\u00f3\u0142nocnej dobudowane zosta\u0142y dwie kaplice, od zachodu wie\u017ca, a od wschodu zakrystia. W podziemiach kaplicy p\u00f3\u0142nocnej znajduje si\u0119 krypta grobowa, w kt\u00f3rej chowano \u015bwieckich patron\u00f3w \u015bwi\u0105tyni i cz\u0142onk\u00f3w ich rodzin.&nbsp;<\/p>\n\n\n\n<figure data-wp-context=\"{&quot;imageId&quot;:&quot;69f1ccd1ed0d2&quot;}\" data-wp-interactive=\"core\/image\" data-wp-key=\"69f1ccd1ed0d2\" class=\"wp-block-image size-full wp-lightbox-container\"><img fetchpriority=\"high\" decoding=\"async\" width=\"1508\" height=\"2000\" data-wp-class--hide=\"state.isContentHidden\" data-wp-class--show=\"state.isContentVisible\" data-wp-init=\"callbacks.setButtonStyles\" data-wp-on--click=\"actions.showLightbox\" data-wp-on--load=\"callbacks.setButtonStyles\" data-wp-on-window--resize=\"callbacks.setButtonStyles\" src=\"http:\/\/ludzieikrajobrazy.muzeumleszno.pl\/wp-content\/uploads\/2024\/07\/120_MLFa-247.jpg\" alt=\"Paw\u0142owice. Ko\u015bci\u00f3\u0142 pw. Matki Boskiej \u015anie\u017cnej, oko\u0142o 1950 roku\" class=\"wp-image-617\" srcset=\"http:\/\/ludzieikrajobrazy.muzeumleszno.pl\/wp-content\/uploads\/2024\/07\/120_MLFa-247.jpg 1508w, http:\/\/ludzieikrajobrazy.muzeumleszno.pl\/wp-content\/uploads\/2024\/07\/120_MLFa-247-1158x1536.jpg 1158w, http:\/\/ludzieikrajobrazy.muzeumleszno.pl\/wp-content\/uploads\/2024\/07\/120_MLFa-247-200x265.jpg 200w, http:\/\/ludzieikrajobrazy.muzeumleszno.pl\/wp-content\/uploads\/2024\/07\/120_MLFa-247-973x1290.jpg 973w, http:\/\/ludzieikrajobrazy.muzeumleszno.pl\/wp-content\/uploads\/2024\/07\/120_MLFa-247-508x674.jpg 508w\" sizes=\"(max-width: 1508px) 100vw, 1508px\" \/><button\n\t\t\tclass=\"lightbox-trigger\"\n\t\t\ttype=\"button\"\n\t\t\taria-haspopup=\"dialog\"\n\t\t\taria-label=\"Powi\u0119ksz\"\n\t\t\tdata-wp-init=\"callbacks.initTriggerButton\"\n\t\t\tdata-wp-on--click=\"actions.showLightbox\"\n\t\t\tdata-wp-style--right=\"state.imageButtonRight\"\n\t\t\tdata-wp-style--top=\"state.imageButtonTop\"\n\t\t>\n\t\t\t<svg xmlns=\"http:\/\/www.w3.org\/2000\/svg\" width=\"12\" height=\"12\" fill=\"none\" viewBox=\"0 0 12 12\">\n\t\t\t\t<path fill=\"#fff\" d=\"M2 0a2 2 0 0 0-2 2v2h1.5V2a.5.5 0 0 1 .5-.5h2V0H2Zm2 10.5H2a.5.5 0 0 1-.5-.5V8H0v2a2 2 0 0 0 2 2h2v-1.5ZM8 12v-1.5h2a.5.5 0 0 0 .5-.5V8H12v2a2 2 0 0 1-2 2H8Zm2-12a2 2 0 0 1 2 2v2h-1.5V2a.5.5 0 0 0-.5-.5H8V0h2Z\" \/>\n\t\t\t<\/svg>\n\t\t<\/button><figcaption class=\"wp-element-caption\">Paw\u0142owice. Ko\u015bci\u00f3\u0142 pw. Matki Boskiej \u015anie\u017cnej, oko\u0142o 1950 roku, wys. 12,5 cm x szer. 17,5 cm; odbitka srebrowo-\u017celatynowa, papier fotograficzny, 1950 rok, Muzeum Okr\u0119gowe w Lesznie; MLFa247<\/figcaption><\/figure>\n\n\n\n<p class=\"has-small-font-size\">nr inw. MLFa 247<br>W zbiorach Muzeum Okr\u0119gowego w Lesznie od lat 60. XX wieku, dar<\/p>\n\n\n\n<p>D.Cz.<\/p>\n\n\n\n<figure class=\"wp-block-embed is-type-video is-provider-youtube wp-block-embed-youtube wp-embed-aspect-16-9 wp-has-aspect-ratio\"><div class=\"wp-block-embed__wrapper\">\n<iframe title=\"Paw\u0142owice  Ko\u015bci\u00f3\u0142 pw  Matki Boskiej \u015anie\u017cnej, oko\u0142o 1950 roku\" width=\"620\" height=\"349\" src=\"https:\/\/www.youtube.com\/embed\/fukfIh_PBkk?feature=oembed\" frameborder=\"0\" allow=\"accelerometer; autoplay; clipboard-write; encrypted-media; gyroscope; picture-in-picture; web-share\" referrerpolicy=\"strict-origin-when-cross-origin\" allowfullscreen><\/iframe>\n<\/div><\/figure>\n","protected":false},"excerpt":{"rendered":"<p>Paw\u0142owice nale\u017c\u0105 do najstarszych miejscowo\u015bci po\u0142o\u017conych w granicach powiatu leszczy\u0144skiego. Po raz pierwszy odnotowane zosta\u0142y w 1310 roku w dokumencie ksi\u0119cia g\u0142ogowsko-\u017caga\u0144skiego Henryka IV Wiernego (1291\u20131342), wsp\u00f3\u0142rz\u0105dcy Wielkopolski&#8230;.<\/p>\n","protected":false},"author":1,"featured_media":617,"comment_status":"closed","ping_status":"closed","sticky":false,"template":"","format":"standard","meta":{"cybocfi_hide_featured_image":"yes","footnotes":""},"categories":[240],"tags":[147,393,378,392,388,363,389,370,386,395,387,390,394,373,364,391],"class_list":["post-616","post","type-post","status-publish","format-standard","has-post-thumbnail","hentry","category-pawlowice","tag-147","tag-andrzej-mielzynski","tag-architektura","tag-cmentarz","tag-henryk-iv-wierny","tag-ii-wojna-swiatowa","tag-jan-z-czerniny","tag-kaplica-dworska","tag-kosciol-wezwania-matki-boskiej-snieznej","tag-krypta-grobowa","tag-ksiaze-glogowsko-zaganski","tag-maciej-mielzynski","tag-maksymilian-mielzynski","tag-mielzynscy","tag-pawlowice","tag-sredniowiecze"],"yoast_head":"<!-- This site is optimized with the Yoast SEO plugin v27.5 - https:\/\/yoast.com\/product\/yoast-seo-wordpress\/ -->\n<title>Paw\u0142owice. Ko\u015bci\u00f3\u0142 pw. Matki Boskiej \u015anie\u017cnej, oko\u0142o 1950 roku - Ludzie i krajobrazy. Powiat Leszczy\u0144ski w ikonografii<\/title>\n<meta name=\"robots\" content=\"index, follow, max-snippet:-1, max-image-preview:large, max-video-preview:-1\" \/>\n<link rel=\"canonical\" href=\"http:\/\/ludzieikrajobrazy.muzeumleszno.pl\/?p=616\" \/>\n<meta property=\"og:locale\" content=\"pl_PL\" \/>\n<meta property=\"og:type\" content=\"article\" \/>\n<meta property=\"og:title\" content=\"Paw\u0142owice. Ko\u015bci\u00f3\u0142 pw. Matki Boskiej \u015anie\u017cnej, oko\u0142o 1950 roku - Ludzie i krajobrazy. Powiat Leszczy\u0144ski w ikonografii\" \/>\n<meta property=\"og:description\" content=\"Paw\u0142owice nale\u017c\u0105 do najstarszych miejscowo\u015bci po\u0142o\u017conych w granicach powiatu leszczy\u0144skiego. Po raz pierwszy odnotowane zosta\u0142y w 1310 roku w dokumencie ksi\u0119cia g\u0142ogowsko-\u017caga\u0144skiego Henryka IV Wiernego (1291\u20131342), wsp\u00f3\u0142rz\u0105dcy Wielkopolski....\" \/>\n<meta property=\"og:url\" content=\"http:\/\/ludzieikrajobrazy.muzeumleszno.pl\/?p=616\" \/>\n<meta property=\"og:site_name\" content=\"Ludzie i krajobrazy. Powiat Leszczy\u0144ski w ikonografii\" \/>\n<meta property=\"article:published_time\" content=\"2024-07-02T09:59:41+00:00\" \/>\n<meta property=\"article:modified_time\" content=\"2024-09-26T10:20:55+00:00\" \/>\n<meta property=\"og:image\" content=\"http:\/\/ludzieikrajobrazy.muzeumleszno.pl\/wp-content\/uploads\/2024\/07\/120_MLFa-247.jpg\" \/>\n\t<meta property=\"og:image:width\" content=\"1508\" \/>\n\t<meta property=\"og:image:height\" content=\"2000\" \/>\n\t<meta property=\"og:image:type\" content=\"image\/jpeg\" \/>\n<meta name=\"author\" content=\"Pan_Admin\" \/>\n<meta name=\"twitter:card\" content=\"summary_large_image\" \/>\n<meta name=\"twitter:label1\" content=\"Napisane przez\" \/>\n\t<meta name=\"twitter:data1\" content=\"Pan_Admin\" \/>\n\t<meta name=\"twitter:label2\" content=\"Szacowany czas czytania\" \/>\n\t<meta name=\"twitter:data2\" content=\"2 minuty\" \/>\n<script type=\"application\/ld+json\" class=\"yoast-schema-graph\">{\"@context\":\"https:\\\/\\\/schema.org\",\"@graph\":[{\"@type\":\"Article\",\"@id\":\"http:\\\/\\\/ludzieikrajobrazy.muzeumleszno.pl\\\/?p=616#article\",\"isPartOf\":{\"@id\":\"http:\\\/\\\/ludzieikrajobrazy.muzeumleszno.pl\\\/?p=616\"},\"author\":{\"name\":\"Pan_Admin\",\"@id\":\"https:\\\/\\\/ludzieikrajobrazy.muzeumleszno.pl\\\/#\\\/schema\\\/person\\\/fc2bc20e2b51efc3202ac1f0cdcd06c0\"},\"headline\":\"Paw\u0142owice. Ko\u015bci\u00f3\u0142 pw. Matki Boskiej \u015anie\u017cnej, oko\u0142o 1950 roku\",\"datePublished\":\"2024-07-02T09:59:41+00:00\",\"dateModified\":\"2024-09-26T10:20:55+00:00\",\"mainEntityOfPage\":{\"@id\":\"http:\\\/\\\/ludzieikrajobrazy.muzeumleszno.pl\\\/?p=616\"},\"wordCount\":246,\"image\":{\"@id\":\"http:\\\/\\\/ludzieikrajobrazy.muzeumleszno.pl\\\/?p=616#primaryimage\"},\"thumbnailUrl\":\"http:\\\/\\\/ludzieikrajobrazy.muzeumleszno.pl\\\/wp-content\\\/uploads\\\/2024\\\/07\\\/120_MLFa-247.jpg\",\"keywords\":[\"1950\",\"Andrzej Miel\u017cy\u0144ski\",\"architektura\",\"cmentarz\",\"Henryk IV Wierny\",\"II Wojna \u015awiatowa\",\"Jan z Czerniny\",\"kaplica dworska\",\"Ko\u015bci\u00f3\u0142 wezwania Matki Boskiej \u015anie\u017cnej\",\"krypta grobowa\",\"ksi\u0105\u017c\u0119 g\u0142ogowsko-\u017caga\u0144ski\",\"Maciej Miel\u017cy\u0144ski\",\"Maksymilian Miel\u017cy\u0144ski\",\"Miel\u017cy\u0144scy\",\"Paw\u0142owice\",\"\u015bredniowiecze\"],\"articleSection\":[\"Paw\u0142owice\"],\"inLanguage\":\"pl-PL\"},{\"@type\":\"WebPage\",\"@id\":\"http:\\\/\\\/ludzieikrajobrazy.muzeumleszno.pl\\\/?p=616\",\"url\":\"http:\\\/\\\/ludzieikrajobrazy.muzeumleszno.pl\\\/?p=616\",\"name\":\"Paw\u0142owice. Ko\u015bci\u00f3\u0142 pw. Matki Boskiej \u015anie\u017cnej, oko\u0142o 1950 roku - Ludzie i krajobrazy. Powiat Leszczy\u0144ski w ikonografii\",\"isPartOf\":{\"@id\":\"https:\\\/\\\/ludzieikrajobrazy.muzeumleszno.pl\\\/#website\"},\"primaryImageOfPage\":{\"@id\":\"http:\\\/\\\/ludzieikrajobrazy.muzeumleszno.pl\\\/?p=616#primaryimage\"},\"image\":{\"@id\":\"http:\\\/\\\/ludzieikrajobrazy.muzeumleszno.pl\\\/?p=616#primaryimage\"},\"thumbnailUrl\":\"http:\\\/\\\/ludzieikrajobrazy.muzeumleszno.pl\\\/wp-content\\\/uploads\\\/2024\\\/07\\\/120_MLFa-247.jpg\",\"datePublished\":\"2024-07-02T09:59:41+00:00\",\"dateModified\":\"2024-09-26T10:20:55+00:00\",\"author\":{\"@id\":\"https:\\\/\\\/ludzieikrajobrazy.muzeumleszno.pl\\\/#\\\/schema\\\/person\\\/fc2bc20e2b51efc3202ac1f0cdcd06c0\"},\"breadcrumb\":{\"@id\":\"http:\\\/\\\/ludzieikrajobrazy.muzeumleszno.pl\\\/?p=616#breadcrumb\"},\"inLanguage\":\"pl-PL\",\"potentialAction\":[{\"@type\":\"ReadAction\",\"target\":[\"http:\\\/\\\/ludzieikrajobrazy.muzeumleszno.pl\\\/?p=616\"]}]},{\"@type\":\"BreadcrumbList\",\"@id\":\"http:\\\/\\\/ludzieikrajobrazy.muzeumleszno.pl\\\/?p=616#breadcrumb\",\"itemListElement\":[{\"@type\":\"ListItem\",\"position\":1,\"name\":\"Home\",\"item\":\"https:\\\/\\\/ludzieikrajobrazy.muzeumleszno.pl\\\/\"},{\"@type\":\"ListItem\",\"position\":2,\"name\":\"Paw\u0142owice. Ko\u015bci\u00f3\u0142 pw. Matki Boskiej \u015anie\u017cnej, oko\u0142o 1950 roku\"}]},{\"@type\":\"WebSite\",\"@id\":\"https:\\\/\\\/ludzieikrajobrazy.muzeumleszno.pl\\\/#website\",\"url\":\"https:\\\/\\\/ludzieikrajobrazy.muzeumleszno.pl\\\/\",\"name\":\"Ludzie i krajobrazy. Powiat Leszczy\u0144ski w ikonografii\",\"description\":\"Powiat Leszczy\u0144ski w ikonografii\",\"potentialAction\":[{\"@type\":\"SearchAction\",\"target\":{\"@type\":\"EntryPoint\",\"urlTemplate\":\"https:\\\/\\\/ludzieikrajobrazy.muzeumleszno.pl\\\/?s={search_term_string}\"},\"query-input\":{\"@type\":\"PropertyValueSpecification\",\"valueRequired\":true,\"valueName\":\"search_term_string\"}}],\"inLanguage\":\"pl-PL\"},{\"@type\":\"Person\",\"@id\":\"https:\\\/\\\/ludzieikrajobrazy.muzeumleszno.pl\\\/#\\\/schema\\\/person\\\/fc2bc20e2b51efc3202ac1f0cdcd06c0\",\"name\":\"Pan_Admin\",\"image\":{\"@type\":\"ImageObject\",\"inLanguage\":\"pl-PL\",\"@id\":\"https:\\\/\\\/secure.gravatar.com\\\/avatar\\\/d109d485abe889ecc32dbdb971b715ad9d4596bd0e2353626451db3e04099822?s=96&d=mm&r=g\",\"url\":\"https:\\\/\\\/secure.gravatar.com\\\/avatar\\\/d109d485abe889ecc32dbdb971b715ad9d4596bd0e2353626451db3e04099822?s=96&d=mm&r=g\",\"contentUrl\":\"https:\\\/\\\/secure.gravatar.com\\\/avatar\\\/d109d485abe889ecc32dbdb971b715ad9d4596bd0e2353626451db3e04099822?s=96&d=mm&r=g\",\"caption\":\"Pan_Admin\"},\"sameAs\":[\"http:\\\/\\\/ludzieikrajobrazy.muzeumleszno.pl\"],\"url\":\"http:\\\/\\\/ludzieikrajobrazy.muzeumleszno.pl\\\/?author=1\"}]}<\/script>\n<!-- \/ Yoast SEO plugin. -->","yoast_head_json":{"title":"Paw\u0142owice. Ko\u015bci\u00f3\u0142 pw. Matki Boskiej \u015anie\u017cnej, oko\u0142o 1950 roku - Ludzie i krajobrazy. Powiat Leszczy\u0144ski w ikonografii","robots":{"index":"index","follow":"follow","max-snippet":"max-snippet:-1","max-image-preview":"max-image-preview:large","max-video-preview":"max-video-preview:-1"},"canonical":"http:\/\/ludzieikrajobrazy.muzeumleszno.pl\/?p=616","og_locale":"pl_PL","og_type":"article","og_title":"Paw\u0142owice. Ko\u015bci\u00f3\u0142 pw. Matki Boskiej \u015anie\u017cnej, oko\u0142o 1950 roku - Ludzie i krajobrazy. Powiat Leszczy\u0144ski w ikonografii","og_description":"Paw\u0142owice nale\u017c\u0105 do najstarszych miejscowo\u015bci po\u0142o\u017conych w granicach powiatu leszczy\u0144skiego. Po raz pierwszy odnotowane zosta\u0142y w 1310 roku w dokumencie ksi\u0119cia g\u0142ogowsko-\u017caga\u0144skiego Henryka IV Wiernego (1291\u20131342), wsp\u00f3\u0142rz\u0105dcy Wielkopolski....","og_url":"http:\/\/ludzieikrajobrazy.muzeumleszno.pl\/?p=616","og_site_name":"Ludzie i krajobrazy. Powiat Leszczy\u0144ski w ikonografii","article_published_time":"2024-07-02T09:59:41+00:00","article_modified_time":"2024-09-26T10:20:55+00:00","og_image":[{"width":1508,"height":2000,"url":"http:\/\/ludzieikrajobrazy.muzeumleszno.pl\/wp-content\/uploads\/2024\/07\/120_MLFa-247.jpg","type":"image\/jpeg"}],"author":"Pan_Admin","twitter_card":"summary_large_image","twitter_misc":{"Napisane przez":"Pan_Admin","Szacowany czas czytania":"2 minuty"},"schema":{"@context":"https:\/\/schema.org","@graph":[{"@type":"Article","@id":"http:\/\/ludzieikrajobrazy.muzeumleszno.pl\/?p=616#article","isPartOf":{"@id":"http:\/\/ludzieikrajobrazy.muzeumleszno.pl\/?p=616"},"author":{"name":"Pan_Admin","@id":"https:\/\/ludzieikrajobrazy.muzeumleszno.pl\/#\/schema\/person\/fc2bc20e2b51efc3202ac1f0cdcd06c0"},"headline":"Paw\u0142owice. Ko\u015bci\u00f3\u0142 pw. Matki Boskiej \u015anie\u017cnej, oko\u0142o 1950 roku","datePublished":"2024-07-02T09:59:41+00:00","dateModified":"2024-09-26T10:20:55+00:00","mainEntityOfPage":{"@id":"http:\/\/ludzieikrajobrazy.muzeumleszno.pl\/?p=616"},"wordCount":246,"image":{"@id":"http:\/\/ludzieikrajobrazy.muzeumleszno.pl\/?p=616#primaryimage"},"thumbnailUrl":"http:\/\/ludzieikrajobrazy.muzeumleszno.pl\/wp-content\/uploads\/2024\/07\/120_MLFa-247.jpg","keywords":["1950","Andrzej Miel\u017cy\u0144ski","architektura","cmentarz","Henryk IV Wierny","II Wojna \u015awiatowa","Jan z Czerniny","kaplica dworska","Ko\u015bci\u00f3\u0142 wezwania Matki Boskiej \u015anie\u017cnej","krypta grobowa","ksi\u0105\u017c\u0119 g\u0142ogowsko-\u017caga\u0144ski","Maciej Miel\u017cy\u0144ski","Maksymilian Miel\u017cy\u0144ski","Miel\u017cy\u0144scy","Paw\u0142owice","\u015bredniowiecze"],"articleSection":["Paw\u0142owice"],"inLanguage":"pl-PL"},{"@type":"WebPage","@id":"http:\/\/ludzieikrajobrazy.muzeumleszno.pl\/?p=616","url":"http:\/\/ludzieikrajobrazy.muzeumleszno.pl\/?p=616","name":"Paw\u0142owice. Ko\u015bci\u00f3\u0142 pw. Matki Boskiej \u015anie\u017cnej, oko\u0142o 1950 roku - Ludzie i krajobrazy. Powiat Leszczy\u0144ski w ikonografii","isPartOf":{"@id":"https:\/\/ludzieikrajobrazy.muzeumleszno.pl\/#website"},"primaryImageOfPage":{"@id":"http:\/\/ludzieikrajobrazy.muzeumleszno.pl\/?p=616#primaryimage"},"image":{"@id":"http:\/\/ludzieikrajobrazy.muzeumleszno.pl\/?p=616#primaryimage"},"thumbnailUrl":"http:\/\/ludzieikrajobrazy.muzeumleszno.pl\/wp-content\/uploads\/2024\/07\/120_MLFa-247.jpg","datePublished":"2024-07-02T09:59:41+00:00","dateModified":"2024-09-26T10:20:55+00:00","author":{"@id":"https:\/\/ludzieikrajobrazy.muzeumleszno.pl\/#\/schema\/person\/fc2bc20e2b51efc3202ac1f0cdcd06c0"},"breadcrumb":{"@id":"http:\/\/ludzieikrajobrazy.muzeumleszno.pl\/?p=616#breadcrumb"},"inLanguage":"pl-PL","potentialAction":[{"@type":"ReadAction","target":["http:\/\/ludzieikrajobrazy.muzeumleszno.pl\/?p=616"]}]},{"@type":"BreadcrumbList","@id":"http:\/\/ludzieikrajobrazy.muzeumleszno.pl\/?p=616#breadcrumb","itemListElement":[{"@type":"ListItem","position":1,"name":"Home","item":"https:\/\/ludzieikrajobrazy.muzeumleszno.pl\/"},{"@type":"ListItem","position":2,"name":"Paw\u0142owice. Ko\u015bci\u00f3\u0142 pw. Matki Boskiej \u015anie\u017cnej, oko\u0142o 1950 roku"}]},{"@type":"WebSite","@id":"https:\/\/ludzieikrajobrazy.muzeumleszno.pl\/#website","url":"https:\/\/ludzieikrajobrazy.muzeumleszno.pl\/","name":"Ludzie i krajobrazy. Powiat Leszczy\u0144ski w ikonografii","description":"Powiat Leszczy\u0144ski w ikonografii","potentialAction":[{"@type":"SearchAction","target":{"@type":"EntryPoint","urlTemplate":"https:\/\/ludzieikrajobrazy.muzeumleszno.pl\/?s={search_term_string}"},"query-input":{"@type":"PropertyValueSpecification","valueRequired":true,"valueName":"search_term_string"}}],"inLanguage":"pl-PL"},{"@type":"Person","@id":"https:\/\/ludzieikrajobrazy.muzeumleszno.pl\/#\/schema\/person\/fc2bc20e2b51efc3202ac1f0cdcd06c0","name":"Pan_Admin","image":{"@type":"ImageObject","inLanguage":"pl-PL","@id":"https:\/\/secure.gravatar.com\/avatar\/d109d485abe889ecc32dbdb971b715ad9d4596bd0e2353626451db3e04099822?s=96&d=mm&r=g","url":"https:\/\/secure.gravatar.com\/avatar\/d109d485abe889ecc32dbdb971b715ad9d4596bd0e2353626451db3e04099822?s=96&d=mm&r=g","contentUrl":"https:\/\/secure.gravatar.com\/avatar\/d109d485abe889ecc32dbdb971b715ad9d4596bd0e2353626451db3e04099822?s=96&d=mm&r=g","caption":"Pan_Admin"},"sameAs":["http:\/\/ludzieikrajobrazy.muzeumleszno.pl"],"url":"http:\/\/ludzieikrajobrazy.muzeumleszno.pl\/?author=1"}]}},"_links":{"self":[{"href":"http:\/\/ludzieikrajobrazy.muzeumleszno.pl\/index.php?rest_route=\/wp\/v2\/posts\/616","targetHints":{"allow":["GET"]}}],"collection":[{"href":"http:\/\/ludzieikrajobrazy.muzeumleszno.pl\/index.php?rest_route=\/wp\/v2\/posts"}],"about":[{"href":"http:\/\/ludzieikrajobrazy.muzeumleszno.pl\/index.php?rest_route=\/wp\/v2\/types\/post"}],"author":[{"embeddable":true,"href":"http:\/\/ludzieikrajobrazy.muzeumleszno.pl\/index.php?rest_route=\/wp\/v2\/users\/1"}],"replies":[{"embeddable":true,"href":"http:\/\/ludzieikrajobrazy.muzeumleszno.pl\/index.php?rest_route=%2Fwp%2Fv2%2Fcomments&post=616"}],"version-history":[{"count":2,"href":"http:\/\/ludzieikrajobrazy.muzeumleszno.pl\/index.php?rest_route=\/wp\/v2\/posts\/616\/revisions"}],"predecessor-version":[{"id":1282,"href":"http:\/\/ludzieikrajobrazy.muzeumleszno.pl\/index.php?rest_route=\/wp\/v2\/posts\/616\/revisions\/1282"}],"wp:featuredmedia":[{"embeddable":true,"href":"http:\/\/ludzieikrajobrazy.muzeumleszno.pl\/index.php?rest_route=\/wp\/v2\/media\/617"}],"wp:attachment":[{"href":"http:\/\/ludzieikrajobrazy.muzeumleszno.pl\/index.php?rest_route=%2Fwp%2Fv2%2Fmedia&parent=616"}],"wp:term":[{"taxonomy":"category","embeddable":true,"href":"http:\/\/ludzieikrajobrazy.muzeumleszno.pl\/index.php?rest_route=%2Fwp%2Fv2%2Fcategories&post=616"},{"taxonomy":"post_tag","embeddable":true,"href":"http:\/\/ludzieikrajobrazy.muzeumleszno.pl\/index.php?rest_route=%2Fwp%2Fv2%2Ftags&post=616"}],"curies":[{"name":"wp","href":"https:\/\/api.w.org\/{rel}","templated":true}]}}