{"id":622,"date":"2024-07-02T11:58:38","date_gmt":"2024-07-02T09:58:38","guid":{"rendered":"http:\/\/ludzieikrajobrazy.muzeumleszno.pl\/?p=622"},"modified":"2024-09-26T12:07:37","modified_gmt":"2024-09-26T10:07:37","slug":"pawlowice-kosciol-parafialny-okolo-1976-roku-brunon-bortel","status":"publish","type":"post","link":"http:\/\/ludzieikrajobrazy.muzeumleszno.pl\/?p=622","title":{"rendered":"Paw\u0142owice. Ko\u015bci\u00f3\u0142 parafialny, oko\u0142o 1976 roku, Brunon Bortel\u00a0"},"content":{"rendered":"\n<p>Zawodowy i amatorski ruch plastyczny odrodzi\u0142 si\u0119 w Lesznie w grudniu 1945 roku. Dzi\u0119ki zaanga\u017cowaniu wielu zwi\u0105zanych z nim tw\u00f3rc\u00f3w powsta\u0142y setki prac, na kt\u00f3rych utrwalono krajobraz powiatu leszczy\u0144skiego. Podobnie jak archiwalne fotografie przechowa\u0142y dla nas obraz zmieniaj\u0105cego si\u0119 wok\u00f3\u0142 \u015bwiata.&nbsp;<\/p>\n\n\n\n<p>Jednym z artyst\u00f3w cz\u0119sto nawi\u0105zuj\u0105cych w swojej tw\u00f3rczo\u015bci do rodzimego krajobrazu by\u0142 Brunon Bortel (1929\u20131997). Pochodzi\u0142 z Buk\u00f3wca G\u00f3rnego, ale wi\u0119ksz\u0105 cz\u0119\u015b\u0107 zawodowego \u017cycia sp\u0119dzi\u0142 w Lesznie. Jako cz\u0142onek Sekcji Leszczy\u0144skich Plastyk\u00f3w Amator\u00f3w da\u0142 si\u0119 pozna\u0107 jako rysownik i ilustrator w \u201ePrzyjacielu Ludu\u201d oraz autor Teki grafik <em>Ratusze wojew\u00f3dztwa leszczy\u0144skiego<\/em> (1976).&nbsp;<\/p>\n\n\n\n<p>W zbiorach Muzeum Okr\u0119gowego w Lesznie przechowywane s\u0105 jego obrazy, grafiki i rysunki, w\u015br\u00f3d nich widok ko\u015bcio\u0142a w Paw\u0142owicach. Praca wykonana pi\u00f3rkiem schematycznie odwzorowuje bry\u0142\u0119 \u015bwi\u0105tyni, pozostaj\u0105c bardziej studium budynku ni\u017c doko\u0144czonym dzie\u0142em. Jesienny pejza\u017c jest tu wi\u0119c w r\u00f3wnym stopniu dokumentem, jak i artystyczn\u0105 wizj\u0105 plastyka.&nbsp;<\/p>\n\n\n\n<figure data-wp-context=\"{&quot;imageId&quot;:&quot;69f1c6869d1b9&quot;}\" data-wp-interactive=\"core\/image\" data-wp-key=\"69f1c6869d1b9\" class=\"wp-block-image size-full wp-lightbox-container\"><img fetchpriority=\"high\" decoding=\"async\" width=\"2560\" height=\"1772\" data-wp-class--hide=\"state.isContentHidden\" data-wp-class--show=\"state.isContentVisible\" data-wp-init=\"callbacks.setButtonStyles\" data-wp-on--click=\"actions.showLightbox\" data-wp-on--load=\"callbacks.setButtonStyles\" data-wp-on-window--resize=\"callbacks.setButtonStyles\" src=\"http:\/\/ludzieikrajobrazy.muzeumleszno.pl\/wp-content\/uploads\/2024\/07\/121_ML-499-scaled.jpg\" alt=\"Paw\u0142owice. Ko\u015bci\u00f3\u0142 parafialny, oko\u0142o 1976 roku, Brunon Bortel\" class=\"wp-image-623\" srcset=\"http:\/\/ludzieikrajobrazy.muzeumleszno.pl\/wp-content\/uploads\/2024\/07\/121_ML-499-scaled.jpg 2560w, http:\/\/ludzieikrajobrazy.muzeumleszno.pl\/wp-content\/uploads\/2024\/07\/121_ML-499-1536x1063.jpg 1536w, http:\/\/ludzieikrajobrazy.muzeumleszno.pl\/wp-content\/uploads\/2024\/07\/121_ML-499-2048x1418.jpg 2048w, http:\/\/ludzieikrajobrazy.muzeumleszno.pl\/wp-content\/uploads\/2024\/07\/121_ML-499-200x138.jpg 200w, http:\/\/ludzieikrajobrazy.muzeumleszno.pl\/wp-content\/uploads\/2024\/07\/121_ML-499-973x674.jpg 973w, http:\/\/ludzieikrajobrazy.muzeumleszno.pl\/wp-content\/uploads\/2024\/07\/121_ML-499-508x352.jpg 508w\" sizes=\"(max-width: 2560px) 100vw, 2560px\" \/><button\n\t\t\tclass=\"lightbox-trigger\"\n\t\t\ttype=\"button\"\n\t\t\taria-haspopup=\"dialog\"\n\t\t\taria-label=\"Powi\u0119ksz\"\n\t\t\tdata-wp-init=\"callbacks.initTriggerButton\"\n\t\t\tdata-wp-on--click=\"actions.showLightbox\"\n\t\t\tdata-wp-style--right=\"state.imageButtonRight\"\n\t\t\tdata-wp-style--top=\"state.imageButtonTop\"\n\t\t>\n\t\t\t<svg xmlns=\"http:\/\/www.w3.org\/2000\/svg\" width=\"12\" height=\"12\" fill=\"none\" viewBox=\"0 0 12 12\">\n\t\t\t\t<path fill=\"#fff\" d=\"M2 0a2 2 0 0 0-2 2v2h1.5V2a.5.5 0 0 1 .5-.5h2V0H2Zm2 10.5H2a.5.5 0 0 1-.5-.5V8H0v2a2 2 0 0 0 2 2h2v-1.5ZM8 12v-1.5h2a.5.5 0 0 0 .5-.5V8H12v2a2 2 0 0 1-2 2H8Zm2-12a2 2 0 0 1 2 2v2h-1.5V2a.5.5 0 0 0-.5-.5H8V0h2Z\" \/>\n\t\t\t<\/svg>\n\t\t<\/button><figcaption class=\"wp-element-caption\">Paw\u0142owice. Ko\u015bci\u00f3\u0142 parafialny, oko\u0142o 1976 roku, Brunon Bortel; ok. 1976 r.; Paw\u0142owice; papier, tusz, pi\u00f3rko; wys. 10,5, szer. 15,5 cm; Muzeum Okr\u0119gowe w Lesznie; ML499<\/figcaption><\/figure>\n\n\n\n<p class=\"has-small-font-size\">nr inw. ML 499<br>w zbiorach Muzeum Okr\u0119gowego w Lesznie od 1978 roku, dar<\/p>\n\n\n\n<p>D.Cz.<\/p>\n\n\n\n<figure class=\"wp-block-embed is-type-video is-provider-youtube wp-block-embed-youtube wp-embed-aspect-16-9 wp-has-aspect-ratio\"><div class=\"wp-block-embed__wrapper\">\n<iframe title=\"Paw\u0142owice  Ko\u015bci\u00f3\u0142 parafialny, oko\u0142o 1976 roku, Brunon Bortel\" width=\"620\" height=\"349\" src=\"https:\/\/www.youtube.com\/embed\/_5vJctP4W6A?feature=oembed\" frameborder=\"0\" allow=\"accelerometer; autoplay; clipboard-write; encrypted-media; gyroscope; picture-in-picture; web-share\" referrerpolicy=\"strict-origin-when-cross-origin\" allowfullscreen><\/iframe>\n<\/div><\/figure>\n","protected":false},"excerpt":{"rendered":"<p>Zawodowy i amatorski ruch plastyczny odrodzi\u0142 si\u0119 w Lesznie w grudniu 1945 roku. Dzi\u0119ki zaanga\u017cowaniu wielu zwi\u0105zanych z nim tw\u00f3rc\u00f3w powsta\u0142y setki prac, na kt\u00f3rych utrwalono krajobraz powiatu&#8230;<\/p>\n","protected":false},"author":1,"featured_media":623,"comment_status":"closed","ping_status":"closed","sticky":false,"template":"","format":"standard","meta":{"cybocfi_hide_featured_image":"yes","footnotes":""},"categories":[240],"tags":[404,397,378,398,400,403,265,407,357,364,409,399,402,401,406,408],"class_list":["post-622","post","type-post","status-publish","format-standard","has-post-thumbnail","hentry","category-pawlowice","tag-przyjaciel-ludu","tag-397","tag-architektura","tag-brunon-bortel","tag-bukowiec-gorny","tag-ilustrator","tag-kosciol-parafialny","tag-krajobraz","tag-leszno","tag-pawlowice","tag-piorko","tag-ruch-plastyczny","tag-rysownik","tag-sekcja-leszczynskich-plastykow-amatorow","tag-studium-budynku","tag-tusz"],"yoast_head":"<!-- This site is optimized with the Yoast SEO plugin v27.5 - https:\/\/yoast.com\/product\/yoast-seo-wordpress\/ -->\n<title>Paw\u0142owice. Ko\u015bci\u00f3\u0142 parafialny, oko\u0142o 1976 roku, Brunon Bortel\u00a0 - Ludzie i krajobrazy. Powiat Leszczy\u0144ski w ikonografii<\/title>\n<meta name=\"robots\" content=\"index, follow, max-snippet:-1, max-image-preview:large, max-video-preview:-1\" \/>\n<link rel=\"canonical\" href=\"http:\/\/ludzieikrajobrazy.muzeumleszno.pl\/?p=622\" \/>\n<meta property=\"og:locale\" content=\"pl_PL\" \/>\n<meta property=\"og:type\" content=\"article\" \/>\n<meta property=\"og:title\" content=\"Paw\u0142owice. Ko\u015bci\u00f3\u0142 parafialny, oko\u0142o 1976 roku, Brunon Bortel\u00a0 - Ludzie i krajobrazy. Powiat Leszczy\u0144ski w ikonografii\" \/>\n<meta property=\"og:description\" content=\"Zawodowy i amatorski ruch plastyczny odrodzi\u0142 si\u0119 w Lesznie w grudniu 1945 roku. Dzi\u0119ki zaanga\u017cowaniu wielu zwi\u0105zanych z nim tw\u00f3rc\u00f3w powsta\u0142y setki prac, na kt\u00f3rych utrwalono krajobraz powiatu...\" \/>\n<meta property=\"og:url\" content=\"http:\/\/ludzieikrajobrazy.muzeumleszno.pl\/?p=622\" \/>\n<meta property=\"og:site_name\" content=\"Ludzie i krajobrazy. Powiat Leszczy\u0144ski w ikonografii\" \/>\n<meta property=\"article:published_time\" content=\"2024-07-02T09:58:38+00:00\" \/>\n<meta property=\"article:modified_time\" content=\"2024-09-26T10:07:37+00:00\" \/>\n<meta property=\"og:image\" content=\"http:\/\/ludzieikrajobrazy.muzeumleszno.pl\/wp-content\/uploads\/2024\/07\/121_ML-499-scaled.jpg\" \/>\n\t<meta property=\"og:image:width\" content=\"2560\" \/>\n\t<meta property=\"og:image:height\" content=\"1772\" \/>\n\t<meta property=\"og:image:type\" content=\"image\/jpeg\" \/>\n<meta name=\"author\" content=\"Pan_Admin\" \/>\n<meta name=\"twitter:card\" content=\"summary_large_image\" \/>\n<meta name=\"twitter:label1\" content=\"Napisane przez\" \/>\n\t<meta name=\"twitter:data1\" content=\"Pan_Admin\" \/>\n\t<meta name=\"twitter:label2\" content=\"Szacowany czas czytania\" \/>\n\t<meta name=\"twitter:data2\" content=\"2 minuty\" \/>\n<script type=\"application\/ld+json\" class=\"yoast-schema-graph\">{\"@context\":\"https:\\\/\\\/schema.org\",\"@graph\":[{\"@type\":\"Article\",\"@id\":\"http:\\\/\\\/ludzieikrajobrazy.muzeumleszno.pl\\\/?p=622#article\",\"isPartOf\":{\"@id\":\"http:\\\/\\\/ludzieikrajobrazy.muzeumleszno.pl\\\/?p=622\"},\"author\":{\"name\":\"Pan_Admin\",\"@id\":\"https:\\\/\\\/ludzieikrajobrazy.muzeumleszno.pl\\\/#\\\/schema\\\/person\\\/fc2bc20e2b51efc3202ac1f0cdcd06c0\"},\"headline\":\"Paw\u0142owice. Ko\u015bci\u00f3\u0142 parafialny, oko\u0142o 1976 roku, Brunon Bortel\u00a0\",\"datePublished\":\"2024-07-02T09:58:38+00:00\",\"dateModified\":\"2024-09-26T10:07:37+00:00\",\"mainEntityOfPage\":{\"@id\":\"http:\\\/\\\/ludzieikrajobrazy.muzeumleszno.pl\\\/?p=622\"},\"wordCount\":236,\"image\":{\"@id\":\"http:\\\/\\\/ludzieikrajobrazy.muzeumleszno.pl\\\/?p=622#primaryimage\"},\"thumbnailUrl\":\"http:\\\/\\\/ludzieikrajobrazy.muzeumleszno.pl\\\/wp-content\\\/uploads\\\/2024\\\/07\\\/121_ML-499-scaled.jpg\",\"keywords\":[\"\\\"Przyjaciel Ludu\\\"\",\"1976\",\"architektura\",\"Brunon Bortel\",\"Buk\u00f3wiec G\u00f3rny\",\"ilustrator\",\"ko\u015bci\u00f3\u0142 parafialny\",\"krajobraz\",\"Leszno\",\"Paw\u0142owice\",\"pi\u00f3rko\",\"ruch plastyczny\",\"rysownik\",\"Sekcja Leszczy\u0144skich Plastyk\u00f3w Amator\u00f3w\",\"studium budynku\",\"tusz\"],\"articleSection\":[\"Paw\u0142owice\"],\"inLanguage\":\"pl-PL\"},{\"@type\":\"WebPage\",\"@id\":\"http:\\\/\\\/ludzieikrajobrazy.muzeumleszno.pl\\\/?p=622\",\"url\":\"http:\\\/\\\/ludzieikrajobrazy.muzeumleszno.pl\\\/?p=622\",\"name\":\"Paw\u0142owice. Ko\u015bci\u00f3\u0142 parafialny, oko\u0142o 1976 roku, Brunon Bortel\u00a0 - Ludzie i krajobrazy. Powiat Leszczy\u0144ski w ikonografii\",\"isPartOf\":{\"@id\":\"https:\\\/\\\/ludzieikrajobrazy.muzeumleszno.pl\\\/#website\"},\"primaryImageOfPage\":{\"@id\":\"http:\\\/\\\/ludzieikrajobrazy.muzeumleszno.pl\\\/?p=622#primaryimage\"},\"image\":{\"@id\":\"http:\\\/\\\/ludzieikrajobrazy.muzeumleszno.pl\\\/?p=622#primaryimage\"},\"thumbnailUrl\":\"http:\\\/\\\/ludzieikrajobrazy.muzeumleszno.pl\\\/wp-content\\\/uploads\\\/2024\\\/07\\\/121_ML-499-scaled.jpg\",\"datePublished\":\"2024-07-02T09:58:38+00:00\",\"dateModified\":\"2024-09-26T10:07:37+00:00\",\"author\":{\"@id\":\"https:\\\/\\\/ludzieikrajobrazy.muzeumleszno.pl\\\/#\\\/schema\\\/person\\\/fc2bc20e2b51efc3202ac1f0cdcd06c0\"},\"breadcrumb\":{\"@id\":\"http:\\\/\\\/ludzieikrajobrazy.muzeumleszno.pl\\\/?p=622#breadcrumb\"},\"inLanguage\":\"pl-PL\",\"potentialAction\":[{\"@type\":\"ReadAction\",\"target\":[\"http:\\\/\\\/ludzieikrajobrazy.muzeumleszno.pl\\\/?p=622\"]}]},{\"@type\":\"BreadcrumbList\",\"@id\":\"http:\\\/\\\/ludzieikrajobrazy.muzeumleszno.pl\\\/?p=622#breadcrumb\",\"itemListElement\":[{\"@type\":\"ListItem\",\"position\":1,\"name\":\"Home\",\"item\":\"https:\\\/\\\/ludzieikrajobrazy.muzeumleszno.pl\\\/\"},{\"@type\":\"ListItem\",\"position\":2,\"name\":\"Paw\u0142owice. Ko\u015bci\u00f3\u0142 parafialny, oko\u0142o 1976 roku, Brunon Bortel\u00a0\"}]},{\"@type\":\"WebSite\",\"@id\":\"https:\\\/\\\/ludzieikrajobrazy.muzeumleszno.pl\\\/#website\",\"url\":\"https:\\\/\\\/ludzieikrajobrazy.muzeumleszno.pl\\\/\",\"name\":\"Ludzie i krajobrazy. Powiat Leszczy\u0144ski w ikonografii\",\"description\":\"Powiat Leszczy\u0144ski w ikonografii\",\"potentialAction\":[{\"@type\":\"SearchAction\",\"target\":{\"@type\":\"EntryPoint\",\"urlTemplate\":\"https:\\\/\\\/ludzieikrajobrazy.muzeumleszno.pl\\\/?s={search_term_string}\"},\"query-input\":{\"@type\":\"PropertyValueSpecification\",\"valueRequired\":true,\"valueName\":\"search_term_string\"}}],\"inLanguage\":\"pl-PL\"},{\"@type\":\"Person\",\"@id\":\"https:\\\/\\\/ludzieikrajobrazy.muzeumleszno.pl\\\/#\\\/schema\\\/person\\\/fc2bc20e2b51efc3202ac1f0cdcd06c0\",\"name\":\"Pan_Admin\",\"image\":{\"@type\":\"ImageObject\",\"inLanguage\":\"pl-PL\",\"@id\":\"https:\\\/\\\/secure.gravatar.com\\\/avatar\\\/d109d485abe889ecc32dbdb971b715ad9d4596bd0e2353626451db3e04099822?s=96&d=mm&r=g\",\"url\":\"https:\\\/\\\/secure.gravatar.com\\\/avatar\\\/d109d485abe889ecc32dbdb971b715ad9d4596bd0e2353626451db3e04099822?s=96&d=mm&r=g\",\"contentUrl\":\"https:\\\/\\\/secure.gravatar.com\\\/avatar\\\/d109d485abe889ecc32dbdb971b715ad9d4596bd0e2353626451db3e04099822?s=96&d=mm&r=g\",\"caption\":\"Pan_Admin\"},\"sameAs\":[\"http:\\\/\\\/ludzieikrajobrazy.muzeumleszno.pl\"],\"url\":\"http:\\\/\\\/ludzieikrajobrazy.muzeumleszno.pl\\\/?author=1\"}]}<\/script>\n<!-- \/ Yoast SEO plugin. -->","yoast_head_json":{"title":"Paw\u0142owice. Ko\u015bci\u00f3\u0142 parafialny, oko\u0142o 1976 roku, Brunon Bortel\u00a0 - Ludzie i krajobrazy. Powiat Leszczy\u0144ski w ikonografii","robots":{"index":"index","follow":"follow","max-snippet":"max-snippet:-1","max-image-preview":"max-image-preview:large","max-video-preview":"max-video-preview:-1"},"canonical":"http:\/\/ludzieikrajobrazy.muzeumleszno.pl\/?p=622","og_locale":"pl_PL","og_type":"article","og_title":"Paw\u0142owice. Ko\u015bci\u00f3\u0142 parafialny, oko\u0142o 1976 roku, Brunon Bortel\u00a0 - Ludzie i krajobrazy. Powiat Leszczy\u0144ski w ikonografii","og_description":"Zawodowy i amatorski ruch plastyczny odrodzi\u0142 si\u0119 w Lesznie w grudniu 1945 roku. Dzi\u0119ki zaanga\u017cowaniu wielu zwi\u0105zanych z nim tw\u00f3rc\u00f3w powsta\u0142y setki prac, na kt\u00f3rych utrwalono krajobraz powiatu...","og_url":"http:\/\/ludzieikrajobrazy.muzeumleszno.pl\/?p=622","og_site_name":"Ludzie i krajobrazy. Powiat Leszczy\u0144ski w ikonografii","article_published_time":"2024-07-02T09:58:38+00:00","article_modified_time":"2024-09-26T10:07:37+00:00","og_image":[{"width":2560,"height":1772,"url":"http:\/\/ludzieikrajobrazy.muzeumleszno.pl\/wp-content\/uploads\/2024\/07\/121_ML-499-scaled.jpg","type":"image\/jpeg"}],"author":"Pan_Admin","twitter_card":"summary_large_image","twitter_misc":{"Napisane przez":"Pan_Admin","Szacowany czas czytania":"2 minuty"},"schema":{"@context":"https:\/\/schema.org","@graph":[{"@type":"Article","@id":"http:\/\/ludzieikrajobrazy.muzeumleszno.pl\/?p=622#article","isPartOf":{"@id":"http:\/\/ludzieikrajobrazy.muzeumleszno.pl\/?p=622"},"author":{"name":"Pan_Admin","@id":"https:\/\/ludzieikrajobrazy.muzeumleszno.pl\/#\/schema\/person\/fc2bc20e2b51efc3202ac1f0cdcd06c0"},"headline":"Paw\u0142owice. Ko\u015bci\u00f3\u0142 parafialny, oko\u0142o 1976 roku, Brunon Bortel\u00a0","datePublished":"2024-07-02T09:58:38+00:00","dateModified":"2024-09-26T10:07:37+00:00","mainEntityOfPage":{"@id":"http:\/\/ludzieikrajobrazy.muzeumleszno.pl\/?p=622"},"wordCount":236,"image":{"@id":"http:\/\/ludzieikrajobrazy.muzeumleszno.pl\/?p=622#primaryimage"},"thumbnailUrl":"http:\/\/ludzieikrajobrazy.muzeumleszno.pl\/wp-content\/uploads\/2024\/07\/121_ML-499-scaled.jpg","keywords":["\"Przyjaciel Ludu\"","1976","architektura","Brunon Bortel","Buk\u00f3wiec G\u00f3rny","ilustrator","ko\u015bci\u00f3\u0142 parafialny","krajobraz","Leszno","Paw\u0142owice","pi\u00f3rko","ruch plastyczny","rysownik","Sekcja Leszczy\u0144skich Plastyk\u00f3w Amator\u00f3w","studium budynku","tusz"],"articleSection":["Paw\u0142owice"],"inLanguage":"pl-PL"},{"@type":"WebPage","@id":"http:\/\/ludzieikrajobrazy.muzeumleszno.pl\/?p=622","url":"http:\/\/ludzieikrajobrazy.muzeumleszno.pl\/?p=622","name":"Paw\u0142owice. Ko\u015bci\u00f3\u0142 parafialny, oko\u0142o 1976 roku, Brunon Bortel\u00a0 - Ludzie i krajobrazy. Powiat Leszczy\u0144ski w ikonografii","isPartOf":{"@id":"https:\/\/ludzieikrajobrazy.muzeumleszno.pl\/#website"},"primaryImageOfPage":{"@id":"http:\/\/ludzieikrajobrazy.muzeumleszno.pl\/?p=622#primaryimage"},"image":{"@id":"http:\/\/ludzieikrajobrazy.muzeumleszno.pl\/?p=622#primaryimage"},"thumbnailUrl":"http:\/\/ludzieikrajobrazy.muzeumleszno.pl\/wp-content\/uploads\/2024\/07\/121_ML-499-scaled.jpg","datePublished":"2024-07-02T09:58:38+00:00","dateModified":"2024-09-26T10:07:37+00:00","author":{"@id":"https:\/\/ludzieikrajobrazy.muzeumleszno.pl\/#\/schema\/person\/fc2bc20e2b51efc3202ac1f0cdcd06c0"},"breadcrumb":{"@id":"http:\/\/ludzieikrajobrazy.muzeumleszno.pl\/?p=622#breadcrumb"},"inLanguage":"pl-PL","potentialAction":[{"@type":"ReadAction","target":["http:\/\/ludzieikrajobrazy.muzeumleszno.pl\/?p=622"]}]},{"@type":"BreadcrumbList","@id":"http:\/\/ludzieikrajobrazy.muzeumleszno.pl\/?p=622#breadcrumb","itemListElement":[{"@type":"ListItem","position":1,"name":"Home","item":"https:\/\/ludzieikrajobrazy.muzeumleszno.pl\/"},{"@type":"ListItem","position":2,"name":"Paw\u0142owice. Ko\u015bci\u00f3\u0142 parafialny, oko\u0142o 1976 roku, Brunon Bortel\u00a0"}]},{"@type":"WebSite","@id":"https:\/\/ludzieikrajobrazy.muzeumleszno.pl\/#website","url":"https:\/\/ludzieikrajobrazy.muzeumleszno.pl\/","name":"Ludzie i krajobrazy. Powiat Leszczy\u0144ski w ikonografii","description":"Powiat Leszczy\u0144ski w ikonografii","potentialAction":[{"@type":"SearchAction","target":{"@type":"EntryPoint","urlTemplate":"https:\/\/ludzieikrajobrazy.muzeumleszno.pl\/?s={search_term_string}"},"query-input":{"@type":"PropertyValueSpecification","valueRequired":true,"valueName":"search_term_string"}}],"inLanguage":"pl-PL"},{"@type":"Person","@id":"https:\/\/ludzieikrajobrazy.muzeumleszno.pl\/#\/schema\/person\/fc2bc20e2b51efc3202ac1f0cdcd06c0","name":"Pan_Admin","image":{"@type":"ImageObject","inLanguage":"pl-PL","@id":"https:\/\/secure.gravatar.com\/avatar\/d109d485abe889ecc32dbdb971b715ad9d4596bd0e2353626451db3e04099822?s=96&d=mm&r=g","url":"https:\/\/secure.gravatar.com\/avatar\/d109d485abe889ecc32dbdb971b715ad9d4596bd0e2353626451db3e04099822?s=96&d=mm&r=g","contentUrl":"https:\/\/secure.gravatar.com\/avatar\/d109d485abe889ecc32dbdb971b715ad9d4596bd0e2353626451db3e04099822?s=96&d=mm&r=g","caption":"Pan_Admin"},"sameAs":["http:\/\/ludzieikrajobrazy.muzeumleszno.pl"],"url":"http:\/\/ludzieikrajobrazy.muzeumleszno.pl\/?author=1"}]}},"_links":{"self":[{"href":"http:\/\/ludzieikrajobrazy.muzeumleszno.pl\/index.php?rest_route=\/wp\/v2\/posts\/622","targetHints":{"allow":["GET"]}}],"collection":[{"href":"http:\/\/ludzieikrajobrazy.muzeumleszno.pl\/index.php?rest_route=\/wp\/v2\/posts"}],"about":[{"href":"http:\/\/ludzieikrajobrazy.muzeumleszno.pl\/index.php?rest_route=\/wp\/v2\/types\/post"}],"author":[{"embeddable":true,"href":"http:\/\/ludzieikrajobrazy.muzeumleszno.pl\/index.php?rest_route=\/wp\/v2\/users\/1"}],"replies":[{"embeddable":true,"href":"http:\/\/ludzieikrajobrazy.muzeumleszno.pl\/index.php?rest_route=%2Fwp%2Fv2%2Fcomments&post=622"}],"version-history":[{"count":3,"href":"http:\/\/ludzieikrajobrazy.muzeumleszno.pl\/index.php?rest_route=\/wp\/v2\/posts\/622\/revisions"}],"predecessor-version":[{"id":1280,"href":"http:\/\/ludzieikrajobrazy.muzeumleszno.pl\/index.php?rest_route=\/wp\/v2\/posts\/622\/revisions\/1280"}],"wp:featuredmedia":[{"embeddable":true,"href":"http:\/\/ludzieikrajobrazy.muzeumleszno.pl\/index.php?rest_route=\/wp\/v2\/media\/623"}],"wp:attachment":[{"href":"http:\/\/ludzieikrajobrazy.muzeumleszno.pl\/index.php?rest_route=%2Fwp%2Fv2%2Fmedia&parent=622"}],"wp:term":[{"taxonomy":"category","embeddable":true,"href":"http:\/\/ludzieikrajobrazy.muzeumleszno.pl\/index.php?rest_route=%2Fwp%2Fv2%2Fcategories&post=622"},{"taxonomy":"post_tag","embeddable":true,"href":"http:\/\/ludzieikrajobrazy.muzeumleszno.pl\/index.php?rest_route=%2Fwp%2Fv2%2Ftags&post=622"}],"curies":[{"name":"wp","href":"https:\/\/api.w.org\/{rel}","templated":true}]}}